{"id":39020,"date":"2021-10-26T05:39:07","date_gmt":"2021-10-26T09:39:07","guid":{"rendered":"https:\/\/www.eldiario.net\/portal\/?p=39020"},"modified":"2021-10-26T05:39:07","modified_gmt":"2021-10-26T09:39:07","slug":"embarazo-de-nina-de-11-anos-genera-posturas-encontradas-sobre-aborto","status":"publish","type":"post","link":"https:\/\/www.eldiario.net\/portal\/2021\/10\/26\/embarazo-de-nina-de-11-anos-genera-posturas-encontradas-sobre-aborto\/","title":{"rendered":"Embarazo de ni\u00f1a de 11 a\u00f1os genera  posturas encontradas sobre aborto"},"content":{"rendered":"<p>El embarazo de una ni\u00f1a de 11 a\u00f1os en Yapacan\u00ed, Santa Cruz, producto de una violaci\u00f3n, gener\u00f3 posiciones encontradas sobre si debe abortar o no. Entre las posturas opuestas se encuentran las de Iglesia Cat\u00f3lica, que se opone a la interrupci\u00f3n del embarazo, y de la Defensor\u00eda del Pueblo, que est\u00e1 de acuerdo con el aborto en este caso.<\/p>\n<p>El fin de semana se inform\u00f3 del caso de la menor de 11 a\u00f1os que ya llevaba 21 semanas de embarazo y cuyo sospechoso de la violaci\u00f3n era su abuelastro, quien ya fue detenido en el recinto penitenciario de Montero.<\/p>\n<p>La representante de la Defensor\u00eda de la Ni\u00f1ez de Yapacan\u00ed, Silvia Suazo, inform\u00f3 que la menor de edad presenta 21 semanas de gestaci\u00f3n y que est\u00e1 en el margen legal permitido, que establece la interrupci\u00f3n del embarazo hasta la semana 22 en casos de violaci\u00f3n. Indic\u00f3 incluso que la ni\u00f1a erea valorada en el hospital Percy Boland para llevar adelante el embarazo.<\/p>\n<p>Sin embargo, ayer se inform\u00f3 que la familia de la ni\u00f1a decidi\u00f3 que contin\u00fae el embarazo. La abogada Giovanni Cabello, dijo que ya se hab\u00eda firmado un documento. \u201cEsta fue una decisi\u00f3n expresada en la ma\u00f1ana y se encuentra inserta en la historia cl\u00ednica, de manera que la maternidad y todo su equipo est\u00e1n procediendo conforme a la voluntad expresada por la familia\u00bb, declar\u00f3 a Unitel.<\/p>\n<p>Al referirse a este caso, el vocero de la Iglesia Cat\u00f3lica, V\u00edctor Hugo Valda, sostuvo que se comprometen a brindar apoyo a la menor y a su beb\u00e9. Indic\u00f3 que rechazan el aborto debido a que un crimen no se puede tapar con otro crimen.<\/p>\n<p>Por su lado, la defensora del Pueblo interina, Nadia Cruz, se\u00f1al\u00f3 que la ni\u00f1a ya hab\u00eda tomado la decisi\u00f3n de interrumpir su embarazo, pero que grupos de iglesias ingresaron al centro de salud para \u201cconversar y poder generar una suerte de presi\u00f3n en contra de ella y generar una suerte de condicionamiento en relaci\u00f3n a la familia\u201d.<\/p>\n<p>\u201cLa Iglesia no puede mostrar un romanticismo en un caso de violencia sexual contra una ni\u00f1a de 11 a\u00f1os. No se puede hablar de amor cuando a esta ni\u00f1a la han vejado sexualmente por un familiar cercano y ahora quieren darle una connotaci\u00f3n de amor y protecci\u00f3n, no corresponde. Estos casos a nivel mundial son conocidos como casos de tortura, las ni\u00f1as no pueden ser madres\u201d, advirti\u00f3 Cruz.<\/p>\n<p>En materia legal, el exfiscal Joadel Bravo explic\u00f3 que la Sentencia Constitucional 206\/2014 no ordena, sino faculta a la v\u00edctima de una violaci\u00f3n a ejercer el derecho al aborto. Para aplicar ese fallo en el caso de la ni\u00f1a, indic\u00f3 que los padres o tutores de la menor deben decidir si se interrumpe o no el embarazo.<\/p>\n<p>\u201cEn este caso, por tratarse de una menor de edad, debe ser el tutor o el responsable de la menor quien tome la decisi\u00f3n si la quiere llevar a un centro cl\u00ednico\u201d, declar\u00f3. (Br\u00fajula Digital)<\/p>\n","protected":false},"excerpt":{"rendered":"<p>El embarazo de una ni\u00f1a de 11 a\u00f1os en Yapacan\u00ed, Santa Cruz, producto de una violaci\u00f3n, gener\u00f3 posiciones encontradas sobre si debe abortar o no. Entre las posturas opuestas se encuentran las de Iglesia Cat\u00f3lica, que se opone a la interrupci\u00f3n del embarazo, y de la Defensor\u00eda del Pueblo, que est\u00e1 de acuerdo con el [&hellip;]<\/p>\n","protected":false},"author":1,"featured_media":39021,"comment_status":"closed","ping_status":"closed","sticky":false,"template":"","format":"standard","meta":{"_acf_changed":false,"footnotes":""},"categories":[15],"tags":[],"class_list":["post-39020","post","type-post","status-publish","format-standard","has-post-thumbnail","category-portada"],"acf":{"antetitulo":""},"yoast_head":"<!-- This site is optimized with the Yoast SEO plugin v28.4 - https:\/\/yoast.com\/product\/yoast-seo-wordpress\/ -->\n<title>Embarazo de ni\u00f1a de 11 a\u00f1os genera posturas encontradas sobre aborto - El Diario - Bolivia<\/title>\n<meta name=\"robots\" content=\"index, follow, max-snippet:-1, max-image-preview:large, max-video-preview:-1\" \/>\n<link rel=\"canonical\" href=\"https:\/\/www.eldiario.net\/portal\/2021\/10\/26\/embarazo-de-nina-de-11-anos-genera-posturas-encontradas-sobre-aborto\/\" \/>\n<meta property=\"og:locale\" content=\"es_ES\" \/>\n<meta property=\"og:type\" content=\"article\" \/>\n<meta property=\"og:title\" content=\"Embarazo de ni\u00f1a de 11 a\u00f1os genera posturas encontradas sobre aborto - El Diario - Bolivia\" \/>\n<meta property=\"og:description\" content=\"El embarazo de una ni\u00f1a de 11 a\u00f1os en Yapacan\u00ed, Santa Cruz, producto de una violaci\u00f3n, gener\u00f3 posiciones encontradas sobre si debe abortar o no. Entre las posturas opuestas se encuentran las de Iglesia Cat\u00f3lica, que se opone a la interrupci\u00f3n del embarazo, y de la Defensor\u00eda del Pueblo, que est\u00e1 de acuerdo con el [&hellip;]\" \/>\n<meta property=\"og:url\" content=\"https:\/\/www.eldiario.net\/portal\/2021\/10\/26\/embarazo-de-nina-de-11-anos-genera-posturas-encontradas-sobre-aborto\/\" \/>\n<meta property=\"og:site_name\" content=\"El Diario - Bolivia\" \/>\n<meta property=\"article:publisher\" content=\"https:\/\/www.facebook.com\/eldiario.bolivia\/\" \/>\n<meta property=\"article:published_time\" content=\"2021-10-26T09:39:07+00:00\" \/>\n<meta name=\"author\" content=\"Jeanette\" \/>\n<meta name=\"twitter:card\" content=\"summary_large_image\" \/>\n<meta name=\"twitter:creator\" content=\"@eldiario_net\" \/>\n<meta name=\"twitter:site\" content=\"@eldiario_net\" \/>\n<meta name=\"twitter:label1\" content=\"Escrito por\" \/>\n\t<meta name=\"twitter:data1\" content=\"Jeanette\" \/>\n\t<meta name=\"twitter:label2\" content=\"Tiempo de lectura\" \/>\n\t<meta name=\"twitter:data2\" content=\"3 minutos\" \/>\n<script type=\"application\/ld+json\" class=\"yoast-schema-graph\">{\"@context\":\"https:\\\/\\\/schema.org\",\"@graph\":[{\"@type\":\"Article\",\"@id\":\"https:\\\/\\\/www.eldiario.net\\\/portal\\\/2021\\\/10\\\/26\\\/embarazo-de-nina-de-11-anos-genera-posturas-encontradas-sobre-aborto\\\/#article\",\"isPartOf\":{\"@id\":\"https:\\\/\\\/www.eldiario.net\\\/portal\\\/2021\\\/10\\\/26\\\/embarazo-de-nina-de-11-anos-genera-posturas-encontradas-sobre-aborto\\\/\"},\"author\":{\"name\":\"Jeanette\",\"@id\":\"https:\\\/\\\/www.eldiario.net\\\/portal\\\/#\\\/schema\\\/person\\\/2c57cf2b7a7ae032e449e4c9b1019eac\"},\"headline\":\"Embarazo de ni\u00f1a de 11 a\u00f1os genera posturas encontradas sobre aborto\",\"datePublished\":\"2021-10-26T09:39:07+00:00\",\"mainEntityOfPage\":{\"@id\":\"https:\\\/\\\/www.eldiario.net\\\/portal\\\/2021\\\/10\\\/26\\\/embarazo-de-nina-de-11-anos-genera-posturas-encontradas-sobre-aborto\\\/\"},\"wordCount\":535,\"publisher\":{\"@id\":\"https:\\\/\\\/www.eldiario.net\\\/portal\\\/#organization\"},\"image\":{\"@id\":\"https:\\\/\\\/www.eldiario.net\\\/portal\\\/2021\\\/10\\\/26\\\/embarazo-de-nina-de-11-anos-genera-posturas-encontradas-sobre-aborto\\\/#primaryimage\"},\"thumbnailUrl\":\"\",\"articleSection\":[\"Portada\"],\"inLanguage\":\"es\"},{\"@type\":\"WebPage\",\"@id\":\"https:\\\/\\\/www.eldiario.net\\\/portal\\\/2021\\\/10\\\/26\\\/embarazo-de-nina-de-11-anos-genera-posturas-encontradas-sobre-aborto\\\/\",\"url\":\"https:\\\/\\\/www.eldiario.net\\\/portal\\\/2021\\\/10\\\/26\\\/embarazo-de-nina-de-11-anos-genera-posturas-encontradas-sobre-aborto\\\/\",\"name\":\"Embarazo de ni\u00f1a de 11 a\u00f1os genera posturas encontradas sobre aborto - El Diario - Bolivia\",\"isPartOf\":{\"@id\":\"https:\\\/\\\/www.eldiario.net\\\/portal\\\/#website\"},\"primaryImageOfPage\":{\"@id\":\"https:\\\/\\\/www.eldiario.net\\\/portal\\\/2021\\\/10\\\/26\\\/embarazo-de-nina-de-11-anos-genera-posturas-encontradas-sobre-aborto\\\/#primaryimage\"},\"image\":{\"@id\":\"https:\\\/\\\/www.eldiario.net\\\/portal\\\/2021\\\/10\\\/26\\\/embarazo-de-nina-de-11-anos-genera-posturas-encontradas-sobre-aborto\\\/#primaryimage\"},\"thumbnailUrl\":\"\",\"datePublished\":\"2021-10-26T09:39:07+00:00\",\"breadcrumb\":{\"@id\":\"https:\\\/\\\/www.eldiario.net\\\/portal\\\/2021\\\/10\\\/26\\\/embarazo-de-nina-de-11-anos-genera-posturas-encontradas-sobre-aborto\\\/#breadcrumb\"},\"inLanguage\":\"es\",\"potentialAction\":[{\"@type\":\"ReadAction\",\"target\":[\"https:\\\/\\\/www.eldiario.net\\\/portal\\\/2021\\\/10\\\/26\\\/embarazo-de-nina-de-11-anos-genera-posturas-encontradas-sobre-aborto\\\/\"]}]},{\"@type\":\"ImageObject\",\"inLanguage\":\"es\",\"@id\":\"https:\\\/\\\/www.eldiario.net\\\/portal\\\/2021\\\/10\\\/26\\\/embarazo-de-nina-de-11-anos-genera-posturas-encontradas-sobre-aborto\\\/#primaryimage\",\"url\":\"\",\"contentUrl\":\"\"},{\"@type\":\"BreadcrumbList\",\"@id\":\"https:\\\/\\\/www.eldiario.net\\\/portal\\\/2021\\\/10\\\/26\\\/embarazo-de-nina-de-11-anos-genera-posturas-encontradas-sobre-aborto\\\/#breadcrumb\",\"itemListElement\":[{\"@type\":\"ListItem\",\"position\":1,\"name\":\"Portada\",\"item\":\"https:\\\/\\\/www.eldiario.net\\\/portal\\\/\"},{\"@type\":\"ListItem\",\"position\":2,\"name\":\"Embarazo de ni\u00f1a de 11 a\u00f1os genera posturas encontradas sobre aborto\"}]},{\"@type\":\"WebSite\",\"@id\":\"https:\\\/\\\/www.eldiario.net\\\/portal\\\/#website\",\"url\":\"https:\\\/\\\/www.eldiario.net\\\/portal\\\/\",\"name\":\"El Diario - Decano de la prensa nacional\",\"description\":\"El Diario - Decano de la prensa nacional\",\"publisher\":{\"@id\":\"https:\\\/\\\/www.eldiario.net\\\/portal\\\/#organization\"},\"potentialAction\":[{\"@type\":\"SearchAction\",\"target\":{\"@type\":\"EntryPoint\",\"urlTemplate\":\"https:\\\/\\\/www.eldiario.net\\\/portal\\\/?s={search_term_string}\"},\"query-input\":{\"@type\":\"PropertyValueSpecification\",\"valueRequired\":true,\"valueName\":\"search_term_string\"}}],\"inLanguage\":\"es\"},{\"@type\":\"Organization\",\"@id\":\"https:\\\/\\\/www.eldiario.net\\\/portal\\\/#organization\",\"name\":\"El Diario - Decano de la prensa nacional\",\"url\":\"https:\\\/\\\/www.eldiario.net\\\/portal\\\/\",\"logo\":{\"@type\":\"ImageObject\",\"inLanguage\":\"es\",\"@id\":\"https:\\\/\\\/www.eldiario.net\\\/portal\\\/#\\\/schema\\\/logo\\\/image\\\/\",\"url\":\"https:\\\/\\\/www.eldiario.net\\\/portal\\\/wp-content\\\/uploads\\\/2023\\\/07\\\/logo_ED.jpg\",\"contentUrl\":\"https:\\\/\\\/www.eldiario.net\\\/portal\\\/wp-content\\\/uploads\\\/2023\\\/07\\\/logo_ED.jpg\",\"width\":272,\"height\":52,\"caption\":\"El Diario - Decano de la prensa nacional\"},\"image\":{\"@id\":\"https:\\\/\\\/www.eldiario.net\\\/portal\\\/#\\\/schema\\\/logo\\\/image\\\/\"},\"sameAs\":[\"https:\\\/\\\/www.facebook.com\\\/eldiario.bolivia\\\/\",\"https:\\\/\\\/x.com\\\/eldiario_net\"]},{\"@type\":\"Person\",\"@id\":\"https:\\\/\\\/www.eldiario.net\\\/portal\\\/#\\\/schema\\\/person\\\/2c57cf2b7a7ae032e449e4c9b1019eac\",\"name\":\"Jeanette\",\"image\":{\"@type\":\"ImageObject\",\"inLanguage\":\"es\",\"@id\":\"https:\\\/\\\/secure.gravatar.com\\\/avatar\\\/3ea2118a5f7dad2b7138b1187a6b7ee55f160b9968b66013c3a3ef39dd7e5798?s=96&d=mm&r=g\",\"url\":\"https:\\\/\\\/secure.gravatar.com\\\/avatar\\\/3ea2118a5f7dad2b7138b1187a6b7ee55f160b9968b66013c3a3ef39dd7e5798?s=96&d=mm&r=g\",\"contentUrl\":\"https:\\\/\\\/secure.gravatar.com\\\/avatar\\\/3ea2118a5f7dad2b7138b1187a6b7ee55f160b9968b66013c3a3ef39dd7e5798?s=96&d=mm&r=g\",\"caption\":\"Jeanette\"},\"sameAs\":[\"https:\\\/\\\/www.eldiario.net\\\/portal\"],\"url\":\"https:\\\/\\\/www.eldiario.net\\\/portal\\\/author\\\/jeanette\\\/\"}]}<\/script>\n<!-- \/ Yoast SEO plugin. -->","yoast_head_json":{"title":"Embarazo de ni\u00f1a de 11 a\u00f1os genera posturas encontradas sobre aborto - El Diario - Bolivia","robots":{"index":"index","follow":"follow","max-snippet":"max-snippet:-1","max-image-preview":"max-image-preview:large","max-video-preview":"max-video-preview:-1"},"canonical":"https:\/\/www.eldiario.net\/portal\/2021\/10\/26\/embarazo-de-nina-de-11-anos-genera-posturas-encontradas-sobre-aborto\/","og_locale":"es_ES","og_type":"article","og_title":"Embarazo de ni\u00f1a de 11 a\u00f1os genera posturas encontradas sobre aborto - El Diario - Bolivia","og_description":"El embarazo de una ni\u00f1a de 11 a\u00f1os en Yapacan\u00ed, Santa Cruz, producto de una violaci\u00f3n, gener\u00f3 posiciones encontradas sobre si debe abortar o no. Entre las posturas opuestas se encuentran las de Iglesia Cat\u00f3lica, que se opone a la interrupci\u00f3n del embarazo, y de la Defensor\u00eda del Pueblo, que est\u00e1 de acuerdo con el [&hellip;]","og_url":"https:\/\/www.eldiario.net\/portal\/2021\/10\/26\/embarazo-de-nina-de-11-anos-genera-posturas-encontradas-sobre-aborto\/","og_site_name":"El Diario - Bolivia","article_publisher":"https:\/\/www.facebook.com\/eldiario.bolivia\/","article_published_time":"2021-10-26T09:39:07+00:00","author":"Jeanette","twitter_card":"summary_large_image","twitter_creator":"@eldiario_net","twitter_site":"@eldiario_net","twitter_misc":{"Escrito por":"Jeanette","Tiempo de lectura":"3 minutos"},"schema":{"@context":"https:\/\/schema.org","@graph":[{"@type":"Article","@id":"https:\/\/www.eldiario.net\/portal\/2021\/10\/26\/embarazo-de-nina-de-11-anos-genera-posturas-encontradas-sobre-aborto\/#article","isPartOf":{"@id":"https:\/\/www.eldiario.net\/portal\/2021\/10\/26\/embarazo-de-nina-de-11-anos-genera-posturas-encontradas-sobre-aborto\/"},"author":{"name":"Jeanette","@id":"https:\/\/www.eldiario.net\/portal\/#\/schema\/person\/2c57cf2b7a7ae032e449e4c9b1019eac"},"headline":"Embarazo de ni\u00f1a de 11 a\u00f1os genera posturas encontradas sobre aborto","datePublished":"2021-10-26T09:39:07+00:00","mainEntityOfPage":{"@id":"https:\/\/www.eldiario.net\/portal\/2021\/10\/26\/embarazo-de-nina-de-11-anos-genera-posturas-encontradas-sobre-aborto\/"},"wordCount":535,"publisher":{"@id":"https:\/\/www.eldiario.net\/portal\/#organization"},"image":{"@id":"https:\/\/www.eldiario.net\/portal\/2021\/10\/26\/embarazo-de-nina-de-11-anos-genera-posturas-encontradas-sobre-aborto\/#primaryimage"},"thumbnailUrl":"","articleSection":["Portada"],"inLanguage":"es"},{"@type":"WebPage","@id":"https:\/\/www.eldiario.net\/portal\/2021\/10\/26\/embarazo-de-nina-de-11-anos-genera-posturas-encontradas-sobre-aborto\/","url":"https:\/\/www.eldiario.net\/portal\/2021\/10\/26\/embarazo-de-nina-de-11-anos-genera-posturas-encontradas-sobre-aborto\/","name":"Embarazo de ni\u00f1a de 11 a\u00f1os genera posturas encontradas sobre aborto - El Diario - Bolivia","isPartOf":{"@id":"https:\/\/www.eldiario.net\/portal\/#website"},"primaryImageOfPage":{"@id":"https:\/\/www.eldiario.net\/portal\/2021\/10\/26\/embarazo-de-nina-de-11-anos-genera-posturas-encontradas-sobre-aborto\/#primaryimage"},"image":{"@id":"https:\/\/www.eldiario.net\/portal\/2021\/10\/26\/embarazo-de-nina-de-11-anos-genera-posturas-encontradas-sobre-aborto\/#primaryimage"},"thumbnailUrl":"","datePublished":"2021-10-26T09:39:07+00:00","breadcrumb":{"@id":"https:\/\/www.eldiario.net\/portal\/2021\/10\/26\/embarazo-de-nina-de-11-anos-genera-posturas-encontradas-sobre-aborto\/#breadcrumb"},"inLanguage":"es","potentialAction":[{"@type":"ReadAction","target":["https:\/\/www.eldiario.net\/portal\/2021\/10\/26\/embarazo-de-nina-de-11-anos-genera-posturas-encontradas-sobre-aborto\/"]}]},{"@type":"ImageObject","inLanguage":"es","@id":"https:\/\/www.eldiario.net\/portal\/2021\/10\/26\/embarazo-de-nina-de-11-anos-genera-posturas-encontradas-sobre-aborto\/#primaryimage","url":"","contentUrl":""},{"@type":"BreadcrumbList","@id":"https:\/\/www.eldiario.net\/portal\/2021\/10\/26\/embarazo-de-nina-de-11-anos-genera-posturas-encontradas-sobre-aborto\/#breadcrumb","itemListElement":[{"@type":"ListItem","position":1,"name":"Portada","item":"https:\/\/www.eldiario.net\/portal\/"},{"@type":"ListItem","position":2,"name":"Embarazo de ni\u00f1a de 11 a\u00f1os genera posturas encontradas sobre aborto"}]},{"@type":"WebSite","@id":"https:\/\/www.eldiario.net\/portal\/#website","url":"https:\/\/www.eldiario.net\/portal\/","name":"El Diario - Decano de la prensa nacional","description":"El Diario - Decano de la prensa nacional","publisher":{"@id":"https:\/\/www.eldiario.net\/portal\/#organization"},"potentialAction":[{"@type":"SearchAction","target":{"@type":"EntryPoint","urlTemplate":"https:\/\/www.eldiario.net\/portal\/?s={search_term_string}"},"query-input":{"@type":"PropertyValueSpecification","valueRequired":true,"valueName":"search_term_string"}}],"inLanguage":"es"},{"@type":"Organization","@id":"https:\/\/www.eldiario.net\/portal\/#organization","name":"El Diario - Decano de la prensa nacional","url":"https:\/\/www.eldiario.net\/portal\/","logo":{"@type":"ImageObject","inLanguage":"es","@id":"https:\/\/www.eldiario.net\/portal\/#\/schema\/logo\/image\/","url":"https:\/\/www.eldiario.net\/portal\/wp-content\/uploads\/2023\/07\/logo_ED.jpg","contentUrl":"https:\/\/www.eldiario.net\/portal\/wp-content\/uploads\/2023\/07\/logo_ED.jpg","width":272,"height":52,"caption":"El Diario - Decano de la prensa nacional"},"image":{"@id":"https:\/\/www.eldiario.net\/portal\/#\/schema\/logo\/image\/"},"sameAs":["https:\/\/www.facebook.com\/eldiario.bolivia\/","https:\/\/x.com\/eldiario_net"]},{"@type":"Person","@id":"https:\/\/www.eldiario.net\/portal\/#\/schema\/person\/2c57cf2b7a7ae032e449e4c9b1019eac","name":"Jeanette","image":{"@type":"ImageObject","inLanguage":"es","@id":"https:\/\/secure.gravatar.com\/avatar\/3ea2118a5f7dad2b7138b1187a6b7ee55f160b9968b66013c3a3ef39dd7e5798?s=96&d=mm&r=g","url":"https:\/\/secure.gravatar.com\/avatar\/3ea2118a5f7dad2b7138b1187a6b7ee55f160b9968b66013c3a3ef39dd7e5798?s=96&d=mm&r=g","contentUrl":"https:\/\/secure.gravatar.com\/avatar\/3ea2118a5f7dad2b7138b1187a6b7ee55f160b9968b66013c3a3ef39dd7e5798?s=96&d=mm&r=g","caption":"Jeanette"},"sameAs":["https:\/\/www.eldiario.net\/portal"],"url":"https:\/\/www.eldiario.net\/portal\/author\/jeanette\/"}]}},"_links":{"self":[{"href":"https:\/\/www.eldiario.net\/portal\/wp-json\/wp\/v2\/posts\/39020","targetHints":{"allow":["GET"]}}],"collection":[{"href":"https:\/\/www.eldiario.net\/portal\/wp-json\/wp\/v2\/posts"}],"about":[{"href":"https:\/\/www.eldiario.net\/portal\/wp-json\/wp\/v2\/types\/post"}],"author":[{"embeddable":true,"href":"https:\/\/www.eldiario.net\/portal\/wp-json\/wp\/v2\/users\/1"}],"replies":[{"embeddable":true,"href":"https:\/\/www.eldiario.net\/portal\/wp-json\/wp\/v2\/comments?post=39020"}],"version-history":[{"count":0,"href":"https:\/\/www.eldiario.net\/portal\/wp-json\/wp\/v2\/posts\/39020\/revisions"}],"wp:attachment":[{"href":"https:\/\/www.eldiario.net\/portal\/wp-json\/wp\/v2\/media?parent=39020"}],"wp:term":[{"taxonomy":"category","embeddable":true,"href":"https:\/\/www.eldiario.net\/portal\/wp-json\/wp\/v2\/categories?post=39020"},{"taxonomy":"post_tag","embeddable":true,"href":"https:\/\/www.eldiario.net\/portal\/wp-json\/wp\/v2\/tags?post=39020"}],"curies":[{"name":"wp","href":"https:\/\/api.w.org\/{rel}","templated":true}]}}