{"id":390197,"date":"2026-05-01T08:31:49","date_gmt":"2026-05-01T12:31:49","guid":{"rendered":"https:\/\/www.eldiario.net\/portal\/?p=390197"},"modified":"2026-05-01T08:31:49","modified_gmt":"2026-05-01T12:31:49","slug":"el-circuito-pucarani-se-enciende-con-60-binomios-en-la-prueba-nacional","status":"publish","type":"post","link":"https:\/\/www.eldiario.net\/portal\/2026\/05\/01\/el-circuito-pucarani-se-enciende-con-60-binomios-en-la-prueba-nacional\/","title":{"rendered":"El Circuito Pucarani se enciende con 60 binomios en la prueba nacional"},"content":{"rendered":"<p>El Diario<br \/>\nCon la presencia de al menos 60 pilotos nacionales, varios con recorrido internacional, se llevar\u00e1 adelante este fin de semana la segunda fecha nacional de automovilismo en el circuito de Pucarani, prueba organizada por la Febad y asociaci\u00f3n departamental de automovilismo, en coordinaci\u00f3n con su similar de Caranavi, autoridades del municipio de Pucarani y la empresa AGB, especializada en inflables publicitarios de alta calidad.<br \/>\nChristian Pe\u00f1aloza, presidente de la Febad, agradeci\u00f3 a la Comisi\u00f3n Deportiva de la asociaci\u00f3n departamental por la organizaci\u00f3n de la segunda fecha nacional y departamental, tras dar la bienvenida correspondiente en la presentaci\u00f3n de la prueba.<br \/>\nIsaac Calcina, director de la prueba, se\u00f1al\u00f3 -por su parte- que en base a mucho esfuerzo se logr\u00f3 sacar adelante esta competencia con la presencia de 60 competidores.<br \/>\nLa Febad convoc\u00f3 a la fecha nacional en el circuito Pucarani, a llevarse adelante el 1, 2 y 3 de mayo de acuerdo al reglamento de competencias 2026 y las clases convocadas son RC2, RC3, Proto Nacional, RC2 N, R2B, R1B, RC4 y RC5.<br \/>\nEl desarrollo de prueba en el municipio de Pucarani tendr\u00e1 un per\u00edmetro de 8,64 kil\u00f3metros en sentido horario con tres giros al circuito, y, una clasificaci\u00f3n de 5,25 kil\u00f3metros, cuya plataforma de prueba ser\u00e1 de tierra, gravilla y asfalto.<br \/>\nEl d\u00eda de hoy proceder\u00e1 a la verificaci\u00f3n t\u00e9cnica en talleres de El Alto; el s\u00e1bado ser\u00e1 el ingreso a parque cerrado en el circuito Pucarani, habr\u00e1 -adem\u00e1s- una reuni\u00f3n informativa, y desde las 09:00 se proceder\u00e1 a las pruebas de clasificaci\u00f3n. El domingo se ingresar\u00e1 a parque cerrado hasta las 08:30, para el inicio de la competencia desde las 09:00, con tres vueltas al circuito.<br \/>\n\u201cDeseamos que sea una fiesta deportiva, una fiesta del automovilismo pace\u00f1o\u201d, afirm\u00f3 en medio de los aplausos Calcina.<\/p>\n<p>6 comisarios de seguridad estar\u00e1n a cargo del cronometraje y se cerrar\u00e1 el circuito con cintas amarillo y rojo.<\/p>\n","protected":false},"excerpt":{"rendered":"<p>El Diario Con la presencia de al menos 60 pilotos nacionales, varios con recorrido internacional, se llevar\u00e1 adelante este fin de semana la segunda fecha nacional de automovilismo en el circuito de Pucarani, prueba organizada por la Febad y asociaci\u00f3n departamental de automovilismo, en coordinaci\u00f3n con su similar de Caranavi, autoridades del municipio de Pucarani [&hellip;]<\/p>\n","protected":false},"author":1,"featured_media":390198,"comment_status":"closed","ping_status":"open","sticky":false,"template":"","format":"standard","meta":{"_acf_changed":false,"footnotes":""},"categories":[6],"tags":[],"class_list":["post-390197","post","type-post","status-publish","format-standard","has-post-thumbnail","category-deportes"],"acf":{"antetitulo":""},"yoast_head":"<!-- This site is optimized with the Yoast SEO plugin v28.4 - https:\/\/yoast.com\/product\/yoast-seo-wordpress\/ -->\n<title>El Circuito Pucarani se enciende con 60 binomios en la prueba nacional - El Diario - Bolivia<\/title>\n<meta name=\"robots\" content=\"index, follow, max-snippet:-1, max-image-preview:large, max-video-preview:-1\" \/>\n<link rel=\"canonical\" href=\"https:\/\/www.eldiario.net\/portal\/2026\/05\/01\/el-circuito-pucarani-se-enciende-con-60-binomios-en-la-prueba-nacional\/\" \/>\n<meta property=\"og:locale\" content=\"es_ES\" \/>\n<meta property=\"og:type\" content=\"article\" \/>\n<meta property=\"og:title\" content=\"El Circuito Pucarani se enciende con 60 binomios en la prueba nacional - El Diario - Bolivia\" \/>\n<meta property=\"og:description\" content=\"El Diario Con la presencia de al menos 60 pilotos nacionales, varios con recorrido internacional, se llevar\u00e1 adelante este fin de semana la segunda fecha nacional de automovilismo en el circuito de Pucarani, prueba organizada por la Febad y asociaci\u00f3n departamental de automovilismo, en coordinaci\u00f3n con su similar de Caranavi, autoridades del municipio de Pucarani [&hellip;]\" \/>\n<meta property=\"og:url\" content=\"https:\/\/www.eldiario.net\/portal\/2026\/05\/01\/el-circuito-pucarani-se-enciende-con-60-binomios-en-la-prueba-nacional\/\" \/>\n<meta property=\"og:site_name\" content=\"El Diario - Bolivia\" \/>\n<meta property=\"article:publisher\" content=\"https:\/\/www.facebook.com\/eldiario.bolivia\/\" \/>\n<meta property=\"article:published_time\" content=\"2026-05-01T12:31:49+00:00\" \/>\n<meta property=\"og:image\" content=\"https:\/\/www.eldiario.net\/portal\/wp-content\/uploads\/2026\/05\/AUTOS-01.webp\" \/>\n\t<meta property=\"og:image:width\" content=\"899\" \/>\n\t<meta property=\"og:image:height\" content=\"600\" \/>\n\t<meta property=\"og:image:type\" content=\"image\/webp\" \/>\n<meta name=\"author\" content=\"Jeanette\" \/>\n<meta name=\"twitter:card\" content=\"summary_large_image\" \/>\n<meta name=\"twitter:creator\" content=\"@eldiario_net\" \/>\n<meta name=\"twitter:site\" content=\"@eldiario_net\" \/>\n<meta name=\"twitter:label1\" content=\"Escrito por\" \/>\n\t<meta name=\"twitter:data1\" content=\"Jeanette\" \/>\n\t<meta name=\"twitter:label2\" content=\"Tiempo de lectura\" \/>\n\t<meta name=\"twitter:data2\" content=\"2 minutos\" \/>\n<script type=\"application\/ld+json\" class=\"yoast-schema-graph\">{\"@context\":\"https:\\\/\\\/schema.org\",\"@graph\":[{\"@type\":\"Article\",\"@id\":\"https:\\\/\\\/www.eldiario.net\\\/portal\\\/2026\\\/05\\\/01\\\/el-circuito-pucarani-se-enciende-con-60-binomios-en-la-prueba-nacional\\\/#article\",\"isPartOf\":{\"@id\":\"https:\\\/\\\/www.eldiario.net\\\/portal\\\/2026\\\/05\\\/01\\\/el-circuito-pucarani-se-enciende-con-60-binomios-en-la-prueba-nacional\\\/\"},\"author\":{\"name\":\"Jeanette\",\"@id\":\"https:\\\/\\\/www.eldiario.net\\\/portal\\\/#\\\/schema\\\/person\\\/2c57cf2b7a7ae032e449e4c9b1019eac\"},\"headline\":\"El Circuito Pucarani se enciende con 60 binomios en la prueba nacional\",\"datePublished\":\"2026-05-01T12:31:49+00:00\",\"mainEntityOfPage\":{\"@id\":\"https:\\\/\\\/www.eldiario.net\\\/portal\\\/2026\\\/05\\\/01\\\/el-circuito-pucarani-se-enciende-con-60-binomios-en-la-prueba-nacional\\\/\"},\"wordCount\":338,\"publisher\":{\"@id\":\"https:\\\/\\\/www.eldiario.net\\\/portal\\\/#organization\"},\"image\":{\"@id\":\"https:\\\/\\\/www.eldiario.net\\\/portal\\\/2026\\\/05\\\/01\\\/el-circuito-pucarani-se-enciende-con-60-binomios-en-la-prueba-nacional\\\/#primaryimage\"},\"thumbnailUrl\":\"https:\\\/\\\/www.eldiario.net\\\/portal\\\/wp-content\\\/uploads\\\/2026\\\/05\\\/AUTOS-01.webp\",\"articleSection\":[\"Deportes\"],\"inLanguage\":\"es\"},{\"@type\":\"WebPage\",\"@id\":\"https:\\\/\\\/www.eldiario.net\\\/portal\\\/2026\\\/05\\\/01\\\/el-circuito-pucarani-se-enciende-con-60-binomios-en-la-prueba-nacional\\\/\",\"url\":\"https:\\\/\\\/www.eldiario.net\\\/portal\\\/2026\\\/05\\\/01\\\/el-circuito-pucarani-se-enciende-con-60-binomios-en-la-prueba-nacional\\\/\",\"name\":\"El Circuito Pucarani se enciende con 60 binomios en la prueba nacional - El Diario - Bolivia\",\"isPartOf\":{\"@id\":\"https:\\\/\\\/www.eldiario.net\\\/portal\\\/#website\"},\"primaryImageOfPage\":{\"@id\":\"https:\\\/\\\/www.eldiario.net\\\/portal\\\/2026\\\/05\\\/01\\\/el-circuito-pucarani-se-enciende-con-60-binomios-en-la-prueba-nacional\\\/#primaryimage\"},\"image\":{\"@id\":\"https:\\\/\\\/www.eldiario.net\\\/portal\\\/2026\\\/05\\\/01\\\/el-circuito-pucarani-se-enciende-con-60-binomios-en-la-prueba-nacional\\\/#primaryimage\"},\"thumbnailUrl\":\"https:\\\/\\\/www.eldiario.net\\\/portal\\\/wp-content\\\/uploads\\\/2026\\\/05\\\/AUTOS-01.webp\",\"datePublished\":\"2026-05-01T12:31:49+00:00\",\"breadcrumb\":{\"@id\":\"https:\\\/\\\/www.eldiario.net\\\/portal\\\/2026\\\/05\\\/01\\\/el-circuito-pucarani-se-enciende-con-60-binomios-en-la-prueba-nacional\\\/#breadcrumb\"},\"inLanguage\":\"es\",\"potentialAction\":[{\"@type\":\"ReadAction\",\"target\":[\"https:\\\/\\\/www.eldiario.net\\\/portal\\\/2026\\\/05\\\/01\\\/el-circuito-pucarani-se-enciende-con-60-binomios-en-la-prueba-nacional\\\/\"]}]},{\"@type\":\"ImageObject\",\"inLanguage\":\"es\",\"@id\":\"https:\\\/\\\/www.eldiario.net\\\/portal\\\/2026\\\/05\\\/01\\\/el-circuito-pucarani-se-enciende-con-60-binomios-en-la-prueba-nacional\\\/#primaryimage\",\"url\":\"https:\\\/\\\/www.eldiario.net\\\/portal\\\/wp-content\\\/uploads\\\/2026\\\/05\\\/AUTOS-01.webp\",\"contentUrl\":\"https:\\\/\\\/www.eldiario.net\\\/portal\\\/wp-content\\\/uploads\\\/2026\\\/05\\\/AUTOS-01.webp\",\"width\":899,\"height\":600,\"caption\":\"Isaac Calcina, director de la prueba, explica la forma en que se competir\u00e1 desde ma\u00f1ana. Foto Alberto Valero\"},{\"@type\":\"BreadcrumbList\",\"@id\":\"https:\\\/\\\/www.eldiario.net\\\/portal\\\/2026\\\/05\\\/01\\\/el-circuito-pucarani-se-enciende-con-60-binomios-en-la-prueba-nacional\\\/#breadcrumb\",\"itemListElement\":[{\"@type\":\"ListItem\",\"position\":1,\"name\":\"Portada\",\"item\":\"https:\\\/\\\/www.eldiario.net\\\/portal\\\/\"},{\"@type\":\"ListItem\",\"position\":2,\"name\":\"El Circuito Pucarani se enciende con 60 binomios en la prueba nacional\"}]},{\"@type\":\"WebSite\",\"@id\":\"https:\\\/\\\/www.eldiario.net\\\/portal\\\/#website\",\"url\":\"https:\\\/\\\/www.eldiario.net\\\/portal\\\/\",\"name\":\"El Diario - Decano de la prensa nacional\",\"description\":\"El Diario - Decano de la prensa nacional\",\"publisher\":{\"@id\":\"https:\\\/\\\/www.eldiario.net\\\/portal\\\/#organization\"},\"potentialAction\":[{\"@type\":\"SearchAction\",\"target\":{\"@type\":\"EntryPoint\",\"urlTemplate\":\"https:\\\/\\\/www.eldiario.net\\\/portal\\\/?s={search_term_string}\"},\"query-input\":{\"@type\":\"PropertyValueSpecification\",\"valueRequired\":true,\"valueName\":\"search_term_string\"}}],\"inLanguage\":\"es\"},{\"@type\":\"Organization\",\"@id\":\"https:\\\/\\\/www.eldiario.net\\\/portal\\\/#organization\",\"name\":\"El Diario - Decano de la prensa nacional\",\"url\":\"https:\\\/\\\/www.eldiario.net\\\/portal\\\/\",\"logo\":{\"@type\":\"ImageObject\",\"inLanguage\":\"es\",\"@id\":\"https:\\\/\\\/www.eldiario.net\\\/portal\\\/#\\\/schema\\\/logo\\\/image\\\/\",\"url\":\"https:\\\/\\\/www.eldiario.net\\\/portal\\\/wp-content\\\/uploads\\\/2023\\\/07\\\/logo_ED.jpg\",\"contentUrl\":\"https:\\\/\\\/www.eldiario.net\\\/portal\\\/wp-content\\\/uploads\\\/2023\\\/07\\\/logo_ED.jpg\",\"width\":272,\"height\":52,\"caption\":\"El Diario - Decano de la prensa nacional\"},\"image\":{\"@id\":\"https:\\\/\\\/www.eldiario.net\\\/portal\\\/#\\\/schema\\\/logo\\\/image\\\/\"},\"sameAs\":[\"https:\\\/\\\/www.facebook.com\\\/eldiario.bolivia\\\/\",\"https:\\\/\\\/x.com\\\/eldiario_net\"]},{\"@type\":\"Person\",\"@id\":\"https:\\\/\\\/www.eldiario.net\\\/portal\\\/#\\\/schema\\\/person\\\/2c57cf2b7a7ae032e449e4c9b1019eac\",\"name\":\"Jeanette\",\"image\":{\"@type\":\"ImageObject\",\"inLanguage\":\"es\",\"@id\":\"https:\\\/\\\/secure.gravatar.com\\\/avatar\\\/3ea2118a5f7dad2b7138b1187a6b7ee55f160b9968b66013c3a3ef39dd7e5798?s=96&d=mm&r=g\",\"url\":\"https:\\\/\\\/secure.gravatar.com\\\/avatar\\\/3ea2118a5f7dad2b7138b1187a6b7ee55f160b9968b66013c3a3ef39dd7e5798?s=96&d=mm&r=g\",\"contentUrl\":\"https:\\\/\\\/secure.gravatar.com\\\/avatar\\\/3ea2118a5f7dad2b7138b1187a6b7ee55f160b9968b66013c3a3ef39dd7e5798?s=96&d=mm&r=g\",\"caption\":\"Jeanette\"},\"sameAs\":[\"https:\\\/\\\/www.eldiario.net\\\/portal\"],\"url\":\"https:\\\/\\\/www.eldiario.net\\\/portal\\\/author\\\/jeanette\\\/\"}]}<\/script>\n<!-- \/ Yoast SEO plugin. -->","yoast_head_json":{"title":"El Circuito Pucarani se enciende con 60 binomios en la prueba nacional - El Diario - Bolivia","robots":{"index":"index","follow":"follow","max-snippet":"max-snippet:-1","max-image-preview":"max-image-preview:large","max-video-preview":"max-video-preview:-1"},"canonical":"https:\/\/www.eldiario.net\/portal\/2026\/05\/01\/el-circuito-pucarani-se-enciende-con-60-binomios-en-la-prueba-nacional\/","og_locale":"es_ES","og_type":"article","og_title":"El Circuito Pucarani se enciende con 60 binomios en la prueba nacional - El Diario - Bolivia","og_description":"El Diario Con la presencia de al menos 60 pilotos nacionales, varios con recorrido internacional, se llevar\u00e1 adelante este fin de semana la segunda fecha nacional de automovilismo en el circuito de Pucarani, prueba organizada por la Febad y asociaci\u00f3n departamental de automovilismo, en coordinaci\u00f3n con su similar de Caranavi, autoridades del municipio de Pucarani [&hellip;]","og_url":"https:\/\/www.eldiario.net\/portal\/2026\/05\/01\/el-circuito-pucarani-se-enciende-con-60-binomios-en-la-prueba-nacional\/","og_site_name":"El Diario - Bolivia","article_publisher":"https:\/\/www.facebook.com\/eldiario.bolivia\/","article_published_time":"2026-05-01T12:31:49+00:00","og_image":[{"width":899,"height":600,"url":"https:\/\/www.eldiario.net\/portal\/wp-content\/uploads\/2026\/05\/AUTOS-01.webp","type":"image\/webp"}],"author":"Jeanette","twitter_card":"summary_large_image","twitter_creator":"@eldiario_net","twitter_site":"@eldiario_net","twitter_misc":{"Escrito por":"Jeanette","Tiempo de lectura":"2 minutos"},"schema":{"@context":"https:\/\/schema.org","@graph":[{"@type":"Article","@id":"https:\/\/www.eldiario.net\/portal\/2026\/05\/01\/el-circuito-pucarani-se-enciende-con-60-binomios-en-la-prueba-nacional\/#article","isPartOf":{"@id":"https:\/\/www.eldiario.net\/portal\/2026\/05\/01\/el-circuito-pucarani-se-enciende-con-60-binomios-en-la-prueba-nacional\/"},"author":{"name":"Jeanette","@id":"https:\/\/www.eldiario.net\/portal\/#\/schema\/person\/2c57cf2b7a7ae032e449e4c9b1019eac"},"headline":"El Circuito Pucarani se enciende con 60 binomios en la prueba nacional","datePublished":"2026-05-01T12:31:49+00:00","mainEntityOfPage":{"@id":"https:\/\/www.eldiario.net\/portal\/2026\/05\/01\/el-circuito-pucarani-se-enciende-con-60-binomios-en-la-prueba-nacional\/"},"wordCount":338,"publisher":{"@id":"https:\/\/www.eldiario.net\/portal\/#organization"},"image":{"@id":"https:\/\/www.eldiario.net\/portal\/2026\/05\/01\/el-circuito-pucarani-se-enciende-con-60-binomios-en-la-prueba-nacional\/#primaryimage"},"thumbnailUrl":"https:\/\/www.eldiario.net\/portal\/wp-content\/uploads\/2026\/05\/AUTOS-01.webp","articleSection":["Deportes"],"inLanguage":"es"},{"@type":"WebPage","@id":"https:\/\/www.eldiario.net\/portal\/2026\/05\/01\/el-circuito-pucarani-se-enciende-con-60-binomios-en-la-prueba-nacional\/","url":"https:\/\/www.eldiario.net\/portal\/2026\/05\/01\/el-circuito-pucarani-se-enciende-con-60-binomios-en-la-prueba-nacional\/","name":"El Circuito Pucarani se enciende con 60 binomios en la prueba nacional - El Diario - Bolivia","isPartOf":{"@id":"https:\/\/www.eldiario.net\/portal\/#website"},"primaryImageOfPage":{"@id":"https:\/\/www.eldiario.net\/portal\/2026\/05\/01\/el-circuito-pucarani-se-enciende-con-60-binomios-en-la-prueba-nacional\/#primaryimage"},"image":{"@id":"https:\/\/www.eldiario.net\/portal\/2026\/05\/01\/el-circuito-pucarani-se-enciende-con-60-binomios-en-la-prueba-nacional\/#primaryimage"},"thumbnailUrl":"https:\/\/www.eldiario.net\/portal\/wp-content\/uploads\/2026\/05\/AUTOS-01.webp","datePublished":"2026-05-01T12:31:49+00:00","breadcrumb":{"@id":"https:\/\/www.eldiario.net\/portal\/2026\/05\/01\/el-circuito-pucarani-se-enciende-con-60-binomios-en-la-prueba-nacional\/#breadcrumb"},"inLanguage":"es","potentialAction":[{"@type":"ReadAction","target":["https:\/\/www.eldiario.net\/portal\/2026\/05\/01\/el-circuito-pucarani-se-enciende-con-60-binomios-en-la-prueba-nacional\/"]}]},{"@type":"ImageObject","inLanguage":"es","@id":"https:\/\/www.eldiario.net\/portal\/2026\/05\/01\/el-circuito-pucarani-se-enciende-con-60-binomios-en-la-prueba-nacional\/#primaryimage","url":"https:\/\/www.eldiario.net\/portal\/wp-content\/uploads\/2026\/05\/AUTOS-01.webp","contentUrl":"https:\/\/www.eldiario.net\/portal\/wp-content\/uploads\/2026\/05\/AUTOS-01.webp","width":899,"height":600,"caption":"Isaac Calcina, director de la prueba, explica la forma en que se competir\u00e1 desde ma\u00f1ana. Foto Alberto Valero"},{"@type":"BreadcrumbList","@id":"https:\/\/www.eldiario.net\/portal\/2026\/05\/01\/el-circuito-pucarani-se-enciende-con-60-binomios-en-la-prueba-nacional\/#breadcrumb","itemListElement":[{"@type":"ListItem","position":1,"name":"Portada","item":"https:\/\/www.eldiario.net\/portal\/"},{"@type":"ListItem","position":2,"name":"El Circuito Pucarani se enciende con 60 binomios en la prueba nacional"}]},{"@type":"WebSite","@id":"https:\/\/www.eldiario.net\/portal\/#website","url":"https:\/\/www.eldiario.net\/portal\/","name":"El Diario - Decano de la prensa nacional","description":"El Diario - Decano de la prensa nacional","publisher":{"@id":"https:\/\/www.eldiario.net\/portal\/#organization"},"potentialAction":[{"@type":"SearchAction","target":{"@type":"EntryPoint","urlTemplate":"https:\/\/www.eldiario.net\/portal\/?s={search_term_string}"},"query-input":{"@type":"PropertyValueSpecification","valueRequired":true,"valueName":"search_term_string"}}],"inLanguage":"es"},{"@type":"Organization","@id":"https:\/\/www.eldiario.net\/portal\/#organization","name":"El Diario - Decano de la prensa nacional","url":"https:\/\/www.eldiario.net\/portal\/","logo":{"@type":"ImageObject","inLanguage":"es","@id":"https:\/\/www.eldiario.net\/portal\/#\/schema\/logo\/image\/","url":"https:\/\/www.eldiario.net\/portal\/wp-content\/uploads\/2023\/07\/logo_ED.jpg","contentUrl":"https:\/\/www.eldiario.net\/portal\/wp-content\/uploads\/2023\/07\/logo_ED.jpg","width":272,"height":52,"caption":"El Diario - Decano de la prensa nacional"},"image":{"@id":"https:\/\/www.eldiario.net\/portal\/#\/schema\/logo\/image\/"},"sameAs":["https:\/\/www.facebook.com\/eldiario.bolivia\/","https:\/\/x.com\/eldiario_net"]},{"@type":"Person","@id":"https:\/\/www.eldiario.net\/portal\/#\/schema\/person\/2c57cf2b7a7ae032e449e4c9b1019eac","name":"Jeanette","image":{"@type":"ImageObject","inLanguage":"es","@id":"https:\/\/secure.gravatar.com\/avatar\/3ea2118a5f7dad2b7138b1187a6b7ee55f160b9968b66013c3a3ef39dd7e5798?s=96&d=mm&r=g","url":"https:\/\/secure.gravatar.com\/avatar\/3ea2118a5f7dad2b7138b1187a6b7ee55f160b9968b66013c3a3ef39dd7e5798?s=96&d=mm&r=g","contentUrl":"https:\/\/secure.gravatar.com\/avatar\/3ea2118a5f7dad2b7138b1187a6b7ee55f160b9968b66013c3a3ef39dd7e5798?s=96&d=mm&r=g","caption":"Jeanette"},"sameAs":["https:\/\/www.eldiario.net\/portal"],"url":"https:\/\/www.eldiario.net\/portal\/author\/jeanette\/"}]}},"_links":{"self":[{"href":"https:\/\/www.eldiario.net\/portal\/wp-json\/wp\/v2\/posts\/390197","targetHints":{"allow":["GET"]}}],"collection":[{"href":"https:\/\/www.eldiario.net\/portal\/wp-json\/wp\/v2\/posts"}],"about":[{"href":"https:\/\/www.eldiario.net\/portal\/wp-json\/wp\/v2\/types\/post"}],"author":[{"embeddable":true,"href":"https:\/\/www.eldiario.net\/portal\/wp-json\/wp\/v2\/users\/1"}],"replies":[{"embeddable":true,"href":"https:\/\/www.eldiario.net\/portal\/wp-json\/wp\/v2\/comments?post=390197"}],"version-history":[{"count":1,"href":"https:\/\/www.eldiario.net\/portal\/wp-json\/wp\/v2\/posts\/390197\/revisions"}],"predecessor-version":[{"id":390199,"href":"https:\/\/www.eldiario.net\/portal\/wp-json\/wp\/v2\/posts\/390197\/revisions\/390199"}],"wp:featuredmedia":[{"embeddable":true,"href":"https:\/\/www.eldiario.net\/portal\/wp-json\/wp\/v2\/media\/390198"}],"wp:attachment":[{"href":"https:\/\/www.eldiario.net\/portal\/wp-json\/wp\/v2\/media?parent=390197"}],"wp:term":[{"taxonomy":"category","embeddable":true,"href":"https:\/\/www.eldiario.net\/portal\/wp-json\/wp\/v2\/categories?post=390197"},{"taxonomy":"post_tag","embeddable":true,"href":"https:\/\/www.eldiario.net\/portal\/wp-json\/wp\/v2\/tags?post=390197"}],"curies":[{"name":"wp","href":"https:\/\/api.w.org\/{rel}","templated":true}]}}