{"id":389517,"date":"2026-04-29T06:26:55","date_gmt":"2026-04-29T10:26:55","guid":{"rendered":"https:\/\/www.eldiario.net\/portal\/?p=389517"},"modified":"2026-04-29T06:26:55","modified_gmt":"2026-04-29T10:26:55","slug":"analistas-proponen-una-mayor-participacion-privada","status":"publish","type":"post","link":"https:\/\/www.eldiario.net\/portal\/2026\/04\/29\/analistas-proponen-una-mayor-participacion-privada\/","title":{"rendered":"Analistas proponen una mayor participaci\u00f3n privada"},"content":{"rendered":"<p>El presidente de Yacimientos Petrol\u00edferos Fiscales Bolivianos (YPFB), Sebasti\u00e1n Daroca, anunci\u00f3 una evaluaci\u00f3n del personal, una reforma integral y austeridad en la empresa estatal, mientras los analistas del sector energ\u00e9tico se inclinan por mayor participaci\u00f3n privada en el sector de los hidrocarburos, para aumentar la competitividad.<br \/>\n\u201cYPFB no se privatiza, YPFB se fortalece\u201d, afirm\u00f3 Daroca en una conferencia de prensa en Santa Cruz de la Sierra, donde cont\u00f3 con el respaldo de dos ministros y el ejecutivo de los trabajadores petroleros.<br \/>\nExplic\u00f3 que la intenci\u00f3n es que Yacimientos sea una empresa \u201cfuerte, eficiente, honesta y capaz de afrontar el desaf\u00edo de reconstruir el sector de hidrocarburos\u201d.<br \/>\nEn cuanto al plan para YPFB, inform\u00f3 que se ha instruido una evaluaci\u00f3n \u201cexhaustiva y profunda\u201d de todo el personal de la empresa, desde los niveles ejecutivos hasta los operativos. El proceso que tendr\u00e1 una duraci\u00f3n estimada de entre 15 y 20 d\u00edas h\u00e1biles, se realizar\u00e1 bajo criterios t\u00e9cnicos, meritocr\u00e1ticos y de idoneidad profesional.<br \/>\nComo parte de esta medida, se solicit\u00f3 a vicepresidentes, gerentes y directores distritales poner sus cargos a disposici\u00f3n de la presidencia ejecutiva.<br \/>\nDaroca tambi\u00e9n anunci\u00f3 el inicio de gestiones con instituciones internacionales para encarar un proceso de reestructuraci\u00f3n, modernizaci\u00f3n y reforma integral de YPFB. Este trabajo incluir\u00e1 la contrataci\u00f3n de un equipo t\u00e9cnico especializado que elaborar\u00e1 un diagn\u00f3stico y propuestas para adecuar la empresa a los desaf\u00edos de una nueva ley de hidrocarburos que el Gobierno prev\u00e9 presentar.<br \/>\nEn materia de transparencia, el titular de la estatal remarc\u00f3 que se aplicar\u00e1 una pol\u00edtica de \u201ctolerancia cero a la corrupci\u00f3n\u201d, con el fortalecimiento de las \u00e1reas encargadas y la implementaci\u00f3n de programas a nivel nacional para garantizar el tratamiento efectivo de denuncias.<br \/>\nAnunci\u00f3 tambi\u00e9n un programa de austeridad y optimizaci\u00f3n de recursos, en respuesta a lo que describi\u00f3 como una situaci\u00f3n financiera y operativa debilitada.<br \/>\nDijo que el objetivo es optimizar todos los recursos para invertirlos en las \u00e1reas m\u00e1s importantes de la empresa y garantizar la cadena de distribuci\u00f3n.<br \/>\nAbastecimiento<br \/>\nEn relaci\u00f3n con el abastecimiento de combustibles, Daroca asegur\u00f3 que YPFB mantiene su compromiso de garantizar el suministro en el pa\u00eds y descart\u00f3 un incremento en los precios.<\/p>\n<p>Indic\u00f3 que los problemas recientes en la provisi\u00f3n de di\u00e9sel se debieron a una sobredemanda coyuntural, pero que ya fueron atendidos con el incremento de despachos, logrando normalizar la situaci\u00f3n en la mayor parte del territorio.<br \/>\nAsimismo, inform\u00f3 que se han intensificado los controles de calidad de los combustibles en toda la cadena de suministro, desde el origen hasta la distribuci\u00f3n en estaciones de servicio.<br \/>\nAdelant\u00f3 que en los pr\u00f3ximos d\u00edas se realizar\u00e1 una conferencia de prensa espec\u00edfica para explicar las conclusiones de una investigaci\u00f3n interna sobre la calidad de la gasolina y las medidas adoptadas para evitar nuevas contingencias.<br \/>\nCompetitiva y participaci\u00f3n privada<br \/>\nEn el Foro Energ\u00e9tico realizado ayer, en la zona sur de la ciudad de La Paz, por Puntomaq S.A.-Cummins: Transformando la crisis en oportunidad, energicemos el futuro\u201d, el consultor energ\u00e9tico \u00c1lvaro R\u00edos dijo que la participaci\u00f3n del sector privado es fundamental en el sector de hidrocarburos.<br \/>\nYa en una entrevista con medios de comunicaci\u00f3n, el consultor financiero Jaime Dunn se inclin\u00f3 por la participaci\u00f3n mayor del sector privado, por lo que deber\u00eda abrirse el mercado de los hidrocarburos, para hacerla m\u00e1s competitiva, sin privatizar YPFB.<br \/>\nSon varios planteamientos que se\u00f1alan que la participaci\u00f3n privada permitir\u00e1 mayores inversiones en exploraci\u00f3n y explotaci\u00f3n, y competir\u00e1 YPFB, y el tiempo mostrar\u00e1 si la estatal petrolera tiene la capacidad para estar en el mercado. Erbol y EL DIARIO<br \/>\nPIE DE FOTO<br \/>\nPresidente de YPFB, Sebasti\u00e1n Daroca. Foto YPFB<\/p>\n","protected":false},"excerpt":{"rendered":"<p>El presidente de Yacimientos Petrol\u00edferos Fiscales Bolivianos (YPFB), Sebasti\u00e1n Daroca, anunci\u00f3 una evaluaci\u00f3n del personal, una reforma integral y austeridad en la empresa estatal, mientras los analistas del sector energ\u00e9tico se inclinan por mayor participaci\u00f3n privada en el sector de los hidrocarburos, para aumentar la competitividad. \u201cYPFB no se privatiza, YPFB se fortalece\u201d, afirm\u00f3 Daroca [&hellip;]<\/p>\n","protected":false},"author":1,"featured_media":194689,"comment_status":"closed","ping_status":"open","sticky":false,"template":"","format":"standard","meta":{"_acf_changed":false,"footnotes":""},"categories":[7],"tags":[],"class_list":["post-389517","post","type-post","status-publish","format-standard","has-post-thumbnail","category-economia"],"acf":{"antetitulo":"Anuncian evaluaci\u00f3n en YPFB"},"yoast_head":"<!-- This site is optimized with the Yoast SEO plugin v28.3 - https:\/\/yoast.com\/product\/yoast-seo-wordpress\/ -->\n<title>Analistas proponen una mayor participaci\u00f3n privada - El Diario - Bolivia<\/title>\n<meta name=\"robots\" content=\"index, follow, max-snippet:-1, max-image-preview:large, max-video-preview:-1\" \/>\n<link rel=\"canonical\" href=\"https:\/\/www.eldiario.net\/portal\/2026\/04\/29\/analistas-proponen-una-mayor-participacion-privada\/\" \/>\n<meta property=\"og:locale\" content=\"es_ES\" \/>\n<meta property=\"og:type\" content=\"article\" \/>\n<meta property=\"og:title\" content=\"Analistas proponen una mayor participaci\u00f3n privada - El Diario - Bolivia\" \/>\n<meta property=\"og:description\" content=\"El presidente de Yacimientos Petrol\u00edferos Fiscales Bolivianos (YPFB), Sebasti\u00e1n Daroca, anunci\u00f3 una evaluaci\u00f3n del personal, una reforma integral y austeridad en la empresa estatal, mientras los analistas del sector energ\u00e9tico se inclinan por mayor participaci\u00f3n privada en el sector de los hidrocarburos, para aumentar la competitividad. \u201cYPFB no se privatiza, YPFB se fortalece\u201d, afirm\u00f3 Daroca [&hellip;]\" \/>\n<meta property=\"og:url\" content=\"https:\/\/www.eldiario.net\/portal\/2026\/04\/29\/analistas-proponen-una-mayor-participacion-privada\/\" \/>\n<meta property=\"og:site_name\" content=\"El Diario - Bolivia\" \/>\n<meta property=\"article:publisher\" content=\"https:\/\/www.facebook.com\/eldiario.bolivia\/\" \/>\n<meta property=\"article:published_time\" content=\"2026-04-29T10:26:55+00:00\" \/>\n<meta property=\"og:image\" content=\"https:\/\/www.eldiario.net\/portal\/wp-content\/uploads\/2023\/12\/Economia.jpg\" \/>\n\t<meta property=\"og:image:width\" content=\"800\" \/>\n\t<meta property=\"og:image:height\" content=\"500\" \/>\n\t<meta property=\"og:image:type\" content=\"image\/jpeg\" \/>\n<meta name=\"author\" content=\"Jeanette\" \/>\n<meta name=\"twitter:card\" content=\"summary_large_image\" \/>\n<meta name=\"twitter:creator\" content=\"@eldiario_net\" \/>\n<meta name=\"twitter:site\" content=\"@eldiario_net\" \/>\n<meta name=\"twitter:label1\" content=\"Escrito por\" \/>\n\t<meta name=\"twitter:data1\" content=\"Jeanette\" \/>\n\t<meta name=\"twitter:label2\" content=\"Tiempo de lectura\" \/>\n\t<meta name=\"twitter:data2\" content=\"3 minutos\" \/>\n<script type=\"application\/ld+json\" class=\"yoast-schema-graph\">{\"@context\":\"https:\\\/\\\/schema.org\",\"@graph\":[{\"@type\":\"Article\",\"@id\":\"https:\\\/\\\/www.eldiario.net\\\/portal\\\/2026\\\/04\\\/29\\\/analistas-proponen-una-mayor-participacion-privada\\\/#article\",\"isPartOf\":{\"@id\":\"https:\\\/\\\/www.eldiario.net\\\/portal\\\/2026\\\/04\\\/29\\\/analistas-proponen-una-mayor-participacion-privada\\\/\"},\"author\":{\"name\":\"Jeanette\",\"@id\":\"https:\\\/\\\/www.eldiario.net\\\/portal\\\/#\\\/schema\\\/person\\\/f46445640444750d7d753ccd04ae01b7\"},\"headline\":\"Analistas proponen una mayor participaci\u00f3n privada\",\"datePublished\":\"2026-04-29T10:26:55+00:00\",\"mainEntityOfPage\":{\"@id\":\"https:\\\/\\\/www.eldiario.net\\\/portal\\\/2026\\\/04\\\/29\\\/analistas-proponen-una-mayor-participacion-privada\\\/\"},\"wordCount\":656,\"publisher\":{\"@id\":\"https:\\\/\\\/www.eldiario.net\\\/portal\\\/#organization\"},\"image\":{\"@id\":\"https:\\\/\\\/www.eldiario.net\\\/portal\\\/2026\\\/04\\\/29\\\/analistas-proponen-una-mayor-participacion-privada\\\/#primaryimage\"},\"thumbnailUrl\":\"https:\\\/\\\/www.eldiario.net\\\/portal\\\/wp-content\\\/uploads\\\/2023\\\/12\\\/Economia.jpg\",\"articleSection\":[\"Econom\u00eda\"],\"inLanguage\":\"es\"},{\"@type\":\"WebPage\",\"@id\":\"https:\\\/\\\/www.eldiario.net\\\/portal\\\/2026\\\/04\\\/29\\\/analistas-proponen-una-mayor-participacion-privada\\\/\",\"url\":\"https:\\\/\\\/www.eldiario.net\\\/portal\\\/2026\\\/04\\\/29\\\/analistas-proponen-una-mayor-participacion-privada\\\/\",\"name\":\"Analistas proponen una mayor participaci\u00f3n privada - El Diario - Bolivia\",\"isPartOf\":{\"@id\":\"https:\\\/\\\/www.eldiario.net\\\/portal\\\/#website\"},\"primaryImageOfPage\":{\"@id\":\"https:\\\/\\\/www.eldiario.net\\\/portal\\\/2026\\\/04\\\/29\\\/analistas-proponen-una-mayor-participacion-privada\\\/#primaryimage\"},\"image\":{\"@id\":\"https:\\\/\\\/www.eldiario.net\\\/portal\\\/2026\\\/04\\\/29\\\/analistas-proponen-una-mayor-participacion-privada\\\/#primaryimage\"},\"thumbnailUrl\":\"https:\\\/\\\/www.eldiario.net\\\/portal\\\/wp-content\\\/uploads\\\/2023\\\/12\\\/Economia.jpg\",\"datePublished\":\"2026-04-29T10:26:55+00:00\",\"breadcrumb\":{\"@id\":\"https:\\\/\\\/www.eldiario.net\\\/portal\\\/2026\\\/04\\\/29\\\/analistas-proponen-una-mayor-participacion-privada\\\/#breadcrumb\"},\"inLanguage\":\"es\",\"potentialAction\":[{\"@type\":\"ReadAction\",\"target\":[\"https:\\\/\\\/www.eldiario.net\\\/portal\\\/2026\\\/04\\\/29\\\/analistas-proponen-una-mayor-participacion-privada\\\/\"]}]},{\"@type\":\"ImageObject\",\"inLanguage\":\"es\",\"@id\":\"https:\\\/\\\/www.eldiario.net\\\/portal\\\/2026\\\/04\\\/29\\\/analistas-proponen-una-mayor-participacion-privada\\\/#primaryimage\",\"url\":\"https:\\\/\\\/www.eldiario.net\\\/portal\\\/wp-content\\\/uploads\\\/2023\\\/12\\\/Economia.jpg\",\"contentUrl\":\"https:\\\/\\\/www.eldiario.net\\\/portal\\\/wp-content\\\/uploads\\\/2023\\\/12\\\/Economia.jpg\",\"width\":800,\"height\":500},{\"@type\":\"BreadcrumbList\",\"@id\":\"https:\\\/\\\/www.eldiario.net\\\/portal\\\/2026\\\/04\\\/29\\\/analistas-proponen-una-mayor-participacion-privada\\\/#breadcrumb\",\"itemListElement\":[{\"@type\":\"ListItem\",\"position\":1,\"name\":\"Portada\",\"item\":\"https:\\\/\\\/www.eldiario.net\\\/portal\\\/\"},{\"@type\":\"ListItem\",\"position\":2,\"name\":\"Analistas proponen una mayor participaci\u00f3n privada\"}]},{\"@type\":\"WebSite\",\"@id\":\"https:\\\/\\\/www.eldiario.net\\\/portal\\\/#website\",\"url\":\"https:\\\/\\\/www.eldiario.net\\\/portal\\\/\",\"name\":\"El Diario - Decano de la prensa nacional\",\"description\":\"El Diario - Decano de la prensa nacional\",\"publisher\":{\"@id\":\"https:\\\/\\\/www.eldiario.net\\\/portal\\\/#organization\"},\"potentialAction\":[{\"@type\":\"SearchAction\",\"target\":{\"@type\":\"EntryPoint\",\"urlTemplate\":\"https:\\\/\\\/www.eldiario.net\\\/portal\\\/?s={search_term_string}\"},\"query-input\":{\"@type\":\"PropertyValueSpecification\",\"valueRequired\":true,\"valueName\":\"search_term_string\"}}],\"inLanguage\":\"es\"},{\"@type\":\"Organization\",\"@id\":\"https:\\\/\\\/www.eldiario.net\\\/portal\\\/#organization\",\"name\":\"El Diario - Decano de la prensa nacional\",\"url\":\"https:\\\/\\\/www.eldiario.net\\\/portal\\\/\",\"logo\":{\"@type\":\"ImageObject\",\"inLanguage\":\"es\",\"@id\":\"https:\\\/\\\/www.eldiario.net\\\/portal\\\/#\\\/schema\\\/logo\\\/image\\\/\",\"url\":\"https:\\\/\\\/www.eldiario.net\\\/portal\\\/wp-content\\\/uploads\\\/2023\\\/07\\\/logo_ED.jpg\",\"contentUrl\":\"https:\\\/\\\/www.eldiario.net\\\/portal\\\/wp-content\\\/uploads\\\/2023\\\/07\\\/logo_ED.jpg\",\"width\":272,\"height\":52,\"caption\":\"El Diario - Decano de la prensa nacional\"},\"image\":{\"@id\":\"https:\\\/\\\/www.eldiario.net\\\/portal\\\/#\\\/schema\\\/logo\\\/image\\\/\"},\"sameAs\":[\"https:\\\/\\\/www.facebook.com\\\/eldiario.bolivia\\\/\",\"https:\\\/\\\/x.com\\\/eldiario_net\"]},{\"@type\":\"Person\",\"@id\":\"https:\\\/\\\/www.eldiario.net\\\/portal\\\/#\\\/schema\\\/person\\\/f46445640444750d7d753ccd04ae01b7\",\"name\":\"Jeanette\",\"image\":{\"@type\":\"ImageObject\",\"inLanguage\":\"es\",\"@id\":\"https:\\\/\\\/secure.gravatar.com\\\/avatar\\\/3ea2118a5f7dad2b7138b1187a6b7ee55f160b9968b66013c3a3ef39dd7e5798?s=96&d=mm&r=g\",\"url\":\"https:\\\/\\\/secure.gravatar.com\\\/avatar\\\/3ea2118a5f7dad2b7138b1187a6b7ee55f160b9968b66013c3a3ef39dd7e5798?s=96&d=mm&r=g\",\"contentUrl\":\"https:\\\/\\\/secure.gravatar.com\\\/avatar\\\/3ea2118a5f7dad2b7138b1187a6b7ee55f160b9968b66013c3a3ef39dd7e5798?s=96&d=mm&r=g\",\"caption\":\"Jeanette\"},\"sameAs\":[\"https:\\\/\\\/www.eldiario.net\\\/portal\"],\"url\":\"https:\\\/\\\/www.eldiario.net\\\/portal\\\/author\\\/jeanette\\\/\"}]}<\/script>\n<!-- \/ Yoast SEO plugin. -->","yoast_head_json":{"title":"Analistas proponen una mayor participaci\u00f3n privada - El Diario - Bolivia","robots":{"index":"index","follow":"follow","max-snippet":"max-snippet:-1","max-image-preview":"max-image-preview:large","max-video-preview":"max-video-preview:-1"},"canonical":"https:\/\/www.eldiario.net\/portal\/2026\/04\/29\/analistas-proponen-una-mayor-participacion-privada\/","og_locale":"es_ES","og_type":"article","og_title":"Analistas proponen una mayor participaci\u00f3n privada - El Diario - Bolivia","og_description":"El presidente de Yacimientos Petrol\u00edferos Fiscales Bolivianos (YPFB), Sebasti\u00e1n Daroca, anunci\u00f3 una evaluaci\u00f3n del personal, una reforma integral y austeridad en la empresa estatal, mientras los analistas del sector energ\u00e9tico se inclinan por mayor participaci\u00f3n privada en el sector de los hidrocarburos, para aumentar la competitividad. \u201cYPFB no se privatiza, YPFB se fortalece\u201d, afirm\u00f3 Daroca [&hellip;]","og_url":"https:\/\/www.eldiario.net\/portal\/2026\/04\/29\/analistas-proponen-una-mayor-participacion-privada\/","og_site_name":"El Diario - Bolivia","article_publisher":"https:\/\/www.facebook.com\/eldiario.bolivia\/","article_published_time":"2026-04-29T10:26:55+00:00","og_image":[{"width":800,"height":500,"url":"https:\/\/www.eldiario.net\/portal\/wp-content\/uploads\/2023\/12\/Economia.jpg","type":"image\/jpeg"}],"author":"Jeanette","twitter_card":"summary_large_image","twitter_creator":"@eldiario_net","twitter_site":"@eldiario_net","twitter_misc":{"Escrito por":"Jeanette","Tiempo de lectura":"3 minutos"},"schema":{"@context":"https:\/\/schema.org","@graph":[{"@type":"Article","@id":"https:\/\/www.eldiario.net\/portal\/2026\/04\/29\/analistas-proponen-una-mayor-participacion-privada\/#article","isPartOf":{"@id":"https:\/\/www.eldiario.net\/portal\/2026\/04\/29\/analistas-proponen-una-mayor-participacion-privada\/"},"author":{"name":"Jeanette","@id":"https:\/\/www.eldiario.net\/portal\/#\/schema\/person\/f46445640444750d7d753ccd04ae01b7"},"headline":"Analistas proponen una mayor participaci\u00f3n privada","datePublished":"2026-04-29T10:26:55+00:00","mainEntityOfPage":{"@id":"https:\/\/www.eldiario.net\/portal\/2026\/04\/29\/analistas-proponen-una-mayor-participacion-privada\/"},"wordCount":656,"publisher":{"@id":"https:\/\/www.eldiario.net\/portal\/#organization"},"image":{"@id":"https:\/\/www.eldiario.net\/portal\/2026\/04\/29\/analistas-proponen-una-mayor-participacion-privada\/#primaryimage"},"thumbnailUrl":"https:\/\/www.eldiario.net\/portal\/wp-content\/uploads\/2023\/12\/Economia.jpg","articleSection":["Econom\u00eda"],"inLanguage":"es"},{"@type":"WebPage","@id":"https:\/\/www.eldiario.net\/portal\/2026\/04\/29\/analistas-proponen-una-mayor-participacion-privada\/","url":"https:\/\/www.eldiario.net\/portal\/2026\/04\/29\/analistas-proponen-una-mayor-participacion-privada\/","name":"Analistas proponen una mayor participaci\u00f3n privada - El Diario - Bolivia","isPartOf":{"@id":"https:\/\/www.eldiario.net\/portal\/#website"},"primaryImageOfPage":{"@id":"https:\/\/www.eldiario.net\/portal\/2026\/04\/29\/analistas-proponen-una-mayor-participacion-privada\/#primaryimage"},"image":{"@id":"https:\/\/www.eldiario.net\/portal\/2026\/04\/29\/analistas-proponen-una-mayor-participacion-privada\/#primaryimage"},"thumbnailUrl":"https:\/\/www.eldiario.net\/portal\/wp-content\/uploads\/2023\/12\/Economia.jpg","datePublished":"2026-04-29T10:26:55+00:00","breadcrumb":{"@id":"https:\/\/www.eldiario.net\/portal\/2026\/04\/29\/analistas-proponen-una-mayor-participacion-privada\/#breadcrumb"},"inLanguage":"es","potentialAction":[{"@type":"ReadAction","target":["https:\/\/www.eldiario.net\/portal\/2026\/04\/29\/analistas-proponen-una-mayor-participacion-privada\/"]}]},{"@type":"ImageObject","inLanguage":"es","@id":"https:\/\/www.eldiario.net\/portal\/2026\/04\/29\/analistas-proponen-una-mayor-participacion-privada\/#primaryimage","url":"https:\/\/www.eldiario.net\/portal\/wp-content\/uploads\/2023\/12\/Economia.jpg","contentUrl":"https:\/\/www.eldiario.net\/portal\/wp-content\/uploads\/2023\/12\/Economia.jpg","width":800,"height":500},{"@type":"BreadcrumbList","@id":"https:\/\/www.eldiario.net\/portal\/2026\/04\/29\/analistas-proponen-una-mayor-participacion-privada\/#breadcrumb","itemListElement":[{"@type":"ListItem","position":1,"name":"Portada","item":"https:\/\/www.eldiario.net\/portal\/"},{"@type":"ListItem","position":2,"name":"Analistas proponen una mayor participaci\u00f3n privada"}]},{"@type":"WebSite","@id":"https:\/\/www.eldiario.net\/portal\/#website","url":"https:\/\/www.eldiario.net\/portal\/","name":"El Diario - Decano de la prensa nacional","description":"El Diario - Decano de la prensa nacional","publisher":{"@id":"https:\/\/www.eldiario.net\/portal\/#organization"},"potentialAction":[{"@type":"SearchAction","target":{"@type":"EntryPoint","urlTemplate":"https:\/\/www.eldiario.net\/portal\/?s={search_term_string}"},"query-input":{"@type":"PropertyValueSpecification","valueRequired":true,"valueName":"search_term_string"}}],"inLanguage":"es"},{"@type":"Organization","@id":"https:\/\/www.eldiario.net\/portal\/#organization","name":"El Diario - Decano de la prensa nacional","url":"https:\/\/www.eldiario.net\/portal\/","logo":{"@type":"ImageObject","inLanguage":"es","@id":"https:\/\/www.eldiario.net\/portal\/#\/schema\/logo\/image\/","url":"https:\/\/www.eldiario.net\/portal\/wp-content\/uploads\/2023\/07\/logo_ED.jpg","contentUrl":"https:\/\/www.eldiario.net\/portal\/wp-content\/uploads\/2023\/07\/logo_ED.jpg","width":272,"height":52,"caption":"El Diario - Decano de la prensa nacional"},"image":{"@id":"https:\/\/www.eldiario.net\/portal\/#\/schema\/logo\/image\/"},"sameAs":["https:\/\/www.facebook.com\/eldiario.bolivia\/","https:\/\/x.com\/eldiario_net"]},{"@type":"Person","@id":"https:\/\/www.eldiario.net\/portal\/#\/schema\/person\/f46445640444750d7d753ccd04ae01b7","name":"Jeanette","image":{"@type":"ImageObject","inLanguage":"es","@id":"https:\/\/secure.gravatar.com\/avatar\/3ea2118a5f7dad2b7138b1187a6b7ee55f160b9968b66013c3a3ef39dd7e5798?s=96&d=mm&r=g","url":"https:\/\/secure.gravatar.com\/avatar\/3ea2118a5f7dad2b7138b1187a6b7ee55f160b9968b66013c3a3ef39dd7e5798?s=96&d=mm&r=g","contentUrl":"https:\/\/secure.gravatar.com\/avatar\/3ea2118a5f7dad2b7138b1187a6b7ee55f160b9968b66013c3a3ef39dd7e5798?s=96&d=mm&r=g","caption":"Jeanette"},"sameAs":["https:\/\/www.eldiario.net\/portal"],"url":"https:\/\/www.eldiario.net\/portal\/author\/jeanette\/"}]}},"_links":{"self":[{"href":"https:\/\/www.eldiario.net\/portal\/wp-json\/wp\/v2\/posts\/389517","targetHints":{"allow":["GET"]}}],"collection":[{"href":"https:\/\/www.eldiario.net\/portal\/wp-json\/wp\/v2\/posts"}],"about":[{"href":"https:\/\/www.eldiario.net\/portal\/wp-json\/wp\/v2\/types\/post"}],"author":[{"embeddable":true,"href":"https:\/\/www.eldiario.net\/portal\/wp-json\/wp\/v2\/users\/1"}],"replies":[{"embeddable":true,"href":"https:\/\/www.eldiario.net\/portal\/wp-json\/wp\/v2\/comments?post=389517"}],"version-history":[{"count":1,"href":"https:\/\/www.eldiario.net\/portal\/wp-json\/wp\/v2\/posts\/389517\/revisions"}],"predecessor-version":[{"id":389518,"href":"https:\/\/www.eldiario.net\/portal\/wp-json\/wp\/v2\/posts\/389517\/revisions\/389518"}],"wp:featuredmedia":[{"embeddable":true,"href":"https:\/\/www.eldiario.net\/portal\/wp-json\/wp\/v2\/media\/194689"}],"wp:attachment":[{"href":"https:\/\/www.eldiario.net\/portal\/wp-json\/wp\/v2\/media?parent=389517"}],"wp:term":[{"taxonomy":"category","embeddable":true,"href":"https:\/\/www.eldiario.net\/portal\/wp-json\/wp\/v2\/categories?post=389517"},{"taxonomy":"post_tag","embeddable":true,"href":"https:\/\/www.eldiario.net\/portal\/wp-json\/wp\/v2\/tags?post=389517"}],"curies":[{"name":"wp","href":"https:\/\/api.w.org\/{rel}","templated":true}]}}