{"id":389510,"date":"2026-04-29T06:24:53","date_gmt":"2026-04-29T10:24:53","guid":{"rendered":"https:\/\/www.eldiario.net\/portal\/?p=389510"},"modified":"2026-04-29T06:24:53","modified_gmt":"2026-04-29T10:24:53","slug":"propuestas-factibles-para-mejorar-entorno-empresarial","status":"publish","type":"post","link":"https:\/\/www.eldiario.net\/portal\/2026\/04\/29\/propuestas-factibles-para-mejorar-entorno-empresarial\/","title":{"rendered":"Propuestas factibles para mejorar entorno empresarial"},"content":{"rendered":"<p>La crisis que atraviesa Bolivia es el resultado de veinte a\u00f1os de vigencia de un r\u00e9gimen que apost\u00f3 por un Estado protagonista en la econom\u00eda, mientras relegaba al sector privado a un rol secundario y generaba bajo crecimiento, expansi\u00f3n de la informalidad, ca\u00edda de la inversi\u00f3n y una creciente p\u00e9rdida de confianza. Para revertir esta tendencia, el pa\u00eds necesita enfrentar, con medidas concretas y efectivas, las barreras regulatorias, la carga tributaria, la inseguridad jur\u00eddica y la burocracia excesiva que impiden el desarrollo empresarial.<br \/>\nEl principal obst\u00e1culo es la persistencia de una l\u00f3gica de control estatal sobre la actividad privada, materializada en instituciones como la Autoridad de Fiscalizaci\u00f3n de Empresas, creada para regular, controlar y supervisar las actividades empresariales. El cierre de esta entidad no tiene que ver \u00fanicamente con su ineficiencia, discrecionalidad o politizaci\u00f3n, sino con el principio de que la actividad empresarial debe regirse por normas claras y no por mecanismos burocr\u00e1ticos que, lejos de facilitarla, la entorpecen.<br \/>\nEs necesario que el registro empresarial vuelva a las instituciones privadas, y que se elimine el Servicio Plurinacional de Registro de Comercio, lo que transparentar\u00e1 la informaci\u00f3n, permitir\u00e1 agilizar el proceso de constituci\u00f3n de empresas, reducir\u00e1 costos y tr\u00e1mites, y limitar\u00e1 la discrecionalidad en el manejo de los datos que corresponden a las empresas.<br \/>\nEn esa misma l\u00ednea, debiera crearse una plataforma digital unificada que integre los tr\u00e1mites que hoy se realizan por separado en el SIN, el SEPREC, los municipios, el Ministerio de Trabajo, las Notar\u00edas, entre otros: cada uno con sus propios formularios, plazos, costos y burocracia.<br \/>\nEn el \u00e1mbito normativo, es preciso abrogar la Ley de Empresas Sociales, creada como un mecanismo para que los trabajadores puedan tomar el control de una empresa privada y su patrimonio, en determinadas circunstancias. Su eliminaci\u00f3n es una se\u00f1al indispensable de respeto a la propiedad privada y a la seguridad jur\u00eddica.<br \/>\nDel mismo modo se debe abolir la Ley de Responsabilidad Penal de Personas Jur\u00eddicas, una norma irracional que permite que una empresa pueda ser intervenida, sus cuentas congeladas y sus operaciones paralizadas a partir de una denuncia, y que la convierte en un instrumento arbitrario para presionar o extorsionar a los empresarios.<br \/>\nOtro aspecto necesario es la derogaci\u00f3n de los decretos que limitan la desvinculaci\u00f3n laboral y establecen la inamovilidad perpetua para algunos trabajadores, y de aquellos que garantizan comisiones prolongadas a dirigentes sindicales. Esas normas, que han distorsionado la pol\u00edtica laboral, desalientan a las empresas a contratar formalmente y las llevan a optar por eventuales o intermediarios, lo que afecta la estabilidad y la continuidad laboral. En este \u00e1mbito, es urgente instaurar el di\u00e1logo social (establecido en Convenios con la OIT) como mecanismo permanente para dise\u00f1ar pol\u00edticas laborales, incluyendo la negociaci\u00f3n del salario m\u00ednimo y las condiciones de empleo.<br \/>\nTambi\u00e9n es preciso eliminar la competencia desleal desde el Estado, no solo descartando la creaci\u00f3n de empresas p\u00fablicas, sino evitando los privilegios que favorecen a entidades como el Banco Uni\u00f3n, Univida, BoA, ENTEL y otros, que se han consolidado gracias al monopolio en el manejo de las cuentas de las entidades del gobierno central.<br \/>\nEn el \u00e1rea impositiva, se debiera eliminar o reducir dr\u00e1sticamente el Impuesto a las Utilidades de Empresas, una carga que no diferencia capacidad contributiva, y que afecta gravemente a las mypes, desincentiva la reinversi\u00f3n, reduce la competitividad y favorece la evasi\u00f3n.<br \/>\nEstas medidas, y otras que deben ser consideradas, no son una agenda ideol\u00f3gica que pretenda la ausencia de Estado. Son medidas pragm\u00e1ticas, concretas y urgentes para que, cambiando de manera radical el ambiente de negocios, se genere m\u00e1s inversi\u00f3n, m\u00e1s empleo formal, m\u00e1s innovaci\u00f3n y m\u00e1s prosperidad compartida.<br \/>\nFacilitar la creaci\u00f3n y sostenimiento de empresas privadas no es una concesi\u00f3n sectorial, sino una condici\u00f3n indispensable para el desarrollo. El desaf\u00edo no es menor, pero tampoco lo es la oportunidad: transformar el clima de negocios puede marcar la diferencia entre un pa\u00eds que se estanca y uno que decide crecer.<\/p>\n<p>El autor es Industrial y ex Presidente de la Confederaci\u00f3n de Empresarios Privados de Bolivia.<\/p>\n","protected":false},"excerpt":{"rendered":"<p>La crisis que atraviesa Bolivia es el resultado de veinte a\u00f1os de vigencia de un r\u00e9gimen que apost\u00f3 por un Estado protagonista en la econom\u00eda, mientras relegaba al sector privado a un rol secundario y generaba bajo crecimiento, expansi\u00f3n de la informalidad, ca\u00edda de la inversi\u00f3n y una creciente p\u00e9rdida de confianza. Para revertir esta [&hellip;]<\/p>\n","protected":false},"author":1,"featured_media":188324,"comment_status":"closed","ping_status":"open","sticky":false,"template":"","format":"standard","meta":{"_acf_changed":false,"footnotes":""},"categories":[9],"tags":[],"class_list":["post-389510","post","type-post","status-publish","format-standard","has-post-thumbnail","category-opinion"],"acf":{"antetitulo":""},"yoast_head":"<!-- This site is optimized with the Yoast SEO plugin v28.3 - https:\/\/yoast.com\/product\/yoast-seo-wordpress\/ -->\n<title>Propuestas factibles para mejorar entorno empresarial - El Diario - Bolivia<\/title>\n<meta name=\"robots\" content=\"index, follow, max-snippet:-1, max-image-preview:large, max-video-preview:-1\" \/>\n<link rel=\"canonical\" href=\"https:\/\/www.eldiario.net\/portal\/2026\/04\/29\/propuestas-factibles-para-mejorar-entorno-empresarial\/\" \/>\n<meta property=\"og:locale\" content=\"es_ES\" \/>\n<meta property=\"og:type\" content=\"article\" \/>\n<meta property=\"og:title\" content=\"Propuestas factibles para mejorar entorno empresarial - El Diario - Bolivia\" \/>\n<meta property=\"og:description\" content=\"La crisis que atraviesa Bolivia es el resultado de veinte a\u00f1os de vigencia de un r\u00e9gimen que apost\u00f3 por un Estado protagonista en la econom\u00eda, mientras relegaba al sector privado a un rol secundario y generaba bajo crecimiento, expansi\u00f3n de la informalidad, ca\u00edda de la inversi\u00f3n y una creciente p\u00e9rdida de confianza. Para revertir esta [&hellip;]\" \/>\n<meta property=\"og:url\" content=\"https:\/\/www.eldiario.net\/portal\/2026\/04\/29\/propuestas-factibles-para-mejorar-entorno-empresarial\/\" \/>\n<meta property=\"og:site_name\" content=\"El Diario - Bolivia\" \/>\n<meta property=\"article:publisher\" content=\"https:\/\/www.facebook.com\/eldiario.bolivia\/\" \/>\n<meta property=\"article:published_time\" content=\"2026-04-29T10:24:53+00:00\" \/>\n<meta property=\"og:image\" content=\"https:\/\/www.eldiario.net\/portal\/wp-content\/uploads\/2023\/11\/Ronald-Nostas-Ardaya.jpg\" \/>\n\t<meta property=\"og:image:width\" content=\"1200\" \/>\n\t<meta property=\"og:image:height\" content=\"628\" \/>\n\t<meta property=\"og:image:type\" content=\"image\/jpeg\" \/>\n<meta name=\"author\" content=\"Jeanette\" \/>\n<meta name=\"twitter:card\" content=\"summary_large_image\" \/>\n<meta name=\"twitter:creator\" content=\"@eldiario_net\" \/>\n<meta name=\"twitter:site\" content=\"@eldiario_net\" \/>\n<meta name=\"twitter:label1\" content=\"Escrito por\" \/>\n\t<meta name=\"twitter:data1\" content=\"Jeanette\" \/>\n\t<meta name=\"twitter:label2\" content=\"Tiempo de lectura\" \/>\n\t<meta name=\"twitter:data2\" content=\"4 minutos\" \/>\n<script type=\"application\/ld+json\" class=\"yoast-schema-graph\">{\"@context\":\"https:\\\/\\\/schema.org\",\"@graph\":[{\"@type\":\"Article\",\"@id\":\"https:\\\/\\\/www.eldiario.net\\\/portal\\\/2026\\\/04\\\/29\\\/propuestas-factibles-para-mejorar-entorno-empresarial\\\/#article\",\"isPartOf\":{\"@id\":\"https:\\\/\\\/www.eldiario.net\\\/portal\\\/2026\\\/04\\\/29\\\/propuestas-factibles-para-mejorar-entorno-empresarial\\\/\"},\"author\":{\"name\":\"Jeanette\",\"@id\":\"https:\\\/\\\/www.eldiario.net\\\/portal\\\/#\\\/schema\\\/person\\\/f46445640444750d7d753ccd04ae01b7\"},\"headline\":\"Propuestas factibles para mejorar entorno empresarial\",\"datePublished\":\"2026-04-29T10:24:53+00:00\",\"mainEntityOfPage\":{\"@id\":\"https:\\\/\\\/www.eldiario.net\\\/portal\\\/2026\\\/04\\\/29\\\/propuestas-factibles-para-mejorar-entorno-empresarial\\\/\"},\"wordCount\":727,\"publisher\":{\"@id\":\"https:\\\/\\\/www.eldiario.net\\\/portal\\\/#organization\"},\"image\":{\"@id\":\"https:\\\/\\\/www.eldiario.net\\\/portal\\\/2026\\\/04\\\/29\\\/propuestas-factibles-para-mejorar-entorno-empresarial\\\/#primaryimage\"},\"thumbnailUrl\":\"https:\\\/\\\/www.eldiario.net\\\/portal\\\/wp-content\\\/uploads\\\/2023\\\/11\\\/Ronald-Nostas-Ardaya.jpg\",\"articleSection\":[\"Opini\u00f3n\"],\"inLanguage\":\"es\"},{\"@type\":\"WebPage\",\"@id\":\"https:\\\/\\\/www.eldiario.net\\\/portal\\\/2026\\\/04\\\/29\\\/propuestas-factibles-para-mejorar-entorno-empresarial\\\/\",\"url\":\"https:\\\/\\\/www.eldiario.net\\\/portal\\\/2026\\\/04\\\/29\\\/propuestas-factibles-para-mejorar-entorno-empresarial\\\/\",\"name\":\"Propuestas factibles para mejorar entorno empresarial - El Diario - Bolivia\",\"isPartOf\":{\"@id\":\"https:\\\/\\\/www.eldiario.net\\\/portal\\\/#website\"},\"primaryImageOfPage\":{\"@id\":\"https:\\\/\\\/www.eldiario.net\\\/portal\\\/2026\\\/04\\\/29\\\/propuestas-factibles-para-mejorar-entorno-empresarial\\\/#primaryimage\"},\"image\":{\"@id\":\"https:\\\/\\\/www.eldiario.net\\\/portal\\\/2026\\\/04\\\/29\\\/propuestas-factibles-para-mejorar-entorno-empresarial\\\/#primaryimage\"},\"thumbnailUrl\":\"https:\\\/\\\/www.eldiario.net\\\/portal\\\/wp-content\\\/uploads\\\/2023\\\/11\\\/Ronald-Nostas-Ardaya.jpg\",\"datePublished\":\"2026-04-29T10:24:53+00:00\",\"breadcrumb\":{\"@id\":\"https:\\\/\\\/www.eldiario.net\\\/portal\\\/2026\\\/04\\\/29\\\/propuestas-factibles-para-mejorar-entorno-empresarial\\\/#breadcrumb\"},\"inLanguage\":\"es\",\"potentialAction\":[{\"@type\":\"ReadAction\",\"target\":[\"https:\\\/\\\/www.eldiario.net\\\/portal\\\/2026\\\/04\\\/29\\\/propuestas-factibles-para-mejorar-entorno-empresarial\\\/\"]}]},{\"@type\":\"ImageObject\",\"inLanguage\":\"es\",\"@id\":\"https:\\\/\\\/www.eldiario.net\\\/portal\\\/2026\\\/04\\\/29\\\/propuestas-factibles-para-mejorar-entorno-empresarial\\\/#primaryimage\",\"url\":\"https:\\\/\\\/www.eldiario.net\\\/portal\\\/wp-content\\\/uploads\\\/2023\\\/11\\\/Ronald-Nostas-Ardaya.jpg\",\"contentUrl\":\"https:\\\/\\\/www.eldiario.net\\\/portal\\\/wp-content\\\/uploads\\\/2023\\\/11\\\/Ronald-Nostas-Ardaya.jpg\",\"width\":1200,\"height\":628,\"caption\":\"Ronald Nostas Ardaya\"},{\"@type\":\"BreadcrumbList\",\"@id\":\"https:\\\/\\\/www.eldiario.net\\\/portal\\\/2026\\\/04\\\/29\\\/propuestas-factibles-para-mejorar-entorno-empresarial\\\/#breadcrumb\",\"itemListElement\":[{\"@type\":\"ListItem\",\"position\":1,\"name\":\"Portada\",\"item\":\"https:\\\/\\\/www.eldiario.net\\\/portal\\\/\"},{\"@type\":\"ListItem\",\"position\":2,\"name\":\"Propuestas factibles para mejorar entorno empresarial\"}]},{\"@type\":\"WebSite\",\"@id\":\"https:\\\/\\\/www.eldiario.net\\\/portal\\\/#website\",\"url\":\"https:\\\/\\\/www.eldiario.net\\\/portal\\\/\",\"name\":\"El Diario - Decano de la prensa nacional\",\"description\":\"El Diario - Decano de la prensa nacional\",\"publisher\":{\"@id\":\"https:\\\/\\\/www.eldiario.net\\\/portal\\\/#organization\"},\"potentialAction\":[{\"@type\":\"SearchAction\",\"target\":{\"@type\":\"EntryPoint\",\"urlTemplate\":\"https:\\\/\\\/www.eldiario.net\\\/portal\\\/?s={search_term_string}\"},\"query-input\":{\"@type\":\"PropertyValueSpecification\",\"valueRequired\":true,\"valueName\":\"search_term_string\"}}],\"inLanguage\":\"es\"},{\"@type\":\"Organization\",\"@id\":\"https:\\\/\\\/www.eldiario.net\\\/portal\\\/#organization\",\"name\":\"El Diario - Decano de la prensa nacional\",\"url\":\"https:\\\/\\\/www.eldiario.net\\\/portal\\\/\",\"logo\":{\"@type\":\"ImageObject\",\"inLanguage\":\"es\",\"@id\":\"https:\\\/\\\/www.eldiario.net\\\/portal\\\/#\\\/schema\\\/logo\\\/image\\\/\",\"url\":\"https:\\\/\\\/www.eldiario.net\\\/portal\\\/wp-content\\\/uploads\\\/2023\\\/07\\\/logo_ED.jpg\",\"contentUrl\":\"https:\\\/\\\/www.eldiario.net\\\/portal\\\/wp-content\\\/uploads\\\/2023\\\/07\\\/logo_ED.jpg\",\"width\":272,\"height\":52,\"caption\":\"El Diario - Decano de la prensa nacional\"},\"image\":{\"@id\":\"https:\\\/\\\/www.eldiario.net\\\/portal\\\/#\\\/schema\\\/logo\\\/image\\\/\"},\"sameAs\":[\"https:\\\/\\\/www.facebook.com\\\/eldiario.bolivia\\\/\",\"https:\\\/\\\/x.com\\\/eldiario_net\"]},{\"@type\":\"Person\",\"@id\":\"https:\\\/\\\/www.eldiario.net\\\/portal\\\/#\\\/schema\\\/person\\\/f46445640444750d7d753ccd04ae01b7\",\"name\":\"Jeanette\",\"image\":{\"@type\":\"ImageObject\",\"inLanguage\":\"es\",\"@id\":\"https:\\\/\\\/secure.gravatar.com\\\/avatar\\\/3ea2118a5f7dad2b7138b1187a6b7ee55f160b9968b66013c3a3ef39dd7e5798?s=96&d=mm&r=g\",\"url\":\"https:\\\/\\\/secure.gravatar.com\\\/avatar\\\/3ea2118a5f7dad2b7138b1187a6b7ee55f160b9968b66013c3a3ef39dd7e5798?s=96&d=mm&r=g\",\"contentUrl\":\"https:\\\/\\\/secure.gravatar.com\\\/avatar\\\/3ea2118a5f7dad2b7138b1187a6b7ee55f160b9968b66013c3a3ef39dd7e5798?s=96&d=mm&r=g\",\"caption\":\"Jeanette\"},\"sameAs\":[\"https:\\\/\\\/www.eldiario.net\\\/portal\"],\"url\":\"https:\\\/\\\/www.eldiario.net\\\/portal\\\/author\\\/jeanette\\\/\"}]}<\/script>\n<!-- \/ Yoast SEO plugin. -->","yoast_head_json":{"title":"Propuestas factibles para mejorar entorno empresarial - El Diario - Bolivia","robots":{"index":"index","follow":"follow","max-snippet":"max-snippet:-1","max-image-preview":"max-image-preview:large","max-video-preview":"max-video-preview:-1"},"canonical":"https:\/\/www.eldiario.net\/portal\/2026\/04\/29\/propuestas-factibles-para-mejorar-entorno-empresarial\/","og_locale":"es_ES","og_type":"article","og_title":"Propuestas factibles para mejorar entorno empresarial - El Diario - Bolivia","og_description":"La crisis que atraviesa Bolivia es el resultado de veinte a\u00f1os de vigencia de un r\u00e9gimen que apost\u00f3 por un Estado protagonista en la econom\u00eda, mientras relegaba al sector privado a un rol secundario y generaba bajo crecimiento, expansi\u00f3n de la informalidad, ca\u00edda de la inversi\u00f3n y una creciente p\u00e9rdida de confianza. Para revertir esta [&hellip;]","og_url":"https:\/\/www.eldiario.net\/portal\/2026\/04\/29\/propuestas-factibles-para-mejorar-entorno-empresarial\/","og_site_name":"El Diario - Bolivia","article_publisher":"https:\/\/www.facebook.com\/eldiario.bolivia\/","article_published_time":"2026-04-29T10:24:53+00:00","og_image":[{"width":1200,"height":628,"url":"https:\/\/www.eldiario.net\/portal\/wp-content\/uploads\/2023\/11\/Ronald-Nostas-Ardaya.jpg","type":"image\/jpeg"}],"author":"Jeanette","twitter_card":"summary_large_image","twitter_creator":"@eldiario_net","twitter_site":"@eldiario_net","twitter_misc":{"Escrito por":"Jeanette","Tiempo de lectura":"4 minutos"},"schema":{"@context":"https:\/\/schema.org","@graph":[{"@type":"Article","@id":"https:\/\/www.eldiario.net\/portal\/2026\/04\/29\/propuestas-factibles-para-mejorar-entorno-empresarial\/#article","isPartOf":{"@id":"https:\/\/www.eldiario.net\/portal\/2026\/04\/29\/propuestas-factibles-para-mejorar-entorno-empresarial\/"},"author":{"name":"Jeanette","@id":"https:\/\/www.eldiario.net\/portal\/#\/schema\/person\/f46445640444750d7d753ccd04ae01b7"},"headline":"Propuestas factibles para mejorar entorno empresarial","datePublished":"2026-04-29T10:24:53+00:00","mainEntityOfPage":{"@id":"https:\/\/www.eldiario.net\/portal\/2026\/04\/29\/propuestas-factibles-para-mejorar-entorno-empresarial\/"},"wordCount":727,"publisher":{"@id":"https:\/\/www.eldiario.net\/portal\/#organization"},"image":{"@id":"https:\/\/www.eldiario.net\/portal\/2026\/04\/29\/propuestas-factibles-para-mejorar-entorno-empresarial\/#primaryimage"},"thumbnailUrl":"https:\/\/www.eldiario.net\/portal\/wp-content\/uploads\/2023\/11\/Ronald-Nostas-Ardaya.jpg","articleSection":["Opini\u00f3n"],"inLanguage":"es"},{"@type":"WebPage","@id":"https:\/\/www.eldiario.net\/portal\/2026\/04\/29\/propuestas-factibles-para-mejorar-entorno-empresarial\/","url":"https:\/\/www.eldiario.net\/portal\/2026\/04\/29\/propuestas-factibles-para-mejorar-entorno-empresarial\/","name":"Propuestas factibles para mejorar entorno empresarial - El Diario - Bolivia","isPartOf":{"@id":"https:\/\/www.eldiario.net\/portal\/#website"},"primaryImageOfPage":{"@id":"https:\/\/www.eldiario.net\/portal\/2026\/04\/29\/propuestas-factibles-para-mejorar-entorno-empresarial\/#primaryimage"},"image":{"@id":"https:\/\/www.eldiario.net\/portal\/2026\/04\/29\/propuestas-factibles-para-mejorar-entorno-empresarial\/#primaryimage"},"thumbnailUrl":"https:\/\/www.eldiario.net\/portal\/wp-content\/uploads\/2023\/11\/Ronald-Nostas-Ardaya.jpg","datePublished":"2026-04-29T10:24:53+00:00","breadcrumb":{"@id":"https:\/\/www.eldiario.net\/portal\/2026\/04\/29\/propuestas-factibles-para-mejorar-entorno-empresarial\/#breadcrumb"},"inLanguage":"es","potentialAction":[{"@type":"ReadAction","target":["https:\/\/www.eldiario.net\/portal\/2026\/04\/29\/propuestas-factibles-para-mejorar-entorno-empresarial\/"]}]},{"@type":"ImageObject","inLanguage":"es","@id":"https:\/\/www.eldiario.net\/portal\/2026\/04\/29\/propuestas-factibles-para-mejorar-entorno-empresarial\/#primaryimage","url":"https:\/\/www.eldiario.net\/portal\/wp-content\/uploads\/2023\/11\/Ronald-Nostas-Ardaya.jpg","contentUrl":"https:\/\/www.eldiario.net\/portal\/wp-content\/uploads\/2023\/11\/Ronald-Nostas-Ardaya.jpg","width":1200,"height":628,"caption":"Ronald Nostas Ardaya"},{"@type":"BreadcrumbList","@id":"https:\/\/www.eldiario.net\/portal\/2026\/04\/29\/propuestas-factibles-para-mejorar-entorno-empresarial\/#breadcrumb","itemListElement":[{"@type":"ListItem","position":1,"name":"Portada","item":"https:\/\/www.eldiario.net\/portal\/"},{"@type":"ListItem","position":2,"name":"Propuestas factibles para mejorar entorno empresarial"}]},{"@type":"WebSite","@id":"https:\/\/www.eldiario.net\/portal\/#website","url":"https:\/\/www.eldiario.net\/portal\/","name":"El Diario - Decano de la prensa nacional","description":"El Diario - Decano de la prensa nacional","publisher":{"@id":"https:\/\/www.eldiario.net\/portal\/#organization"},"potentialAction":[{"@type":"SearchAction","target":{"@type":"EntryPoint","urlTemplate":"https:\/\/www.eldiario.net\/portal\/?s={search_term_string}"},"query-input":{"@type":"PropertyValueSpecification","valueRequired":true,"valueName":"search_term_string"}}],"inLanguage":"es"},{"@type":"Organization","@id":"https:\/\/www.eldiario.net\/portal\/#organization","name":"El Diario - Decano de la prensa nacional","url":"https:\/\/www.eldiario.net\/portal\/","logo":{"@type":"ImageObject","inLanguage":"es","@id":"https:\/\/www.eldiario.net\/portal\/#\/schema\/logo\/image\/","url":"https:\/\/www.eldiario.net\/portal\/wp-content\/uploads\/2023\/07\/logo_ED.jpg","contentUrl":"https:\/\/www.eldiario.net\/portal\/wp-content\/uploads\/2023\/07\/logo_ED.jpg","width":272,"height":52,"caption":"El Diario - Decano de la prensa nacional"},"image":{"@id":"https:\/\/www.eldiario.net\/portal\/#\/schema\/logo\/image\/"},"sameAs":["https:\/\/www.facebook.com\/eldiario.bolivia\/","https:\/\/x.com\/eldiario_net"]},{"@type":"Person","@id":"https:\/\/www.eldiario.net\/portal\/#\/schema\/person\/f46445640444750d7d753ccd04ae01b7","name":"Jeanette","image":{"@type":"ImageObject","inLanguage":"es","@id":"https:\/\/secure.gravatar.com\/avatar\/3ea2118a5f7dad2b7138b1187a6b7ee55f160b9968b66013c3a3ef39dd7e5798?s=96&d=mm&r=g","url":"https:\/\/secure.gravatar.com\/avatar\/3ea2118a5f7dad2b7138b1187a6b7ee55f160b9968b66013c3a3ef39dd7e5798?s=96&d=mm&r=g","contentUrl":"https:\/\/secure.gravatar.com\/avatar\/3ea2118a5f7dad2b7138b1187a6b7ee55f160b9968b66013c3a3ef39dd7e5798?s=96&d=mm&r=g","caption":"Jeanette"},"sameAs":["https:\/\/www.eldiario.net\/portal"],"url":"https:\/\/www.eldiario.net\/portal\/author\/jeanette\/"}]}},"_links":{"self":[{"href":"https:\/\/www.eldiario.net\/portal\/wp-json\/wp\/v2\/posts\/389510","targetHints":{"allow":["GET"]}}],"collection":[{"href":"https:\/\/www.eldiario.net\/portal\/wp-json\/wp\/v2\/posts"}],"about":[{"href":"https:\/\/www.eldiario.net\/portal\/wp-json\/wp\/v2\/types\/post"}],"author":[{"embeddable":true,"href":"https:\/\/www.eldiario.net\/portal\/wp-json\/wp\/v2\/users\/1"}],"replies":[{"embeddable":true,"href":"https:\/\/www.eldiario.net\/portal\/wp-json\/wp\/v2\/comments?post=389510"}],"version-history":[{"count":1,"href":"https:\/\/www.eldiario.net\/portal\/wp-json\/wp\/v2\/posts\/389510\/revisions"}],"predecessor-version":[{"id":389511,"href":"https:\/\/www.eldiario.net\/portal\/wp-json\/wp\/v2\/posts\/389510\/revisions\/389511"}],"wp:featuredmedia":[{"embeddable":true,"href":"https:\/\/www.eldiario.net\/portal\/wp-json\/wp\/v2\/media\/188324"}],"wp:attachment":[{"href":"https:\/\/www.eldiario.net\/portal\/wp-json\/wp\/v2\/media?parent=389510"}],"wp:term":[{"taxonomy":"category","embeddable":true,"href":"https:\/\/www.eldiario.net\/portal\/wp-json\/wp\/v2\/categories?post=389510"},{"taxonomy":"post_tag","embeddable":true,"href":"https:\/\/www.eldiario.net\/portal\/wp-json\/wp\/v2\/tags?post=389510"}],"curies":[{"name":"wp","href":"https:\/\/api.w.org\/{rel}","templated":true}]}}