{"id":389497,"date":"2026-04-29T06:20:18","date_gmt":"2026-04-29T10:20:18","guid":{"rendered":"https:\/\/www.eldiario.net\/portal\/?p=389497"},"modified":"2026-04-29T06:20:18","modified_gmt":"2026-04-29T10:20:18","slug":"nuevo-padron-y-ley-electoral-son-prioridades-para-el-tse-2","status":"publish","type":"post","link":"https:\/\/www.eldiario.net\/portal\/2026\/04\/29\/nuevo-padron-y-ley-electoral-son-prioridades-para-el-tse-2\/","title":{"rendered":"Nuevo padr\u00f3n y Ley Electoral  son prioridades para el TSE"},"content":{"rendered":"<p>Tras la finalizaci\u00f3n del proceso de las elecciones subnacionales, con la entrega de credenciales a las nuevas autoridades electas, el presidente del Tribunal Supremo Electoral (TSE), Gustavo \u00c1vila, se\u00f1al\u00f3 que todo boliviano ha comprendido que la actual norma electoral no puede usarse en futuros comicios, por lo que se trabajar\u00e1 para su modificaci\u00f3n y por un nuevo padr\u00f3n biom\u00e9trico.<br \/>\nEn declaraciones a medios de prensa, \u00c1vila asegur\u00f3 que, con la finalizaci\u00f3n del proceso subnacional, para el TSE inician dos grandes tareas: la elaboraci\u00f3n de una nueva normativa electoral y las gestiones para contar con un padr\u00f3n biom\u00e9trico que no despeje cualquier duda sobre la transparencia en futuras elecciones.<br \/>\n\u201cAlgo que nos ha dejado de ense\u00f1anza este ciclo electoral es que la ley que ven\u00eda de m\u00e1s de veinte a\u00f1os y ha sido elaborada buscando siempre la participaci\u00f3n de un solo partido, con sustituci\u00f3n de candidaturas a \u00faltimo momento, inhabilitaciones, no tener debates, ni alguna regulaci\u00f3n sobre encuestas. Yo creo que todo boliviano ha entendido que esta norma ya no se puede utilizar\u201d, indic\u00f3 la autoridad electoral.<br \/>\nSeg\u00fan \u00c1vila, el TSE ya cuenta con la norma redactada; sin embargo, antes de avanzar con su tr\u00e1mite legislativo, se proceder\u00e1 con su socializaci\u00f3n, esto para evitar que, tras una eventual aprobaci\u00f3n y promulgaci\u00f3n, la ley sea objeto de cr\u00edticas u observaciones por parte de la sociedad civil, las organizaciones pol\u00edticas y hasta la prensa.<br \/>\n\u201cVamos a trabajar con los partidos, con las organizaciones, con las universidades, colegios de profesionales y otros, todo para que sea una ley socializada, aceptada y que est\u00e9 acorde a nuestra realidad\u201d, expres\u00f3 \u00c1vila, adelantando que la siguiente semana el OEP sostendr\u00e1 una reuni\u00f3n con los tribunales departamentales, encuentro del que emerger\u00e1 el proyecto de ley final.<br \/>\nRespecto al actual Padr\u00f3n Electoral y la demanda de la ciudadan\u00eda boliviana por una urgente actualizaci\u00f3n en esta base de datos, el presidente del TSE sostuvo que este pedido est\u00e1 a\u00fan pendiente y se constituye en una \u201cherida abierta\u201d que en el pasado gener\u00f3 muchas dudas y fue usada por algunos pol\u00edticos como una bandera para buscar desprestigiar procesos electorales, situaci\u00f3n que debe subsanarse definitivamente.<br \/>\n\u201cComo nos hemos comprometido, Bolivia va tener su nuevo Padr\u00f3n Electoral y con eso vamos a cumplir esos dos objetivos\u201d, puntualiz\u00f3 el vocal presidente del TSE, adelantando que, en el tema de los recursos para esta tarea, existen varios organismos que ya han expresado su intenci\u00f3n de colaborar.<br \/>\nFinalmente, \u00c1vila acot\u00f3 que existe esperanza en que estos dos retos para el TSE se concreten y se pueda entregar al pa\u00eds un nuevo Padr\u00f3n Biom\u00e9trico y una normativa electoral para ser usadas en futuros procesos, \u201ceso tenemos que exigirlo todos\u201d.<br \/>\nPreviamente, el TSE, en administraci\u00f3n legal del Tribunal Electoral Departamental de La Paz, cumpli\u00f3 con la entrega de credenciales a las autoridades electas por este departamento en las elecciones subnacionales 2026.<br \/>\nCon el acto, concluy\u00f3 uno de los m\u00e1s intensos y complejos ciclos electorales de la historia reciente de Bolivia. Desde la celebraci\u00f3n de las Elecciones Judiciales de 2024, pasando por las Elecciones Generales en dos vueltas en 2025; finalmente, las Elecciones Subnacionales.<br \/>\n\u201cTengan la absoluta certeza de que la credencial que hoy (ayer) reciben es la expresi\u00f3n transparente y leg\u00edtima de la voluntad popular manifestada en una jornada electoral pac\u00edfica\u201d, enfatiz\u00f3 \u00c1vila en el acto de entrega de dichas acreditaciones organizado en predios del Campo Ferial Chuquiago Marka.<br \/>\nSeg\u00fan datos del TSE, m\u00e1s de 5.400 autoridades departamentales y municipales en todo el pa\u00eds recibieron sus respectivas acreditaciones, con lo que se da por concluido el proceso de las elecciones subnacionales 2026.<br \/>\nDestac\u00f3 adem\u00e1s la defensa firme del TSE al proceso electoral, atendiendo cada recurso judicial y acci\u00f3n constitucional en el marco de la norma vigente, con argumentos t\u00e9cnicos y jur\u00eddicos, resguardando siempre la integridad del proceso y el principio de preclusi\u00f3n, que garantiza certeza y seguridad jur\u00eddica en materia electoral.<br \/>\n\u201cTenemos la certeza de que nuestras determinaciones siempre se han ce\u00f1ido a la ley. Pueden haber resultado impopulares o dif\u00edciles de asumir, pero en todo momento actuamos en cumplimiento de la Constituci\u00f3n Pol\u00edtica del Estado y de la normativa vigente\u201d, sostuvo.<br \/>\nLa autoridad aprovech\u00f3 la oportunidad para agradecer el compromiso y trabajo del Tribunal Supremo Electoral y de los Tribunales Electorales Departamentales, de los jurados electorales, de la ciudadan\u00eda y, de manera especial, de todo el personal que compone el \u00d3rgano Electoral Plurinacional (OEP), \u201chombres y mujeres que recorren cientos de kil\u00f3metros, atraviesan monta\u00f1as y navegan r\u00edos con el fin de garantizar que todos los bolivianos ejerzan su derecho al voto\u201d.<\/p>\n<figure id=\"attachment_389499\" aria-describedby=\"caption-attachment-389499\" style=\"width: 1280px\" class=\"wp-caption alignleft\"><img loading=\"lazy\" decoding=\"async\" class=\"wp-image-389499 size-full\" src=\"https:\/\/www.eldiario.net\/portal\/wp-content\/uploads\/2026\/04\/41-POL-11.webp\" alt=\"EL PRESIDENTE DEL TSE, GUSTAVO \u00c1VILA, DURANTE SU INTERVENCI\u00d3N EN LA ENTREGA DE CREDEnCIALES.\" width=\"1280\" height=\"929\" srcset=\"https:\/\/www.eldiario.net\/portal\/wp-content\/uploads\/2026\/04\/41-POL-11.webp 1280w, https:\/\/www.eldiario.net\/portal\/wp-content\/uploads\/2026\/04\/41-POL-11-300x218.webp 300w, https:\/\/www.eldiario.net\/portal\/wp-content\/uploads\/2026\/04\/41-POL-11-1024x743.webp 1024w, https:\/\/www.eldiario.net\/portal\/wp-content\/uploads\/2026\/04\/41-POL-11-768x557.webp 768w, https:\/\/www.eldiario.net\/portal\/wp-content\/uploads\/2026\/04\/41-POL-11-579x420.webp 579w, https:\/\/www.eldiario.net\/portal\/wp-content\/uploads\/2026\/04\/41-POL-11-150x109.webp 150w, https:\/\/www.eldiario.net\/portal\/wp-content\/uploads\/2026\/04\/41-POL-11-696x505.webp 696w, https:\/\/www.eldiario.net\/portal\/wp-content\/uploads\/2026\/04\/41-POL-11-1068x775.webp 1068w\" sizes=\"auto, (max-width: 1280px) 100vw, 1280px\" \/><figcaption id=\"caption-attachment-389499\" class=\"wp-caption-text\">EL PRESIDENTE DEL TSE, GUSTAVO \u00c1VILA, DURANTE SU INTERVENCI\u00d3N EN LA ENTREGA DE CREDEnCIALES.<\/figcaption><\/figure>\n","protected":false},"excerpt":{"rendered":"<p>Tras la finalizaci\u00f3n del proceso de las elecciones subnacionales, con la entrega de credenciales a las nuevas autoridades electas, el presidente del Tribunal Supremo Electoral (TSE), Gustavo \u00c1vila, se\u00f1al\u00f3 que todo boliviano ha comprendido que la actual norma electoral no puede usarse en futuros comicios, por lo que se trabajar\u00e1 para su modificaci\u00f3n y por [&hellip;]<\/p>\n","protected":false},"author":1,"featured_media":389498,"comment_status":"closed","ping_status":"open","sticky":false,"template":"","format":"standard","meta":{"_acf_changed":false,"footnotes":""},"categories":[14],"tags":[],"class_list":["post-389497","post","type-post","status-publish","format-standard","has-post-thumbnail","category-politica"],"acf":{"antetitulo":"Se\u00f1ala Gustavo \u00c1vila"},"yoast_head":"<!-- This site is optimized with the Yoast SEO plugin v28.3 - https:\/\/yoast.com\/product\/yoast-seo-wordpress\/ -->\n<title>Nuevo padr\u00f3n y Ley Electoral son prioridades para el TSE - El Diario - Bolivia<\/title>\n<meta name=\"robots\" content=\"index, follow, max-snippet:-1, max-image-preview:large, max-video-preview:-1\" \/>\n<link rel=\"canonical\" href=\"https:\/\/www.eldiario.net\/portal\/2026\/04\/29\/nuevo-padron-y-ley-electoral-son-prioridades-para-el-tse-2\/\" \/>\n<meta property=\"og:locale\" content=\"es_ES\" \/>\n<meta property=\"og:type\" content=\"article\" \/>\n<meta property=\"og:title\" content=\"Nuevo padr\u00f3n y Ley Electoral son prioridades para el TSE - El Diario - Bolivia\" \/>\n<meta property=\"og:description\" content=\"Tras la finalizaci\u00f3n del proceso de las elecciones subnacionales, con la entrega de credenciales a las nuevas autoridades electas, el presidente del Tribunal Supremo Electoral (TSE), Gustavo \u00c1vila, se\u00f1al\u00f3 que todo boliviano ha comprendido que la actual norma electoral no puede usarse en futuros comicios, por lo que se trabajar\u00e1 para su modificaci\u00f3n y por [&hellip;]\" \/>\n<meta property=\"og:url\" content=\"https:\/\/www.eldiario.net\/portal\/2026\/04\/29\/nuevo-padron-y-ley-electoral-son-prioridades-para-el-tse-2\/\" \/>\n<meta property=\"og:site_name\" content=\"El Diario - Bolivia\" \/>\n<meta property=\"article:publisher\" content=\"https:\/\/www.facebook.com\/eldiario.bolivia\/\" \/>\n<meta property=\"article:published_time\" content=\"2026-04-29T10:20:18+00:00\" \/>\n<meta property=\"og:image\" content=\"https:\/\/www.eldiario.net\/portal\/wp-content\/uploads\/2026\/04\/40-POL-16.webp\" \/>\n\t<meta property=\"og:image:width\" content=\"1280\" \/>\n\t<meta property=\"og:image:height\" content=\"853\" \/>\n\t<meta property=\"og:image:type\" content=\"image\/webp\" \/>\n<meta name=\"author\" content=\"Jeanette\" \/>\n<meta name=\"twitter:card\" content=\"summary_large_image\" \/>\n<meta name=\"twitter:creator\" content=\"@eldiario_net\" \/>\n<meta name=\"twitter:site\" content=\"@eldiario_net\" \/>\n<meta name=\"twitter:label1\" content=\"Escrito por\" \/>\n\t<meta name=\"twitter:data1\" content=\"Jeanette\" \/>\n\t<meta name=\"twitter:label2\" content=\"Tiempo de lectura\" \/>\n\t<meta name=\"twitter:data2\" content=\"4 minutos\" \/>\n<script type=\"application\/ld+json\" class=\"yoast-schema-graph\">{\"@context\":\"https:\\\/\\\/schema.org\",\"@graph\":[{\"@type\":\"Article\",\"@id\":\"https:\\\/\\\/www.eldiario.net\\\/portal\\\/2026\\\/04\\\/29\\\/nuevo-padron-y-ley-electoral-son-prioridades-para-el-tse-2\\\/#article\",\"isPartOf\":{\"@id\":\"https:\\\/\\\/www.eldiario.net\\\/portal\\\/2026\\\/04\\\/29\\\/nuevo-padron-y-ley-electoral-son-prioridades-para-el-tse-2\\\/\"},\"author\":{\"name\":\"Jeanette\",\"@id\":\"https:\\\/\\\/www.eldiario.net\\\/portal\\\/#\\\/schema\\\/person\\\/f46445640444750d7d753ccd04ae01b7\"},\"headline\":\"Nuevo padr\u00f3n y Ley Electoral son prioridades para el TSE\",\"datePublished\":\"2026-04-29T10:20:18+00:00\",\"mainEntityOfPage\":{\"@id\":\"https:\\\/\\\/www.eldiario.net\\\/portal\\\/2026\\\/04\\\/29\\\/nuevo-padron-y-ley-electoral-son-prioridades-para-el-tse-2\\\/\"},\"wordCount\":840,\"publisher\":{\"@id\":\"https:\\\/\\\/www.eldiario.net\\\/portal\\\/#organization\"},\"image\":{\"@id\":\"https:\\\/\\\/www.eldiario.net\\\/portal\\\/2026\\\/04\\\/29\\\/nuevo-padron-y-ley-electoral-son-prioridades-para-el-tse-2\\\/#primaryimage\"},\"thumbnailUrl\":\"https:\\\/\\\/www.eldiario.net\\\/portal\\\/wp-content\\\/uploads\\\/2026\\\/04\\\/40-POL-16.webp\",\"articleSection\":[\"Pol\u00edtica\"],\"inLanguage\":\"es\"},{\"@type\":\"WebPage\",\"@id\":\"https:\\\/\\\/www.eldiario.net\\\/portal\\\/2026\\\/04\\\/29\\\/nuevo-padron-y-ley-electoral-son-prioridades-para-el-tse-2\\\/\",\"url\":\"https:\\\/\\\/www.eldiario.net\\\/portal\\\/2026\\\/04\\\/29\\\/nuevo-padron-y-ley-electoral-son-prioridades-para-el-tse-2\\\/\",\"name\":\"Nuevo padr\u00f3n y Ley Electoral son prioridades para el TSE - El Diario - Bolivia\",\"isPartOf\":{\"@id\":\"https:\\\/\\\/www.eldiario.net\\\/portal\\\/#website\"},\"primaryImageOfPage\":{\"@id\":\"https:\\\/\\\/www.eldiario.net\\\/portal\\\/2026\\\/04\\\/29\\\/nuevo-padron-y-ley-electoral-son-prioridades-para-el-tse-2\\\/#primaryimage\"},\"image\":{\"@id\":\"https:\\\/\\\/www.eldiario.net\\\/portal\\\/2026\\\/04\\\/29\\\/nuevo-padron-y-ley-electoral-son-prioridades-para-el-tse-2\\\/#primaryimage\"},\"thumbnailUrl\":\"https:\\\/\\\/www.eldiario.net\\\/portal\\\/wp-content\\\/uploads\\\/2026\\\/04\\\/40-POL-16.webp\",\"datePublished\":\"2026-04-29T10:20:18+00:00\",\"breadcrumb\":{\"@id\":\"https:\\\/\\\/www.eldiario.net\\\/portal\\\/2026\\\/04\\\/29\\\/nuevo-padron-y-ley-electoral-son-prioridades-para-el-tse-2\\\/#breadcrumb\"},\"inLanguage\":\"es\",\"potentialAction\":[{\"@type\":\"ReadAction\",\"target\":[\"https:\\\/\\\/www.eldiario.net\\\/portal\\\/2026\\\/04\\\/29\\\/nuevo-padron-y-ley-electoral-son-prioridades-para-el-tse-2\\\/\"]}]},{\"@type\":\"ImageObject\",\"inLanguage\":\"es\",\"@id\":\"https:\\\/\\\/www.eldiario.net\\\/portal\\\/2026\\\/04\\\/29\\\/nuevo-padron-y-ley-electoral-son-prioridades-para-el-tse-2\\\/#primaryimage\",\"url\":\"https:\\\/\\\/www.eldiario.net\\\/portal\\\/wp-content\\\/uploads\\\/2026\\\/04\\\/40-POL-16.webp\",\"contentUrl\":\"https:\\\/\\\/www.eldiario.net\\\/portal\\\/wp-content\\\/uploads\\\/2026\\\/04\\\/40-POL-16.webp\",\"width\":1280,\"height\":853,\"caption\":\"Algunas nuevas autoridades subnacionales electas, ayer en la entrega de credenciales.\"},{\"@type\":\"BreadcrumbList\",\"@id\":\"https:\\\/\\\/www.eldiario.net\\\/portal\\\/2026\\\/04\\\/29\\\/nuevo-padron-y-ley-electoral-son-prioridades-para-el-tse-2\\\/#breadcrumb\",\"itemListElement\":[{\"@type\":\"ListItem\",\"position\":1,\"name\":\"Portada\",\"item\":\"https:\\\/\\\/www.eldiario.net\\\/portal\\\/\"},{\"@type\":\"ListItem\",\"position\":2,\"name\":\"Nuevo padr\u00f3n y Ley Electoral son prioridades para el TSE\"}]},{\"@type\":\"WebSite\",\"@id\":\"https:\\\/\\\/www.eldiario.net\\\/portal\\\/#website\",\"url\":\"https:\\\/\\\/www.eldiario.net\\\/portal\\\/\",\"name\":\"El Diario - Decano de la prensa nacional\",\"description\":\"El Diario - Decano de la prensa nacional\",\"publisher\":{\"@id\":\"https:\\\/\\\/www.eldiario.net\\\/portal\\\/#organization\"},\"potentialAction\":[{\"@type\":\"SearchAction\",\"target\":{\"@type\":\"EntryPoint\",\"urlTemplate\":\"https:\\\/\\\/www.eldiario.net\\\/portal\\\/?s={search_term_string}\"},\"query-input\":{\"@type\":\"PropertyValueSpecification\",\"valueRequired\":true,\"valueName\":\"search_term_string\"}}],\"inLanguage\":\"es\"},{\"@type\":\"Organization\",\"@id\":\"https:\\\/\\\/www.eldiario.net\\\/portal\\\/#organization\",\"name\":\"El Diario - Decano de la prensa nacional\",\"url\":\"https:\\\/\\\/www.eldiario.net\\\/portal\\\/\",\"logo\":{\"@type\":\"ImageObject\",\"inLanguage\":\"es\",\"@id\":\"https:\\\/\\\/www.eldiario.net\\\/portal\\\/#\\\/schema\\\/logo\\\/image\\\/\",\"url\":\"https:\\\/\\\/www.eldiario.net\\\/portal\\\/wp-content\\\/uploads\\\/2023\\\/07\\\/logo_ED.jpg\",\"contentUrl\":\"https:\\\/\\\/www.eldiario.net\\\/portal\\\/wp-content\\\/uploads\\\/2023\\\/07\\\/logo_ED.jpg\",\"width\":272,\"height\":52,\"caption\":\"El Diario - Decano de la prensa nacional\"},\"image\":{\"@id\":\"https:\\\/\\\/www.eldiario.net\\\/portal\\\/#\\\/schema\\\/logo\\\/image\\\/\"},\"sameAs\":[\"https:\\\/\\\/www.facebook.com\\\/eldiario.bolivia\\\/\",\"https:\\\/\\\/x.com\\\/eldiario_net\"]},{\"@type\":\"Person\",\"@id\":\"https:\\\/\\\/www.eldiario.net\\\/portal\\\/#\\\/schema\\\/person\\\/f46445640444750d7d753ccd04ae01b7\",\"name\":\"Jeanette\",\"image\":{\"@type\":\"ImageObject\",\"inLanguage\":\"es\",\"@id\":\"https:\\\/\\\/secure.gravatar.com\\\/avatar\\\/3ea2118a5f7dad2b7138b1187a6b7ee55f160b9968b66013c3a3ef39dd7e5798?s=96&d=mm&r=g\",\"url\":\"https:\\\/\\\/secure.gravatar.com\\\/avatar\\\/3ea2118a5f7dad2b7138b1187a6b7ee55f160b9968b66013c3a3ef39dd7e5798?s=96&d=mm&r=g\",\"contentUrl\":\"https:\\\/\\\/secure.gravatar.com\\\/avatar\\\/3ea2118a5f7dad2b7138b1187a6b7ee55f160b9968b66013c3a3ef39dd7e5798?s=96&d=mm&r=g\",\"caption\":\"Jeanette\"},\"sameAs\":[\"https:\\\/\\\/www.eldiario.net\\\/portal\"],\"url\":\"https:\\\/\\\/www.eldiario.net\\\/portal\\\/author\\\/jeanette\\\/\"}]}<\/script>\n<!-- \/ Yoast SEO plugin. -->","yoast_head_json":{"title":"Nuevo padr\u00f3n y Ley Electoral son prioridades para el TSE - El Diario - Bolivia","robots":{"index":"index","follow":"follow","max-snippet":"max-snippet:-1","max-image-preview":"max-image-preview:large","max-video-preview":"max-video-preview:-1"},"canonical":"https:\/\/www.eldiario.net\/portal\/2026\/04\/29\/nuevo-padron-y-ley-electoral-son-prioridades-para-el-tse-2\/","og_locale":"es_ES","og_type":"article","og_title":"Nuevo padr\u00f3n y Ley Electoral son prioridades para el TSE - El Diario - Bolivia","og_description":"Tras la finalizaci\u00f3n del proceso de las elecciones subnacionales, con la entrega de credenciales a las nuevas autoridades electas, el presidente del Tribunal Supremo Electoral (TSE), Gustavo \u00c1vila, se\u00f1al\u00f3 que todo boliviano ha comprendido que la actual norma electoral no puede usarse en futuros comicios, por lo que se trabajar\u00e1 para su modificaci\u00f3n y por [&hellip;]","og_url":"https:\/\/www.eldiario.net\/portal\/2026\/04\/29\/nuevo-padron-y-ley-electoral-son-prioridades-para-el-tse-2\/","og_site_name":"El Diario - Bolivia","article_publisher":"https:\/\/www.facebook.com\/eldiario.bolivia\/","article_published_time":"2026-04-29T10:20:18+00:00","og_image":[{"width":1280,"height":853,"url":"https:\/\/www.eldiario.net\/portal\/wp-content\/uploads\/2026\/04\/40-POL-16.webp","type":"image\/webp"}],"author":"Jeanette","twitter_card":"summary_large_image","twitter_creator":"@eldiario_net","twitter_site":"@eldiario_net","twitter_misc":{"Escrito por":"Jeanette","Tiempo de lectura":"4 minutos"},"schema":{"@context":"https:\/\/schema.org","@graph":[{"@type":"Article","@id":"https:\/\/www.eldiario.net\/portal\/2026\/04\/29\/nuevo-padron-y-ley-electoral-son-prioridades-para-el-tse-2\/#article","isPartOf":{"@id":"https:\/\/www.eldiario.net\/portal\/2026\/04\/29\/nuevo-padron-y-ley-electoral-son-prioridades-para-el-tse-2\/"},"author":{"name":"Jeanette","@id":"https:\/\/www.eldiario.net\/portal\/#\/schema\/person\/f46445640444750d7d753ccd04ae01b7"},"headline":"Nuevo padr\u00f3n y Ley Electoral son prioridades para el TSE","datePublished":"2026-04-29T10:20:18+00:00","mainEntityOfPage":{"@id":"https:\/\/www.eldiario.net\/portal\/2026\/04\/29\/nuevo-padron-y-ley-electoral-son-prioridades-para-el-tse-2\/"},"wordCount":840,"publisher":{"@id":"https:\/\/www.eldiario.net\/portal\/#organization"},"image":{"@id":"https:\/\/www.eldiario.net\/portal\/2026\/04\/29\/nuevo-padron-y-ley-electoral-son-prioridades-para-el-tse-2\/#primaryimage"},"thumbnailUrl":"https:\/\/www.eldiario.net\/portal\/wp-content\/uploads\/2026\/04\/40-POL-16.webp","articleSection":["Pol\u00edtica"],"inLanguage":"es"},{"@type":"WebPage","@id":"https:\/\/www.eldiario.net\/portal\/2026\/04\/29\/nuevo-padron-y-ley-electoral-son-prioridades-para-el-tse-2\/","url":"https:\/\/www.eldiario.net\/portal\/2026\/04\/29\/nuevo-padron-y-ley-electoral-son-prioridades-para-el-tse-2\/","name":"Nuevo padr\u00f3n y Ley Electoral son prioridades para el TSE - El Diario - Bolivia","isPartOf":{"@id":"https:\/\/www.eldiario.net\/portal\/#website"},"primaryImageOfPage":{"@id":"https:\/\/www.eldiario.net\/portal\/2026\/04\/29\/nuevo-padron-y-ley-electoral-son-prioridades-para-el-tse-2\/#primaryimage"},"image":{"@id":"https:\/\/www.eldiario.net\/portal\/2026\/04\/29\/nuevo-padron-y-ley-electoral-son-prioridades-para-el-tse-2\/#primaryimage"},"thumbnailUrl":"https:\/\/www.eldiario.net\/portal\/wp-content\/uploads\/2026\/04\/40-POL-16.webp","datePublished":"2026-04-29T10:20:18+00:00","breadcrumb":{"@id":"https:\/\/www.eldiario.net\/portal\/2026\/04\/29\/nuevo-padron-y-ley-electoral-son-prioridades-para-el-tse-2\/#breadcrumb"},"inLanguage":"es","potentialAction":[{"@type":"ReadAction","target":["https:\/\/www.eldiario.net\/portal\/2026\/04\/29\/nuevo-padron-y-ley-electoral-son-prioridades-para-el-tse-2\/"]}]},{"@type":"ImageObject","inLanguage":"es","@id":"https:\/\/www.eldiario.net\/portal\/2026\/04\/29\/nuevo-padron-y-ley-electoral-son-prioridades-para-el-tse-2\/#primaryimage","url":"https:\/\/www.eldiario.net\/portal\/wp-content\/uploads\/2026\/04\/40-POL-16.webp","contentUrl":"https:\/\/www.eldiario.net\/portal\/wp-content\/uploads\/2026\/04\/40-POL-16.webp","width":1280,"height":853,"caption":"Algunas nuevas autoridades subnacionales electas, ayer en la entrega de credenciales."},{"@type":"BreadcrumbList","@id":"https:\/\/www.eldiario.net\/portal\/2026\/04\/29\/nuevo-padron-y-ley-electoral-son-prioridades-para-el-tse-2\/#breadcrumb","itemListElement":[{"@type":"ListItem","position":1,"name":"Portada","item":"https:\/\/www.eldiario.net\/portal\/"},{"@type":"ListItem","position":2,"name":"Nuevo padr\u00f3n y Ley Electoral son prioridades para el TSE"}]},{"@type":"WebSite","@id":"https:\/\/www.eldiario.net\/portal\/#website","url":"https:\/\/www.eldiario.net\/portal\/","name":"El Diario - Decano de la prensa nacional","description":"El Diario - Decano de la prensa nacional","publisher":{"@id":"https:\/\/www.eldiario.net\/portal\/#organization"},"potentialAction":[{"@type":"SearchAction","target":{"@type":"EntryPoint","urlTemplate":"https:\/\/www.eldiario.net\/portal\/?s={search_term_string}"},"query-input":{"@type":"PropertyValueSpecification","valueRequired":true,"valueName":"search_term_string"}}],"inLanguage":"es"},{"@type":"Organization","@id":"https:\/\/www.eldiario.net\/portal\/#organization","name":"El Diario - Decano de la prensa nacional","url":"https:\/\/www.eldiario.net\/portal\/","logo":{"@type":"ImageObject","inLanguage":"es","@id":"https:\/\/www.eldiario.net\/portal\/#\/schema\/logo\/image\/","url":"https:\/\/www.eldiario.net\/portal\/wp-content\/uploads\/2023\/07\/logo_ED.jpg","contentUrl":"https:\/\/www.eldiario.net\/portal\/wp-content\/uploads\/2023\/07\/logo_ED.jpg","width":272,"height":52,"caption":"El Diario - Decano de la prensa nacional"},"image":{"@id":"https:\/\/www.eldiario.net\/portal\/#\/schema\/logo\/image\/"},"sameAs":["https:\/\/www.facebook.com\/eldiario.bolivia\/","https:\/\/x.com\/eldiario_net"]},{"@type":"Person","@id":"https:\/\/www.eldiario.net\/portal\/#\/schema\/person\/f46445640444750d7d753ccd04ae01b7","name":"Jeanette","image":{"@type":"ImageObject","inLanguage":"es","@id":"https:\/\/secure.gravatar.com\/avatar\/3ea2118a5f7dad2b7138b1187a6b7ee55f160b9968b66013c3a3ef39dd7e5798?s=96&d=mm&r=g","url":"https:\/\/secure.gravatar.com\/avatar\/3ea2118a5f7dad2b7138b1187a6b7ee55f160b9968b66013c3a3ef39dd7e5798?s=96&d=mm&r=g","contentUrl":"https:\/\/secure.gravatar.com\/avatar\/3ea2118a5f7dad2b7138b1187a6b7ee55f160b9968b66013c3a3ef39dd7e5798?s=96&d=mm&r=g","caption":"Jeanette"},"sameAs":["https:\/\/www.eldiario.net\/portal"],"url":"https:\/\/www.eldiario.net\/portal\/author\/jeanette\/"}]}},"_links":{"self":[{"href":"https:\/\/www.eldiario.net\/portal\/wp-json\/wp\/v2\/posts\/389497","targetHints":{"allow":["GET"]}}],"collection":[{"href":"https:\/\/www.eldiario.net\/portal\/wp-json\/wp\/v2\/posts"}],"about":[{"href":"https:\/\/www.eldiario.net\/portal\/wp-json\/wp\/v2\/types\/post"}],"author":[{"embeddable":true,"href":"https:\/\/www.eldiario.net\/portal\/wp-json\/wp\/v2\/users\/1"}],"replies":[{"embeddable":true,"href":"https:\/\/www.eldiario.net\/portal\/wp-json\/wp\/v2\/comments?post=389497"}],"version-history":[{"count":1,"href":"https:\/\/www.eldiario.net\/portal\/wp-json\/wp\/v2\/posts\/389497\/revisions"}],"predecessor-version":[{"id":389500,"href":"https:\/\/www.eldiario.net\/portal\/wp-json\/wp\/v2\/posts\/389497\/revisions\/389500"}],"wp:featuredmedia":[{"embeddable":true,"href":"https:\/\/www.eldiario.net\/portal\/wp-json\/wp\/v2\/media\/389498"}],"wp:attachment":[{"href":"https:\/\/www.eldiario.net\/portal\/wp-json\/wp\/v2\/media?parent=389497"}],"wp:term":[{"taxonomy":"category","embeddable":true,"href":"https:\/\/www.eldiario.net\/portal\/wp-json\/wp\/v2\/categories?post=389497"},{"taxonomy":"post_tag","embeddable":true,"href":"https:\/\/www.eldiario.net\/portal\/wp-json\/wp\/v2\/tags?post=389497"}],"curies":[{"name":"wp","href":"https:\/\/api.w.org\/{rel}","templated":true}]}}