{"id":389494,"date":"2026-04-29T06:19:19","date_gmt":"2026-04-29T10:19:19","guid":{"rendered":"https:\/\/www.eldiario.net\/portal\/?p=389494"},"modified":"2026-04-29T06:19:19","modified_gmt":"2026-04-29T10:19:19","slug":"advierten-un-accionar-politico-en-la-defensoria-2","status":"publish","type":"post","link":"https:\/\/www.eldiario.net\/portal\/2026\/04\/29\/advierten-un-accionar-politico-en-la-defensoria-2\/","title":{"rendered":"Advierten un accionar pol\u00edtico en la Defensor\u00eda"},"content":{"rendered":"<p>Cuestionando un supuesto accionar pol\u00edtico en la Defensor\u00eda del Pueblo, el diputado por la alianza Libre, Edgar Zegarra Bernal, asegur\u00f3 que recientes declaraciones emitidas por parte del titular del ente defensorial, Pedro Callisaya, demuestran que esta instancia ha dejado de lado la defensa de los derechos humanos y comenz\u00f3 a \u201cponer zancadillas a la democracia\u201d.<br \/>\n\u201cEl se\u00f1or Defensor del Pueblo ha estado mudo y callado durante los 20 a\u00f1os del sistema \u2018masista\u2019 y desde que asumi\u00f3 su responsabilidad, este se\u00f1or pareciera un operador pol\u00edtico en vez de ser defensor, ha dejado de lado su papel, no hemos visto una tarea eficiente en temas de derechos humanos, en fiscalizar a ministros que han pisoteado derechos, en temas pendientes de juicios, pero aparece para atizar el fuego y poner zancadillas a la democracia en estos d\u00edas\u201d, expres\u00f3 Zegarra en conferencia de prensa.<br \/>\nSeg\u00fan el parlamentario representante del departamento de Potos\u00ed, la norma indica que la tarea de la Defensor\u00eda del Pueblo es velar por los derechos de las personas, fortalecer el ejercicio de la democracia y promover el respeto a los ciudadanos y las instituciones, no asumir posici\u00f3n pol\u00edtica alguna o emitir posiciones fuera de lugar.<br \/>\n\u201cLe estamos convocando a dar un informe oral para que nos d\u00e9 detalles sobre un cuestionamiento totalmente apegado a la democracia y los derechos humanos\u201d, inform\u00f3 Zegarra.<br \/>\nRecientemente, el Defensor del Pueblo, Pedro Callisaya, present\u00f3 un informe respecto al comportamiento de la conflictividad en Bolivia en el primer trimestre 2026, estudio que evidencia un aumento significativo de los conflictos sociales en el pa\u00eds.<br \/>\n\u201cEl patr\u00f3n hist\u00f3rico de conflictividad de Bolivia refiere que mensualmente tenemos un promedio de 30 conflictos. Hoy estamos casi duplicando esa cantidad a 58 conflictos\u201d, se\u00f1al\u00f3 Callisaya.<br \/>\nEl informe detalla que durante el primer trimestre se registraron 176 hechos de conflictividad, de los cuales 157 corresponden a conflictos activos y 19 a anuncios.<br \/>\n\u201cEl Gobierno no est\u00e1 sabiendo gestionar los conflictos, ni en su soluci\u00f3n, ni en el manejo de sus tiempos y sobre todo en este \u00faltimo caso que acabamos de ver en el tema de combustible donde un problema se est\u00e1 traduciendo en un conflicto y un conflicto de alta densidad y de larga data porque se est\u00e1n sumando actores, se est\u00e1n ampliando las regiones en las que existe el conflicto\u201d, explic\u00f3.<\/p>\n","protected":false},"excerpt":{"rendered":"<p>Cuestionando un supuesto accionar pol\u00edtico en la Defensor\u00eda del Pueblo, el diputado por la alianza Libre, Edgar Zegarra Bernal, asegur\u00f3 que recientes declaraciones emitidas por parte del titular del ente defensorial, Pedro Callisaya, demuestran que esta instancia ha dejado de lado la defensa de los derechos humanos y comenz\u00f3 a \u201cponer zancadillas a la democracia\u201d. [&hellip;]<\/p>\n","protected":false},"author":1,"featured_media":389495,"comment_status":"closed","ping_status":"open","sticky":false,"template":"","format":"standard","meta":{"_acf_changed":false,"footnotes":""},"categories":[14],"tags":[],"class_list":["post-389494","post","type-post","status-publish","format-standard","has-post-thumbnail","category-politica"],"acf":{"antetitulo":"Tras un silencio de 20 a\u00f1os"},"yoast_head":"<!-- This site is optimized with the Yoast SEO plugin v28.3 - https:\/\/yoast.com\/product\/yoast-seo-wordpress\/ -->\n<title>Advierten un accionar pol\u00edtico en la Defensor\u00eda - El Diario - Bolivia<\/title>\n<meta name=\"robots\" content=\"index, follow, max-snippet:-1, max-image-preview:large, max-video-preview:-1\" \/>\n<link rel=\"canonical\" href=\"https:\/\/www.eldiario.net\/portal\/2026\/04\/29\/advierten-un-accionar-politico-en-la-defensoria-2\/\" \/>\n<meta property=\"og:locale\" content=\"es_ES\" \/>\n<meta property=\"og:type\" content=\"article\" \/>\n<meta property=\"og:title\" content=\"Advierten un accionar pol\u00edtico en la Defensor\u00eda - El Diario - Bolivia\" \/>\n<meta property=\"og:description\" content=\"Cuestionando un supuesto accionar pol\u00edtico en la Defensor\u00eda del Pueblo, el diputado por la alianza Libre, Edgar Zegarra Bernal, asegur\u00f3 que recientes declaraciones emitidas por parte del titular del ente defensorial, Pedro Callisaya, demuestran que esta instancia ha dejado de lado la defensa de los derechos humanos y comenz\u00f3 a \u201cponer zancadillas a la democracia\u201d. [&hellip;]\" \/>\n<meta property=\"og:url\" content=\"https:\/\/www.eldiario.net\/portal\/2026\/04\/29\/advierten-un-accionar-politico-en-la-defensoria-2\/\" \/>\n<meta property=\"og:site_name\" content=\"El Diario - Bolivia\" \/>\n<meta property=\"article:publisher\" content=\"https:\/\/www.facebook.com\/eldiario.bolivia\/\" \/>\n<meta property=\"article:published_time\" content=\"2026-04-29T10:19:19+00:00\" \/>\n<meta property=\"og:image\" content=\"https:\/\/www.eldiario.net\/portal\/wp-content\/uploads\/2026\/04\/42-POL-11.webp\" \/>\n\t<meta property=\"og:image:width\" content=\"1280\" \/>\n\t<meta property=\"og:image:height\" content=\"853\" \/>\n\t<meta property=\"og:image:type\" content=\"image\/webp\" \/>\n<meta name=\"author\" content=\"Jeanette\" \/>\n<meta name=\"twitter:card\" content=\"summary_large_image\" \/>\n<meta name=\"twitter:creator\" content=\"@eldiario_net\" \/>\n<meta name=\"twitter:site\" content=\"@eldiario_net\" \/>\n<meta name=\"twitter:label1\" content=\"Escrito por\" \/>\n\t<meta name=\"twitter:data1\" content=\"Jeanette\" \/>\n\t<meta name=\"twitter:label2\" content=\"Tiempo de lectura\" \/>\n\t<meta name=\"twitter:data2\" content=\"2 minutos\" \/>\n<script type=\"application\/ld+json\" class=\"yoast-schema-graph\">{\"@context\":\"https:\\\/\\\/schema.org\",\"@graph\":[{\"@type\":\"Article\",\"@id\":\"https:\\\/\\\/www.eldiario.net\\\/portal\\\/2026\\\/04\\\/29\\\/advierten-un-accionar-politico-en-la-defensoria-2\\\/#article\",\"isPartOf\":{\"@id\":\"https:\\\/\\\/www.eldiario.net\\\/portal\\\/2026\\\/04\\\/29\\\/advierten-un-accionar-politico-en-la-defensoria-2\\\/\"},\"author\":{\"name\":\"Jeanette\",\"@id\":\"https:\\\/\\\/www.eldiario.net\\\/portal\\\/#\\\/schema\\\/person\\\/f46445640444750d7d753ccd04ae01b7\"},\"headline\":\"Advierten un accionar pol\u00edtico en la Defensor\u00eda\",\"datePublished\":\"2026-04-29T10:19:19+00:00\",\"mainEntityOfPage\":{\"@id\":\"https:\\\/\\\/www.eldiario.net\\\/portal\\\/2026\\\/04\\\/29\\\/advierten-un-accionar-politico-en-la-defensoria-2\\\/\"},\"wordCount\":401,\"publisher\":{\"@id\":\"https:\\\/\\\/www.eldiario.net\\\/portal\\\/#organization\"},\"image\":{\"@id\":\"https:\\\/\\\/www.eldiario.net\\\/portal\\\/2026\\\/04\\\/29\\\/advierten-un-accionar-politico-en-la-defensoria-2\\\/#primaryimage\"},\"thumbnailUrl\":\"https:\\\/\\\/www.eldiario.net\\\/portal\\\/wp-content\\\/uploads\\\/2026\\\/04\\\/42-POL-11.webp\",\"articleSection\":[\"Pol\u00edtica\"],\"inLanguage\":\"es\"},{\"@type\":\"WebPage\",\"@id\":\"https:\\\/\\\/www.eldiario.net\\\/portal\\\/2026\\\/04\\\/29\\\/advierten-un-accionar-politico-en-la-defensoria-2\\\/\",\"url\":\"https:\\\/\\\/www.eldiario.net\\\/portal\\\/2026\\\/04\\\/29\\\/advierten-un-accionar-politico-en-la-defensoria-2\\\/\",\"name\":\"Advierten un accionar pol\u00edtico en la Defensor\u00eda - El Diario - Bolivia\",\"isPartOf\":{\"@id\":\"https:\\\/\\\/www.eldiario.net\\\/portal\\\/#website\"},\"primaryImageOfPage\":{\"@id\":\"https:\\\/\\\/www.eldiario.net\\\/portal\\\/2026\\\/04\\\/29\\\/advierten-un-accionar-politico-en-la-defensoria-2\\\/#primaryimage\"},\"image\":{\"@id\":\"https:\\\/\\\/www.eldiario.net\\\/portal\\\/2026\\\/04\\\/29\\\/advierten-un-accionar-politico-en-la-defensoria-2\\\/#primaryimage\"},\"thumbnailUrl\":\"https:\\\/\\\/www.eldiario.net\\\/portal\\\/wp-content\\\/uploads\\\/2026\\\/04\\\/42-POL-11.webp\",\"datePublished\":\"2026-04-29T10:19:19+00:00\",\"breadcrumb\":{\"@id\":\"https:\\\/\\\/www.eldiario.net\\\/portal\\\/2026\\\/04\\\/29\\\/advierten-un-accionar-politico-en-la-defensoria-2\\\/#breadcrumb\"},\"inLanguage\":\"es\",\"potentialAction\":[{\"@type\":\"ReadAction\",\"target\":[\"https:\\\/\\\/www.eldiario.net\\\/portal\\\/2026\\\/04\\\/29\\\/advierten-un-accionar-politico-en-la-defensoria-2\\\/\"]}]},{\"@type\":\"ImageObject\",\"inLanguage\":\"es\",\"@id\":\"https:\\\/\\\/www.eldiario.net\\\/portal\\\/2026\\\/04\\\/29\\\/advierten-un-accionar-politico-en-la-defensoria-2\\\/#primaryimage\",\"url\":\"https:\\\/\\\/www.eldiario.net\\\/portal\\\/wp-content\\\/uploads\\\/2026\\\/04\\\/42-POL-11.webp\",\"contentUrl\":\"https:\\\/\\\/www.eldiario.net\\\/portal\\\/wp-content\\\/uploads\\\/2026\\\/04\\\/42-POL-11.webp\",\"width\":1280,\"height\":853,\"caption\":\"Diputado Edgar Zegarra (Libre)\"},{\"@type\":\"BreadcrumbList\",\"@id\":\"https:\\\/\\\/www.eldiario.net\\\/portal\\\/2026\\\/04\\\/29\\\/advierten-un-accionar-politico-en-la-defensoria-2\\\/#breadcrumb\",\"itemListElement\":[{\"@type\":\"ListItem\",\"position\":1,\"name\":\"Portada\",\"item\":\"https:\\\/\\\/www.eldiario.net\\\/portal\\\/\"},{\"@type\":\"ListItem\",\"position\":2,\"name\":\"Advierten un accionar pol\u00edtico en la Defensor\u00eda\"}]},{\"@type\":\"WebSite\",\"@id\":\"https:\\\/\\\/www.eldiario.net\\\/portal\\\/#website\",\"url\":\"https:\\\/\\\/www.eldiario.net\\\/portal\\\/\",\"name\":\"El Diario - Decano de la prensa nacional\",\"description\":\"El Diario - Decano de la prensa nacional\",\"publisher\":{\"@id\":\"https:\\\/\\\/www.eldiario.net\\\/portal\\\/#organization\"},\"potentialAction\":[{\"@type\":\"SearchAction\",\"target\":{\"@type\":\"EntryPoint\",\"urlTemplate\":\"https:\\\/\\\/www.eldiario.net\\\/portal\\\/?s={search_term_string}\"},\"query-input\":{\"@type\":\"PropertyValueSpecification\",\"valueRequired\":true,\"valueName\":\"search_term_string\"}}],\"inLanguage\":\"es\"},{\"@type\":\"Organization\",\"@id\":\"https:\\\/\\\/www.eldiario.net\\\/portal\\\/#organization\",\"name\":\"El Diario - Decano de la prensa nacional\",\"url\":\"https:\\\/\\\/www.eldiario.net\\\/portal\\\/\",\"logo\":{\"@type\":\"ImageObject\",\"inLanguage\":\"es\",\"@id\":\"https:\\\/\\\/www.eldiario.net\\\/portal\\\/#\\\/schema\\\/logo\\\/image\\\/\",\"url\":\"https:\\\/\\\/www.eldiario.net\\\/portal\\\/wp-content\\\/uploads\\\/2023\\\/07\\\/logo_ED.jpg\",\"contentUrl\":\"https:\\\/\\\/www.eldiario.net\\\/portal\\\/wp-content\\\/uploads\\\/2023\\\/07\\\/logo_ED.jpg\",\"width\":272,\"height\":52,\"caption\":\"El Diario - Decano de la prensa nacional\"},\"image\":{\"@id\":\"https:\\\/\\\/www.eldiario.net\\\/portal\\\/#\\\/schema\\\/logo\\\/image\\\/\"},\"sameAs\":[\"https:\\\/\\\/www.facebook.com\\\/eldiario.bolivia\\\/\",\"https:\\\/\\\/x.com\\\/eldiario_net\"]},{\"@type\":\"Person\",\"@id\":\"https:\\\/\\\/www.eldiario.net\\\/portal\\\/#\\\/schema\\\/person\\\/f46445640444750d7d753ccd04ae01b7\",\"name\":\"Jeanette\",\"image\":{\"@type\":\"ImageObject\",\"inLanguage\":\"es\",\"@id\":\"https:\\\/\\\/secure.gravatar.com\\\/avatar\\\/3ea2118a5f7dad2b7138b1187a6b7ee55f160b9968b66013c3a3ef39dd7e5798?s=96&d=mm&r=g\",\"url\":\"https:\\\/\\\/secure.gravatar.com\\\/avatar\\\/3ea2118a5f7dad2b7138b1187a6b7ee55f160b9968b66013c3a3ef39dd7e5798?s=96&d=mm&r=g\",\"contentUrl\":\"https:\\\/\\\/secure.gravatar.com\\\/avatar\\\/3ea2118a5f7dad2b7138b1187a6b7ee55f160b9968b66013c3a3ef39dd7e5798?s=96&d=mm&r=g\",\"caption\":\"Jeanette\"},\"sameAs\":[\"https:\\\/\\\/www.eldiario.net\\\/portal\"],\"url\":\"https:\\\/\\\/www.eldiario.net\\\/portal\\\/author\\\/jeanette\\\/\"}]}<\/script>\n<!-- \/ Yoast SEO plugin. -->","yoast_head_json":{"title":"Advierten un accionar pol\u00edtico en la Defensor\u00eda - El Diario - Bolivia","robots":{"index":"index","follow":"follow","max-snippet":"max-snippet:-1","max-image-preview":"max-image-preview:large","max-video-preview":"max-video-preview:-1"},"canonical":"https:\/\/www.eldiario.net\/portal\/2026\/04\/29\/advierten-un-accionar-politico-en-la-defensoria-2\/","og_locale":"es_ES","og_type":"article","og_title":"Advierten un accionar pol\u00edtico en la Defensor\u00eda - El Diario - Bolivia","og_description":"Cuestionando un supuesto accionar pol\u00edtico en la Defensor\u00eda del Pueblo, el diputado por la alianza Libre, Edgar Zegarra Bernal, asegur\u00f3 que recientes declaraciones emitidas por parte del titular del ente defensorial, Pedro Callisaya, demuestran que esta instancia ha dejado de lado la defensa de los derechos humanos y comenz\u00f3 a \u201cponer zancadillas a la democracia\u201d. [&hellip;]","og_url":"https:\/\/www.eldiario.net\/portal\/2026\/04\/29\/advierten-un-accionar-politico-en-la-defensoria-2\/","og_site_name":"El Diario - Bolivia","article_publisher":"https:\/\/www.facebook.com\/eldiario.bolivia\/","article_published_time":"2026-04-29T10:19:19+00:00","og_image":[{"width":1280,"height":853,"url":"https:\/\/www.eldiario.net\/portal\/wp-content\/uploads\/2026\/04\/42-POL-11.webp","type":"image\/webp"}],"author":"Jeanette","twitter_card":"summary_large_image","twitter_creator":"@eldiario_net","twitter_site":"@eldiario_net","twitter_misc":{"Escrito por":"Jeanette","Tiempo de lectura":"2 minutos"},"schema":{"@context":"https:\/\/schema.org","@graph":[{"@type":"Article","@id":"https:\/\/www.eldiario.net\/portal\/2026\/04\/29\/advierten-un-accionar-politico-en-la-defensoria-2\/#article","isPartOf":{"@id":"https:\/\/www.eldiario.net\/portal\/2026\/04\/29\/advierten-un-accionar-politico-en-la-defensoria-2\/"},"author":{"name":"Jeanette","@id":"https:\/\/www.eldiario.net\/portal\/#\/schema\/person\/f46445640444750d7d753ccd04ae01b7"},"headline":"Advierten un accionar pol\u00edtico en la Defensor\u00eda","datePublished":"2026-04-29T10:19:19+00:00","mainEntityOfPage":{"@id":"https:\/\/www.eldiario.net\/portal\/2026\/04\/29\/advierten-un-accionar-politico-en-la-defensoria-2\/"},"wordCount":401,"publisher":{"@id":"https:\/\/www.eldiario.net\/portal\/#organization"},"image":{"@id":"https:\/\/www.eldiario.net\/portal\/2026\/04\/29\/advierten-un-accionar-politico-en-la-defensoria-2\/#primaryimage"},"thumbnailUrl":"https:\/\/www.eldiario.net\/portal\/wp-content\/uploads\/2026\/04\/42-POL-11.webp","articleSection":["Pol\u00edtica"],"inLanguage":"es"},{"@type":"WebPage","@id":"https:\/\/www.eldiario.net\/portal\/2026\/04\/29\/advierten-un-accionar-politico-en-la-defensoria-2\/","url":"https:\/\/www.eldiario.net\/portal\/2026\/04\/29\/advierten-un-accionar-politico-en-la-defensoria-2\/","name":"Advierten un accionar pol\u00edtico en la Defensor\u00eda - El Diario - Bolivia","isPartOf":{"@id":"https:\/\/www.eldiario.net\/portal\/#website"},"primaryImageOfPage":{"@id":"https:\/\/www.eldiario.net\/portal\/2026\/04\/29\/advierten-un-accionar-politico-en-la-defensoria-2\/#primaryimage"},"image":{"@id":"https:\/\/www.eldiario.net\/portal\/2026\/04\/29\/advierten-un-accionar-politico-en-la-defensoria-2\/#primaryimage"},"thumbnailUrl":"https:\/\/www.eldiario.net\/portal\/wp-content\/uploads\/2026\/04\/42-POL-11.webp","datePublished":"2026-04-29T10:19:19+00:00","breadcrumb":{"@id":"https:\/\/www.eldiario.net\/portal\/2026\/04\/29\/advierten-un-accionar-politico-en-la-defensoria-2\/#breadcrumb"},"inLanguage":"es","potentialAction":[{"@type":"ReadAction","target":["https:\/\/www.eldiario.net\/portal\/2026\/04\/29\/advierten-un-accionar-politico-en-la-defensoria-2\/"]}]},{"@type":"ImageObject","inLanguage":"es","@id":"https:\/\/www.eldiario.net\/portal\/2026\/04\/29\/advierten-un-accionar-politico-en-la-defensoria-2\/#primaryimage","url":"https:\/\/www.eldiario.net\/portal\/wp-content\/uploads\/2026\/04\/42-POL-11.webp","contentUrl":"https:\/\/www.eldiario.net\/portal\/wp-content\/uploads\/2026\/04\/42-POL-11.webp","width":1280,"height":853,"caption":"Diputado Edgar Zegarra (Libre)"},{"@type":"BreadcrumbList","@id":"https:\/\/www.eldiario.net\/portal\/2026\/04\/29\/advierten-un-accionar-politico-en-la-defensoria-2\/#breadcrumb","itemListElement":[{"@type":"ListItem","position":1,"name":"Portada","item":"https:\/\/www.eldiario.net\/portal\/"},{"@type":"ListItem","position":2,"name":"Advierten un accionar pol\u00edtico en la Defensor\u00eda"}]},{"@type":"WebSite","@id":"https:\/\/www.eldiario.net\/portal\/#website","url":"https:\/\/www.eldiario.net\/portal\/","name":"El Diario - Decano de la prensa nacional","description":"El Diario - Decano de la prensa nacional","publisher":{"@id":"https:\/\/www.eldiario.net\/portal\/#organization"},"potentialAction":[{"@type":"SearchAction","target":{"@type":"EntryPoint","urlTemplate":"https:\/\/www.eldiario.net\/portal\/?s={search_term_string}"},"query-input":{"@type":"PropertyValueSpecification","valueRequired":true,"valueName":"search_term_string"}}],"inLanguage":"es"},{"@type":"Organization","@id":"https:\/\/www.eldiario.net\/portal\/#organization","name":"El Diario - Decano de la prensa nacional","url":"https:\/\/www.eldiario.net\/portal\/","logo":{"@type":"ImageObject","inLanguage":"es","@id":"https:\/\/www.eldiario.net\/portal\/#\/schema\/logo\/image\/","url":"https:\/\/www.eldiario.net\/portal\/wp-content\/uploads\/2023\/07\/logo_ED.jpg","contentUrl":"https:\/\/www.eldiario.net\/portal\/wp-content\/uploads\/2023\/07\/logo_ED.jpg","width":272,"height":52,"caption":"El Diario - Decano de la prensa nacional"},"image":{"@id":"https:\/\/www.eldiario.net\/portal\/#\/schema\/logo\/image\/"},"sameAs":["https:\/\/www.facebook.com\/eldiario.bolivia\/","https:\/\/x.com\/eldiario_net"]},{"@type":"Person","@id":"https:\/\/www.eldiario.net\/portal\/#\/schema\/person\/f46445640444750d7d753ccd04ae01b7","name":"Jeanette","image":{"@type":"ImageObject","inLanguage":"es","@id":"https:\/\/secure.gravatar.com\/avatar\/3ea2118a5f7dad2b7138b1187a6b7ee55f160b9968b66013c3a3ef39dd7e5798?s=96&d=mm&r=g","url":"https:\/\/secure.gravatar.com\/avatar\/3ea2118a5f7dad2b7138b1187a6b7ee55f160b9968b66013c3a3ef39dd7e5798?s=96&d=mm&r=g","contentUrl":"https:\/\/secure.gravatar.com\/avatar\/3ea2118a5f7dad2b7138b1187a6b7ee55f160b9968b66013c3a3ef39dd7e5798?s=96&d=mm&r=g","caption":"Jeanette"},"sameAs":["https:\/\/www.eldiario.net\/portal"],"url":"https:\/\/www.eldiario.net\/portal\/author\/jeanette\/"}]}},"_links":{"self":[{"href":"https:\/\/www.eldiario.net\/portal\/wp-json\/wp\/v2\/posts\/389494","targetHints":{"allow":["GET"]}}],"collection":[{"href":"https:\/\/www.eldiario.net\/portal\/wp-json\/wp\/v2\/posts"}],"about":[{"href":"https:\/\/www.eldiario.net\/portal\/wp-json\/wp\/v2\/types\/post"}],"author":[{"embeddable":true,"href":"https:\/\/www.eldiario.net\/portal\/wp-json\/wp\/v2\/users\/1"}],"replies":[{"embeddable":true,"href":"https:\/\/www.eldiario.net\/portal\/wp-json\/wp\/v2\/comments?post=389494"}],"version-history":[{"count":1,"href":"https:\/\/www.eldiario.net\/portal\/wp-json\/wp\/v2\/posts\/389494\/revisions"}],"predecessor-version":[{"id":389496,"href":"https:\/\/www.eldiario.net\/portal\/wp-json\/wp\/v2\/posts\/389494\/revisions\/389496"}],"wp:featuredmedia":[{"embeddable":true,"href":"https:\/\/www.eldiario.net\/portal\/wp-json\/wp\/v2\/media\/389495"}],"wp:attachment":[{"href":"https:\/\/www.eldiario.net\/portal\/wp-json\/wp\/v2\/media?parent=389494"}],"wp:term":[{"taxonomy":"category","embeddable":true,"href":"https:\/\/www.eldiario.net\/portal\/wp-json\/wp\/v2\/categories?post=389494"},{"taxonomy":"post_tag","embeddable":true,"href":"https:\/\/www.eldiario.net\/portal\/wp-json\/wp\/v2\/tags?post=389494"}],"curies":[{"name":"wp","href":"https:\/\/api.w.org\/{rel}","templated":true}]}}