{"id":389488,"date":"2026-04-29T06:18:02","date_gmt":"2026-04-29T10:18:02","guid":{"rendered":"https:\/\/www.eldiario.net\/portal\/?p=389488"},"modified":"2026-04-29T06:18:02","modified_gmt":"2026-04-29T10:18:02","slug":"morales-carece-de-moral-para-cuestionar-al-actual-gobierno","status":"publish","type":"post","link":"https:\/\/www.eldiario.net\/portal\/2026\/04\/29\/morales-carece-de-moral-para-cuestionar-al-actual-gobierno\/","title":{"rendered":"Morales carece de moral para  cuestionar al actual gobierno"},"content":{"rendered":"<p>Sum\u00e1ndose a los cuestionamientos hacia las declaraciones del expresidente Evo Morales, respecto a la actual situaci\u00f3n de la estatal Yacimientos Petrol\u00edferos Fiscales Bolivianos (YPFB), la diputada por el Partido Dem\u00f3crata Cristiano (PDC), Claudia Bilbao Espinoza, afirm\u00f3 que el l\u00edder cocalero carece de moral para hacer cr\u00edticas al actual gobierno; asimismo, pidi\u00f3 que la exautoridad se presente ante la justicia para responder por los procesos que tiene pendientes.<br \/>\n\u201cAqu\u00ed algo debe estar claro, nadie ha nacionalizado (YPFB), no ha habido tal nacionalizaci\u00f3n, hemos tenido que pagar a las empresas internacionales afectadas y seguimos debiendo. Eso no es nacionalizaci\u00f3n\u201d, sostuvo la legisladora pace\u00f1a.<br \/>\nEn criterio de Bilbao, la exautoridad carece de moral para hablar de la situaci\u00f3n de YPFB, m\u00e1s si se toma en cuenta que, al inicio de su gesti\u00f3n el a\u00f1o 2006, el Estado boliviano contaba con recursos como el gas y actualmente se ve que MAS y su modelo socialista llevaron al pa\u00eds \u201ca la cat\u00e1strofe\u201d.<br \/>\nAdem\u00e1s, lamentando que gran parte de los recursos de la bonanza econ\u00f3mica, mal administrada por el MAS, haya dejado para los bolivianos obras mal ejecutadas y elefantes blancos, Bilbao desafi\u00f3 a Morales a presentarse ante la justicia para responder por los procesos que tiene en su contra.<br \/>\nEl fin de semana, el presidente Rodrigo Paz respondi\u00f3 a las declaraciones de Evo Morales sobre la situaci\u00f3n de YPFB, cuestionando la legitimidad del dirigente cocalero para referirse al tema y recordando que, junto a su exministro de Econom\u00eda Luis Arce, dejaron esta empresa estatal en la quiebra.<br \/>\n\u201cEvo, no tienes autoridad moral para hablar de YPFB, que junto a Arce quebraron, ni para seguir confundiendo al pa\u00eds\u201d, expres\u00f3 la autoridad a trav\u00e9s de sus redes sociales.<br \/>\nEl presidente record\u00f3 que, al inicio de la anterior gesti\u00f3n, YPFB era una empresa s\u00f3lida; sin embargo, durante 20 a\u00f1os se usaron estos recursos para intereses pol\u00edticos, \u201cgastando el dinero del gas y no asegurar el futuro de la patria\u201d.<br \/>\nEl mandatario tambi\u00e9n se refiri\u00f3 a la situaci\u00f3n heredada en el abastecimiento de combustible, se\u00f1alando que la actual administraci\u00f3n enfrenta las consecuencias de decisiones pasadas, \u201cno pueden pretender que resolvamos en meses lo que destruyeron con corrupci\u00f3n en 20 a\u00f1os. Dejaron un pa\u00eds arrasado que estamos empezando a reconstruir\u201d, dijo Paz, reiterando el compromiso de su gobierno con la transformaci\u00f3n de la empresa estatal.<br \/>\nPor otro lado, desminti\u00f3 cualquier intenci\u00f3n de privatizaci\u00f3n.<\/p>\n","protected":false},"excerpt":{"rendered":"<p>Sum\u00e1ndose a los cuestionamientos hacia las declaraciones del expresidente Evo Morales, respecto a la actual situaci\u00f3n de la estatal Yacimientos Petrol\u00edferos Fiscales Bolivianos (YPFB), la diputada por el Partido Dem\u00f3crata Cristiano (PDC), Claudia Bilbao Espinoza, afirm\u00f3 que el l\u00edder cocalero carece de moral para hacer cr\u00edticas al actual gobierno; asimismo, pidi\u00f3 que la exautoridad se [&hellip;]<\/p>\n","protected":false},"author":1,"featured_media":389489,"comment_status":"closed","ping_status":"open","sticky":false,"template":"","format":"standard","meta":{"_acf_changed":false,"footnotes":""},"categories":[14],"tags":[],"class_list":["post-389488","post","type-post","status-publish","format-standard","has-post-thumbnail","category-politica"],"acf":{"antetitulo":"Por haber llevado al pa\u00eds a la cat\u00e1strofe"},"yoast_head":"<!-- This site is optimized with the Yoast SEO plugin v28.3 - https:\/\/yoast.com\/product\/yoast-seo-wordpress\/ -->\n<title>Morales carece de moral para cuestionar al actual gobierno - El Diario - Bolivia<\/title>\n<meta name=\"robots\" content=\"index, follow, max-snippet:-1, max-image-preview:large, max-video-preview:-1\" \/>\n<link rel=\"canonical\" href=\"https:\/\/www.eldiario.net\/portal\/2026\/04\/29\/morales-carece-de-moral-para-cuestionar-al-actual-gobierno\/\" \/>\n<meta property=\"og:locale\" content=\"es_ES\" \/>\n<meta property=\"og:type\" content=\"article\" \/>\n<meta property=\"og:title\" content=\"Morales carece de moral para cuestionar al actual gobierno - El Diario - Bolivia\" \/>\n<meta property=\"og:description\" content=\"Sum\u00e1ndose a los cuestionamientos hacia las declaraciones del expresidente Evo Morales, respecto a la actual situaci\u00f3n de la estatal Yacimientos Petrol\u00edferos Fiscales Bolivianos (YPFB), la diputada por el Partido Dem\u00f3crata Cristiano (PDC), Claudia Bilbao Espinoza, afirm\u00f3 que el l\u00edder cocalero carece de moral para hacer cr\u00edticas al actual gobierno; asimismo, pidi\u00f3 que la exautoridad se [&hellip;]\" \/>\n<meta property=\"og:url\" content=\"https:\/\/www.eldiario.net\/portal\/2026\/04\/29\/morales-carece-de-moral-para-cuestionar-al-actual-gobierno\/\" \/>\n<meta property=\"og:site_name\" content=\"El Diario - Bolivia\" \/>\n<meta property=\"article:publisher\" content=\"https:\/\/www.facebook.com\/eldiario.bolivia\/\" \/>\n<meta property=\"article:published_time\" content=\"2026-04-29T10:18:02+00:00\" \/>\n<meta property=\"og:image\" content=\"https:\/\/www.eldiario.net\/portal\/wp-content\/uploads\/2026\/04\/43-POL-6.webp\" \/>\n\t<meta property=\"og:image:width\" content=\"1280\" \/>\n\t<meta property=\"og:image:height\" content=\"853\" \/>\n\t<meta property=\"og:image:type\" content=\"image\/webp\" \/>\n<meta name=\"author\" content=\"Jeanette\" \/>\n<meta name=\"twitter:card\" content=\"summary_large_image\" \/>\n<meta name=\"twitter:creator\" content=\"@eldiario_net\" \/>\n<meta name=\"twitter:site\" content=\"@eldiario_net\" \/>\n<meta name=\"twitter:label1\" content=\"Escrito por\" \/>\n\t<meta name=\"twitter:data1\" content=\"Jeanette\" \/>\n\t<meta name=\"twitter:label2\" content=\"Tiempo de lectura\" \/>\n\t<meta name=\"twitter:data2\" content=\"3 minutos\" \/>\n<script type=\"application\/ld+json\" class=\"yoast-schema-graph\">{\"@context\":\"https:\\\/\\\/schema.org\",\"@graph\":[{\"@type\":\"Article\",\"@id\":\"https:\\\/\\\/www.eldiario.net\\\/portal\\\/2026\\\/04\\\/29\\\/morales-carece-de-moral-para-cuestionar-al-actual-gobierno\\\/#article\",\"isPartOf\":{\"@id\":\"https:\\\/\\\/www.eldiario.net\\\/portal\\\/2026\\\/04\\\/29\\\/morales-carece-de-moral-para-cuestionar-al-actual-gobierno\\\/\"},\"author\":{\"name\":\"Jeanette\",\"@id\":\"https:\\\/\\\/www.eldiario.net\\\/portal\\\/#\\\/schema\\\/person\\\/f46445640444750d7d753ccd04ae01b7\"},\"headline\":\"Morales carece de moral para cuestionar al actual gobierno\",\"datePublished\":\"2026-04-29T10:18:02+00:00\",\"mainEntityOfPage\":{\"@id\":\"https:\\\/\\\/www.eldiario.net\\\/portal\\\/2026\\\/04\\\/29\\\/morales-carece-de-moral-para-cuestionar-al-actual-gobierno\\\/\"},\"wordCount\":434,\"publisher\":{\"@id\":\"https:\\\/\\\/www.eldiario.net\\\/portal\\\/#organization\"},\"image\":{\"@id\":\"https:\\\/\\\/www.eldiario.net\\\/portal\\\/2026\\\/04\\\/29\\\/morales-carece-de-moral-para-cuestionar-al-actual-gobierno\\\/#primaryimage\"},\"thumbnailUrl\":\"https:\\\/\\\/www.eldiario.net\\\/portal\\\/wp-content\\\/uploads\\\/2026\\\/04\\\/43-POL-6.webp\",\"articleSection\":[\"Pol\u00edtica\"],\"inLanguage\":\"es\"},{\"@type\":\"WebPage\",\"@id\":\"https:\\\/\\\/www.eldiario.net\\\/portal\\\/2026\\\/04\\\/29\\\/morales-carece-de-moral-para-cuestionar-al-actual-gobierno\\\/\",\"url\":\"https:\\\/\\\/www.eldiario.net\\\/portal\\\/2026\\\/04\\\/29\\\/morales-carece-de-moral-para-cuestionar-al-actual-gobierno\\\/\",\"name\":\"Morales carece de moral para cuestionar al actual gobierno - El Diario - Bolivia\",\"isPartOf\":{\"@id\":\"https:\\\/\\\/www.eldiario.net\\\/portal\\\/#website\"},\"primaryImageOfPage\":{\"@id\":\"https:\\\/\\\/www.eldiario.net\\\/portal\\\/2026\\\/04\\\/29\\\/morales-carece-de-moral-para-cuestionar-al-actual-gobierno\\\/#primaryimage\"},\"image\":{\"@id\":\"https:\\\/\\\/www.eldiario.net\\\/portal\\\/2026\\\/04\\\/29\\\/morales-carece-de-moral-para-cuestionar-al-actual-gobierno\\\/#primaryimage\"},\"thumbnailUrl\":\"https:\\\/\\\/www.eldiario.net\\\/portal\\\/wp-content\\\/uploads\\\/2026\\\/04\\\/43-POL-6.webp\",\"datePublished\":\"2026-04-29T10:18:02+00:00\",\"breadcrumb\":{\"@id\":\"https:\\\/\\\/www.eldiario.net\\\/portal\\\/2026\\\/04\\\/29\\\/morales-carece-de-moral-para-cuestionar-al-actual-gobierno\\\/#breadcrumb\"},\"inLanguage\":\"es\",\"potentialAction\":[{\"@type\":\"ReadAction\",\"target\":[\"https:\\\/\\\/www.eldiario.net\\\/portal\\\/2026\\\/04\\\/29\\\/morales-carece-de-moral-para-cuestionar-al-actual-gobierno\\\/\"]}]},{\"@type\":\"ImageObject\",\"inLanguage\":\"es\",\"@id\":\"https:\\\/\\\/www.eldiario.net\\\/portal\\\/2026\\\/04\\\/29\\\/morales-carece-de-moral-para-cuestionar-al-actual-gobierno\\\/#primaryimage\",\"url\":\"https:\\\/\\\/www.eldiario.net\\\/portal\\\/wp-content\\\/uploads\\\/2026\\\/04\\\/43-POL-6.webp\",\"contentUrl\":\"https:\\\/\\\/www.eldiario.net\\\/portal\\\/wp-content\\\/uploads\\\/2026\\\/04\\\/43-POL-6.webp\",\"width\":1280,\"height\":853,\"caption\":\"Diputada Claudia Bilbao (PDC)\"},{\"@type\":\"BreadcrumbList\",\"@id\":\"https:\\\/\\\/www.eldiario.net\\\/portal\\\/2026\\\/04\\\/29\\\/morales-carece-de-moral-para-cuestionar-al-actual-gobierno\\\/#breadcrumb\",\"itemListElement\":[{\"@type\":\"ListItem\",\"position\":1,\"name\":\"Portada\",\"item\":\"https:\\\/\\\/www.eldiario.net\\\/portal\\\/\"},{\"@type\":\"ListItem\",\"position\":2,\"name\":\"Morales carece de moral para cuestionar al actual gobierno\"}]},{\"@type\":\"WebSite\",\"@id\":\"https:\\\/\\\/www.eldiario.net\\\/portal\\\/#website\",\"url\":\"https:\\\/\\\/www.eldiario.net\\\/portal\\\/\",\"name\":\"El Diario - Decano de la prensa nacional\",\"description\":\"El Diario - Decano de la prensa nacional\",\"publisher\":{\"@id\":\"https:\\\/\\\/www.eldiario.net\\\/portal\\\/#organization\"},\"potentialAction\":[{\"@type\":\"SearchAction\",\"target\":{\"@type\":\"EntryPoint\",\"urlTemplate\":\"https:\\\/\\\/www.eldiario.net\\\/portal\\\/?s={search_term_string}\"},\"query-input\":{\"@type\":\"PropertyValueSpecification\",\"valueRequired\":true,\"valueName\":\"search_term_string\"}}],\"inLanguage\":\"es\"},{\"@type\":\"Organization\",\"@id\":\"https:\\\/\\\/www.eldiario.net\\\/portal\\\/#organization\",\"name\":\"El Diario - Decano de la prensa nacional\",\"url\":\"https:\\\/\\\/www.eldiario.net\\\/portal\\\/\",\"logo\":{\"@type\":\"ImageObject\",\"inLanguage\":\"es\",\"@id\":\"https:\\\/\\\/www.eldiario.net\\\/portal\\\/#\\\/schema\\\/logo\\\/image\\\/\",\"url\":\"https:\\\/\\\/www.eldiario.net\\\/portal\\\/wp-content\\\/uploads\\\/2023\\\/07\\\/logo_ED.jpg\",\"contentUrl\":\"https:\\\/\\\/www.eldiario.net\\\/portal\\\/wp-content\\\/uploads\\\/2023\\\/07\\\/logo_ED.jpg\",\"width\":272,\"height\":52,\"caption\":\"El Diario - Decano de la prensa nacional\"},\"image\":{\"@id\":\"https:\\\/\\\/www.eldiario.net\\\/portal\\\/#\\\/schema\\\/logo\\\/image\\\/\"},\"sameAs\":[\"https:\\\/\\\/www.facebook.com\\\/eldiario.bolivia\\\/\",\"https:\\\/\\\/x.com\\\/eldiario_net\"]},{\"@type\":\"Person\",\"@id\":\"https:\\\/\\\/www.eldiario.net\\\/portal\\\/#\\\/schema\\\/person\\\/f46445640444750d7d753ccd04ae01b7\",\"name\":\"Jeanette\",\"image\":{\"@type\":\"ImageObject\",\"inLanguage\":\"es\",\"@id\":\"https:\\\/\\\/secure.gravatar.com\\\/avatar\\\/3ea2118a5f7dad2b7138b1187a6b7ee55f160b9968b66013c3a3ef39dd7e5798?s=96&d=mm&r=g\",\"url\":\"https:\\\/\\\/secure.gravatar.com\\\/avatar\\\/3ea2118a5f7dad2b7138b1187a6b7ee55f160b9968b66013c3a3ef39dd7e5798?s=96&d=mm&r=g\",\"contentUrl\":\"https:\\\/\\\/secure.gravatar.com\\\/avatar\\\/3ea2118a5f7dad2b7138b1187a6b7ee55f160b9968b66013c3a3ef39dd7e5798?s=96&d=mm&r=g\",\"caption\":\"Jeanette\"},\"sameAs\":[\"https:\\\/\\\/www.eldiario.net\\\/portal\"],\"url\":\"https:\\\/\\\/www.eldiario.net\\\/portal\\\/author\\\/jeanette\\\/\"}]}<\/script>\n<!-- \/ Yoast SEO plugin. -->","yoast_head_json":{"title":"Morales carece de moral para cuestionar al actual gobierno - El Diario - Bolivia","robots":{"index":"index","follow":"follow","max-snippet":"max-snippet:-1","max-image-preview":"max-image-preview:large","max-video-preview":"max-video-preview:-1"},"canonical":"https:\/\/www.eldiario.net\/portal\/2026\/04\/29\/morales-carece-de-moral-para-cuestionar-al-actual-gobierno\/","og_locale":"es_ES","og_type":"article","og_title":"Morales carece de moral para cuestionar al actual gobierno - El Diario - Bolivia","og_description":"Sum\u00e1ndose a los cuestionamientos hacia las declaraciones del expresidente Evo Morales, respecto a la actual situaci\u00f3n de la estatal Yacimientos Petrol\u00edferos Fiscales Bolivianos (YPFB), la diputada por el Partido Dem\u00f3crata Cristiano (PDC), Claudia Bilbao Espinoza, afirm\u00f3 que el l\u00edder cocalero carece de moral para hacer cr\u00edticas al actual gobierno; asimismo, pidi\u00f3 que la exautoridad se [&hellip;]","og_url":"https:\/\/www.eldiario.net\/portal\/2026\/04\/29\/morales-carece-de-moral-para-cuestionar-al-actual-gobierno\/","og_site_name":"El Diario - Bolivia","article_publisher":"https:\/\/www.facebook.com\/eldiario.bolivia\/","article_published_time":"2026-04-29T10:18:02+00:00","og_image":[{"width":1280,"height":853,"url":"https:\/\/www.eldiario.net\/portal\/wp-content\/uploads\/2026\/04\/43-POL-6.webp","type":"image\/webp"}],"author":"Jeanette","twitter_card":"summary_large_image","twitter_creator":"@eldiario_net","twitter_site":"@eldiario_net","twitter_misc":{"Escrito por":"Jeanette","Tiempo de lectura":"3 minutos"},"schema":{"@context":"https:\/\/schema.org","@graph":[{"@type":"Article","@id":"https:\/\/www.eldiario.net\/portal\/2026\/04\/29\/morales-carece-de-moral-para-cuestionar-al-actual-gobierno\/#article","isPartOf":{"@id":"https:\/\/www.eldiario.net\/portal\/2026\/04\/29\/morales-carece-de-moral-para-cuestionar-al-actual-gobierno\/"},"author":{"name":"Jeanette","@id":"https:\/\/www.eldiario.net\/portal\/#\/schema\/person\/f46445640444750d7d753ccd04ae01b7"},"headline":"Morales carece de moral para cuestionar al actual gobierno","datePublished":"2026-04-29T10:18:02+00:00","mainEntityOfPage":{"@id":"https:\/\/www.eldiario.net\/portal\/2026\/04\/29\/morales-carece-de-moral-para-cuestionar-al-actual-gobierno\/"},"wordCount":434,"publisher":{"@id":"https:\/\/www.eldiario.net\/portal\/#organization"},"image":{"@id":"https:\/\/www.eldiario.net\/portal\/2026\/04\/29\/morales-carece-de-moral-para-cuestionar-al-actual-gobierno\/#primaryimage"},"thumbnailUrl":"https:\/\/www.eldiario.net\/portal\/wp-content\/uploads\/2026\/04\/43-POL-6.webp","articleSection":["Pol\u00edtica"],"inLanguage":"es"},{"@type":"WebPage","@id":"https:\/\/www.eldiario.net\/portal\/2026\/04\/29\/morales-carece-de-moral-para-cuestionar-al-actual-gobierno\/","url":"https:\/\/www.eldiario.net\/portal\/2026\/04\/29\/morales-carece-de-moral-para-cuestionar-al-actual-gobierno\/","name":"Morales carece de moral para cuestionar al actual gobierno - El Diario - Bolivia","isPartOf":{"@id":"https:\/\/www.eldiario.net\/portal\/#website"},"primaryImageOfPage":{"@id":"https:\/\/www.eldiario.net\/portal\/2026\/04\/29\/morales-carece-de-moral-para-cuestionar-al-actual-gobierno\/#primaryimage"},"image":{"@id":"https:\/\/www.eldiario.net\/portal\/2026\/04\/29\/morales-carece-de-moral-para-cuestionar-al-actual-gobierno\/#primaryimage"},"thumbnailUrl":"https:\/\/www.eldiario.net\/portal\/wp-content\/uploads\/2026\/04\/43-POL-6.webp","datePublished":"2026-04-29T10:18:02+00:00","breadcrumb":{"@id":"https:\/\/www.eldiario.net\/portal\/2026\/04\/29\/morales-carece-de-moral-para-cuestionar-al-actual-gobierno\/#breadcrumb"},"inLanguage":"es","potentialAction":[{"@type":"ReadAction","target":["https:\/\/www.eldiario.net\/portal\/2026\/04\/29\/morales-carece-de-moral-para-cuestionar-al-actual-gobierno\/"]}]},{"@type":"ImageObject","inLanguage":"es","@id":"https:\/\/www.eldiario.net\/portal\/2026\/04\/29\/morales-carece-de-moral-para-cuestionar-al-actual-gobierno\/#primaryimage","url":"https:\/\/www.eldiario.net\/portal\/wp-content\/uploads\/2026\/04\/43-POL-6.webp","contentUrl":"https:\/\/www.eldiario.net\/portal\/wp-content\/uploads\/2026\/04\/43-POL-6.webp","width":1280,"height":853,"caption":"Diputada Claudia Bilbao (PDC)"},{"@type":"BreadcrumbList","@id":"https:\/\/www.eldiario.net\/portal\/2026\/04\/29\/morales-carece-de-moral-para-cuestionar-al-actual-gobierno\/#breadcrumb","itemListElement":[{"@type":"ListItem","position":1,"name":"Portada","item":"https:\/\/www.eldiario.net\/portal\/"},{"@type":"ListItem","position":2,"name":"Morales carece de moral para cuestionar al actual gobierno"}]},{"@type":"WebSite","@id":"https:\/\/www.eldiario.net\/portal\/#website","url":"https:\/\/www.eldiario.net\/portal\/","name":"El Diario - Decano de la prensa nacional","description":"El Diario - Decano de la prensa nacional","publisher":{"@id":"https:\/\/www.eldiario.net\/portal\/#organization"},"potentialAction":[{"@type":"SearchAction","target":{"@type":"EntryPoint","urlTemplate":"https:\/\/www.eldiario.net\/portal\/?s={search_term_string}"},"query-input":{"@type":"PropertyValueSpecification","valueRequired":true,"valueName":"search_term_string"}}],"inLanguage":"es"},{"@type":"Organization","@id":"https:\/\/www.eldiario.net\/portal\/#organization","name":"El Diario - Decano de la prensa nacional","url":"https:\/\/www.eldiario.net\/portal\/","logo":{"@type":"ImageObject","inLanguage":"es","@id":"https:\/\/www.eldiario.net\/portal\/#\/schema\/logo\/image\/","url":"https:\/\/www.eldiario.net\/portal\/wp-content\/uploads\/2023\/07\/logo_ED.jpg","contentUrl":"https:\/\/www.eldiario.net\/portal\/wp-content\/uploads\/2023\/07\/logo_ED.jpg","width":272,"height":52,"caption":"El Diario - Decano de la prensa nacional"},"image":{"@id":"https:\/\/www.eldiario.net\/portal\/#\/schema\/logo\/image\/"},"sameAs":["https:\/\/www.facebook.com\/eldiario.bolivia\/","https:\/\/x.com\/eldiario_net"]},{"@type":"Person","@id":"https:\/\/www.eldiario.net\/portal\/#\/schema\/person\/f46445640444750d7d753ccd04ae01b7","name":"Jeanette","image":{"@type":"ImageObject","inLanguage":"es","@id":"https:\/\/secure.gravatar.com\/avatar\/3ea2118a5f7dad2b7138b1187a6b7ee55f160b9968b66013c3a3ef39dd7e5798?s=96&d=mm&r=g","url":"https:\/\/secure.gravatar.com\/avatar\/3ea2118a5f7dad2b7138b1187a6b7ee55f160b9968b66013c3a3ef39dd7e5798?s=96&d=mm&r=g","contentUrl":"https:\/\/secure.gravatar.com\/avatar\/3ea2118a5f7dad2b7138b1187a6b7ee55f160b9968b66013c3a3ef39dd7e5798?s=96&d=mm&r=g","caption":"Jeanette"},"sameAs":["https:\/\/www.eldiario.net\/portal"],"url":"https:\/\/www.eldiario.net\/portal\/author\/jeanette\/"}]}},"_links":{"self":[{"href":"https:\/\/www.eldiario.net\/portal\/wp-json\/wp\/v2\/posts\/389488","targetHints":{"allow":["GET"]}}],"collection":[{"href":"https:\/\/www.eldiario.net\/portal\/wp-json\/wp\/v2\/posts"}],"about":[{"href":"https:\/\/www.eldiario.net\/portal\/wp-json\/wp\/v2\/types\/post"}],"author":[{"embeddable":true,"href":"https:\/\/www.eldiario.net\/portal\/wp-json\/wp\/v2\/users\/1"}],"replies":[{"embeddable":true,"href":"https:\/\/www.eldiario.net\/portal\/wp-json\/wp\/v2\/comments?post=389488"}],"version-history":[{"count":1,"href":"https:\/\/www.eldiario.net\/portal\/wp-json\/wp\/v2\/posts\/389488\/revisions"}],"predecessor-version":[{"id":389490,"href":"https:\/\/www.eldiario.net\/portal\/wp-json\/wp\/v2\/posts\/389488\/revisions\/389490"}],"wp:featuredmedia":[{"embeddable":true,"href":"https:\/\/www.eldiario.net\/portal\/wp-json\/wp\/v2\/media\/389489"}],"wp:attachment":[{"href":"https:\/\/www.eldiario.net\/portal\/wp-json\/wp\/v2\/media?parent=389488"}],"wp:term":[{"taxonomy":"category","embeddable":true,"href":"https:\/\/www.eldiario.net\/portal\/wp-json\/wp\/v2\/categories?post=389488"},{"taxonomy":"post_tag","embeddable":true,"href":"https:\/\/www.eldiario.net\/portal\/wp-json\/wp\/v2\/tags?post=389488"}],"curies":[{"name":"wp","href":"https:\/\/api.w.org\/{rel}","templated":true}]}}