{"id":389485,"date":"2026-04-29T06:17:08","date_gmt":"2026-04-29T10:17:08","guid":{"rendered":"https:\/\/www.eldiario.net\/portal\/?p=389485"},"modified":"2026-04-29T06:17:08","modified_gmt":"2026-04-29T10:17:08","slug":"alertan-consecuencias-en-la-salud-y-adn-de-indigenas-por-el-mercurio-2","status":"publish","type":"post","link":"https:\/\/www.eldiario.net\/portal\/2026\/04\/29\/alertan-consecuencias-en-la-salud-y-adn-de-indigenas-por-el-mercurio-2\/","title":{"rendered":"Alertan consecuencias en la salud  y ADN de ind\u00edgenas por el mercurio"},"content":{"rendered":"<p>\u201cLo que hemos encontrado confirma que la contaminaci\u00f3n por mercurio ya est\u00e1 afectando la salud de las poblaciones amaz\u00f3nicas. Hay alteraciones en la sangre, da\u00f1o hep\u00e1tico, incremento de la presi\u00f3n arterial, problemas reproductivos e incluso afectaci\u00f3n directa al ADN. Ya no hablamos solo de contaminaci\u00f3n ambiental, sino de una amenaza real para la salud humana\u201d, explic\u00f3 el docente investigador que lider\u00f3 el estudio, Roger Carvajal.<br \/>\nLa investigaci\u00f3n fue realizada por el Instituto de Servicios de Laboratorio de Diagn\u00f3stico e Investigaci\u00f3n en Salud (Seladis) de la UMSA, en coordinaci\u00f3n con la Universidad de Cartagena de Colombia y el Centro de Documentaci\u00f3n e Informaci\u00f3n Bolivia (Cedib), de Cochabamba.<br \/>\nEl trabajo se desarroll\u00f3 entre 2023 y 2025, y evalu\u00f3 tanto la contaminaci\u00f3n en peces consumidos por pueblos ind\u00edgenas como sus efectos directos en la salud humana. Los resultados finales est\u00e1n listos y pronto ser\u00e1n publicados en un libro.<br \/>\nCarvajal detall\u00f3 que existe contaminaci\u00f3n por mercurio en los peces por efecto de la actividad minera r\u00edo arriba, particularmente en la cuenca del r\u00edo Beni. Es decir que dicho mercurio entra al agua, pasa a la cadena tr\u00f3fica (cadena alimentaria) y finalmente llega a los peces que consume la poblaci\u00f3n.<br \/>\nEntre las especies analizadas est\u00e1n tucunar\u00e9, paiche, pac\u00fa y otros peces ampliamente consumidos por pueblos ind\u00edgenas como los esse ejjas, tacanas y otras comunidades ribere\u00f1as.<br \/>\nEl estudio evidenci\u00f3 que los peces carn\u00edvoros, como el tucunar\u00e9 y el paiche, presentan mayores niveles de contaminaci\u00f3n, mientras que especies herb\u00edvoras como el pac\u00fa \u2014uno de los m\u00e1s consumidos incluso en las ciudades\u2014 registran niveles mucho menores.<br \/>\nLos an\u00e1lisis en poblaci\u00f3n humana se concentraron especialmente en mujeres en edad reproductiva, consideradas uno de los grupos m\u00e1s vulnerables. En la cuenca del r\u00edo Beni se hallaron niveles promedio de hasta 5,5 ppm (partes por mill\u00f3n) de mercurio en el organismo, cuando el m\u00e1ximo permitido es de 1 ppm. Adem\u00e1s, se identificaron alteraciones en gl\u00f3bulos rojos, da\u00f1os hep\u00e1ticos, incremento de la presi\u00f3n arterial, abortos recurrentes, insomnio, p\u00e9rdida de memoria, dolores de cabeza y mareos.<br \/>\nAFECTACI\u00d3N<br \/>\nDIRECTA AL ADN<br \/>\nUno de los hallazgos m\u00e1s preocupantes fue la confirmaci\u00f3n de da\u00f1o genot\u00f3xico, es decir, afectaci\u00f3n directa al ADN. El Instituto de Gen\u00e9tica de la UMSA, mediante pruebas especializadas como la prueba del cometa (mide el da\u00f1o en el ADN a nivel de c\u00e9lulas individuales), detect\u00f3 mutaciones y rupturas en el material gen\u00e9tico de la poblaci\u00f3n estudiada.<br \/>\n\u201cEstamos viendo que la gente contaminada est\u00e1 en camino a tener da\u00f1os m\u00e1s severos, como los ocurridos en Minamata. Hay alteraci\u00f3n del ADN, hay consecuencias en la sangre, en el h\u00edgado y en el sistema reproductivo. Esto ya no es una sospecha, es una demostraci\u00f3n cient\u00edfica de que hay da\u00f1o\u201d, advirti\u00f3 Carvajal.<br \/>\nEn los a\u00f1os 50, en la poblaci\u00f3n japonesa de Minamata ocurri\u00f3 un desastre ambiental y de salud p\u00fablica a causa del vertido de metilmercurio por parte de la empresa Chisso. El mercurio bioacumulado en peces y mariscos fue consumido por la poblaci\u00f3n, provocando da\u00f1os neurol\u00f3gicos severos, par\u00e1lisis, coma y muerte a miles de personas. La tragedia deriv\u00f3 en un tratado internacional para proteger la salud humana y el medio ambiente de las emisiones de mercurio.<br \/>\nEl estudio de la universidad se\u00f1ala como principal fuente de esta contaminaci\u00f3n a la miner\u00eda aur\u00edfera, especialmente la actividad artesanal y de peque\u00f1a escala que utiliza mercurio para amalgamar el oro. Seg\u00fan el investigador, Bolivia multiplic\u00f3 la importaci\u00f3n de mercurio en los \u00faltimos a\u00f1os, mientras crecen tambi\u00e9n los emprendimientos mineros en el norte amaz\u00f3nico.<br \/>\nAPORTE CIENT\u00cdFICO<br \/>\nFrente a este escenario, la UMSA, a trav\u00e9s del Seladis de la Facultad de Ciencias Farmac\u00e9uticas y Bioqu\u00edmicas, prepara la publicaci\u00f3n de un libro con todos los resultados finales del estudio, con rigor metodol\u00f3gico de art\u00edculo cient\u00edfico, para que sirva como herramienta de defensa para las comunidades afectadas y como base para exigir cambios en las pol\u00edticas p\u00fablicas sobre el uso del mercurio.<br \/>\n\u201cEstamos aportando desde la universidad p\u00fablica para demostrar cient\u00edficamente que hay da\u00f1o a la salud y que deben cambiarse las pol\u00edticas sobre el uso del mercurio. La investigaci\u00f3n universitaria debe servir para responder a los problemas del pa\u00eds y este es uno de los m\u00e1s urgentes\u201d, concluy\u00f3.<br \/>\nCon este trabajo, la UMSA recuerda su papel como referente cient\u00edfico nacional, poniendo el conocimiento al servicio de la salud p\u00fablica, la defensa ambiental y la protecci\u00f3n de los pueblos ind\u00edgenas. Como la mejor universidad de Bolivia, seg\u00fan rankings internacionales, la instituci\u00f3n vuelve a demostrar que la investigaci\u00f3n tambi\u00e9n puede convertirse en una herramienta de justicia social. (UMSA)<\/p>\n","protected":false},"excerpt":{"rendered":"<p>\u201cLo que hemos encontrado confirma que la contaminaci\u00f3n por mercurio ya est\u00e1 afectando la salud de las poblaciones amaz\u00f3nicas. Hay alteraciones en la sangre, da\u00f1o hep\u00e1tico, incremento de la presi\u00f3n arterial, problemas reproductivos e incluso afectaci\u00f3n directa al ADN. Ya no hablamos solo de contaminaci\u00f3n ambiental, sino de una amenaza real para la salud humana\u201d, [&hellip;]<\/p>\n","protected":false},"author":1,"featured_media":389486,"comment_status":"closed","ping_status":"open","sticky":false,"template":"","format":"standard","meta":{"_acf_changed":false,"footnotes":""},"categories":[12],"tags":[],"class_list":["post-389485","post","type-post","status-publish","format-standard","has-post-thumbnail","category-nacional"],"acf":{"antetitulo":"UMSA - Estudio"},"yoast_head":"<!-- This site is optimized with the Yoast SEO plugin v28.3 - https:\/\/yoast.com\/product\/yoast-seo-wordpress\/ -->\n<title>Alertan consecuencias en la salud y ADN de ind\u00edgenas por el mercurio - El Diario - Bolivia<\/title>\n<meta name=\"robots\" content=\"index, follow, max-snippet:-1, max-image-preview:large, max-video-preview:-1\" \/>\n<link rel=\"canonical\" href=\"https:\/\/www.eldiario.net\/portal\/2026\/04\/29\/alertan-consecuencias-en-la-salud-y-adn-de-indigenas-por-el-mercurio-2\/\" \/>\n<meta property=\"og:locale\" content=\"es_ES\" \/>\n<meta property=\"og:type\" content=\"article\" \/>\n<meta property=\"og:title\" content=\"Alertan consecuencias en la salud y ADN de ind\u00edgenas por el mercurio - El Diario - Bolivia\" \/>\n<meta property=\"og:description\" content=\"\u201cLo que hemos encontrado confirma que la contaminaci\u00f3n por mercurio ya est\u00e1 afectando la salud de las poblaciones amaz\u00f3nicas. Hay alteraciones en la sangre, da\u00f1o hep\u00e1tico, incremento de la presi\u00f3n arterial, problemas reproductivos e incluso afectaci\u00f3n directa al ADN. Ya no hablamos solo de contaminaci\u00f3n ambiental, sino de una amenaza real para la salud humana\u201d, [&hellip;]\" \/>\n<meta property=\"og:url\" content=\"https:\/\/www.eldiario.net\/portal\/2026\/04\/29\/alertan-consecuencias-en-la-salud-y-adn-de-indigenas-por-el-mercurio-2\/\" \/>\n<meta property=\"og:site_name\" content=\"El Diario - Bolivia\" \/>\n<meta property=\"article:publisher\" content=\"https:\/\/www.facebook.com\/eldiario.bolivia\/\" \/>\n<meta property=\"article:published_time\" content=\"2026-04-29T10:17:08+00:00\" \/>\n<meta property=\"og:image\" content=\"https:\/\/www.eldiario.net\/portal\/wp-content\/uploads\/2026\/04\/F-1-MERCURIO.webp\" \/>\n\t<meta property=\"og:image:width\" content=\"1600\" \/>\n\t<meta property=\"og:image:height\" content=\"900\" \/>\n\t<meta property=\"og:image:type\" content=\"image\/webp\" \/>\n<meta name=\"author\" content=\"Jeanette\" \/>\n<meta name=\"twitter:card\" content=\"summary_large_image\" \/>\n<meta name=\"twitter:creator\" content=\"@eldiario_net\" \/>\n<meta name=\"twitter:site\" content=\"@eldiario_net\" \/>\n<meta name=\"twitter:label1\" content=\"Escrito por\" \/>\n\t<meta name=\"twitter:data1\" content=\"Jeanette\" \/>\n\t<meta name=\"twitter:label2\" content=\"Tiempo de lectura\" \/>\n\t<meta name=\"twitter:data2\" content=\"4 minutos\" \/>\n<script type=\"application\/ld+json\" class=\"yoast-schema-graph\">{\"@context\":\"https:\\\/\\\/schema.org\",\"@graph\":[{\"@type\":\"Article\",\"@id\":\"https:\\\/\\\/www.eldiario.net\\\/portal\\\/2026\\\/04\\\/29\\\/alertan-consecuencias-en-la-salud-y-adn-de-indigenas-por-el-mercurio-2\\\/#article\",\"isPartOf\":{\"@id\":\"https:\\\/\\\/www.eldiario.net\\\/portal\\\/2026\\\/04\\\/29\\\/alertan-consecuencias-en-la-salud-y-adn-de-indigenas-por-el-mercurio-2\\\/\"},\"author\":{\"name\":\"Jeanette\",\"@id\":\"https:\\\/\\\/www.eldiario.net\\\/portal\\\/#\\\/schema\\\/person\\\/f46445640444750d7d753ccd04ae01b7\"},\"headline\":\"Alertan consecuencias en la salud y ADN de ind\u00edgenas por el mercurio\",\"datePublished\":\"2026-04-29T10:17:08+00:00\",\"mainEntityOfPage\":{\"@id\":\"https:\\\/\\\/www.eldiario.net\\\/portal\\\/2026\\\/04\\\/29\\\/alertan-consecuencias-en-la-salud-y-adn-de-indigenas-por-el-mercurio-2\\\/\"},\"wordCount\":853,\"publisher\":{\"@id\":\"https:\\\/\\\/www.eldiario.net\\\/portal\\\/#organization\"},\"image\":{\"@id\":\"https:\\\/\\\/www.eldiario.net\\\/portal\\\/2026\\\/04\\\/29\\\/alertan-consecuencias-en-la-salud-y-adn-de-indigenas-por-el-mercurio-2\\\/#primaryimage\"},\"thumbnailUrl\":\"https:\\\/\\\/www.eldiario.net\\\/portal\\\/wp-content\\\/uploads\\\/2026\\\/04\\\/F-1-MERCURIO.webp\",\"articleSection\":[\"Nacional\"],\"inLanguage\":\"es\"},{\"@type\":\"WebPage\",\"@id\":\"https:\\\/\\\/www.eldiario.net\\\/portal\\\/2026\\\/04\\\/29\\\/alertan-consecuencias-en-la-salud-y-adn-de-indigenas-por-el-mercurio-2\\\/\",\"url\":\"https:\\\/\\\/www.eldiario.net\\\/portal\\\/2026\\\/04\\\/29\\\/alertan-consecuencias-en-la-salud-y-adn-de-indigenas-por-el-mercurio-2\\\/\",\"name\":\"Alertan consecuencias en la salud y ADN de ind\u00edgenas por el mercurio - El Diario - Bolivia\",\"isPartOf\":{\"@id\":\"https:\\\/\\\/www.eldiario.net\\\/portal\\\/#website\"},\"primaryImageOfPage\":{\"@id\":\"https:\\\/\\\/www.eldiario.net\\\/portal\\\/2026\\\/04\\\/29\\\/alertan-consecuencias-en-la-salud-y-adn-de-indigenas-por-el-mercurio-2\\\/#primaryimage\"},\"image\":{\"@id\":\"https:\\\/\\\/www.eldiario.net\\\/portal\\\/2026\\\/04\\\/29\\\/alertan-consecuencias-en-la-salud-y-adn-de-indigenas-por-el-mercurio-2\\\/#primaryimage\"},\"thumbnailUrl\":\"https:\\\/\\\/www.eldiario.net\\\/portal\\\/wp-content\\\/uploads\\\/2026\\\/04\\\/F-1-MERCURIO.webp\",\"datePublished\":\"2026-04-29T10:17:08+00:00\",\"breadcrumb\":{\"@id\":\"https:\\\/\\\/www.eldiario.net\\\/portal\\\/2026\\\/04\\\/29\\\/alertan-consecuencias-en-la-salud-y-adn-de-indigenas-por-el-mercurio-2\\\/#breadcrumb\"},\"inLanguage\":\"es\",\"potentialAction\":[{\"@type\":\"ReadAction\",\"target\":[\"https:\\\/\\\/www.eldiario.net\\\/portal\\\/2026\\\/04\\\/29\\\/alertan-consecuencias-en-la-salud-y-adn-de-indigenas-por-el-mercurio-2\\\/\"]}]},{\"@type\":\"ImageObject\",\"inLanguage\":\"es\",\"@id\":\"https:\\\/\\\/www.eldiario.net\\\/portal\\\/2026\\\/04\\\/29\\\/alertan-consecuencias-en-la-salud-y-adn-de-indigenas-por-el-mercurio-2\\\/#primaryimage\",\"url\":\"https:\\\/\\\/www.eldiario.net\\\/portal\\\/wp-content\\\/uploads\\\/2026\\\/04\\\/F-1-MERCURIO.webp\",\"contentUrl\":\"https:\\\/\\\/www.eldiario.net\\\/portal\\\/wp-content\\\/uploads\\\/2026\\\/04\\\/F-1-MERCURIO.webp\",\"width\":1600,\"height\":900,\"caption\":\"El docente investigador que lider\u00f3 el estudio, Roger Carvajal.\"},{\"@type\":\"BreadcrumbList\",\"@id\":\"https:\\\/\\\/www.eldiario.net\\\/portal\\\/2026\\\/04\\\/29\\\/alertan-consecuencias-en-la-salud-y-adn-de-indigenas-por-el-mercurio-2\\\/#breadcrumb\",\"itemListElement\":[{\"@type\":\"ListItem\",\"position\":1,\"name\":\"Portada\",\"item\":\"https:\\\/\\\/www.eldiario.net\\\/portal\\\/\"},{\"@type\":\"ListItem\",\"position\":2,\"name\":\"Alertan consecuencias en la salud y ADN de ind\u00edgenas por el mercurio\"}]},{\"@type\":\"WebSite\",\"@id\":\"https:\\\/\\\/www.eldiario.net\\\/portal\\\/#website\",\"url\":\"https:\\\/\\\/www.eldiario.net\\\/portal\\\/\",\"name\":\"El Diario - Decano de la prensa nacional\",\"description\":\"El Diario - Decano de la prensa nacional\",\"publisher\":{\"@id\":\"https:\\\/\\\/www.eldiario.net\\\/portal\\\/#organization\"},\"potentialAction\":[{\"@type\":\"SearchAction\",\"target\":{\"@type\":\"EntryPoint\",\"urlTemplate\":\"https:\\\/\\\/www.eldiario.net\\\/portal\\\/?s={search_term_string}\"},\"query-input\":{\"@type\":\"PropertyValueSpecification\",\"valueRequired\":true,\"valueName\":\"search_term_string\"}}],\"inLanguage\":\"es\"},{\"@type\":\"Organization\",\"@id\":\"https:\\\/\\\/www.eldiario.net\\\/portal\\\/#organization\",\"name\":\"El Diario - Decano de la prensa nacional\",\"url\":\"https:\\\/\\\/www.eldiario.net\\\/portal\\\/\",\"logo\":{\"@type\":\"ImageObject\",\"inLanguage\":\"es\",\"@id\":\"https:\\\/\\\/www.eldiario.net\\\/portal\\\/#\\\/schema\\\/logo\\\/image\\\/\",\"url\":\"https:\\\/\\\/www.eldiario.net\\\/portal\\\/wp-content\\\/uploads\\\/2023\\\/07\\\/logo_ED.jpg\",\"contentUrl\":\"https:\\\/\\\/www.eldiario.net\\\/portal\\\/wp-content\\\/uploads\\\/2023\\\/07\\\/logo_ED.jpg\",\"width\":272,\"height\":52,\"caption\":\"El Diario - Decano de la prensa nacional\"},\"image\":{\"@id\":\"https:\\\/\\\/www.eldiario.net\\\/portal\\\/#\\\/schema\\\/logo\\\/image\\\/\"},\"sameAs\":[\"https:\\\/\\\/www.facebook.com\\\/eldiario.bolivia\\\/\",\"https:\\\/\\\/x.com\\\/eldiario_net\"]},{\"@type\":\"Person\",\"@id\":\"https:\\\/\\\/www.eldiario.net\\\/portal\\\/#\\\/schema\\\/person\\\/f46445640444750d7d753ccd04ae01b7\",\"name\":\"Jeanette\",\"image\":{\"@type\":\"ImageObject\",\"inLanguage\":\"es\",\"@id\":\"https:\\\/\\\/secure.gravatar.com\\\/avatar\\\/3ea2118a5f7dad2b7138b1187a6b7ee55f160b9968b66013c3a3ef39dd7e5798?s=96&d=mm&r=g\",\"url\":\"https:\\\/\\\/secure.gravatar.com\\\/avatar\\\/3ea2118a5f7dad2b7138b1187a6b7ee55f160b9968b66013c3a3ef39dd7e5798?s=96&d=mm&r=g\",\"contentUrl\":\"https:\\\/\\\/secure.gravatar.com\\\/avatar\\\/3ea2118a5f7dad2b7138b1187a6b7ee55f160b9968b66013c3a3ef39dd7e5798?s=96&d=mm&r=g\",\"caption\":\"Jeanette\"},\"sameAs\":[\"https:\\\/\\\/www.eldiario.net\\\/portal\"],\"url\":\"https:\\\/\\\/www.eldiario.net\\\/portal\\\/author\\\/jeanette\\\/\"}]}<\/script>\n<!-- \/ Yoast SEO plugin. -->","yoast_head_json":{"title":"Alertan consecuencias en la salud y ADN de ind\u00edgenas por el mercurio - El Diario - Bolivia","robots":{"index":"index","follow":"follow","max-snippet":"max-snippet:-1","max-image-preview":"max-image-preview:large","max-video-preview":"max-video-preview:-1"},"canonical":"https:\/\/www.eldiario.net\/portal\/2026\/04\/29\/alertan-consecuencias-en-la-salud-y-adn-de-indigenas-por-el-mercurio-2\/","og_locale":"es_ES","og_type":"article","og_title":"Alertan consecuencias en la salud y ADN de ind\u00edgenas por el mercurio - El Diario - Bolivia","og_description":"\u201cLo que hemos encontrado confirma que la contaminaci\u00f3n por mercurio ya est\u00e1 afectando la salud de las poblaciones amaz\u00f3nicas. Hay alteraciones en la sangre, da\u00f1o hep\u00e1tico, incremento de la presi\u00f3n arterial, problemas reproductivos e incluso afectaci\u00f3n directa al ADN. Ya no hablamos solo de contaminaci\u00f3n ambiental, sino de una amenaza real para la salud humana\u201d, [&hellip;]","og_url":"https:\/\/www.eldiario.net\/portal\/2026\/04\/29\/alertan-consecuencias-en-la-salud-y-adn-de-indigenas-por-el-mercurio-2\/","og_site_name":"El Diario - Bolivia","article_publisher":"https:\/\/www.facebook.com\/eldiario.bolivia\/","article_published_time":"2026-04-29T10:17:08+00:00","og_image":[{"width":1600,"height":900,"url":"https:\/\/www.eldiario.net\/portal\/wp-content\/uploads\/2026\/04\/F-1-MERCURIO.webp","type":"image\/webp"}],"author":"Jeanette","twitter_card":"summary_large_image","twitter_creator":"@eldiario_net","twitter_site":"@eldiario_net","twitter_misc":{"Escrito por":"Jeanette","Tiempo de lectura":"4 minutos"},"schema":{"@context":"https:\/\/schema.org","@graph":[{"@type":"Article","@id":"https:\/\/www.eldiario.net\/portal\/2026\/04\/29\/alertan-consecuencias-en-la-salud-y-adn-de-indigenas-por-el-mercurio-2\/#article","isPartOf":{"@id":"https:\/\/www.eldiario.net\/portal\/2026\/04\/29\/alertan-consecuencias-en-la-salud-y-adn-de-indigenas-por-el-mercurio-2\/"},"author":{"name":"Jeanette","@id":"https:\/\/www.eldiario.net\/portal\/#\/schema\/person\/f46445640444750d7d753ccd04ae01b7"},"headline":"Alertan consecuencias en la salud y ADN de ind\u00edgenas por el mercurio","datePublished":"2026-04-29T10:17:08+00:00","mainEntityOfPage":{"@id":"https:\/\/www.eldiario.net\/portal\/2026\/04\/29\/alertan-consecuencias-en-la-salud-y-adn-de-indigenas-por-el-mercurio-2\/"},"wordCount":853,"publisher":{"@id":"https:\/\/www.eldiario.net\/portal\/#organization"},"image":{"@id":"https:\/\/www.eldiario.net\/portal\/2026\/04\/29\/alertan-consecuencias-en-la-salud-y-adn-de-indigenas-por-el-mercurio-2\/#primaryimage"},"thumbnailUrl":"https:\/\/www.eldiario.net\/portal\/wp-content\/uploads\/2026\/04\/F-1-MERCURIO.webp","articleSection":["Nacional"],"inLanguage":"es"},{"@type":"WebPage","@id":"https:\/\/www.eldiario.net\/portal\/2026\/04\/29\/alertan-consecuencias-en-la-salud-y-adn-de-indigenas-por-el-mercurio-2\/","url":"https:\/\/www.eldiario.net\/portal\/2026\/04\/29\/alertan-consecuencias-en-la-salud-y-adn-de-indigenas-por-el-mercurio-2\/","name":"Alertan consecuencias en la salud y ADN de ind\u00edgenas por el mercurio - El Diario - Bolivia","isPartOf":{"@id":"https:\/\/www.eldiario.net\/portal\/#website"},"primaryImageOfPage":{"@id":"https:\/\/www.eldiario.net\/portal\/2026\/04\/29\/alertan-consecuencias-en-la-salud-y-adn-de-indigenas-por-el-mercurio-2\/#primaryimage"},"image":{"@id":"https:\/\/www.eldiario.net\/portal\/2026\/04\/29\/alertan-consecuencias-en-la-salud-y-adn-de-indigenas-por-el-mercurio-2\/#primaryimage"},"thumbnailUrl":"https:\/\/www.eldiario.net\/portal\/wp-content\/uploads\/2026\/04\/F-1-MERCURIO.webp","datePublished":"2026-04-29T10:17:08+00:00","breadcrumb":{"@id":"https:\/\/www.eldiario.net\/portal\/2026\/04\/29\/alertan-consecuencias-en-la-salud-y-adn-de-indigenas-por-el-mercurio-2\/#breadcrumb"},"inLanguage":"es","potentialAction":[{"@type":"ReadAction","target":["https:\/\/www.eldiario.net\/portal\/2026\/04\/29\/alertan-consecuencias-en-la-salud-y-adn-de-indigenas-por-el-mercurio-2\/"]}]},{"@type":"ImageObject","inLanguage":"es","@id":"https:\/\/www.eldiario.net\/portal\/2026\/04\/29\/alertan-consecuencias-en-la-salud-y-adn-de-indigenas-por-el-mercurio-2\/#primaryimage","url":"https:\/\/www.eldiario.net\/portal\/wp-content\/uploads\/2026\/04\/F-1-MERCURIO.webp","contentUrl":"https:\/\/www.eldiario.net\/portal\/wp-content\/uploads\/2026\/04\/F-1-MERCURIO.webp","width":1600,"height":900,"caption":"El docente investigador que lider\u00f3 el estudio, Roger Carvajal."},{"@type":"BreadcrumbList","@id":"https:\/\/www.eldiario.net\/portal\/2026\/04\/29\/alertan-consecuencias-en-la-salud-y-adn-de-indigenas-por-el-mercurio-2\/#breadcrumb","itemListElement":[{"@type":"ListItem","position":1,"name":"Portada","item":"https:\/\/www.eldiario.net\/portal\/"},{"@type":"ListItem","position":2,"name":"Alertan consecuencias en la salud y ADN de ind\u00edgenas por el mercurio"}]},{"@type":"WebSite","@id":"https:\/\/www.eldiario.net\/portal\/#website","url":"https:\/\/www.eldiario.net\/portal\/","name":"El Diario - Decano de la prensa nacional","description":"El Diario - Decano de la prensa nacional","publisher":{"@id":"https:\/\/www.eldiario.net\/portal\/#organization"},"potentialAction":[{"@type":"SearchAction","target":{"@type":"EntryPoint","urlTemplate":"https:\/\/www.eldiario.net\/portal\/?s={search_term_string}"},"query-input":{"@type":"PropertyValueSpecification","valueRequired":true,"valueName":"search_term_string"}}],"inLanguage":"es"},{"@type":"Organization","@id":"https:\/\/www.eldiario.net\/portal\/#organization","name":"El Diario - Decano de la prensa nacional","url":"https:\/\/www.eldiario.net\/portal\/","logo":{"@type":"ImageObject","inLanguage":"es","@id":"https:\/\/www.eldiario.net\/portal\/#\/schema\/logo\/image\/","url":"https:\/\/www.eldiario.net\/portal\/wp-content\/uploads\/2023\/07\/logo_ED.jpg","contentUrl":"https:\/\/www.eldiario.net\/portal\/wp-content\/uploads\/2023\/07\/logo_ED.jpg","width":272,"height":52,"caption":"El Diario - Decano de la prensa nacional"},"image":{"@id":"https:\/\/www.eldiario.net\/portal\/#\/schema\/logo\/image\/"},"sameAs":["https:\/\/www.facebook.com\/eldiario.bolivia\/","https:\/\/x.com\/eldiario_net"]},{"@type":"Person","@id":"https:\/\/www.eldiario.net\/portal\/#\/schema\/person\/f46445640444750d7d753ccd04ae01b7","name":"Jeanette","image":{"@type":"ImageObject","inLanguage":"es","@id":"https:\/\/secure.gravatar.com\/avatar\/3ea2118a5f7dad2b7138b1187a6b7ee55f160b9968b66013c3a3ef39dd7e5798?s=96&d=mm&r=g","url":"https:\/\/secure.gravatar.com\/avatar\/3ea2118a5f7dad2b7138b1187a6b7ee55f160b9968b66013c3a3ef39dd7e5798?s=96&d=mm&r=g","contentUrl":"https:\/\/secure.gravatar.com\/avatar\/3ea2118a5f7dad2b7138b1187a6b7ee55f160b9968b66013c3a3ef39dd7e5798?s=96&d=mm&r=g","caption":"Jeanette"},"sameAs":["https:\/\/www.eldiario.net\/portal"],"url":"https:\/\/www.eldiario.net\/portal\/author\/jeanette\/"}]}},"_links":{"self":[{"href":"https:\/\/www.eldiario.net\/portal\/wp-json\/wp\/v2\/posts\/389485","targetHints":{"allow":["GET"]}}],"collection":[{"href":"https:\/\/www.eldiario.net\/portal\/wp-json\/wp\/v2\/posts"}],"about":[{"href":"https:\/\/www.eldiario.net\/portal\/wp-json\/wp\/v2\/types\/post"}],"author":[{"embeddable":true,"href":"https:\/\/www.eldiario.net\/portal\/wp-json\/wp\/v2\/users\/1"}],"replies":[{"embeddable":true,"href":"https:\/\/www.eldiario.net\/portal\/wp-json\/wp\/v2\/comments?post=389485"}],"version-history":[{"count":1,"href":"https:\/\/www.eldiario.net\/portal\/wp-json\/wp\/v2\/posts\/389485\/revisions"}],"predecessor-version":[{"id":389487,"href":"https:\/\/www.eldiario.net\/portal\/wp-json\/wp\/v2\/posts\/389485\/revisions\/389487"}],"wp:featuredmedia":[{"embeddable":true,"href":"https:\/\/www.eldiario.net\/portal\/wp-json\/wp\/v2\/media\/389486"}],"wp:attachment":[{"href":"https:\/\/www.eldiario.net\/portal\/wp-json\/wp\/v2\/media?parent=389485"}],"wp:term":[{"taxonomy":"category","embeddable":true,"href":"https:\/\/www.eldiario.net\/portal\/wp-json\/wp\/v2\/categories?post=389485"},{"taxonomy":"post_tag","embeddable":true,"href":"https:\/\/www.eldiario.net\/portal\/wp-json\/wp\/v2\/tags?post=389485"}],"curies":[{"name":"wp","href":"https:\/\/api.w.org\/{rel}","templated":true}]}}