{"id":389482,"date":"2026-04-29T06:16:36","date_gmt":"2026-04-29T10:16:36","guid":{"rendered":"https:\/\/www.eldiario.net\/portal\/?p=389482"},"modified":"2026-04-29T06:16:36","modified_gmt":"2026-04-29T10:16:36","slug":"abogado-de-alcaldesa-altena-pide-reserva-del-caso-de-robo-agravado-2","status":"publish","type":"post","link":"https:\/\/www.eldiario.net\/portal\/2026\/04\/29\/abogado-de-alcaldesa-altena-pide-reserva-del-caso-de-robo-agravado-2\/","title":{"rendered":"Abogado de alcaldesa alte\u00f1a pide  reserva del caso de robo agravado"},"content":{"rendered":"<p>Frank Campero, abogado de la alcaldesa de El Alto, Eva Copa, inform\u00f3 que se realiz\u00f3 la denuncia formal del hecho registrado en la vivienda de la autoridad municipal tipific\u00e1ndolo como robo agravado, adem\u00e1s adelant\u00f3 que se est\u00e1 pidiendo la reserva del caso \u201cpara que no existan datos imprecisos\u201d.<br \/>\n\u201cSe ha procedido a formalizar oficialmente la denuncia presentada por el delito de robo agravado, la cual ha sido oficializada de manera espec\u00edfica por la alcaldesa Eva Copa acompa\u00f1ada de su se\u00f1or pareja (\u2026) y se ha solicitado la reserva correspondiente por todo el morbo que esto ha llamado\u201d, sostuvo el jurista.<br \/>\nAsimismo, acot\u00f3 que los antisociales \u201cdejaron varios se\u00f1uelos y cabos sueltos\u201d, por ejemplo, no se lograron llevaron el DVR (Grabador de Video Digital) de las c\u00e1maras por lo que podr\u00edan ser identificados.<br \/>\n\u201cLas c\u00e1maras de seguridad han tratado de ser da\u00f1adas, han tratado de ser sustra\u00eddas, lastimosamente estos delincuentes han fallado en ese \u00ednterin, porque se llevan el router (dispositivo de hardware que conecta una red local a Internet) de WiFi pensando que es el DVR y ese DVR se queda. As\u00ed que vamos a saber qui\u00e9nes son, vamos a saber qu\u00e9 han hablado, solamente es cosa de horas y d\u00edas\u201d, puntualiz\u00f3 Campero.<br \/>\nSostuvo que tambi\u00e9n llama la atenci\u00f3n que los perpetradores ten\u00edan el dato certero del momento exacto en que ese bien inmueble estaba quedando vac\u00edo.<br \/>\nEn ese marco, se dirigi\u00f3 a los delincuentes indic\u00e1ndoles que antes de que se los agarre, puedan entregarse al Ministerio P\u00fablico de manera voluntaria, porque \u201chan fallado en su intento de robar y no ser identificados\u201d.<br \/>\nRecalc\u00f3 que \u201chan dejado varios cabos sueltos\u201d, por lo que asegur\u00f3 ser\u00e1n encontrados y sancionados conforme norma y al delito de robo agravado.<br \/>\nRespecto a la cantidad de dinero que se habr\u00eda sustra\u00eddo, el representante legal de la alcaldesa alte\u00f1a evit\u00f3 dar la cantidad exacta argumentando que ese es tema de la investigaci\u00f3n y se trata de \u201celementos subjetivos\u201d, pues lo principal es encontrar a los responsables de este \u201catentado criminal\u201d.<\/p>\n","protected":false},"excerpt":{"rendered":"<p>Frank Campero, abogado de la alcaldesa de El Alto, Eva Copa, inform\u00f3 que se realiz\u00f3 la denuncia formal del hecho registrado en la vivienda de la autoridad municipal tipific\u00e1ndolo como robo agravado, adem\u00e1s adelant\u00f3 que se est\u00e1 pidiendo la reserva del caso \u201cpara que no existan datos imprecisos\u201d. \u201cSe ha procedido a formalizar oficialmente la [&hellip;]<\/p>\n","protected":false},"author":1,"featured_media":389483,"comment_status":"closed","ping_status":"open","sticky":false,"template":"","format":"standard","meta":{"_acf_changed":false,"footnotes":""},"categories":[12],"tags":[],"class_list":["post-389482","post","type-post","status-publish","format-standard","has-post-thumbnail","category-nacional"],"acf":{"antetitulo":"Ladrones se llevaron \u201crouter\u201d en vez de videos"},"yoast_head":"<!-- This site is optimized with the Yoast SEO plugin v28.3 - https:\/\/yoast.com\/product\/yoast-seo-wordpress\/ -->\n<title>Abogado de alcaldesa alte\u00f1a pide reserva del caso de robo agravado - El Diario - Bolivia<\/title>\n<meta name=\"robots\" content=\"index, follow, max-snippet:-1, max-image-preview:large, max-video-preview:-1\" \/>\n<link rel=\"canonical\" href=\"https:\/\/www.eldiario.net\/portal\/2026\/04\/29\/abogado-de-alcaldesa-altena-pide-reserva-del-caso-de-robo-agravado-2\/\" \/>\n<meta property=\"og:locale\" content=\"es_ES\" \/>\n<meta property=\"og:type\" content=\"article\" \/>\n<meta property=\"og:title\" content=\"Abogado de alcaldesa alte\u00f1a pide reserva del caso de robo agravado - El Diario - Bolivia\" \/>\n<meta property=\"og:description\" content=\"Frank Campero, abogado de la alcaldesa de El Alto, Eva Copa, inform\u00f3 que se realiz\u00f3 la denuncia formal del hecho registrado en la vivienda de la autoridad municipal tipific\u00e1ndolo como robo agravado, adem\u00e1s adelant\u00f3 que se est\u00e1 pidiendo la reserva del caso \u201cpara que no existan datos imprecisos\u201d. \u201cSe ha procedido a formalizar oficialmente la [&hellip;]\" \/>\n<meta property=\"og:url\" content=\"https:\/\/www.eldiario.net\/portal\/2026\/04\/29\/abogado-de-alcaldesa-altena-pide-reserva-del-caso-de-robo-agravado-2\/\" \/>\n<meta property=\"og:site_name\" content=\"El Diario - Bolivia\" \/>\n<meta property=\"article:publisher\" content=\"https:\/\/www.facebook.com\/eldiario.bolivia\/\" \/>\n<meta property=\"article:published_time\" content=\"2026-04-29T10:16:36+00:00\" \/>\n<meta property=\"og:image\" content=\"https:\/\/www.eldiario.net\/portal\/wp-content\/uploads\/2026\/04\/F-2-abogado.webp\" \/>\n\t<meta property=\"og:image:width\" content=\"475\" \/>\n\t<meta property=\"og:image:height\" content=\"274\" \/>\n\t<meta property=\"og:image:type\" content=\"image\/webp\" \/>\n<meta name=\"author\" content=\"Jeanette\" \/>\n<meta name=\"twitter:card\" content=\"summary_large_image\" \/>\n<meta name=\"twitter:creator\" content=\"@eldiario_net\" \/>\n<meta name=\"twitter:site\" content=\"@eldiario_net\" \/>\n<meta name=\"twitter:label1\" content=\"Escrito por\" \/>\n\t<meta name=\"twitter:data1\" content=\"Jeanette\" \/>\n\t<meta name=\"twitter:label2\" content=\"Tiempo de lectura\" \/>\n\t<meta name=\"twitter:data2\" content=\"2 minutos\" \/>\n<script type=\"application\/ld+json\" class=\"yoast-schema-graph\">{\"@context\":\"https:\\\/\\\/schema.org\",\"@graph\":[{\"@type\":\"Article\",\"@id\":\"https:\\\/\\\/www.eldiario.net\\\/portal\\\/2026\\\/04\\\/29\\\/abogado-de-alcaldesa-altena-pide-reserva-del-caso-de-robo-agravado-2\\\/#article\",\"isPartOf\":{\"@id\":\"https:\\\/\\\/www.eldiario.net\\\/portal\\\/2026\\\/04\\\/29\\\/abogado-de-alcaldesa-altena-pide-reserva-del-caso-de-robo-agravado-2\\\/\"},\"author\":{\"name\":\"Jeanette\",\"@id\":\"https:\\\/\\\/www.eldiario.net\\\/portal\\\/#\\\/schema\\\/person\\\/f46445640444750d7d753ccd04ae01b7\"},\"headline\":\"Abogado de alcaldesa alte\u00f1a pide reserva del caso de robo agravado\",\"datePublished\":\"2026-04-29T10:16:36+00:00\",\"mainEntityOfPage\":{\"@id\":\"https:\\\/\\\/www.eldiario.net\\\/portal\\\/2026\\\/04\\\/29\\\/abogado-de-alcaldesa-altena-pide-reserva-del-caso-de-robo-agravado-2\\\/\"},\"wordCount\":369,\"publisher\":{\"@id\":\"https:\\\/\\\/www.eldiario.net\\\/portal\\\/#organization\"},\"image\":{\"@id\":\"https:\\\/\\\/www.eldiario.net\\\/portal\\\/2026\\\/04\\\/29\\\/abogado-de-alcaldesa-altena-pide-reserva-del-caso-de-robo-agravado-2\\\/#primaryimage\"},\"thumbnailUrl\":\"https:\\\/\\\/www.eldiario.net\\\/portal\\\/wp-content\\\/uploads\\\/2026\\\/04\\\/F-2-abogado.webp\",\"articleSection\":[\"Nacional\"],\"inLanguage\":\"es\"},{\"@type\":\"WebPage\",\"@id\":\"https:\\\/\\\/www.eldiario.net\\\/portal\\\/2026\\\/04\\\/29\\\/abogado-de-alcaldesa-altena-pide-reserva-del-caso-de-robo-agravado-2\\\/\",\"url\":\"https:\\\/\\\/www.eldiario.net\\\/portal\\\/2026\\\/04\\\/29\\\/abogado-de-alcaldesa-altena-pide-reserva-del-caso-de-robo-agravado-2\\\/\",\"name\":\"Abogado de alcaldesa alte\u00f1a pide reserva del caso de robo agravado - El Diario - Bolivia\",\"isPartOf\":{\"@id\":\"https:\\\/\\\/www.eldiario.net\\\/portal\\\/#website\"},\"primaryImageOfPage\":{\"@id\":\"https:\\\/\\\/www.eldiario.net\\\/portal\\\/2026\\\/04\\\/29\\\/abogado-de-alcaldesa-altena-pide-reserva-del-caso-de-robo-agravado-2\\\/#primaryimage\"},\"image\":{\"@id\":\"https:\\\/\\\/www.eldiario.net\\\/portal\\\/2026\\\/04\\\/29\\\/abogado-de-alcaldesa-altena-pide-reserva-del-caso-de-robo-agravado-2\\\/#primaryimage\"},\"thumbnailUrl\":\"https:\\\/\\\/www.eldiario.net\\\/portal\\\/wp-content\\\/uploads\\\/2026\\\/04\\\/F-2-abogado.webp\",\"datePublished\":\"2026-04-29T10:16:36+00:00\",\"breadcrumb\":{\"@id\":\"https:\\\/\\\/www.eldiario.net\\\/portal\\\/2026\\\/04\\\/29\\\/abogado-de-alcaldesa-altena-pide-reserva-del-caso-de-robo-agravado-2\\\/#breadcrumb\"},\"inLanguage\":\"es\",\"potentialAction\":[{\"@type\":\"ReadAction\",\"target\":[\"https:\\\/\\\/www.eldiario.net\\\/portal\\\/2026\\\/04\\\/29\\\/abogado-de-alcaldesa-altena-pide-reserva-del-caso-de-robo-agravado-2\\\/\"]}]},{\"@type\":\"ImageObject\",\"inLanguage\":\"es\",\"@id\":\"https:\\\/\\\/www.eldiario.net\\\/portal\\\/2026\\\/04\\\/29\\\/abogado-de-alcaldesa-altena-pide-reserva-del-caso-de-robo-agravado-2\\\/#primaryimage\",\"url\":\"https:\\\/\\\/www.eldiario.net\\\/portal\\\/wp-content\\\/uploads\\\/2026\\\/04\\\/F-2-abogado.webp\",\"contentUrl\":\"https:\\\/\\\/www.eldiario.net\\\/portal\\\/wp-content\\\/uploads\\\/2026\\\/04\\\/F-2-abogado.webp\",\"width\":475,\"height\":274,\"caption\":\"El jurista Frank Campero dio la informaci\u00f3n.\"},{\"@type\":\"BreadcrumbList\",\"@id\":\"https:\\\/\\\/www.eldiario.net\\\/portal\\\/2026\\\/04\\\/29\\\/abogado-de-alcaldesa-altena-pide-reserva-del-caso-de-robo-agravado-2\\\/#breadcrumb\",\"itemListElement\":[{\"@type\":\"ListItem\",\"position\":1,\"name\":\"Portada\",\"item\":\"https:\\\/\\\/www.eldiario.net\\\/portal\\\/\"},{\"@type\":\"ListItem\",\"position\":2,\"name\":\"Abogado de alcaldesa alte\u00f1a pide reserva del caso de robo agravado\"}]},{\"@type\":\"WebSite\",\"@id\":\"https:\\\/\\\/www.eldiario.net\\\/portal\\\/#website\",\"url\":\"https:\\\/\\\/www.eldiario.net\\\/portal\\\/\",\"name\":\"El Diario - Decano de la prensa nacional\",\"description\":\"El Diario - Decano de la prensa nacional\",\"publisher\":{\"@id\":\"https:\\\/\\\/www.eldiario.net\\\/portal\\\/#organization\"},\"potentialAction\":[{\"@type\":\"SearchAction\",\"target\":{\"@type\":\"EntryPoint\",\"urlTemplate\":\"https:\\\/\\\/www.eldiario.net\\\/portal\\\/?s={search_term_string}\"},\"query-input\":{\"@type\":\"PropertyValueSpecification\",\"valueRequired\":true,\"valueName\":\"search_term_string\"}}],\"inLanguage\":\"es\"},{\"@type\":\"Organization\",\"@id\":\"https:\\\/\\\/www.eldiario.net\\\/portal\\\/#organization\",\"name\":\"El Diario - Decano de la prensa nacional\",\"url\":\"https:\\\/\\\/www.eldiario.net\\\/portal\\\/\",\"logo\":{\"@type\":\"ImageObject\",\"inLanguage\":\"es\",\"@id\":\"https:\\\/\\\/www.eldiario.net\\\/portal\\\/#\\\/schema\\\/logo\\\/image\\\/\",\"url\":\"https:\\\/\\\/www.eldiario.net\\\/portal\\\/wp-content\\\/uploads\\\/2023\\\/07\\\/logo_ED.jpg\",\"contentUrl\":\"https:\\\/\\\/www.eldiario.net\\\/portal\\\/wp-content\\\/uploads\\\/2023\\\/07\\\/logo_ED.jpg\",\"width\":272,\"height\":52,\"caption\":\"El Diario - Decano de la prensa nacional\"},\"image\":{\"@id\":\"https:\\\/\\\/www.eldiario.net\\\/portal\\\/#\\\/schema\\\/logo\\\/image\\\/\"},\"sameAs\":[\"https:\\\/\\\/www.facebook.com\\\/eldiario.bolivia\\\/\",\"https:\\\/\\\/x.com\\\/eldiario_net\"]},{\"@type\":\"Person\",\"@id\":\"https:\\\/\\\/www.eldiario.net\\\/portal\\\/#\\\/schema\\\/person\\\/f46445640444750d7d753ccd04ae01b7\",\"name\":\"Jeanette\",\"image\":{\"@type\":\"ImageObject\",\"inLanguage\":\"es\",\"@id\":\"https:\\\/\\\/secure.gravatar.com\\\/avatar\\\/3ea2118a5f7dad2b7138b1187a6b7ee55f160b9968b66013c3a3ef39dd7e5798?s=96&d=mm&r=g\",\"url\":\"https:\\\/\\\/secure.gravatar.com\\\/avatar\\\/3ea2118a5f7dad2b7138b1187a6b7ee55f160b9968b66013c3a3ef39dd7e5798?s=96&d=mm&r=g\",\"contentUrl\":\"https:\\\/\\\/secure.gravatar.com\\\/avatar\\\/3ea2118a5f7dad2b7138b1187a6b7ee55f160b9968b66013c3a3ef39dd7e5798?s=96&d=mm&r=g\",\"caption\":\"Jeanette\"},\"sameAs\":[\"https:\\\/\\\/www.eldiario.net\\\/portal\"],\"url\":\"https:\\\/\\\/www.eldiario.net\\\/portal\\\/author\\\/jeanette\\\/\"}]}<\/script>\n<!-- \/ Yoast SEO plugin. -->","yoast_head_json":{"title":"Abogado de alcaldesa alte\u00f1a pide reserva del caso de robo agravado - El Diario - Bolivia","robots":{"index":"index","follow":"follow","max-snippet":"max-snippet:-1","max-image-preview":"max-image-preview:large","max-video-preview":"max-video-preview:-1"},"canonical":"https:\/\/www.eldiario.net\/portal\/2026\/04\/29\/abogado-de-alcaldesa-altena-pide-reserva-del-caso-de-robo-agravado-2\/","og_locale":"es_ES","og_type":"article","og_title":"Abogado de alcaldesa alte\u00f1a pide reserva del caso de robo agravado - El Diario - Bolivia","og_description":"Frank Campero, abogado de la alcaldesa de El Alto, Eva Copa, inform\u00f3 que se realiz\u00f3 la denuncia formal del hecho registrado en la vivienda de la autoridad municipal tipific\u00e1ndolo como robo agravado, adem\u00e1s adelant\u00f3 que se est\u00e1 pidiendo la reserva del caso \u201cpara que no existan datos imprecisos\u201d. \u201cSe ha procedido a formalizar oficialmente la [&hellip;]","og_url":"https:\/\/www.eldiario.net\/portal\/2026\/04\/29\/abogado-de-alcaldesa-altena-pide-reserva-del-caso-de-robo-agravado-2\/","og_site_name":"El Diario - Bolivia","article_publisher":"https:\/\/www.facebook.com\/eldiario.bolivia\/","article_published_time":"2026-04-29T10:16:36+00:00","og_image":[{"width":475,"height":274,"url":"https:\/\/www.eldiario.net\/portal\/wp-content\/uploads\/2026\/04\/F-2-abogado.webp","type":"image\/webp"}],"author":"Jeanette","twitter_card":"summary_large_image","twitter_creator":"@eldiario_net","twitter_site":"@eldiario_net","twitter_misc":{"Escrito por":"Jeanette","Tiempo de lectura":"2 minutos"},"schema":{"@context":"https:\/\/schema.org","@graph":[{"@type":"Article","@id":"https:\/\/www.eldiario.net\/portal\/2026\/04\/29\/abogado-de-alcaldesa-altena-pide-reserva-del-caso-de-robo-agravado-2\/#article","isPartOf":{"@id":"https:\/\/www.eldiario.net\/portal\/2026\/04\/29\/abogado-de-alcaldesa-altena-pide-reserva-del-caso-de-robo-agravado-2\/"},"author":{"name":"Jeanette","@id":"https:\/\/www.eldiario.net\/portal\/#\/schema\/person\/f46445640444750d7d753ccd04ae01b7"},"headline":"Abogado de alcaldesa alte\u00f1a pide reserva del caso de robo agravado","datePublished":"2026-04-29T10:16:36+00:00","mainEntityOfPage":{"@id":"https:\/\/www.eldiario.net\/portal\/2026\/04\/29\/abogado-de-alcaldesa-altena-pide-reserva-del-caso-de-robo-agravado-2\/"},"wordCount":369,"publisher":{"@id":"https:\/\/www.eldiario.net\/portal\/#organization"},"image":{"@id":"https:\/\/www.eldiario.net\/portal\/2026\/04\/29\/abogado-de-alcaldesa-altena-pide-reserva-del-caso-de-robo-agravado-2\/#primaryimage"},"thumbnailUrl":"https:\/\/www.eldiario.net\/portal\/wp-content\/uploads\/2026\/04\/F-2-abogado.webp","articleSection":["Nacional"],"inLanguage":"es"},{"@type":"WebPage","@id":"https:\/\/www.eldiario.net\/portal\/2026\/04\/29\/abogado-de-alcaldesa-altena-pide-reserva-del-caso-de-robo-agravado-2\/","url":"https:\/\/www.eldiario.net\/portal\/2026\/04\/29\/abogado-de-alcaldesa-altena-pide-reserva-del-caso-de-robo-agravado-2\/","name":"Abogado de alcaldesa alte\u00f1a pide reserva del caso de robo agravado - El Diario - Bolivia","isPartOf":{"@id":"https:\/\/www.eldiario.net\/portal\/#website"},"primaryImageOfPage":{"@id":"https:\/\/www.eldiario.net\/portal\/2026\/04\/29\/abogado-de-alcaldesa-altena-pide-reserva-del-caso-de-robo-agravado-2\/#primaryimage"},"image":{"@id":"https:\/\/www.eldiario.net\/portal\/2026\/04\/29\/abogado-de-alcaldesa-altena-pide-reserva-del-caso-de-robo-agravado-2\/#primaryimage"},"thumbnailUrl":"https:\/\/www.eldiario.net\/portal\/wp-content\/uploads\/2026\/04\/F-2-abogado.webp","datePublished":"2026-04-29T10:16:36+00:00","breadcrumb":{"@id":"https:\/\/www.eldiario.net\/portal\/2026\/04\/29\/abogado-de-alcaldesa-altena-pide-reserva-del-caso-de-robo-agravado-2\/#breadcrumb"},"inLanguage":"es","potentialAction":[{"@type":"ReadAction","target":["https:\/\/www.eldiario.net\/portal\/2026\/04\/29\/abogado-de-alcaldesa-altena-pide-reserva-del-caso-de-robo-agravado-2\/"]}]},{"@type":"ImageObject","inLanguage":"es","@id":"https:\/\/www.eldiario.net\/portal\/2026\/04\/29\/abogado-de-alcaldesa-altena-pide-reserva-del-caso-de-robo-agravado-2\/#primaryimage","url":"https:\/\/www.eldiario.net\/portal\/wp-content\/uploads\/2026\/04\/F-2-abogado.webp","contentUrl":"https:\/\/www.eldiario.net\/portal\/wp-content\/uploads\/2026\/04\/F-2-abogado.webp","width":475,"height":274,"caption":"El jurista Frank Campero dio la informaci\u00f3n."},{"@type":"BreadcrumbList","@id":"https:\/\/www.eldiario.net\/portal\/2026\/04\/29\/abogado-de-alcaldesa-altena-pide-reserva-del-caso-de-robo-agravado-2\/#breadcrumb","itemListElement":[{"@type":"ListItem","position":1,"name":"Portada","item":"https:\/\/www.eldiario.net\/portal\/"},{"@type":"ListItem","position":2,"name":"Abogado de alcaldesa alte\u00f1a pide reserva del caso de robo agravado"}]},{"@type":"WebSite","@id":"https:\/\/www.eldiario.net\/portal\/#website","url":"https:\/\/www.eldiario.net\/portal\/","name":"El Diario - Decano de la prensa nacional","description":"El Diario - Decano de la prensa nacional","publisher":{"@id":"https:\/\/www.eldiario.net\/portal\/#organization"},"potentialAction":[{"@type":"SearchAction","target":{"@type":"EntryPoint","urlTemplate":"https:\/\/www.eldiario.net\/portal\/?s={search_term_string}"},"query-input":{"@type":"PropertyValueSpecification","valueRequired":true,"valueName":"search_term_string"}}],"inLanguage":"es"},{"@type":"Organization","@id":"https:\/\/www.eldiario.net\/portal\/#organization","name":"El Diario - Decano de la prensa nacional","url":"https:\/\/www.eldiario.net\/portal\/","logo":{"@type":"ImageObject","inLanguage":"es","@id":"https:\/\/www.eldiario.net\/portal\/#\/schema\/logo\/image\/","url":"https:\/\/www.eldiario.net\/portal\/wp-content\/uploads\/2023\/07\/logo_ED.jpg","contentUrl":"https:\/\/www.eldiario.net\/portal\/wp-content\/uploads\/2023\/07\/logo_ED.jpg","width":272,"height":52,"caption":"El Diario - Decano de la prensa nacional"},"image":{"@id":"https:\/\/www.eldiario.net\/portal\/#\/schema\/logo\/image\/"},"sameAs":["https:\/\/www.facebook.com\/eldiario.bolivia\/","https:\/\/x.com\/eldiario_net"]},{"@type":"Person","@id":"https:\/\/www.eldiario.net\/portal\/#\/schema\/person\/f46445640444750d7d753ccd04ae01b7","name":"Jeanette","image":{"@type":"ImageObject","inLanguage":"es","@id":"https:\/\/secure.gravatar.com\/avatar\/3ea2118a5f7dad2b7138b1187a6b7ee55f160b9968b66013c3a3ef39dd7e5798?s=96&d=mm&r=g","url":"https:\/\/secure.gravatar.com\/avatar\/3ea2118a5f7dad2b7138b1187a6b7ee55f160b9968b66013c3a3ef39dd7e5798?s=96&d=mm&r=g","contentUrl":"https:\/\/secure.gravatar.com\/avatar\/3ea2118a5f7dad2b7138b1187a6b7ee55f160b9968b66013c3a3ef39dd7e5798?s=96&d=mm&r=g","caption":"Jeanette"},"sameAs":["https:\/\/www.eldiario.net\/portal"],"url":"https:\/\/www.eldiario.net\/portal\/author\/jeanette\/"}]}},"_links":{"self":[{"href":"https:\/\/www.eldiario.net\/portal\/wp-json\/wp\/v2\/posts\/389482","targetHints":{"allow":["GET"]}}],"collection":[{"href":"https:\/\/www.eldiario.net\/portal\/wp-json\/wp\/v2\/posts"}],"about":[{"href":"https:\/\/www.eldiario.net\/portal\/wp-json\/wp\/v2\/types\/post"}],"author":[{"embeddable":true,"href":"https:\/\/www.eldiario.net\/portal\/wp-json\/wp\/v2\/users\/1"}],"replies":[{"embeddable":true,"href":"https:\/\/www.eldiario.net\/portal\/wp-json\/wp\/v2\/comments?post=389482"}],"version-history":[{"count":1,"href":"https:\/\/www.eldiario.net\/portal\/wp-json\/wp\/v2\/posts\/389482\/revisions"}],"predecessor-version":[{"id":389484,"href":"https:\/\/www.eldiario.net\/portal\/wp-json\/wp\/v2\/posts\/389482\/revisions\/389484"}],"wp:featuredmedia":[{"embeddable":true,"href":"https:\/\/www.eldiario.net\/portal\/wp-json\/wp\/v2\/media\/389483"}],"wp:attachment":[{"href":"https:\/\/www.eldiario.net\/portal\/wp-json\/wp\/v2\/media?parent=389482"}],"wp:term":[{"taxonomy":"category","embeddable":true,"href":"https:\/\/www.eldiario.net\/portal\/wp-json\/wp\/v2\/categories?post=389482"},{"taxonomy":"post_tag","embeddable":true,"href":"https:\/\/www.eldiario.net\/portal\/wp-json\/wp\/v2\/tags?post=389482"}],"curies":[{"name":"wp","href":"https:\/\/api.w.org\/{rel}","templated":true}]}}