{"id":389476,"date":"2026-04-29T06:14:04","date_gmt":"2026-04-29T10:14:04","guid":{"rendered":"https:\/\/www.eldiario.net\/portal\/?p=389476"},"modified":"2026-04-29T06:14:04","modified_gmt":"2026-04-29T10:14:04","slug":"granizo-destroza-techo-de-una-escuela-y-cultivos-en-huajchilla-2","status":"publish","type":"post","link":"https:\/\/www.eldiario.net\/portal\/2026\/04\/29\/granizo-destroza-techo-de-una-escuela-y-cultivos-en-huajchilla-2\/","title":{"rendered":"Granizo destroza techo de una escuela y cultivos en Huajchilla"},"content":{"rendered":"<p>Una intensa granizada destruy\u00f3 la producci\u00f3n de hortalizas y flores, adem\u00e1s caus\u00f3 la ca\u00edda del techo de una unidad educativa y afect\u00f3 a decenas de familias en la comunidad de Huajchilla, del municipio de Mecapaca en el departamento de La Paz.<br \/>\nDe acuerdo con pobladores, la principal actividad de ese sector es la producci\u00f3n de hortalizas y flores, mismos que estaban casi listos para llevarlos a los mercados de La Paz, El Alto, Oruro y hasta Potos\u00ed, pero todo qued\u00f3 completamente perdido.<br \/>\n\u201cYa no se puede vender, no sirve (\u2026) va a tardar unos seis meses en tener otros productos, pero despu\u00e9s ya viene la helada y tampoco podremos producir\u201d, apunt\u00f3 una de las productoras del lugar.<br \/>\nEl esfuerzo, la inversi\u00f3n y el trabajo diario que los productores le dedicaron a sus cultivos se perdieron en unos minutos, pues la magnitud de la granizada caus\u00f3 estragos dejando hojas despedazadas, tallos quebrados y flores completamente arruinadas por el hielo que cubri\u00f3 los sembrad\u00edos.<br \/>\nLa p\u00e1gina de R3Foresta difundi\u00f3 im\u00e1genes que dan cuenta de la magnitud del hecho, adem\u00e1s asegura que esa organizaci\u00f3n apoya con el registro de da\u00f1os y promoviendo acciones de solidaridad para ayudar a las familias agricultoras afectadas.<br \/>\n\u201cHoy m\u00e1s que nunca la comunidad necesita apoyo y solidaridad para poder recuperarse, volver a sembrar y reconstruir su producci\u00f3n\u201d, se\u00f1ala un mensaje.<br \/>\nTINGLADO<br \/>\nEl intenso granizo, registrado el lunes alrededor de las 16.30, provoc\u00f3 serios da\u00f1os en el tinglado de la Unidad Educativa Sagrada Familia de Huajchilla, mismo que se desplom\u00f3 parcialmente, generando una situaci\u00f3n de emergencia y preocupaci\u00f3n entre padres de familia, docentes y autoridades locales. Afortunadamente, no se registraron da\u00f1os personales.<br \/>\nSin embargo, el colapso de esta estructura \u2014que protege el patio donde los estudiantes realizan actividades c\u00edvicas, recreativas y deportivas\u2014 genera riesgos importantes para la seguridad de los ni\u00f1os y del personal del establecimiento.<br \/>\nAnte esa situaci\u00f3n, las autoridades del colegio decidieron suspender las clases de ayer, mientras eval\u00faan los da\u00f1os.<\/p>\n","protected":false},"excerpt":{"rendered":"<p>Una intensa granizada destruy\u00f3 la producci\u00f3n de hortalizas y flores, adem\u00e1s caus\u00f3 la ca\u00edda del techo de una unidad educativa y afect\u00f3 a decenas de familias en la comunidad de Huajchilla, del municipio de Mecapaca en el departamento de La Paz. De acuerdo con pobladores, la principal actividad de ese sector es la producci\u00f3n de [&hellip;]<\/p>\n","protected":false},"author":1,"featured_media":389477,"comment_status":"closed","ping_status":"open","sticky":false,"template":"","format":"standard","meta":{"_acf_changed":false,"footnotes":""},"categories":[12],"tags":[],"class_list":["post-389476","post","type-post","status-publish","format-standard","has-post-thumbnail","category-nacional"],"acf":{"antetitulo":""},"yoast_head":"<!-- This site is optimized with the Yoast SEO plugin v28.3 - https:\/\/yoast.com\/product\/yoast-seo-wordpress\/ -->\n<title>Granizo destroza techo de una escuela y cultivos en Huajchilla - El Diario - Bolivia<\/title>\n<meta name=\"robots\" content=\"index, follow, max-snippet:-1, max-image-preview:large, max-video-preview:-1\" \/>\n<link rel=\"canonical\" href=\"https:\/\/www.eldiario.net\/portal\/2026\/04\/29\/granizo-destroza-techo-de-una-escuela-y-cultivos-en-huajchilla-2\/\" \/>\n<meta property=\"og:locale\" content=\"es_ES\" \/>\n<meta property=\"og:type\" content=\"article\" \/>\n<meta property=\"og:title\" content=\"Granizo destroza techo de una escuela y cultivos en Huajchilla - El Diario - Bolivia\" \/>\n<meta property=\"og:description\" content=\"Una intensa granizada destruy\u00f3 la producci\u00f3n de hortalizas y flores, adem\u00e1s caus\u00f3 la ca\u00edda del techo de una unidad educativa y afect\u00f3 a decenas de familias en la comunidad de Huajchilla, del municipio de Mecapaca en el departamento de La Paz. De acuerdo con pobladores, la principal actividad de ese sector es la producci\u00f3n de [&hellip;]\" \/>\n<meta property=\"og:url\" content=\"https:\/\/www.eldiario.net\/portal\/2026\/04\/29\/granizo-destroza-techo-de-una-escuela-y-cultivos-en-huajchilla-2\/\" \/>\n<meta property=\"og:site_name\" content=\"El Diario - Bolivia\" \/>\n<meta property=\"article:publisher\" content=\"https:\/\/www.facebook.com\/eldiario.bolivia\/\" \/>\n<meta property=\"article:published_time\" content=\"2026-04-29T10:14:04+00:00\" \/>\n<meta property=\"og:image\" content=\"https:\/\/www.eldiario.net\/portal\/wp-content\/uploads\/2026\/04\/F-4-huajchilla.webp\" \/>\n\t<meta property=\"og:image:width\" content=\"1280\" \/>\n\t<meta property=\"og:image:height\" content=\"576\" \/>\n\t<meta property=\"og:image:type\" content=\"image\/webp\" \/>\n<meta name=\"author\" content=\"Jeanette\" \/>\n<meta name=\"twitter:card\" content=\"summary_large_image\" \/>\n<meta name=\"twitter:creator\" content=\"@eldiario_net\" \/>\n<meta name=\"twitter:site\" content=\"@eldiario_net\" \/>\n<meta name=\"twitter:label1\" content=\"Escrito por\" \/>\n\t<meta name=\"twitter:data1\" content=\"Jeanette\" \/>\n\t<meta name=\"twitter:label2\" content=\"Tiempo de lectura\" \/>\n\t<meta name=\"twitter:data2\" content=\"2 minutos\" \/>\n<script type=\"application\/ld+json\" class=\"yoast-schema-graph\">{\"@context\":\"https:\\\/\\\/schema.org\",\"@graph\":[{\"@type\":\"Article\",\"@id\":\"https:\\\/\\\/www.eldiario.net\\\/portal\\\/2026\\\/04\\\/29\\\/granizo-destroza-techo-de-una-escuela-y-cultivos-en-huajchilla-2\\\/#article\",\"isPartOf\":{\"@id\":\"https:\\\/\\\/www.eldiario.net\\\/portal\\\/2026\\\/04\\\/29\\\/granizo-destroza-techo-de-una-escuela-y-cultivos-en-huajchilla-2\\\/\"},\"author\":{\"name\":\"Jeanette\",\"@id\":\"https:\\\/\\\/www.eldiario.net\\\/portal\\\/#\\\/schema\\\/person\\\/f46445640444750d7d753ccd04ae01b7\"},\"headline\":\"Granizo destroza techo de una escuela y cultivos en Huajchilla\",\"datePublished\":\"2026-04-29T10:14:04+00:00\",\"mainEntityOfPage\":{\"@id\":\"https:\\\/\\\/www.eldiario.net\\\/portal\\\/2026\\\/04\\\/29\\\/granizo-destroza-techo-de-una-escuela-y-cultivos-en-huajchilla-2\\\/\"},\"wordCount\":357,\"publisher\":{\"@id\":\"https:\\\/\\\/www.eldiario.net\\\/portal\\\/#organization\"},\"image\":{\"@id\":\"https:\\\/\\\/www.eldiario.net\\\/portal\\\/2026\\\/04\\\/29\\\/granizo-destroza-techo-de-una-escuela-y-cultivos-en-huajchilla-2\\\/#primaryimage\"},\"thumbnailUrl\":\"https:\\\/\\\/www.eldiario.net\\\/portal\\\/wp-content\\\/uploads\\\/2026\\\/04\\\/F-4-huajchilla.webp\",\"articleSection\":[\"Nacional\"],\"inLanguage\":\"es\"},{\"@type\":\"WebPage\",\"@id\":\"https:\\\/\\\/www.eldiario.net\\\/portal\\\/2026\\\/04\\\/29\\\/granizo-destroza-techo-de-una-escuela-y-cultivos-en-huajchilla-2\\\/\",\"url\":\"https:\\\/\\\/www.eldiario.net\\\/portal\\\/2026\\\/04\\\/29\\\/granizo-destroza-techo-de-una-escuela-y-cultivos-en-huajchilla-2\\\/\",\"name\":\"Granizo destroza techo de una escuela y cultivos en Huajchilla - El Diario - Bolivia\",\"isPartOf\":{\"@id\":\"https:\\\/\\\/www.eldiario.net\\\/portal\\\/#website\"},\"primaryImageOfPage\":{\"@id\":\"https:\\\/\\\/www.eldiario.net\\\/portal\\\/2026\\\/04\\\/29\\\/granizo-destroza-techo-de-una-escuela-y-cultivos-en-huajchilla-2\\\/#primaryimage\"},\"image\":{\"@id\":\"https:\\\/\\\/www.eldiario.net\\\/portal\\\/2026\\\/04\\\/29\\\/granizo-destroza-techo-de-una-escuela-y-cultivos-en-huajchilla-2\\\/#primaryimage\"},\"thumbnailUrl\":\"https:\\\/\\\/www.eldiario.net\\\/portal\\\/wp-content\\\/uploads\\\/2026\\\/04\\\/F-4-huajchilla.webp\",\"datePublished\":\"2026-04-29T10:14:04+00:00\",\"breadcrumb\":{\"@id\":\"https:\\\/\\\/www.eldiario.net\\\/portal\\\/2026\\\/04\\\/29\\\/granizo-destroza-techo-de-una-escuela-y-cultivos-en-huajchilla-2\\\/#breadcrumb\"},\"inLanguage\":\"es\",\"potentialAction\":[{\"@type\":\"ReadAction\",\"target\":[\"https:\\\/\\\/www.eldiario.net\\\/portal\\\/2026\\\/04\\\/29\\\/granizo-destroza-techo-de-una-escuela-y-cultivos-en-huajchilla-2\\\/\"]}]},{\"@type\":\"ImageObject\",\"inLanguage\":\"es\",\"@id\":\"https:\\\/\\\/www.eldiario.net\\\/portal\\\/2026\\\/04\\\/29\\\/granizo-destroza-techo-de-una-escuela-y-cultivos-en-huajchilla-2\\\/#primaryimage\",\"url\":\"https:\\\/\\\/www.eldiario.net\\\/portal\\\/wp-content\\\/uploads\\\/2026\\\/04\\\/F-4-huajchilla.webp\",\"contentUrl\":\"https:\\\/\\\/www.eldiario.net\\\/portal\\\/wp-content\\\/uploads\\\/2026\\\/04\\\/F-4-huajchilla.webp\",\"width\":1280,\"height\":576},{\"@type\":\"BreadcrumbList\",\"@id\":\"https:\\\/\\\/www.eldiario.net\\\/portal\\\/2026\\\/04\\\/29\\\/granizo-destroza-techo-de-una-escuela-y-cultivos-en-huajchilla-2\\\/#breadcrumb\",\"itemListElement\":[{\"@type\":\"ListItem\",\"position\":1,\"name\":\"Portada\",\"item\":\"https:\\\/\\\/www.eldiario.net\\\/portal\\\/\"},{\"@type\":\"ListItem\",\"position\":2,\"name\":\"Granizo destroza techo de una escuela y cultivos en Huajchilla\"}]},{\"@type\":\"WebSite\",\"@id\":\"https:\\\/\\\/www.eldiario.net\\\/portal\\\/#website\",\"url\":\"https:\\\/\\\/www.eldiario.net\\\/portal\\\/\",\"name\":\"El Diario - Decano de la prensa nacional\",\"description\":\"El Diario - Decano de la prensa nacional\",\"publisher\":{\"@id\":\"https:\\\/\\\/www.eldiario.net\\\/portal\\\/#organization\"},\"potentialAction\":[{\"@type\":\"SearchAction\",\"target\":{\"@type\":\"EntryPoint\",\"urlTemplate\":\"https:\\\/\\\/www.eldiario.net\\\/portal\\\/?s={search_term_string}\"},\"query-input\":{\"@type\":\"PropertyValueSpecification\",\"valueRequired\":true,\"valueName\":\"search_term_string\"}}],\"inLanguage\":\"es\"},{\"@type\":\"Organization\",\"@id\":\"https:\\\/\\\/www.eldiario.net\\\/portal\\\/#organization\",\"name\":\"El Diario - Decano de la prensa nacional\",\"url\":\"https:\\\/\\\/www.eldiario.net\\\/portal\\\/\",\"logo\":{\"@type\":\"ImageObject\",\"inLanguage\":\"es\",\"@id\":\"https:\\\/\\\/www.eldiario.net\\\/portal\\\/#\\\/schema\\\/logo\\\/image\\\/\",\"url\":\"https:\\\/\\\/www.eldiario.net\\\/portal\\\/wp-content\\\/uploads\\\/2023\\\/07\\\/logo_ED.jpg\",\"contentUrl\":\"https:\\\/\\\/www.eldiario.net\\\/portal\\\/wp-content\\\/uploads\\\/2023\\\/07\\\/logo_ED.jpg\",\"width\":272,\"height\":52,\"caption\":\"El Diario - Decano de la prensa nacional\"},\"image\":{\"@id\":\"https:\\\/\\\/www.eldiario.net\\\/portal\\\/#\\\/schema\\\/logo\\\/image\\\/\"},\"sameAs\":[\"https:\\\/\\\/www.facebook.com\\\/eldiario.bolivia\\\/\",\"https:\\\/\\\/x.com\\\/eldiario_net\"]},{\"@type\":\"Person\",\"@id\":\"https:\\\/\\\/www.eldiario.net\\\/portal\\\/#\\\/schema\\\/person\\\/f46445640444750d7d753ccd04ae01b7\",\"name\":\"Jeanette\",\"image\":{\"@type\":\"ImageObject\",\"inLanguage\":\"es\",\"@id\":\"https:\\\/\\\/secure.gravatar.com\\\/avatar\\\/3ea2118a5f7dad2b7138b1187a6b7ee55f160b9968b66013c3a3ef39dd7e5798?s=96&d=mm&r=g\",\"url\":\"https:\\\/\\\/secure.gravatar.com\\\/avatar\\\/3ea2118a5f7dad2b7138b1187a6b7ee55f160b9968b66013c3a3ef39dd7e5798?s=96&d=mm&r=g\",\"contentUrl\":\"https:\\\/\\\/secure.gravatar.com\\\/avatar\\\/3ea2118a5f7dad2b7138b1187a6b7ee55f160b9968b66013c3a3ef39dd7e5798?s=96&d=mm&r=g\",\"caption\":\"Jeanette\"},\"sameAs\":[\"https:\\\/\\\/www.eldiario.net\\\/portal\"],\"url\":\"https:\\\/\\\/www.eldiario.net\\\/portal\\\/author\\\/jeanette\\\/\"}]}<\/script>\n<!-- \/ Yoast SEO plugin. -->","yoast_head_json":{"title":"Granizo destroza techo de una escuela y cultivos en Huajchilla - El Diario - Bolivia","robots":{"index":"index","follow":"follow","max-snippet":"max-snippet:-1","max-image-preview":"max-image-preview:large","max-video-preview":"max-video-preview:-1"},"canonical":"https:\/\/www.eldiario.net\/portal\/2026\/04\/29\/granizo-destroza-techo-de-una-escuela-y-cultivos-en-huajchilla-2\/","og_locale":"es_ES","og_type":"article","og_title":"Granizo destroza techo de una escuela y cultivos en Huajchilla - El Diario - Bolivia","og_description":"Una intensa granizada destruy\u00f3 la producci\u00f3n de hortalizas y flores, adem\u00e1s caus\u00f3 la ca\u00edda del techo de una unidad educativa y afect\u00f3 a decenas de familias en la comunidad de Huajchilla, del municipio de Mecapaca en el departamento de La Paz. De acuerdo con pobladores, la principal actividad de ese sector es la producci\u00f3n de [&hellip;]","og_url":"https:\/\/www.eldiario.net\/portal\/2026\/04\/29\/granizo-destroza-techo-de-una-escuela-y-cultivos-en-huajchilla-2\/","og_site_name":"El Diario - Bolivia","article_publisher":"https:\/\/www.facebook.com\/eldiario.bolivia\/","article_published_time":"2026-04-29T10:14:04+00:00","og_image":[{"width":1280,"height":576,"url":"https:\/\/www.eldiario.net\/portal\/wp-content\/uploads\/2026\/04\/F-4-huajchilla.webp","type":"image\/webp"}],"author":"Jeanette","twitter_card":"summary_large_image","twitter_creator":"@eldiario_net","twitter_site":"@eldiario_net","twitter_misc":{"Escrito por":"Jeanette","Tiempo de lectura":"2 minutos"},"schema":{"@context":"https:\/\/schema.org","@graph":[{"@type":"Article","@id":"https:\/\/www.eldiario.net\/portal\/2026\/04\/29\/granizo-destroza-techo-de-una-escuela-y-cultivos-en-huajchilla-2\/#article","isPartOf":{"@id":"https:\/\/www.eldiario.net\/portal\/2026\/04\/29\/granizo-destroza-techo-de-una-escuela-y-cultivos-en-huajchilla-2\/"},"author":{"name":"Jeanette","@id":"https:\/\/www.eldiario.net\/portal\/#\/schema\/person\/f46445640444750d7d753ccd04ae01b7"},"headline":"Granizo destroza techo de una escuela y cultivos en Huajchilla","datePublished":"2026-04-29T10:14:04+00:00","mainEntityOfPage":{"@id":"https:\/\/www.eldiario.net\/portal\/2026\/04\/29\/granizo-destroza-techo-de-una-escuela-y-cultivos-en-huajchilla-2\/"},"wordCount":357,"publisher":{"@id":"https:\/\/www.eldiario.net\/portal\/#organization"},"image":{"@id":"https:\/\/www.eldiario.net\/portal\/2026\/04\/29\/granizo-destroza-techo-de-una-escuela-y-cultivos-en-huajchilla-2\/#primaryimage"},"thumbnailUrl":"https:\/\/www.eldiario.net\/portal\/wp-content\/uploads\/2026\/04\/F-4-huajchilla.webp","articleSection":["Nacional"],"inLanguage":"es"},{"@type":"WebPage","@id":"https:\/\/www.eldiario.net\/portal\/2026\/04\/29\/granizo-destroza-techo-de-una-escuela-y-cultivos-en-huajchilla-2\/","url":"https:\/\/www.eldiario.net\/portal\/2026\/04\/29\/granizo-destroza-techo-de-una-escuela-y-cultivos-en-huajchilla-2\/","name":"Granizo destroza techo de una escuela y cultivos en Huajchilla - El Diario - Bolivia","isPartOf":{"@id":"https:\/\/www.eldiario.net\/portal\/#website"},"primaryImageOfPage":{"@id":"https:\/\/www.eldiario.net\/portal\/2026\/04\/29\/granizo-destroza-techo-de-una-escuela-y-cultivos-en-huajchilla-2\/#primaryimage"},"image":{"@id":"https:\/\/www.eldiario.net\/portal\/2026\/04\/29\/granizo-destroza-techo-de-una-escuela-y-cultivos-en-huajchilla-2\/#primaryimage"},"thumbnailUrl":"https:\/\/www.eldiario.net\/portal\/wp-content\/uploads\/2026\/04\/F-4-huajchilla.webp","datePublished":"2026-04-29T10:14:04+00:00","breadcrumb":{"@id":"https:\/\/www.eldiario.net\/portal\/2026\/04\/29\/granizo-destroza-techo-de-una-escuela-y-cultivos-en-huajchilla-2\/#breadcrumb"},"inLanguage":"es","potentialAction":[{"@type":"ReadAction","target":["https:\/\/www.eldiario.net\/portal\/2026\/04\/29\/granizo-destroza-techo-de-una-escuela-y-cultivos-en-huajchilla-2\/"]}]},{"@type":"ImageObject","inLanguage":"es","@id":"https:\/\/www.eldiario.net\/portal\/2026\/04\/29\/granizo-destroza-techo-de-una-escuela-y-cultivos-en-huajchilla-2\/#primaryimage","url":"https:\/\/www.eldiario.net\/portal\/wp-content\/uploads\/2026\/04\/F-4-huajchilla.webp","contentUrl":"https:\/\/www.eldiario.net\/portal\/wp-content\/uploads\/2026\/04\/F-4-huajchilla.webp","width":1280,"height":576},{"@type":"BreadcrumbList","@id":"https:\/\/www.eldiario.net\/portal\/2026\/04\/29\/granizo-destroza-techo-de-una-escuela-y-cultivos-en-huajchilla-2\/#breadcrumb","itemListElement":[{"@type":"ListItem","position":1,"name":"Portada","item":"https:\/\/www.eldiario.net\/portal\/"},{"@type":"ListItem","position":2,"name":"Granizo destroza techo de una escuela y cultivos en Huajchilla"}]},{"@type":"WebSite","@id":"https:\/\/www.eldiario.net\/portal\/#website","url":"https:\/\/www.eldiario.net\/portal\/","name":"El Diario - Decano de la prensa nacional","description":"El Diario - Decano de la prensa nacional","publisher":{"@id":"https:\/\/www.eldiario.net\/portal\/#organization"},"potentialAction":[{"@type":"SearchAction","target":{"@type":"EntryPoint","urlTemplate":"https:\/\/www.eldiario.net\/portal\/?s={search_term_string}"},"query-input":{"@type":"PropertyValueSpecification","valueRequired":true,"valueName":"search_term_string"}}],"inLanguage":"es"},{"@type":"Organization","@id":"https:\/\/www.eldiario.net\/portal\/#organization","name":"El Diario - Decano de la prensa nacional","url":"https:\/\/www.eldiario.net\/portal\/","logo":{"@type":"ImageObject","inLanguage":"es","@id":"https:\/\/www.eldiario.net\/portal\/#\/schema\/logo\/image\/","url":"https:\/\/www.eldiario.net\/portal\/wp-content\/uploads\/2023\/07\/logo_ED.jpg","contentUrl":"https:\/\/www.eldiario.net\/portal\/wp-content\/uploads\/2023\/07\/logo_ED.jpg","width":272,"height":52,"caption":"El Diario - Decano de la prensa nacional"},"image":{"@id":"https:\/\/www.eldiario.net\/portal\/#\/schema\/logo\/image\/"},"sameAs":["https:\/\/www.facebook.com\/eldiario.bolivia\/","https:\/\/x.com\/eldiario_net"]},{"@type":"Person","@id":"https:\/\/www.eldiario.net\/portal\/#\/schema\/person\/f46445640444750d7d753ccd04ae01b7","name":"Jeanette","image":{"@type":"ImageObject","inLanguage":"es","@id":"https:\/\/secure.gravatar.com\/avatar\/3ea2118a5f7dad2b7138b1187a6b7ee55f160b9968b66013c3a3ef39dd7e5798?s=96&d=mm&r=g","url":"https:\/\/secure.gravatar.com\/avatar\/3ea2118a5f7dad2b7138b1187a6b7ee55f160b9968b66013c3a3ef39dd7e5798?s=96&d=mm&r=g","contentUrl":"https:\/\/secure.gravatar.com\/avatar\/3ea2118a5f7dad2b7138b1187a6b7ee55f160b9968b66013c3a3ef39dd7e5798?s=96&d=mm&r=g","caption":"Jeanette"},"sameAs":["https:\/\/www.eldiario.net\/portal"],"url":"https:\/\/www.eldiario.net\/portal\/author\/jeanette\/"}]}},"_links":{"self":[{"href":"https:\/\/www.eldiario.net\/portal\/wp-json\/wp\/v2\/posts\/389476","targetHints":{"allow":["GET"]}}],"collection":[{"href":"https:\/\/www.eldiario.net\/portal\/wp-json\/wp\/v2\/posts"}],"about":[{"href":"https:\/\/www.eldiario.net\/portal\/wp-json\/wp\/v2\/types\/post"}],"author":[{"embeddable":true,"href":"https:\/\/www.eldiario.net\/portal\/wp-json\/wp\/v2\/users\/1"}],"replies":[{"embeddable":true,"href":"https:\/\/www.eldiario.net\/portal\/wp-json\/wp\/v2\/comments?post=389476"}],"version-history":[{"count":1,"href":"https:\/\/www.eldiario.net\/portal\/wp-json\/wp\/v2\/posts\/389476\/revisions"}],"predecessor-version":[{"id":389478,"href":"https:\/\/www.eldiario.net\/portal\/wp-json\/wp\/v2\/posts\/389476\/revisions\/389478"}],"wp:featuredmedia":[{"embeddable":true,"href":"https:\/\/www.eldiario.net\/portal\/wp-json\/wp\/v2\/media\/389477"}],"wp:attachment":[{"href":"https:\/\/www.eldiario.net\/portal\/wp-json\/wp\/v2\/media?parent=389476"}],"wp:term":[{"taxonomy":"category","embeddable":true,"href":"https:\/\/www.eldiario.net\/portal\/wp-json\/wp\/v2\/categories?post=389476"},{"taxonomy":"post_tag","embeddable":true,"href":"https:\/\/www.eldiario.net\/portal\/wp-json\/wp\/v2\/tags?post=389476"}],"curies":[{"name":"wp","href":"https:\/\/api.w.org\/{rel}","templated":true}]}}