{"id":389465,"date":"2026-04-29T00:50:18","date_gmt":"2026-04-29T04:50:18","guid":{"rendered":"https:\/\/www.eldiario.net\/portal\/?p=389465"},"modified":"2026-04-28T21:51:13","modified_gmt":"2026-04-29T01:51:13","slug":"violentos-asesinatos-alertan-sobre-presencia-del-crimen-organizado","status":"publish","type":"post","link":"https:\/\/www.eldiario.net\/portal\/2026\/04\/29\/violentos-asesinatos-alertan-sobre-presencia-del-crimen-organizado\/","title":{"rendered":"Violentos asesinatos alertan sobre  presencia del crimen organizado"},"content":{"rendered":"<p>En menos de 48 horas, tres hechos violentos en el departamento de Santa Cruz han generado preocupaci\u00f3n y han motivado investigaciones de la Polic\u00eda y el Ministerio P\u00fablico. Las autoridades advierten que, aunque se trata de casos con caracter\u00edsticas distintas, existe un patr\u00f3n que no puede ignorarse: el incremento de la violencia organizada.<\/p>\n<p>\u201cEn menos de 48 horas se han registrado tres hechos violentos en Santa Cruz, que hoy est\u00e1n siendo investigados por la Polic\u00eda y el Ministerio P\u00fablico\u201d, manifest\u00f3 el viceministro de Defensa Social y Sustancias Controladas, Ernesto Justiniano, a trav\u00e9s de sus redes sociales, en la que detalla la naturaleza de los casos.<\/p>\n<p>De acuerdo con la informaci\u00f3n difundida, el primer hecho corresponde a \u201cun ataque armado en San Mat\u00edas, en un espacio p\u00fablico y con uso de armamento, en un contexto que apunta a un posible ajuste de cuentas\u201d. El segundo caso ocurri\u00f3 \u201cdurante un evento deportivo, con ejecuci\u00f3n directa, cuya motivaci\u00f3n a\u00fan est\u00e1 en investigaci\u00f3n\u201d. Finalmente, se report\u00f3 \u201cun caso en zona de frontera, donde un ciudadano extranjero fue acribillado en un escenario claramente transnacional\u201d.<\/p>\n<p>Ante estos hechos, la autoridad enfatiz\u00f3 la necesidad de actuar con responsabilidad en el manejo de la informaci\u00f3n.<\/p>\n<p>\u201cNo vamos a mezclar casos sin pruebas. No vamos a adelantar conclusiones. y no vamos a encubrir a nadie\u201d, resalt\u00f3.<\/p>\n<p>Sin embargo, tambi\u00e9n advirti\u00f3 que m\u00e1s all\u00e1 de las diferencias entre los casos, existe un elemento com\u00fan que preocupa a las instancias de seguridad. \u201cLa violencia que vemos es cada vez m\u00e1s organizada\u201d, sostiene el pronunciamiento, al se\u00f1alar que la planificaci\u00f3n de ataques, el uso de m\u00faltiples disparos y la ocurrencia en espacios p\u00fablicos o zonas fronterizas evidencian la presencia de estructuras criminales.<\/p>\n<p>En ese sentido, Justiniano plante\u00f3 que la respuesta estatal no puede limitarse a acciones reactivas. La respuesta \u201cdebe ser estructural\u201d, enfocada en desarticular las redes, su log\u00edstica y sus flujos econ\u00f3micos. En esa l\u00ednea, subray\u00f3 que golpear las fuentes de financiamiento es clave, ya que, sin afectar el dinero, las organizaciones criminales tienden a reconstituirse.<\/p>\n<p>Las investigaciones sobre los tres hechos contin\u00faan en curso y, seg\u00fan la autoridad, se buscar\u00e1 esclarecerlos con rigor. \u201cLas investigaciones est\u00e1n en curso y vamos a llegar al fondo\u201d, concluy\u00f3.<\/p>\n<p>PILOTO ASESINADO<\/p>\n<p>Las investigaciones por el asesinato de Jos\u00e9 Pedro Rojas Velasco contin\u00faan y la Polic\u00eda sostiene que el piloto de rally estar\u00eda vinculado a la organizaci\u00f3n criminal liderada por el narcotraficante uruguayo Sebasti\u00e1n Marset. Seg\u00fan el director de la Fuerza especial de Lucha contra el Crimen (Felcc), Jhonny Coca, el hombre de 29 a\u00f1os formar\u00eda parte de esta estructura, ocupando un nivel intermedio dentro de la red.<\/p>\n<p>Las pesquisas tambi\u00e9n apuntan a que el sujeto habr\u00eda cumplido funciones como piloto dentro de la organizaci\u00f3n y que podr\u00eda haber estado involucrado en operaciones en Paraguay. En ese contexto, se investiga un posible episodio en el que habr\u00eda sido perseguido por autoridades de ese pa\u00eds tras un traslado de carga il\u00edcita, informaci\u00f3n que a\u00fan est\u00e1 siendo verificada.<\/p>\n<p>El asesinato ocurri\u00f3 el domingo 26 de abril durante una competencia automovil\u00edstica en un circuito cercano al aeropuerto Viru Viru, entre Santa Cruz de la Sierra y Warnes. La v\u00edctima fue atacada a tiros en pleno evento deportivo, generando conmoci\u00f3n en el lugar.<\/p>\n<p>La Polic\u00eda ya hab\u00eda indicado que el fallecido era buscado por un caso previo de secuestro y tiroteo. Con los indicios recolectados, las autoridades consideran que existen elementos suficientes para vincularlo con la organizaci\u00f3n criminal investigada, aunque algunas l\u00edneas de investigaci\u00f3n a\u00fan est\u00e1n en proceso de confirmaci\u00f3n.<\/p>\n<figure id=\"attachment_389467\" aria-describedby=\"caption-attachment-389467\" style=\"width: 1042px\" class=\"wp-caption alignleft\"><img loading=\"lazy\" decoding=\"async\" class=\"size-full wp-image-389467\" src=\"https:\/\/www.eldiario.net\/portal\/wp-content\/uploads\/2026\/04\/29-CRIMEN-2.webp\" alt=\"\" width=\"1042\" height=\"720\" srcset=\"https:\/\/www.eldiario.net\/portal\/wp-content\/uploads\/2026\/04\/29-CRIMEN-2.webp 1042w, https:\/\/www.eldiario.net\/portal\/wp-content\/uploads\/2026\/04\/29-CRIMEN-2-300x207.webp 300w, https:\/\/www.eldiario.net\/portal\/wp-content\/uploads\/2026\/04\/29-CRIMEN-2-1024x708.webp 1024w, https:\/\/www.eldiario.net\/portal\/wp-content\/uploads\/2026\/04\/29-CRIMEN-2-768x531.webp 768w, https:\/\/www.eldiario.net\/portal\/wp-content\/uploads\/2026\/04\/29-CRIMEN-2-608x420.webp 608w, https:\/\/www.eldiario.net\/portal\/wp-content\/uploads\/2026\/04\/29-CRIMEN-2-150x104.webp 150w, https:\/\/www.eldiario.net\/portal\/wp-content\/uploads\/2026\/04\/29-CRIMEN-2-218x150.webp 218w, https:\/\/www.eldiario.net\/portal\/wp-content\/uploads\/2026\/04\/29-CRIMEN-2-696x481.webp 696w\" sizes=\"auto, (max-width: 1042px) 100vw, 1042px\" \/><figcaption id=\"caption-attachment-389467\" class=\"wp-caption-text\">El veh\u00edculo del piloto, Jos\u00e9 Pedro Rojas, tras su asesinato.<br \/>Cr\u00e9dito de foto 1: Vdssc<\/figcaption><\/figure>\n","protected":false},"excerpt":{"rendered":"<p>En menos de 48 horas, tres hechos violentos en el departamento de Santa Cruz han generado preocupaci\u00f3n y han motivado investigaciones de la Polic\u00eda y el Ministerio P\u00fablico. Las autoridades advierten que, aunque se trata de casos con caracter\u00edsticas distintas, existe un patr\u00f3n que no puede ignorarse: el incremento de la violencia organizada. \u201cEn menos [&hellip;]<\/p>\n","protected":false},"author":1,"featured_media":389466,"comment_status":"closed","ping_status":"open","sticky":false,"template":"","format":"standard","meta":{"_acf_changed":false,"footnotes":""},"categories":[39],"tags":[],"class_list":["post-389465","post","type-post","status-publish","format-standard","has-post-thumbnail","category-sociedad"],"acf":{"antetitulo":"Santa Cruz"},"yoast_head":"<!-- This site is optimized with the Yoast SEO plugin v28.3 - https:\/\/yoast.com\/product\/yoast-seo-wordpress\/ -->\n<title>Violentos asesinatos alertan sobre presencia del crimen organizado - El Diario - Bolivia<\/title>\n<meta name=\"robots\" content=\"index, follow, max-snippet:-1, max-image-preview:large, max-video-preview:-1\" \/>\n<link rel=\"canonical\" href=\"https:\/\/www.eldiario.net\/portal\/2026\/04\/29\/violentos-asesinatos-alertan-sobre-presencia-del-crimen-organizado\/\" \/>\n<meta property=\"og:locale\" content=\"es_ES\" \/>\n<meta property=\"og:type\" content=\"article\" \/>\n<meta property=\"og:title\" content=\"Violentos asesinatos alertan sobre presencia del crimen organizado - El Diario - Bolivia\" \/>\n<meta property=\"og:description\" content=\"En menos de 48 horas, tres hechos violentos en el departamento de Santa Cruz han generado preocupaci\u00f3n y han motivado investigaciones de la Polic\u00eda y el Ministerio P\u00fablico. Las autoridades advierten que, aunque se trata de casos con caracter\u00edsticas distintas, existe un patr\u00f3n que no puede ignorarse: el incremento de la violencia organizada. \u201cEn menos [&hellip;]\" \/>\n<meta property=\"og:url\" content=\"https:\/\/www.eldiario.net\/portal\/2026\/04\/29\/violentos-asesinatos-alertan-sobre-presencia-del-crimen-organizado\/\" \/>\n<meta property=\"og:site_name\" content=\"El Diario - Bolivia\" \/>\n<meta property=\"article:publisher\" content=\"https:\/\/www.facebook.com\/eldiario.bolivia\/\" \/>\n<meta property=\"article:published_time\" content=\"2026-04-29T04:50:18+00:00\" \/>\n<meta property=\"og:image\" content=\"https:\/\/www.eldiario.net\/portal\/wp-content\/uploads\/2026\/04\/29-CRIMEN-1.webp\" \/>\n\t<meta property=\"og:image:width\" content=\"768\" \/>\n\t<meta property=\"og:image:height\" content=\"576\" \/>\n\t<meta property=\"og:image:type\" content=\"image\/webp\" \/>\n<meta name=\"author\" content=\"Jeanette\" \/>\n<meta name=\"twitter:card\" content=\"summary_large_image\" \/>\n<meta name=\"twitter:creator\" content=\"@eldiario_net\" \/>\n<meta name=\"twitter:site\" content=\"@eldiario_net\" \/>\n<meta name=\"twitter:label1\" content=\"Escrito por\" \/>\n\t<meta name=\"twitter:data1\" content=\"Jeanette\" \/>\n\t<meta name=\"twitter:label2\" content=\"Tiempo de lectura\" \/>\n\t<meta name=\"twitter:data2\" content=\"4 minutos\" \/>\n<script type=\"application\/ld+json\" class=\"yoast-schema-graph\">{\"@context\":\"https:\\\/\\\/schema.org\",\"@graph\":[{\"@type\":\"Article\",\"@id\":\"https:\\\/\\\/www.eldiario.net\\\/portal\\\/2026\\\/04\\\/29\\\/violentos-asesinatos-alertan-sobre-presencia-del-crimen-organizado\\\/#article\",\"isPartOf\":{\"@id\":\"https:\\\/\\\/www.eldiario.net\\\/portal\\\/2026\\\/04\\\/29\\\/violentos-asesinatos-alertan-sobre-presencia-del-crimen-organizado\\\/\"},\"author\":{\"name\":\"Jeanette\",\"@id\":\"https:\\\/\\\/www.eldiario.net\\\/portal\\\/#\\\/schema\\\/person\\\/f46445640444750d7d753ccd04ae01b7\"},\"headline\":\"Violentos asesinatos alertan sobre presencia del crimen organizado\",\"datePublished\":\"2026-04-29T04:50:18+00:00\",\"mainEntityOfPage\":{\"@id\":\"https:\\\/\\\/www.eldiario.net\\\/portal\\\/2026\\\/04\\\/29\\\/violentos-asesinatos-alertan-sobre-presencia-del-crimen-organizado\\\/\"},\"wordCount\":667,\"publisher\":{\"@id\":\"https:\\\/\\\/www.eldiario.net\\\/portal\\\/#organization\"},\"image\":{\"@id\":\"https:\\\/\\\/www.eldiario.net\\\/portal\\\/2026\\\/04\\\/29\\\/violentos-asesinatos-alertan-sobre-presencia-del-crimen-organizado\\\/#primaryimage\"},\"thumbnailUrl\":\"https:\\\/\\\/www.eldiario.net\\\/portal\\\/wp-content\\\/uploads\\\/2026\\\/04\\\/29-CRIMEN-1.webp\",\"articleSection\":[\"Sociedad - Seguridad\"],\"inLanguage\":\"es\"},{\"@type\":\"WebPage\",\"@id\":\"https:\\\/\\\/www.eldiario.net\\\/portal\\\/2026\\\/04\\\/29\\\/violentos-asesinatos-alertan-sobre-presencia-del-crimen-organizado\\\/\",\"url\":\"https:\\\/\\\/www.eldiario.net\\\/portal\\\/2026\\\/04\\\/29\\\/violentos-asesinatos-alertan-sobre-presencia-del-crimen-organizado\\\/\",\"name\":\"Violentos asesinatos alertan sobre presencia del crimen organizado - El Diario - Bolivia\",\"isPartOf\":{\"@id\":\"https:\\\/\\\/www.eldiario.net\\\/portal\\\/#website\"},\"primaryImageOfPage\":{\"@id\":\"https:\\\/\\\/www.eldiario.net\\\/portal\\\/2026\\\/04\\\/29\\\/violentos-asesinatos-alertan-sobre-presencia-del-crimen-organizado\\\/#primaryimage\"},\"image\":{\"@id\":\"https:\\\/\\\/www.eldiario.net\\\/portal\\\/2026\\\/04\\\/29\\\/violentos-asesinatos-alertan-sobre-presencia-del-crimen-organizado\\\/#primaryimage\"},\"thumbnailUrl\":\"https:\\\/\\\/www.eldiario.net\\\/portal\\\/wp-content\\\/uploads\\\/2026\\\/04\\\/29-CRIMEN-1.webp\",\"datePublished\":\"2026-04-29T04:50:18+00:00\",\"breadcrumb\":{\"@id\":\"https:\\\/\\\/www.eldiario.net\\\/portal\\\/2026\\\/04\\\/29\\\/violentos-asesinatos-alertan-sobre-presencia-del-crimen-organizado\\\/#breadcrumb\"},\"inLanguage\":\"es\",\"potentialAction\":[{\"@type\":\"ReadAction\",\"target\":[\"https:\\\/\\\/www.eldiario.net\\\/portal\\\/2026\\\/04\\\/29\\\/violentos-asesinatos-alertan-sobre-presencia-del-crimen-organizado\\\/\"]}]},{\"@type\":\"ImageObject\",\"inLanguage\":\"es\",\"@id\":\"https:\\\/\\\/www.eldiario.net\\\/portal\\\/2026\\\/04\\\/29\\\/violentos-asesinatos-alertan-sobre-presencia-del-crimen-organizado\\\/#primaryimage\",\"url\":\"https:\\\/\\\/www.eldiario.net\\\/portal\\\/wp-content\\\/uploads\\\/2026\\\/04\\\/29-CRIMEN-1.webp\",\"contentUrl\":\"https:\\\/\\\/www.eldiario.net\\\/portal\\\/wp-content\\\/uploads\\\/2026\\\/04\\\/29-CRIMEN-1.webp\",\"width\":768,\"height\":576,\"caption\":\"Viceministro de Defensa Social y Sustancias Controladas, Ernesto Justiniano.\"},{\"@type\":\"BreadcrumbList\",\"@id\":\"https:\\\/\\\/www.eldiario.net\\\/portal\\\/2026\\\/04\\\/29\\\/violentos-asesinatos-alertan-sobre-presencia-del-crimen-organizado\\\/#breadcrumb\",\"itemListElement\":[{\"@type\":\"ListItem\",\"position\":1,\"name\":\"Portada\",\"item\":\"https:\\\/\\\/www.eldiario.net\\\/portal\\\/\"},{\"@type\":\"ListItem\",\"position\":2,\"name\":\"Violentos asesinatos alertan sobre presencia del crimen organizado\"}]},{\"@type\":\"WebSite\",\"@id\":\"https:\\\/\\\/www.eldiario.net\\\/portal\\\/#website\",\"url\":\"https:\\\/\\\/www.eldiario.net\\\/portal\\\/\",\"name\":\"El Diario - Decano de la prensa nacional\",\"description\":\"El Diario - Decano de la prensa nacional\",\"publisher\":{\"@id\":\"https:\\\/\\\/www.eldiario.net\\\/portal\\\/#organization\"},\"potentialAction\":[{\"@type\":\"SearchAction\",\"target\":{\"@type\":\"EntryPoint\",\"urlTemplate\":\"https:\\\/\\\/www.eldiario.net\\\/portal\\\/?s={search_term_string}\"},\"query-input\":{\"@type\":\"PropertyValueSpecification\",\"valueRequired\":true,\"valueName\":\"search_term_string\"}}],\"inLanguage\":\"es\"},{\"@type\":\"Organization\",\"@id\":\"https:\\\/\\\/www.eldiario.net\\\/portal\\\/#organization\",\"name\":\"El Diario - Decano de la prensa nacional\",\"url\":\"https:\\\/\\\/www.eldiario.net\\\/portal\\\/\",\"logo\":{\"@type\":\"ImageObject\",\"inLanguage\":\"es\",\"@id\":\"https:\\\/\\\/www.eldiario.net\\\/portal\\\/#\\\/schema\\\/logo\\\/image\\\/\",\"url\":\"https:\\\/\\\/www.eldiario.net\\\/portal\\\/wp-content\\\/uploads\\\/2023\\\/07\\\/logo_ED.jpg\",\"contentUrl\":\"https:\\\/\\\/www.eldiario.net\\\/portal\\\/wp-content\\\/uploads\\\/2023\\\/07\\\/logo_ED.jpg\",\"width\":272,\"height\":52,\"caption\":\"El Diario - Decano de la prensa nacional\"},\"image\":{\"@id\":\"https:\\\/\\\/www.eldiario.net\\\/portal\\\/#\\\/schema\\\/logo\\\/image\\\/\"},\"sameAs\":[\"https:\\\/\\\/www.facebook.com\\\/eldiario.bolivia\\\/\",\"https:\\\/\\\/x.com\\\/eldiario_net\"]},{\"@type\":\"Person\",\"@id\":\"https:\\\/\\\/www.eldiario.net\\\/portal\\\/#\\\/schema\\\/person\\\/f46445640444750d7d753ccd04ae01b7\",\"name\":\"Jeanette\",\"image\":{\"@type\":\"ImageObject\",\"inLanguage\":\"es\",\"@id\":\"https:\\\/\\\/secure.gravatar.com\\\/avatar\\\/3ea2118a5f7dad2b7138b1187a6b7ee55f160b9968b66013c3a3ef39dd7e5798?s=96&d=mm&r=g\",\"url\":\"https:\\\/\\\/secure.gravatar.com\\\/avatar\\\/3ea2118a5f7dad2b7138b1187a6b7ee55f160b9968b66013c3a3ef39dd7e5798?s=96&d=mm&r=g\",\"contentUrl\":\"https:\\\/\\\/secure.gravatar.com\\\/avatar\\\/3ea2118a5f7dad2b7138b1187a6b7ee55f160b9968b66013c3a3ef39dd7e5798?s=96&d=mm&r=g\",\"caption\":\"Jeanette\"},\"sameAs\":[\"https:\\\/\\\/www.eldiario.net\\\/portal\"],\"url\":\"https:\\\/\\\/www.eldiario.net\\\/portal\\\/author\\\/jeanette\\\/\"}]}<\/script>\n<!-- \/ Yoast SEO plugin. -->","yoast_head_json":{"title":"Violentos asesinatos alertan sobre presencia del crimen organizado - El Diario - Bolivia","robots":{"index":"index","follow":"follow","max-snippet":"max-snippet:-1","max-image-preview":"max-image-preview:large","max-video-preview":"max-video-preview:-1"},"canonical":"https:\/\/www.eldiario.net\/portal\/2026\/04\/29\/violentos-asesinatos-alertan-sobre-presencia-del-crimen-organizado\/","og_locale":"es_ES","og_type":"article","og_title":"Violentos asesinatos alertan sobre presencia del crimen organizado - El Diario - Bolivia","og_description":"En menos de 48 horas, tres hechos violentos en el departamento de Santa Cruz han generado preocupaci\u00f3n y han motivado investigaciones de la Polic\u00eda y el Ministerio P\u00fablico. Las autoridades advierten que, aunque se trata de casos con caracter\u00edsticas distintas, existe un patr\u00f3n que no puede ignorarse: el incremento de la violencia organizada. \u201cEn menos [&hellip;]","og_url":"https:\/\/www.eldiario.net\/portal\/2026\/04\/29\/violentos-asesinatos-alertan-sobre-presencia-del-crimen-organizado\/","og_site_name":"El Diario - Bolivia","article_publisher":"https:\/\/www.facebook.com\/eldiario.bolivia\/","article_published_time":"2026-04-29T04:50:18+00:00","og_image":[{"width":768,"height":576,"url":"https:\/\/www.eldiario.net\/portal\/wp-content\/uploads\/2026\/04\/29-CRIMEN-1.webp","type":"image\/webp"}],"author":"Jeanette","twitter_card":"summary_large_image","twitter_creator":"@eldiario_net","twitter_site":"@eldiario_net","twitter_misc":{"Escrito por":"Jeanette","Tiempo de lectura":"4 minutos"},"schema":{"@context":"https:\/\/schema.org","@graph":[{"@type":"Article","@id":"https:\/\/www.eldiario.net\/portal\/2026\/04\/29\/violentos-asesinatos-alertan-sobre-presencia-del-crimen-organizado\/#article","isPartOf":{"@id":"https:\/\/www.eldiario.net\/portal\/2026\/04\/29\/violentos-asesinatos-alertan-sobre-presencia-del-crimen-organizado\/"},"author":{"name":"Jeanette","@id":"https:\/\/www.eldiario.net\/portal\/#\/schema\/person\/f46445640444750d7d753ccd04ae01b7"},"headline":"Violentos asesinatos alertan sobre presencia del crimen organizado","datePublished":"2026-04-29T04:50:18+00:00","mainEntityOfPage":{"@id":"https:\/\/www.eldiario.net\/portal\/2026\/04\/29\/violentos-asesinatos-alertan-sobre-presencia-del-crimen-organizado\/"},"wordCount":667,"publisher":{"@id":"https:\/\/www.eldiario.net\/portal\/#organization"},"image":{"@id":"https:\/\/www.eldiario.net\/portal\/2026\/04\/29\/violentos-asesinatos-alertan-sobre-presencia-del-crimen-organizado\/#primaryimage"},"thumbnailUrl":"https:\/\/www.eldiario.net\/portal\/wp-content\/uploads\/2026\/04\/29-CRIMEN-1.webp","articleSection":["Sociedad - Seguridad"],"inLanguage":"es"},{"@type":"WebPage","@id":"https:\/\/www.eldiario.net\/portal\/2026\/04\/29\/violentos-asesinatos-alertan-sobre-presencia-del-crimen-organizado\/","url":"https:\/\/www.eldiario.net\/portal\/2026\/04\/29\/violentos-asesinatos-alertan-sobre-presencia-del-crimen-organizado\/","name":"Violentos asesinatos alertan sobre presencia del crimen organizado - El Diario - Bolivia","isPartOf":{"@id":"https:\/\/www.eldiario.net\/portal\/#website"},"primaryImageOfPage":{"@id":"https:\/\/www.eldiario.net\/portal\/2026\/04\/29\/violentos-asesinatos-alertan-sobre-presencia-del-crimen-organizado\/#primaryimage"},"image":{"@id":"https:\/\/www.eldiario.net\/portal\/2026\/04\/29\/violentos-asesinatos-alertan-sobre-presencia-del-crimen-organizado\/#primaryimage"},"thumbnailUrl":"https:\/\/www.eldiario.net\/portal\/wp-content\/uploads\/2026\/04\/29-CRIMEN-1.webp","datePublished":"2026-04-29T04:50:18+00:00","breadcrumb":{"@id":"https:\/\/www.eldiario.net\/portal\/2026\/04\/29\/violentos-asesinatos-alertan-sobre-presencia-del-crimen-organizado\/#breadcrumb"},"inLanguage":"es","potentialAction":[{"@type":"ReadAction","target":["https:\/\/www.eldiario.net\/portal\/2026\/04\/29\/violentos-asesinatos-alertan-sobre-presencia-del-crimen-organizado\/"]}]},{"@type":"ImageObject","inLanguage":"es","@id":"https:\/\/www.eldiario.net\/portal\/2026\/04\/29\/violentos-asesinatos-alertan-sobre-presencia-del-crimen-organizado\/#primaryimage","url":"https:\/\/www.eldiario.net\/portal\/wp-content\/uploads\/2026\/04\/29-CRIMEN-1.webp","contentUrl":"https:\/\/www.eldiario.net\/portal\/wp-content\/uploads\/2026\/04\/29-CRIMEN-1.webp","width":768,"height":576,"caption":"Viceministro de Defensa Social y Sustancias Controladas, Ernesto Justiniano."},{"@type":"BreadcrumbList","@id":"https:\/\/www.eldiario.net\/portal\/2026\/04\/29\/violentos-asesinatos-alertan-sobre-presencia-del-crimen-organizado\/#breadcrumb","itemListElement":[{"@type":"ListItem","position":1,"name":"Portada","item":"https:\/\/www.eldiario.net\/portal\/"},{"@type":"ListItem","position":2,"name":"Violentos asesinatos alertan sobre presencia del crimen organizado"}]},{"@type":"WebSite","@id":"https:\/\/www.eldiario.net\/portal\/#website","url":"https:\/\/www.eldiario.net\/portal\/","name":"El Diario - Decano de la prensa nacional","description":"El Diario - Decano de la prensa nacional","publisher":{"@id":"https:\/\/www.eldiario.net\/portal\/#organization"},"potentialAction":[{"@type":"SearchAction","target":{"@type":"EntryPoint","urlTemplate":"https:\/\/www.eldiario.net\/portal\/?s={search_term_string}"},"query-input":{"@type":"PropertyValueSpecification","valueRequired":true,"valueName":"search_term_string"}}],"inLanguage":"es"},{"@type":"Organization","@id":"https:\/\/www.eldiario.net\/portal\/#organization","name":"El Diario - Decano de la prensa nacional","url":"https:\/\/www.eldiario.net\/portal\/","logo":{"@type":"ImageObject","inLanguage":"es","@id":"https:\/\/www.eldiario.net\/portal\/#\/schema\/logo\/image\/","url":"https:\/\/www.eldiario.net\/portal\/wp-content\/uploads\/2023\/07\/logo_ED.jpg","contentUrl":"https:\/\/www.eldiario.net\/portal\/wp-content\/uploads\/2023\/07\/logo_ED.jpg","width":272,"height":52,"caption":"El Diario - Decano de la prensa nacional"},"image":{"@id":"https:\/\/www.eldiario.net\/portal\/#\/schema\/logo\/image\/"},"sameAs":["https:\/\/www.facebook.com\/eldiario.bolivia\/","https:\/\/x.com\/eldiario_net"]},{"@type":"Person","@id":"https:\/\/www.eldiario.net\/portal\/#\/schema\/person\/f46445640444750d7d753ccd04ae01b7","name":"Jeanette","image":{"@type":"ImageObject","inLanguage":"es","@id":"https:\/\/secure.gravatar.com\/avatar\/3ea2118a5f7dad2b7138b1187a6b7ee55f160b9968b66013c3a3ef39dd7e5798?s=96&d=mm&r=g","url":"https:\/\/secure.gravatar.com\/avatar\/3ea2118a5f7dad2b7138b1187a6b7ee55f160b9968b66013c3a3ef39dd7e5798?s=96&d=mm&r=g","contentUrl":"https:\/\/secure.gravatar.com\/avatar\/3ea2118a5f7dad2b7138b1187a6b7ee55f160b9968b66013c3a3ef39dd7e5798?s=96&d=mm&r=g","caption":"Jeanette"},"sameAs":["https:\/\/www.eldiario.net\/portal"],"url":"https:\/\/www.eldiario.net\/portal\/author\/jeanette\/"}]}},"_links":{"self":[{"href":"https:\/\/www.eldiario.net\/portal\/wp-json\/wp\/v2\/posts\/389465","targetHints":{"allow":["GET"]}}],"collection":[{"href":"https:\/\/www.eldiario.net\/portal\/wp-json\/wp\/v2\/posts"}],"about":[{"href":"https:\/\/www.eldiario.net\/portal\/wp-json\/wp\/v2\/types\/post"}],"author":[{"embeddable":true,"href":"https:\/\/www.eldiario.net\/portal\/wp-json\/wp\/v2\/users\/1"}],"replies":[{"embeddable":true,"href":"https:\/\/www.eldiario.net\/portal\/wp-json\/wp\/v2\/comments?post=389465"}],"version-history":[{"count":1,"href":"https:\/\/www.eldiario.net\/portal\/wp-json\/wp\/v2\/posts\/389465\/revisions"}],"predecessor-version":[{"id":389468,"href":"https:\/\/www.eldiario.net\/portal\/wp-json\/wp\/v2\/posts\/389465\/revisions\/389468"}],"wp:featuredmedia":[{"embeddable":true,"href":"https:\/\/www.eldiario.net\/portal\/wp-json\/wp\/v2\/media\/389466"}],"wp:attachment":[{"href":"https:\/\/www.eldiario.net\/portal\/wp-json\/wp\/v2\/media?parent=389465"}],"wp:term":[{"taxonomy":"category","embeddable":true,"href":"https:\/\/www.eldiario.net\/portal\/wp-json\/wp\/v2\/categories?post=389465"},{"taxonomy":"post_tag","embeddable":true,"href":"https:\/\/www.eldiario.net\/portal\/wp-json\/wp\/v2\/tags?post=389465"}],"curies":[{"name":"wp","href":"https:\/\/api.w.org\/{rel}","templated":true}]}}