{"id":389459,"date":"2026-04-29T00:48:46","date_gmt":"2026-04-29T04:48:46","guid":{"rendered":"https:\/\/www.eldiario.net\/portal\/?p=389459"},"modified":"2026-04-28T21:49:18","modified_gmt":"2026-04-29T01:49:18","slug":"suman-29-feminicidios-en-el-pais-en-lo-que-va-del-ano-2","status":"publish","type":"post","link":"https:\/\/www.eldiario.net\/portal\/2026\/04\/29\/suman-29-feminicidios-en-el-pais-en-lo-que-va-del-ano-2\/","title":{"rendered":"Suman 29 feminicidios en el pa\u00eds en lo que va del a\u00f1o"},"content":{"rendered":"<p>Seg\u00fan un reporte de la Fiscal\u00eda General del Estado, los feminicidios en el pa\u00eds ascienden a 29 en lo que va del a\u00f1o. El departamento de La Paz ocupa el primer lugar con 13 casos, seguido de Santa Cruz y Oruro, con cuatro cada uno.<\/p>\n<p>El caso m\u00e1s reciente ocurri\u00f3 en el departamento de Cochabamba, donde se encontr\u00f3 el cuerpo sin vida de una mujer de 29 a\u00f1os, de nacionalidad peruana. As\u00ed lo inform\u00f3 el fiscal departamental, Osvaldo Tejerina.<\/p>\n<p>El Ministerio P\u00fablico inici\u00f3 las investigaciones correspondientes por el delito de feminicidio.<\/p>\n<p>\u201cSe ha dispuesto el inicio de las investigaciones correspondientes para esclarecer este lamentable hecho y dar con el responsable\u201d, se\u00f1al\u00f3 la autoridad, al mismo tiempo que consider\u00f3 que se trata de un delito que vulnera el derecho a la vida de las mujeres. Asimismo, inform\u00f3 que la Fiscal\u00eda Especializada en Delitos Contra la Vida y el Instituto de Investigaciones Forenses (IDIF) iniciaron las pericias.<\/p>\n<p>El hecho habr\u00eda ocurrido cuando la v\u00edctima, identificada como Elizabeth Sheila Villa Jim\u00e9nez, sostuvo una discusi\u00f3n con su pareja en su domicilio, quien presuntamente la agredi\u00f3 f\u00edsicamente en presencia de sus seis hijos menores de edad. Posteriormente, el agresor abandon\u00f3 la vivienda llev\u00e1ndose a dos de los menores, seg\u00fan inform\u00f3 el fiscal asignado al caso, Marcelo Villarroel.<\/p>\n<p>En una primera instancia, el reporte preliminar se\u00f1al\u00f3 que el sospechoso se habr\u00eda comunicado con un familiar horas despu\u00e9s del hecho, manifestando que \u201cse le pas\u00f3 la mano\u201d y pidiendo que acudieran al domicilio para verificar el estado de la mujer.<\/p>\n<p>Sin embargo, tras las investigaciones, se estableci\u00f3 que uno de los menores logr\u00f3 enviar un mensaje de texto a familiares de la v\u00edctima durante la agresi\u00f3n, quienes alertaron a la Polic\u00eda.<\/p>\n<p>El director de la Fuerza Especial de Lucha Contra la Violencia (Felcv), Marcelo N\u00fa\u00f1ez, inform\u00f3 que, tras el resultado de la autopsia de ley, el m\u00e9dico forense estableci\u00f3 una data de muerte de entre 17 y 20 horas aproximadamente al momento de realizarse la autopsia. Asimismo, se determin\u00f3 que la mujer muri\u00f3 por asfixia mec\u00e1nica.<\/p>\n<p>\u201cEn la autopsia, el m\u00e9dico legal determin\u00f3 que la causa de muerte fue anoxia an\u00f3xica, compresi\u00f3n cervical extr\u00ednseca y asfixia mec\u00e1nica por estrangulamiento manual. Es por eso que la Felcv se ha hecho cargo de este caso\u201d, indic\u00f3.<\/p>\n<p>De esa manera, se\u00f1al\u00f3 que el implicado se llev\u00f3 a la hija mayor, de 11 a\u00f1os, y al hijo menor, de un a\u00f1o y seis meses. Los otros cuatro hijos quedaron bajo resguardo de un centro de acogida, del cual se hizo cargo la Defensor\u00eda de la Ni\u00f1ez y Adolescencia.<\/p>\n<p>Tras este nuevo hecho, la cifra de feminicidios en el departamento de Cochabamba se eleva a tres, mientras que a nivel nacional suma 29 casos. A la cabeza se encuentra La Paz con 13 casos, seguida de Oruro y Santa Cruz con cuatro cada uno, Chuquisaca registra dos casos, mientras que Beni, Potos\u00ed y Tarija reportan un caso cada uno.<\/p>\n<p>Los datos reflejan la gravedad y persistencia de la violencia feminicida en el pa\u00eds, evidenciando que, en promedio, una mujer pierde la vida cada cuatro d\u00edas en Bolivia durante los primeros meses del a\u00f1o.<\/p>\n<p>Seg\u00fan el Observatorio de G\u00e9nero, en 2025 el Ministerio P\u00fablico registr\u00f3 81 casos de feminicidio, adem\u00e1s de 178 tentativas, lo que muestra que los hechos de violencia extrema contra mujeres contin\u00faan siendo frecuentes a nivel nacional. (EL DIARIO y agencias)<\/p>\n","protected":false},"excerpt":{"rendered":"<p>Seg\u00fan un reporte de la Fiscal\u00eda General del Estado, los feminicidios en el pa\u00eds ascienden a 29 en lo que va del a\u00f1o. El departamento de La Paz ocupa el primer lugar con 13 casos, seguido de Santa Cruz y Oruro, con cuatro cada uno. El caso m\u00e1s reciente ocurri\u00f3 en el departamento de Cochabamba, [&hellip;]<\/p>\n","protected":false},"author":1,"featured_media":389460,"comment_status":"closed","ping_status":"open","sticky":false,"template":"","format":"standard","meta":{"_acf_changed":false,"footnotes":""},"categories":[39],"tags":[],"class_list":["post-389459","post","type-post","status-publish","format-standard","has-post-thumbnail","category-sociedad"],"acf":{"antetitulo":""},"yoast_head":"<!-- This site is optimized with the Yoast SEO plugin v28.3 - https:\/\/yoast.com\/product\/yoast-seo-wordpress\/ -->\n<title>Suman 29 feminicidios en el pa\u00eds en lo que va del a\u00f1o - El Diario - Bolivia<\/title>\n<meta name=\"robots\" content=\"index, follow, max-snippet:-1, max-image-preview:large, max-video-preview:-1\" \/>\n<link rel=\"canonical\" href=\"https:\/\/www.eldiario.net\/portal\/2026\/04\/29\/suman-29-feminicidios-en-el-pais-en-lo-que-va-del-ano-2\/\" \/>\n<meta property=\"og:locale\" content=\"es_ES\" \/>\n<meta property=\"og:type\" content=\"article\" \/>\n<meta property=\"og:title\" content=\"Suman 29 feminicidios en el pa\u00eds en lo que va del a\u00f1o - El Diario - Bolivia\" \/>\n<meta property=\"og:description\" content=\"Seg\u00fan un reporte de la Fiscal\u00eda General del Estado, los feminicidios en el pa\u00eds ascienden a 29 en lo que va del a\u00f1o. El departamento de La Paz ocupa el primer lugar con 13 casos, seguido de Santa Cruz y Oruro, con cuatro cada uno. El caso m\u00e1s reciente ocurri\u00f3 en el departamento de Cochabamba, [&hellip;]\" \/>\n<meta property=\"og:url\" content=\"https:\/\/www.eldiario.net\/portal\/2026\/04\/29\/suman-29-feminicidios-en-el-pais-en-lo-que-va-del-ano-2\/\" \/>\n<meta property=\"og:site_name\" content=\"El Diario - Bolivia\" \/>\n<meta property=\"article:publisher\" content=\"https:\/\/www.facebook.com\/eldiario.bolivia\/\" \/>\n<meta property=\"article:published_time\" content=\"2026-04-29T04:48:46+00:00\" \/>\n<meta property=\"og:image\" content=\"https:\/\/www.eldiario.net\/portal\/wp-content\/uploads\/2026\/04\/29-FEMI.webp\" \/>\n\t<meta property=\"og:image:width\" content=\"768\" \/>\n\t<meta property=\"og:image:height\" content=\"768\" \/>\n\t<meta property=\"og:image:type\" content=\"image\/webp\" \/>\n<meta name=\"author\" content=\"Jeanette\" \/>\n<meta name=\"twitter:card\" content=\"summary_large_image\" \/>\n<meta name=\"twitter:creator\" content=\"@eldiario_net\" \/>\n<meta name=\"twitter:site\" content=\"@eldiario_net\" \/>\n<meta name=\"twitter:label1\" content=\"Escrito por\" \/>\n\t<meta name=\"twitter:data1\" content=\"Jeanette\" \/>\n\t<meta name=\"twitter:label2\" content=\"Tiempo de lectura\" \/>\n\t<meta name=\"twitter:data2\" content=\"3 minutos\" \/>\n<script type=\"application\/ld+json\" class=\"yoast-schema-graph\">{\"@context\":\"https:\\\/\\\/schema.org\",\"@graph\":[{\"@type\":\"Article\",\"@id\":\"https:\\\/\\\/www.eldiario.net\\\/portal\\\/2026\\\/04\\\/29\\\/suman-29-feminicidios-en-el-pais-en-lo-que-va-del-ano-2\\\/#article\",\"isPartOf\":{\"@id\":\"https:\\\/\\\/www.eldiario.net\\\/portal\\\/2026\\\/04\\\/29\\\/suman-29-feminicidios-en-el-pais-en-lo-que-va-del-ano-2\\\/\"},\"author\":{\"name\":\"Jeanette\",\"@id\":\"https:\\\/\\\/www.eldiario.net\\\/portal\\\/#\\\/schema\\\/person\\\/f46445640444750d7d753ccd04ae01b7\"},\"headline\":\"Suman 29 feminicidios en el pa\u00eds en lo que va del a\u00f1o\",\"datePublished\":\"2026-04-29T04:48:46+00:00\",\"mainEntityOfPage\":{\"@id\":\"https:\\\/\\\/www.eldiario.net\\\/portal\\\/2026\\\/04\\\/29\\\/suman-29-feminicidios-en-el-pais-en-lo-que-va-del-ano-2\\\/\"},\"wordCount\":606,\"publisher\":{\"@id\":\"https:\\\/\\\/www.eldiario.net\\\/portal\\\/#organization\"},\"image\":{\"@id\":\"https:\\\/\\\/www.eldiario.net\\\/portal\\\/2026\\\/04\\\/29\\\/suman-29-feminicidios-en-el-pais-en-lo-que-va-del-ano-2\\\/#primaryimage\"},\"thumbnailUrl\":\"https:\\\/\\\/www.eldiario.net\\\/portal\\\/wp-content\\\/uploads\\\/2026\\\/04\\\/29-FEMI.webp\",\"articleSection\":[\"Sociedad - Seguridad\"],\"inLanguage\":\"es\"},{\"@type\":\"WebPage\",\"@id\":\"https:\\\/\\\/www.eldiario.net\\\/portal\\\/2026\\\/04\\\/29\\\/suman-29-feminicidios-en-el-pais-en-lo-que-va-del-ano-2\\\/\",\"url\":\"https:\\\/\\\/www.eldiario.net\\\/portal\\\/2026\\\/04\\\/29\\\/suman-29-feminicidios-en-el-pais-en-lo-que-va-del-ano-2\\\/\",\"name\":\"Suman 29 feminicidios en el pa\u00eds en lo que va del a\u00f1o - El Diario - Bolivia\",\"isPartOf\":{\"@id\":\"https:\\\/\\\/www.eldiario.net\\\/portal\\\/#website\"},\"primaryImageOfPage\":{\"@id\":\"https:\\\/\\\/www.eldiario.net\\\/portal\\\/2026\\\/04\\\/29\\\/suman-29-feminicidios-en-el-pais-en-lo-que-va-del-ano-2\\\/#primaryimage\"},\"image\":{\"@id\":\"https:\\\/\\\/www.eldiario.net\\\/portal\\\/2026\\\/04\\\/29\\\/suman-29-feminicidios-en-el-pais-en-lo-que-va-del-ano-2\\\/#primaryimage\"},\"thumbnailUrl\":\"https:\\\/\\\/www.eldiario.net\\\/portal\\\/wp-content\\\/uploads\\\/2026\\\/04\\\/29-FEMI.webp\",\"datePublished\":\"2026-04-29T04:48:46+00:00\",\"breadcrumb\":{\"@id\":\"https:\\\/\\\/www.eldiario.net\\\/portal\\\/2026\\\/04\\\/29\\\/suman-29-feminicidios-en-el-pais-en-lo-que-va-del-ano-2\\\/#breadcrumb\"},\"inLanguage\":\"es\",\"potentialAction\":[{\"@type\":\"ReadAction\",\"target\":[\"https:\\\/\\\/www.eldiario.net\\\/portal\\\/2026\\\/04\\\/29\\\/suman-29-feminicidios-en-el-pais-en-lo-que-va-del-ano-2\\\/\"]}]},{\"@type\":\"ImageObject\",\"inLanguage\":\"es\",\"@id\":\"https:\\\/\\\/www.eldiario.net\\\/portal\\\/2026\\\/04\\\/29\\\/suman-29-feminicidios-en-el-pais-en-lo-que-va-del-ano-2\\\/#primaryimage\",\"url\":\"https:\\\/\\\/www.eldiario.net\\\/portal\\\/wp-content\\\/uploads\\\/2026\\\/04\\\/29-FEMI.webp\",\"contentUrl\":\"https:\\\/\\\/www.eldiario.net\\\/portal\\\/wp-content\\\/uploads\\\/2026\\\/04\\\/29-FEMI.webp\",\"width\":768,\"height\":768,\"caption\":\"\u00cdndice de feminicidios en estos primeros cuatro meses del a\u00f1o. Cr\u00e9dito de foto: FGE\"},{\"@type\":\"BreadcrumbList\",\"@id\":\"https:\\\/\\\/www.eldiario.net\\\/portal\\\/2026\\\/04\\\/29\\\/suman-29-feminicidios-en-el-pais-en-lo-que-va-del-ano-2\\\/#breadcrumb\",\"itemListElement\":[{\"@type\":\"ListItem\",\"position\":1,\"name\":\"Portada\",\"item\":\"https:\\\/\\\/www.eldiario.net\\\/portal\\\/\"},{\"@type\":\"ListItem\",\"position\":2,\"name\":\"Suman 29 feminicidios en el pa\u00eds en lo que va del a\u00f1o\"}]},{\"@type\":\"WebSite\",\"@id\":\"https:\\\/\\\/www.eldiario.net\\\/portal\\\/#website\",\"url\":\"https:\\\/\\\/www.eldiario.net\\\/portal\\\/\",\"name\":\"El Diario - Decano de la prensa nacional\",\"description\":\"El Diario - Decano de la prensa nacional\",\"publisher\":{\"@id\":\"https:\\\/\\\/www.eldiario.net\\\/portal\\\/#organization\"},\"potentialAction\":[{\"@type\":\"SearchAction\",\"target\":{\"@type\":\"EntryPoint\",\"urlTemplate\":\"https:\\\/\\\/www.eldiario.net\\\/portal\\\/?s={search_term_string}\"},\"query-input\":{\"@type\":\"PropertyValueSpecification\",\"valueRequired\":true,\"valueName\":\"search_term_string\"}}],\"inLanguage\":\"es\"},{\"@type\":\"Organization\",\"@id\":\"https:\\\/\\\/www.eldiario.net\\\/portal\\\/#organization\",\"name\":\"El Diario - Decano de la prensa nacional\",\"url\":\"https:\\\/\\\/www.eldiario.net\\\/portal\\\/\",\"logo\":{\"@type\":\"ImageObject\",\"inLanguage\":\"es\",\"@id\":\"https:\\\/\\\/www.eldiario.net\\\/portal\\\/#\\\/schema\\\/logo\\\/image\\\/\",\"url\":\"https:\\\/\\\/www.eldiario.net\\\/portal\\\/wp-content\\\/uploads\\\/2023\\\/07\\\/logo_ED.jpg\",\"contentUrl\":\"https:\\\/\\\/www.eldiario.net\\\/portal\\\/wp-content\\\/uploads\\\/2023\\\/07\\\/logo_ED.jpg\",\"width\":272,\"height\":52,\"caption\":\"El Diario - Decano de la prensa nacional\"},\"image\":{\"@id\":\"https:\\\/\\\/www.eldiario.net\\\/portal\\\/#\\\/schema\\\/logo\\\/image\\\/\"},\"sameAs\":[\"https:\\\/\\\/www.facebook.com\\\/eldiario.bolivia\\\/\",\"https:\\\/\\\/x.com\\\/eldiario_net\"]},{\"@type\":\"Person\",\"@id\":\"https:\\\/\\\/www.eldiario.net\\\/portal\\\/#\\\/schema\\\/person\\\/f46445640444750d7d753ccd04ae01b7\",\"name\":\"Jeanette\",\"image\":{\"@type\":\"ImageObject\",\"inLanguage\":\"es\",\"@id\":\"https:\\\/\\\/secure.gravatar.com\\\/avatar\\\/3ea2118a5f7dad2b7138b1187a6b7ee55f160b9968b66013c3a3ef39dd7e5798?s=96&d=mm&r=g\",\"url\":\"https:\\\/\\\/secure.gravatar.com\\\/avatar\\\/3ea2118a5f7dad2b7138b1187a6b7ee55f160b9968b66013c3a3ef39dd7e5798?s=96&d=mm&r=g\",\"contentUrl\":\"https:\\\/\\\/secure.gravatar.com\\\/avatar\\\/3ea2118a5f7dad2b7138b1187a6b7ee55f160b9968b66013c3a3ef39dd7e5798?s=96&d=mm&r=g\",\"caption\":\"Jeanette\"},\"sameAs\":[\"https:\\\/\\\/www.eldiario.net\\\/portal\"],\"url\":\"https:\\\/\\\/www.eldiario.net\\\/portal\\\/author\\\/jeanette\\\/\"}]}<\/script>\n<!-- \/ Yoast SEO plugin. -->","yoast_head_json":{"title":"Suman 29 feminicidios en el pa\u00eds en lo que va del a\u00f1o - El Diario - Bolivia","robots":{"index":"index","follow":"follow","max-snippet":"max-snippet:-1","max-image-preview":"max-image-preview:large","max-video-preview":"max-video-preview:-1"},"canonical":"https:\/\/www.eldiario.net\/portal\/2026\/04\/29\/suman-29-feminicidios-en-el-pais-en-lo-que-va-del-ano-2\/","og_locale":"es_ES","og_type":"article","og_title":"Suman 29 feminicidios en el pa\u00eds en lo que va del a\u00f1o - El Diario - Bolivia","og_description":"Seg\u00fan un reporte de la Fiscal\u00eda General del Estado, los feminicidios en el pa\u00eds ascienden a 29 en lo que va del a\u00f1o. El departamento de La Paz ocupa el primer lugar con 13 casos, seguido de Santa Cruz y Oruro, con cuatro cada uno. El caso m\u00e1s reciente ocurri\u00f3 en el departamento de Cochabamba, [&hellip;]","og_url":"https:\/\/www.eldiario.net\/portal\/2026\/04\/29\/suman-29-feminicidios-en-el-pais-en-lo-que-va-del-ano-2\/","og_site_name":"El Diario - Bolivia","article_publisher":"https:\/\/www.facebook.com\/eldiario.bolivia\/","article_published_time":"2026-04-29T04:48:46+00:00","og_image":[{"width":768,"height":768,"url":"https:\/\/www.eldiario.net\/portal\/wp-content\/uploads\/2026\/04\/29-FEMI.webp","type":"image\/webp"}],"author":"Jeanette","twitter_card":"summary_large_image","twitter_creator":"@eldiario_net","twitter_site":"@eldiario_net","twitter_misc":{"Escrito por":"Jeanette","Tiempo de lectura":"3 minutos"},"schema":{"@context":"https:\/\/schema.org","@graph":[{"@type":"Article","@id":"https:\/\/www.eldiario.net\/portal\/2026\/04\/29\/suman-29-feminicidios-en-el-pais-en-lo-que-va-del-ano-2\/#article","isPartOf":{"@id":"https:\/\/www.eldiario.net\/portal\/2026\/04\/29\/suman-29-feminicidios-en-el-pais-en-lo-que-va-del-ano-2\/"},"author":{"name":"Jeanette","@id":"https:\/\/www.eldiario.net\/portal\/#\/schema\/person\/f46445640444750d7d753ccd04ae01b7"},"headline":"Suman 29 feminicidios en el pa\u00eds en lo que va del a\u00f1o","datePublished":"2026-04-29T04:48:46+00:00","mainEntityOfPage":{"@id":"https:\/\/www.eldiario.net\/portal\/2026\/04\/29\/suman-29-feminicidios-en-el-pais-en-lo-que-va-del-ano-2\/"},"wordCount":606,"publisher":{"@id":"https:\/\/www.eldiario.net\/portal\/#organization"},"image":{"@id":"https:\/\/www.eldiario.net\/portal\/2026\/04\/29\/suman-29-feminicidios-en-el-pais-en-lo-que-va-del-ano-2\/#primaryimage"},"thumbnailUrl":"https:\/\/www.eldiario.net\/portal\/wp-content\/uploads\/2026\/04\/29-FEMI.webp","articleSection":["Sociedad - Seguridad"],"inLanguage":"es"},{"@type":"WebPage","@id":"https:\/\/www.eldiario.net\/portal\/2026\/04\/29\/suman-29-feminicidios-en-el-pais-en-lo-que-va-del-ano-2\/","url":"https:\/\/www.eldiario.net\/portal\/2026\/04\/29\/suman-29-feminicidios-en-el-pais-en-lo-que-va-del-ano-2\/","name":"Suman 29 feminicidios en el pa\u00eds en lo que va del a\u00f1o - El Diario - Bolivia","isPartOf":{"@id":"https:\/\/www.eldiario.net\/portal\/#website"},"primaryImageOfPage":{"@id":"https:\/\/www.eldiario.net\/portal\/2026\/04\/29\/suman-29-feminicidios-en-el-pais-en-lo-que-va-del-ano-2\/#primaryimage"},"image":{"@id":"https:\/\/www.eldiario.net\/portal\/2026\/04\/29\/suman-29-feminicidios-en-el-pais-en-lo-que-va-del-ano-2\/#primaryimage"},"thumbnailUrl":"https:\/\/www.eldiario.net\/portal\/wp-content\/uploads\/2026\/04\/29-FEMI.webp","datePublished":"2026-04-29T04:48:46+00:00","breadcrumb":{"@id":"https:\/\/www.eldiario.net\/portal\/2026\/04\/29\/suman-29-feminicidios-en-el-pais-en-lo-que-va-del-ano-2\/#breadcrumb"},"inLanguage":"es","potentialAction":[{"@type":"ReadAction","target":["https:\/\/www.eldiario.net\/portal\/2026\/04\/29\/suman-29-feminicidios-en-el-pais-en-lo-que-va-del-ano-2\/"]}]},{"@type":"ImageObject","inLanguage":"es","@id":"https:\/\/www.eldiario.net\/portal\/2026\/04\/29\/suman-29-feminicidios-en-el-pais-en-lo-que-va-del-ano-2\/#primaryimage","url":"https:\/\/www.eldiario.net\/portal\/wp-content\/uploads\/2026\/04\/29-FEMI.webp","contentUrl":"https:\/\/www.eldiario.net\/portal\/wp-content\/uploads\/2026\/04\/29-FEMI.webp","width":768,"height":768,"caption":"\u00cdndice de feminicidios en estos primeros cuatro meses del a\u00f1o. Cr\u00e9dito de foto: FGE"},{"@type":"BreadcrumbList","@id":"https:\/\/www.eldiario.net\/portal\/2026\/04\/29\/suman-29-feminicidios-en-el-pais-en-lo-que-va-del-ano-2\/#breadcrumb","itemListElement":[{"@type":"ListItem","position":1,"name":"Portada","item":"https:\/\/www.eldiario.net\/portal\/"},{"@type":"ListItem","position":2,"name":"Suman 29 feminicidios en el pa\u00eds en lo que va del a\u00f1o"}]},{"@type":"WebSite","@id":"https:\/\/www.eldiario.net\/portal\/#website","url":"https:\/\/www.eldiario.net\/portal\/","name":"El Diario - Decano de la prensa nacional","description":"El Diario - Decano de la prensa nacional","publisher":{"@id":"https:\/\/www.eldiario.net\/portal\/#organization"},"potentialAction":[{"@type":"SearchAction","target":{"@type":"EntryPoint","urlTemplate":"https:\/\/www.eldiario.net\/portal\/?s={search_term_string}"},"query-input":{"@type":"PropertyValueSpecification","valueRequired":true,"valueName":"search_term_string"}}],"inLanguage":"es"},{"@type":"Organization","@id":"https:\/\/www.eldiario.net\/portal\/#organization","name":"El Diario - Decano de la prensa nacional","url":"https:\/\/www.eldiario.net\/portal\/","logo":{"@type":"ImageObject","inLanguage":"es","@id":"https:\/\/www.eldiario.net\/portal\/#\/schema\/logo\/image\/","url":"https:\/\/www.eldiario.net\/portal\/wp-content\/uploads\/2023\/07\/logo_ED.jpg","contentUrl":"https:\/\/www.eldiario.net\/portal\/wp-content\/uploads\/2023\/07\/logo_ED.jpg","width":272,"height":52,"caption":"El Diario - Decano de la prensa nacional"},"image":{"@id":"https:\/\/www.eldiario.net\/portal\/#\/schema\/logo\/image\/"},"sameAs":["https:\/\/www.facebook.com\/eldiario.bolivia\/","https:\/\/x.com\/eldiario_net"]},{"@type":"Person","@id":"https:\/\/www.eldiario.net\/portal\/#\/schema\/person\/f46445640444750d7d753ccd04ae01b7","name":"Jeanette","image":{"@type":"ImageObject","inLanguage":"es","@id":"https:\/\/secure.gravatar.com\/avatar\/3ea2118a5f7dad2b7138b1187a6b7ee55f160b9968b66013c3a3ef39dd7e5798?s=96&d=mm&r=g","url":"https:\/\/secure.gravatar.com\/avatar\/3ea2118a5f7dad2b7138b1187a6b7ee55f160b9968b66013c3a3ef39dd7e5798?s=96&d=mm&r=g","contentUrl":"https:\/\/secure.gravatar.com\/avatar\/3ea2118a5f7dad2b7138b1187a6b7ee55f160b9968b66013c3a3ef39dd7e5798?s=96&d=mm&r=g","caption":"Jeanette"},"sameAs":["https:\/\/www.eldiario.net\/portal"],"url":"https:\/\/www.eldiario.net\/portal\/author\/jeanette\/"}]}},"_links":{"self":[{"href":"https:\/\/www.eldiario.net\/portal\/wp-json\/wp\/v2\/posts\/389459","targetHints":{"allow":["GET"]}}],"collection":[{"href":"https:\/\/www.eldiario.net\/portal\/wp-json\/wp\/v2\/posts"}],"about":[{"href":"https:\/\/www.eldiario.net\/portal\/wp-json\/wp\/v2\/types\/post"}],"author":[{"embeddable":true,"href":"https:\/\/www.eldiario.net\/portal\/wp-json\/wp\/v2\/users\/1"}],"replies":[{"embeddable":true,"href":"https:\/\/www.eldiario.net\/portal\/wp-json\/wp\/v2\/comments?post=389459"}],"version-history":[{"count":1,"href":"https:\/\/www.eldiario.net\/portal\/wp-json\/wp\/v2\/posts\/389459\/revisions"}],"predecessor-version":[{"id":389461,"href":"https:\/\/www.eldiario.net\/portal\/wp-json\/wp\/v2\/posts\/389459\/revisions\/389461"}],"wp:featuredmedia":[{"embeddable":true,"href":"https:\/\/www.eldiario.net\/portal\/wp-json\/wp\/v2\/media\/389460"}],"wp:attachment":[{"href":"https:\/\/www.eldiario.net\/portal\/wp-json\/wp\/v2\/media?parent=389459"}],"wp:term":[{"taxonomy":"category","embeddable":true,"href":"https:\/\/www.eldiario.net\/portal\/wp-json\/wp\/v2\/categories?post=389459"},{"taxonomy":"post_tag","embeddable":true,"href":"https:\/\/www.eldiario.net\/portal\/wp-json\/wp\/v2\/tags?post=389459"}],"curies":[{"name":"wp","href":"https:\/\/api.w.org\/{rel}","templated":true}]}}