{"id":389456,"date":"2026-04-29T00:47:59","date_gmt":"2026-04-29T04:47:59","guid":{"rendered":"https:\/\/www.eldiario.net\/portal\/?p=389456"},"modified":"2026-04-28T21:48:39","modified_gmt":"2026-04-29T01:48:39","slug":"embarrancamiento-de-un-bus-deja-cuatro-personas-fallecidas","status":"publish","type":"post","link":"https:\/\/www.eldiario.net\/portal\/2026\/04\/29\/embarrancamiento-de-un-bus-deja-cuatro-personas-fallecidas\/","title":{"rendered":"Embarrancamiento de un bus deja cuatro personas fallecidas"},"content":{"rendered":"<p>Cuatro personas fallecidas y varios heridos es el saldo de un embarrancamiento de aproximadamente 200 metros de un bus en la comunidad de Tojo, en la carretera Tarija\u2013Villaz\u00f3n.<\/p>\n<p>El accidente se registr\u00f3 cerca de las 03:00 de ayer y provoc\u00f3 la inmediata movilizaci\u00f3n de equipos de emergencia, que acudieron al lugar para rescatar a los sobrevivientes y trasladarlos a distintos centros de salud para su atenci\u00f3n m\u00e9dica.<\/p>\n<p>Seg\u00fan los reportes preliminares, el veh\u00edculo habr\u00eda salido la noche anterior desde Tarija con destino a Villaz\u00f3n. La Polic\u00eda Boliviana inici\u00f3 las investigaciones correspondientes para establecer las causas del siniestro.<\/p>\n<p>Las autoridades confirmaron el fallecimiento de tres varones y una mujer, de acuerdo con informaci\u00f3n difundida por medios televisivos. Asimismo, pasado el mediod\u00eda, efectivos de Bomberos de la Polic\u00eda llegaron hasta la morgue con los cuerpos de las v\u00edctimas, seg\u00fan reportes de medios locales.<\/p>\n<p>Por su parte, familiares de los pasajeros denunciaron que la flota no contaba con el Seguro Obligatorio de Accidentes de Tr\u00e1nsito (SOAT). Se\u00f1alaron adem\u00e1s que, ante la falta de cobertura, est\u00e1n asumiendo con recursos propios los gastos m\u00e9dicos, por lo que exigen que la empresa de transporte se haga responsable de los costos.<\/p>\n<p>\u201cEsta flota no cuenta con SOAT y, para empeorar la situaci\u00f3n, nos est\u00e1n llegando las facturas (\u2026) nadie est\u00e1 preparado para una tragedia de este tipo; hay personas en estado cr\u00edtico (\u2026) hemos llamado a todas las autoridades, especialmente a Tr\u00e1nsito, porque se habr\u00eda permitido que este veh\u00edculo saliera sin el seguro correspondiente\u201d, expres\u00f3 con preocupaci\u00f3n un familiar de uno de los heridos.<\/p>\n<p>Uno de los heridos, que fue trasladado al Hospital Regional San Juan de Dios, relat\u00f3 que en medio del accidente los pasajeros sobrevivientes tuvieron que arrastrarse hasta la carretera para pedir ayuda. Describi\u00f3 que la situaci\u00f3n fue tan cr\u00edtica que actuaron en estado de shock, priorizando la evacuaci\u00f3n de los heridos sin tiempo para asimilar lo ocurrido, seg\u00fan declaraciones recogidas por el portal Actualizando Tarija. (ABI)<\/p>\n","protected":false},"excerpt":{"rendered":"<p>Cuatro personas fallecidas y varios heridos es el saldo de un embarrancamiento de aproximadamente 200 metros de un bus en la comunidad de Tojo, en la carretera Tarija\u2013Villaz\u00f3n. El accidente se registr\u00f3 cerca de las 03:00 de ayer y provoc\u00f3 la inmediata movilizaci\u00f3n de equipos de emergencia, que acudieron al lugar para rescatar a los [&hellip;]<\/p>\n","protected":false},"author":1,"featured_media":389457,"comment_status":"closed","ping_status":"open","sticky":false,"template":"","format":"standard","meta":{"_acf_changed":false,"footnotes":""},"categories":[39],"tags":[],"class_list":["post-389456","post","type-post","status-publish","format-standard","has-post-thumbnail","category-sociedad"],"acf":{"antetitulo":"Tarija"},"yoast_head":"<!-- This site is optimized with the Yoast SEO plugin v28.4 - https:\/\/yoast.com\/product\/yoast-seo-wordpress\/ -->\n<title>Embarrancamiento de un bus deja cuatro personas fallecidas - El Diario - Bolivia<\/title>\n<meta name=\"robots\" content=\"index, follow, max-snippet:-1, max-image-preview:large, max-video-preview:-1\" \/>\n<link rel=\"canonical\" href=\"https:\/\/www.eldiario.net\/portal\/2026\/04\/29\/embarrancamiento-de-un-bus-deja-cuatro-personas-fallecidas\/\" \/>\n<meta property=\"og:locale\" content=\"es_ES\" \/>\n<meta property=\"og:type\" content=\"article\" \/>\n<meta property=\"og:title\" content=\"Embarrancamiento de un bus deja cuatro personas fallecidas - El Diario - Bolivia\" \/>\n<meta property=\"og:description\" content=\"Cuatro personas fallecidas y varios heridos es el saldo de un embarrancamiento de aproximadamente 200 metros de un bus en la comunidad de Tojo, en la carretera Tarija\u2013Villaz\u00f3n. El accidente se registr\u00f3 cerca de las 03:00 de ayer y provoc\u00f3 la inmediata movilizaci\u00f3n de equipos de emergencia, que acudieron al lugar para rescatar a los [&hellip;]\" \/>\n<meta property=\"og:url\" content=\"https:\/\/www.eldiario.net\/portal\/2026\/04\/29\/embarrancamiento-de-un-bus-deja-cuatro-personas-fallecidas\/\" \/>\n<meta property=\"og:site_name\" content=\"El Diario - Bolivia\" \/>\n<meta property=\"article:publisher\" content=\"https:\/\/www.facebook.com\/eldiario.bolivia\/\" \/>\n<meta property=\"article:published_time\" content=\"2026-04-29T04:47:59+00:00\" \/>\n<meta property=\"og:image\" content=\"https:\/\/www.eldiario.net\/portal\/wp-content\/uploads\/2026\/04\/29-BUS.webp\" \/>\n\t<meta property=\"og:image:width\" content=\"768\" \/>\n\t<meta property=\"og:image:height\" content=\"576\" \/>\n\t<meta property=\"og:image:type\" content=\"image\/webp\" \/>\n<meta name=\"author\" content=\"Jeanette\" \/>\n<meta name=\"twitter:card\" content=\"summary_large_image\" \/>\n<meta name=\"twitter:creator\" content=\"@eldiario_net\" \/>\n<meta name=\"twitter:site\" content=\"@eldiario_net\" \/>\n<meta name=\"twitter:label1\" content=\"Escrito por\" \/>\n\t<meta name=\"twitter:data1\" content=\"Jeanette\" \/>\n\t<meta name=\"twitter:label2\" content=\"Tiempo de lectura\" \/>\n\t<meta name=\"twitter:data2\" content=\"2 minutos\" \/>\n<script type=\"application\/ld+json\" class=\"yoast-schema-graph\">{\"@context\":\"https:\\\/\\\/schema.org\",\"@graph\":[{\"@type\":\"Article\",\"@id\":\"https:\\\/\\\/www.eldiario.net\\\/portal\\\/2026\\\/04\\\/29\\\/embarrancamiento-de-un-bus-deja-cuatro-personas-fallecidas\\\/#article\",\"isPartOf\":{\"@id\":\"https:\\\/\\\/www.eldiario.net\\\/portal\\\/2026\\\/04\\\/29\\\/embarrancamiento-de-un-bus-deja-cuatro-personas-fallecidas\\\/\"},\"author\":{\"name\":\"Jeanette\",\"@id\":\"https:\\\/\\\/www.eldiario.net\\\/portal\\\/#\\\/schema\\\/person\\\/f46445640444750d7d753ccd04ae01b7\"},\"headline\":\"Embarrancamiento de un bus deja cuatro personas fallecidas\",\"datePublished\":\"2026-04-29T04:47:59+00:00\",\"mainEntityOfPage\":{\"@id\":\"https:\\\/\\\/www.eldiario.net\\\/portal\\\/2026\\\/04\\\/29\\\/embarrancamiento-de-un-bus-deja-cuatro-personas-fallecidas\\\/\"},\"wordCount\":358,\"publisher\":{\"@id\":\"https:\\\/\\\/www.eldiario.net\\\/portal\\\/#organization\"},\"image\":{\"@id\":\"https:\\\/\\\/www.eldiario.net\\\/portal\\\/2026\\\/04\\\/29\\\/embarrancamiento-de-un-bus-deja-cuatro-personas-fallecidas\\\/#primaryimage\"},\"thumbnailUrl\":\"https:\\\/\\\/www.eldiario.net\\\/portal\\\/wp-content\\\/uploads\\\/2026\\\/04\\\/29-BUS.webp\",\"articleSection\":[\"Sociedad - Seguridad\"],\"inLanguage\":\"es\"},{\"@type\":\"WebPage\",\"@id\":\"https:\\\/\\\/www.eldiario.net\\\/portal\\\/2026\\\/04\\\/29\\\/embarrancamiento-de-un-bus-deja-cuatro-personas-fallecidas\\\/\",\"url\":\"https:\\\/\\\/www.eldiario.net\\\/portal\\\/2026\\\/04\\\/29\\\/embarrancamiento-de-un-bus-deja-cuatro-personas-fallecidas\\\/\",\"name\":\"Embarrancamiento de un bus deja cuatro personas fallecidas - El Diario - Bolivia\",\"isPartOf\":{\"@id\":\"https:\\\/\\\/www.eldiario.net\\\/portal\\\/#website\"},\"primaryImageOfPage\":{\"@id\":\"https:\\\/\\\/www.eldiario.net\\\/portal\\\/2026\\\/04\\\/29\\\/embarrancamiento-de-un-bus-deja-cuatro-personas-fallecidas\\\/#primaryimage\"},\"image\":{\"@id\":\"https:\\\/\\\/www.eldiario.net\\\/portal\\\/2026\\\/04\\\/29\\\/embarrancamiento-de-un-bus-deja-cuatro-personas-fallecidas\\\/#primaryimage\"},\"thumbnailUrl\":\"https:\\\/\\\/www.eldiario.net\\\/portal\\\/wp-content\\\/uploads\\\/2026\\\/04\\\/29-BUS.webp\",\"datePublished\":\"2026-04-29T04:47:59+00:00\",\"breadcrumb\":{\"@id\":\"https:\\\/\\\/www.eldiario.net\\\/portal\\\/2026\\\/04\\\/29\\\/embarrancamiento-de-un-bus-deja-cuatro-personas-fallecidas\\\/#breadcrumb\"},\"inLanguage\":\"es\",\"potentialAction\":[{\"@type\":\"ReadAction\",\"target\":[\"https:\\\/\\\/www.eldiario.net\\\/portal\\\/2026\\\/04\\\/29\\\/embarrancamiento-de-un-bus-deja-cuatro-personas-fallecidas\\\/\"]}]},{\"@type\":\"ImageObject\",\"inLanguage\":\"es\",\"@id\":\"https:\\\/\\\/www.eldiario.net\\\/portal\\\/2026\\\/04\\\/29\\\/embarrancamiento-de-un-bus-deja-cuatro-personas-fallecidas\\\/#primaryimage\",\"url\":\"https:\\\/\\\/www.eldiario.net\\\/portal\\\/wp-content\\\/uploads\\\/2026\\\/04\\\/29-BUS.webp\",\"contentUrl\":\"https:\\\/\\\/www.eldiario.net\\\/portal\\\/wp-content\\\/uploads\\\/2026\\\/04\\\/29-BUS.webp\",\"width\":768,\"height\":576},{\"@type\":\"BreadcrumbList\",\"@id\":\"https:\\\/\\\/www.eldiario.net\\\/portal\\\/2026\\\/04\\\/29\\\/embarrancamiento-de-un-bus-deja-cuatro-personas-fallecidas\\\/#breadcrumb\",\"itemListElement\":[{\"@type\":\"ListItem\",\"position\":1,\"name\":\"Portada\",\"item\":\"https:\\\/\\\/www.eldiario.net\\\/portal\\\/\"},{\"@type\":\"ListItem\",\"position\":2,\"name\":\"Embarrancamiento de un bus deja cuatro personas fallecidas\"}]},{\"@type\":\"WebSite\",\"@id\":\"https:\\\/\\\/www.eldiario.net\\\/portal\\\/#website\",\"url\":\"https:\\\/\\\/www.eldiario.net\\\/portal\\\/\",\"name\":\"El Diario - Decano de la prensa nacional\",\"description\":\"El Diario - Decano de la prensa nacional\",\"publisher\":{\"@id\":\"https:\\\/\\\/www.eldiario.net\\\/portal\\\/#organization\"},\"potentialAction\":[{\"@type\":\"SearchAction\",\"target\":{\"@type\":\"EntryPoint\",\"urlTemplate\":\"https:\\\/\\\/www.eldiario.net\\\/portal\\\/?s={search_term_string}\"},\"query-input\":{\"@type\":\"PropertyValueSpecification\",\"valueRequired\":true,\"valueName\":\"search_term_string\"}}],\"inLanguage\":\"es\"},{\"@type\":\"Organization\",\"@id\":\"https:\\\/\\\/www.eldiario.net\\\/portal\\\/#organization\",\"name\":\"El Diario - Decano de la prensa nacional\",\"url\":\"https:\\\/\\\/www.eldiario.net\\\/portal\\\/\",\"logo\":{\"@type\":\"ImageObject\",\"inLanguage\":\"es\",\"@id\":\"https:\\\/\\\/www.eldiario.net\\\/portal\\\/#\\\/schema\\\/logo\\\/image\\\/\",\"url\":\"https:\\\/\\\/www.eldiario.net\\\/portal\\\/wp-content\\\/uploads\\\/2023\\\/07\\\/logo_ED.jpg\",\"contentUrl\":\"https:\\\/\\\/www.eldiario.net\\\/portal\\\/wp-content\\\/uploads\\\/2023\\\/07\\\/logo_ED.jpg\",\"width\":272,\"height\":52,\"caption\":\"El Diario - Decano de la prensa nacional\"},\"image\":{\"@id\":\"https:\\\/\\\/www.eldiario.net\\\/portal\\\/#\\\/schema\\\/logo\\\/image\\\/\"},\"sameAs\":[\"https:\\\/\\\/www.facebook.com\\\/eldiario.bolivia\\\/\",\"https:\\\/\\\/x.com\\\/eldiario_net\"]},{\"@type\":\"Person\",\"@id\":\"https:\\\/\\\/www.eldiario.net\\\/portal\\\/#\\\/schema\\\/person\\\/f46445640444750d7d753ccd04ae01b7\",\"name\":\"Jeanette\",\"image\":{\"@type\":\"ImageObject\",\"inLanguage\":\"es\",\"@id\":\"https:\\\/\\\/secure.gravatar.com\\\/avatar\\\/3ea2118a5f7dad2b7138b1187a6b7ee55f160b9968b66013c3a3ef39dd7e5798?s=96&d=mm&r=g\",\"url\":\"https:\\\/\\\/secure.gravatar.com\\\/avatar\\\/3ea2118a5f7dad2b7138b1187a6b7ee55f160b9968b66013c3a3ef39dd7e5798?s=96&d=mm&r=g\",\"contentUrl\":\"https:\\\/\\\/secure.gravatar.com\\\/avatar\\\/3ea2118a5f7dad2b7138b1187a6b7ee55f160b9968b66013c3a3ef39dd7e5798?s=96&d=mm&r=g\",\"caption\":\"Jeanette\"},\"sameAs\":[\"https:\\\/\\\/www.eldiario.net\\\/portal\"],\"url\":\"https:\\\/\\\/www.eldiario.net\\\/portal\\\/author\\\/jeanette\\\/\"}]}<\/script>\n<!-- \/ Yoast SEO plugin. -->","yoast_head_json":{"title":"Embarrancamiento de un bus deja cuatro personas fallecidas - El Diario - Bolivia","robots":{"index":"index","follow":"follow","max-snippet":"max-snippet:-1","max-image-preview":"max-image-preview:large","max-video-preview":"max-video-preview:-1"},"canonical":"https:\/\/www.eldiario.net\/portal\/2026\/04\/29\/embarrancamiento-de-un-bus-deja-cuatro-personas-fallecidas\/","og_locale":"es_ES","og_type":"article","og_title":"Embarrancamiento de un bus deja cuatro personas fallecidas - El Diario - Bolivia","og_description":"Cuatro personas fallecidas y varios heridos es el saldo de un embarrancamiento de aproximadamente 200 metros de un bus en la comunidad de Tojo, en la carretera Tarija\u2013Villaz\u00f3n. El accidente se registr\u00f3 cerca de las 03:00 de ayer y provoc\u00f3 la inmediata movilizaci\u00f3n de equipos de emergencia, que acudieron al lugar para rescatar a los [&hellip;]","og_url":"https:\/\/www.eldiario.net\/portal\/2026\/04\/29\/embarrancamiento-de-un-bus-deja-cuatro-personas-fallecidas\/","og_site_name":"El Diario - Bolivia","article_publisher":"https:\/\/www.facebook.com\/eldiario.bolivia\/","article_published_time":"2026-04-29T04:47:59+00:00","og_image":[{"width":768,"height":576,"url":"https:\/\/www.eldiario.net\/portal\/wp-content\/uploads\/2026\/04\/29-BUS.webp","type":"image\/webp"}],"author":"Jeanette","twitter_card":"summary_large_image","twitter_creator":"@eldiario_net","twitter_site":"@eldiario_net","twitter_misc":{"Escrito por":"Jeanette","Tiempo de lectura":"2 minutos"},"schema":{"@context":"https:\/\/schema.org","@graph":[{"@type":"Article","@id":"https:\/\/www.eldiario.net\/portal\/2026\/04\/29\/embarrancamiento-de-un-bus-deja-cuatro-personas-fallecidas\/#article","isPartOf":{"@id":"https:\/\/www.eldiario.net\/portal\/2026\/04\/29\/embarrancamiento-de-un-bus-deja-cuatro-personas-fallecidas\/"},"author":{"name":"Jeanette","@id":"https:\/\/www.eldiario.net\/portal\/#\/schema\/person\/f46445640444750d7d753ccd04ae01b7"},"headline":"Embarrancamiento de un bus deja cuatro personas fallecidas","datePublished":"2026-04-29T04:47:59+00:00","mainEntityOfPage":{"@id":"https:\/\/www.eldiario.net\/portal\/2026\/04\/29\/embarrancamiento-de-un-bus-deja-cuatro-personas-fallecidas\/"},"wordCount":358,"publisher":{"@id":"https:\/\/www.eldiario.net\/portal\/#organization"},"image":{"@id":"https:\/\/www.eldiario.net\/portal\/2026\/04\/29\/embarrancamiento-de-un-bus-deja-cuatro-personas-fallecidas\/#primaryimage"},"thumbnailUrl":"https:\/\/www.eldiario.net\/portal\/wp-content\/uploads\/2026\/04\/29-BUS.webp","articleSection":["Sociedad - Seguridad"],"inLanguage":"es"},{"@type":"WebPage","@id":"https:\/\/www.eldiario.net\/portal\/2026\/04\/29\/embarrancamiento-de-un-bus-deja-cuatro-personas-fallecidas\/","url":"https:\/\/www.eldiario.net\/portal\/2026\/04\/29\/embarrancamiento-de-un-bus-deja-cuatro-personas-fallecidas\/","name":"Embarrancamiento de un bus deja cuatro personas fallecidas - El Diario - Bolivia","isPartOf":{"@id":"https:\/\/www.eldiario.net\/portal\/#website"},"primaryImageOfPage":{"@id":"https:\/\/www.eldiario.net\/portal\/2026\/04\/29\/embarrancamiento-de-un-bus-deja-cuatro-personas-fallecidas\/#primaryimage"},"image":{"@id":"https:\/\/www.eldiario.net\/portal\/2026\/04\/29\/embarrancamiento-de-un-bus-deja-cuatro-personas-fallecidas\/#primaryimage"},"thumbnailUrl":"https:\/\/www.eldiario.net\/portal\/wp-content\/uploads\/2026\/04\/29-BUS.webp","datePublished":"2026-04-29T04:47:59+00:00","breadcrumb":{"@id":"https:\/\/www.eldiario.net\/portal\/2026\/04\/29\/embarrancamiento-de-un-bus-deja-cuatro-personas-fallecidas\/#breadcrumb"},"inLanguage":"es","potentialAction":[{"@type":"ReadAction","target":["https:\/\/www.eldiario.net\/portal\/2026\/04\/29\/embarrancamiento-de-un-bus-deja-cuatro-personas-fallecidas\/"]}]},{"@type":"ImageObject","inLanguage":"es","@id":"https:\/\/www.eldiario.net\/portal\/2026\/04\/29\/embarrancamiento-de-un-bus-deja-cuatro-personas-fallecidas\/#primaryimage","url":"https:\/\/www.eldiario.net\/portal\/wp-content\/uploads\/2026\/04\/29-BUS.webp","contentUrl":"https:\/\/www.eldiario.net\/portal\/wp-content\/uploads\/2026\/04\/29-BUS.webp","width":768,"height":576},{"@type":"BreadcrumbList","@id":"https:\/\/www.eldiario.net\/portal\/2026\/04\/29\/embarrancamiento-de-un-bus-deja-cuatro-personas-fallecidas\/#breadcrumb","itemListElement":[{"@type":"ListItem","position":1,"name":"Portada","item":"https:\/\/www.eldiario.net\/portal\/"},{"@type":"ListItem","position":2,"name":"Embarrancamiento de un bus deja cuatro personas fallecidas"}]},{"@type":"WebSite","@id":"https:\/\/www.eldiario.net\/portal\/#website","url":"https:\/\/www.eldiario.net\/portal\/","name":"El Diario - Decano de la prensa nacional","description":"El Diario - Decano de la prensa nacional","publisher":{"@id":"https:\/\/www.eldiario.net\/portal\/#organization"},"potentialAction":[{"@type":"SearchAction","target":{"@type":"EntryPoint","urlTemplate":"https:\/\/www.eldiario.net\/portal\/?s={search_term_string}"},"query-input":{"@type":"PropertyValueSpecification","valueRequired":true,"valueName":"search_term_string"}}],"inLanguage":"es"},{"@type":"Organization","@id":"https:\/\/www.eldiario.net\/portal\/#organization","name":"El Diario - Decano de la prensa nacional","url":"https:\/\/www.eldiario.net\/portal\/","logo":{"@type":"ImageObject","inLanguage":"es","@id":"https:\/\/www.eldiario.net\/portal\/#\/schema\/logo\/image\/","url":"https:\/\/www.eldiario.net\/portal\/wp-content\/uploads\/2023\/07\/logo_ED.jpg","contentUrl":"https:\/\/www.eldiario.net\/portal\/wp-content\/uploads\/2023\/07\/logo_ED.jpg","width":272,"height":52,"caption":"El Diario - Decano de la prensa nacional"},"image":{"@id":"https:\/\/www.eldiario.net\/portal\/#\/schema\/logo\/image\/"},"sameAs":["https:\/\/www.facebook.com\/eldiario.bolivia\/","https:\/\/x.com\/eldiario_net"]},{"@type":"Person","@id":"https:\/\/www.eldiario.net\/portal\/#\/schema\/person\/f46445640444750d7d753ccd04ae01b7","name":"Jeanette","image":{"@type":"ImageObject","inLanguage":"es","@id":"https:\/\/secure.gravatar.com\/avatar\/3ea2118a5f7dad2b7138b1187a6b7ee55f160b9968b66013c3a3ef39dd7e5798?s=96&d=mm&r=g","url":"https:\/\/secure.gravatar.com\/avatar\/3ea2118a5f7dad2b7138b1187a6b7ee55f160b9968b66013c3a3ef39dd7e5798?s=96&d=mm&r=g","contentUrl":"https:\/\/secure.gravatar.com\/avatar\/3ea2118a5f7dad2b7138b1187a6b7ee55f160b9968b66013c3a3ef39dd7e5798?s=96&d=mm&r=g","caption":"Jeanette"},"sameAs":["https:\/\/www.eldiario.net\/portal"],"url":"https:\/\/www.eldiario.net\/portal\/author\/jeanette\/"}]}},"_links":{"self":[{"href":"https:\/\/www.eldiario.net\/portal\/wp-json\/wp\/v2\/posts\/389456","targetHints":{"allow":["GET"]}}],"collection":[{"href":"https:\/\/www.eldiario.net\/portal\/wp-json\/wp\/v2\/posts"}],"about":[{"href":"https:\/\/www.eldiario.net\/portal\/wp-json\/wp\/v2\/types\/post"}],"author":[{"embeddable":true,"href":"https:\/\/www.eldiario.net\/portal\/wp-json\/wp\/v2\/users\/1"}],"replies":[{"embeddable":true,"href":"https:\/\/www.eldiario.net\/portal\/wp-json\/wp\/v2\/comments?post=389456"}],"version-history":[{"count":1,"href":"https:\/\/www.eldiario.net\/portal\/wp-json\/wp\/v2\/posts\/389456\/revisions"}],"predecessor-version":[{"id":389458,"href":"https:\/\/www.eldiario.net\/portal\/wp-json\/wp\/v2\/posts\/389456\/revisions\/389458"}],"wp:featuredmedia":[{"embeddable":true,"href":"https:\/\/www.eldiario.net\/portal\/wp-json\/wp\/v2\/media\/389457"}],"wp:attachment":[{"href":"https:\/\/www.eldiario.net\/portal\/wp-json\/wp\/v2\/media?parent=389456"}],"wp:term":[{"taxonomy":"category","embeddable":true,"href":"https:\/\/www.eldiario.net\/portal\/wp-json\/wp\/v2\/categories?post=389456"},{"taxonomy":"post_tag","embeddable":true,"href":"https:\/\/www.eldiario.net\/portal\/wp-json\/wp\/v2\/tags?post=389456"}],"curies":[{"name":"wp","href":"https:\/\/api.w.org\/{rel}","templated":true}]}}