{"id":389453,"date":"2026-04-29T00:47:01","date_gmt":"2026-04-29T04:47:01","guid":{"rendered":"https:\/\/www.eldiario.net\/portal\/?p=389453"},"modified":"2026-04-28T21:47:52","modified_gmt":"2026-04-29T01:47:52","slug":"solicitan-mas-seguridad-por-narcotrafico-y-sicariato-2","status":"publish","type":"post","link":"https:\/\/www.eldiario.net\/portal\/2026\/04\/29\/solicitan-mas-seguridad-por-narcotrafico-y-sicariato-2\/","title":{"rendered":"Solicitan m\u00e1s seguridad por narcotr\u00e1fico y sicariato"},"content":{"rendered":"<p>El fiscal departamental de Santa Cruz, Alberto Zeballos, solicit\u00f3 reforzar la escolta policial para los investigadores de narcotr\u00e1fico y sicariato, ante el incremento de estos delitos y los riesgos que enfrentan en el ejercicio de sus funciones.<\/p>\n<p>Las medidas de resguardo ya fueron activadas a trav\u00e9s de la Unidad de Protecci\u00f3n a V\u00edctimas y Testigos de la Fiscal\u00eda General del Estado, con el objetivo de garantizar la seguridad de los funcionarios del Ministerio P\u00fablico. De acuerdo con Zeballos, la Polic\u00eda Boliviana est\u00e1 brindando apoyo en estas labores, especialmente en la protecci\u00f3n de los fiscales que llevan adelante casos de alta sensibilidad.<\/p>\n<p>\u201cYa se han activado esos protocolos (\u2026) para que miembros de la Polic\u00eda Boliviana puedan brindar el respaldo de seguridad necesario y garantizar la integridad f\u00edsica y la vida de cada uno de nuestros servidores\u201d, manifest\u00f3 la autoridad.<\/p>\n<p>Estas disposiciones se habr\u00edan reforzado a partir de investigaciones complejas en curso, entre ellas las vinculadas al caso de Sebasti\u00e1n Marset, as\u00ed como otros procesos relacionados con presuntos hechos de legitimaci\u00f3n de ganancias il\u00edcitas y tr\u00e1fico de armas.<\/p>\n<p>Tambi\u00e9n se incluyeron acciones vinculadas al control y resguardo de aer\u00f3dromos, actualmente bajo administraci\u00f3n de la Direcci\u00f3n General de Registro, Control y Administraci\u00f3n de Bienes Incautados (Dircabi).<\/p>\n<p>En ese contexto, se record\u00f3 que durante el \u00faltimo fin de semana de abril se registraron tres hechos de violencia con armas de fuego en Warnes, San Mat\u00edas y Puerto Quijarro. En uno de los casos, la v\u00edctima estar\u00eda presuntamente relacionada con la red investigada en torno a Marset, lo que ha intensificado la atenci\u00f3n sobre estos hechos. (Con informaci\u00f3n de Unitel)<\/p>\n","protected":false},"excerpt":{"rendered":"<p>El fiscal departamental de Santa Cruz, Alberto Zeballos, solicit\u00f3 reforzar la escolta policial para los investigadores de narcotr\u00e1fico y sicariato, ante el incremento de estos delitos y los riesgos que enfrentan en el ejercicio de sus funciones. Las medidas de resguardo ya fueron activadas a trav\u00e9s de la Unidad de Protecci\u00f3n a V\u00edctimas y Testigos [&hellip;]<\/p>\n","protected":false},"author":1,"featured_media":389454,"comment_status":"closed","ping_status":"open","sticky":false,"template":"","format":"standard","meta":{"_acf_changed":false,"footnotes":""},"categories":[39],"tags":[],"class_list":["post-389453","post","type-post","status-publish","format-standard","has-post-thumbnail","category-sociedad"],"acf":{"antetitulo":"Santa Cruz"},"yoast_head":"<!-- This site is optimized with the Yoast SEO plugin v28.4 - https:\/\/yoast.com\/product\/yoast-seo-wordpress\/ -->\n<title>Solicitan m\u00e1s seguridad por narcotr\u00e1fico y sicariato - El Diario - Bolivia<\/title>\n<meta name=\"robots\" content=\"index, follow, max-snippet:-1, max-image-preview:large, max-video-preview:-1\" \/>\n<link rel=\"canonical\" href=\"https:\/\/www.eldiario.net\/portal\/2026\/04\/29\/solicitan-mas-seguridad-por-narcotrafico-y-sicariato-2\/\" \/>\n<meta property=\"og:locale\" content=\"es_ES\" \/>\n<meta property=\"og:type\" content=\"article\" \/>\n<meta property=\"og:title\" content=\"Solicitan m\u00e1s seguridad por narcotr\u00e1fico y sicariato - El Diario - Bolivia\" \/>\n<meta property=\"og:description\" content=\"El fiscal departamental de Santa Cruz, Alberto Zeballos, solicit\u00f3 reforzar la escolta policial para los investigadores de narcotr\u00e1fico y sicariato, ante el incremento de estos delitos y los riesgos que enfrentan en el ejercicio de sus funciones. Las medidas de resguardo ya fueron activadas a trav\u00e9s de la Unidad de Protecci\u00f3n a V\u00edctimas y Testigos [&hellip;]\" \/>\n<meta property=\"og:url\" content=\"https:\/\/www.eldiario.net\/portal\/2026\/04\/29\/solicitan-mas-seguridad-por-narcotrafico-y-sicariato-2\/\" \/>\n<meta property=\"og:site_name\" content=\"El Diario - Bolivia\" \/>\n<meta property=\"article:publisher\" content=\"https:\/\/www.facebook.com\/eldiario.bolivia\/\" \/>\n<meta property=\"article:published_time\" content=\"2026-04-29T04:47:01+00:00\" \/>\n<meta property=\"og:image\" content=\"https:\/\/www.eldiario.net\/portal\/wp-content\/uploads\/2026\/04\/29-FISCAL.webp\" \/>\n\t<meta property=\"og:image:width\" content=\"1024\" \/>\n\t<meta property=\"og:image:height\" content=\"576\" \/>\n\t<meta property=\"og:image:type\" content=\"image\/webp\" \/>\n<meta name=\"author\" content=\"Jeanette\" \/>\n<meta name=\"twitter:card\" content=\"summary_large_image\" \/>\n<meta name=\"twitter:creator\" content=\"@eldiario_net\" \/>\n<meta name=\"twitter:site\" content=\"@eldiario_net\" \/>\n<meta name=\"twitter:label1\" content=\"Escrito por\" \/>\n\t<meta name=\"twitter:data1\" content=\"Jeanette\" \/>\n\t<meta name=\"twitter:label2\" content=\"Tiempo de lectura\" \/>\n\t<meta name=\"twitter:data2\" content=\"2 minutos\" \/>\n<script type=\"application\/ld+json\" class=\"yoast-schema-graph\">{\"@context\":\"https:\\\/\\\/schema.org\",\"@graph\":[{\"@type\":\"Article\",\"@id\":\"https:\\\/\\\/www.eldiario.net\\\/portal\\\/2026\\\/04\\\/29\\\/solicitan-mas-seguridad-por-narcotrafico-y-sicariato-2\\\/#article\",\"isPartOf\":{\"@id\":\"https:\\\/\\\/www.eldiario.net\\\/portal\\\/2026\\\/04\\\/29\\\/solicitan-mas-seguridad-por-narcotrafico-y-sicariato-2\\\/\"},\"author\":{\"name\":\"Jeanette\",\"@id\":\"https:\\\/\\\/www.eldiario.net\\\/portal\\\/#\\\/schema\\\/person\\\/f46445640444750d7d753ccd04ae01b7\"},\"headline\":\"Solicitan m\u00e1s seguridad por narcotr\u00e1fico y sicariato\",\"datePublished\":\"2026-04-29T04:47:01+00:00\",\"mainEntityOfPage\":{\"@id\":\"https:\\\/\\\/www.eldiario.net\\\/portal\\\/2026\\\/04\\\/29\\\/solicitan-mas-seguridad-por-narcotrafico-y-sicariato-2\\\/\"},\"wordCount\":299,\"publisher\":{\"@id\":\"https:\\\/\\\/www.eldiario.net\\\/portal\\\/#organization\"},\"image\":{\"@id\":\"https:\\\/\\\/www.eldiario.net\\\/portal\\\/2026\\\/04\\\/29\\\/solicitan-mas-seguridad-por-narcotrafico-y-sicariato-2\\\/#primaryimage\"},\"thumbnailUrl\":\"https:\\\/\\\/www.eldiario.net\\\/portal\\\/wp-content\\\/uploads\\\/2026\\\/04\\\/29-FISCAL.webp\",\"articleSection\":[\"Sociedad - Seguridad\"],\"inLanguage\":\"es\"},{\"@type\":\"WebPage\",\"@id\":\"https:\\\/\\\/www.eldiario.net\\\/portal\\\/2026\\\/04\\\/29\\\/solicitan-mas-seguridad-por-narcotrafico-y-sicariato-2\\\/\",\"url\":\"https:\\\/\\\/www.eldiario.net\\\/portal\\\/2026\\\/04\\\/29\\\/solicitan-mas-seguridad-por-narcotrafico-y-sicariato-2\\\/\",\"name\":\"Solicitan m\u00e1s seguridad por narcotr\u00e1fico y sicariato - El Diario - Bolivia\",\"isPartOf\":{\"@id\":\"https:\\\/\\\/www.eldiario.net\\\/portal\\\/#website\"},\"primaryImageOfPage\":{\"@id\":\"https:\\\/\\\/www.eldiario.net\\\/portal\\\/2026\\\/04\\\/29\\\/solicitan-mas-seguridad-por-narcotrafico-y-sicariato-2\\\/#primaryimage\"},\"image\":{\"@id\":\"https:\\\/\\\/www.eldiario.net\\\/portal\\\/2026\\\/04\\\/29\\\/solicitan-mas-seguridad-por-narcotrafico-y-sicariato-2\\\/#primaryimage\"},\"thumbnailUrl\":\"https:\\\/\\\/www.eldiario.net\\\/portal\\\/wp-content\\\/uploads\\\/2026\\\/04\\\/29-FISCAL.webp\",\"datePublished\":\"2026-04-29T04:47:01+00:00\",\"breadcrumb\":{\"@id\":\"https:\\\/\\\/www.eldiario.net\\\/portal\\\/2026\\\/04\\\/29\\\/solicitan-mas-seguridad-por-narcotrafico-y-sicariato-2\\\/#breadcrumb\"},\"inLanguage\":\"es\",\"potentialAction\":[{\"@type\":\"ReadAction\",\"target\":[\"https:\\\/\\\/www.eldiario.net\\\/portal\\\/2026\\\/04\\\/29\\\/solicitan-mas-seguridad-por-narcotrafico-y-sicariato-2\\\/\"]}]},{\"@type\":\"ImageObject\",\"inLanguage\":\"es\",\"@id\":\"https:\\\/\\\/www.eldiario.net\\\/portal\\\/2026\\\/04\\\/29\\\/solicitan-mas-seguridad-por-narcotrafico-y-sicariato-2\\\/#primaryimage\",\"url\":\"https:\\\/\\\/www.eldiario.net\\\/portal\\\/wp-content\\\/uploads\\\/2026\\\/04\\\/29-FISCAL.webp\",\"contentUrl\":\"https:\\\/\\\/www.eldiario.net\\\/portal\\\/wp-content\\\/uploads\\\/2026\\\/04\\\/29-FISCAL.webp\",\"width\":1024,\"height\":576,\"caption\":\"Fiscal departamental de Santa Cruz, Alberto Zeballos. Cr\u00e9dito de foto: MP\"},{\"@type\":\"BreadcrumbList\",\"@id\":\"https:\\\/\\\/www.eldiario.net\\\/portal\\\/2026\\\/04\\\/29\\\/solicitan-mas-seguridad-por-narcotrafico-y-sicariato-2\\\/#breadcrumb\",\"itemListElement\":[{\"@type\":\"ListItem\",\"position\":1,\"name\":\"Portada\",\"item\":\"https:\\\/\\\/www.eldiario.net\\\/portal\\\/\"},{\"@type\":\"ListItem\",\"position\":2,\"name\":\"Solicitan m\u00e1s seguridad por narcotr\u00e1fico y sicariato\"}]},{\"@type\":\"WebSite\",\"@id\":\"https:\\\/\\\/www.eldiario.net\\\/portal\\\/#website\",\"url\":\"https:\\\/\\\/www.eldiario.net\\\/portal\\\/\",\"name\":\"El Diario - Decano de la prensa nacional\",\"description\":\"El Diario - Decano de la prensa nacional\",\"publisher\":{\"@id\":\"https:\\\/\\\/www.eldiario.net\\\/portal\\\/#organization\"},\"potentialAction\":[{\"@type\":\"SearchAction\",\"target\":{\"@type\":\"EntryPoint\",\"urlTemplate\":\"https:\\\/\\\/www.eldiario.net\\\/portal\\\/?s={search_term_string}\"},\"query-input\":{\"@type\":\"PropertyValueSpecification\",\"valueRequired\":true,\"valueName\":\"search_term_string\"}}],\"inLanguage\":\"es\"},{\"@type\":\"Organization\",\"@id\":\"https:\\\/\\\/www.eldiario.net\\\/portal\\\/#organization\",\"name\":\"El Diario - Decano de la prensa nacional\",\"url\":\"https:\\\/\\\/www.eldiario.net\\\/portal\\\/\",\"logo\":{\"@type\":\"ImageObject\",\"inLanguage\":\"es\",\"@id\":\"https:\\\/\\\/www.eldiario.net\\\/portal\\\/#\\\/schema\\\/logo\\\/image\\\/\",\"url\":\"https:\\\/\\\/www.eldiario.net\\\/portal\\\/wp-content\\\/uploads\\\/2023\\\/07\\\/logo_ED.jpg\",\"contentUrl\":\"https:\\\/\\\/www.eldiario.net\\\/portal\\\/wp-content\\\/uploads\\\/2023\\\/07\\\/logo_ED.jpg\",\"width\":272,\"height\":52,\"caption\":\"El Diario - Decano de la prensa nacional\"},\"image\":{\"@id\":\"https:\\\/\\\/www.eldiario.net\\\/portal\\\/#\\\/schema\\\/logo\\\/image\\\/\"},\"sameAs\":[\"https:\\\/\\\/www.facebook.com\\\/eldiario.bolivia\\\/\",\"https:\\\/\\\/x.com\\\/eldiario_net\"]},{\"@type\":\"Person\",\"@id\":\"https:\\\/\\\/www.eldiario.net\\\/portal\\\/#\\\/schema\\\/person\\\/f46445640444750d7d753ccd04ae01b7\",\"name\":\"Jeanette\",\"image\":{\"@type\":\"ImageObject\",\"inLanguage\":\"es\",\"@id\":\"https:\\\/\\\/secure.gravatar.com\\\/avatar\\\/3ea2118a5f7dad2b7138b1187a6b7ee55f160b9968b66013c3a3ef39dd7e5798?s=96&d=mm&r=g\",\"url\":\"https:\\\/\\\/secure.gravatar.com\\\/avatar\\\/3ea2118a5f7dad2b7138b1187a6b7ee55f160b9968b66013c3a3ef39dd7e5798?s=96&d=mm&r=g\",\"contentUrl\":\"https:\\\/\\\/secure.gravatar.com\\\/avatar\\\/3ea2118a5f7dad2b7138b1187a6b7ee55f160b9968b66013c3a3ef39dd7e5798?s=96&d=mm&r=g\",\"caption\":\"Jeanette\"},\"sameAs\":[\"https:\\\/\\\/www.eldiario.net\\\/portal\"],\"url\":\"https:\\\/\\\/www.eldiario.net\\\/portal\\\/author\\\/jeanette\\\/\"}]}<\/script>\n<!-- \/ Yoast SEO plugin. -->","yoast_head_json":{"title":"Solicitan m\u00e1s seguridad por narcotr\u00e1fico y sicariato - El Diario - Bolivia","robots":{"index":"index","follow":"follow","max-snippet":"max-snippet:-1","max-image-preview":"max-image-preview:large","max-video-preview":"max-video-preview:-1"},"canonical":"https:\/\/www.eldiario.net\/portal\/2026\/04\/29\/solicitan-mas-seguridad-por-narcotrafico-y-sicariato-2\/","og_locale":"es_ES","og_type":"article","og_title":"Solicitan m\u00e1s seguridad por narcotr\u00e1fico y sicariato - El Diario - Bolivia","og_description":"El fiscal departamental de Santa Cruz, Alberto Zeballos, solicit\u00f3 reforzar la escolta policial para los investigadores de narcotr\u00e1fico y sicariato, ante el incremento de estos delitos y los riesgos que enfrentan en el ejercicio de sus funciones. Las medidas de resguardo ya fueron activadas a trav\u00e9s de la Unidad de Protecci\u00f3n a V\u00edctimas y Testigos [&hellip;]","og_url":"https:\/\/www.eldiario.net\/portal\/2026\/04\/29\/solicitan-mas-seguridad-por-narcotrafico-y-sicariato-2\/","og_site_name":"El Diario - Bolivia","article_publisher":"https:\/\/www.facebook.com\/eldiario.bolivia\/","article_published_time":"2026-04-29T04:47:01+00:00","og_image":[{"width":1024,"height":576,"url":"https:\/\/www.eldiario.net\/portal\/wp-content\/uploads\/2026\/04\/29-FISCAL.webp","type":"image\/webp"}],"author":"Jeanette","twitter_card":"summary_large_image","twitter_creator":"@eldiario_net","twitter_site":"@eldiario_net","twitter_misc":{"Escrito por":"Jeanette","Tiempo de lectura":"2 minutos"},"schema":{"@context":"https:\/\/schema.org","@graph":[{"@type":"Article","@id":"https:\/\/www.eldiario.net\/portal\/2026\/04\/29\/solicitan-mas-seguridad-por-narcotrafico-y-sicariato-2\/#article","isPartOf":{"@id":"https:\/\/www.eldiario.net\/portal\/2026\/04\/29\/solicitan-mas-seguridad-por-narcotrafico-y-sicariato-2\/"},"author":{"name":"Jeanette","@id":"https:\/\/www.eldiario.net\/portal\/#\/schema\/person\/f46445640444750d7d753ccd04ae01b7"},"headline":"Solicitan m\u00e1s seguridad por narcotr\u00e1fico y sicariato","datePublished":"2026-04-29T04:47:01+00:00","mainEntityOfPage":{"@id":"https:\/\/www.eldiario.net\/portal\/2026\/04\/29\/solicitan-mas-seguridad-por-narcotrafico-y-sicariato-2\/"},"wordCount":299,"publisher":{"@id":"https:\/\/www.eldiario.net\/portal\/#organization"},"image":{"@id":"https:\/\/www.eldiario.net\/portal\/2026\/04\/29\/solicitan-mas-seguridad-por-narcotrafico-y-sicariato-2\/#primaryimage"},"thumbnailUrl":"https:\/\/www.eldiario.net\/portal\/wp-content\/uploads\/2026\/04\/29-FISCAL.webp","articleSection":["Sociedad - Seguridad"],"inLanguage":"es"},{"@type":"WebPage","@id":"https:\/\/www.eldiario.net\/portal\/2026\/04\/29\/solicitan-mas-seguridad-por-narcotrafico-y-sicariato-2\/","url":"https:\/\/www.eldiario.net\/portal\/2026\/04\/29\/solicitan-mas-seguridad-por-narcotrafico-y-sicariato-2\/","name":"Solicitan m\u00e1s seguridad por narcotr\u00e1fico y sicariato - El Diario - Bolivia","isPartOf":{"@id":"https:\/\/www.eldiario.net\/portal\/#website"},"primaryImageOfPage":{"@id":"https:\/\/www.eldiario.net\/portal\/2026\/04\/29\/solicitan-mas-seguridad-por-narcotrafico-y-sicariato-2\/#primaryimage"},"image":{"@id":"https:\/\/www.eldiario.net\/portal\/2026\/04\/29\/solicitan-mas-seguridad-por-narcotrafico-y-sicariato-2\/#primaryimage"},"thumbnailUrl":"https:\/\/www.eldiario.net\/portal\/wp-content\/uploads\/2026\/04\/29-FISCAL.webp","datePublished":"2026-04-29T04:47:01+00:00","breadcrumb":{"@id":"https:\/\/www.eldiario.net\/portal\/2026\/04\/29\/solicitan-mas-seguridad-por-narcotrafico-y-sicariato-2\/#breadcrumb"},"inLanguage":"es","potentialAction":[{"@type":"ReadAction","target":["https:\/\/www.eldiario.net\/portal\/2026\/04\/29\/solicitan-mas-seguridad-por-narcotrafico-y-sicariato-2\/"]}]},{"@type":"ImageObject","inLanguage":"es","@id":"https:\/\/www.eldiario.net\/portal\/2026\/04\/29\/solicitan-mas-seguridad-por-narcotrafico-y-sicariato-2\/#primaryimage","url":"https:\/\/www.eldiario.net\/portal\/wp-content\/uploads\/2026\/04\/29-FISCAL.webp","contentUrl":"https:\/\/www.eldiario.net\/portal\/wp-content\/uploads\/2026\/04\/29-FISCAL.webp","width":1024,"height":576,"caption":"Fiscal departamental de Santa Cruz, Alberto Zeballos. Cr\u00e9dito de foto: MP"},{"@type":"BreadcrumbList","@id":"https:\/\/www.eldiario.net\/portal\/2026\/04\/29\/solicitan-mas-seguridad-por-narcotrafico-y-sicariato-2\/#breadcrumb","itemListElement":[{"@type":"ListItem","position":1,"name":"Portada","item":"https:\/\/www.eldiario.net\/portal\/"},{"@type":"ListItem","position":2,"name":"Solicitan m\u00e1s seguridad por narcotr\u00e1fico y sicariato"}]},{"@type":"WebSite","@id":"https:\/\/www.eldiario.net\/portal\/#website","url":"https:\/\/www.eldiario.net\/portal\/","name":"El Diario - Decano de la prensa nacional","description":"El Diario - Decano de la prensa nacional","publisher":{"@id":"https:\/\/www.eldiario.net\/portal\/#organization"},"potentialAction":[{"@type":"SearchAction","target":{"@type":"EntryPoint","urlTemplate":"https:\/\/www.eldiario.net\/portal\/?s={search_term_string}"},"query-input":{"@type":"PropertyValueSpecification","valueRequired":true,"valueName":"search_term_string"}}],"inLanguage":"es"},{"@type":"Organization","@id":"https:\/\/www.eldiario.net\/portal\/#organization","name":"El Diario - Decano de la prensa nacional","url":"https:\/\/www.eldiario.net\/portal\/","logo":{"@type":"ImageObject","inLanguage":"es","@id":"https:\/\/www.eldiario.net\/portal\/#\/schema\/logo\/image\/","url":"https:\/\/www.eldiario.net\/portal\/wp-content\/uploads\/2023\/07\/logo_ED.jpg","contentUrl":"https:\/\/www.eldiario.net\/portal\/wp-content\/uploads\/2023\/07\/logo_ED.jpg","width":272,"height":52,"caption":"El Diario - Decano de la prensa nacional"},"image":{"@id":"https:\/\/www.eldiario.net\/portal\/#\/schema\/logo\/image\/"},"sameAs":["https:\/\/www.facebook.com\/eldiario.bolivia\/","https:\/\/x.com\/eldiario_net"]},{"@type":"Person","@id":"https:\/\/www.eldiario.net\/portal\/#\/schema\/person\/f46445640444750d7d753ccd04ae01b7","name":"Jeanette","image":{"@type":"ImageObject","inLanguage":"es","@id":"https:\/\/secure.gravatar.com\/avatar\/3ea2118a5f7dad2b7138b1187a6b7ee55f160b9968b66013c3a3ef39dd7e5798?s=96&d=mm&r=g","url":"https:\/\/secure.gravatar.com\/avatar\/3ea2118a5f7dad2b7138b1187a6b7ee55f160b9968b66013c3a3ef39dd7e5798?s=96&d=mm&r=g","contentUrl":"https:\/\/secure.gravatar.com\/avatar\/3ea2118a5f7dad2b7138b1187a6b7ee55f160b9968b66013c3a3ef39dd7e5798?s=96&d=mm&r=g","caption":"Jeanette"},"sameAs":["https:\/\/www.eldiario.net\/portal"],"url":"https:\/\/www.eldiario.net\/portal\/author\/jeanette\/"}]}},"_links":{"self":[{"href":"https:\/\/www.eldiario.net\/portal\/wp-json\/wp\/v2\/posts\/389453","targetHints":{"allow":["GET"]}}],"collection":[{"href":"https:\/\/www.eldiario.net\/portal\/wp-json\/wp\/v2\/posts"}],"about":[{"href":"https:\/\/www.eldiario.net\/portal\/wp-json\/wp\/v2\/types\/post"}],"author":[{"embeddable":true,"href":"https:\/\/www.eldiario.net\/portal\/wp-json\/wp\/v2\/users\/1"}],"replies":[{"embeddable":true,"href":"https:\/\/www.eldiario.net\/portal\/wp-json\/wp\/v2\/comments?post=389453"}],"version-history":[{"count":1,"href":"https:\/\/www.eldiario.net\/portal\/wp-json\/wp\/v2\/posts\/389453\/revisions"}],"predecessor-version":[{"id":389455,"href":"https:\/\/www.eldiario.net\/portal\/wp-json\/wp\/v2\/posts\/389453\/revisions\/389455"}],"wp:featuredmedia":[{"embeddable":true,"href":"https:\/\/www.eldiario.net\/portal\/wp-json\/wp\/v2\/media\/389454"}],"wp:attachment":[{"href":"https:\/\/www.eldiario.net\/portal\/wp-json\/wp\/v2\/media?parent=389453"}],"wp:term":[{"taxonomy":"category","embeddable":true,"href":"https:\/\/www.eldiario.net\/portal\/wp-json\/wp\/v2\/categories?post=389453"},{"taxonomy":"post_tag","embeddable":true,"href":"https:\/\/www.eldiario.net\/portal\/wp-json\/wp\/v2\/tags?post=389453"}],"curies":[{"name":"wp","href":"https:\/\/api.w.org\/{rel}","templated":true}]}}