{"id":389446,"date":"2026-04-29T00:40:50","date_gmt":"2026-04-29T04:40:50","guid":{"rendered":"https:\/\/www.eldiario.net\/portal\/?p=389446"},"modified":"2026-04-28T21:43:28","modified_gmt":"2026-04-29T01:43:28","slug":"musica-y-naturaleza","status":"publish","type":"post","link":"https:\/\/www.eldiario.net\/portal\/2026\/04\/29\/musica-y-naturaleza\/","title":{"rendered":"M\u00fasica y naturaleza"},"content":{"rendered":"<p>D\u00eda antes de la inauguraci\u00f3n del XV Festival Internacional de M\u00fasica Renacentista y Barroca Americana \u201cMisiones de Chiquitos\u201d, organizado por APAC en Santa Cruz, la comunidad de San Javier fue escenario de un acto hist\u00f3rico que uni\u00f3 m\u00fasica, naturaleza y compromiso institucional: la creaci\u00f3n del Bosque Sinfon\u00eda, un espacio de reforestaci\u00f3n impulsado por la Embajada de Suecia y la Uni\u00f3n Europea en el marco de la Plataforma Ambiental Suecia\u2013UE.<\/p>\n<p>El evento reuni\u00f3 a autoridades locales, representantes diplom\u00e1ticos, organizaciones culturales y j\u00f3venes artesanos en un gesto colectivo de gratitud hacia la tierra que ha dado origen a los instrumentos y al patrimonio musical de la regi\u00f3n.<\/p>\n<p>Uno de los momentos m\u00e1s significativos fue la siembra conjunta de un \u00e1rbol por parte del alcalde saliente, Danny A\u00f1ez, y el alcalde entrante, V\u00edctor Hugo Mayzer, quienes, en un acto cargado de simbolismo, reafirmaron la continuidad del compromiso municipal con la protecci\u00f3n del bosque y la promoci\u00f3n de un desarrollo sostenible para San Javier.<\/p>\n<p>Gracias al apoyo de la Alcald\u00eda, se dispuso una hect\u00e1rea de terreno municipal \u2014ubicada en un mirador natural\u2014 para la plantaci\u00f3n de especies nativas. Se entregaron plantines de tajibos morados, blancos y amarillos, bibosi y mara, y se complement\u00f3 con \u00e1rboles de cuchi, especie medicinal que adem\u00e1s forma parte del patrimonio forestal municipal.<\/p>\n<p>La actividad fue encabezada por la embajadora de Suecia, Johanna Teague, y el embajador de la Uni\u00f3n Europea, Jaume Segura, quienes destacaron la profunda relaci\u00f3n entre m\u00fasica y naturaleza en la Chiquitan\u00eda. Ambos diplom\u00e1ticos realizaron una promesa que marc\u00f3 el esp\u00edritu del encuentro: regresar dentro de 15 a\u00f1os para sentarse a la sombra de los \u00e1rboles plantados hoy.<\/p>\n<p>El acto cont\u00f3 tambi\u00e9n con la presencia de la agregada cultural de la Embajada de Francia, Milena Villeu; representantes del Festival Gastron\u00f3mico Bosque Chiquitano, organizado por CEPAC y Swisscontact; as\u00ed como profesores y estudiantes de la Escuela Taller de la Chiquitan\u00eda en Concepci\u00f3n, especialidad de talla en madera, quienes sembraron sus propios \u00e1rboles como s\u00edmbolo de la conexi\u00f3n entre su oficio y la materia prima que lo hace posible.<\/p>\n<p>El director de APAC, Percy A\u00f1ez, particip\u00f3 activamente en la siembra y destac\u00f3 que este bosque \u201ces el primero de muchos\u201d, subrayando que la conservaci\u00f3n ambiental es inseparable de la preservaci\u00f3n del patrimonio musical barroco que distingue a la regi\u00f3n.<\/p>\n\r\n                <style type=\"text\/css\">\r\n                    \r\n                    #tdi_1  .td-doubleSlider-2 .td-item1 {\r\n                        background: url(https:\/\/www.eldiario.net\/portal\/wp-content\/uploads\/2026\/04\/FOTO-1-1-2-80x60.webp) 0 0 no-repeat;\r\n                    }\r\n                    #tdi_1  .td-doubleSlider-2 .td-item2 {\r\n                        background: url(https:\/\/www.eldiario.net\/portal\/wp-content\/uploads\/2026\/04\/FOTO-2-1-2-80x60.webp) 0 0 no-repeat;\r\n                    }\r\n                    #tdi_1  .td-doubleSlider-2 .td-item3 {\r\n                        background: url(https:\/\/www.eldiario.net\/portal\/wp-content\/uploads\/2026\/04\/FOTO-3-1-2-80x60.webp) 0 0 no-repeat;\r\n                    }\r\n                    #tdi_1  .td-doubleSlider-2 .td-item4 {\r\n                        background: url(https:\/\/www.eldiario.net\/portal\/wp-content\/uploads\/2026\/04\/FOTO-4-1-2-80x60.webp) 0 0 no-repeat;\r\n                    }\r\n                    #tdi_1  .td-doubleSlider-2 .td-item5 {\r\n                        background: url(https:\/\/www.eldiario.net\/portal\/wp-content\/uploads\/2026\/04\/FOTO-5-1-2-80x60.webp) 0 0 no-repeat;\r\n                    }\r\n                <\/style>\r\n\r\n                <div id=\"tdi_1\" class=\"td-gallery td-slide-on-2-columns\">\r\n                    <div class=\"post_td_gallery\">\r\n                        <div class=\"td-gallery-slide-top\">\r\n                           <div class=\"td-gallery-title\"><\/div>\r\n\r\n                            <div class=\"td-gallery-controls-wrapper\">\r\n                                <div class=\"td-gallery-slide-count\"><span class=\"td-gallery-slide-item-focus\">1<\/span> de 5<\/div>\r\n                                <div class=\"td-gallery-slide-prev-next-but\">\r\n                                    <i class = \"td-icon-left doubleSliderPrevButton\"><\/i>\r\n                                    <i class = \"td-icon-right doubleSliderNextButton\"><\/i>\r\n                                <\/div>\r\n                            <\/div>\r\n                        <\/div>\r\n\r\n                        <div class = \"td-doubleSlider-1 \">\r\n                            <div class = \"td-slider\">\r\n                                \r\n                    <div class = \"td-slide-item td-item1\">\r\n                        <figure class=\"td-slide-galery-figure td-slide-popup-gallery\">\r\n                            <a class=\"slide-gallery-image-link\" href=\"https:\/\/www.eldiario.net\/portal\/wp-content\/uploads\/2026\/04\/FOTO-1-1-2.webp\" title=\"FOTO-1-\"  data-caption=\"\"  data-description=\"\">\r\n                                <img decoding=\"async\" src=\"https:\/\/www.eldiario.net\/portal\/wp-content\/uploads\/2026\/04\/FOTO-1-1-2-559x420.webp\" srcset=\"https:\/\/www.eldiario.net\/portal\/wp-content\/uploads\/2026\/04\/FOTO-1-1-2-559x420.webp 559w, https:\/\/www.eldiario.net\/portal\/wp-content\/uploads\/2026\/04\/FOTO-1-1-2-300x225.webp 300w, https:\/\/www.eldiario.net\/portal\/wp-content\/uploads\/2026\/04\/FOTO-1-1-2-1024x769.webp 1024w, https:\/\/www.eldiario.net\/portal\/wp-content\/uploads\/2026\/04\/FOTO-1-1-2-768x577.webp 768w, https:\/\/www.eldiario.net\/portal\/wp-content\/uploads\/2026\/04\/FOTO-1-1-2-80x60.webp 80w, https:\/\/www.eldiario.net\/portal\/wp-content\/uploads\/2026\/04\/FOTO-1-1-2-150x113.webp 150w, https:\/\/www.eldiario.net\/portal\/wp-content\/uploads\/2026\/04\/FOTO-1-1-2-696x523.webp 696w, https:\/\/www.eldiario.net\/portal\/wp-content\/uploads\/2026\/04\/FOTO-1-1-2-1068x802.webp 1068w, https:\/\/www.eldiario.net\/portal\/wp-content\/uploads\/2026\/04\/FOTO-1-1-2.webp 1280w\" sizes=\"(max-width: 559px) 100vw, 559px\" alt=\"\">\r\n                            <\/a>\r\n                            \r\n                        <\/figure>\r\n                    <\/div>\r\n                    <div class = \"td-slide-item td-item2\">\r\n                        <figure class=\"td-slide-galery-figure td-slide-popup-gallery\">\r\n                            <a class=\"slide-gallery-image-link\" href=\"https:\/\/www.eldiario.net\/portal\/wp-content\/uploads\/2026\/04\/FOTO-2-1-2.webp\" title=\"FOTO-2-\"  data-caption=\"\"  data-description=\"\">\r\n                                <img decoding=\"async\" src=\"https:\/\/www.eldiario.net\/portal\/wp-content\/uploads\/2026\/04\/FOTO-2-1-2-559x420.webp\" srcset=\"https:\/\/www.eldiario.net\/portal\/wp-content\/uploads\/2026\/04\/FOTO-2-1-2-559x420.webp 559w, https:\/\/www.eldiario.net\/portal\/wp-content\/uploads\/2026\/04\/FOTO-2-1-2-300x225.webp 300w, https:\/\/www.eldiario.net\/portal\/wp-content\/uploads\/2026\/04\/FOTO-2-1-2-1024x769.webp 1024w, https:\/\/www.eldiario.net\/portal\/wp-content\/uploads\/2026\/04\/FOTO-2-1-2-768x577.webp 768w, https:\/\/www.eldiario.net\/portal\/wp-content\/uploads\/2026\/04\/FOTO-2-1-2-80x60.webp 80w, https:\/\/www.eldiario.net\/portal\/wp-content\/uploads\/2026\/04\/FOTO-2-1-2-150x113.webp 150w, https:\/\/www.eldiario.net\/portal\/wp-content\/uploads\/2026\/04\/FOTO-2-1-2-696x523.webp 696w, https:\/\/www.eldiario.net\/portal\/wp-content\/uploads\/2026\/04\/FOTO-2-1-2-1068x802.webp 1068w, https:\/\/www.eldiario.net\/portal\/wp-content\/uploads\/2026\/04\/FOTO-2-1-2.webp 1280w\" sizes=\"(max-width: 559px) 100vw, 559px\" alt=\"\">\r\n                            <\/a>\r\n                            \r\n                        <\/figure>\r\n                    <\/div>\r\n                    <div class = \"td-slide-item td-item3\">\r\n                        <figure class=\"td-slide-galery-figure td-slide-popup-gallery\">\r\n                            <a class=\"slide-gallery-image-link\" href=\"https:\/\/www.eldiario.net\/portal\/wp-content\/uploads\/2026\/04\/FOTO-3-1-2.webp\" title=\"FOTO-3-\"  data-caption=\"\"  data-description=\"\">\r\n                                <img decoding=\"async\" src=\"https:\/\/www.eldiario.net\/portal\/wp-content\/uploads\/2026\/04\/FOTO-3-1-2-559x420.webp\" srcset=\"https:\/\/www.eldiario.net\/portal\/wp-content\/uploads\/2026\/04\/FOTO-3-1-2-559x420.webp 559w, https:\/\/www.eldiario.net\/portal\/wp-content\/uploads\/2026\/04\/FOTO-3-1-2-300x225.webp 300w, https:\/\/www.eldiario.net\/portal\/wp-content\/uploads\/2026\/04\/FOTO-3-1-2-1024x769.webp 1024w, https:\/\/www.eldiario.net\/portal\/wp-content\/uploads\/2026\/04\/FOTO-3-1-2-768x577.webp 768w, https:\/\/www.eldiario.net\/portal\/wp-content\/uploads\/2026\/04\/FOTO-3-1-2-80x60.webp 80w, https:\/\/www.eldiario.net\/portal\/wp-content\/uploads\/2026\/04\/FOTO-3-1-2-150x113.webp 150w, https:\/\/www.eldiario.net\/portal\/wp-content\/uploads\/2026\/04\/FOTO-3-1-2-696x523.webp 696w, https:\/\/www.eldiario.net\/portal\/wp-content\/uploads\/2026\/04\/FOTO-3-1-2-1068x802.webp 1068w, https:\/\/www.eldiario.net\/portal\/wp-content\/uploads\/2026\/04\/FOTO-3-1-2.webp 1280w\" sizes=\"(max-width: 559px) 100vw, 559px\" alt=\"\">\r\n                            <\/a>\r\n                            \r\n                        <\/figure>\r\n                    <\/div>\r\n                    <div class = \"td-slide-item td-item4\">\r\n                        <figure class=\"td-slide-galery-figure td-slide-popup-gallery\">\r\n                            <a class=\"slide-gallery-image-link\" href=\"https:\/\/www.eldiario.net\/portal\/wp-content\/uploads\/2026\/04\/FOTO-4-1-2.webp\" title=\"FOTO-4-\"  data-caption=\"\"  data-description=\"\">\r\n                                <img decoding=\"async\" src=\"https:\/\/www.eldiario.net\/portal\/wp-content\/uploads\/2026\/04\/FOTO-4-1-2-559x420.webp\" srcset=\"https:\/\/www.eldiario.net\/portal\/wp-content\/uploads\/2026\/04\/FOTO-4-1-2-559x420.webp 559w, https:\/\/www.eldiario.net\/portal\/wp-content\/uploads\/2026\/04\/FOTO-4-1-2-300x225.webp 300w, https:\/\/www.eldiario.net\/portal\/wp-content\/uploads\/2026\/04\/FOTO-4-1-2-1024x769.webp 1024w, https:\/\/www.eldiario.net\/portal\/wp-content\/uploads\/2026\/04\/FOTO-4-1-2-768x577.webp 768w, https:\/\/www.eldiario.net\/portal\/wp-content\/uploads\/2026\/04\/FOTO-4-1-2-80x60.webp 80w, https:\/\/www.eldiario.net\/portal\/wp-content\/uploads\/2026\/04\/FOTO-4-1-2-150x113.webp 150w, https:\/\/www.eldiario.net\/portal\/wp-content\/uploads\/2026\/04\/FOTO-4-1-2-696x523.webp 696w, https:\/\/www.eldiario.net\/portal\/wp-content\/uploads\/2026\/04\/FOTO-4-1-2-1068x802.webp 1068w, https:\/\/www.eldiario.net\/portal\/wp-content\/uploads\/2026\/04\/FOTO-4-1-2.webp 1280w\" sizes=\"(max-width: 559px) 100vw, 559px\" alt=\"\">\r\n                            <\/a>\r\n                            \r\n                        <\/figure>\r\n                    <\/div>\r\n                    <div class = \"td-slide-item td-item5\">\r\n                        <figure class=\"td-slide-galery-figure td-slide-popup-gallery\">\r\n                            <a class=\"slide-gallery-image-link\" href=\"https:\/\/www.eldiario.net\/portal\/wp-content\/uploads\/2026\/04\/FOTO-5-1-2.webp\" title=\"FOTO-5-\"  data-caption=\"\"  data-description=\"\">\r\n                                <img decoding=\"async\" src=\"https:\/\/www.eldiario.net\/portal\/wp-content\/uploads\/2026\/04\/FOTO-5-1-2-630x420.webp\" srcset=\"https:\/\/www.eldiario.net\/portal\/wp-content\/uploads\/2026\/04\/FOTO-5-1-2-630x420.webp 630w, https:\/\/www.eldiario.net\/portal\/wp-content\/uploads\/2026\/04\/FOTO-5-1-2-300x200.webp 300w, https:\/\/www.eldiario.net\/portal\/wp-content\/uploads\/2026\/04\/FOTO-5-1-2-1024x683.webp 1024w, https:\/\/www.eldiario.net\/portal\/wp-content\/uploads\/2026\/04\/FOTO-5-1-2-768x512.webp 768w, https:\/\/www.eldiario.net\/portal\/wp-content\/uploads\/2026\/04\/FOTO-5-1-2-150x100.webp 150w, https:\/\/www.eldiario.net\/portal\/wp-content\/uploads\/2026\/04\/FOTO-5-1-2-696x464.webp 696w, https:\/\/www.eldiario.net\/portal\/wp-content\/uploads\/2026\/04\/FOTO-5-1-2-1068x713.webp 1068w, https:\/\/www.eldiario.net\/portal\/wp-content\/uploads\/2026\/04\/FOTO-5-1-2.webp 1280w\" sizes=\"(max-width: 630px) 100vw, 630px\" alt=\"\">\r\n                            <\/a>\r\n                            \r\n                        <\/figure>\r\n                    <\/div>\r\n                            <\/div>\r\n                        <\/div>\r\n\r\n                        <div class = \"td-doubleSlider-2\">\r\n                            <div class = \"td-slider\">\r\n                                \r\n                    <div class = \"td-button td-item1\">\r\n                        <div class = \"td-border\"><\/div>\r\n                    <\/div>\r\n                    <div class = \"td-button td-item2\">\r\n                        <div class = \"td-border\"><\/div>\r\n                    <\/div>\r\n                    <div class = \"td-button td-item3\">\r\n                        <div class = \"td-border\"><\/div>\r\n                    <\/div>\r\n                    <div class = \"td-button td-item4\">\r\n                        <div class = \"td-border\"><\/div>\r\n                    <\/div>\r\n                    <div class = \"td-button td-item5\">\r\n                        <div class = \"td-border\"><\/div>\r\n                    <\/div>\r\n                            <\/div>\r\n                        <\/div>\r\n\r\n                    <\/div>\r\n\r\n                <\/div>\r\n                \n","protected":false},"excerpt":{"rendered":"<p>D\u00eda antes de la inauguraci\u00f3n del XV Festival Internacional de M\u00fasica Renacentista y Barroca Americana \u201cMisiones de Chiquitos\u201d, organizado por APAC en Santa Cruz, la comunidad de San Javier fue escenario de un acto hist\u00f3rico que uni\u00f3 m\u00fasica, naturaleza y compromiso institucional: la creaci\u00f3n del Bosque Sinfon\u00eda, un espacio de reforestaci\u00f3n impulsado por la Embajada [&hellip;]<\/p>\n","protected":false},"author":1,"featured_media":389447,"comment_status":"closed","ping_status":"open","sticky":false,"template":"","format":"standard","meta":{"_acf_changed":false,"footnotes":""},"categories":[8],"tags":[],"class_list":["post-389446","post","type-post","status-publish","format-standard","has-post-thumbnail","category-cultural"],"acf":{"antetitulo":"San Javier siembra el primer Bosque Sinfon\u00eda para violines"},"yoast_head":"<!-- This site is optimized with the Yoast SEO plugin v28.4 - https:\/\/yoast.com\/product\/yoast-seo-wordpress\/ -->\n<title>M\u00fasica y naturaleza - El Diario - Bolivia<\/title>\n<meta name=\"robots\" content=\"index, follow, max-snippet:-1, max-image-preview:large, max-video-preview:-1\" \/>\n<link rel=\"canonical\" href=\"https:\/\/www.eldiario.net\/portal\/2026\/04\/29\/musica-y-naturaleza\/\" \/>\n<meta property=\"og:locale\" content=\"es_ES\" \/>\n<meta property=\"og:type\" content=\"article\" \/>\n<meta property=\"og:title\" content=\"M\u00fasica y naturaleza - El Diario - Bolivia\" \/>\n<meta property=\"og:description\" content=\"D\u00eda antes de la inauguraci\u00f3n del XV Festival Internacional de M\u00fasica Renacentista y Barroca Americana \u201cMisiones de Chiquitos\u201d, organizado por APAC en Santa Cruz, la comunidad de San Javier fue escenario de un acto hist\u00f3rico que uni\u00f3 m\u00fasica, naturaleza y compromiso institucional: la creaci\u00f3n del Bosque Sinfon\u00eda, un espacio de reforestaci\u00f3n impulsado por la Embajada [&hellip;]\" \/>\n<meta property=\"og:url\" content=\"https:\/\/www.eldiario.net\/portal\/2026\/04\/29\/musica-y-naturaleza\/\" \/>\n<meta property=\"og:site_name\" content=\"El Diario - Bolivia\" \/>\n<meta property=\"article:publisher\" content=\"https:\/\/www.facebook.com\/eldiario.bolivia\/\" \/>\n<meta property=\"article:published_time\" content=\"2026-04-29T04:40:50+00:00\" \/>\n<meta property=\"og:image\" content=\"https:\/\/www.eldiario.net\/portal\/wp-content\/uploads\/2026\/04\/FOTO-1-1-2.webp\" \/>\n\t<meta property=\"og:image:width\" content=\"1280\" \/>\n\t<meta property=\"og:image:height\" content=\"961\" \/>\n\t<meta property=\"og:image:type\" content=\"image\/webp\" \/>\n<meta name=\"author\" content=\"Jeanette\" \/>\n<meta name=\"twitter:card\" content=\"summary_large_image\" \/>\n<meta name=\"twitter:creator\" content=\"@eldiario_net\" \/>\n<meta name=\"twitter:site\" content=\"@eldiario_net\" \/>\n<meta name=\"twitter:label1\" content=\"Escrito por\" \/>\n\t<meta name=\"twitter:data1\" content=\"Jeanette\" \/>\n\t<meta name=\"twitter:label2\" content=\"Tiempo de lectura\" \/>\n\t<meta name=\"twitter:data2\" content=\"2 minutos\" \/>\n<script type=\"application\/ld+json\" class=\"yoast-schema-graph\">{\"@context\":\"https:\\\/\\\/schema.org\",\"@graph\":[{\"@type\":\"Article\",\"@id\":\"https:\\\/\\\/www.eldiario.net\\\/portal\\\/2026\\\/04\\\/29\\\/musica-y-naturaleza\\\/#article\",\"isPartOf\":{\"@id\":\"https:\\\/\\\/www.eldiario.net\\\/portal\\\/2026\\\/04\\\/29\\\/musica-y-naturaleza\\\/\"},\"author\":{\"name\":\"Jeanette\",\"@id\":\"https:\\\/\\\/www.eldiario.net\\\/portal\\\/#\\\/schema\\\/person\\\/f46445640444750d7d753ccd04ae01b7\"},\"headline\":\"M\u00fasica y naturaleza\",\"datePublished\":\"2026-04-29T04:40:50+00:00\",\"mainEntityOfPage\":{\"@id\":\"https:\\\/\\\/www.eldiario.net\\\/portal\\\/2026\\\/04\\\/29\\\/musica-y-naturaleza\\\/\"},\"wordCount\":431,\"publisher\":{\"@id\":\"https:\\\/\\\/www.eldiario.net\\\/portal\\\/#organization\"},\"image\":{\"@id\":\"https:\\\/\\\/www.eldiario.net\\\/portal\\\/2026\\\/04\\\/29\\\/musica-y-naturaleza\\\/#primaryimage\"},\"thumbnailUrl\":\"https:\\\/\\\/www.eldiario.net\\\/portal\\\/wp-content\\\/uploads\\\/2026\\\/04\\\/FOTO-1-1-2.webp\",\"articleSection\":[\"Cultural\"],\"inLanguage\":\"es\"},{\"@type\":\"WebPage\",\"@id\":\"https:\\\/\\\/www.eldiario.net\\\/portal\\\/2026\\\/04\\\/29\\\/musica-y-naturaleza\\\/\",\"url\":\"https:\\\/\\\/www.eldiario.net\\\/portal\\\/2026\\\/04\\\/29\\\/musica-y-naturaleza\\\/\",\"name\":\"M\u00fasica y naturaleza - El Diario - Bolivia\",\"isPartOf\":{\"@id\":\"https:\\\/\\\/www.eldiario.net\\\/portal\\\/#website\"},\"primaryImageOfPage\":{\"@id\":\"https:\\\/\\\/www.eldiario.net\\\/portal\\\/2026\\\/04\\\/29\\\/musica-y-naturaleza\\\/#primaryimage\"},\"image\":{\"@id\":\"https:\\\/\\\/www.eldiario.net\\\/portal\\\/2026\\\/04\\\/29\\\/musica-y-naturaleza\\\/#primaryimage\"},\"thumbnailUrl\":\"https:\\\/\\\/www.eldiario.net\\\/portal\\\/wp-content\\\/uploads\\\/2026\\\/04\\\/FOTO-1-1-2.webp\",\"datePublished\":\"2026-04-29T04:40:50+00:00\",\"breadcrumb\":{\"@id\":\"https:\\\/\\\/www.eldiario.net\\\/portal\\\/2026\\\/04\\\/29\\\/musica-y-naturaleza\\\/#breadcrumb\"},\"inLanguage\":\"es\",\"potentialAction\":[{\"@type\":\"ReadAction\",\"target\":[\"https:\\\/\\\/www.eldiario.net\\\/portal\\\/2026\\\/04\\\/29\\\/musica-y-naturaleza\\\/\"]}]},{\"@type\":\"ImageObject\",\"inLanguage\":\"es\",\"@id\":\"https:\\\/\\\/www.eldiario.net\\\/portal\\\/2026\\\/04\\\/29\\\/musica-y-naturaleza\\\/#primaryimage\",\"url\":\"https:\\\/\\\/www.eldiario.net\\\/portal\\\/wp-content\\\/uploads\\\/2026\\\/04\\\/FOTO-1-1-2.webp\",\"contentUrl\":\"https:\\\/\\\/www.eldiario.net\\\/portal\\\/wp-content\\\/uploads\\\/2026\\\/04\\\/FOTO-1-1-2.webp\",\"width\":1280,\"height\":961},{\"@type\":\"BreadcrumbList\",\"@id\":\"https:\\\/\\\/www.eldiario.net\\\/portal\\\/2026\\\/04\\\/29\\\/musica-y-naturaleza\\\/#breadcrumb\",\"itemListElement\":[{\"@type\":\"ListItem\",\"position\":1,\"name\":\"Portada\",\"item\":\"https:\\\/\\\/www.eldiario.net\\\/portal\\\/\"},{\"@type\":\"ListItem\",\"position\":2,\"name\":\"M\u00fasica y naturaleza\"}]},{\"@type\":\"WebSite\",\"@id\":\"https:\\\/\\\/www.eldiario.net\\\/portal\\\/#website\",\"url\":\"https:\\\/\\\/www.eldiario.net\\\/portal\\\/\",\"name\":\"El Diario - Decano de la prensa nacional\",\"description\":\"El Diario - Decano de la prensa nacional\",\"publisher\":{\"@id\":\"https:\\\/\\\/www.eldiario.net\\\/portal\\\/#organization\"},\"potentialAction\":[{\"@type\":\"SearchAction\",\"target\":{\"@type\":\"EntryPoint\",\"urlTemplate\":\"https:\\\/\\\/www.eldiario.net\\\/portal\\\/?s={search_term_string}\"},\"query-input\":{\"@type\":\"PropertyValueSpecification\",\"valueRequired\":true,\"valueName\":\"search_term_string\"}}],\"inLanguage\":\"es\"},{\"@type\":\"Organization\",\"@id\":\"https:\\\/\\\/www.eldiario.net\\\/portal\\\/#organization\",\"name\":\"El Diario - Decano de la prensa nacional\",\"url\":\"https:\\\/\\\/www.eldiario.net\\\/portal\\\/\",\"logo\":{\"@type\":\"ImageObject\",\"inLanguage\":\"es\",\"@id\":\"https:\\\/\\\/www.eldiario.net\\\/portal\\\/#\\\/schema\\\/logo\\\/image\\\/\",\"url\":\"https:\\\/\\\/www.eldiario.net\\\/portal\\\/wp-content\\\/uploads\\\/2023\\\/07\\\/logo_ED.jpg\",\"contentUrl\":\"https:\\\/\\\/www.eldiario.net\\\/portal\\\/wp-content\\\/uploads\\\/2023\\\/07\\\/logo_ED.jpg\",\"width\":272,\"height\":52,\"caption\":\"El Diario - Decano de la prensa nacional\"},\"image\":{\"@id\":\"https:\\\/\\\/www.eldiario.net\\\/portal\\\/#\\\/schema\\\/logo\\\/image\\\/\"},\"sameAs\":[\"https:\\\/\\\/www.facebook.com\\\/eldiario.bolivia\\\/\",\"https:\\\/\\\/x.com\\\/eldiario_net\"]},{\"@type\":\"Person\",\"@id\":\"https:\\\/\\\/www.eldiario.net\\\/portal\\\/#\\\/schema\\\/person\\\/f46445640444750d7d753ccd04ae01b7\",\"name\":\"Jeanette\",\"image\":{\"@type\":\"ImageObject\",\"inLanguage\":\"es\",\"@id\":\"https:\\\/\\\/secure.gravatar.com\\\/avatar\\\/3ea2118a5f7dad2b7138b1187a6b7ee55f160b9968b66013c3a3ef39dd7e5798?s=96&d=mm&r=g\",\"url\":\"https:\\\/\\\/secure.gravatar.com\\\/avatar\\\/3ea2118a5f7dad2b7138b1187a6b7ee55f160b9968b66013c3a3ef39dd7e5798?s=96&d=mm&r=g\",\"contentUrl\":\"https:\\\/\\\/secure.gravatar.com\\\/avatar\\\/3ea2118a5f7dad2b7138b1187a6b7ee55f160b9968b66013c3a3ef39dd7e5798?s=96&d=mm&r=g\",\"caption\":\"Jeanette\"},\"sameAs\":[\"https:\\\/\\\/www.eldiario.net\\\/portal\"],\"url\":\"https:\\\/\\\/www.eldiario.net\\\/portal\\\/author\\\/jeanette\\\/\"}]}<\/script>\n<!-- \/ Yoast SEO plugin. -->","yoast_head_json":{"title":"M\u00fasica y naturaleza - El Diario - Bolivia","robots":{"index":"index","follow":"follow","max-snippet":"max-snippet:-1","max-image-preview":"max-image-preview:large","max-video-preview":"max-video-preview:-1"},"canonical":"https:\/\/www.eldiario.net\/portal\/2026\/04\/29\/musica-y-naturaleza\/","og_locale":"es_ES","og_type":"article","og_title":"M\u00fasica y naturaleza - El Diario - Bolivia","og_description":"D\u00eda antes de la inauguraci\u00f3n del XV Festival Internacional de M\u00fasica Renacentista y Barroca Americana \u201cMisiones de Chiquitos\u201d, organizado por APAC en Santa Cruz, la comunidad de San Javier fue escenario de un acto hist\u00f3rico que uni\u00f3 m\u00fasica, naturaleza y compromiso institucional: la creaci\u00f3n del Bosque Sinfon\u00eda, un espacio de reforestaci\u00f3n impulsado por la Embajada [&hellip;]","og_url":"https:\/\/www.eldiario.net\/portal\/2026\/04\/29\/musica-y-naturaleza\/","og_site_name":"El Diario - Bolivia","article_publisher":"https:\/\/www.facebook.com\/eldiario.bolivia\/","article_published_time":"2026-04-29T04:40:50+00:00","og_image":[{"width":1280,"height":961,"url":"https:\/\/www.eldiario.net\/portal\/wp-content\/uploads\/2026\/04\/FOTO-1-1-2.webp","type":"image\/webp"}],"author":"Jeanette","twitter_card":"summary_large_image","twitter_creator":"@eldiario_net","twitter_site":"@eldiario_net","twitter_misc":{"Escrito por":"Jeanette","Tiempo de lectura":"2 minutos"},"schema":{"@context":"https:\/\/schema.org","@graph":[{"@type":"Article","@id":"https:\/\/www.eldiario.net\/portal\/2026\/04\/29\/musica-y-naturaleza\/#article","isPartOf":{"@id":"https:\/\/www.eldiario.net\/portal\/2026\/04\/29\/musica-y-naturaleza\/"},"author":{"name":"Jeanette","@id":"https:\/\/www.eldiario.net\/portal\/#\/schema\/person\/f46445640444750d7d753ccd04ae01b7"},"headline":"M\u00fasica y naturaleza","datePublished":"2026-04-29T04:40:50+00:00","mainEntityOfPage":{"@id":"https:\/\/www.eldiario.net\/portal\/2026\/04\/29\/musica-y-naturaleza\/"},"wordCount":431,"publisher":{"@id":"https:\/\/www.eldiario.net\/portal\/#organization"},"image":{"@id":"https:\/\/www.eldiario.net\/portal\/2026\/04\/29\/musica-y-naturaleza\/#primaryimage"},"thumbnailUrl":"https:\/\/www.eldiario.net\/portal\/wp-content\/uploads\/2026\/04\/FOTO-1-1-2.webp","articleSection":["Cultural"],"inLanguage":"es"},{"@type":"WebPage","@id":"https:\/\/www.eldiario.net\/portal\/2026\/04\/29\/musica-y-naturaleza\/","url":"https:\/\/www.eldiario.net\/portal\/2026\/04\/29\/musica-y-naturaleza\/","name":"M\u00fasica y naturaleza - El Diario - Bolivia","isPartOf":{"@id":"https:\/\/www.eldiario.net\/portal\/#website"},"primaryImageOfPage":{"@id":"https:\/\/www.eldiario.net\/portal\/2026\/04\/29\/musica-y-naturaleza\/#primaryimage"},"image":{"@id":"https:\/\/www.eldiario.net\/portal\/2026\/04\/29\/musica-y-naturaleza\/#primaryimage"},"thumbnailUrl":"https:\/\/www.eldiario.net\/portal\/wp-content\/uploads\/2026\/04\/FOTO-1-1-2.webp","datePublished":"2026-04-29T04:40:50+00:00","breadcrumb":{"@id":"https:\/\/www.eldiario.net\/portal\/2026\/04\/29\/musica-y-naturaleza\/#breadcrumb"},"inLanguage":"es","potentialAction":[{"@type":"ReadAction","target":["https:\/\/www.eldiario.net\/portal\/2026\/04\/29\/musica-y-naturaleza\/"]}]},{"@type":"ImageObject","inLanguage":"es","@id":"https:\/\/www.eldiario.net\/portal\/2026\/04\/29\/musica-y-naturaleza\/#primaryimage","url":"https:\/\/www.eldiario.net\/portal\/wp-content\/uploads\/2026\/04\/FOTO-1-1-2.webp","contentUrl":"https:\/\/www.eldiario.net\/portal\/wp-content\/uploads\/2026\/04\/FOTO-1-1-2.webp","width":1280,"height":961},{"@type":"BreadcrumbList","@id":"https:\/\/www.eldiario.net\/portal\/2026\/04\/29\/musica-y-naturaleza\/#breadcrumb","itemListElement":[{"@type":"ListItem","position":1,"name":"Portada","item":"https:\/\/www.eldiario.net\/portal\/"},{"@type":"ListItem","position":2,"name":"M\u00fasica y naturaleza"}]},{"@type":"WebSite","@id":"https:\/\/www.eldiario.net\/portal\/#website","url":"https:\/\/www.eldiario.net\/portal\/","name":"El Diario - Decano de la prensa nacional","description":"El Diario - Decano de la prensa nacional","publisher":{"@id":"https:\/\/www.eldiario.net\/portal\/#organization"},"potentialAction":[{"@type":"SearchAction","target":{"@type":"EntryPoint","urlTemplate":"https:\/\/www.eldiario.net\/portal\/?s={search_term_string}"},"query-input":{"@type":"PropertyValueSpecification","valueRequired":true,"valueName":"search_term_string"}}],"inLanguage":"es"},{"@type":"Organization","@id":"https:\/\/www.eldiario.net\/portal\/#organization","name":"El Diario - Decano de la prensa nacional","url":"https:\/\/www.eldiario.net\/portal\/","logo":{"@type":"ImageObject","inLanguage":"es","@id":"https:\/\/www.eldiario.net\/portal\/#\/schema\/logo\/image\/","url":"https:\/\/www.eldiario.net\/portal\/wp-content\/uploads\/2023\/07\/logo_ED.jpg","contentUrl":"https:\/\/www.eldiario.net\/portal\/wp-content\/uploads\/2023\/07\/logo_ED.jpg","width":272,"height":52,"caption":"El Diario - Decano de la prensa nacional"},"image":{"@id":"https:\/\/www.eldiario.net\/portal\/#\/schema\/logo\/image\/"},"sameAs":["https:\/\/www.facebook.com\/eldiario.bolivia\/","https:\/\/x.com\/eldiario_net"]},{"@type":"Person","@id":"https:\/\/www.eldiario.net\/portal\/#\/schema\/person\/f46445640444750d7d753ccd04ae01b7","name":"Jeanette","image":{"@type":"ImageObject","inLanguage":"es","@id":"https:\/\/secure.gravatar.com\/avatar\/3ea2118a5f7dad2b7138b1187a6b7ee55f160b9968b66013c3a3ef39dd7e5798?s=96&d=mm&r=g","url":"https:\/\/secure.gravatar.com\/avatar\/3ea2118a5f7dad2b7138b1187a6b7ee55f160b9968b66013c3a3ef39dd7e5798?s=96&d=mm&r=g","contentUrl":"https:\/\/secure.gravatar.com\/avatar\/3ea2118a5f7dad2b7138b1187a6b7ee55f160b9968b66013c3a3ef39dd7e5798?s=96&d=mm&r=g","caption":"Jeanette"},"sameAs":["https:\/\/www.eldiario.net\/portal"],"url":"https:\/\/www.eldiario.net\/portal\/author\/jeanette\/"}]}},"_links":{"self":[{"href":"https:\/\/www.eldiario.net\/portal\/wp-json\/wp\/v2\/posts\/389446","targetHints":{"allow":["GET"]}}],"collection":[{"href":"https:\/\/www.eldiario.net\/portal\/wp-json\/wp\/v2\/posts"}],"about":[{"href":"https:\/\/www.eldiario.net\/portal\/wp-json\/wp\/v2\/types\/post"}],"author":[{"embeddable":true,"href":"https:\/\/www.eldiario.net\/portal\/wp-json\/wp\/v2\/users\/1"}],"replies":[{"embeddable":true,"href":"https:\/\/www.eldiario.net\/portal\/wp-json\/wp\/v2\/comments?post=389446"}],"version-history":[{"count":1,"href":"https:\/\/www.eldiario.net\/portal\/wp-json\/wp\/v2\/posts\/389446\/revisions"}],"predecessor-version":[{"id":389452,"href":"https:\/\/www.eldiario.net\/portal\/wp-json\/wp\/v2\/posts\/389446\/revisions\/389452"}],"wp:featuredmedia":[{"embeddable":true,"href":"https:\/\/www.eldiario.net\/portal\/wp-json\/wp\/v2\/media\/389447"}],"wp:attachment":[{"href":"https:\/\/www.eldiario.net\/portal\/wp-json\/wp\/v2\/media?parent=389446"}],"wp:term":[{"taxonomy":"category","embeddable":true,"href":"https:\/\/www.eldiario.net\/portal\/wp-json\/wp\/v2\/categories?post=389446"},{"taxonomy":"post_tag","embeddable":true,"href":"https:\/\/www.eldiario.net\/portal\/wp-json\/wp\/v2\/tags?post=389446"}],"curies":[{"name":"wp","href":"https:\/\/api.w.org\/{rel}","templated":true}]}}