{"id":389441,"date":"2026-04-29T00:34:37","date_gmt":"2026-04-29T04:34:37","guid":{"rendered":"https:\/\/www.eldiario.net\/portal\/?p=389441"},"modified":"2026-04-28T21:36:11","modified_gmt":"2026-04-29T01:36:11","slug":"deanna-canedo-patino-el-proposito-se-vuelve-real-cuando-se-vuelve-exigente","status":"publish","type":"post","link":"https:\/\/www.eldiario.net\/portal\/2026\/04\/29\/deanna-canedo-patino-el-proposito-se-vuelve-real-cuando-se-vuelve-exigente\/","title":{"rendered":"Deanna Canedo Pati\u00f1o: \u00abEl prop\u00f3sito se vuelve real cuando se vuelve exigente\u00bb"},"content":{"rendered":"<p>Por Susana Guti\u00e9rrez<\/p>\n<p>El espacio cultural BNB Art fue el escenario del conversatorio \u201cEl superpoder del prop\u00f3sito\u201d, un encuentro que, en el marco de la exhibici\u00f3n \u201cKat\u00fan\u201d de Kirah Design, reuni\u00f3 a voces influyentes para reflexionar sobre la fuerza que impulsa las decisiones personales y profesionales. Entre las panelistas estuvo Deanna Canedo Pati\u00f1o, l\u00edder de la emblem\u00e1tica House of BCP, quien comparti\u00f3 c\u00f3mo el prop\u00f3sito ha sido el eje transformador de su carrera.<\/p>\n<p>A diez a\u00f1os de haber asumido el mando de una de las casas de moda m\u00e1s hist\u00f3ricas de Bolivia, Canedo convers\u00f3 con Femenina sobre c\u00f3mo ha evolucionado su visi\u00f3n de una herencia familiar basada en la excelencia hacia una narrativa contempor\u00e1nea, donde el material noble y el arte invisible de la costura definen el lujo boliviano ante el mundo.<\/p>\n<p>Para Deanna, el prop\u00f3sito no es un concepto abstracto, sino una disciplina diaria que se enfrenta a la inmediatez del mercado global, priorizando la resiliencia y la identidad sobre las tendencias ef\u00edmeras. A continuaci\u00f3n, los puntos m\u00e1s destacados de esta charla sobre liderazgo, legado y el futuro de la moda con sentido.<\/p>\n<p><strong>\u00bfcu\u00e1l es el prop\u00f3sito que te levanta cada ma\u00f1ana y c\u00f3mo ha evolucionado desde que asumiste el mando de House of BCP?<\/strong><\/p>\n<p><strong>DCP:<\/strong> Mi prop\u00f3sito es revelar el verdadero valor de lo invisible, ese arte invisible de la alta costura. Cada ma\u00f1ana me levanta la convicci\u00f3n de que Bolivia tiene una riqueza material y cultural que a\u00fan no ha sido elevada a su m\u00e1xima expresi\u00f3n.<\/p>\n<p>Cuando asum\u00ed House of BCP, hace ya 10 a\u00f1os, ese prop\u00f3sito era m\u00e1s intuitivo; hoy es una decisi\u00f3n consciente: elevar una maison que traduzca el alma de nuestros textiles nobles en una experiencia de lujo verdadero, con identidad y profundidad.<\/p>\n<p><strong>En el panel se habl\u00f3 de que el prop\u00f3sito es una \u00abfuerza transformadora\u00bb. \u00bfEn qu\u00e9 momento sentiste que tus decisiones profesionales dejaron de ser puramente est\u00e9ticas o comerciales para alinearse con un prop\u00f3sito m\u00e1s profundo?<\/strong><\/p>\n<p><strong>DCP:<\/strong> Hubo un punto de quiebre cuando entend\u00ed que la est\u00e9tica, por s\u00ed sola, no sostiene nada en el tiempo.\u00a0 Desde muy temprana edad tuve el privilegio de presenciar c\u00f3mo para nuestra Fundadora, transform\u00f3 el poder de una marca, de una empresa y de un pa\u00eds en una herramienta de cambio: social, econ\u00f3mico e inclusive pol\u00edtico a trav\u00e9s de la diplomacia cultural.\u00a0 De este ejemplo pionero y visionario se crearon los valores de House of BCP \u2013 al ser el referente en la alta costura de cam\u00e9lidos, es una responsabilidad para nosotros ser una fuerza transformadora.<\/p>\n<p><strong>Al ser representante de la moda boliviana, \u00bfc\u00f3mo logras que el \u00abprop\u00f3sito\u00bb no se quede en un eslogan y se refleje realmente en cada prenda que sale de tu taller?<\/strong><\/p>\n<p><strong>DCP:<\/strong> El prop\u00f3sito se vuelve real cuando se vuelve exigente. En House of BCP est\u00e1 en cada decisi\u00f3n: desde el origen del material, el tiempo que toma una prenda, hasta el est\u00e1ndar de confecci\u00f3n a mano. No es discurso, es disciplina. Cada pieza debe sostener ese prop\u00f3sito sin explicarlo.<\/p>\n<p><strong>Tu casa de moda tiene un legado familiar inmenso. \u00bfC\u00f3mo se equilibra el prop\u00f3sito personal de Deanna Canedo con el prop\u00f3sito hist\u00f3rico que estableci\u00f3 tu familia?<\/strong><\/p>\n<p><strong>DCP:<\/strong> El legado no se replica, se interpreta. Mi responsabilidad ha sido honrar esa base, pero tambi\u00e9n evolucionarla. El prop\u00f3sito hist\u00f3rico de mi familia es la excelencia; el m\u00edo es llevar esa excelencia hacia una narrativa contempor\u00e1nea, donde Bolivia no solo participa, sino define.<\/p>\n<p><strong>El evento se realiz\u00f3 en el marco de la exhibici\u00f3n \u201cKat\u00fan\u201d de Kirah Design, que trabaja mucho con la identidad y los materiales. \u00bfC\u00f3mo dialoga la visi\u00f3n de House of BCP con esta b\u00fasqueda de sostenibilidad y valorizaci\u00f3n de lo boliviano?<\/strong><\/p>\n<p><strong>DCP:<\/strong> Hay un di\u00e1logo muy natural. Lo que hace Gabriela Flores, fundadora de Kirah desde la identidad y los materiales conecta profundamente con nuestra visi\u00f3n: no hay lujo sin origen. La sostenibilidad para nosotros no es una tendencia, es una consecuencia de trabajar con respeto hacia la materia, el artesano, el tiempo y el territorio.<\/p>\n<p><strong>Compartiste panel con mujeres l\u00edderes como Lilian Choque y Gabriela Flores. \u00bfQu\u00e9 \u00absuperpoder\u00bb identificas en la mujer boliviana actual que est\u00e1 emprendiendo desde el prop\u00f3sito?<\/strong><\/p>\n<p><strong>DCP:<\/strong> La mujer boliviana tiene un superpoder muy claro: la resiliencia con visi\u00f3n.<\/p>\n<p>Hoy vemos mujeres que no solo emprenden, sino que lo hacen desde una conciencia profunda de qui\u00e9nes son y qu\u00e9 representan. Eso cambia completamente la manera en que se construyen proyectos.<\/p>\n<p><strong>\u00bfCu\u00e1l es el mayor desaf\u00edo de mantener un negocio basado en valores en un mercado global que muchas veces prioriza la inmediatez y el bajo costo (fast fashion)?<\/strong><\/p>\n<p><strong>DCP:<\/strong> El mayor desaf\u00edo es sostener el tiempo. El lujo verdadero requiere tiempo, mientras el mercado exige inmediatez. Nuestra decisi\u00f3n ha sido no competir en velocidad, sino en profundidad. No es el camino f\u00e1cil, pero es el \u00fanico que construye valor real y agregado.<\/p>\n<p><strong>Si tuvieras que darle una \u00abherramienta de prop\u00f3sito\u00bb (como mencionaba el evento) a un joven dise\u00f1ador o emprendedor que est\u00e1 empezando en Bolivia, \u00bfcu\u00e1l ser\u00eda?<\/strong><\/p>\n<p><strong>DCP:<\/strong> Les dir\u00eda: \u00a1si se puede! Creer en uno mismo es el motor de nuestros sue\u00f1os, al creer en nosotros mismos, otros crear\u00e1n en ti y en tu sue\u00f1o. Cuando eso est\u00e1 claro, todas las decisiones \u2014creativas, comerciales, personales\u2014 se alinean.<\/p>\n<p><strong>\u00bfC\u00f3mo se ve el futuro de la moda boliviana cuando se dise\u00f1a con un prop\u00f3sito claro?<\/strong><\/p>\n<p><strong>DCP:<\/strong> El futuro de la moda boliviana, con prop\u00f3sito, es profundamente poderoso.<\/p>\n<p>No como una r\u00e9plica de otros mercados, sino como una propuesta \u00fanica. Cuando dise\u00f1amos desde lo que somos, con excelencia, dejamos de seguir tendencias y empezamos a crear.<\/p>\n\r\n                <style type=\"text\/css\">\r\n                    \r\n                    #tdi_1  .td-doubleSlider-2 .td-item1 {\r\n                        background: url(https:\/\/www.eldiario.net\/portal\/wp-content\/uploads\/2026\/04\/NOTA-1-FOTO-2-3-80x60.webp) 0 0 no-repeat;\r\n                    }\r\n                    #tdi_1  .td-doubleSlider-2 .td-item2 {\r\n                        background: url(https:\/\/www.eldiario.net\/portal\/wp-content\/uploads\/2026\/04\/NOTA-1-FOTO-3-2-80x60.webp) 0 0 no-repeat;\r\n                    }\r\n                    #tdi_1  .td-doubleSlider-2 .td-item3 {\r\n                        background: url(https:\/\/www.eldiario.net\/portal\/wp-content\/uploads\/2026\/04\/NOTA-1-FOTO-1-3-80x60.webp) 0 0 no-repeat;\r\n                    }\r\n                <\/style>\r\n\r\n                <div id=\"tdi_1\" class=\"td-gallery td-slide-on-2-columns\">\r\n                    <div class=\"post_td_gallery\">\r\n                        <div class=\"td-gallery-slide-top\">\r\n                           <div class=\"td-gallery-title\"><\/div>\r\n\r\n                            <div class=\"td-gallery-controls-wrapper\">\r\n                                <div class=\"td-gallery-slide-count\"><span class=\"td-gallery-slide-item-focus\">1<\/span> de 3<\/div>\r\n                                <div class=\"td-gallery-slide-prev-next-but\">\r\n                                    <i class = \"td-icon-left doubleSliderPrevButton\"><\/i>\r\n                                    <i class = \"td-icon-right doubleSliderNextButton\"><\/i>\r\n                                <\/div>\r\n                            <\/div>\r\n                        <\/div>\r\n\r\n                        <div class = \"td-doubleSlider-1 \">\r\n                            <div class = \"td-slider\">\r\n                                \r\n                    <div class = \"td-slide-item td-item1\">\r\n                        <figure class=\"td-slide-galery-figure td-slide-popup-gallery\">\r\n                            <a class=\"slide-gallery-image-link\" href=\"https:\/\/www.eldiario.net\/portal\/wp-content\/uploads\/2026\/04\/NOTA-1-FOTO-2-3.webp\" title=\"NOTA 1 FOTO 2\"  data-caption=\"JULIAN VARGAS, (MODERADOR CIE), DEANNA CANEDO PATI\u00d1O (HOUSE OF BCP), LILIAN CHOQUE (CAMEBOL LA PAZ) Y GABRIELA FLORES (KIRAH DESIGN).\"  data-description=\"\">\r\n                                <img decoding=\"async\" src=\"https:\/\/www.eldiario.net\/portal\/wp-content\/uploads\/2026\/04\/NOTA-1-FOTO-2-3-630x420.webp\" srcset=\"https:\/\/www.eldiario.net\/portal\/wp-content\/uploads\/2026\/04\/NOTA-1-FOTO-2-3-630x420.webp 630w, https:\/\/www.eldiario.net\/portal\/wp-content\/uploads\/2026\/04\/NOTA-1-FOTO-2-3-300x200.webp 300w, https:\/\/www.eldiario.net\/portal\/wp-content\/uploads\/2026\/04\/NOTA-1-FOTO-2-3-768x512.webp 768w, https:\/\/www.eldiario.net\/portal\/wp-content\/uploads\/2026\/04\/NOTA-1-FOTO-2-3-150x100.webp 150w, https:\/\/www.eldiario.net\/portal\/wp-content\/uploads\/2026\/04\/NOTA-1-FOTO-2-3-696x464.webp 696w, https:\/\/www.eldiario.net\/portal\/wp-content\/uploads\/2026\/04\/NOTA-1-FOTO-2-3.webp 1000w\" sizes=\"(max-width: 630px) 100vw, 630px\" alt=\"\">\r\n                            <\/a>\r\n                            <figcaption class = \"td-slide-caption td-gallery-slide-content\"><div class = \"td-gallery-slide-copywrite\">JULIAN VARGAS, (MODERADOR CIE), DEANNA CANEDO PATI\u00d1O (HOUSE OF BCP), LILIAN CHOQUE (CAMEBOL LA PAZ) Y GABRIELA FLORES (KIRAH DESIGN).<\/div><\/figcaption>\r\n                        <\/figure>\r\n                    <\/div>\r\n                    <div class = \"td-slide-item td-item2\">\r\n                        <figure class=\"td-slide-galery-figure td-slide-popup-gallery\">\r\n                            <a class=\"slide-gallery-image-link\" href=\"https:\/\/www.eldiario.net\/portal\/wp-content\/uploads\/2026\/04\/NOTA-1-FOTO-3-2.webp\" title=\"NOTA 1 FOTO 3\"  data-caption=\"MUJERES L\u00cdDERES DE DIVERSOS SECTORES SE UNIERON EN EL CONVERSATORIO \u201cEL SUPERPODER DEL PROP\u00d3SITO\u201d PARA COMPARTIR EXPERIENCIAS SOBRE C\u00d3MO LA IDENTIDAD Y LOS VALORES TRANSFORMAN EL ENTORNO PROFESIONAL Y PERSONAL.\"  data-description=\"\">\r\n                                <img decoding=\"async\" src=\"https:\/\/www.eldiario.net\/portal\/wp-content\/uploads\/2026\/04\/NOTA-1-FOTO-3-2.webp\" srcset=\"https:\/\/www.eldiario.net\/portal\/wp-content\/uploads\/2026\/04\/NOTA-1-FOTO-3-2.webp 500w, https:\/\/www.eldiario.net\/portal\/wp-content\/uploads\/2026\/04\/NOTA-1-FOTO-3-2-300x134.webp 300w, https:\/\/www.eldiario.net\/portal\/wp-content\/uploads\/2026\/04\/NOTA-1-FOTO-3-2-150x67.webp 150w\" sizes=\"(max-width: 500px) 100vw, 500px\" alt=\"\">\r\n                            <\/a>\r\n                            <figcaption class = \"td-slide-caption td-gallery-slide-content\"><div class = \"td-gallery-slide-copywrite\">MUJERES L\u00cdDERES DE DIVERSOS SECTORES SE UNIERON EN EL CONVERSATORIO \u201cEL SUPERPODER DEL PROP\u00d3SITO\u201d PARA COMPARTIR EXPERIENCIAS SOBRE C\u00d3MO LA IDENTIDAD Y LOS VALORES TRANSFORMAN EL ENTORNO PROFESIONAL Y PERSONAL.<\/div><\/figcaption>\r\n                        <\/figure>\r\n                    <\/div>\r\n                    <div class = \"td-slide-item td-item3\">\r\n                        <figure class=\"td-slide-galery-figure td-slide-popup-gallery\">\r\n                            <a class=\"slide-gallery-image-link\" href=\"https:\/\/www.eldiario.net\/portal\/wp-content\/uploads\/2026\/04\/NOTA-1-FOTO-1-3.webp\" title=\"NOTA 1 FOTO 1\"  data-caption=\"DEANNA CANEDO PATI\u00d1O, DIRECTORA CREATIVA HOUSE OF BCP.\"  data-description=\"\">\r\n                                <img decoding=\"async\" src=\"https:\/\/www.eldiario.net\/portal\/wp-content\/uploads\/2026\/04\/NOTA-1-FOTO-1-3-630x420.webp\" srcset=\"https:\/\/www.eldiario.net\/portal\/wp-content\/uploads\/2026\/04\/NOTA-1-FOTO-1-3-630x420.webp 630w, https:\/\/www.eldiario.net\/portal\/wp-content\/uploads\/2026\/04\/NOTA-1-FOTO-1-3-300x200.webp 300w, https:\/\/www.eldiario.net\/portal\/wp-content\/uploads\/2026\/04\/NOTA-1-FOTO-1-3-768x512.webp 768w, https:\/\/www.eldiario.net\/portal\/wp-content\/uploads\/2026\/04\/NOTA-1-FOTO-1-3-150x100.webp 150w, https:\/\/www.eldiario.net\/portal\/wp-content\/uploads\/2026\/04\/NOTA-1-FOTO-1-3-696x464.webp 696w, https:\/\/www.eldiario.net\/portal\/wp-content\/uploads\/2026\/04\/NOTA-1-FOTO-1-3.webp 1000w\" sizes=\"(max-width: 630px) 100vw, 630px\" alt=\"\">\r\n                            <\/a>\r\n                            <figcaption class = \"td-slide-caption td-gallery-slide-content\"><div class = \"td-gallery-slide-copywrite\">DEANNA CANEDO PATI\u00d1O, DIRECTORA CREATIVA HOUSE OF BCP.<\/div><\/figcaption>\r\n                        <\/figure>\r\n                    <\/div>\r\n                            <\/div>\r\n                        <\/div>\r\n\r\n                        <div class = \"td-doubleSlider-2\">\r\n                            <div class = \"td-slider\">\r\n                                \r\n                    <div class = \"td-button td-item1\">\r\n                        <div class = \"td-border\"><\/div>\r\n                    <\/div>\r\n                    <div class = \"td-button td-item2\">\r\n                        <div class = \"td-border\"><\/div>\r\n                    <\/div>\r\n                    <div class = \"td-button td-item3\">\r\n                        <div class = \"td-border\"><\/div>\r\n                    <\/div>\r\n                            <\/div>\r\n                        <\/div>\r\n\r\n                    <\/div>\r\n\r\n                <\/div>\r\n                \n","protected":false},"excerpt":{"rendered":"<p>Por Susana Guti\u00e9rrez El espacio cultural BNB Art fue el escenario del conversatorio \u201cEl superpoder del prop\u00f3sito\u201d, un encuentro que, en el marco de la exhibici\u00f3n \u201cKat\u00fan\u201d de Kirah Design, reuni\u00f3 a voces influyentes para reflexionar sobre la fuerza que impulsa las decisiones personales y profesionales. Entre las panelistas estuvo Deanna Canedo Pati\u00f1o, l\u00edder de [&hellip;]<\/p>\n","protected":false},"author":1,"featured_media":389444,"comment_status":"closed","ping_status":"open","sticky":false,"template":"","format":"standard","meta":{"_acf_changed":false,"footnotes":""},"categories":[42],"tags":[],"class_list":["post-389441","post","type-post","status-publish","format-standard","has-post-thumbnail","category-femenina"],"acf":{"antetitulo":"El superpoder del prop\u00f3sito"},"yoast_head":"<!-- This site is optimized with the Yoast SEO plugin v28.4 - https:\/\/yoast.com\/product\/yoast-seo-wordpress\/ -->\n<title>Deanna Canedo Pati\u00f1o: &quot;El prop\u00f3sito se vuelve real cuando se vuelve exigente&quot; - El Diario - Bolivia<\/title>\n<meta name=\"robots\" content=\"index, follow, max-snippet:-1, max-image-preview:large, max-video-preview:-1\" \/>\n<link rel=\"canonical\" href=\"https:\/\/www.eldiario.net\/portal\/2026\/04\/29\/deanna-canedo-patino-el-proposito-se-vuelve-real-cuando-se-vuelve-exigente\/\" \/>\n<meta property=\"og:locale\" content=\"es_ES\" \/>\n<meta property=\"og:type\" content=\"article\" \/>\n<meta property=\"og:title\" content=\"Deanna Canedo Pati\u00f1o: &quot;El prop\u00f3sito se vuelve real cuando se vuelve exigente&quot; - El Diario - Bolivia\" \/>\n<meta property=\"og:description\" content=\"Por Susana Guti\u00e9rrez El espacio cultural BNB Art fue el escenario del conversatorio \u201cEl superpoder del prop\u00f3sito\u201d, un encuentro que, en el marco de la exhibici\u00f3n \u201cKat\u00fan\u201d de Kirah Design, reuni\u00f3 a voces influyentes para reflexionar sobre la fuerza que impulsa las decisiones personales y profesionales. Entre las panelistas estuvo Deanna Canedo Pati\u00f1o, l\u00edder de [&hellip;]\" \/>\n<meta property=\"og:url\" content=\"https:\/\/www.eldiario.net\/portal\/2026\/04\/29\/deanna-canedo-patino-el-proposito-se-vuelve-real-cuando-se-vuelve-exigente\/\" \/>\n<meta property=\"og:site_name\" content=\"El Diario - Bolivia\" \/>\n<meta property=\"article:publisher\" content=\"https:\/\/www.facebook.com\/eldiario.bolivia\/\" \/>\n<meta property=\"article:published_time\" content=\"2026-04-29T04:34:37+00:00\" \/>\n<meta property=\"og:image\" content=\"https:\/\/www.eldiario.net\/portal\/wp-content\/uploads\/2026\/04\/NOTA-1-FOTO-1-3.webp\" \/>\n\t<meta property=\"og:image:width\" content=\"1000\" \/>\n\t<meta property=\"og:image:height\" content=\"667\" \/>\n\t<meta property=\"og:image:type\" content=\"image\/webp\" \/>\n<meta name=\"author\" content=\"Jeanette\" \/>\n<meta name=\"twitter:card\" content=\"summary_large_image\" \/>\n<meta name=\"twitter:creator\" content=\"@eldiario_net\" \/>\n<meta name=\"twitter:site\" content=\"@eldiario_net\" \/>\n<meta name=\"twitter:label1\" content=\"Escrito por\" \/>\n\t<meta name=\"twitter:data1\" content=\"Jeanette\" \/>\n\t<meta name=\"twitter:label2\" content=\"Tiempo de lectura\" \/>\n\t<meta name=\"twitter:data2\" content=\"5 minutos\" \/>\n<script type=\"application\/ld+json\" class=\"yoast-schema-graph\">{\"@context\":\"https:\\\/\\\/schema.org\",\"@graph\":[{\"@type\":\"Article\",\"@id\":\"https:\\\/\\\/www.eldiario.net\\\/portal\\\/2026\\\/04\\\/29\\\/deanna-canedo-patino-el-proposito-se-vuelve-real-cuando-se-vuelve-exigente\\\/#article\",\"isPartOf\":{\"@id\":\"https:\\\/\\\/www.eldiario.net\\\/portal\\\/2026\\\/04\\\/29\\\/deanna-canedo-patino-el-proposito-se-vuelve-real-cuando-se-vuelve-exigente\\\/\"},\"author\":{\"name\":\"Jeanette\",\"@id\":\"https:\\\/\\\/www.eldiario.net\\\/portal\\\/#\\\/schema\\\/person\\\/f46445640444750d7d753ccd04ae01b7\"},\"headline\":\"Deanna Canedo Pati\u00f1o: \u00abEl prop\u00f3sito se vuelve real cuando se vuelve exigente\u00bb\",\"datePublished\":\"2026-04-29T04:34:37+00:00\",\"mainEntityOfPage\":{\"@id\":\"https:\\\/\\\/www.eldiario.net\\\/portal\\\/2026\\\/04\\\/29\\\/deanna-canedo-patino-el-proposito-se-vuelve-real-cuando-se-vuelve-exigente\\\/\"},\"wordCount\":1040,\"publisher\":{\"@id\":\"https:\\\/\\\/www.eldiario.net\\\/portal\\\/#organization\"},\"image\":{\"@id\":\"https:\\\/\\\/www.eldiario.net\\\/portal\\\/2026\\\/04\\\/29\\\/deanna-canedo-patino-el-proposito-se-vuelve-real-cuando-se-vuelve-exigente\\\/#primaryimage\"},\"thumbnailUrl\":\"https:\\\/\\\/www.eldiario.net\\\/portal\\\/wp-content\\\/uploads\\\/2026\\\/04\\\/NOTA-1-FOTO-1-3.webp\",\"articleSection\":[\"Femenina\"],\"inLanguage\":\"es\"},{\"@type\":\"WebPage\",\"@id\":\"https:\\\/\\\/www.eldiario.net\\\/portal\\\/2026\\\/04\\\/29\\\/deanna-canedo-patino-el-proposito-se-vuelve-real-cuando-se-vuelve-exigente\\\/\",\"url\":\"https:\\\/\\\/www.eldiario.net\\\/portal\\\/2026\\\/04\\\/29\\\/deanna-canedo-patino-el-proposito-se-vuelve-real-cuando-se-vuelve-exigente\\\/\",\"name\":\"Deanna Canedo Pati\u00f1o: \\\"El prop\u00f3sito se vuelve real cuando se vuelve exigente\\\" - El Diario - Bolivia\",\"isPartOf\":{\"@id\":\"https:\\\/\\\/www.eldiario.net\\\/portal\\\/#website\"},\"primaryImageOfPage\":{\"@id\":\"https:\\\/\\\/www.eldiario.net\\\/portal\\\/2026\\\/04\\\/29\\\/deanna-canedo-patino-el-proposito-se-vuelve-real-cuando-se-vuelve-exigente\\\/#primaryimage\"},\"image\":{\"@id\":\"https:\\\/\\\/www.eldiario.net\\\/portal\\\/2026\\\/04\\\/29\\\/deanna-canedo-patino-el-proposito-se-vuelve-real-cuando-se-vuelve-exigente\\\/#primaryimage\"},\"thumbnailUrl\":\"https:\\\/\\\/www.eldiario.net\\\/portal\\\/wp-content\\\/uploads\\\/2026\\\/04\\\/NOTA-1-FOTO-1-3.webp\",\"datePublished\":\"2026-04-29T04:34:37+00:00\",\"breadcrumb\":{\"@id\":\"https:\\\/\\\/www.eldiario.net\\\/portal\\\/2026\\\/04\\\/29\\\/deanna-canedo-patino-el-proposito-se-vuelve-real-cuando-se-vuelve-exigente\\\/#breadcrumb\"},\"inLanguage\":\"es\",\"potentialAction\":[{\"@type\":\"ReadAction\",\"target\":[\"https:\\\/\\\/www.eldiario.net\\\/portal\\\/2026\\\/04\\\/29\\\/deanna-canedo-patino-el-proposito-se-vuelve-real-cuando-se-vuelve-exigente\\\/\"]}]},{\"@type\":\"ImageObject\",\"inLanguage\":\"es\",\"@id\":\"https:\\\/\\\/www.eldiario.net\\\/portal\\\/2026\\\/04\\\/29\\\/deanna-canedo-patino-el-proposito-se-vuelve-real-cuando-se-vuelve-exigente\\\/#primaryimage\",\"url\":\"https:\\\/\\\/www.eldiario.net\\\/portal\\\/wp-content\\\/uploads\\\/2026\\\/04\\\/NOTA-1-FOTO-1-3.webp\",\"contentUrl\":\"https:\\\/\\\/www.eldiario.net\\\/portal\\\/wp-content\\\/uploads\\\/2026\\\/04\\\/NOTA-1-FOTO-1-3.webp\",\"width\":1000,\"height\":667,\"caption\":\"DEANNA CANEDO PATI\u00d1O, DIRECTORA CREATIVA HOUSE OF BCP.\"},{\"@type\":\"BreadcrumbList\",\"@id\":\"https:\\\/\\\/www.eldiario.net\\\/portal\\\/2026\\\/04\\\/29\\\/deanna-canedo-patino-el-proposito-se-vuelve-real-cuando-se-vuelve-exigente\\\/#breadcrumb\",\"itemListElement\":[{\"@type\":\"ListItem\",\"position\":1,\"name\":\"Portada\",\"item\":\"https:\\\/\\\/www.eldiario.net\\\/portal\\\/\"},{\"@type\":\"ListItem\",\"position\":2,\"name\":\"Deanna Canedo Pati\u00f1o: \u00abEl prop\u00f3sito se vuelve real cuando se vuelve exigente\u00bb\"}]},{\"@type\":\"WebSite\",\"@id\":\"https:\\\/\\\/www.eldiario.net\\\/portal\\\/#website\",\"url\":\"https:\\\/\\\/www.eldiario.net\\\/portal\\\/\",\"name\":\"El Diario - Decano de la prensa nacional\",\"description\":\"El Diario - Decano de la prensa nacional\",\"publisher\":{\"@id\":\"https:\\\/\\\/www.eldiario.net\\\/portal\\\/#organization\"},\"potentialAction\":[{\"@type\":\"SearchAction\",\"target\":{\"@type\":\"EntryPoint\",\"urlTemplate\":\"https:\\\/\\\/www.eldiario.net\\\/portal\\\/?s={search_term_string}\"},\"query-input\":{\"@type\":\"PropertyValueSpecification\",\"valueRequired\":true,\"valueName\":\"search_term_string\"}}],\"inLanguage\":\"es\"},{\"@type\":\"Organization\",\"@id\":\"https:\\\/\\\/www.eldiario.net\\\/portal\\\/#organization\",\"name\":\"El Diario - Decano de la prensa nacional\",\"url\":\"https:\\\/\\\/www.eldiario.net\\\/portal\\\/\",\"logo\":{\"@type\":\"ImageObject\",\"inLanguage\":\"es\",\"@id\":\"https:\\\/\\\/www.eldiario.net\\\/portal\\\/#\\\/schema\\\/logo\\\/image\\\/\",\"url\":\"https:\\\/\\\/www.eldiario.net\\\/portal\\\/wp-content\\\/uploads\\\/2023\\\/07\\\/logo_ED.jpg\",\"contentUrl\":\"https:\\\/\\\/www.eldiario.net\\\/portal\\\/wp-content\\\/uploads\\\/2023\\\/07\\\/logo_ED.jpg\",\"width\":272,\"height\":52,\"caption\":\"El Diario - Decano de la prensa nacional\"},\"image\":{\"@id\":\"https:\\\/\\\/www.eldiario.net\\\/portal\\\/#\\\/schema\\\/logo\\\/image\\\/\"},\"sameAs\":[\"https:\\\/\\\/www.facebook.com\\\/eldiario.bolivia\\\/\",\"https:\\\/\\\/x.com\\\/eldiario_net\"]},{\"@type\":\"Person\",\"@id\":\"https:\\\/\\\/www.eldiario.net\\\/portal\\\/#\\\/schema\\\/person\\\/f46445640444750d7d753ccd04ae01b7\",\"name\":\"Jeanette\",\"image\":{\"@type\":\"ImageObject\",\"inLanguage\":\"es\",\"@id\":\"https:\\\/\\\/secure.gravatar.com\\\/avatar\\\/3ea2118a5f7dad2b7138b1187a6b7ee55f160b9968b66013c3a3ef39dd7e5798?s=96&d=mm&r=g\",\"url\":\"https:\\\/\\\/secure.gravatar.com\\\/avatar\\\/3ea2118a5f7dad2b7138b1187a6b7ee55f160b9968b66013c3a3ef39dd7e5798?s=96&d=mm&r=g\",\"contentUrl\":\"https:\\\/\\\/secure.gravatar.com\\\/avatar\\\/3ea2118a5f7dad2b7138b1187a6b7ee55f160b9968b66013c3a3ef39dd7e5798?s=96&d=mm&r=g\",\"caption\":\"Jeanette\"},\"sameAs\":[\"https:\\\/\\\/www.eldiario.net\\\/portal\"],\"url\":\"https:\\\/\\\/www.eldiario.net\\\/portal\\\/author\\\/jeanette\\\/\"}]}<\/script>\n<!-- \/ Yoast SEO plugin. -->","yoast_head_json":{"title":"Deanna Canedo Pati\u00f1o: \"El prop\u00f3sito se vuelve real cuando se vuelve exigente\" - El Diario - Bolivia","robots":{"index":"index","follow":"follow","max-snippet":"max-snippet:-1","max-image-preview":"max-image-preview:large","max-video-preview":"max-video-preview:-1"},"canonical":"https:\/\/www.eldiario.net\/portal\/2026\/04\/29\/deanna-canedo-patino-el-proposito-se-vuelve-real-cuando-se-vuelve-exigente\/","og_locale":"es_ES","og_type":"article","og_title":"Deanna Canedo Pati\u00f1o: \"El prop\u00f3sito se vuelve real cuando se vuelve exigente\" - El Diario - Bolivia","og_description":"Por Susana Guti\u00e9rrez El espacio cultural BNB Art fue el escenario del conversatorio \u201cEl superpoder del prop\u00f3sito\u201d, un encuentro que, en el marco de la exhibici\u00f3n \u201cKat\u00fan\u201d de Kirah Design, reuni\u00f3 a voces influyentes para reflexionar sobre la fuerza que impulsa las decisiones personales y profesionales. Entre las panelistas estuvo Deanna Canedo Pati\u00f1o, l\u00edder de [&hellip;]","og_url":"https:\/\/www.eldiario.net\/portal\/2026\/04\/29\/deanna-canedo-patino-el-proposito-se-vuelve-real-cuando-se-vuelve-exigente\/","og_site_name":"El Diario - Bolivia","article_publisher":"https:\/\/www.facebook.com\/eldiario.bolivia\/","article_published_time":"2026-04-29T04:34:37+00:00","og_image":[{"width":1000,"height":667,"url":"https:\/\/www.eldiario.net\/portal\/wp-content\/uploads\/2026\/04\/NOTA-1-FOTO-1-3.webp","type":"image\/webp"}],"author":"Jeanette","twitter_card":"summary_large_image","twitter_creator":"@eldiario_net","twitter_site":"@eldiario_net","twitter_misc":{"Escrito por":"Jeanette","Tiempo de lectura":"5 minutos"},"schema":{"@context":"https:\/\/schema.org","@graph":[{"@type":"Article","@id":"https:\/\/www.eldiario.net\/portal\/2026\/04\/29\/deanna-canedo-patino-el-proposito-se-vuelve-real-cuando-se-vuelve-exigente\/#article","isPartOf":{"@id":"https:\/\/www.eldiario.net\/portal\/2026\/04\/29\/deanna-canedo-patino-el-proposito-se-vuelve-real-cuando-se-vuelve-exigente\/"},"author":{"name":"Jeanette","@id":"https:\/\/www.eldiario.net\/portal\/#\/schema\/person\/f46445640444750d7d753ccd04ae01b7"},"headline":"Deanna Canedo Pati\u00f1o: \u00abEl prop\u00f3sito se vuelve real cuando se vuelve exigente\u00bb","datePublished":"2026-04-29T04:34:37+00:00","mainEntityOfPage":{"@id":"https:\/\/www.eldiario.net\/portal\/2026\/04\/29\/deanna-canedo-patino-el-proposito-se-vuelve-real-cuando-se-vuelve-exigente\/"},"wordCount":1040,"publisher":{"@id":"https:\/\/www.eldiario.net\/portal\/#organization"},"image":{"@id":"https:\/\/www.eldiario.net\/portal\/2026\/04\/29\/deanna-canedo-patino-el-proposito-se-vuelve-real-cuando-se-vuelve-exigente\/#primaryimage"},"thumbnailUrl":"https:\/\/www.eldiario.net\/portal\/wp-content\/uploads\/2026\/04\/NOTA-1-FOTO-1-3.webp","articleSection":["Femenina"],"inLanguage":"es"},{"@type":"WebPage","@id":"https:\/\/www.eldiario.net\/portal\/2026\/04\/29\/deanna-canedo-patino-el-proposito-se-vuelve-real-cuando-se-vuelve-exigente\/","url":"https:\/\/www.eldiario.net\/portal\/2026\/04\/29\/deanna-canedo-patino-el-proposito-se-vuelve-real-cuando-se-vuelve-exigente\/","name":"Deanna Canedo Pati\u00f1o: \"El prop\u00f3sito se vuelve real cuando se vuelve exigente\" - El Diario - Bolivia","isPartOf":{"@id":"https:\/\/www.eldiario.net\/portal\/#website"},"primaryImageOfPage":{"@id":"https:\/\/www.eldiario.net\/portal\/2026\/04\/29\/deanna-canedo-patino-el-proposito-se-vuelve-real-cuando-se-vuelve-exigente\/#primaryimage"},"image":{"@id":"https:\/\/www.eldiario.net\/portal\/2026\/04\/29\/deanna-canedo-patino-el-proposito-se-vuelve-real-cuando-se-vuelve-exigente\/#primaryimage"},"thumbnailUrl":"https:\/\/www.eldiario.net\/portal\/wp-content\/uploads\/2026\/04\/NOTA-1-FOTO-1-3.webp","datePublished":"2026-04-29T04:34:37+00:00","breadcrumb":{"@id":"https:\/\/www.eldiario.net\/portal\/2026\/04\/29\/deanna-canedo-patino-el-proposito-se-vuelve-real-cuando-se-vuelve-exigente\/#breadcrumb"},"inLanguage":"es","potentialAction":[{"@type":"ReadAction","target":["https:\/\/www.eldiario.net\/portal\/2026\/04\/29\/deanna-canedo-patino-el-proposito-se-vuelve-real-cuando-se-vuelve-exigente\/"]}]},{"@type":"ImageObject","inLanguage":"es","@id":"https:\/\/www.eldiario.net\/portal\/2026\/04\/29\/deanna-canedo-patino-el-proposito-se-vuelve-real-cuando-se-vuelve-exigente\/#primaryimage","url":"https:\/\/www.eldiario.net\/portal\/wp-content\/uploads\/2026\/04\/NOTA-1-FOTO-1-3.webp","contentUrl":"https:\/\/www.eldiario.net\/portal\/wp-content\/uploads\/2026\/04\/NOTA-1-FOTO-1-3.webp","width":1000,"height":667,"caption":"DEANNA CANEDO PATI\u00d1O, DIRECTORA CREATIVA HOUSE OF BCP."},{"@type":"BreadcrumbList","@id":"https:\/\/www.eldiario.net\/portal\/2026\/04\/29\/deanna-canedo-patino-el-proposito-se-vuelve-real-cuando-se-vuelve-exigente\/#breadcrumb","itemListElement":[{"@type":"ListItem","position":1,"name":"Portada","item":"https:\/\/www.eldiario.net\/portal\/"},{"@type":"ListItem","position":2,"name":"Deanna Canedo Pati\u00f1o: \u00abEl prop\u00f3sito se vuelve real cuando se vuelve exigente\u00bb"}]},{"@type":"WebSite","@id":"https:\/\/www.eldiario.net\/portal\/#website","url":"https:\/\/www.eldiario.net\/portal\/","name":"El Diario - Decano de la prensa nacional","description":"El Diario - Decano de la prensa nacional","publisher":{"@id":"https:\/\/www.eldiario.net\/portal\/#organization"},"potentialAction":[{"@type":"SearchAction","target":{"@type":"EntryPoint","urlTemplate":"https:\/\/www.eldiario.net\/portal\/?s={search_term_string}"},"query-input":{"@type":"PropertyValueSpecification","valueRequired":true,"valueName":"search_term_string"}}],"inLanguage":"es"},{"@type":"Organization","@id":"https:\/\/www.eldiario.net\/portal\/#organization","name":"El Diario - Decano de la prensa nacional","url":"https:\/\/www.eldiario.net\/portal\/","logo":{"@type":"ImageObject","inLanguage":"es","@id":"https:\/\/www.eldiario.net\/portal\/#\/schema\/logo\/image\/","url":"https:\/\/www.eldiario.net\/portal\/wp-content\/uploads\/2023\/07\/logo_ED.jpg","contentUrl":"https:\/\/www.eldiario.net\/portal\/wp-content\/uploads\/2023\/07\/logo_ED.jpg","width":272,"height":52,"caption":"El Diario - Decano de la prensa nacional"},"image":{"@id":"https:\/\/www.eldiario.net\/portal\/#\/schema\/logo\/image\/"},"sameAs":["https:\/\/www.facebook.com\/eldiario.bolivia\/","https:\/\/x.com\/eldiario_net"]},{"@type":"Person","@id":"https:\/\/www.eldiario.net\/portal\/#\/schema\/person\/f46445640444750d7d753ccd04ae01b7","name":"Jeanette","image":{"@type":"ImageObject","inLanguage":"es","@id":"https:\/\/secure.gravatar.com\/avatar\/3ea2118a5f7dad2b7138b1187a6b7ee55f160b9968b66013c3a3ef39dd7e5798?s=96&d=mm&r=g","url":"https:\/\/secure.gravatar.com\/avatar\/3ea2118a5f7dad2b7138b1187a6b7ee55f160b9968b66013c3a3ef39dd7e5798?s=96&d=mm&r=g","contentUrl":"https:\/\/secure.gravatar.com\/avatar\/3ea2118a5f7dad2b7138b1187a6b7ee55f160b9968b66013c3a3ef39dd7e5798?s=96&d=mm&r=g","caption":"Jeanette"},"sameAs":["https:\/\/www.eldiario.net\/portal"],"url":"https:\/\/www.eldiario.net\/portal\/author\/jeanette\/"}]}},"_links":{"self":[{"href":"https:\/\/www.eldiario.net\/portal\/wp-json\/wp\/v2\/posts\/389441","targetHints":{"allow":["GET"]}}],"collection":[{"href":"https:\/\/www.eldiario.net\/portal\/wp-json\/wp\/v2\/posts"}],"about":[{"href":"https:\/\/www.eldiario.net\/portal\/wp-json\/wp\/v2\/types\/post"}],"author":[{"embeddable":true,"href":"https:\/\/www.eldiario.net\/portal\/wp-json\/wp\/v2\/users\/1"}],"replies":[{"embeddable":true,"href":"https:\/\/www.eldiario.net\/portal\/wp-json\/wp\/v2\/comments?post=389441"}],"version-history":[{"count":1,"href":"https:\/\/www.eldiario.net\/portal\/wp-json\/wp\/v2\/posts\/389441\/revisions"}],"predecessor-version":[{"id":389445,"href":"https:\/\/www.eldiario.net\/portal\/wp-json\/wp\/v2\/posts\/389441\/revisions\/389445"}],"wp:featuredmedia":[{"embeddable":true,"href":"https:\/\/www.eldiario.net\/portal\/wp-json\/wp\/v2\/media\/389444"}],"wp:attachment":[{"href":"https:\/\/www.eldiario.net\/portal\/wp-json\/wp\/v2\/media?parent=389441"}],"wp:term":[{"taxonomy":"category","embeddable":true,"href":"https:\/\/www.eldiario.net\/portal\/wp-json\/wp\/v2\/categories?post=389441"},{"taxonomy":"post_tag","embeddable":true,"href":"https:\/\/www.eldiario.net\/portal\/wp-json\/wp\/v2\/tags?post=389441"}],"curies":[{"name":"wp","href":"https:\/\/api.w.org\/{rel}","templated":true}]}}