{"id":389438,"date":"2026-04-29T00:33:39","date_gmt":"2026-04-29T04:33:39","guid":{"rendered":"https:\/\/www.eldiario.net\/portal\/?p=389438"},"modified":"2026-04-28T21:34:22","modified_gmt":"2026-04-29T01:34:22","slug":"como-mantener-vivas-las-amistades-en-la-adultez","status":"publish","type":"post","link":"https:\/\/www.eldiario.net\/portal\/2026\/04\/29\/como-mantener-vivas-las-amistades-en-la-adultez\/","title":{"rendered":"C\u00f3mo mantener vivas las amistades en la adultez"},"content":{"rendered":"<p>Por Susana Guti\u00e9rrez<\/p>\n<p>&nbsp;<\/p>\n<p>Hubo un tiempo en que la amistad era el centro de nuestra gravedad. En la universidad o en los primeros a\u00f1os de los veinte, los amigos eran la familia elegida con la que compart\u00edamos caf\u00e9s de tres horas, dramas existenciales y noches que terminaban al amanecer. Sin embargo, al cruzar la frontera de los 30 o 40 a\u00f1os, algo cambia: las agendas se vuelven campos de batalla y los \u00abtenemos que vernos\u00bb se convierten en promesas que flotan en el limbo de WhatsApp.<\/p>\n<p>&nbsp;<\/p>\n<p><strong>\u00bfPor qu\u00e9 es tan dif\u00edcil mantener el c\u00edrculo vivo y c\u00f3mo podemos evitar que la inercia nos aisle?<\/strong><\/p>\n<p>&nbsp;<\/p>\n<p><strong>La paradoja de la conexi\u00f3n permanente<\/strong><\/p>\n<p>Vivimos en la era de la hiperconectividad. Sabemos qu\u00e9 desayun\u00f3 nuestra amiga de la infancia gracias a sus stories, pero hace seis meses que no escuchamos su voz. Esta proximidad digital a menudo nos da una falsa sensaci\u00f3n de cercan\u00eda, haci\u00e9ndonos creer que \u00abestar al tanto\u00bb es lo mismo que \u00abestar presente\u00bb.<\/p>\n<p>&nbsp;<\/p>\n<p>La realidad es que la amistad adulta requiere algo que hoy es el lujo m\u00e1s caro: intencionalidad.<\/p>\n<p>&nbsp;<\/p>\n<p><strong>De la espontaneidad a la log\u00edstica<\/strong><\/p>\n<p>Cuando somos j\u00f3venes, la amistad es reactiva: estamos en los mismos lugares, tenemos el mismo tiempo libre. En la adultez, la amistad debe ser proactiva.<\/p>\n<p>&nbsp;<\/p>\n<p>\u00abLa amistad no es algo que se tiene, es algo que se nutre.\u00bb<\/p>\n<p>&nbsp;<\/p>\n<p>Para que una relaci\u00f3n sobreviva a las mudanzas, los ascensos laborales, los hijos o los cambios de estilo de vida, hay que pasar de la intenci\u00f3n a la acci\u00f3n. Aqu\u00ed algunas sugerencias para lograrlo:<\/p>\n<p>&nbsp;<\/p>\n<p><strong>Aceptar la estacionalidad<\/strong>: Entender que habr\u00e1 meses en los que tu mejor amiga no pueda contestar un mensaje de inmediato porque est\u00e1 lidiando con una crisis laboral o familiar. No te lo tomes personal; el afecto no ha cambiado, solo la capacidad de gesti\u00f3n.<\/p>\n<p>&nbsp;<\/p>\n<p><strong>Sustituir el \u00abA ver cu\u00e1ndo nos vemos\u00bb:<\/strong> Esta frase es el cementerio de las buenas intenciones. Es mejor proponer: \u00ab\u00bfTienes libre el pr\u00f3ximo jueves a las 7 para un caf\u00e9 r\u00e1pido?\u00bb. La especificidad reduce la fricci\u00f3n.<\/p>\n<p>&nbsp;<\/p>\n<p><strong>Micro-momentos de calidad:<\/strong> Si no tienes tres horas para una cena, diez minutos de una nota de voz honesta o una llamada mientras caminas hacia el trabajo pueden mantener el hilo conductor de la relaci\u00f3n.<\/p>\n<p>&nbsp;<\/p>\n<p><strong>El valor de la vulnerabilidad<\/strong><\/p>\n<p>A medida que crecemos, tendemos a ponernos una armadura de \u00abpersona que lo tiene todo bajo control\u00bb. Sin embargo, la amistad profunda se nutre de la vulnerabilidad. Admitir que te sientes sola, que est\u00e1s agotada o que no sabes qu\u00e9 hacer con un problema, crea un espacio seguro para que la otra persona tambi\u00e9n baje la guardia.<\/p>\n<p><strong>\u00a0<\/strong><\/p>\n<p><strong>Conclusi\u00f3n<\/strong><\/p>\n<p>En un mundo que prioriza la productividad y el \u00e9xito individual, cultivar la amistad es un acto de resistencia. Los amigos son los testigos de nuestra evoluci\u00f3n y el refugio cuando el mundo exterior se vuelve demasiado ruidoso.<\/p>\n","protected":false},"excerpt":{"rendered":"<p>Por Susana Guti\u00e9rrez &nbsp; Hubo un tiempo en que la amistad era el centro de nuestra gravedad. En la universidad o en los primeros a\u00f1os de los veinte, los amigos eran la familia elegida con la que compart\u00edamos caf\u00e9s de tres horas, dramas existenciales y noches que terminaban al amanecer. Sin embargo, al cruzar la [&hellip;]<\/p>\n","protected":false},"author":1,"featured_media":389439,"comment_status":"closed","ping_status":"open","sticky":false,"template":"","format":"standard","meta":{"_acf_changed":false,"footnotes":""},"categories":[42],"tags":[],"class_list":["post-389438","post","type-post","status-publish","format-standard","has-post-thumbnail","category-femenina"],"acf":{"antetitulo":"Bienestar emocional"},"yoast_head":"<!-- This site is optimized with the Yoast SEO plugin v28.4 - https:\/\/yoast.com\/product\/yoast-seo-wordpress\/ -->\n<title>C\u00f3mo mantener vivas las amistades en la adultez - El Diario - Bolivia<\/title>\n<meta name=\"robots\" content=\"index, follow, max-snippet:-1, max-image-preview:large, max-video-preview:-1\" \/>\n<link rel=\"canonical\" href=\"https:\/\/www.eldiario.net\/portal\/2026\/04\/29\/como-mantener-vivas-las-amistades-en-la-adultez\/\" \/>\n<meta property=\"og:locale\" content=\"es_ES\" \/>\n<meta property=\"og:type\" content=\"article\" \/>\n<meta property=\"og:title\" content=\"C\u00f3mo mantener vivas las amistades en la adultez - El Diario - Bolivia\" \/>\n<meta property=\"og:description\" content=\"Por Susana Guti\u00e9rrez &nbsp; Hubo un tiempo en que la amistad era el centro de nuestra gravedad. En la universidad o en los primeros a\u00f1os de los veinte, los amigos eran la familia elegida con la que compart\u00edamos caf\u00e9s de tres horas, dramas existenciales y noches que terminaban al amanecer. Sin embargo, al cruzar la [&hellip;]\" \/>\n<meta property=\"og:url\" content=\"https:\/\/www.eldiario.net\/portal\/2026\/04\/29\/como-mantener-vivas-las-amistades-en-la-adultez\/\" \/>\n<meta property=\"og:site_name\" content=\"El Diario - Bolivia\" \/>\n<meta property=\"article:publisher\" content=\"https:\/\/www.facebook.com\/eldiario.bolivia\/\" \/>\n<meta property=\"article:published_time\" content=\"2026-04-29T04:33:39+00:00\" \/>\n<meta property=\"og:image\" content=\"https:\/\/www.eldiario.net\/portal\/wp-content\/uploads\/2026\/04\/NOTA-2-FOTO-4.webp\" \/>\n\t<meta property=\"og:image:width\" content=\"612\" \/>\n\t<meta property=\"og:image:height\" content=\"408\" \/>\n\t<meta property=\"og:image:type\" content=\"image\/webp\" \/>\n<meta name=\"author\" content=\"Jeanette\" \/>\n<meta name=\"twitter:card\" content=\"summary_large_image\" \/>\n<meta name=\"twitter:creator\" content=\"@eldiario_net\" \/>\n<meta name=\"twitter:site\" content=\"@eldiario_net\" \/>\n<meta name=\"twitter:label1\" content=\"Escrito por\" \/>\n\t<meta name=\"twitter:data1\" content=\"Jeanette\" \/>\n\t<meta name=\"twitter:label2\" content=\"Tiempo de lectura\" \/>\n\t<meta name=\"twitter:data2\" content=\"3 minutos\" \/>\n<script type=\"application\/ld+json\" class=\"yoast-schema-graph\">{\"@context\":\"https:\\\/\\\/schema.org\",\"@graph\":[{\"@type\":\"Article\",\"@id\":\"https:\\\/\\\/www.eldiario.net\\\/portal\\\/2026\\\/04\\\/29\\\/como-mantener-vivas-las-amistades-en-la-adultez\\\/#article\",\"isPartOf\":{\"@id\":\"https:\\\/\\\/www.eldiario.net\\\/portal\\\/2026\\\/04\\\/29\\\/como-mantener-vivas-las-amistades-en-la-adultez\\\/\"},\"author\":{\"name\":\"Jeanette\",\"@id\":\"https:\\\/\\\/www.eldiario.net\\\/portal\\\/#\\\/schema\\\/person\\\/f46445640444750d7d753ccd04ae01b7\"},\"headline\":\"C\u00f3mo mantener vivas las amistades en la adultez\",\"datePublished\":\"2026-04-29T04:33:39+00:00\",\"mainEntityOfPage\":{\"@id\":\"https:\\\/\\\/www.eldiario.net\\\/portal\\\/2026\\\/04\\\/29\\\/como-mantener-vivas-las-amistades-en-la-adultez\\\/\"},\"wordCount\":518,\"publisher\":{\"@id\":\"https:\\\/\\\/www.eldiario.net\\\/portal\\\/#organization\"},\"image\":{\"@id\":\"https:\\\/\\\/www.eldiario.net\\\/portal\\\/2026\\\/04\\\/29\\\/como-mantener-vivas-las-amistades-en-la-adultez\\\/#primaryimage\"},\"thumbnailUrl\":\"https:\\\/\\\/www.eldiario.net\\\/portal\\\/wp-content\\\/uploads\\\/2026\\\/04\\\/NOTA-2-FOTO-4.webp\",\"articleSection\":[\"Femenina\"],\"inLanguage\":\"es\"},{\"@type\":\"WebPage\",\"@id\":\"https:\\\/\\\/www.eldiario.net\\\/portal\\\/2026\\\/04\\\/29\\\/como-mantener-vivas-las-amistades-en-la-adultez\\\/\",\"url\":\"https:\\\/\\\/www.eldiario.net\\\/portal\\\/2026\\\/04\\\/29\\\/como-mantener-vivas-las-amistades-en-la-adultez\\\/\",\"name\":\"C\u00f3mo mantener vivas las amistades en la adultez - El Diario - Bolivia\",\"isPartOf\":{\"@id\":\"https:\\\/\\\/www.eldiario.net\\\/portal\\\/#website\"},\"primaryImageOfPage\":{\"@id\":\"https:\\\/\\\/www.eldiario.net\\\/portal\\\/2026\\\/04\\\/29\\\/como-mantener-vivas-las-amistades-en-la-adultez\\\/#primaryimage\"},\"image\":{\"@id\":\"https:\\\/\\\/www.eldiario.net\\\/portal\\\/2026\\\/04\\\/29\\\/como-mantener-vivas-las-amistades-en-la-adultez\\\/#primaryimage\"},\"thumbnailUrl\":\"https:\\\/\\\/www.eldiario.net\\\/portal\\\/wp-content\\\/uploads\\\/2026\\\/04\\\/NOTA-2-FOTO-4.webp\",\"datePublished\":\"2026-04-29T04:33:39+00:00\",\"breadcrumb\":{\"@id\":\"https:\\\/\\\/www.eldiario.net\\\/portal\\\/2026\\\/04\\\/29\\\/como-mantener-vivas-las-amistades-en-la-adultez\\\/#breadcrumb\"},\"inLanguage\":\"es\",\"potentialAction\":[{\"@type\":\"ReadAction\",\"target\":[\"https:\\\/\\\/www.eldiario.net\\\/portal\\\/2026\\\/04\\\/29\\\/como-mantener-vivas-las-amistades-en-la-adultez\\\/\"]}]},{\"@type\":\"ImageObject\",\"inLanguage\":\"es\",\"@id\":\"https:\\\/\\\/www.eldiario.net\\\/portal\\\/2026\\\/04\\\/29\\\/como-mantener-vivas-las-amistades-en-la-adultez\\\/#primaryimage\",\"url\":\"https:\\\/\\\/www.eldiario.net\\\/portal\\\/wp-content\\\/uploads\\\/2026\\\/04\\\/NOTA-2-FOTO-4.webp\",\"contentUrl\":\"https:\\\/\\\/www.eldiario.net\\\/portal\\\/wp-content\\\/uploads\\\/2026\\\/04\\\/NOTA-2-FOTO-4.webp\",\"width\":612,\"height\":408,\"caption\":\"NO ESPERES A TENER LA AGENDA VAC\u00cdA PARA LLAMAR. LA AGENDA NUNCA ESTAR\u00c1 VAC\u00cdA. HAZ UN ESPACIO, AL FINAL DEL D\u00cdA, LO QUE REALMENTE NOS SOSTIENE SON LOS V\u00cdNCULOS QUE NOS ATREVIMOS A CUIDAR.\"},{\"@type\":\"BreadcrumbList\",\"@id\":\"https:\\\/\\\/www.eldiario.net\\\/portal\\\/2026\\\/04\\\/29\\\/como-mantener-vivas-las-amistades-en-la-adultez\\\/#breadcrumb\",\"itemListElement\":[{\"@type\":\"ListItem\",\"position\":1,\"name\":\"Portada\",\"item\":\"https:\\\/\\\/www.eldiario.net\\\/portal\\\/\"},{\"@type\":\"ListItem\",\"position\":2,\"name\":\"C\u00f3mo mantener vivas las amistades en la adultez\"}]},{\"@type\":\"WebSite\",\"@id\":\"https:\\\/\\\/www.eldiario.net\\\/portal\\\/#website\",\"url\":\"https:\\\/\\\/www.eldiario.net\\\/portal\\\/\",\"name\":\"El Diario - Decano de la prensa nacional\",\"description\":\"El Diario - Decano de la prensa nacional\",\"publisher\":{\"@id\":\"https:\\\/\\\/www.eldiario.net\\\/portal\\\/#organization\"},\"potentialAction\":[{\"@type\":\"SearchAction\",\"target\":{\"@type\":\"EntryPoint\",\"urlTemplate\":\"https:\\\/\\\/www.eldiario.net\\\/portal\\\/?s={search_term_string}\"},\"query-input\":{\"@type\":\"PropertyValueSpecification\",\"valueRequired\":true,\"valueName\":\"search_term_string\"}}],\"inLanguage\":\"es\"},{\"@type\":\"Organization\",\"@id\":\"https:\\\/\\\/www.eldiario.net\\\/portal\\\/#organization\",\"name\":\"El Diario - Decano de la prensa nacional\",\"url\":\"https:\\\/\\\/www.eldiario.net\\\/portal\\\/\",\"logo\":{\"@type\":\"ImageObject\",\"inLanguage\":\"es\",\"@id\":\"https:\\\/\\\/www.eldiario.net\\\/portal\\\/#\\\/schema\\\/logo\\\/image\\\/\",\"url\":\"https:\\\/\\\/www.eldiario.net\\\/portal\\\/wp-content\\\/uploads\\\/2023\\\/07\\\/logo_ED.jpg\",\"contentUrl\":\"https:\\\/\\\/www.eldiario.net\\\/portal\\\/wp-content\\\/uploads\\\/2023\\\/07\\\/logo_ED.jpg\",\"width\":272,\"height\":52,\"caption\":\"El Diario - Decano de la prensa nacional\"},\"image\":{\"@id\":\"https:\\\/\\\/www.eldiario.net\\\/portal\\\/#\\\/schema\\\/logo\\\/image\\\/\"},\"sameAs\":[\"https:\\\/\\\/www.facebook.com\\\/eldiario.bolivia\\\/\",\"https:\\\/\\\/x.com\\\/eldiario_net\"]},{\"@type\":\"Person\",\"@id\":\"https:\\\/\\\/www.eldiario.net\\\/portal\\\/#\\\/schema\\\/person\\\/f46445640444750d7d753ccd04ae01b7\",\"name\":\"Jeanette\",\"image\":{\"@type\":\"ImageObject\",\"inLanguage\":\"es\",\"@id\":\"https:\\\/\\\/secure.gravatar.com\\\/avatar\\\/3ea2118a5f7dad2b7138b1187a6b7ee55f160b9968b66013c3a3ef39dd7e5798?s=96&d=mm&r=g\",\"url\":\"https:\\\/\\\/secure.gravatar.com\\\/avatar\\\/3ea2118a5f7dad2b7138b1187a6b7ee55f160b9968b66013c3a3ef39dd7e5798?s=96&d=mm&r=g\",\"contentUrl\":\"https:\\\/\\\/secure.gravatar.com\\\/avatar\\\/3ea2118a5f7dad2b7138b1187a6b7ee55f160b9968b66013c3a3ef39dd7e5798?s=96&d=mm&r=g\",\"caption\":\"Jeanette\"},\"sameAs\":[\"https:\\\/\\\/www.eldiario.net\\\/portal\"],\"url\":\"https:\\\/\\\/www.eldiario.net\\\/portal\\\/author\\\/jeanette\\\/\"}]}<\/script>\n<!-- \/ Yoast SEO plugin. -->","yoast_head_json":{"title":"C\u00f3mo mantener vivas las amistades en la adultez - El Diario - Bolivia","robots":{"index":"index","follow":"follow","max-snippet":"max-snippet:-1","max-image-preview":"max-image-preview:large","max-video-preview":"max-video-preview:-1"},"canonical":"https:\/\/www.eldiario.net\/portal\/2026\/04\/29\/como-mantener-vivas-las-amistades-en-la-adultez\/","og_locale":"es_ES","og_type":"article","og_title":"C\u00f3mo mantener vivas las amistades en la adultez - El Diario - Bolivia","og_description":"Por Susana Guti\u00e9rrez &nbsp; Hubo un tiempo en que la amistad era el centro de nuestra gravedad. En la universidad o en los primeros a\u00f1os de los veinte, los amigos eran la familia elegida con la que compart\u00edamos caf\u00e9s de tres horas, dramas existenciales y noches que terminaban al amanecer. Sin embargo, al cruzar la [&hellip;]","og_url":"https:\/\/www.eldiario.net\/portal\/2026\/04\/29\/como-mantener-vivas-las-amistades-en-la-adultez\/","og_site_name":"El Diario - Bolivia","article_publisher":"https:\/\/www.facebook.com\/eldiario.bolivia\/","article_published_time":"2026-04-29T04:33:39+00:00","og_image":[{"width":612,"height":408,"url":"https:\/\/www.eldiario.net\/portal\/wp-content\/uploads\/2026\/04\/NOTA-2-FOTO-4.webp","type":"image\/webp"}],"author":"Jeanette","twitter_card":"summary_large_image","twitter_creator":"@eldiario_net","twitter_site":"@eldiario_net","twitter_misc":{"Escrito por":"Jeanette","Tiempo de lectura":"3 minutos"},"schema":{"@context":"https:\/\/schema.org","@graph":[{"@type":"Article","@id":"https:\/\/www.eldiario.net\/portal\/2026\/04\/29\/como-mantener-vivas-las-amistades-en-la-adultez\/#article","isPartOf":{"@id":"https:\/\/www.eldiario.net\/portal\/2026\/04\/29\/como-mantener-vivas-las-amistades-en-la-adultez\/"},"author":{"name":"Jeanette","@id":"https:\/\/www.eldiario.net\/portal\/#\/schema\/person\/f46445640444750d7d753ccd04ae01b7"},"headline":"C\u00f3mo mantener vivas las amistades en la adultez","datePublished":"2026-04-29T04:33:39+00:00","mainEntityOfPage":{"@id":"https:\/\/www.eldiario.net\/portal\/2026\/04\/29\/como-mantener-vivas-las-amistades-en-la-adultez\/"},"wordCount":518,"publisher":{"@id":"https:\/\/www.eldiario.net\/portal\/#organization"},"image":{"@id":"https:\/\/www.eldiario.net\/portal\/2026\/04\/29\/como-mantener-vivas-las-amistades-en-la-adultez\/#primaryimage"},"thumbnailUrl":"https:\/\/www.eldiario.net\/portal\/wp-content\/uploads\/2026\/04\/NOTA-2-FOTO-4.webp","articleSection":["Femenina"],"inLanguage":"es"},{"@type":"WebPage","@id":"https:\/\/www.eldiario.net\/portal\/2026\/04\/29\/como-mantener-vivas-las-amistades-en-la-adultez\/","url":"https:\/\/www.eldiario.net\/portal\/2026\/04\/29\/como-mantener-vivas-las-amistades-en-la-adultez\/","name":"C\u00f3mo mantener vivas las amistades en la adultez - El Diario - Bolivia","isPartOf":{"@id":"https:\/\/www.eldiario.net\/portal\/#website"},"primaryImageOfPage":{"@id":"https:\/\/www.eldiario.net\/portal\/2026\/04\/29\/como-mantener-vivas-las-amistades-en-la-adultez\/#primaryimage"},"image":{"@id":"https:\/\/www.eldiario.net\/portal\/2026\/04\/29\/como-mantener-vivas-las-amistades-en-la-adultez\/#primaryimage"},"thumbnailUrl":"https:\/\/www.eldiario.net\/portal\/wp-content\/uploads\/2026\/04\/NOTA-2-FOTO-4.webp","datePublished":"2026-04-29T04:33:39+00:00","breadcrumb":{"@id":"https:\/\/www.eldiario.net\/portal\/2026\/04\/29\/como-mantener-vivas-las-amistades-en-la-adultez\/#breadcrumb"},"inLanguage":"es","potentialAction":[{"@type":"ReadAction","target":["https:\/\/www.eldiario.net\/portal\/2026\/04\/29\/como-mantener-vivas-las-amistades-en-la-adultez\/"]}]},{"@type":"ImageObject","inLanguage":"es","@id":"https:\/\/www.eldiario.net\/portal\/2026\/04\/29\/como-mantener-vivas-las-amistades-en-la-adultez\/#primaryimage","url":"https:\/\/www.eldiario.net\/portal\/wp-content\/uploads\/2026\/04\/NOTA-2-FOTO-4.webp","contentUrl":"https:\/\/www.eldiario.net\/portal\/wp-content\/uploads\/2026\/04\/NOTA-2-FOTO-4.webp","width":612,"height":408,"caption":"NO ESPERES A TENER LA AGENDA VAC\u00cdA PARA LLAMAR. LA AGENDA NUNCA ESTAR\u00c1 VAC\u00cdA. HAZ UN ESPACIO, AL FINAL DEL D\u00cdA, LO QUE REALMENTE NOS SOSTIENE SON LOS V\u00cdNCULOS QUE NOS ATREVIMOS A CUIDAR."},{"@type":"BreadcrumbList","@id":"https:\/\/www.eldiario.net\/portal\/2026\/04\/29\/como-mantener-vivas-las-amistades-en-la-adultez\/#breadcrumb","itemListElement":[{"@type":"ListItem","position":1,"name":"Portada","item":"https:\/\/www.eldiario.net\/portal\/"},{"@type":"ListItem","position":2,"name":"C\u00f3mo mantener vivas las amistades en la adultez"}]},{"@type":"WebSite","@id":"https:\/\/www.eldiario.net\/portal\/#website","url":"https:\/\/www.eldiario.net\/portal\/","name":"El Diario - Decano de la prensa nacional","description":"El Diario - Decano de la prensa nacional","publisher":{"@id":"https:\/\/www.eldiario.net\/portal\/#organization"},"potentialAction":[{"@type":"SearchAction","target":{"@type":"EntryPoint","urlTemplate":"https:\/\/www.eldiario.net\/portal\/?s={search_term_string}"},"query-input":{"@type":"PropertyValueSpecification","valueRequired":true,"valueName":"search_term_string"}}],"inLanguage":"es"},{"@type":"Organization","@id":"https:\/\/www.eldiario.net\/portal\/#organization","name":"El Diario - Decano de la prensa nacional","url":"https:\/\/www.eldiario.net\/portal\/","logo":{"@type":"ImageObject","inLanguage":"es","@id":"https:\/\/www.eldiario.net\/portal\/#\/schema\/logo\/image\/","url":"https:\/\/www.eldiario.net\/portal\/wp-content\/uploads\/2023\/07\/logo_ED.jpg","contentUrl":"https:\/\/www.eldiario.net\/portal\/wp-content\/uploads\/2023\/07\/logo_ED.jpg","width":272,"height":52,"caption":"El Diario - Decano de la prensa nacional"},"image":{"@id":"https:\/\/www.eldiario.net\/portal\/#\/schema\/logo\/image\/"},"sameAs":["https:\/\/www.facebook.com\/eldiario.bolivia\/","https:\/\/x.com\/eldiario_net"]},{"@type":"Person","@id":"https:\/\/www.eldiario.net\/portal\/#\/schema\/person\/f46445640444750d7d753ccd04ae01b7","name":"Jeanette","image":{"@type":"ImageObject","inLanguage":"es","@id":"https:\/\/secure.gravatar.com\/avatar\/3ea2118a5f7dad2b7138b1187a6b7ee55f160b9968b66013c3a3ef39dd7e5798?s=96&d=mm&r=g","url":"https:\/\/secure.gravatar.com\/avatar\/3ea2118a5f7dad2b7138b1187a6b7ee55f160b9968b66013c3a3ef39dd7e5798?s=96&d=mm&r=g","contentUrl":"https:\/\/secure.gravatar.com\/avatar\/3ea2118a5f7dad2b7138b1187a6b7ee55f160b9968b66013c3a3ef39dd7e5798?s=96&d=mm&r=g","caption":"Jeanette"},"sameAs":["https:\/\/www.eldiario.net\/portal"],"url":"https:\/\/www.eldiario.net\/portal\/author\/jeanette\/"}]}},"_links":{"self":[{"href":"https:\/\/www.eldiario.net\/portal\/wp-json\/wp\/v2\/posts\/389438","targetHints":{"allow":["GET"]}}],"collection":[{"href":"https:\/\/www.eldiario.net\/portal\/wp-json\/wp\/v2\/posts"}],"about":[{"href":"https:\/\/www.eldiario.net\/portal\/wp-json\/wp\/v2\/types\/post"}],"author":[{"embeddable":true,"href":"https:\/\/www.eldiario.net\/portal\/wp-json\/wp\/v2\/users\/1"}],"replies":[{"embeddable":true,"href":"https:\/\/www.eldiario.net\/portal\/wp-json\/wp\/v2\/comments?post=389438"}],"version-history":[{"count":1,"href":"https:\/\/www.eldiario.net\/portal\/wp-json\/wp\/v2\/posts\/389438\/revisions"}],"predecessor-version":[{"id":389440,"href":"https:\/\/www.eldiario.net\/portal\/wp-json\/wp\/v2\/posts\/389438\/revisions\/389440"}],"wp:featuredmedia":[{"embeddable":true,"href":"https:\/\/www.eldiario.net\/portal\/wp-json\/wp\/v2\/media\/389439"}],"wp:attachment":[{"href":"https:\/\/www.eldiario.net\/portal\/wp-json\/wp\/v2\/media?parent=389438"}],"wp:term":[{"taxonomy":"category","embeddable":true,"href":"https:\/\/www.eldiario.net\/portal\/wp-json\/wp\/v2\/categories?post=389438"},{"taxonomy":"post_tag","embeddable":true,"href":"https:\/\/www.eldiario.net\/portal\/wp-json\/wp\/v2\/tags?post=389438"}],"curies":[{"name":"wp","href":"https:\/\/api.w.org\/{rel}","templated":true}]}}