{"id":389435,"date":"2026-04-29T00:32:35","date_gmt":"2026-04-29T04:32:35","guid":{"rendered":"https:\/\/www.eldiario.net\/portal\/?p=389435"},"modified":"2026-04-28T21:33:25","modified_gmt":"2026-04-29T01:33:25","slug":"adios-al-sindrome-de-la-urgencia","status":"publish","type":"post","link":"https:\/\/www.eldiario.net\/portal\/2026\/04\/29\/adios-al-sindrome-de-la-urgencia\/","title":{"rendered":"Adi\u00f3s al s\u00edndrome de la urgencia"},"content":{"rendered":"<p>Por Susana Guti\u00e9rrez<\/p>\n<p>Vivimos en la dictadura de lo inmediato. En un mundo donde el \u00e9xito se mide por la velocidad de respuesta y el grosor de la agenda, hemos confundido \u00abestar ocupados\u00bb con \u00abser productivos\u00bb, y \u00ablo urgente\u00bb con \u00ablo importante\u00bb.<\/p>\n<p>El s\u00edndrome de la urgencia no es una falta de tiempo; es un estado mental de alerta constante. Es esa sensaci\u00f3n de que, si no estamos haciendo algo, estamos perdiendo el tren. Pero, \u00bfa d\u00f3nde va ese tren?<\/p>\n<p><strong>La trampa del \u00abYa mismo\u00bb<\/strong><\/p>\n<p>La tecnolog\u00eda ha eliminado los tiempos de espera. Antes, esperar un caf\u00e9 o una respuesta era un espacio para el pensamiento. Hoy, esos vac\u00edos se llenan con notificaciones. Esta inmediatez ha alterado nuestro sistema nervioso, manteni\u00e9ndonos en un estado de cortisol elevado -la hormona del estr\u00e9s- que nos hace reaccionar en lugar de accionar.<\/p>\n<p>Cuando todo es urgente, nada es prioridad. Por ello los psic\u00f3logos recomiendan:<\/p>\n<p><strong>De la reacci\u00f3n a la intenci\u00f3n<\/strong><\/p>\n<p>Para romper este ciclo, no necesitamos m\u00e1s apps de organizaci\u00f3n; necesitamos una nueva filosof\u00eda de vida. El bienestar hoy no es ir a un spa una vez al mes, es reclamar nuestros minutos d\u00eda tras d\u00eda.<\/p>\n<p><strong>La regla de los dos minutos:<\/strong> Si algo te toma menos de dos minutos, hazlo. Si no, agenda un momento real para ello. No dejes que las peque\u00f1as tareas floten en tu mente como ruido de fondo.<\/p>\n<p><strong>Aprender a decir \u00abNo\u00bb sin explicaciones:<\/strong> Cada vez que dices \u00abs\u00ed\u00bb a algo que no te aporta por compromiso, te est\u00e1s diciendo \u00abno\u00bb a ti mismo. El \u00abno\u00bb es la herramienta de edici\u00f3n m\u00e1s potente de nuestra vida.<\/p>\n<p><strong>Espacios de desconexi\u00f3n radical:<\/strong> El cerebro necesita el aburrimiento para ser creativo. Media hora al d\u00eda sin pantallas no es un lujo, es higiene mental.<\/p>\n<p><strong>El valor de la lentitud<\/strong><\/p>\n<p>Recuperar el ritmo propio es un acto de rebeld\u00eda. Significa entender que hay procesos que no se pueden acelerar: una conversaci\u00f3n profunda, el crecimiento de un proyecto o la maduraci\u00f3n de una idea.<\/p>\n<p><strong>Conclusi\u00f3n<\/strong><\/p>\n<p>La vida ocurre mientras no estamos mirando el reloj. Al bajar la velocidad, descubrimos que lo m\u00e1s urgente, al final del d\u00eda, es simplemente aprender a estar presentes.<\/p>\n","protected":false},"excerpt":{"rendered":"<p>Por Susana Guti\u00e9rrez Vivimos en la dictadura de lo inmediato. En un mundo donde el \u00e9xito se mide por la velocidad de respuesta y el grosor de la agenda, hemos confundido \u00abestar ocupados\u00bb con \u00abser productivos\u00bb, y \u00ablo urgente\u00bb con \u00ablo importante\u00bb. El s\u00edndrome de la urgencia no es una falta de tiempo; es un [&hellip;]<\/p>\n","protected":false},"author":1,"featured_media":389436,"comment_status":"closed","ping_status":"open","sticky":false,"template":"","format":"standard","meta":{"_acf_changed":false,"footnotes":""},"categories":[42],"tags":[],"class_list":["post-389435","post","type-post","status-publish","format-standard","has-post-thumbnail","category-femenina"],"acf":{"antetitulo":"Salud mental"},"yoast_head":"<!-- This site is optimized with the Yoast SEO plugin v28.4 - https:\/\/yoast.com\/product\/yoast-seo-wordpress\/ -->\n<title>Adi\u00f3s al s\u00edndrome de la urgencia - El Diario - Bolivia<\/title>\n<meta name=\"robots\" content=\"index, follow, max-snippet:-1, max-image-preview:large, max-video-preview:-1\" \/>\n<link rel=\"canonical\" href=\"https:\/\/www.eldiario.net\/portal\/2026\/04\/29\/adios-al-sindrome-de-la-urgencia\/\" \/>\n<meta property=\"og:locale\" content=\"es_ES\" \/>\n<meta property=\"og:type\" content=\"article\" \/>\n<meta property=\"og:title\" content=\"Adi\u00f3s al s\u00edndrome de la urgencia - El Diario - Bolivia\" \/>\n<meta property=\"og:description\" content=\"Por Susana Guti\u00e9rrez Vivimos en la dictadura de lo inmediato. En un mundo donde el \u00e9xito se mide por la velocidad de respuesta y el grosor de la agenda, hemos confundido \u00abestar ocupados\u00bb con \u00abser productivos\u00bb, y \u00ablo urgente\u00bb con \u00ablo importante\u00bb. El s\u00edndrome de la urgencia no es una falta de tiempo; es un [&hellip;]\" \/>\n<meta property=\"og:url\" content=\"https:\/\/www.eldiario.net\/portal\/2026\/04\/29\/adios-al-sindrome-de-la-urgencia\/\" \/>\n<meta property=\"og:site_name\" content=\"El Diario - Bolivia\" \/>\n<meta property=\"article:publisher\" content=\"https:\/\/www.facebook.com\/eldiario.bolivia\/\" \/>\n<meta property=\"article:published_time\" content=\"2026-04-29T04:32:35+00:00\" \/>\n<meta property=\"og:image\" content=\"https:\/\/www.eldiario.net\/portal\/wp-content\/uploads\/2026\/04\/NOTA-3-FOTO-4.webp\" \/>\n\t<meta property=\"og:image:width\" content=\"1376\" \/>\n\t<meta property=\"og:image:height\" content=\"768\" \/>\n\t<meta property=\"og:image:type\" content=\"image\/webp\" \/>\n<meta name=\"author\" content=\"Jeanette\" \/>\n<meta name=\"twitter:card\" content=\"summary_large_image\" \/>\n<meta name=\"twitter:creator\" content=\"@eldiario_net\" \/>\n<meta name=\"twitter:site\" content=\"@eldiario_net\" \/>\n<meta name=\"twitter:label1\" content=\"Escrito por\" \/>\n\t<meta name=\"twitter:data1\" content=\"Jeanette\" \/>\n\t<meta name=\"twitter:label2\" content=\"Tiempo de lectura\" \/>\n\t<meta name=\"twitter:data2\" content=\"2 minutos\" \/>\n<script type=\"application\/ld+json\" class=\"yoast-schema-graph\">{\"@context\":\"https:\\\/\\\/schema.org\",\"@graph\":[{\"@type\":\"Article\",\"@id\":\"https:\\\/\\\/www.eldiario.net\\\/portal\\\/2026\\\/04\\\/29\\\/adios-al-sindrome-de-la-urgencia\\\/#article\",\"isPartOf\":{\"@id\":\"https:\\\/\\\/www.eldiario.net\\\/portal\\\/2026\\\/04\\\/29\\\/adios-al-sindrome-de-la-urgencia\\\/\"},\"author\":{\"name\":\"Jeanette\",\"@id\":\"https:\\\/\\\/www.eldiario.net\\\/portal\\\/#\\\/schema\\\/person\\\/f46445640444750d7d753ccd04ae01b7\"},\"headline\":\"Adi\u00f3s al s\u00edndrome de la urgencia\",\"datePublished\":\"2026-04-29T04:32:35+00:00\",\"mainEntityOfPage\":{\"@id\":\"https:\\\/\\\/www.eldiario.net\\\/portal\\\/2026\\\/04\\\/29\\\/adios-al-sindrome-de-la-urgencia\\\/\"},\"wordCount\":396,\"publisher\":{\"@id\":\"https:\\\/\\\/www.eldiario.net\\\/portal\\\/#organization\"},\"image\":{\"@id\":\"https:\\\/\\\/www.eldiario.net\\\/portal\\\/2026\\\/04\\\/29\\\/adios-al-sindrome-de-la-urgencia\\\/#primaryimage\"},\"thumbnailUrl\":\"https:\\\/\\\/www.eldiario.net\\\/portal\\\/wp-content\\\/uploads\\\/2026\\\/04\\\/NOTA-3-FOTO-4.webp\",\"articleSection\":[\"Femenina\"],\"inLanguage\":\"es\"},{\"@type\":\"WebPage\",\"@id\":\"https:\\\/\\\/www.eldiario.net\\\/portal\\\/2026\\\/04\\\/29\\\/adios-al-sindrome-de-la-urgencia\\\/\",\"url\":\"https:\\\/\\\/www.eldiario.net\\\/portal\\\/2026\\\/04\\\/29\\\/adios-al-sindrome-de-la-urgencia\\\/\",\"name\":\"Adi\u00f3s al s\u00edndrome de la urgencia - El Diario - Bolivia\",\"isPartOf\":{\"@id\":\"https:\\\/\\\/www.eldiario.net\\\/portal\\\/#website\"},\"primaryImageOfPage\":{\"@id\":\"https:\\\/\\\/www.eldiario.net\\\/portal\\\/2026\\\/04\\\/29\\\/adios-al-sindrome-de-la-urgencia\\\/#primaryimage\"},\"image\":{\"@id\":\"https:\\\/\\\/www.eldiario.net\\\/portal\\\/2026\\\/04\\\/29\\\/adios-al-sindrome-de-la-urgencia\\\/#primaryimage\"},\"thumbnailUrl\":\"https:\\\/\\\/www.eldiario.net\\\/portal\\\/wp-content\\\/uploads\\\/2026\\\/04\\\/NOTA-3-FOTO-4.webp\",\"datePublished\":\"2026-04-29T04:32:35+00:00\",\"breadcrumb\":{\"@id\":\"https:\\\/\\\/www.eldiario.net\\\/portal\\\/2026\\\/04\\\/29\\\/adios-al-sindrome-de-la-urgencia\\\/#breadcrumb\"},\"inLanguage\":\"es\",\"potentialAction\":[{\"@type\":\"ReadAction\",\"target\":[\"https:\\\/\\\/www.eldiario.net\\\/portal\\\/2026\\\/04\\\/29\\\/adios-al-sindrome-de-la-urgencia\\\/\"]}]},{\"@type\":\"ImageObject\",\"inLanguage\":\"es\",\"@id\":\"https:\\\/\\\/www.eldiario.net\\\/portal\\\/2026\\\/04\\\/29\\\/adios-al-sindrome-de-la-urgencia\\\/#primaryimage\",\"url\":\"https:\\\/\\\/www.eldiario.net\\\/portal\\\/wp-content\\\/uploads\\\/2026\\\/04\\\/NOTA-3-FOTO-4.webp\",\"contentUrl\":\"https:\\\/\\\/www.eldiario.net\\\/portal\\\/wp-content\\\/uploads\\\/2026\\\/04\\\/NOTA-3-FOTO-4.webp\",\"width\":1376,\"height\":768,\"caption\":\"EL ESTR\u00c9S DE LA INMEDIATEZ NOS DESCONECTA DE LO QUE REALMENTE IMPORTA: EL PRESENTE.\"},{\"@type\":\"BreadcrumbList\",\"@id\":\"https:\\\/\\\/www.eldiario.net\\\/portal\\\/2026\\\/04\\\/29\\\/adios-al-sindrome-de-la-urgencia\\\/#breadcrumb\",\"itemListElement\":[{\"@type\":\"ListItem\",\"position\":1,\"name\":\"Portada\",\"item\":\"https:\\\/\\\/www.eldiario.net\\\/portal\\\/\"},{\"@type\":\"ListItem\",\"position\":2,\"name\":\"Adi\u00f3s al s\u00edndrome de la urgencia\"}]},{\"@type\":\"WebSite\",\"@id\":\"https:\\\/\\\/www.eldiario.net\\\/portal\\\/#website\",\"url\":\"https:\\\/\\\/www.eldiario.net\\\/portal\\\/\",\"name\":\"El Diario - Decano de la prensa nacional\",\"description\":\"El Diario - Decano de la prensa nacional\",\"publisher\":{\"@id\":\"https:\\\/\\\/www.eldiario.net\\\/portal\\\/#organization\"},\"potentialAction\":[{\"@type\":\"SearchAction\",\"target\":{\"@type\":\"EntryPoint\",\"urlTemplate\":\"https:\\\/\\\/www.eldiario.net\\\/portal\\\/?s={search_term_string}\"},\"query-input\":{\"@type\":\"PropertyValueSpecification\",\"valueRequired\":true,\"valueName\":\"search_term_string\"}}],\"inLanguage\":\"es\"},{\"@type\":\"Organization\",\"@id\":\"https:\\\/\\\/www.eldiario.net\\\/portal\\\/#organization\",\"name\":\"El Diario - Decano de la prensa nacional\",\"url\":\"https:\\\/\\\/www.eldiario.net\\\/portal\\\/\",\"logo\":{\"@type\":\"ImageObject\",\"inLanguage\":\"es\",\"@id\":\"https:\\\/\\\/www.eldiario.net\\\/portal\\\/#\\\/schema\\\/logo\\\/image\\\/\",\"url\":\"https:\\\/\\\/www.eldiario.net\\\/portal\\\/wp-content\\\/uploads\\\/2023\\\/07\\\/logo_ED.jpg\",\"contentUrl\":\"https:\\\/\\\/www.eldiario.net\\\/portal\\\/wp-content\\\/uploads\\\/2023\\\/07\\\/logo_ED.jpg\",\"width\":272,\"height\":52,\"caption\":\"El Diario - Decano de la prensa nacional\"},\"image\":{\"@id\":\"https:\\\/\\\/www.eldiario.net\\\/portal\\\/#\\\/schema\\\/logo\\\/image\\\/\"},\"sameAs\":[\"https:\\\/\\\/www.facebook.com\\\/eldiario.bolivia\\\/\",\"https:\\\/\\\/x.com\\\/eldiario_net\"]},{\"@type\":\"Person\",\"@id\":\"https:\\\/\\\/www.eldiario.net\\\/portal\\\/#\\\/schema\\\/person\\\/f46445640444750d7d753ccd04ae01b7\",\"name\":\"Jeanette\",\"image\":{\"@type\":\"ImageObject\",\"inLanguage\":\"es\",\"@id\":\"https:\\\/\\\/secure.gravatar.com\\\/avatar\\\/3ea2118a5f7dad2b7138b1187a6b7ee55f160b9968b66013c3a3ef39dd7e5798?s=96&d=mm&r=g\",\"url\":\"https:\\\/\\\/secure.gravatar.com\\\/avatar\\\/3ea2118a5f7dad2b7138b1187a6b7ee55f160b9968b66013c3a3ef39dd7e5798?s=96&d=mm&r=g\",\"contentUrl\":\"https:\\\/\\\/secure.gravatar.com\\\/avatar\\\/3ea2118a5f7dad2b7138b1187a6b7ee55f160b9968b66013c3a3ef39dd7e5798?s=96&d=mm&r=g\",\"caption\":\"Jeanette\"},\"sameAs\":[\"https:\\\/\\\/www.eldiario.net\\\/portal\"],\"url\":\"https:\\\/\\\/www.eldiario.net\\\/portal\\\/author\\\/jeanette\\\/\"}]}<\/script>\n<!-- \/ Yoast SEO plugin. -->","yoast_head_json":{"title":"Adi\u00f3s al s\u00edndrome de la urgencia - El Diario - Bolivia","robots":{"index":"index","follow":"follow","max-snippet":"max-snippet:-1","max-image-preview":"max-image-preview:large","max-video-preview":"max-video-preview:-1"},"canonical":"https:\/\/www.eldiario.net\/portal\/2026\/04\/29\/adios-al-sindrome-de-la-urgencia\/","og_locale":"es_ES","og_type":"article","og_title":"Adi\u00f3s al s\u00edndrome de la urgencia - El Diario - Bolivia","og_description":"Por Susana Guti\u00e9rrez Vivimos en la dictadura de lo inmediato. En un mundo donde el \u00e9xito se mide por la velocidad de respuesta y el grosor de la agenda, hemos confundido \u00abestar ocupados\u00bb con \u00abser productivos\u00bb, y \u00ablo urgente\u00bb con \u00ablo importante\u00bb. El s\u00edndrome de la urgencia no es una falta de tiempo; es un [&hellip;]","og_url":"https:\/\/www.eldiario.net\/portal\/2026\/04\/29\/adios-al-sindrome-de-la-urgencia\/","og_site_name":"El Diario - Bolivia","article_publisher":"https:\/\/www.facebook.com\/eldiario.bolivia\/","article_published_time":"2026-04-29T04:32:35+00:00","og_image":[{"width":1376,"height":768,"url":"https:\/\/www.eldiario.net\/portal\/wp-content\/uploads\/2026\/04\/NOTA-3-FOTO-4.webp","type":"image\/webp"}],"author":"Jeanette","twitter_card":"summary_large_image","twitter_creator":"@eldiario_net","twitter_site":"@eldiario_net","twitter_misc":{"Escrito por":"Jeanette","Tiempo de lectura":"2 minutos"},"schema":{"@context":"https:\/\/schema.org","@graph":[{"@type":"Article","@id":"https:\/\/www.eldiario.net\/portal\/2026\/04\/29\/adios-al-sindrome-de-la-urgencia\/#article","isPartOf":{"@id":"https:\/\/www.eldiario.net\/portal\/2026\/04\/29\/adios-al-sindrome-de-la-urgencia\/"},"author":{"name":"Jeanette","@id":"https:\/\/www.eldiario.net\/portal\/#\/schema\/person\/f46445640444750d7d753ccd04ae01b7"},"headline":"Adi\u00f3s al s\u00edndrome de la urgencia","datePublished":"2026-04-29T04:32:35+00:00","mainEntityOfPage":{"@id":"https:\/\/www.eldiario.net\/portal\/2026\/04\/29\/adios-al-sindrome-de-la-urgencia\/"},"wordCount":396,"publisher":{"@id":"https:\/\/www.eldiario.net\/portal\/#organization"},"image":{"@id":"https:\/\/www.eldiario.net\/portal\/2026\/04\/29\/adios-al-sindrome-de-la-urgencia\/#primaryimage"},"thumbnailUrl":"https:\/\/www.eldiario.net\/portal\/wp-content\/uploads\/2026\/04\/NOTA-3-FOTO-4.webp","articleSection":["Femenina"],"inLanguage":"es"},{"@type":"WebPage","@id":"https:\/\/www.eldiario.net\/portal\/2026\/04\/29\/adios-al-sindrome-de-la-urgencia\/","url":"https:\/\/www.eldiario.net\/portal\/2026\/04\/29\/adios-al-sindrome-de-la-urgencia\/","name":"Adi\u00f3s al s\u00edndrome de la urgencia - El Diario - Bolivia","isPartOf":{"@id":"https:\/\/www.eldiario.net\/portal\/#website"},"primaryImageOfPage":{"@id":"https:\/\/www.eldiario.net\/portal\/2026\/04\/29\/adios-al-sindrome-de-la-urgencia\/#primaryimage"},"image":{"@id":"https:\/\/www.eldiario.net\/portal\/2026\/04\/29\/adios-al-sindrome-de-la-urgencia\/#primaryimage"},"thumbnailUrl":"https:\/\/www.eldiario.net\/portal\/wp-content\/uploads\/2026\/04\/NOTA-3-FOTO-4.webp","datePublished":"2026-04-29T04:32:35+00:00","breadcrumb":{"@id":"https:\/\/www.eldiario.net\/portal\/2026\/04\/29\/adios-al-sindrome-de-la-urgencia\/#breadcrumb"},"inLanguage":"es","potentialAction":[{"@type":"ReadAction","target":["https:\/\/www.eldiario.net\/portal\/2026\/04\/29\/adios-al-sindrome-de-la-urgencia\/"]}]},{"@type":"ImageObject","inLanguage":"es","@id":"https:\/\/www.eldiario.net\/portal\/2026\/04\/29\/adios-al-sindrome-de-la-urgencia\/#primaryimage","url":"https:\/\/www.eldiario.net\/portal\/wp-content\/uploads\/2026\/04\/NOTA-3-FOTO-4.webp","contentUrl":"https:\/\/www.eldiario.net\/portal\/wp-content\/uploads\/2026\/04\/NOTA-3-FOTO-4.webp","width":1376,"height":768,"caption":"EL ESTR\u00c9S DE LA INMEDIATEZ NOS DESCONECTA DE LO QUE REALMENTE IMPORTA: EL PRESENTE."},{"@type":"BreadcrumbList","@id":"https:\/\/www.eldiario.net\/portal\/2026\/04\/29\/adios-al-sindrome-de-la-urgencia\/#breadcrumb","itemListElement":[{"@type":"ListItem","position":1,"name":"Portada","item":"https:\/\/www.eldiario.net\/portal\/"},{"@type":"ListItem","position":2,"name":"Adi\u00f3s al s\u00edndrome de la urgencia"}]},{"@type":"WebSite","@id":"https:\/\/www.eldiario.net\/portal\/#website","url":"https:\/\/www.eldiario.net\/portal\/","name":"El Diario - Decano de la prensa nacional","description":"El Diario - Decano de la prensa nacional","publisher":{"@id":"https:\/\/www.eldiario.net\/portal\/#organization"},"potentialAction":[{"@type":"SearchAction","target":{"@type":"EntryPoint","urlTemplate":"https:\/\/www.eldiario.net\/portal\/?s={search_term_string}"},"query-input":{"@type":"PropertyValueSpecification","valueRequired":true,"valueName":"search_term_string"}}],"inLanguage":"es"},{"@type":"Organization","@id":"https:\/\/www.eldiario.net\/portal\/#organization","name":"El Diario - Decano de la prensa nacional","url":"https:\/\/www.eldiario.net\/portal\/","logo":{"@type":"ImageObject","inLanguage":"es","@id":"https:\/\/www.eldiario.net\/portal\/#\/schema\/logo\/image\/","url":"https:\/\/www.eldiario.net\/portal\/wp-content\/uploads\/2023\/07\/logo_ED.jpg","contentUrl":"https:\/\/www.eldiario.net\/portal\/wp-content\/uploads\/2023\/07\/logo_ED.jpg","width":272,"height":52,"caption":"El Diario - Decano de la prensa nacional"},"image":{"@id":"https:\/\/www.eldiario.net\/portal\/#\/schema\/logo\/image\/"},"sameAs":["https:\/\/www.facebook.com\/eldiario.bolivia\/","https:\/\/x.com\/eldiario_net"]},{"@type":"Person","@id":"https:\/\/www.eldiario.net\/portal\/#\/schema\/person\/f46445640444750d7d753ccd04ae01b7","name":"Jeanette","image":{"@type":"ImageObject","inLanguage":"es","@id":"https:\/\/secure.gravatar.com\/avatar\/3ea2118a5f7dad2b7138b1187a6b7ee55f160b9968b66013c3a3ef39dd7e5798?s=96&d=mm&r=g","url":"https:\/\/secure.gravatar.com\/avatar\/3ea2118a5f7dad2b7138b1187a6b7ee55f160b9968b66013c3a3ef39dd7e5798?s=96&d=mm&r=g","contentUrl":"https:\/\/secure.gravatar.com\/avatar\/3ea2118a5f7dad2b7138b1187a6b7ee55f160b9968b66013c3a3ef39dd7e5798?s=96&d=mm&r=g","caption":"Jeanette"},"sameAs":["https:\/\/www.eldiario.net\/portal"],"url":"https:\/\/www.eldiario.net\/portal\/author\/jeanette\/"}]}},"_links":{"self":[{"href":"https:\/\/www.eldiario.net\/portal\/wp-json\/wp\/v2\/posts\/389435","targetHints":{"allow":["GET"]}}],"collection":[{"href":"https:\/\/www.eldiario.net\/portal\/wp-json\/wp\/v2\/posts"}],"about":[{"href":"https:\/\/www.eldiario.net\/portal\/wp-json\/wp\/v2\/types\/post"}],"author":[{"embeddable":true,"href":"https:\/\/www.eldiario.net\/portal\/wp-json\/wp\/v2\/users\/1"}],"replies":[{"embeddable":true,"href":"https:\/\/www.eldiario.net\/portal\/wp-json\/wp\/v2\/comments?post=389435"}],"version-history":[{"count":1,"href":"https:\/\/www.eldiario.net\/portal\/wp-json\/wp\/v2\/posts\/389435\/revisions"}],"predecessor-version":[{"id":389437,"href":"https:\/\/www.eldiario.net\/portal\/wp-json\/wp\/v2\/posts\/389435\/revisions\/389437"}],"wp:featuredmedia":[{"embeddable":true,"href":"https:\/\/www.eldiario.net\/portal\/wp-json\/wp\/v2\/media\/389436"}],"wp:attachment":[{"href":"https:\/\/www.eldiario.net\/portal\/wp-json\/wp\/v2\/media?parent=389435"}],"wp:term":[{"taxonomy":"category","embeddable":true,"href":"https:\/\/www.eldiario.net\/portal\/wp-json\/wp\/v2\/categories?post=389435"},{"taxonomy":"post_tag","embeddable":true,"href":"https:\/\/www.eldiario.net\/portal\/wp-json\/wp\/v2\/tags?post=389435"}],"curies":[{"name":"wp","href":"https:\/\/api.w.org\/{rel}","templated":true}]}}