{"id":389395,"date":"2026-04-28T19:31:10","date_gmt":"2026-04-28T23:31:10","guid":{"rendered":"https:\/\/www.eldiario.net\/portal\/?p=389395"},"modified":"2026-04-28T19:31:10","modified_gmt":"2026-04-28T23:31:10","slug":"gaza-medicos-sin-fronteras-denuncian-uso-del-agua-como-arma-1930","status":"publish","type":"post","link":"https:\/\/www.eldiario.net\/portal\/2026\/04\/28\/gaza-medicos-sin-fronteras-denuncian-uso-del-agua-como-arma-1930\/","title":{"rendered":"Gaza: M\u00e9dicos Sin Fronteras denuncian uso del agua como \u00abarma\u00bb (19:30)"},"content":{"rendered":"<p>La organizaci\u00f3n M\u00e9dicos Sin Fronteras (MSF) public\u00f3 este martes un informe titulado <em data-path-to-node=\"1\" data-index-in-node=\"96\">\u00abEl agua como arma\u00bb<\/em>, en el que acusa a Israel de privar sistem\u00e1ticamente a la poblaci\u00f3n de Gaza de este recurso vital.<\/p>\n<p>Seg\u00fan el reporte, la destrucci\u00f3n de casi el 90% de la infraestructura hidr\u00e1ulica y de saneamiento no es un efecto colateral, sino parte de una \u00abcampa\u00f1a de castigo colectivo\u00bb.<\/p>\n<p>Esta escasez deliberada ha provocado un brote masivo de enfermedades infecciosas, heridas infectadas y desnutrici\u00f3n severa en el enclave.<\/p>\n<p data-path-to-node=\"2\">Por su parte, el organismo israel\u00ed COGAT rechaz\u00f3 categ\u00f3ricamente las acusaciones, calific\u00e1ndolas de \u00abinfundadas\u00bb y acusando a MSF de parcialidad.<\/p>\n<p>A pesar de una tregua pactada hace meses, la ONU reporta que m\u00e1s de 700 palestinos han muerto desde el inicio de dicho cese al fuego, elevando la cifra total de fallecidos a m\u00e1s de 72,000 desde octubre de 2023.<\/p>\n<p>Actualmente, la poblaci\u00f3n sobrevive con niveles de agua muy por debajo del m\u00ednimo humanitario, mientras las solicitudes para ingresar equipos de desalinizaci\u00f3n y qu\u00edmicos de tratamiento siguen siendo bloqueadas. (Agencias)<\/p>\n","protected":false},"excerpt":{"rendered":"<p>La organizaci\u00f3n M\u00e9dicos Sin Fronteras (MSF) public\u00f3 este martes un informe titulado \u00abEl agua como arma\u00bb, en el que acusa a Israel de privar sistem\u00e1ticamente a la poblaci\u00f3n de Gaza de este recurso vital. Seg\u00fan el reporte, la destrucci\u00f3n de casi el 90% de la infraestructura hidr\u00e1ulica y de saneamiento no es un efecto colateral, [&hellip;]<\/p>\n","protected":false},"author":7,"featured_media":389396,"comment_status":"closed","ping_status":"open","sticky":false,"template":"","format":"standard","meta":{"_acf_changed":false,"footnotes":""},"categories":[51],"tags":[],"class_list":["post-389395","post","type-post","status-publish","format-standard","has-post-thumbnail","category-ultima-hora"],"acf":{"antetitulo":""},"yoast_head":"<!-- This site is optimized with the Yoast SEO plugin v28.4 - https:\/\/yoast.com\/product\/yoast-seo-wordpress\/ -->\n<title>Gaza: M\u00e9dicos Sin Fronteras denuncian uso del agua como &quot;arma&quot; (19:30) - El Diario - Bolivia<\/title>\n<meta name=\"robots\" content=\"index, follow, max-snippet:-1, max-image-preview:large, max-video-preview:-1\" \/>\n<link rel=\"canonical\" href=\"https:\/\/www.eldiario.net\/portal\/2026\/04\/28\/gaza-medicos-sin-fronteras-denuncian-uso-del-agua-como-arma-1930\/\" \/>\n<meta property=\"og:locale\" content=\"es_ES\" \/>\n<meta property=\"og:type\" content=\"article\" \/>\n<meta property=\"og:title\" content=\"Gaza: M\u00e9dicos Sin Fronteras denuncian uso del agua como &quot;arma&quot; (19:30) - El Diario - Bolivia\" \/>\n<meta property=\"og:description\" content=\"La organizaci\u00f3n M\u00e9dicos Sin Fronteras (MSF) public\u00f3 este martes un informe titulado \u00abEl agua como arma\u00bb, en el que acusa a Israel de privar sistem\u00e1ticamente a la poblaci\u00f3n de Gaza de este recurso vital. Seg\u00fan el reporte, la destrucci\u00f3n de casi el 90% de la infraestructura hidr\u00e1ulica y de saneamiento no es un efecto colateral, [&hellip;]\" \/>\n<meta property=\"og:url\" content=\"https:\/\/www.eldiario.net\/portal\/2026\/04\/28\/gaza-medicos-sin-fronteras-denuncian-uso-del-agua-como-arma-1930\/\" \/>\n<meta property=\"og:site_name\" content=\"El Diario - Bolivia\" \/>\n<meta property=\"article:publisher\" content=\"https:\/\/www.facebook.com\/eldiario.bolivia\/\" \/>\n<meta property=\"article:published_time\" content=\"2026-04-28T23:31:10+00:00\" \/>\n<meta property=\"og:image\" content=\"https:\/\/www.eldiario.net\/portal\/wp-content\/uploads\/2026\/04\/agua-foto-28.04.26-copia.webp\" \/>\n\t<meta property=\"og:image:width\" content=\"550\" \/>\n\t<meta property=\"og:image:height\" content=\"353\" \/>\n\t<meta property=\"og:image:type\" content=\"image\/webp\" \/>\n<meta name=\"author\" content=\"Viviana Monrroy\" \/>\n<meta name=\"twitter:card\" content=\"summary_large_image\" \/>\n<meta name=\"twitter:creator\" content=\"@eldiario_net\" \/>\n<meta name=\"twitter:site\" content=\"@eldiario_net\" \/>\n<meta name=\"twitter:label1\" content=\"Escrito por\" \/>\n\t<meta name=\"twitter:data1\" content=\"Viviana Monrroy\" \/>\n\t<meta name=\"twitter:label2\" content=\"Tiempo de lectura\" \/>\n\t<meta name=\"twitter:data2\" content=\"1 minuto\" \/>\n<script type=\"application\/ld+json\" class=\"yoast-schema-graph\">{\"@context\":\"https:\\\/\\\/schema.org\",\"@graph\":[{\"@type\":\"Article\",\"@id\":\"https:\\\/\\\/www.eldiario.net\\\/portal\\\/2026\\\/04\\\/28\\\/gaza-medicos-sin-fronteras-denuncian-uso-del-agua-como-arma-1930\\\/#article\",\"isPartOf\":{\"@id\":\"https:\\\/\\\/www.eldiario.net\\\/portal\\\/2026\\\/04\\\/28\\\/gaza-medicos-sin-fronteras-denuncian-uso-del-agua-como-arma-1930\\\/\"},\"author\":{\"name\":\"Viviana Monrroy\",\"@id\":\"https:\\\/\\\/www.eldiario.net\\\/portal\\\/#\\\/schema\\\/person\\\/ba370d92d160f4d3574381f6d9b78fab\"},\"headline\":\"Gaza: M\u00e9dicos Sin Fronteras denuncian uso del agua como \u00abarma\u00bb (19:30)\",\"datePublished\":\"2026-04-28T23:31:10+00:00\",\"mainEntityOfPage\":{\"@id\":\"https:\\\/\\\/www.eldiario.net\\\/portal\\\/2026\\\/04\\\/28\\\/gaza-medicos-sin-fronteras-denuncian-uso-del-agua-como-arma-1930\\\/\"},\"wordCount\":196,\"publisher\":{\"@id\":\"https:\\\/\\\/www.eldiario.net\\\/portal\\\/#organization\"},\"image\":{\"@id\":\"https:\\\/\\\/www.eldiario.net\\\/portal\\\/2026\\\/04\\\/28\\\/gaza-medicos-sin-fronteras-denuncian-uso-del-agua-como-arma-1930\\\/#primaryimage\"},\"thumbnailUrl\":\"https:\\\/\\\/www.eldiario.net\\\/portal\\\/wp-content\\\/uploads\\\/2026\\\/04\\\/agua-foto-28.04.26-copia.webp\",\"articleSection\":[\"\u00daltima Hora\"],\"inLanguage\":\"es\"},{\"@type\":\"WebPage\",\"@id\":\"https:\\\/\\\/www.eldiario.net\\\/portal\\\/2026\\\/04\\\/28\\\/gaza-medicos-sin-fronteras-denuncian-uso-del-agua-como-arma-1930\\\/\",\"url\":\"https:\\\/\\\/www.eldiario.net\\\/portal\\\/2026\\\/04\\\/28\\\/gaza-medicos-sin-fronteras-denuncian-uso-del-agua-como-arma-1930\\\/\",\"name\":\"Gaza: M\u00e9dicos Sin Fronteras denuncian uso del agua como \\\"arma\\\" (19:30) - El Diario - Bolivia\",\"isPartOf\":{\"@id\":\"https:\\\/\\\/www.eldiario.net\\\/portal\\\/#website\"},\"primaryImageOfPage\":{\"@id\":\"https:\\\/\\\/www.eldiario.net\\\/portal\\\/2026\\\/04\\\/28\\\/gaza-medicos-sin-fronteras-denuncian-uso-del-agua-como-arma-1930\\\/#primaryimage\"},\"image\":{\"@id\":\"https:\\\/\\\/www.eldiario.net\\\/portal\\\/2026\\\/04\\\/28\\\/gaza-medicos-sin-fronteras-denuncian-uso-del-agua-como-arma-1930\\\/#primaryimage\"},\"thumbnailUrl\":\"https:\\\/\\\/www.eldiario.net\\\/portal\\\/wp-content\\\/uploads\\\/2026\\\/04\\\/agua-foto-28.04.26-copia.webp\",\"datePublished\":\"2026-04-28T23:31:10+00:00\",\"breadcrumb\":{\"@id\":\"https:\\\/\\\/www.eldiario.net\\\/portal\\\/2026\\\/04\\\/28\\\/gaza-medicos-sin-fronteras-denuncian-uso-del-agua-como-arma-1930\\\/#breadcrumb\"},\"inLanguage\":\"es\",\"potentialAction\":[{\"@type\":\"ReadAction\",\"target\":[\"https:\\\/\\\/www.eldiario.net\\\/portal\\\/2026\\\/04\\\/28\\\/gaza-medicos-sin-fronteras-denuncian-uso-del-agua-como-arma-1930\\\/\"]}]},{\"@type\":\"ImageObject\",\"inLanguage\":\"es\",\"@id\":\"https:\\\/\\\/www.eldiario.net\\\/portal\\\/2026\\\/04\\\/28\\\/gaza-medicos-sin-fronteras-denuncian-uso-del-agua-como-arma-1930\\\/#primaryimage\",\"url\":\"https:\\\/\\\/www.eldiario.net\\\/portal\\\/wp-content\\\/uploads\\\/2026\\\/04\\\/agua-foto-28.04.26-copia.webp\",\"contentUrl\":\"https:\\\/\\\/www.eldiario.net\\\/portal\\\/wp-content\\\/uploads\\\/2026\\\/04\\\/agua-foto-28.04.26-copia.webp\",\"width\":550,\"height\":353,\"caption\":\"Foto: RR.SS.\"},{\"@type\":\"BreadcrumbList\",\"@id\":\"https:\\\/\\\/www.eldiario.net\\\/portal\\\/2026\\\/04\\\/28\\\/gaza-medicos-sin-fronteras-denuncian-uso-del-agua-como-arma-1930\\\/#breadcrumb\",\"itemListElement\":[{\"@type\":\"ListItem\",\"position\":1,\"name\":\"Portada\",\"item\":\"https:\\\/\\\/www.eldiario.net\\\/portal\\\/\"},{\"@type\":\"ListItem\",\"position\":2,\"name\":\"Gaza: M\u00e9dicos Sin Fronteras denuncian uso del agua como \u00abarma\u00bb (19:30)\"}]},{\"@type\":\"WebSite\",\"@id\":\"https:\\\/\\\/www.eldiario.net\\\/portal\\\/#website\",\"url\":\"https:\\\/\\\/www.eldiario.net\\\/portal\\\/\",\"name\":\"El Diario - Decano de la prensa nacional\",\"description\":\"El Diario - Decano de la prensa nacional\",\"publisher\":{\"@id\":\"https:\\\/\\\/www.eldiario.net\\\/portal\\\/#organization\"},\"potentialAction\":[{\"@type\":\"SearchAction\",\"target\":{\"@type\":\"EntryPoint\",\"urlTemplate\":\"https:\\\/\\\/www.eldiario.net\\\/portal\\\/?s={search_term_string}\"},\"query-input\":{\"@type\":\"PropertyValueSpecification\",\"valueRequired\":true,\"valueName\":\"search_term_string\"}}],\"inLanguage\":\"es\"},{\"@type\":\"Organization\",\"@id\":\"https:\\\/\\\/www.eldiario.net\\\/portal\\\/#organization\",\"name\":\"El Diario - Decano de la prensa nacional\",\"url\":\"https:\\\/\\\/www.eldiario.net\\\/portal\\\/\",\"logo\":{\"@type\":\"ImageObject\",\"inLanguage\":\"es\",\"@id\":\"https:\\\/\\\/www.eldiario.net\\\/portal\\\/#\\\/schema\\\/logo\\\/image\\\/\",\"url\":\"https:\\\/\\\/www.eldiario.net\\\/portal\\\/wp-content\\\/uploads\\\/2023\\\/07\\\/logo_ED.jpg\",\"contentUrl\":\"https:\\\/\\\/www.eldiario.net\\\/portal\\\/wp-content\\\/uploads\\\/2023\\\/07\\\/logo_ED.jpg\",\"width\":272,\"height\":52,\"caption\":\"El Diario - Decano de la prensa nacional\"},\"image\":{\"@id\":\"https:\\\/\\\/www.eldiario.net\\\/portal\\\/#\\\/schema\\\/logo\\\/image\\\/\"},\"sameAs\":[\"https:\\\/\\\/www.facebook.com\\\/eldiario.bolivia\\\/\",\"https:\\\/\\\/x.com\\\/eldiario_net\"]},{\"@type\":\"Person\",\"@id\":\"https:\\\/\\\/www.eldiario.net\\\/portal\\\/#\\\/schema\\\/person\\\/ba370d92d160f4d3574381f6d9b78fab\",\"name\":\"Viviana Monrroy\",\"image\":{\"@type\":\"ImageObject\",\"inLanguage\":\"es\",\"@id\":\"https:\\\/\\\/secure.gravatar.com\\\/avatar\\\/dfd1611ed5600959a0e5a9754503b6c05d1dcf190010998e0363aee2ad98afca?s=96&d=mm&r=g\",\"url\":\"https:\\\/\\\/secure.gravatar.com\\\/avatar\\\/dfd1611ed5600959a0e5a9754503b6c05d1dcf190010998e0363aee2ad98afca?s=96&d=mm&r=g\",\"contentUrl\":\"https:\\\/\\\/secure.gravatar.com\\\/avatar\\\/dfd1611ed5600959a0e5a9754503b6c05d1dcf190010998e0363aee2ad98afca?s=96&d=mm&r=g\",\"caption\":\"Viviana Monrroy\"},\"sameAs\":[\"http:\\\/\\\/www.eldiario.net\"],\"url\":\"https:\\\/\\\/www.eldiario.net\\\/portal\\\/author\\\/vivianamonrroy\\\/\"}]}<\/script>\n<!-- \/ Yoast SEO plugin. -->","yoast_head_json":{"title":"Gaza: M\u00e9dicos Sin Fronteras denuncian uso del agua como \"arma\" (19:30) - El Diario - Bolivia","robots":{"index":"index","follow":"follow","max-snippet":"max-snippet:-1","max-image-preview":"max-image-preview:large","max-video-preview":"max-video-preview:-1"},"canonical":"https:\/\/www.eldiario.net\/portal\/2026\/04\/28\/gaza-medicos-sin-fronteras-denuncian-uso-del-agua-como-arma-1930\/","og_locale":"es_ES","og_type":"article","og_title":"Gaza: M\u00e9dicos Sin Fronteras denuncian uso del agua como \"arma\" (19:30) - El Diario - Bolivia","og_description":"La organizaci\u00f3n M\u00e9dicos Sin Fronteras (MSF) public\u00f3 este martes un informe titulado \u00abEl agua como arma\u00bb, en el que acusa a Israel de privar sistem\u00e1ticamente a la poblaci\u00f3n de Gaza de este recurso vital. Seg\u00fan el reporte, la destrucci\u00f3n de casi el 90% de la infraestructura hidr\u00e1ulica y de saneamiento no es un efecto colateral, [&hellip;]","og_url":"https:\/\/www.eldiario.net\/portal\/2026\/04\/28\/gaza-medicos-sin-fronteras-denuncian-uso-del-agua-como-arma-1930\/","og_site_name":"El Diario - Bolivia","article_publisher":"https:\/\/www.facebook.com\/eldiario.bolivia\/","article_published_time":"2026-04-28T23:31:10+00:00","og_image":[{"width":550,"height":353,"url":"https:\/\/www.eldiario.net\/portal\/wp-content\/uploads\/2026\/04\/agua-foto-28.04.26-copia.webp","type":"image\/webp"}],"author":"Viviana Monrroy","twitter_card":"summary_large_image","twitter_creator":"@eldiario_net","twitter_site":"@eldiario_net","twitter_misc":{"Escrito por":"Viviana Monrroy","Tiempo de lectura":"1 minuto"},"schema":{"@context":"https:\/\/schema.org","@graph":[{"@type":"Article","@id":"https:\/\/www.eldiario.net\/portal\/2026\/04\/28\/gaza-medicos-sin-fronteras-denuncian-uso-del-agua-como-arma-1930\/#article","isPartOf":{"@id":"https:\/\/www.eldiario.net\/portal\/2026\/04\/28\/gaza-medicos-sin-fronteras-denuncian-uso-del-agua-como-arma-1930\/"},"author":{"name":"Viviana Monrroy","@id":"https:\/\/www.eldiario.net\/portal\/#\/schema\/person\/ba370d92d160f4d3574381f6d9b78fab"},"headline":"Gaza: M\u00e9dicos Sin Fronteras denuncian uso del agua como \u00abarma\u00bb (19:30)","datePublished":"2026-04-28T23:31:10+00:00","mainEntityOfPage":{"@id":"https:\/\/www.eldiario.net\/portal\/2026\/04\/28\/gaza-medicos-sin-fronteras-denuncian-uso-del-agua-como-arma-1930\/"},"wordCount":196,"publisher":{"@id":"https:\/\/www.eldiario.net\/portal\/#organization"},"image":{"@id":"https:\/\/www.eldiario.net\/portal\/2026\/04\/28\/gaza-medicos-sin-fronteras-denuncian-uso-del-agua-como-arma-1930\/#primaryimage"},"thumbnailUrl":"https:\/\/www.eldiario.net\/portal\/wp-content\/uploads\/2026\/04\/agua-foto-28.04.26-copia.webp","articleSection":["\u00daltima Hora"],"inLanguage":"es"},{"@type":"WebPage","@id":"https:\/\/www.eldiario.net\/portal\/2026\/04\/28\/gaza-medicos-sin-fronteras-denuncian-uso-del-agua-como-arma-1930\/","url":"https:\/\/www.eldiario.net\/portal\/2026\/04\/28\/gaza-medicos-sin-fronteras-denuncian-uso-del-agua-como-arma-1930\/","name":"Gaza: M\u00e9dicos Sin Fronteras denuncian uso del agua como \"arma\" (19:30) - El Diario - Bolivia","isPartOf":{"@id":"https:\/\/www.eldiario.net\/portal\/#website"},"primaryImageOfPage":{"@id":"https:\/\/www.eldiario.net\/portal\/2026\/04\/28\/gaza-medicos-sin-fronteras-denuncian-uso-del-agua-como-arma-1930\/#primaryimage"},"image":{"@id":"https:\/\/www.eldiario.net\/portal\/2026\/04\/28\/gaza-medicos-sin-fronteras-denuncian-uso-del-agua-como-arma-1930\/#primaryimage"},"thumbnailUrl":"https:\/\/www.eldiario.net\/portal\/wp-content\/uploads\/2026\/04\/agua-foto-28.04.26-copia.webp","datePublished":"2026-04-28T23:31:10+00:00","breadcrumb":{"@id":"https:\/\/www.eldiario.net\/portal\/2026\/04\/28\/gaza-medicos-sin-fronteras-denuncian-uso-del-agua-como-arma-1930\/#breadcrumb"},"inLanguage":"es","potentialAction":[{"@type":"ReadAction","target":["https:\/\/www.eldiario.net\/portal\/2026\/04\/28\/gaza-medicos-sin-fronteras-denuncian-uso-del-agua-como-arma-1930\/"]}]},{"@type":"ImageObject","inLanguage":"es","@id":"https:\/\/www.eldiario.net\/portal\/2026\/04\/28\/gaza-medicos-sin-fronteras-denuncian-uso-del-agua-como-arma-1930\/#primaryimage","url":"https:\/\/www.eldiario.net\/portal\/wp-content\/uploads\/2026\/04\/agua-foto-28.04.26-copia.webp","contentUrl":"https:\/\/www.eldiario.net\/portal\/wp-content\/uploads\/2026\/04\/agua-foto-28.04.26-copia.webp","width":550,"height":353,"caption":"Foto: RR.SS."},{"@type":"BreadcrumbList","@id":"https:\/\/www.eldiario.net\/portal\/2026\/04\/28\/gaza-medicos-sin-fronteras-denuncian-uso-del-agua-como-arma-1930\/#breadcrumb","itemListElement":[{"@type":"ListItem","position":1,"name":"Portada","item":"https:\/\/www.eldiario.net\/portal\/"},{"@type":"ListItem","position":2,"name":"Gaza: M\u00e9dicos Sin Fronteras denuncian uso del agua como \u00abarma\u00bb (19:30)"}]},{"@type":"WebSite","@id":"https:\/\/www.eldiario.net\/portal\/#website","url":"https:\/\/www.eldiario.net\/portal\/","name":"El Diario - Decano de la prensa nacional","description":"El Diario - Decano de la prensa nacional","publisher":{"@id":"https:\/\/www.eldiario.net\/portal\/#organization"},"potentialAction":[{"@type":"SearchAction","target":{"@type":"EntryPoint","urlTemplate":"https:\/\/www.eldiario.net\/portal\/?s={search_term_string}"},"query-input":{"@type":"PropertyValueSpecification","valueRequired":true,"valueName":"search_term_string"}}],"inLanguage":"es"},{"@type":"Organization","@id":"https:\/\/www.eldiario.net\/portal\/#organization","name":"El Diario - Decano de la prensa nacional","url":"https:\/\/www.eldiario.net\/portal\/","logo":{"@type":"ImageObject","inLanguage":"es","@id":"https:\/\/www.eldiario.net\/portal\/#\/schema\/logo\/image\/","url":"https:\/\/www.eldiario.net\/portal\/wp-content\/uploads\/2023\/07\/logo_ED.jpg","contentUrl":"https:\/\/www.eldiario.net\/portal\/wp-content\/uploads\/2023\/07\/logo_ED.jpg","width":272,"height":52,"caption":"El Diario - Decano de la prensa nacional"},"image":{"@id":"https:\/\/www.eldiario.net\/portal\/#\/schema\/logo\/image\/"},"sameAs":["https:\/\/www.facebook.com\/eldiario.bolivia\/","https:\/\/x.com\/eldiario_net"]},{"@type":"Person","@id":"https:\/\/www.eldiario.net\/portal\/#\/schema\/person\/ba370d92d160f4d3574381f6d9b78fab","name":"Viviana Monrroy","image":{"@type":"ImageObject","inLanguage":"es","@id":"https:\/\/secure.gravatar.com\/avatar\/dfd1611ed5600959a0e5a9754503b6c05d1dcf190010998e0363aee2ad98afca?s=96&d=mm&r=g","url":"https:\/\/secure.gravatar.com\/avatar\/dfd1611ed5600959a0e5a9754503b6c05d1dcf190010998e0363aee2ad98afca?s=96&d=mm&r=g","contentUrl":"https:\/\/secure.gravatar.com\/avatar\/dfd1611ed5600959a0e5a9754503b6c05d1dcf190010998e0363aee2ad98afca?s=96&d=mm&r=g","caption":"Viviana Monrroy"},"sameAs":["http:\/\/www.eldiario.net"],"url":"https:\/\/www.eldiario.net\/portal\/author\/vivianamonrroy\/"}]}},"_links":{"self":[{"href":"https:\/\/www.eldiario.net\/portal\/wp-json\/wp\/v2\/posts\/389395","targetHints":{"allow":["GET"]}}],"collection":[{"href":"https:\/\/www.eldiario.net\/portal\/wp-json\/wp\/v2\/posts"}],"about":[{"href":"https:\/\/www.eldiario.net\/portal\/wp-json\/wp\/v2\/types\/post"}],"author":[{"embeddable":true,"href":"https:\/\/www.eldiario.net\/portal\/wp-json\/wp\/v2\/users\/7"}],"replies":[{"embeddable":true,"href":"https:\/\/www.eldiario.net\/portal\/wp-json\/wp\/v2\/comments?post=389395"}],"version-history":[{"count":1,"href":"https:\/\/www.eldiario.net\/portal\/wp-json\/wp\/v2\/posts\/389395\/revisions"}],"predecessor-version":[{"id":389397,"href":"https:\/\/www.eldiario.net\/portal\/wp-json\/wp\/v2\/posts\/389395\/revisions\/389397"}],"wp:featuredmedia":[{"embeddable":true,"href":"https:\/\/www.eldiario.net\/portal\/wp-json\/wp\/v2\/media\/389396"}],"wp:attachment":[{"href":"https:\/\/www.eldiario.net\/portal\/wp-json\/wp\/v2\/media?parent=389395"}],"wp:term":[{"taxonomy":"category","embeddable":true,"href":"https:\/\/www.eldiario.net\/portal\/wp-json\/wp\/v2\/categories?post=389395"},{"taxonomy":"post_tag","embeddable":true,"href":"https:\/\/www.eldiario.net\/portal\/wp-json\/wp\/v2\/tags?post=389395"}],"curies":[{"name":"wp","href":"https:\/\/api.w.org\/{rel}","templated":true}]}}