{"id":388369,"date":"2026-04-25T06:02:34","date_gmt":"2026-04-25T10:02:34","guid":{"rendered":"https:\/\/www.eldiario.net\/portal\/?p=388369"},"modified":"2026-04-25T06:02:34","modified_gmt":"2026-04-25T10:02:34","slug":"interculturales-del-norte-paceno-iniciaran-bloqueo-de-carreteras","status":"publish","type":"post","link":"https:\/\/www.eldiario.net\/portal\/2026\/04\/25\/interculturales-del-norte-paceno-iniciaran-bloqueo-de-carreteras\/","title":{"rendered":"Interculturales del norte pace\u00f1o  iniciar\u00e1n bloqueo de carreteras"},"content":{"rendered":"<p>La Federaci\u00f3n Departamental de Comunidades Interculturales Originarias de La Paz y la Federaci\u00f3n Departamental de Mujeres emitieron un instructivo en el que determinan iniciar un bloqueo de caminos con movilizaci\u00f3n general, contundente e indefinida en el norte del departamento desde las cero horas del lunes 27 de abril de 2026. La medida fue comunicada a ejecutivos provinciales, regionales, centrales agrarias y bases afiliadas.<br \/>\nDe acuerdo con el documento, la medida responde \u201ca la defensa de sus derechos sociales, econ\u00f3micos y democr\u00e1ticos, la falta de atenci\u00f3n del Gobierno central, los atentados contra la democracia, la pretensi\u00f3n de imponer autoridades ileg\u00edtimas en el departamento de La Paz, la imposici\u00f3n de leyes y decretos sin consenso social, as\u00ed como la provisi\u00f3n de combustible de mala calidad\u201d.<br \/>\nLas bases fueron convocadas a concentrarse en puntos estrat\u00e9gicos definidos por cada regi\u00f3n y provincia, sobre todo, del norte pace\u00f1o. La dirigencia tambi\u00e9n dispuso la conformaci\u00f3n de comit\u00e9s de bloqueo para coordinar, controlar y supervisar las medidas de presi\u00f3n.<br \/>\nD\u00edas atr\u00e1s, el representante del Comit\u00e9 Ejecutivo Departamental de Interculturales del Norte de La Paz, Lucio Huanca, junto a otros dirigentes del sector, adelantaron que esa disposici\u00f3n fue determinada en un ampliado, como medida de presi\u00f3n ante la falta de atenci\u00f3n por parte del Gobierno.<br \/>\nExplic\u00f3 que la decisi\u00f3n surge tras no haber recibido respuestas a sus demandas, las cuales consideran urgentes para las comunidades del Norte del departamento de La Paz. Advirti\u00f3 que la medida ser\u00e1 indefinida hasta que las autoridades atiendan sus pedidos.<br \/>\nAdem\u00e1s, no se descarta asumir otras acciones de presi\u00f3n en caso de no ser escuchados por las autoridades nacionales.<\/p>\n","protected":false},"excerpt":{"rendered":"<p>La Federaci\u00f3n Departamental de Comunidades Interculturales Originarias de La Paz y la Federaci\u00f3n Departamental de Mujeres emitieron un instructivo en el que determinan iniciar un bloqueo de caminos con movilizaci\u00f3n general, contundente e indefinida en el norte del departamento desde las cero horas del lunes 27 de abril de 2026. La medida fue comunicada a [&hellip;]<\/p>\n","protected":false},"author":1,"featured_media":194726,"comment_status":"closed","ping_status":"open","sticky":false,"template":"","format":"standard","meta":{"_acf_changed":false,"footnotes":""},"categories":[12],"tags":[],"class_list":["post-388369","post","type-post","status-publish","format-standard","has-post-thumbnail","category-nacional"],"acf":{"antetitulo":"Desde este lunes"},"yoast_head":"<!-- This site is optimized with the Yoast SEO plugin v28.3 - https:\/\/yoast.com\/product\/yoast-seo-wordpress\/ -->\n<title>Interculturales del norte pace\u00f1o iniciar\u00e1n bloqueo de carreteras - El Diario - Bolivia<\/title>\n<meta name=\"robots\" content=\"index, follow, max-snippet:-1, max-image-preview:large, max-video-preview:-1\" \/>\n<link rel=\"canonical\" href=\"https:\/\/www.eldiario.net\/portal\/2026\/04\/25\/interculturales-del-norte-paceno-iniciaran-bloqueo-de-carreteras\/\" \/>\n<meta property=\"og:locale\" content=\"es_ES\" \/>\n<meta property=\"og:type\" content=\"article\" \/>\n<meta property=\"og:title\" content=\"Interculturales del norte pace\u00f1o iniciar\u00e1n bloqueo de carreteras - El Diario - Bolivia\" \/>\n<meta property=\"og:description\" content=\"La Federaci\u00f3n Departamental de Comunidades Interculturales Originarias de La Paz y la Federaci\u00f3n Departamental de Mujeres emitieron un instructivo en el que determinan iniciar un bloqueo de caminos con movilizaci\u00f3n general, contundente e indefinida en el norte del departamento desde las cero horas del lunes 27 de abril de 2026. La medida fue comunicada a [&hellip;]\" \/>\n<meta property=\"og:url\" content=\"https:\/\/www.eldiario.net\/portal\/2026\/04\/25\/interculturales-del-norte-paceno-iniciaran-bloqueo-de-carreteras\/\" \/>\n<meta property=\"og:site_name\" content=\"El Diario - Bolivia\" \/>\n<meta property=\"article:publisher\" content=\"https:\/\/www.facebook.com\/eldiario.bolivia\/\" \/>\n<meta property=\"article:published_time\" content=\"2026-04-25T10:02:34+00:00\" \/>\n<meta property=\"og:image\" content=\"https:\/\/www.eldiario.net\/portal\/wp-content\/uploads\/2023\/12\/Nacional.jpg\" \/>\n\t<meta property=\"og:image:width\" content=\"800\" \/>\n\t<meta property=\"og:image:height\" content=\"500\" \/>\n\t<meta property=\"og:image:type\" content=\"image\/jpeg\" \/>\n<meta name=\"author\" content=\"Jeanette\" \/>\n<meta name=\"twitter:card\" content=\"summary_large_image\" \/>\n<meta name=\"twitter:creator\" content=\"@eldiario_net\" \/>\n<meta name=\"twitter:site\" content=\"@eldiario_net\" \/>\n<meta name=\"twitter:label1\" content=\"Escrito por\" \/>\n\t<meta name=\"twitter:data1\" content=\"Jeanette\" \/>\n\t<meta name=\"twitter:label2\" content=\"Tiempo de lectura\" \/>\n\t<meta name=\"twitter:data2\" content=\"2 minutos\" \/>\n<script type=\"application\/ld+json\" class=\"yoast-schema-graph\">{\"@context\":\"https:\\\/\\\/schema.org\",\"@graph\":[{\"@type\":\"Article\",\"@id\":\"https:\\\/\\\/www.eldiario.net\\\/portal\\\/2026\\\/04\\\/25\\\/interculturales-del-norte-paceno-iniciaran-bloqueo-de-carreteras\\\/#article\",\"isPartOf\":{\"@id\":\"https:\\\/\\\/www.eldiario.net\\\/portal\\\/2026\\\/04\\\/25\\\/interculturales-del-norte-paceno-iniciaran-bloqueo-de-carreteras\\\/\"},\"author\":{\"name\":\"Jeanette\",\"@id\":\"https:\\\/\\\/www.eldiario.net\\\/portal\\\/#\\\/schema\\\/person\\\/f46445640444750d7d753ccd04ae01b7\"},\"headline\":\"Interculturales del norte pace\u00f1o iniciar\u00e1n bloqueo de carreteras\",\"datePublished\":\"2026-04-25T10:02:34+00:00\",\"mainEntityOfPage\":{\"@id\":\"https:\\\/\\\/www.eldiario.net\\\/portal\\\/2026\\\/04\\\/25\\\/interculturales-del-norte-paceno-iniciaran-bloqueo-de-carreteras\\\/\"},\"wordCount\":299,\"publisher\":{\"@id\":\"https:\\\/\\\/www.eldiario.net\\\/portal\\\/#organization\"},\"image\":{\"@id\":\"https:\\\/\\\/www.eldiario.net\\\/portal\\\/2026\\\/04\\\/25\\\/interculturales-del-norte-paceno-iniciaran-bloqueo-de-carreteras\\\/#primaryimage\"},\"thumbnailUrl\":\"https:\\\/\\\/www.eldiario.net\\\/portal\\\/wp-content\\\/uploads\\\/2023\\\/12\\\/Nacional.jpg\",\"articleSection\":[\"Nacional\"],\"inLanguage\":\"es\"},{\"@type\":\"WebPage\",\"@id\":\"https:\\\/\\\/www.eldiario.net\\\/portal\\\/2026\\\/04\\\/25\\\/interculturales-del-norte-paceno-iniciaran-bloqueo-de-carreteras\\\/\",\"url\":\"https:\\\/\\\/www.eldiario.net\\\/portal\\\/2026\\\/04\\\/25\\\/interculturales-del-norte-paceno-iniciaran-bloqueo-de-carreteras\\\/\",\"name\":\"Interculturales del norte pace\u00f1o iniciar\u00e1n bloqueo de carreteras - El Diario - Bolivia\",\"isPartOf\":{\"@id\":\"https:\\\/\\\/www.eldiario.net\\\/portal\\\/#website\"},\"primaryImageOfPage\":{\"@id\":\"https:\\\/\\\/www.eldiario.net\\\/portal\\\/2026\\\/04\\\/25\\\/interculturales-del-norte-paceno-iniciaran-bloqueo-de-carreteras\\\/#primaryimage\"},\"image\":{\"@id\":\"https:\\\/\\\/www.eldiario.net\\\/portal\\\/2026\\\/04\\\/25\\\/interculturales-del-norte-paceno-iniciaran-bloqueo-de-carreteras\\\/#primaryimage\"},\"thumbnailUrl\":\"https:\\\/\\\/www.eldiario.net\\\/portal\\\/wp-content\\\/uploads\\\/2023\\\/12\\\/Nacional.jpg\",\"datePublished\":\"2026-04-25T10:02:34+00:00\",\"breadcrumb\":{\"@id\":\"https:\\\/\\\/www.eldiario.net\\\/portal\\\/2026\\\/04\\\/25\\\/interculturales-del-norte-paceno-iniciaran-bloqueo-de-carreteras\\\/#breadcrumb\"},\"inLanguage\":\"es\",\"potentialAction\":[{\"@type\":\"ReadAction\",\"target\":[\"https:\\\/\\\/www.eldiario.net\\\/portal\\\/2026\\\/04\\\/25\\\/interculturales-del-norte-paceno-iniciaran-bloqueo-de-carreteras\\\/\"]}]},{\"@type\":\"ImageObject\",\"inLanguage\":\"es\",\"@id\":\"https:\\\/\\\/www.eldiario.net\\\/portal\\\/2026\\\/04\\\/25\\\/interculturales-del-norte-paceno-iniciaran-bloqueo-de-carreteras\\\/#primaryimage\",\"url\":\"https:\\\/\\\/www.eldiario.net\\\/portal\\\/wp-content\\\/uploads\\\/2023\\\/12\\\/Nacional.jpg\",\"contentUrl\":\"https:\\\/\\\/www.eldiario.net\\\/portal\\\/wp-content\\\/uploads\\\/2023\\\/12\\\/Nacional.jpg\",\"width\":800,\"height\":500},{\"@type\":\"BreadcrumbList\",\"@id\":\"https:\\\/\\\/www.eldiario.net\\\/portal\\\/2026\\\/04\\\/25\\\/interculturales-del-norte-paceno-iniciaran-bloqueo-de-carreteras\\\/#breadcrumb\",\"itemListElement\":[{\"@type\":\"ListItem\",\"position\":1,\"name\":\"Portada\",\"item\":\"https:\\\/\\\/www.eldiario.net\\\/portal\\\/\"},{\"@type\":\"ListItem\",\"position\":2,\"name\":\"Interculturales del norte pace\u00f1o iniciar\u00e1n bloqueo de carreteras\"}]},{\"@type\":\"WebSite\",\"@id\":\"https:\\\/\\\/www.eldiario.net\\\/portal\\\/#website\",\"url\":\"https:\\\/\\\/www.eldiario.net\\\/portal\\\/\",\"name\":\"El Diario - Decano de la prensa nacional\",\"description\":\"El Diario - Decano de la prensa nacional\",\"publisher\":{\"@id\":\"https:\\\/\\\/www.eldiario.net\\\/portal\\\/#organization\"},\"potentialAction\":[{\"@type\":\"SearchAction\",\"target\":{\"@type\":\"EntryPoint\",\"urlTemplate\":\"https:\\\/\\\/www.eldiario.net\\\/portal\\\/?s={search_term_string}\"},\"query-input\":{\"@type\":\"PropertyValueSpecification\",\"valueRequired\":true,\"valueName\":\"search_term_string\"}}],\"inLanguage\":\"es\"},{\"@type\":\"Organization\",\"@id\":\"https:\\\/\\\/www.eldiario.net\\\/portal\\\/#organization\",\"name\":\"El Diario - Decano de la prensa nacional\",\"url\":\"https:\\\/\\\/www.eldiario.net\\\/portal\\\/\",\"logo\":{\"@type\":\"ImageObject\",\"inLanguage\":\"es\",\"@id\":\"https:\\\/\\\/www.eldiario.net\\\/portal\\\/#\\\/schema\\\/logo\\\/image\\\/\",\"url\":\"https:\\\/\\\/www.eldiario.net\\\/portal\\\/wp-content\\\/uploads\\\/2023\\\/07\\\/logo_ED.jpg\",\"contentUrl\":\"https:\\\/\\\/www.eldiario.net\\\/portal\\\/wp-content\\\/uploads\\\/2023\\\/07\\\/logo_ED.jpg\",\"width\":272,\"height\":52,\"caption\":\"El Diario - Decano de la prensa nacional\"},\"image\":{\"@id\":\"https:\\\/\\\/www.eldiario.net\\\/portal\\\/#\\\/schema\\\/logo\\\/image\\\/\"},\"sameAs\":[\"https:\\\/\\\/www.facebook.com\\\/eldiario.bolivia\\\/\",\"https:\\\/\\\/x.com\\\/eldiario_net\"]},{\"@type\":\"Person\",\"@id\":\"https:\\\/\\\/www.eldiario.net\\\/portal\\\/#\\\/schema\\\/person\\\/f46445640444750d7d753ccd04ae01b7\",\"name\":\"Jeanette\",\"image\":{\"@type\":\"ImageObject\",\"inLanguage\":\"es\",\"@id\":\"https:\\\/\\\/secure.gravatar.com\\\/avatar\\\/3ea2118a5f7dad2b7138b1187a6b7ee55f160b9968b66013c3a3ef39dd7e5798?s=96&d=mm&r=g\",\"url\":\"https:\\\/\\\/secure.gravatar.com\\\/avatar\\\/3ea2118a5f7dad2b7138b1187a6b7ee55f160b9968b66013c3a3ef39dd7e5798?s=96&d=mm&r=g\",\"contentUrl\":\"https:\\\/\\\/secure.gravatar.com\\\/avatar\\\/3ea2118a5f7dad2b7138b1187a6b7ee55f160b9968b66013c3a3ef39dd7e5798?s=96&d=mm&r=g\",\"caption\":\"Jeanette\"},\"sameAs\":[\"https:\\\/\\\/www.eldiario.net\\\/portal\"],\"url\":\"https:\\\/\\\/www.eldiario.net\\\/portal\\\/author\\\/jeanette\\\/\"}]}<\/script>\n<!-- \/ Yoast SEO plugin. -->","yoast_head_json":{"title":"Interculturales del norte pace\u00f1o iniciar\u00e1n bloqueo de carreteras - El Diario - Bolivia","robots":{"index":"index","follow":"follow","max-snippet":"max-snippet:-1","max-image-preview":"max-image-preview:large","max-video-preview":"max-video-preview:-1"},"canonical":"https:\/\/www.eldiario.net\/portal\/2026\/04\/25\/interculturales-del-norte-paceno-iniciaran-bloqueo-de-carreteras\/","og_locale":"es_ES","og_type":"article","og_title":"Interculturales del norte pace\u00f1o iniciar\u00e1n bloqueo de carreteras - El Diario - Bolivia","og_description":"La Federaci\u00f3n Departamental de Comunidades Interculturales Originarias de La Paz y la Federaci\u00f3n Departamental de Mujeres emitieron un instructivo en el que determinan iniciar un bloqueo de caminos con movilizaci\u00f3n general, contundente e indefinida en el norte del departamento desde las cero horas del lunes 27 de abril de 2026. La medida fue comunicada a [&hellip;]","og_url":"https:\/\/www.eldiario.net\/portal\/2026\/04\/25\/interculturales-del-norte-paceno-iniciaran-bloqueo-de-carreteras\/","og_site_name":"El Diario - Bolivia","article_publisher":"https:\/\/www.facebook.com\/eldiario.bolivia\/","article_published_time":"2026-04-25T10:02:34+00:00","og_image":[{"width":800,"height":500,"url":"https:\/\/www.eldiario.net\/portal\/wp-content\/uploads\/2023\/12\/Nacional.jpg","type":"image\/jpeg"}],"author":"Jeanette","twitter_card":"summary_large_image","twitter_creator":"@eldiario_net","twitter_site":"@eldiario_net","twitter_misc":{"Escrito por":"Jeanette","Tiempo de lectura":"2 minutos"},"schema":{"@context":"https:\/\/schema.org","@graph":[{"@type":"Article","@id":"https:\/\/www.eldiario.net\/portal\/2026\/04\/25\/interculturales-del-norte-paceno-iniciaran-bloqueo-de-carreteras\/#article","isPartOf":{"@id":"https:\/\/www.eldiario.net\/portal\/2026\/04\/25\/interculturales-del-norte-paceno-iniciaran-bloqueo-de-carreteras\/"},"author":{"name":"Jeanette","@id":"https:\/\/www.eldiario.net\/portal\/#\/schema\/person\/f46445640444750d7d753ccd04ae01b7"},"headline":"Interculturales del norte pace\u00f1o iniciar\u00e1n bloqueo de carreteras","datePublished":"2026-04-25T10:02:34+00:00","mainEntityOfPage":{"@id":"https:\/\/www.eldiario.net\/portal\/2026\/04\/25\/interculturales-del-norte-paceno-iniciaran-bloqueo-de-carreteras\/"},"wordCount":299,"publisher":{"@id":"https:\/\/www.eldiario.net\/portal\/#organization"},"image":{"@id":"https:\/\/www.eldiario.net\/portal\/2026\/04\/25\/interculturales-del-norte-paceno-iniciaran-bloqueo-de-carreteras\/#primaryimage"},"thumbnailUrl":"https:\/\/www.eldiario.net\/portal\/wp-content\/uploads\/2023\/12\/Nacional.jpg","articleSection":["Nacional"],"inLanguage":"es"},{"@type":"WebPage","@id":"https:\/\/www.eldiario.net\/portal\/2026\/04\/25\/interculturales-del-norte-paceno-iniciaran-bloqueo-de-carreteras\/","url":"https:\/\/www.eldiario.net\/portal\/2026\/04\/25\/interculturales-del-norte-paceno-iniciaran-bloqueo-de-carreteras\/","name":"Interculturales del norte pace\u00f1o iniciar\u00e1n bloqueo de carreteras - El Diario - Bolivia","isPartOf":{"@id":"https:\/\/www.eldiario.net\/portal\/#website"},"primaryImageOfPage":{"@id":"https:\/\/www.eldiario.net\/portal\/2026\/04\/25\/interculturales-del-norte-paceno-iniciaran-bloqueo-de-carreteras\/#primaryimage"},"image":{"@id":"https:\/\/www.eldiario.net\/portal\/2026\/04\/25\/interculturales-del-norte-paceno-iniciaran-bloqueo-de-carreteras\/#primaryimage"},"thumbnailUrl":"https:\/\/www.eldiario.net\/portal\/wp-content\/uploads\/2023\/12\/Nacional.jpg","datePublished":"2026-04-25T10:02:34+00:00","breadcrumb":{"@id":"https:\/\/www.eldiario.net\/portal\/2026\/04\/25\/interculturales-del-norte-paceno-iniciaran-bloqueo-de-carreteras\/#breadcrumb"},"inLanguage":"es","potentialAction":[{"@type":"ReadAction","target":["https:\/\/www.eldiario.net\/portal\/2026\/04\/25\/interculturales-del-norte-paceno-iniciaran-bloqueo-de-carreteras\/"]}]},{"@type":"ImageObject","inLanguage":"es","@id":"https:\/\/www.eldiario.net\/portal\/2026\/04\/25\/interculturales-del-norte-paceno-iniciaran-bloqueo-de-carreteras\/#primaryimage","url":"https:\/\/www.eldiario.net\/portal\/wp-content\/uploads\/2023\/12\/Nacional.jpg","contentUrl":"https:\/\/www.eldiario.net\/portal\/wp-content\/uploads\/2023\/12\/Nacional.jpg","width":800,"height":500},{"@type":"BreadcrumbList","@id":"https:\/\/www.eldiario.net\/portal\/2026\/04\/25\/interculturales-del-norte-paceno-iniciaran-bloqueo-de-carreteras\/#breadcrumb","itemListElement":[{"@type":"ListItem","position":1,"name":"Portada","item":"https:\/\/www.eldiario.net\/portal\/"},{"@type":"ListItem","position":2,"name":"Interculturales del norte pace\u00f1o iniciar\u00e1n bloqueo de carreteras"}]},{"@type":"WebSite","@id":"https:\/\/www.eldiario.net\/portal\/#website","url":"https:\/\/www.eldiario.net\/portal\/","name":"El Diario - Decano de la prensa nacional","description":"El Diario - Decano de la prensa nacional","publisher":{"@id":"https:\/\/www.eldiario.net\/portal\/#organization"},"potentialAction":[{"@type":"SearchAction","target":{"@type":"EntryPoint","urlTemplate":"https:\/\/www.eldiario.net\/portal\/?s={search_term_string}"},"query-input":{"@type":"PropertyValueSpecification","valueRequired":true,"valueName":"search_term_string"}}],"inLanguage":"es"},{"@type":"Organization","@id":"https:\/\/www.eldiario.net\/portal\/#organization","name":"El Diario - Decano de la prensa nacional","url":"https:\/\/www.eldiario.net\/portal\/","logo":{"@type":"ImageObject","inLanguage":"es","@id":"https:\/\/www.eldiario.net\/portal\/#\/schema\/logo\/image\/","url":"https:\/\/www.eldiario.net\/portal\/wp-content\/uploads\/2023\/07\/logo_ED.jpg","contentUrl":"https:\/\/www.eldiario.net\/portal\/wp-content\/uploads\/2023\/07\/logo_ED.jpg","width":272,"height":52,"caption":"El Diario - Decano de la prensa nacional"},"image":{"@id":"https:\/\/www.eldiario.net\/portal\/#\/schema\/logo\/image\/"},"sameAs":["https:\/\/www.facebook.com\/eldiario.bolivia\/","https:\/\/x.com\/eldiario_net"]},{"@type":"Person","@id":"https:\/\/www.eldiario.net\/portal\/#\/schema\/person\/f46445640444750d7d753ccd04ae01b7","name":"Jeanette","image":{"@type":"ImageObject","inLanguage":"es","@id":"https:\/\/secure.gravatar.com\/avatar\/3ea2118a5f7dad2b7138b1187a6b7ee55f160b9968b66013c3a3ef39dd7e5798?s=96&d=mm&r=g","url":"https:\/\/secure.gravatar.com\/avatar\/3ea2118a5f7dad2b7138b1187a6b7ee55f160b9968b66013c3a3ef39dd7e5798?s=96&d=mm&r=g","contentUrl":"https:\/\/secure.gravatar.com\/avatar\/3ea2118a5f7dad2b7138b1187a6b7ee55f160b9968b66013c3a3ef39dd7e5798?s=96&d=mm&r=g","caption":"Jeanette"},"sameAs":["https:\/\/www.eldiario.net\/portal"],"url":"https:\/\/www.eldiario.net\/portal\/author\/jeanette\/"}]}},"_links":{"self":[{"href":"https:\/\/www.eldiario.net\/portal\/wp-json\/wp\/v2\/posts\/388369","targetHints":{"allow":["GET"]}}],"collection":[{"href":"https:\/\/www.eldiario.net\/portal\/wp-json\/wp\/v2\/posts"}],"about":[{"href":"https:\/\/www.eldiario.net\/portal\/wp-json\/wp\/v2\/types\/post"}],"author":[{"embeddable":true,"href":"https:\/\/www.eldiario.net\/portal\/wp-json\/wp\/v2\/users\/1"}],"replies":[{"embeddable":true,"href":"https:\/\/www.eldiario.net\/portal\/wp-json\/wp\/v2\/comments?post=388369"}],"version-history":[{"count":1,"href":"https:\/\/www.eldiario.net\/portal\/wp-json\/wp\/v2\/posts\/388369\/revisions"}],"predecessor-version":[{"id":388370,"href":"https:\/\/www.eldiario.net\/portal\/wp-json\/wp\/v2\/posts\/388369\/revisions\/388370"}],"wp:featuredmedia":[{"embeddable":true,"href":"https:\/\/www.eldiario.net\/portal\/wp-json\/wp\/v2\/media\/194726"}],"wp:attachment":[{"href":"https:\/\/www.eldiario.net\/portal\/wp-json\/wp\/v2\/media?parent=388369"}],"wp:term":[{"taxonomy":"category","embeddable":true,"href":"https:\/\/www.eldiario.net\/portal\/wp-json\/wp\/v2\/categories?post=388369"},{"taxonomy":"post_tag","embeddable":true,"href":"https:\/\/www.eldiario.net\/portal\/wp-json\/wp\/v2\/tags?post=388369"}],"curies":[{"name":"wp","href":"https:\/\/api.w.org\/{rel}","templated":true}]}}