{"id":387958,"date":"2026-04-24T00:11:38","date_gmt":"2026-04-24T04:11:38","guid":{"rendered":"https:\/\/www.eldiario.net\/portal\/?p=387958"},"modified":"2026-04-23T22:12:16","modified_gmt":"2026-04-24T02:12:16","slug":"envian-a-sujeto-a-palmasola-por-pornografia-infantil","status":"publish","type":"post","link":"https:\/\/www.eldiario.net\/portal\/2026\/04\/24\/envian-a-sujeto-a-palmasola-por-pornografia-infantil\/","title":{"rendered":"Env\u00edan a sujeto a Palmasola por pornograf\u00eda infantil"},"content":{"rendered":"<p>Un hombre de 35 a\u00f1os fue enviado a prisi\u00f3n con detenci\u00f3n preventiva tras ser aprehendido por promover pornograf\u00eda infantil, luego de descubrirse que contactaba a menores de edad a trav\u00e9s de redes sociales utilizando un perfil falso generado con inteligencia artificial para hacerse pasar por un adolescente.<\/p>\n<p>El fiscal, Daniel Lobo, inform\u00f3 que se dispuso la detenci\u00f3n preventiva del implicado, a quien el Ministerio P\u00fablico atribuye de manera provisional los delitos de almacenamiento, producci\u00f3n y contacto con menores de edad con fines vinculados a material de abuso sexual infantil.<\/p>\n<p>De acuerdo con la autoridad el sospechoso habr\u00eda utilizado enga\u00f1os para inducir a menores de 14 a\u00f1os a grabarse o fotografiarse en situaciones \u00edntimas, solicitando posteriormente el env\u00edo de ese material. Para ello, habr\u00eda creado una identidad falsa de una supuesta adolescente de 17 a\u00f1os mediante el uso de inteligencia artificial, con el objetivo de contactar y captar a las v\u00edctimas.<\/p>\n<p>Seg\u00fan la informaci\u00f3n, la familia de una de las v\u00edctimas se hizo pasar por la menor de edad para contactar al sospechoso y lograr que acudiera a un punto de encuentro. Una vez all\u00ed, fue detenido por los familiares y posteriormente entregado a la Polic\u00eda.<\/p>\n<p>Agentes policiales procedieron a la revisi\u00f3n del tel\u00e9fono celular del aprehendido, donde se constat\u00f3 la posible existencia de otras v\u00edctimas relacionadas con el caso. De igual forma, se hallaron videos con contenido de violaci\u00f3n, lo que evidenciar\u00eda que en algunos casos el implicado citaba a las menores para posteriormente cometer los abusos sexuales.<\/p>\n<p>Seg\u00fan la Defensor\u00eda, las investigaciones establecen que el n\u00famero de menores afectadas alcanzar\u00eda al menos 34 casos, cifra que todav\u00eda deber\u00e1 ser corroborada por las autoridades competentes. Asimismo, se inform\u00f3 que una de las v\u00edctimas tendr\u00eda una discapacidad, situaci\u00f3n que ya fue puesta en conocimiento de la autoridad judicial.<\/p>\n<p>El sujeto fue puesto a disposici\u00f3n de la justicia, instancia que determin\u00f3 su detenci\u00f3n preventiva por 120 d\u00edas en el penal de Palmasola, mientras las investigaciones contin\u00faan.<\/p>\n<p>En este contexto, las autoridades indicaron que la investigaci\u00f3n sigue abierta y contempla la convocatoria de padres de familia y de las presuntas afectadas, con el fin de someterlas a evaluaciones psicol\u00f3gicas que permitan aportar mayores elementos al proceso. (Unitel)<\/p>\n<p>&nbsp;<\/p>\n","protected":false},"excerpt":{"rendered":"<p>Un hombre de 35 a\u00f1os fue enviado a prisi\u00f3n con detenci\u00f3n preventiva tras ser aprehendido por promover pornograf\u00eda infantil, luego de descubrirse que contactaba a menores de edad a trav\u00e9s de redes sociales utilizando un perfil falso generado con inteligencia artificial para hacerse pasar por un adolescente. El fiscal, Daniel Lobo, inform\u00f3 que se dispuso [&hellip;]<\/p>\n","protected":false},"author":1,"featured_media":387959,"comment_status":"closed","ping_status":"open","sticky":false,"template":"","format":"standard","meta":{"_acf_changed":false,"footnotes":""},"categories":[39],"tags":[],"class_list":["post-387958","post","type-post","status-publish","format-standard","has-post-thumbnail","category-sociedad"],"acf":{"antetitulo":"Santa Cruz"},"yoast_head":"<!-- This site is optimized with the Yoast SEO plugin v28.4 - https:\/\/yoast.com\/product\/yoast-seo-wordpress\/ -->\n<title>Env\u00edan a sujeto a Palmasola por pornograf\u00eda infantil - El Diario - Bolivia<\/title>\n<meta name=\"robots\" content=\"index, follow, max-snippet:-1, max-image-preview:large, max-video-preview:-1\" \/>\n<link rel=\"canonical\" href=\"https:\/\/www.eldiario.net\/portal\/2026\/04\/24\/envian-a-sujeto-a-palmasola-por-pornografia-infantil\/\" \/>\n<meta property=\"og:locale\" content=\"es_ES\" \/>\n<meta property=\"og:type\" content=\"article\" \/>\n<meta property=\"og:title\" content=\"Env\u00edan a sujeto a Palmasola por pornograf\u00eda infantil - El Diario - Bolivia\" \/>\n<meta property=\"og:description\" content=\"Un hombre de 35 a\u00f1os fue enviado a prisi\u00f3n con detenci\u00f3n preventiva tras ser aprehendido por promover pornograf\u00eda infantil, luego de descubrirse que contactaba a menores de edad a trav\u00e9s de redes sociales utilizando un perfil falso generado con inteligencia artificial para hacerse pasar por un adolescente. El fiscal, Daniel Lobo, inform\u00f3 que se dispuso [&hellip;]\" \/>\n<meta property=\"og:url\" content=\"https:\/\/www.eldiario.net\/portal\/2026\/04\/24\/envian-a-sujeto-a-palmasola-por-pornografia-infantil\/\" \/>\n<meta property=\"og:site_name\" content=\"El Diario - Bolivia\" \/>\n<meta property=\"article:publisher\" content=\"https:\/\/www.facebook.com\/eldiario.bolivia\/\" \/>\n<meta property=\"article:published_time\" content=\"2026-04-24T04:11:38+00:00\" \/>\n<meta property=\"og:image\" content=\"https:\/\/www.eldiario.net\/portal\/wp-content\/uploads\/2026\/04\/24-INFA.webp\" \/>\n\t<meta property=\"og:image:width\" content=\"420\" \/>\n\t<meta property=\"og:image:height\" content=\"280\" \/>\n\t<meta property=\"og:image:type\" content=\"image\/webp\" \/>\n<meta name=\"author\" content=\"Jeanette\" \/>\n<meta name=\"twitter:card\" content=\"summary_large_image\" \/>\n<meta name=\"twitter:creator\" content=\"@eldiario_net\" \/>\n<meta name=\"twitter:site\" content=\"@eldiario_net\" \/>\n<meta name=\"twitter:label1\" content=\"Escrito por\" \/>\n\t<meta name=\"twitter:data1\" content=\"Jeanette\" \/>\n\t<meta name=\"twitter:label2\" content=\"Tiempo de lectura\" \/>\n\t<meta name=\"twitter:data2\" content=\"2 minutos\" \/>\n<script type=\"application\/ld+json\" class=\"yoast-schema-graph\">{\"@context\":\"https:\\\/\\\/schema.org\",\"@graph\":[{\"@type\":\"Article\",\"@id\":\"https:\\\/\\\/www.eldiario.net\\\/portal\\\/2026\\\/04\\\/24\\\/envian-a-sujeto-a-palmasola-por-pornografia-infantil\\\/#article\",\"isPartOf\":{\"@id\":\"https:\\\/\\\/www.eldiario.net\\\/portal\\\/2026\\\/04\\\/24\\\/envian-a-sujeto-a-palmasola-por-pornografia-infantil\\\/\"},\"author\":{\"name\":\"Jeanette\",\"@id\":\"https:\\\/\\\/www.eldiario.net\\\/portal\\\/#\\\/schema\\\/person\\\/2c57cf2b7a7ae032e449e4c9b1019eac\"},\"headline\":\"Env\u00edan a sujeto a Palmasola por pornograf\u00eda infantil\",\"datePublished\":\"2026-04-24T04:11:38+00:00\",\"mainEntityOfPage\":{\"@id\":\"https:\\\/\\\/www.eldiario.net\\\/portal\\\/2026\\\/04\\\/24\\\/envian-a-sujeto-a-palmasola-por-pornografia-infantil\\\/\"},\"wordCount\":408,\"publisher\":{\"@id\":\"https:\\\/\\\/www.eldiario.net\\\/portal\\\/#organization\"},\"image\":{\"@id\":\"https:\\\/\\\/www.eldiario.net\\\/portal\\\/2026\\\/04\\\/24\\\/envian-a-sujeto-a-palmasola-por-pornografia-infantil\\\/#primaryimage\"},\"thumbnailUrl\":\"https:\\\/\\\/www.eldiario.net\\\/portal\\\/wp-content\\\/uploads\\\/2026\\\/04\\\/24-INFA.webp\",\"articleSection\":[\"Sociedad - Seguridad\"],\"inLanguage\":\"es\"},{\"@type\":\"WebPage\",\"@id\":\"https:\\\/\\\/www.eldiario.net\\\/portal\\\/2026\\\/04\\\/24\\\/envian-a-sujeto-a-palmasola-por-pornografia-infantil\\\/\",\"url\":\"https:\\\/\\\/www.eldiario.net\\\/portal\\\/2026\\\/04\\\/24\\\/envian-a-sujeto-a-palmasola-por-pornografia-infantil\\\/\",\"name\":\"Env\u00edan a sujeto a Palmasola por pornograf\u00eda infantil - El Diario - Bolivia\",\"isPartOf\":{\"@id\":\"https:\\\/\\\/www.eldiario.net\\\/portal\\\/#website\"},\"primaryImageOfPage\":{\"@id\":\"https:\\\/\\\/www.eldiario.net\\\/portal\\\/2026\\\/04\\\/24\\\/envian-a-sujeto-a-palmasola-por-pornografia-infantil\\\/#primaryimage\"},\"image\":{\"@id\":\"https:\\\/\\\/www.eldiario.net\\\/portal\\\/2026\\\/04\\\/24\\\/envian-a-sujeto-a-palmasola-por-pornografia-infantil\\\/#primaryimage\"},\"thumbnailUrl\":\"https:\\\/\\\/www.eldiario.net\\\/portal\\\/wp-content\\\/uploads\\\/2026\\\/04\\\/24-INFA.webp\",\"datePublished\":\"2026-04-24T04:11:38+00:00\",\"breadcrumb\":{\"@id\":\"https:\\\/\\\/www.eldiario.net\\\/portal\\\/2026\\\/04\\\/24\\\/envian-a-sujeto-a-palmasola-por-pornografia-infantil\\\/#breadcrumb\"},\"inLanguage\":\"es\",\"potentialAction\":[{\"@type\":\"ReadAction\",\"target\":[\"https:\\\/\\\/www.eldiario.net\\\/portal\\\/2026\\\/04\\\/24\\\/envian-a-sujeto-a-palmasola-por-pornografia-infantil\\\/\"]}]},{\"@type\":\"ImageObject\",\"inLanguage\":\"es\",\"@id\":\"https:\\\/\\\/www.eldiario.net\\\/portal\\\/2026\\\/04\\\/24\\\/envian-a-sujeto-a-palmasola-por-pornografia-infantil\\\/#primaryimage\",\"url\":\"https:\\\/\\\/www.eldiario.net\\\/portal\\\/wp-content\\\/uploads\\\/2026\\\/04\\\/24-INFA.webp\",\"contentUrl\":\"https:\\\/\\\/www.eldiario.net\\\/portal\\\/wp-content\\\/uploads\\\/2026\\\/04\\\/24-INFA.webp\",\"width\":420,\"height\":280,\"caption\":\"El acusado al momento de su aprehensi\u00f3n. Cr\u00e9dito de foto: Unitel\"},{\"@type\":\"BreadcrumbList\",\"@id\":\"https:\\\/\\\/www.eldiario.net\\\/portal\\\/2026\\\/04\\\/24\\\/envian-a-sujeto-a-palmasola-por-pornografia-infantil\\\/#breadcrumb\",\"itemListElement\":[{\"@type\":\"ListItem\",\"position\":1,\"name\":\"Portada\",\"item\":\"https:\\\/\\\/www.eldiario.net\\\/portal\\\/\"},{\"@type\":\"ListItem\",\"position\":2,\"name\":\"Env\u00edan a sujeto a Palmasola por pornograf\u00eda infantil\"}]},{\"@type\":\"WebSite\",\"@id\":\"https:\\\/\\\/www.eldiario.net\\\/portal\\\/#website\",\"url\":\"https:\\\/\\\/www.eldiario.net\\\/portal\\\/\",\"name\":\"El Diario - Decano de la prensa nacional\",\"description\":\"El Diario - Decano de la prensa nacional\",\"publisher\":{\"@id\":\"https:\\\/\\\/www.eldiario.net\\\/portal\\\/#organization\"},\"potentialAction\":[{\"@type\":\"SearchAction\",\"target\":{\"@type\":\"EntryPoint\",\"urlTemplate\":\"https:\\\/\\\/www.eldiario.net\\\/portal\\\/?s={search_term_string}\"},\"query-input\":{\"@type\":\"PropertyValueSpecification\",\"valueRequired\":true,\"valueName\":\"search_term_string\"}}],\"inLanguage\":\"es\"},{\"@type\":\"Organization\",\"@id\":\"https:\\\/\\\/www.eldiario.net\\\/portal\\\/#organization\",\"name\":\"El Diario - Decano de la prensa nacional\",\"url\":\"https:\\\/\\\/www.eldiario.net\\\/portal\\\/\",\"logo\":{\"@type\":\"ImageObject\",\"inLanguage\":\"es\",\"@id\":\"https:\\\/\\\/www.eldiario.net\\\/portal\\\/#\\\/schema\\\/logo\\\/image\\\/\",\"url\":\"https:\\\/\\\/www.eldiario.net\\\/portal\\\/wp-content\\\/uploads\\\/2023\\\/07\\\/logo_ED.jpg\",\"contentUrl\":\"https:\\\/\\\/www.eldiario.net\\\/portal\\\/wp-content\\\/uploads\\\/2023\\\/07\\\/logo_ED.jpg\",\"width\":272,\"height\":52,\"caption\":\"El Diario - Decano de la prensa nacional\"},\"image\":{\"@id\":\"https:\\\/\\\/www.eldiario.net\\\/portal\\\/#\\\/schema\\\/logo\\\/image\\\/\"},\"sameAs\":[\"https:\\\/\\\/www.facebook.com\\\/eldiario.bolivia\\\/\",\"https:\\\/\\\/x.com\\\/eldiario_net\"]},{\"@type\":\"Person\",\"@id\":\"https:\\\/\\\/www.eldiario.net\\\/portal\\\/#\\\/schema\\\/person\\\/2c57cf2b7a7ae032e449e4c9b1019eac\",\"name\":\"Jeanette\",\"image\":{\"@type\":\"ImageObject\",\"inLanguage\":\"es\",\"@id\":\"https:\\\/\\\/secure.gravatar.com\\\/avatar\\\/3ea2118a5f7dad2b7138b1187a6b7ee55f160b9968b66013c3a3ef39dd7e5798?s=96&d=mm&r=g\",\"url\":\"https:\\\/\\\/secure.gravatar.com\\\/avatar\\\/3ea2118a5f7dad2b7138b1187a6b7ee55f160b9968b66013c3a3ef39dd7e5798?s=96&d=mm&r=g\",\"contentUrl\":\"https:\\\/\\\/secure.gravatar.com\\\/avatar\\\/3ea2118a5f7dad2b7138b1187a6b7ee55f160b9968b66013c3a3ef39dd7e5798?s=96&d=mm&r=g\",\"caption\":\"Jeanette\"},\"sameAs\":[\"https:\\\/\\\/www.eldiario.net\\\/portal\"],\"url\":\"https:\\\/\\\/www.eldiario.net\\\/portal\\\/author\\\/jeanette\\\/\"}]}<\/script>\n<!-- \/ Yoast SEO plugin. -->","yoast_head_json":{"title":"Env\u00edan a sujeto a Palmasola por pornograf\u00eda infantil - El Diario - Bolivia","robots":{"index":"index","follow":"follow","max-snippet":"max-snippet:-1","max-image-preview":"max-image-preview:large","max-video-preview":"max-video-preview:-1"},"canonical":"https:\/\/www.eldiario.net\/portal\/2026\/04\/24\/envian-a-sujeto-a-palmasola-por-pornografia-infantil\/","og_locale":"es_ES","og_type":"article","og_title":"Env\u00edan a sujeto a Palmasola por pornograf\u00eda infantil - El Diario - Bolivia","og_description":"Un hombre de 35 a\u00f1os fue enviado a prisi\u00f3n con detenci\u00f3n preventiva tras ser aprehendido por promover pornograf\u00eda infantil, luego de descubrirse que contactaba a menores de edad a trav\u00e9s de redes sociales utilizando un perfil falso generado con inteligencia artificial para hacerse pasar por un adolescente. El fiscal, Daniel Lobo, inform\u00f3 que se dispuso [&hellip;]","og_url":"https:\/\/www.eldiario.net\/portal\/2026\/04\/24\/envian-a-sujeto-a-palmasola-por-pornografia-infantil\/","og_site_name":"El Diario - Bolivia","article_publisher":"https:\/\/www.facebook.com\/eldiario.bolivia\/","article_published_time":"2026-04-24T04:11:38+00:00","og_image":[{"width":420,"height":280,"url":"https:\/\/www.eldiario.net\/portal\/wp-content\/uploads\/2026\/04\/24-INFA.webp","type":"image\/webp"}],"author":"Jeanette","twitter_card":"summary_large_image","twitter_creator":"@eldiario_net","twitter_site":"@eldiario_net","twitter_misc":{"Escrito por":"Jeanette","Tiempo de lectura":"2 minutos"},"schema":{"@context":"https:\/\/schema.org","@graph":[{"@type":"Article","@id":"https:\/\/www.eldiario.net\/portal\/2026\/04\/24\/envian-a-sujeto-a-palmasola-por-pornografia-infantil\/#article","isPartOf":{"@id":"https:\/\/www.eldiario.net\/portal\/2026\/04\/24\/envian-a-sujeto-a-palmasola-por-pornografia-infantil\/"},"author":{"name":"Jeanette","@id":"https:\/\/www.eldiario.net\/portal\/#\/schema\/person\/2c57cf2b7a7ae032e449e4c9b1019eac"},"headline":"Env\u00edan a sujeto a Palmasola por pornograf\u00eda infantil","datePublished":"2026-04-24T04:11:38+00:00","mainEntityOfPage":{"@id":"https:\/\/www.eldiario.net\/portal\/2026\/04\/24\/envian-a-sujeto-a-palmasola-por-pornografia-infantil\/"},"wordCount":408,"publisher":{"@id":"https:\/\/www.eldiario.net\/portal\/#organization"},"image":{"@id":"https:\/\/www.eldiario.net\/portal\/2026\/04\/24\/envian-a-sujeto-a-palmasola-por-pornografia-infantil\/#primaryimage"},"thumbnailUrl":"https:\/\/www.eldiario.net\/portal\/wp-content\/uploads\/2026\/04\/24-INFA.webp","articleSection":["Sociedad - Seguridad"],"inLanguage":"es"},{"@type":"WebPage","@id":"https:\/\/www.eldiario.net\/portal\/2026\/04\/24\/envian-a-sujeto-a-palmasola-por-pornografia-infantil\/","url":"https:\/\/www.eldiario.net\/portal\/2026\/04\/24\/envian-a-sujeto-a-palmasola-por-pornografia-infantil\/","name":"Env\u00edan a sujeto a Palmasola por pornograf\u00eda infantil - El Diario - Bolivia","isPartOf":{"@id":"https:\/\/www.eldiario.net\/portal\/#website"},"primaryImageOfPage":{"@id":"https:\/\/www.eldiario.net\/portal\/2026\/04\/24\/envian-a-sujeto-a-palmasola-por-pornografia-infantil\/#primaryimage"},"image":{"@id":"https:\/\/www.eldiario.net\/portal\/2026\/04\/24\/envian-a-sujeto-a-palmasola-por-pornografia-infantil\/#primaryimage"},"thumbnailUrl":"https:\/\/www.eldiario.net\/portal\/wp-content\/uploads\/2026\/04\/24-INFA.webp","datePublished":"2026-04-24T04:11:38+00:00","breadcrumb":{"@id":"https:\/\/www.eldiario.net\/portal\/2026\/04\/24\/envian-a-sujeto-a-palmasola-por-pornografia-infantil\/#breadcrumb"},"inLanguage":"es","potentialAction":[{"@type":"ReadAction","target":["https:\/\/www.eldiario.net\/portal\/2026\/04\/24\/envian-a-sujeto-a-palmasola-por-pornografia-infantil\/"]}]},{"@type":"ImageObject","inLanguage":"es","@id":"https:\/\/www.eldiario.net\/portal\/2026\/04\/24\/envian-a-sujeto-a-palmasola-por-pornografia-infantil\/#primaryimage","url":"https:\/\/www.eldiario.net\/portal\/wp-content\/uploads\/2026\/04\/24-INFA.webp","contentUrl":"https:\/\/www.eldiario.net\/portal\/wp-content\/uploads\/2026\/04\/24-INFA.webp","width":420,"height":280,"caption":"El acusado al momento de su aprehensi\u00f3n. Cr\u00e9dito de foto: Unitel"},{"@type":"BreadcrumbList","@id":"https:\/\/www.eldiario.net\/portal\/2026\/04\/24\/envian-a-sujeto-a-palmasola-por-pornografia-infantil\/#breadcrumb","itemListElement":[{"@type":"ListItem","position":1,"name":"Portada","item":"https:\/\/www.eldiario.net\/portal\/"},{"@type":"ListItem","position":2,"name":"Env\u00edan a sujeto a Palmasola por pornograf\u00eda infantil"}]},{"@type":"WebSite","@id":"https:\/\/www.eldiario.net\/portal\/#website","url":"https:\/\/www.eldiario.net\/portal\/","name":"El Diario - Decano de la prensa nacional","description":"El Diario - Decano de la prensa nacional","publisher":{"@id":"https:\/\/www.eldiario.net\/portal\/#organization"},"potentialAction":[{"@type":"SearchAction","target":{"@type":"EntryPoint","urlTemplate":"https:\/\/www.eldiario.net\/portal\/?s={search_term_string}"},"query-input":{"@type":"PropertyValueSpecification","valueRequired":true,"valueName":"search_term_string"}}],"inLanguage":"es"},{"@type":"Organization","@id":"https:\/\/www.eldiario.net\/portal\/#organization","name":"El Diario - Decano de la prensa nacional","url":"https:\/\/www.eldiario.net\/portal\/","logo":{"@type":"ImageObject","inLanguage":"es","@id":"https:\/\/www.eldiario.net\/portal\/#\/schema\/logo\/image\/","url":"https:\/\/www.eldiario.net\/portal\/wp-content\/uploads\/2023\/07\/logo_ED.jpg","contentUrl":"https:\/\/www.eldiario.net\/portal\/wp-content\/uploads\/2023\/07\/logo_ED.jpg","width":272,"height":52,"caption":"El Diario - Decano de la prensa nacional"},"image":{"@id":"https:\/\/www.eldiario.net\/portal\/#\/schema\/logo\/image\/"},"sameAs":["https:\/\/www.facebook.com\/eldiario.bolivia\/","https:\/\/x.com\/eldiario_net"]},{"@type":"Person","@id":"https:\/\/www.eldiario.net\/portal\/#\/schema\/person\/2c57cf2b7a7ae032e449e4c9b1019eac","name":"Jeanette","image":{"@type":"ImageObject","inLanguage":"es","@id":"https:\/\/secure.gravatar.com\/avatar\/3ea2118a5f7dad2b7138b1187a6b7ee55f160b9968b66013c3a3ef39dd7e5798?s=96&d=mm&r=g","url":"https:\/\/secure.gravatar.com\/avatar\/3ea2118a5f7dad2b7138b1187a6b7ee55f160b9968b66013c3a3ef39dd7e5798?s=96&d=mm&r=g","contentUrl":"https:\/\/secure.gravatar.com\/avatar\/3ea2118a5f7dad2b7138b1187a6b7ee55f160b9968b66013c3a3ef39dd7e5798?s=96&d=mm&r=g","caption":"Jeanette"},"sameAs":["https:\/\/www.eldiario.net\/portal"],"url":"https:\/\/www.eldiario.net\/portal\/author\/jeanette\/"}]}},"_links":{"self":[{"href":"https:\/\/www.eldiario.net\/portal\/wp-json\/wp\/v2\/posts\/387958","targetHints":{"allow":["GET"]}}],"collection":[{"href":"https:\/\/www.eldiario.net\/portal\/wp-json\/wp\/v2\/posts"}],"about":[{"href":"https:\/\/www.eldiario.net\/portal\/wp-json\/wp\/v2\/types\/post"}],"author":[{"embeddable":true,"href":"https:\/\/www.eldiario.net\/portal\/wp-json\/wp\/v2\/users\/1"}],"replies":[{"embeddable":true,"href":"https:\/\/www.eldiario.net\/portal\/wp-json\/wp\/v2\/comments?post=387958"}],"version-history":[{"count":1,"href":"https:\/\/www.eldiario.net\/portal\/wp-json\/wp\/v2\/posts\/387958\/revisions"}],"predecessor-version":[{"id":387960,"href":"https:\/\/www.eldiario.net\/portal\/wp-json\/wp\/v2\/posts\/387958\/revisions\/387960"}],"wp:featuredmedia":[{"embeddable":true,"href":"https:\/\/www.eldiario.net\/portal\/wp-json\/wp\/v2\/media\/387959"}],"wp:attachment":[{"href":"https:\/\/www.eldiario.net\/portal\/wp-json\/wp\/v2\/media?parent=387958"}],"wp:term":[{"taxonomy":"category","embeddable":true,"href":"https:\/\/www.eldiario.net\/portal\/wp-json\/wp\/v2\/categories?post=387958"},{"taxonomy":"post_tag","embeddable":true,"href":"https:\/\/www.eldiario.net\/portal\/wp-json\/wp\/v2\/tags?post=387958"}],"curies":[{"name":"wp","href":"https:\/\/api.w.org\/{rel}","templated":true}]}}