{"id":387955,"date":"2026-04-24T00:10:42","date_gmt":"2026-04-24T04:10:42","guid":{"rendered":"https:\/\/www.eldiario.net\/portal\/?p=387955"},"modified":"2026-04-23T22:11:26","modified_gmt":"2026-04-24T02:11:26","slug":"juez-investigado-por-fiesta-con-sentenciada-por-asesinato","status":"publish","type":"post","link":"https:\/\/www.eldiario.net\/portal\/2026\/04\/24\/juez-investigado-por-fiesta-con-sentenciada-por-asesinato\/","title":{"rendered":"Juez investigado por fiesta con sentenciada por asesinato"},"content":{"rendered":"<p>El Consejo de la Magistratura, a trav\u00e9s de la Unidad de Control y Fiscalizaci\u00f3n, intervino en el caso del juez \u00c1ngel R.S., tras su aparici\u00f3n en una fiesta junto a una mujer condenada por asesinato que a\u00fan no ha cumplido su sentencia.<\/p>\n<p>La consejera Gabriela Araoz inform\u00f3 que la denuncia presentada ser\u00e1 remitida a un juez disciplinario, quien deber\u00e1 dar continuidad al proceso correspondiente.<\/p>\n<p>El hecho se remonta al 12 de abril, cuando el juez involucrado fue hallado en compa\u00f1\u00eda de Jeannette B., una mujer que a\u00fan ten\u00eda una condena pendiente por el asesinato de su esposo. Ambos se encontraban en una celebraci\u00f3n realizada en la zona Sur de la ciudad de La Paz.<\/p>\n<p>Tras lo ocurrido, la mujer fue detenida nuevamente y trasladada a un recinto penitenciario para completar la pena que le resta, ya que solo hab\u00eda cumplido ocho de los 30 a\u00f1os de sentencia impuestos. En ese contexto, los familiares de la v\u00edctima denunciaron que el juez habr\u00eda favorecido a la condenada.<\/p>\n<p>Por su parte, Araoz evit\u00f3 emitir comentarios adicionales sobre el caso, se\u00f1alando que no puede adelantar criterios debido a que el proceso podr\u00eda ser evaluado por la Sala Disciplinaria de la cual forma parte. (Agencia)<\/p>\n","protected":false},"excerpt":{"rendered":"<p>El Consejo de la Magistratura, a trav\u00e9s de la Unidad de Control y Fiscalizaci\u00f3n, intervino en el caso del juez \u00c1ngel R.S., tras su aparici\u00f3n en una fiesta junto a una mujer condenada por asesinato que a\u00fan no ha cumplido su sentencia. La consejera Gabriela Araoz inform\u00f3 que la denuncia presentada ser\u00e1 remitida a un [&hellip;]<\/p>\n","protected":false},"author":1,"featured_media":387956,"comment_status":"closed","ping_status":"open","sticky":false,"template":"","format":"standard","meta":{"_acf_changed":false,"footnotes":""},"categories":[39],"tags":[],"class_list":["post-387955","post","type-post","status-publish","format-standard","has-post-thumbnail","category-sociedad"],"acf":{"antetitulo":""},"yoast_head":"<!-- This site is optimized with the Yoast SEO plugin v28.4 - https:\/\/yoast.com\/product\/yoast-seo-wordpress\/ -->\n<title>Juez investigado por fiesta con sentenciada por asesinato - El Diario - Bolivia<\/title>\n<meta name=\"robots\" content=\"index, follow, max-snippet:-1, max-image-preview:large, max-video-preview:-1\" \/>\n<link rel=\"canonical\" href=\"https:\/\/www.eldiario.net\/portal\/2026\/04\/24\/juez-investigado-por-fiesta-con-sentenciada-por-asesinato\/\" \/>\n<meta property=\"og:locale\" content=\"es_ES\" \/>\n<meta property=\"og:type\" content=\"article\" \/>\n<meta property=\"og:title\" content=\"Juez investigado por fiesta con sentenciada por asesinato - El Diario - Bolivia\" \/>\n<meta property=\"og:description\" content=\"El Consejo de la Magistratura, a trav\u00e9s de la Unidad de Control y Fiscalizaci\u00f3n, intervino en el caso del juez \u00c1ngel R.S., tras su aparici\u00f3n en una fiesta junto a una mujer condenada por asesinato que a\u00fan no ha cumplido su sentencia. La consejera Gabriela Araoz inform\u00f3 que la denuncia presentada ser\u00e1 remitida a un [&hellip;]\" \/>\n<meta property=\"og:url\" content=\"https:\/\/www.eldiario.net\/portal\/2026\/04\/24\/juez-investigado-por-fiesta-con-sentenciada-por-asesinato\/\" \/>\n<meta property=\"og:site_name\" content=\"El Diario - Bolivia\" \/>\n<meta property=\"article:publisher\" content=\"https:\/\/www.facebook.com\/eldiario.bolivia\/\" \/>\n<meta property=\"article:published_time\" content=\"2026-04-24T04:10:42+00:00\" \/>\n<meta property=\"og:image\" content=\"https:\/\/www.eldiario.net\/portal\/wp-content\/uploads\/2026\/04\/24-JUEZ.webp\" \/>\n\t<meta property=\"og:image:width\" content=\"980\" \/>\n\t<meta property=\"og:image:height\" content=\"653\" \/>\n\t<meta property=\"og:image:type\" content=\"image\/webp\" \/>\n<meta name=\"author\" content=\"Jeanette\" \/>\n<meta name=\"twitter:card\" content=\"summary_large_image\" \/>\n<meta name=\"twitter:creator\" content=\"@eldiario_net\" \/>\n<meta name=\"twitter:site\" content=\"@eldiario_net\" \/>\n<meta name=\"twitter:label1\" content=\"Escrito por\" \/>\n\t<meta name=\"twitter:data1\" content=\"Jeanette\" \/>\n\t<meta name=\"twitter:label2\" content=\"Tiempo de lectura\" \/>\n\t<meta name=\"twitter:data2\" content=\"2 minutos\" \/>\n<script type=\"application\/ld+json\" class=\"yoast-schema-graph\">{\"@context\":\"https:\\\/\\\/schema.org\",\"@graph\":[{\"@type\":\"Article\",\"@id\":\"https:\\\/\\\/www.eldiario.net\\\/portal\\\/2026\\\/04\\\/24\\\/juez-investigado-por-fiesta-con-sentenciada-por-asesinato\\\/#article\",\"isPartOf\":{\"@id\":\"https:\\\/\\\/www.eldiario.net\\\/portal\\\/2026\\\/04\\\/24\\\/juez-investigado-por-fiesta-con-sentenciada-por-asesinato\\\/\"},\"author\":{\"name\":\"Jeanette\",\"@id\":\"https:\\\/\\\/www.eldiario.net\\\/portal\\\/#\\\/schema\\\/person\\\/2c57cf2b7a7ae032e449e4c9b1019eac\"},\"headline\":\"Juez investigado por fiesta con sentenciada por asesinato\",\"datePublished\":\"2026-04-24T04:10:42+00:00\",\"mainEntityOfPage\":{\"@id\":\"https:\\\/\\\/www.eldiario.net\\\/portal\\\/2026\\\/04\\\/24\\\/juez-investigado-por-fiesta-con-sentenciada-por-asesinato\\\/\"},\"wordCount\":221,\"publisher\":{\"@id\":\"https:\\\/\\\/www.eldiario.net\\\/portal\\\/#organization\"},\"image\":{\"@id\":\"https:\\\/\\\/www.eldiario.net\\\/portal\\\/2026\\\/04\\\/24\\\/juez-investigado-por-fiesta-con-sentenciada-por-asesinato\\\/#primaryimage\"},\"thumbnailUrl\":\"https:\\\/\\\/www.eldiario.net\\\/portal\\\/wp-content\\\/uploads\\\/2026\\\/04\\\/24-JUEZ.webp\",\"articleSection\":[\"Sociedad - Seguridad\"],\"inLanguage\":\"es\"},{\"@type\":\"WebPage\",\"@id\":\"https:\\\/\\\/www.eldiario.net\\\/portal\\\/2026\\\/04\\\/24\\\/juez-investigado-por-fiesta-con-sentenciada-por-asesinato\\\/\",\"url\":\"https:\\\/\\\/www.eldiario.net\\\/portal\\\/2026\\\/04\\\/24\\\/juez-investigado-por-fiesta-con-sentenciada-por-asesinato\\\/\",\"name\":\"Juez investigado por fiesta con sentenciada por asesinato - El Diario - Bolivia\",\"isPartOf\":{\"@id\":\"https:\\\/\\\/www.eldiario.net\\\/portal\\\/#website\"},\"primaryImageOfPage\":{\"@id\":\"https:\\\/\\\/www.eldiario.net\\\/portal\\\/2026\\\/04\\\/24\\\/juez-investigado-por-fiesta-con-sentenciada-por-asesinato\\\/#primaryimage\"},\"image\":{\"@id\":\"https:\\\/\\\/www.eldiario.net\\\/portal\\\/2026\\\/04\\\/24\\\/juez-investigado-por-fiesta-con-sentenciada-por-asesinato\\\/#primaryimage\"},\"thumbnailUrl\":\"https:\\\/\\\/www.eldiario.net\\\/portal\\\/wp-content\\\/uploads\\\/2026\\\/04\\\/24-JUEZ.webp\",\"datePublished\":\"2026-04-24T04:10:42+00:00\",\"breadcrumb\":{\"@id\":\"https:\\\/\\\/www.eldiario.net\\\/portal\\\/2026\\\/04\\\/24\\\/juez-investigado-por-fiesta-con-sentenciada-por-asesinato\\\/#breadcrumb\"},\"inLanguage\":\"es\",\"potentialAction\":[{\"@type\":\"ReadAction\",\"target\":[\"https:\\\/\\\/www.eldiario.net\\\/portal\\\/2026\\\/04\\\/24\\\/juez-investigado-por-fiesta-con-sentenciada-por-asesinato\\\/\"]}]},{\"@type\":\"ImageObject\",\"inLanguage\":\"es\",\"@id\":\"https:\\\/\\\/www.eldiario.net\\\/portal\\\/2026\\\/04\\\/24\\\/juez-investigado-por-fiesta-con-sentenciada-por-asesinato\\\/#primaryimage\",\"url\":\"https:\\\/\\\/www.eldiario.net\\\/portal\\\/wp-content\\\/uploads\\\/2026\\\/04\\\/24-JUEZ.webp\",\"contentUrl\":\"https:\\\/\\\/www.eldiario.net\\\/portal\\\/wp-content\\\/uploads\\\/2026\\\/04\\\/24-JUEZ.webp\",\"width\":980,\"height\":653,\"caption\":\"El Consejo de la Magistratura. Cr\u00e9dito de foto: Correo del Sur\"},{\"@type\":\"BreadcrumbList\",\"@id\":\"https:\\\/\\\/www.eldiario.net\\\/portal\\\/2026\\\/04\\\/24\\\/juez-investigado-por-fiesta-con-sentenciada-por-asesinato\\\/#breadcrumb\",\"itemListElement\":[{\"@type\":\"ListItem\",\"position\":1,\"name\":\"Portada\",\"item\":\"https:\\\/\\\/www.eldiario.net\\\/portal\\\/\"},{\"@type\":\"ListItem\",\"position\":2,\"name\":\"Juez investigado por fiesta con sentenciada por asesinato\"}]},{\"@type\":\"WebSite\",\"@id\":\"https:\\\/\\\/www.eldiario.net\\\/portal\\\/#website\",\"url\":\"https:\\\/\\\/www.eldiario.net\\\/portal\\\/\",\"name\":\"El Diario - Decano de la prensa nacional\",\"description\":\"El Diario - Decano de la prensa nacional\",\"publisher\":{\"@id\":\"https:\\\/\\\/www.eldiario.net\\\/portal\\\/#organization\"},\"potentialAction\":[{\"@type\":\"SearchAction\",\"target\":{\"@type\":\"EntryPoint\",\"urlTemplate\":\"https:\\\/\\\/www.eldiario.net\\\/portal\\\/?s={search_term_string}\"},\"query-input\":{\"@type\":\"PropertyValueSpecification\",\"valueRequired\":true,\"valueName\":\"search_term_string\"}}],\"inLanguage\":\"es\"},{\"@type\":\"Organization\",\"@id\":\"https:\\\/\\\/www.eldiario.net\\\/portal\\\/#organization\",\"name\":\"El Diario - Decano de la prensa nacional\",\"url\":\"https:\\\/\\\/www.eldiario.net\\\/portal\\\/\",\"logo\":{\"@type\":\"ImageObject\",\"inLanguage\":\"es\",\"@id\":\"https:\\\/\\\/www.eldiario.net\\\/portal\\\/#\\\/schema\\\/logo\\\/image\\\/\",\"url\":\"https:\\\/\\\/www.eldiario.net\\\/portal\\\/wp-content\\\/uploads\\\/2023\\\/07\\\/logo_ED.jpg\",\"contentUrl\":\"https:\\\/\\\/www.eldiario.net\\\/portal\\\/wp-content\\\/uploads\\\/2023\\\/07\\\/logo_ED.jpg\",\"width\":272,\"height\":52,\"caption\":\"El Diario - Decano de la prensa nacional\"},\"image\":{\"@id\":\"https:\\\/\\\/www.eldiario.net\\\/portal\\\/#\\\/schema\\\/logo\\\/image\\\/\"},\"sameAs\":[\"https:\\\/\\\/www.facebook.com\\\/eldiario.bolivia\\\/\",\"https:\\\/\\\/x.com\\\/eldiario_net\"]},{\"@type\":\"Person\",\"@id\":\"https:\\\/\\\/www.eldiario.net\\\/portal\\\/#\\\/schema\\\/person\\\/2c57cf2b7a7ae032e449e4c9b1019eac\",\"name\":\"Jeanette\",\"image\":{\"@type\":\"ImageObject\",\"inLanguage\":\"es\",\"@id\":\"https:\\\/\\\/secure.gravatar.com\\\/avatar\\\/3ea2118a5f7dad2b7138b1187a6b7ee55f160b9968b66013c3a3ef39dd7e5798?s=96&d=mm&r=g\",\"url\":\"https:\\\/\\\/secure.gravatar.com\\\/avatar\\\/3ea2118a5f7dad2b7138b1187a6b7ee55f160b9968b66013c3a3ef39dd7e5798?s=96&d=mm&r=g\",\"contentUrl\":\"https:\\\/\\\/secure.gravatar.com\\\/avatar\\\/3ea2118a5f7dad2b7138b1187a6b7ee55f160b9968b66013c3a3ef39dd7e5798?s=96&d=mm&r=g\",\"caption\":\"Jeanette\"},\"sameAs\":[\"https:\\\/\\\/www.eldiario.net\\\/portal\"],\"url\":\"https:\\\/\\\/www.eldiario.net\\\/portal\\\/author\\\/jeanette\\\/\"}]}<\/script>\n<!-- \/ Yoast SEO plugin. -->","yoast_head_json":{"title":"Juez investigado por fiesta con sentenciada por asesinato - El Diario - Bolivia","robots":{"index":"index","follow":"follow","max-snippet":"max-snippet:-1","max-image-preview":"max-image-preview:large","max-video-preview":"max-video-preview:-1"},"canonical":"https:\/\/www.eldiario.net\/portal\/2026\/04\/24\/juez-investigado-por-fiesta-con-sentenciada-por-asesinato\/","og_locale":"es_ES","og_type":"article","og_title":"Juez investigado por fiesta con sentenciada por asesinato - El Diario - Bolivia","og_description":"El Consejo de la Magistratura, a trav\u00e9s de la Unidad de Control y Fiscalizaci\u00f3n, intervino en el caso del juez \u00c1ngel R.S., tras su aparici\u00f3n en una fiesta junto a una mujer condenada por asesinato que a\u00fan no ha cumplido su sentencia. La consejera Gabriela Araoz inform\u00f3 que la denuncia presentada ser\u00e1 remitida a un [&hellip;]","og_url":"https:\/\/www.eldiario.net\/portal\/2026\/04\/24\/juez-investigado-por-fiesta-con-sentenciada-por-asesinato\/","og_site_name":"El Diario - Bolivia","article_publisher":"https:\/\/www.facebook.com\/eldiario.bolivia\/","article_published_time":"2026-04-24T04:10:42+00:00","og_image":[{"width":980,"height":653,"url":"https:\/\/www.eldiario.net\/portal\/wp-content\/uploads\/2026\/04\/24-JUEZ.webp","type":"image\/webp"}],"author":"Jeanette","twitter_card":"summary_large_image","twitter_creator":"@eldiario_net","twitter_site":"@eldiario_net","twitter_misc":{"Escrito por":"Jeanette","Tiempo de lectura":"2 minutos"},"schema":{"@context":"https:\/\/schema.org","@graph":[{"@type":"Article","@id":"https:\/\/www.eldiario.net\/portal\/2026\/04\/24\/juez-investigado-por-fiesta-con-sentenciada-por-asesinato\/#article","isPartOf":{"@id":"https:\/\/www.eldiario.net\/portal\/2026\/04\/24\/juez-investigado-por-fiesta-con-sentenciada-por-asesinato\/"},"author":{"name":"Jeanette","@id":"https:\/\/www.eldiario.net\/portal\/#\/schema\/person\/2c57cf2b7a7ae032e449e4c9b1019eac"},"headline":"Juez investigado por fiesta con sentenciada por asesinato","datePublished":"2026-04-24T04:10:42+00:00","mainEntityOfPage":{"@id":"https:\/\/www.eldiario.net\/portal\/2026\/04\/24\/juez-investigado-por-fiesta-con-sentenciada-por-asesinato\/"},"wordCount":221,"publisher":{"@id":"https:\/\/www.eldiario.net\/portal\/#organization"},"image":{"@id":"https:\/\/www.eldiario.net\/portal\/2026\/04\/24\/juez-investigado-por-fiesta-con-sentenciada-por-asesinato\/#primaryimage"},"thumbnailUrl":"https:\/\/www.eldiario.net\/portal\/wp-content\/uploads\/2026\/04\/24-JUEZ.webp","articleSection":["Sociedad - Seguridad"],"inLanguage":"es"},{"@type":"WebPage","@id":"https:\/\/www.eldiario.net\/portal\/2026\/04\/24\/juez-investigado-por-fiesta-con-sentenciada-por-asesinato\/","url":"https:\/\/www.eldiario.net\/portal\/2026\/04\/24\/juez-investigado-por-fiesta-con-sentenciada-por-asesinato\/","name":"Juez investigado por fiesta con sentenciada por asesinato - El Diario - Bolivia","isPartOf":{"@id":"https:\/\/www.eldiario.net\/portal\/#website"},"primaryImageOfPage":{"@id":"https:\/\/www.eldiario.net\/portal\/2026\/04\/24\/juez-investigado-por-fiesta-con-sentenciada-por-asesinato\/#primaryimage"},"image":{"@id":"https:\/\/www.eldiario.net\/portal\/2026\/04\/24\/juez-investigado-por-fiesta-con-sentenciada-por-asesinato\/#primaryimage"},"thumbnailUrl":"https:\/\/www.eldiario.net\/portal\/wp-content\/uploads\/2026\/04\/24-JUEZ.webp","datePublished":"2026-04-24T04:10:42+00:00","breadcrumb":{"@id":"https:\/\/www.eldiario.net\/portal\/2026\/04\/24\/juez-investigado-por-fiesta-con-sentenciada-por-asesinato\/#breadcrumb"},"inLanguage":"es","potentialAction":[{"@type":"ReadAction","target":["https:\/\/www.eldiario.net\/portal\/2026\/04\/24\/juez-investigado-por-fiesta-con-sentenciada-por-asesinato\/"]}]},{"@type":"ImageObject","inLanguage":"es","@id":"https:\/\/www.eldiario.net\/portal\/2026\/04\/24\/juez-investigado-por-fiesta-con-sentenciada-por-asesinato\/#primaryimage","url":"https:\/\/www.eldiario.net\/portal\/wp-content\/uploads\/2026\/04\/24-JUEZ.webp","contentUrl":"https:\/\/www.eldiario.net\/portal\/wp-content\/uploads\/2026\/04\/24-JUEZ.webp","width":980,"height":653,"caption":"El Consejo de la Magistratura. Cr\u00e9dito de foto: Correo del Sur"},{"@type":"BreadcrumbList","@id":"https:\/\/www.eldiario.net\/portal\/2026\/04\/24\/juez-investigado-por-fiesta-con-sentenciada-por-asesinato\/#breadcrumb","itemListElement":[{"@type":"ListItem","position":1,"name":"Portada","item":"https:\/\/www.eldiario.net\/portal\/"},{"@type":"ListItem","position":2,"name":"Juez investigado por fiesta con sentenciada por asesinato"}]},{"@type":"WebSite","@id":"https:\/\/www.eldiario.net\/portal\/#website","url":"https:\/\/www.eldiario.net\/portal\/","name":"El Diario - Decano de la prensa nacional","description":"El Diario - Decano de la prensa nacional","publisher":{"@id":"https:\/\/www.eldiario.net\/portal\/#organization"},"potentialAction":[{"@type":"SearchAction","target":{"@type":"EntryPoint","urlTemplate":"https:\/\/www.eldiario.net\/portal\/?s={search_term_string}"},"query-input":{"@type":"PropertyValueSpecification","valueRequired":true,"valueName":"search_term_string"}}],"inLanguage":"es"},{"@type":"Organization","@id":"https:\/\/www.eldiario.net\/portal\/#organization","name":"El Diario - Decano de la prensa nacional","url":"https:\/\/www.eldiario.net\/portal\/","logo":{"@type":"ImageObject","inLanguage":"es","@id":"https:\/\/www.eldiario.net\/portal\/#\/schema\/logo\/image\/","url":"https:\/\/www.eldiario.net\/portal\/wp-content\/uploads\/2023\/07\/logo_ED.jpg","contentUrl":"https:\/\/www.eldiario.net\/portal\/wp-content\/uploads\/2023\/07\/logo_ED.jpg","width":272,"height":52,"caption":"El Diario - Decano de la prensa nacional"},"image":{"@id":"https:\/\/www.eldiario.net\/portal\/#\/schema\/logo\/image\/"},"sameAs":["https:\/\/www.facebook.com\/eldiario.bolivia\/","https:\/\/x.com\/eldiario_net"]},{"@type":"Person","@id":"https:\/\/www.eldiario.net\/portal\/#\/schema\/person\/2c57cf2b7a7ae032e449e4c9b1019eac","name":"Jeanette","image":{"@type":"ImageObject","inLanguage":"es","@id":"https:\/\/secure.gravatar.com\/avatar\/3ea2118a5f7dad2b7138b1187a6b7ee55f160b9968b66013c3a3ef39dd7e5798?s=96&d=mm&r=g","url":"https:\/\/secure.gravatar.com\/avatar\/3ea2118a5f7dad2b7138b1187a6b7ee55f160b9968b66013c3a3ef39dd7e5798?s=96&d=mm&r=g","contentUrl":"https:\/\/secure.gravatar.com\/avatar\/3ea2118a5f7dad2b7138b1187a6b7ee55f160b9968b66013c3a3ef39dd7e5798?s=96&d=mm&r=g","caption":"Jeanette"},"sameAs":["https:\/\/www.eldiario.net\/portal"],"url":"https:\/\/www.eldiario.net\/portal\/author\/jeanette\/"}]}},"_links":{"self":[{"href":"https:\/\/www.eldiario.net\/portal\/wp-json\/wp\/v2\/posts\/387955","targetHints":{"allow":["GET"]}}],"collection":[{"href":"https:\/\/www.eldiario.net\/portal\/wp-json\/wp\/v2\/posts"}],"about":[{"href":"https:\/\/www.eldiario.net\/portal\/wp-json\/wp\/v2\/types\/post"}],"author":[{"embeddable":true,"href":"https:\/\/www.eldiario.net\/portal\/wp-json\/wp\/v2\/users\/1"}],"replies":[{"embeddable":true,"href":"https:\/\/www.eldiario.net\/portal\/wp-json\/wp\/v2\/comments?post=387955"}],"version-history":[{"count":1,"href":"https:\/\/www.eldiario.net\/portal\/wp-json\/wp\/v2\/posts\/387955\/revisions"}],"predecessor-version":[{"id":387957,"href":"https:\/\/www.eldiario.net\/portal\/wp-json\/wp\/v2\/posts\/387955\/revisions\/387957"}],"wp:featuredmedia":[{"embeddable":true,"href":"https:\/\/www.eldiario.net\/portal\/wp-json\/wp\/v2\/media\/387956"}],"wp:attachment":[{"href":"https:\/\/www.eldiario.net\/portal\/wp-json\/wp\/v2\/media?parent=387955"}],"wp:term":[{"taxonomy":"category","embeddable":true,"href":"https:\/\/www.eldiario.net\/portal\/wp-json\/wp\/v2\/categories?post=387955"},{"taxonomy":"post_tag","embeddable":true,"href":"https:\/\/www.eldiario.net\/portal\/wp-json\/wp\/v2\/tags?post=387955"}],"curies":[{"name":"wp","href":"https:\/\/api.w.org\/{rel}","templated":true}]}}