{"id":385511,"date":"2026-04-16T06:26:32","date_gmt":"2026-04-16T10:26:32","guid":{"rendered":"https:\/\/www.eldiario.net\/portal\/?p=385511"},"modified":"2026-04-16T06:26:32","modified_gmt":"2026-04-16T10:26:32","slug":"a-partir-de-hoy-rige-el-silencio-electoral-en-cinco-departamentos","status":"publish","type":"post","link":"https:\/\/www.eldiario.net\/portal\/2026\/04\/16\/a-partir-de-hoy-rige-el-silencio-electoral-en-cinco-departamentos\/","title":{"rendered":"A partir de hoy rige el silencio  electoral en cinco departamentos"},"content":{"rendered":"<p>Los tribunales electorales departamentales (TED) informaron que desde las cero horas de este jueves (hoy) entr\u00f3 en vigencia el silencio electoral en los departamentos de Santa Cruz, Beni, Tarija, Oruro y Chuquisaca, en el marco de la segunda vuelta de las elecciones subnacionales que se efectuar\u00e1n este domingo 19.<\/p>\n<p>La vicepresidenta del TED de Tarija Adriana Flores Alconz record\u00f3 las caracter\u00edsticas centrales de esta medida. \u201cEl silencio electoral comienza a regir desde las cero horas del d\u00eda jueves; est\u00e1 prohibida la campa\u00f1a y la propaganda electoral\u201d, se\u00f1al\u00f3.<\/p>\n<p>En esa l\u00ednea, precis\u00f3 que candidatos y organizaciones pol\u00edticas tendr\u00e1n plazo hasta las 23:59 de ayer para desarrollar actividades proselitistas, tras lo cual no se permite la difusi\u00f3n de mensajes electorales ni en medios de comunicaci\u00f3n ni mediante movilizaciones.<\/p>\n<p>Por su parte, el presidente del TED de Santa Cruz, Marco Monasterio, explic\u00f3 que esta etapa permite a la ciudadan\u00eda reflexionar antes de emitir su voto. Asimismo, inst\u00f3 a las organizaciones pol\u00edticas a respetar la normativa vigente, incluyendo la restricci\u00f3n de campa\u00f1a en redes sociales.<\/p>\n<p>De acuerdo con el calendario electoral, este domingo 19 de abril los ciudadanos de los cinco departamentos acudir\u00e1n a las urnas para elegir a sus autoridades departamentales. En los casos de Beni, Santa Cruz y Tarija, adem\u00e1s se definir\u00e1 la elecci\u00f3n de vicegobernadores. (Br\u00fajula Digital)<\/p>\n","protected":false},"excerpt":{"rendered":"<p>Los tribunales electorales departamentales (TED) informaron que desde las cero horas de este jueves (hoy) entr\u00f3 en vigencia el silencio electoral en los departamentos de Santa Cruz, Beni, Tarija, Oruro y Chuquisaca, en el marco de la segunda vuelta de las elecciones subnacionales que se efectuar\u00e1n este domingo 19. La vicepresidenta del TED de Tarija [&hellip;]<\/p>\n","protected":false},"author":1,"featured_media":385512,"comment_status":"closed","ping_status":"open","sticky":false,"template":"","format":"standard","meta":{"_acf_changed":false,"footnotes":""},"categories":[15],"tags":[],"class_list":["post-385511","post","type-post","status-publish","format-standard","has-post-thumbnail","category-portada"],"acf":{"antetitulo":"Rumbo a la segunda vuelta de las subnacionales"},"yoast_head":"<!-- This site is optimized with the Yoast SEO plugin v28.4 - https:\/\/yoast.com\/product\/yoast-seo-wordpress\/ -->\n<title>A partir de hoy rige el silencio electoral en cinco departamentos - El Diario - Bolivia<\/title>\n<meta name=\"robots\" content=\"index, follow, max-snippet:-1, max-image-preview:large, max-video-preview:-1\" \/>\n<link rel=\"canonical\" href=\"https:\/\/www.eldiario.net\/portal\/2026\/04\/16\/a-partir-de-hoy-rige-el-silencio-electoral-en-cinco-departamentos\/\" \/>\n<meta property=\"og:locale\" content=\"es_ES\" \/>\n<meta property=\"og:type\" content=\"article\" \/>\n<meta property=\"og:title\" content=\"A partir de hoy rige el silencio electoral en cinco departamentos - El Diario - Bolivia\" \/>\n<meta property=\"og:description\" content=\"Los tribunales electorales departamentales (TED) informaron que desde las cero horas de este jueves (hoy) entr\u00f3 en vigencia el silencio electoral en los departamentos de Santa Cruz, Beni, Tarija, Oruro y Chuquisaca, en el marco de la segunda vuelta de las elecciones subnacionales que se efectuar\u00e1n este domingo 19. La vicepresidenta del TED de Tarija [&hellip;]\" \/>\n<meta property=\"og:url\" content=\"https:\/\/www.eldiario.net\/portal\/2026\/04\/16\/a-partir-de-hoy-rige-el-silencio-electoral-en-cinco-departamentos\/\" \/>\n<meta property=\"og:site_name\" content=\"El Diario - Bolivia\" \/>\n<meta property=\"article:publisher\" content=\"https:\/\/www.facebook.com\/eldiario.bolivia\/\" \/>\n<meta property=\"article:published_time\" content=\"2026-04-16T10:26:32+00:00\" \/>\n<meta property=\"og:image\" content=\"https:\/\/www.eldiario.net\/portal\/wp-content\/uploads\/2026\/04\/DADA-FOTO.webp\" \/>\n\t<meta property=\"og:image:width\" content=\"720\" \/>\n\t<meta property=\"og:image:height\" content=\"399\" \/>\n\t<meta property=\"og:image:type\" content=\"image\/webp\" \/>\n<meta name=\"author\" content=\"Jeanette\" \/>\n<meta name=\"twitter:card\" content=\"summary_large_image\" \/>\n<meta name=\"twitter:creator\" content=\"@eldiario_net\" \/>\n<meta name=\"twitter:site\" content=\"@eldiario_net\" \/>\n<meta name=\"twitter:label1\" content=\"Escrito por\" \/>\n\t<meta name=\"twitter:data1\" content=\"Jeanette\" \/>\n\t<meta name=\"twitter:label2\" content=\"Tiempo de lectura\" \/>\n\t<meta name=\"twitter:data2\" content=\"2 minutos\" \/>\n<script type=\"application\/ld+json\" class=\"yoast-schema-graph\">{\"@context\":\"https:\\\/\\\/schema.org\",\"@graph\":[{\"@type\":\"Article\",\"@id\":\"https:\\\/\\\/www.eldiario.net\\\/portal\\\/2026\\\/04\\\/16\\\/a-partir-de-hoy-rige-el-silencio-electoral-en-cinco-departamentos\\\/#article\",\"isPartOf\":{\"@id\":\"https:\\\/\\\/www.eldiario.net\\\/portal\\\/2026\\\/04\\\/16\\\/a-partir-de-hoy-rige-el-silencio-electoral-en-cinco-departamentos\\\/\"},\"author\":{\"name\":\"Jeanette\",\"@id\":\"https:\\\/\\\/www.eldiario.net\\\/portal\\\/#\\\/schema\\\/person\\\/2c57cf2b7a7ae032e449e4c9b1019eac\"},\"headline\":\"A partir de hoy rige el silencio electoral en cinco departamentos\",\"datePublished\":\"2026-04-16T10:26:32+00:00\",\"mainEntityOfPage\":{\"@id\":\"https:\\\/\\\/www.eldiario.net\\\/portal\\\/2026\\\/04\\\/16\\\/a-partir-de-hoy-rige-el-silencio-electoral-en-cinco-departamentos\\\/\"},\"wordCount\":242,\"publisher\":{\"@id\":\"https:\\\/\\\/www.eldiario.net\\\/portal\\\/#organization\"},\"image\":{\"@id\":\"https:\\\/\\\/www.eldiario.net\\\/portal\\\/2026\\\/04\\\/16\\\/a-partir-de-hoy-rige-el-silencio-electoral-en-cinco-departamentos\\\/#primaryimage\"},\"thumbnailUrl\":\"https:\\\/\\\/www.eldiario.net\\\/portal\\\/wp-content\\\/uploads\\\/2026\\\/04\\\/DADA-FOTO.webp\",\"articleSection\":[\"Portada\"],\"inLanguage\":\"es\"},{\"@type\":\"WebPage\",\"@id\":\"https:\\\/\\\/www.eldiario.net\\\/portal\\\/2026\\\/04\\\/16\\\/a-partir-de-hoy-rige-el-silencio-electoral-en-cinco-departamentos\\\/\",\"url\":\"https:\\\/\\\/www.eldiario.net\\\/portal\\\/2026\\\/04\\\/16\\\/a-partir-de-hoy-rige-el-silencio-electoral-en-cinco-departamentos\\\/\",\"name\":\"A partir de hoy rige el silencio electoral en cinco departamentos - El Diario - Bolivia\",\"isPartOf\":{\"@id\":\"https:\\\/\\\/www.eldiario.net\\\/portal\\\/#website\"},\"primaryImageOfPage\":{\"@id\":\"https:\\\/\\\/www.eldiario.net\\\/portal\\\/2026\\\/04\\\/16\\\/a-partir-de-hoy-rige-el-silencio-electoral-en-cinco-departamentos\\\/#primaryimage\"},\"image\":{\"@id\":\"https:\\\/\\\/www.eldiario.net\\\/portal\\\/2026\\\/04\\\/16\\\/a-partir-de-hoy-rige-el-silencio-electoral-en-cinco-departamentos\\\/#primaryimage\"},\"thumbnailUrl\":\"https:\\\/\\\/www.eldiario.net\\\/portal\\\/wp-content\\\/uploads\\\/2026\\\/04\\\/DADA-FOTO.webp\",\"datePublished\":\"2026-04-16T10:26:32+00:00\",\"breadcrumb\":{\"@id\":\"https:\\\/\\\/www.eldiario.net\\\/portal\\\/2026\\\/04\\\/16\\\/a-partir-de-hoy-rige-el-silencio-electoral-en-cinco-departamentos\\\/#breadcrumb\"},\"inLanguage\":\"es\",\"potentialAction\":[{\"@type\":\"ReadAction\",\"target\":[\"https:\\\/\\\/www.eldiario.net\\\/portal\\\/2026\\\/04\\\/16\\\/a-partir-de-hoy-rige-el-silencio-electoral-en-cinco-departamentos\\\/\"]}]},{\"@type\":\"ImageObject\",\"inLanguage\":\"es\",\"@id\":\"https:\\\/\\\/www.eldiario.net\\\/portal\\\/2026\\\/04\\\/16\\\/a-partir-de-hoy-rige-el-silencio-electoral-en-cinco-departamentos\\\/#primaryimage\",\"url\":\"https:\\\/\\\/www.eldiario.net\\\/portal\\\/wp-content\\\/uploads\\\/2026\\\/04\\\/DADA-FOTO.webp\",\"contentUrl\":\"https:\\\/\\\/www.eldiario.net\\\/portal\\\/wp-content\\\/uploads\\\/2026\\\/04\\\/DADA-FOTO.webp\",\"width\":720,\"height\":399,\"caption\":\"UNA PERSONA DEPOSITA SU VOTO EN UN \u00c1NFORA. FOTO: BR\u00daJULA DIGITAL\"},{\"@type\":\"BreadcrumbList\",\"@id\":\"https:\\\/\\\/www.eldiario.net\\\/portal\\\/2026\\\/04\\\/16\\\/a-partir-de-hoy-rige-el-silencio-electoral-en-cinco-departamentos\\\/#breadcrumb\",\"itemListElement\":[{\"@type\":\"ListItem\",\"position\":1,\"name\":\"Portada\",\"item\":\"https:\\\/\\\/www.eldiario.net\\\/portal\\\/\"},{\"@type\":\"ListItem\",\"position\":2,\"name\":\"A partir de hoy rige el silencio electoral en cinco departamentos\"}]},{\"@type\":\"WebSite\",\"@id\":\"https:\\\/\\\/www.eldiario.net\\\/portal\\\/#website\",\"url\":\"https:\\\/\\\/www.eldiario.net\\\/portal\\\/\",\"name\":\"El Diario - Decano de la prensa nacional\",\"description\":\"El Diario - Decano de la prensa nacional\",\"publisher\":{\"@id\":\"https:\\\/\\\/www.eldiario.net\\\/portal\\\/#organization\"},\"potentialAction\":[{\"@type\":\"SearchAction\",\"target\":{\"@type\":\"EntryPoint\",\"urlTemplate\":\"https:\\\/\\\/www.eldiario.net\\\/portal\\\/?s={search_term_string}\"},\"query-input\":{\"@type\":\"PropertyValueSpecification\",\"valueRequired\":true,\"valueName\":\"search_term_string\"}}],\"inLanguage\":\"es\"},{\"@type\":\"Organization\",\"@id\":\"https:\\\/\\\/www.eldiario.net\\\/portal\\\/#organization\",\"name\":\"El Diario - Decano de la prensa nacional\",\"url\":\"https:\\\/\\\/www.eldiario.net\\\/portal\\\/\",\"logo\":{\"@type\":\"ImageObject\",\"inLanguage\":\"es\",\"@id\":\"https:\\\/\\\/www.eldiario.net\\\/portal\\\/#\\\/schema\\\/logo\\\/image\\\/\",\"url\":\"https:\\\/\\\/www.eldiario.net\\\/portal\\\/wp-content\\\/uploads\\\/2023\\\/07\\\/logo_ED.jpg\",\"contentUrl\":\"https:\\\/\\\/www.eldiario.net\\\/portal\\\/wp-content\\\/uploads\\\/2023\\\/07\\\/logo_ED.jpg\",\"width\":272,\"height\":52,\"caption\":\"El Diario - Decano de la prensa nacional\"},\"image\":{\"@id\":\"https:\\\/\\\/www.eldiario.net\\\/portal\\\/#\\\/schema\\\/logo\\\/image\\\/\"},\"sameAs\":[\"https:\\\/\\\/www.facebook.com\\\/eldiario.bolivia\\\/\",\"https:\\\/\\\/x.com\\\/eldiario_net\"]},{\"@type\":\"Person\",\"@id\":\"https:\\\/\\\/www.eldiario.net\\\/portal\\\/#\\\/schema\\\/person\\\/2c57cf2b7a7ae032e449e4c9b1019eac\",\"name\":\"Jeanette\",\"image\":{\"@type\":\"ImageObject\",\"inLanguage\":\"es\",\"@id\":\"https:\\\/\\\/secure.gravatar.com\\\/avatar\\\/3ea2118a5f7dad2b7138b1187a6b7ee55f160b9968b66013c3a3ef39dd7e5798?s=96&d=mm&r=g\",\"url\":\"https:\\\/\\\/secure.gravatar.com\\\/avatar\\\/3ea2118a5f7dad2b7138b1187a6b7ee55f160b9968b66013c3a3ef39dd7e5798?s=96&d=mm&r=g\",\"contentUrl\":\"https:\\\/\\\/secure.gravatar.com\\\/avatar\\\/3ea2118a5f7dad2b7138b1187a6b7ee55f160b9968b66013c3a3ef39dd7e5798?s=96&d=mm&r=g\",\"caption\":\"Jeanette\"},\"sameAs\":[\"https:\\\/\\\/www.eldiario.net\\\/portal\"],\"url\":\"https:\\\/\\\/www.eldiario.net\\\/portal\\\/author\\\/jeanette\\\/\"}]}<\/script>\n<!-- \/ Yoast SEO plugin. -->","yoast_head_json":{"title":"A partir de hoy rige el silencio electoral en cinco departamentos - El Diario - Bolivia","robots":{"index":"index","follow":"follow","max-snippet":"max-snippet:-1","max-image-preview":"max-image-preview:large","max-video-preview":"max-video-preview:-1"},"canonical":"https:\/\/www.eldiario.net\/portal\/2026\/04\/16\/a-partir-de-hoy-rige-el-silencio-electoral-en-cinco-departamentos\/","og_locale":"es_ES","og_type":"article","og_title":"A partir de hoy rige el silencio electoral en cinco departamentos - El Diario - Bolivia","og_description":"Los tribunales electorales departamentales (TED) informaron que desde las cero horas de este jueves (hoy) entr\u00f3 en vigencia el silencio electoral en los departamentos de Santa Cruz, Beni, Tarija, Oruro y Chuquisaca, en el marco de la segunda vuelta de las elecciones subnacionales que se efectuar\u00e1n este domingo 19. La vicepresidenta del TED de Tarija [&hellip;]","og_url":"https:\/\/www.eldiario.net\/portal\/2026\/04\/16\/a-partir-de-hoy-rige-el-silencio-electoral-en-cinco-departamentos\/","og_site_name":"El Diario - Bolivia","article_publisher":"https:\/\/www.facebook.com\/eldiario.bolivia\/","article_published_time":"2026-04-16T10:26:32+00:00","og_image":[{"width":720,"height":399,"url":"https:\/\/www.eldiario.net\/portal\/wp-content\/uploads\/2026\/04\/DADA-FOTO.webp","type":"image\/webp"}],"author":"Jeanette","twitter_card":"summary_large_image","twitter_creator":"@eldiario_net","twitter_site":"@eldiario_net","twitter_misc":{"Escrito por":"Jeanette","Tiempo de lectura":"2 minutos"},"schema":{"@context":"https:\/\/schema.org","@graph":[{"@type":"Article","@id":"https:\/\/www.eldiario.net\/portal\/2026\/04\/16\/a-partir-de-hoy-rige-el-silencio-electoral-en-cinco-departamentos\/#article","isPartOf":{"@id":"https:\/\/www.eldiario.net\/portal\/2026\/04\/16\/a-partir-de-hoy-rige-el-silencio-electoral-en-cinco-departamentos\/"},"author":{"name":"Jeanette","@id":"https:\/\/www.eldiario.net\/portal\/#\/schema\/person\/2c57cf2b7a7ae032e449e4c9b1019eac"},"headline":"A partir de hoy rige el silencio electoral en cinco departamentos","datePublished":"2026-04-16T10:26:32+00:00","mainEntityOfPage":{"@id":"https:\/\/www.eldiario.net\/portal\/2026\/04\/16\/a-partir-de-hoy-rige-el-silencio-electoral-en-cinco-departamentos\/"},"wordCount":242,"publisher":{"@id":"https:\/\/www.eldiario.net\/portal\/#organization"},"image":{"@id":"https:\/\/www.eldiario.net\/portal\/2026\/04\/16\/a-partir-de-hoy-rige-el-silencio-electoral-en-cinco-departamentos\/#primaryimage"},"thumbnailUrl":"https:\/\/www.eldiario.net\/portal\/wp-content\/uploads\/2026\/04\/DADA-FOTO.webp","articleSection":["Portada"],"inLanguage":"es"},{"@type":"WebPage","@id":"https:\/\/www.eldiario.net\/portal\/2026\/04\/16\/a-partir-de-hoy-rige-el-silencio-electoral-en-cinco-departamentos\/","url":"https:\/\/www.eldiario.net\/portal\/2026\/04\/16\/a-partir-de-hoy-rige-el-silencio-electoral-en-cinco-departamentos\/","name":"A partir de hoy rige el silencio electoral en cinco departamentos - El Diario - Bolivia","isPartOf":{"@id":"https:\/\/www.eldiario.net\/portal\/#website"},"primaryImageOfPage":{"@id":"https:\/\/www.eldiario.net\/portal\/2026\/04\/16\/a-partir-de-hoy-rige-el-silencio-electoral-en-cinco-departamentos\/#primaryimage"},"image":{"@id":"https:\/\/www.eldiario.net\/portal\/2026\/04\/16\/a-partir-de-hoy-rige-el-silencio-electoral-en-cinco-departamentos\/#primaryimage"},"thumbnailUrl":"https:\/\/www.eldiario.net\/portal\/wp-content\/uploads\/2026\/04\/DADA-FOTO.webp","datePublished":"2026-04-16T10:26:32+00:00","breadcrumb":{"@id":"https:\/\/www.eldiario.net\/portal\/2026\/04\/16\/a-partir-de-hoy-rige-el-silencio-electoral-en-cinco-departamentos\/#breadcrumb"},"inLanguage":"es","potentialAction":[{"@type":"ReadAction","target":["https:\/\/www.eldiario.net\/portal\/2026\/04\/16\/a-partir-de-hoy-rige-el-silencio-electoral-en-cinco-departamentos\/"]}]},{"@type":"ImageObject","inLanguage":"es","@id":"https:\/\/www.eldiario.net\/portal\/2026\/04\/16\/a-partir-de-hoy-rige-el-silencio-electoral-en-cinco-departamentos\/#primaryimage","url":"https:\/\/www.eldiario.net\/portal\/wp-content\/uploads\/2026\/04\/DADA-FOTO.webp","contentUrl":"https:\/\/www.eldiario.net\/portal\/wp-content\/uploads\/2026\/04\/DADA-FOTO.webp","width":720,"height":399,"caption":"UNA PERSONA DEPOSITA SU VOTO EN UN \u00c1NFORA. FOTO: BR\u00daJULA DIGITAL"},{"@type":"BreadcrumbList","@id":"https:\/\/www.eldiario.net\/portal\/2026\/04\/16\/a-partir-de-hoy-rige-el-silencio-electoral-en-cinco-departamentos\/#breadcrumb","itemListElement":[{"@type":"ListItem","position":1,"name":"Portada","item":"https:\/\/www.eldiario.net\/portal\/"},{"@type":"ListItem","position":2,"name":"A partir de hoy rige el silencio electoral en cinco departamentos"}]},{"@type":"WebSite","@id":"https:\/\/www.eldiario.net\/portal\/#website","url":"https:\/\/www.eldiario.net\/portal\/","name":"El Diario - Decano de la prensa nacional","description":"El Diario - Decano de la prensa nacional","publisher":{"@id":"https:\/\/www.eldiario.net\/portal\/#organization"},"potentialAction":[{"@type":"SearchAction","target":{"@type":"EntryPoint","urlTemplate":"https:\/\/www.eldiario.net\/portal\/?s={search_term_string}"},"query-input":{"@type":"PropertyValueSpecification","valueRequired":true,"valueName":"search_term_string"}}],"inLanguage":"es"},{"@type":"Organization","@id":"https:\/\/www.eldiario.net\/portal\/#organization","name":"El Diario - Decano de la prensa nacional","url":"https:\/\/www.eldiario.net\/portal\/","logo":{"@type":"ImageObject","inLanguage":"es","@id":"https:\/\/www.eldiario.net\/portal\/#\/schema\/logo\/image\/","url":"https:\/\/www.eldiario.net\/portal\/wp-content\/uploads\/2023\/07\/logo_ED.jpg","contentUrl":"https:\/\/www.eldiario.net\/portal\/wp-content\/uploads\/2023\/07\/logo_ED.jpg","width":272,"height":52,"caption":"El Diario - Decano de la prensa nacional"},"image":{"@id":"https:\/\/www.eldiario.net\/portal\/#\/schema\/logo\/image\/"},"sameAs":["https:\/\/www.facebook.com\/eldiario.bolivia\/","https:\/\/x.com\/eldiario_net"]},{"@type":"Person","@id":"https:\/\/www.eldiario.net\/portal\/#\/schema\/person\/2c57cf2b7a7ae032e449e4c9b1019eac","name":"Jeanette","image":{"@type":"ImageObject","inLanguage":"es","@id":"https:\/\/secure.gravatar.com\/avatar\/3ea2118a5f7dad2b7138b1187a6b7ee55f160b9968b66013c3a3ef39dd7e5798?s=96&d=mm&r=g","url":"https:\/\/secure.gravatar.com\/avatar\/3ea2118a5f7dad2b7138b1187a6b7ee55f160b9968b66013c3a3ef39dd7e5798?s=96&d=mm&r=g","contentUrl":"https:\/\/secure.gravatar.com\/avatar\/3ea2118a5f7dad2b7138b1187a6b7ee55f160b9968b66013c3a3ef39dd7e5798?s=96&d=mm&r=g","caption":"Jeanette"},"sameAs":["https:\/\/www.eldiario.net\/portal"],"url":"https:\/\/www.eldiario.net\/portal\/author\/jeanette\/"}]}},"_links":{"self":[{"href":"https:\/\/www.eldiario.net\/portal\/wp-json\/wp\/v2\/posts\/385511","targetHints":{"allow":["GET"]}}],"collection":[{"href":"https:\/\/www.eldiario.net\/portal\/wp-json\/wp\/v2\/posts"}],"about":[{"href":"https:\/\/www.eldiario.net\/portal\/wp-json\/wp\/v2\/types\/post"}],"author":[{"embeddable":true,"href":"https:\/\/www.eldiario.net\/portal\/wp-json\/wp\/v2\/users\/1"}],"replies":[{"embeddable":true,"href":"https:\/\/www.eldiario.net\/portal\/wp-json\/wp\/v2\/comments?post=385511"}],"version-history":[{"count":1,"href":"https:\/\/www.eldiario.net\/portal\/wp-json\/wp\/v2\/posts\/385511\/revisions"}],"predecessor-version":[{"id":385513,"href":"https:\/\/www.eldiario.net\/portal\/wp-json\/wp\/v2\/posts\/385511\/revisions\/385513"}],"wp:featuredmedia":[{"embeddable":true,"href":"https:\/\/www.eldiario.net\/portal\/wp-json\/wp\/v2\/media\/385512"}],"wp:attachment":[{"href":"https:\/\/www.eldiario.net\/portal\/wp-json\/wp\/v2\/media?parent=385511"}],"wp:term":[{"taxonomy":"category","embeddable":true,"href":"https:\/\/www.eldiario.net\/portal\/wp-json\/wp\/v2\/categories?post=385511"},{"taxonomy":"post_tag","embeddable":true,"href":"https:\/\/www.eldiario.net\/portal\/wp-json\/wp\/v2\/tags?post=385511"}],"curies":[{"name":"wp","href":"https:\/\/api.w.org\/{rel}","templated":true}]}}