{"id":385508,"date":"2026-04-16T06:25:42","date_gmt":"2026-04-16T10:25:42","guid":{"rendered":"https:\/\/www.eldiario.net\/portal\/?p=385508"},"modified":"2026-04-16T06:25:42","modified_gmt":"2026-04-16T10:25:42","slug":"investigan-denuncia-de-desaparicion-y-presuntas-agresiones-a-conscripto-del-ejercito","status":"publish","type":"post","link":"https:\/\/www.eldiario.net\/portal\/2026\/04\/16\/investigan-denuncia-de-desaparicion-y-presuntas-agresiones-a-conscripto-del-ejercito\/","title":{"rendered":"Investigan denuncia de desaparici\u00f3n y  presuntas agresiones a conscripto del Ej\u00e9rcito"},"content":{"rendered":"<p>La Defensor\u00eda del Pueblo investiga la presunta desaparici\u00f3n y posibles agresiones a un conscripto en Pando, luego de que familiares denunciaran que el joven no retorn\u00f3 a su unidad militar tras su d\u00eda de franco el pasado domingo.<\/p>\n<p>\u201cA partir de los informes generados por las diferentes unidades de la primera divisi\u00f3n ya se tendr\u00eda al soldado antiguo identificado y corroborado la existencia de malos tratos y agresiones f\u00edsicas contra el soldado que la t\u00eda ha denunciado su desaparici\u00f3n y obviamente el maltrato\u201d, se\u00f1al\u00f3 la delegada defensorial, Cinthya Jord\u00e1n.<\/p>\n<p>Seg\u00fan la t\u00eda del joven, el conscripto sali\u00f3 de su domicilio con la intenci\u00f3n de realizar diligencias y reincorporarse a su unidad, pero no volvi\u00f3. La denuncia tambi\u00e9n menciona presuntos actos de violencia y agresiones f\u00edsicas dentro del cuartel.<\/p>\n<p>La Defensor\u00eda tom\u00f3 contacto con la familia y se constituy\u00f3 en la Primera Divisi\u00f3n del Ej\u00e9rcito en Pando, donde recab\u00f3 informaci\u00f3n y realiz\u00f3 entrevistas a los soldados.<\/p>\n<p>El comandante de la Primera Divisi\u00f3n del Ej\u00e9rcito, Jos\u00e9 Antonio Camacho, les inform\u00f3 que se identific\u00f3 a un soldado antiguo como presunto responsable de malos tratos, y que se activaron procesos disciplinarios internos.<\/p>\n<p>La instituci\u00f3n defensorial tambi\u00e9n gestiona que el caso sea formalizado ante instancias policiales para activar la b\u00fasqueda del conscripto. (Erbol)<\/p>\n","protected":false},"excerpt":{"rendered":"<p>La Defensor\u00eda del Pueblo investiga la presunta desaparici\u00f3n y posibles agresiones a un conscripto en Pando, luego de que familiares denunciaran que el joven no retorn\u00f3 a su unidad militar tras su d\u00eda de franco el pasado domingo. \u201cA partir de los informes generados por las diferentes unidades de la primera divisi\u00f3n ya se tendr\u00eda [&hellip;]<\/p>\n","protected":false},"author":1,"featured_media":385509,"comment_status":"closed","ping_status":"open","sticky":false,"template":"","format":"standard","meta":{"_acf_changed":false,"footnotes":""},"categories":[15],"tags":[],"class_list":["post-385508","post","type-post","status-publish","format-standard","has-post-thumbnail","category-portada"],"acf":{"antetitulo":""},"yoast_head":"<!-- This site is optimized with the Yoast SEO plugin v28.4 - https:\/\/yoast.com\/product\/yoast-seo-wordpress\/ -->\n<title>Investigan denuncia de desaparici\u00f3n y presuntas agresiones a conscripto del Ej\u00e9rcito - El Diario - Bolivia<\/title>\n<meta name=\"robots\" content=\"index, follow, max-snippet:-1, max-image-preview:large, max-video-preview:-1\" \/>\n<link rel=\"canonical\" href=\"https:\/\/www.eldiario.net\/portal\/2026\/04\/16\/investigan-denuncia-de-desaparicion-y-presuntas-agresiones-a-conscripto-del-ejercito\/\" \/>\n<meta property=\"og:locale\" content=\"es_ES\" \/>\n<meta property=\"og:type\" content=\"article\" \/>\n<meta property=\"og:title\" content=\"Investigan denuncia de desaparici\u00f3n y presuntas agresiones a conscripto del Ej\u00e9rcito - El Diario - Bolivia\" \/>\n<meta property=\"og:description\" content=\"La Defensor\u00eda del Pueblo investiga la presunta desaparici\u00f3n y posibles agresiones a un conscripto en Pando, luego de que familiares denunciaran que el joven no retorn\u00f3 a su unidad militar tras su d\u00eda de franco el pasado domingo. \u201cA partir de los informes generados por las diferentes unidades de la primera divisi\u00f3n ya se tendr\u00eda [&hellip;]\" \/>\n<meta property=\"og:url\" content=\"https:\/\/www.eldiario.net\/portal\/2026\/04\/16\/investigan-denuncia-de-desaparicion-y-presuntas-agresiones-a-conscripto-del-ejercito\/\" \/>\n<meta property=\"og:site_name\" content=\"El Diario - Bolivia\" \/>\n<meta property=\"article:publisher\" content=\"https:\/\/www.facebook.com\/eldiario.bolivia\/\" \/>\n<meta property=\"article:published_time\" content=\"2026-04-16T10:25:42+00:00\" \/>\n<meta property=\"og:image\" content=\"https:\/\/www.eldiario.net\/portal\/wp-content\/uploads\/2026\/04\/DESAPARICION-FOTO.webp\" \/>\n\t<meta property=\"og:image:width\" content=\"1050\" \/>\n\t<meta property=\"og:image:height\" content=\"541\" \/>\n\t<meta property=\"og:image:type\" content=\"image\/webp\" \/>\n<meta name=\"author\" content=\"Jeanette\" \/>\n<meta name=\"twitter:card\" content=\"summary_large_image\" \/>\n<meta name=\"twitter:creator\" content=\"@eldiario_net\" \/>\n<meta name=\"twitter:site\" content=\"@eldiario_net\" \/>\n<meta name=\"twitter:label1\" content=\"Escrito por\" \/>\n\t<meta name=\"twitter:data1\" content=\"Jeanette\" \/>\n\t<meta name=\"twitter:label2\" content=\"Tiempo de lectura\" \/>\n\t<meta name=\"twitter:data2\" content=\"2 minutos\" \/>\n<script type=\"application\/ld+json\" class=\"yoast-schema-graph\">{\"@context\":\"https:\\\/\\\/schema.org\",\"@graph\":[{\"@type\":\"Article\",\"@id\":\"https:\\\/\\\/www.eldiario.net\\\/portal\\\/2026\\\/04\\\/16\\\/investigan-denuncia-de-desaparicion-y-presuntas-agresiones-a-conscripto-del-ejercito\\\/#article\",\"isPartOf\":{\"@id\":\"https:\\\/\\\/www.eldiario.net\\\/portal\\\/2026\\\/04\\\/16\\\/investigan-denuncia-de-desaparicion-y-presuntas-agresiones-a-conscripto-del-ejercito\\\/\"},\"author\":{\"name\":\"Jeanette\",\"@id\":\"https:\\\/\\\/www.eldiario.net\\\/portal\\\/#\\\/schema\\\/person\\\/2c57cf2b7a7ae032e449e4c9b1019eac\"},\"headline\":\"Investigan denuncia de desaparici\u00f3n y presuntas agresiones a conscripto del Ej\u00e9rcito\",\"datePublished\":\"2026-04-16T10:25:42+00:00\",\"mainEntityOfPage\":{\"@id\":\"https:\\\/\\\/www.eldiario.net\\\/portal\\\/2026\\\/04\\\/16\\\/investigan-denuncia-de-desaparicion-y-presuntas-agresiones-a-conscripto-del-ejercito\\\/\"},\"wordCount\":245,\"publisher\":{\"@id\":\"https:\\\/\\\/www.eldiario.net\\\/portal\\\/#organization\"},\"image\":{\"@id\":\"https:\\\/\\\/www.eldiario.net\\\/portal\\\/2026\\\/04\\\/16\\\/investigan-denuncia-de-desaparicion-y-presuntas-agresiones-a-conscripto-del-ejercito\\\/#primaryimage\"},\"thumbnailUrl\":\"https:\\\/\\\/www.eldiario.net\\\/portal\\\/wp-content\\\/uploads\\\/2026\\\/04\\\/DESAPARICION-FOTO.webp\",\"articleSection\":[\"Portada\"],\"inLanguage\":\"es\"},{\"@type\":\"WebPage\",\"@id\":\"https:\\\/\\\/www.eldiario.net\\\/portal\\\/2026\\\/04\\\/16\\\/investigan-denuncia-de-desaparicion-y-presuntas-agresiones-a-conscripto-del-ejercito\\\/\",\"url\":\"https:\\\/\\\/www.eldiario.net\\\/portal\\\/2026\\\/04\\\/16\\\/investigan-denuncia-de-desaparicion-y-presuntas-agresiones-a-conscripto-del-ejercito\\\/\",\"name\":\"Investigan denuncia de desaparici\u00f3n y presuntas agresiones a conscripto del Ej\u00e9rcito - El Diario - Bolivia\",\"isPartOf\":{\"@id\":\"https:\\\/\\\/www.eldiario.net\\\/portal\\\/#website\"},\"primaryImageOfPage\":{\"@id\":\"https:\\\/\\\/www.eldiario.net\\\/portal\\\/2026\\\/04\\\/16\\\/investigan-denuncia-de-desaparicion-y-presuntas-agresiones-a-conscripto-del-ejercito\\\/#primaryimage\"},\"image\":{\"@id\":\"https:\\\/\\\/www.eldiario.net\\\/portal\\\/2026\\\/04\\\/16\\\/investigan-denuncia-de-desaparicion-y-presuntas-agresiones-a-conscripto-del-ejercito\\\/#primaryimage\"},\"thumbnailUrl\":\"https:\\\/\\\/www.eldiario.net\\\/portal\\\/wp-content\\\/uploads\\\/2026\\\/04\\\/DESAPARICION-FOTO.webp\",\"datePublished\":\"2026-04-16T10:25:42+00:00\",\"breadcrumb\":{\"@id\":\"https:\\\/\\\/www.eldiario.net\\\/portal\\\/2026\\\/04\\\/16\\\/investigan-denuncia-de-desaparicion-y-presuntas-agresiones-a-conscripto-del-ejercito\\\/#breadcrumb\"},\"inLanguage\":\"es\",\"potentialAction\":[{\"@type\":\"ReadAction\",\"target\":[\"https:\\\/\\\/www.eldiario.net\\\/portal\\\/2026\\\/04\\\/16\\\/investigan-denuncia-de-desaparicion-y-presuntas-agresiones-a-conscripto-del-ejercito\\\/\"]}]},{\"@type\":\"ImageObject\",\"inLanguage\":\"es\",\"@id\":\"https:\\\/\\\/www.eldiario.net\\\/portal\\\/2026\\\/04\\\/16\\\/investigan-denuncia-de-desaparicion-y-presuntas-agresiones-a-conscripto-del-ejercito\\\/#primaryimage\",\"url\":\"https:\\\/\\\/www.eldiario.net\\\/portal\\\/wp-content\\\/uploads\\\/2026\\\/04\\\/DESAPARICION-FOTO.webp\",\"contentUrl\":\"https:\\\/\\\/www.eldiario.net\\\/portal\\\/wp-content\\\/uploads\\\/2026\\\/04\\\/DESAPARICION-FOTO.webp\",\"width\":1050,\"height\":541,\"caption\":\"PRIMERA DIVISI\u00d3N DEL EJ\u00c9RCITO EN PANDO. FOTO: DEFENSOR\u00cdA DEL PUEBLO\"},{\"@type\":\"BreadcrumbList\",\"@id\":\"https:\\\/\\\/www.eldiario.net\\\/portal\\\/2026\\\/04\\\/16\\\/investigan-denuncia-de-desaparicion-y-presuntas-agresiones-a-conscripto-del-ejercito\\\/#breadcrumb\",\"itemListElement\":[{\"@type\":\"ListItem\",\"position\":1,\"name\":\"Portada\",\"item\":\"https:\\\/\\\/www.eldiario.net\\\/portal\\\/\"},{\"@type\":\"ListItem\",\"position\":2,\"name\":\"Investigan denuncia de desaparici\u00f3n y presuntas agresiones a conscripto del Ej\u00e9rcito\"}]},{\"@type\":\"WebSite\",\"@id\":\"https:\\\/\\\/www.eldiario.net\\\/portal\\\/#website\",\"url\":\"https:\\\/\\\/www.eldiario.net\\\/portal\\\/\",\"name\":\"El Diario - Decano de la prensa nacional\",\"description\":\"El Diario - Decano de la prensa nacional\",\"publisher\":{\"@id\":\"https:\\\/\\\/www.eldiario.net\\\/portal\\\/#organization\"},\"potentialAction\":[{\"@type\":\"SearchAction\",\"target\":{\"@type\":\"EntryPoint\",\"urlTemplate\":\"https:\\\/\\\/www.eldiario.net\\\/portal\\\/?s={search_term_string}\"},\"query-input\":{\"@type\":\"PropertyValueSpecification\",\"valueRequired\":true,\"valueName\":\"search_term_string\"}}],\"inLanguage\":\"es\"},{\"@type\":\"Organization\",\"@id\":\"https:\\\/\\\/www.eldiario.net\\\/portal\\\/#organization\",\"name\":\"El Diario - Decano de la prensa nacional\",\"url\":\"https:\\\/\\\/www.eldiario.net\\\/portal\\\/\",\"logo\":{\"@type\":\"ImageObject\",\"inLanguage\":\"es\",\"@id\":\"https:\\\/\\\/www.eldiario.net\\\/portal\\\/#\\\/schema\\\/logo\\\/image\\\/\",\"url\":\"https:\\\/\\\/www.eldiario.net\\\/portal\\\/wp-content\\\/uploads\\\/2023\\\/07\\\/logo_ED.jpg\",\"contentUrl\":\"https:\\\/\\\/www.eldiario.net\\\/portal\\\/wp-content\\\/uploads\\\/2023\\\/07\\\/logo_ED.jpg\",\"width\":272,\"height\":52,\"caption\":\"El Diario - Decano de la prensa nacional\"},\"image\":{\"@id\":\"https:\\\/\\\/www.eldiario.net\\\/portal\\\/#\\\/schema\\\/logo\\\/image\\\/\"},\"sameAs\":[\"https:\\\/\\\/www.facebook.com\\\/eldiario.bolivia\\\/\",\"https:\\\/\\\/x.com\\\/eldiario_net\"]},{\"@type\":\"Person\",\"@id\":\"https:\\\/\\\/www.eldiario.net\\\/portal\\\/#\\\/schema\\\/person\\\/2c57cf2b7a7ae032e449e4c9b1019eac\",\"name\":\"Jeanette\",\"image\":{\"@type\":\"ImageObject\",\"inLanguage\":\"es\",\"@id\":\"https:\\\/\\\/secure.gravatar.com\\\/avatar\\\/3ea2118a5f7dad2b7138b1187a6b7ee55f160b9968b66013c3a3ef39dd7e5798?s=96&d=mm&r=g\",\"url\":\"https:\\\/\\\/secure.gravatar.com\\\/avatar\\\/3ea2118a5f7dad2b7138b1187a6b7ee55f160b9968b66013c3a3ef39dd7e5798?s=96&d=mm&r=g\",\"contentUrl\":\"https:\\\/\\\/secure.gravatar.com\\\/avatar\\\/3ea2118a5f7dad2b7138b1187a6b7ee55f160b9968b66013c3a3ef39dd7e5798?s=96&d=mm&r=g\",\"caption\":\"Jeanette\"},\"sameAs\":[\"https:\\\/\\\/www.eldiario.net\\\/portal\"],\"url\":\"https:\\\/\\\/www.eldiario.net\\\/portal\\\/author\\\/jeanette\\\/\"}]}<\/script>\n<!-- \/ Yoast SEO plugin. -->","yoast_head_json":{"title":"Investigan denuncia de desaparici\u00f3n y presuntas agresiones a conscripto del Ej\u00e9rcito - El Diario - Bolivia","robots":{"index":"index","follow":"follow","max-snippet":"max-snippet:-1","max-image-preview":"max-image-preview:large","max-video-preview":"max-video-preview:-1"},"canonical":"https:\/\/www.eldiario.net\/portal\/2026\/04\/16\/investigan-denuncia-de-desaparicion-y-presuntas-agresiones-a-conscripto-del-ejercito\/","og_locale":"es_ES","og_type":"article","og_title":"Investigan denuncia de desaparici\u00f3n y presuntas agresiones a conscripto del Ej\u00e9rcito - El Diario - Bolivia","og_description":"La Defensor\u00eda del Pueblo investiga la presunta desaparici\u00f3n y posibles agresiones a un conscripto en Pando, luego de que familiares denunciaran que el joven no retorn\u00f3 a su unidad militar tras su d\u00eda de franco el pasado domingo. \u201cA partir de los informes generados por las diferentes unidades de la primera divisi\u00f3n ya se tendr\u00eda [&hellip;]","og_url":"https:\/\/www.eldiario.net\/portal\/2026\/04\/16\/investigan-denuncia-de-desaparicion-y-presuntas-agresiones-a-conscripto-del-ejercito\/","og_site_name":"El Diario - Bolivia","article_publisher":"https:\/\/www.facebook.com\/eldiario.bolivia\/","article_published_time":"2026-04-16T10:25:42+00:00","og_image":[{"width":1050,"height":541,"url":"https:\/\/www.eldiario.net\/portal\/wp-content\/uploads\/2026\/04\/DESAPARICION-FOTO.webp","type":"image\/webp"}],"author":"Jeanette","twitter_card":"summary_large_image","twitter_creator":"@eldiario_net","twitter_site":"@eldiario_net","twitter_misc":{"Escrito por":"Jeanette","Tiempo de lectura":"2 minutos"},"schema":{"@context":"https:\/\/schema.org","@graph":[{"@type":"Article","@id":"https:\/\/www.eldiario.net\/portal\/2026\/04\/16\/investigan-denuncia-de-desaparicion-y-presuntas-agresiones-a-conscripto-del-ejercito\/#article","isPartOf":{"@id":"https:\/\/www.eldiario.net\/portal\/2026\/04\/16\/investigan-denuncia-de-desaparicion-y-presuntas-agresiones-a-conscripto-del-ejercito\/"},"author":{"name":"Jeanette","@id":"https:\/\/www.eldiario.net\/portal\/#\/schema\/person\/2c57cf2b7a7ae032e449e4c9b1019eac"},"headline":"Investigan denuncia de desaparici\u00f3n y presuntas agresiones a conscripto del Ej\u00e9rcito","datePublished":"2026-04-16T10:25:42+00:00","mainEntityOfPage":{"@id":"https:\/\/www.eldiario.net\/portal\/2026\/04\/16\/investigan-denuncia-de-desaparicion-y-presuntas-agresiones-a-conscripto-del-ejercito\/"},"wordCount":245,"publisher":{"@id":"https:\/\/www.eldiario.net\/portal\/#organization"},"image":{"@id":"https:\/\/www.eldiario.net\/portal\/2026\/04\/16\/investigan-denuncia-de-desaparicion-y-presuntas-agresiones-a-conscripto-del-ejercito\/#primaryimage"},"thumbnailUrl":"https:\/\/www.eldiario.net\/portal\/wp-content\/uploads\/2026\/04\/DESAPARICION-FOTO.webp","articleSection":["Portada"],"inLanguage":"es"},{"@type":"WebPage","@id":"https:\/\/www.eldiario.net\/portal\/2026\/04\/16\/investigan-denuncia-de-desaparicion-y-presuntas-agresiones-a-conscripto-del-ejercito\/","url":"https:\/\/www.eldiario.net\/portal\/2026\/04\/16\/investigan-denuncia-de-desaparicion-y-presuntas-agresiones-a-conscripto-del-ejercito\/","name":"Investigan denuncia de desaparici\u00f3n y presuntas agresiones a conscripto del Ej\u00e9rcito - El Diario - Bolivia","isPartOf":{"@id":"https:\/\/www.eldiario.net\/portal\/#website"},"primaryImageOfPage":{"@id":"https:\/\/www.eldiario.net\/portal\/2026\/04\/16\/investigan-denuncia-de-desaparicion-y-presuntas-agresiones-a-conscripto-del-ejercito\/#primaryimage"},"image":{"@id":"https:\/\/www.eldiario.net\/portal\/2026\/04\/16\/investigan-denuncia-de-desaparicion-y-presuntas-agresiones-a-conscripto-del-ejercito\/#primaryimage"},"thumbnailUrl":"https:\/\/www.eldiario.net\/portal\/wp-content\/uploads\/2026\/04\/DESAPARICION-FOTO.webp","datePublished":"2026-04-16T10:25:42+00:00","breadcrumb":{"@id":"https:\/\/www.eldiario.net\/portal\/2026\/04\/16\/investigan-denuncia-de-desaparicion-y-presuntas-agresiones-a-conscripto-del-ejercito\/#breadcrumb"},"inLanguage":"es","potentialAction":[{"@type":"ReadAction","target":["https:\/\/www.eldiario.net\/portal\/2026\/04\/16\/investigan-denuncia-de-desaparicion-y-presuntas-agresiones-a-conscripto-del-ejercito\/"]}]},{"@type":"ImageObject","inLanguage":"es","@id":"https:\/\/www.eldiario.net\/portal\/2026\/04\/16\/investigan-denuncia-de-desaparicion-y-presuntas-agresiones-a-conscripto-del-ejercito\/#primaryimage","url":"https:\/\/www.eldiario.net\/portal\/wp-content\/uploads\/2026\/04\/DESAPARICION-FOTO.webp","contentUrl":"https:\/\/www.eldiario.net\/portal\/wp-content\/uploads\/2026\/04\/DESAPARICION-FOTO.webp","width":1050,"height":541,"caption":"PRIMERA DIVISI\u00d3N DEL EJ\u00c9RCITO EN PANDO. FOTO: DEFENSOR\u00cdA DEL PUEBLO"},{"@type":"BreadcrumbList","@id":"https:\/\/www.eldiario.net\/portal\/2026\/04\/16\/investigan-denuncia-de-desaparicion-y-presuntas-agresiones-a-conscripto-del-ejercito\/#breadcrumb","itemListElement":[{"@type":"ListItem","position":1,"name":"Portada","item":"https:\/\/www.eldiario.net\/portal\/"},{"@type":"ListItem","position":2,"name":"Investigan denuncia de desaparici\u00f3n y presuntas agresiones a conscripto del Ej\u00e9rcito"}]},{"@type":"WebSite","@id":"https:\/\/www.eldiario.net\/portal\/#website","url":"https:\/\/www.eldiario.net\/portal\/","name":"El Diario - Decano de la prensa nacional","description":"El Diario - Decano de la prensa nacional","publisher":{"@id":"https:\/\/www.eldiario.net\/portal\/#organization"},"potentialAction":[{"@type":"SearchAction","target":{"@type":"EntryPoint","urlTemplate":"https:\/\/www.eldiario.net\/portal\/?s={search_term_string}"},"query-input":{"@type":"PropertyValueSpecification","valueRequired":true,"valueName":"search_term_string"}}],"inLanguage":"es"},{"@type":"Organization","@id":"https:\/\/www.eldiario.net\/portal\/#organization","name":"El Diario - Decano de la prensa nacional","url":"https:\/\/www.eldiario.net\/portal\/","logo":{"@type":"ImageObject","inLanguage":"es","@id":"https:\/\/www.eldiario.net\/portal\/#\/schema\/logo\/image\/","url":"https:\/\/www.eldiario.net\/portal\/wp-content\/uploads\/2023\/07\/logo_ED.jpg","contentUrl":"https:\/\/www.eldiario.net\/portal\/wp-content\/uploads\/2023\/07\/logo_ED.jpg","width":272,"height":52,"caption":"El Diario - Decano de la prensa nacional"},"image":{"@id":"https:\/\/www.eldiario.net\/portal\/#\/schema\/logo\/image\/"},"sameAs":["https:\/\/www.facebook.com\/eldiario.bolivia\/","https:\/\/x.com\/eldiario_net"]},{"@type":"Person","@id":"https:\/\/www.eldiario.net\/portal\/#\/schema\/person\/2c57cf2b7a7ae032e449e4c9b1019eac","name":"Jeanette","image":{"@type":"ImageObject","inLanguage":"es","@id":"https:\/\/secure.gravatar.com\/avatar\/3ea2118a5f7dad2b7138b1187a6b7ee55f160b9968b66013c3a3ef39dd7e5798?s=96&d=mm&r=g","url":"https:\/\/secure.gravatar.com\/avatar\/3ea2118a5f7dad2b7138b1187a6b7ee55f160b9968b66013c3a3ef39dd7e5798?s=96&d=mm&r=g","contentUrl":"https:\/\/secure.gravatar.com\/avatar\/3ea2118a5f7dad2b7138b1187a6b7ee55f160b9968b66013c3a3ef39dd7e5798?s=96&d=mm&r=g","caption":"Jeanette"},"sameAs":["https:\/\/www.eldiario.net\/portal"],"url":"https:\/\/www.eldiario.net\/portal\/author\/jeanette\/"}]}},"_links":{"self":[{"href":"https:\/\/www.eldiario.net\/portal\/wp-json\/wp\/v2\/posts\/385508","targetHints":{"allow":["GET"]}}],"collection":[{"href":"https:\/\/www.eldiario.net\/portal\/wp-json\/wp\/v2\/posts"}],"about":[{"href":"https:\/\/www.eldiario.net\/portal\/wp-json\/wp\/v2\/types\/post"}],"author":[{"embeddable":true,"href":"https:\/\/www.eldiario.net\/portal\/wp-json\/wp\/v2\/users\/1"}],"replies":[{"embeddable":true,"href":"https:\/\/www.eldiario.net\/portal\/wp-json\/wp\/v2\/comments?post=385508"}],"version-history":[{"count":1,"href":"https:\/\/www.eldiario.net\/portal\/wp-json\/wp\/v2\/posts\/385508\/revisions"}],"predecessor-version":[{"id":385510,"href":"https:\/\/www.eldiario.net\/portal\/wp-json\/wp\/v2\/posts\/385508\/revisions\/385510"}],"wp:featuredmedia":[{"embeddable":true,"href":"https:\/\/www.eldiario.net\/portal\/wp-json\/wp\/v2\/media\/385509"}],"wp:attachment":[{"href":"https:\/\/www.eldiario.net\/portal\/wp-json\/wp\/v2\/media?parent=385508"}],"wp:term":[{"taxonomy":"category","embeddable":true,"href":"https:\/\/www.eldiario.net\/portal\/wp-json\/wp\/v2\/categories?post=385508"},{"taxonomy":"post_tag","embeddable":true,"href":"https:\/\/www.eldiario.net\/portal\/wp-json\/wp\/v2\/tags?post=385508"}],"curies":[{"name":"wp","href":"https:\/\/api.w.org\/{rel}","templated":true}]}}