{"id":385505,"date":"2026-04-16T06:24:56","date_gmt":"2026-04-16T10:24:56","guid":{"rendered":"https:\/\/www.eldiario.net\/portal\/?p=385505"},"modified":"2026-04-16T06:24:56","modified_gmt":"2026-04-16T10:24:56","slug":"tarija-tiene-mas-de-16-millones-de-hectareas-con-alto-potencial-productivo-agropecuario","status":"publish","type":"post","link":"https:\/\/www.eldiario.net\/portal\/2026\/04\/16\/tarija-tiene-mas-de-16-millones-de-hectareas-con-alto-potencial-productivo-agropecuario\/","title":{"rendered":"Tarija tiene m\u00e1s de 1,6 millones de hect\u00e1reas  con alto potencial productivo agropecuario"},"content":{"rendered":"<p>El departamento de Tarija cuenta con un importante potencial productivo agropecuario que alcanza a 1.646.330 hect\u00e1reas, de las cuales 1.457.062 est\u00e1n destinadas a la actividad pecuaria, seg\u00fan datos del Compendio de Informaci\u00f3n Productiva elaborado por el Banco de Desarrollo Productivo \u2013 Sociedad An\u00f3nima Mixta (BDP-SAM).<\/p>\n<p>El informe establece que esta regi\u00f3n presenta condiciones altamente favorables para la cr\u00eda y aprovechamiento de ganado cam\u00e9lido, ovino, caprino y bovino, consolid\u00e1ndose como un territorio con amplias oportunidades para el desarrollo del sector pecuario y sus cadenas productivas, incluida la producci\u00f3n de leche y sus derivados.<\/p>\n<p>De acuerdo con el documento, el potencial productivo se distribuye de manera diferenciada en las seis provincias del departamento, evidenciando la diversidad territorial de Tarija. En la zona andina, ubicada por encima de los 4.000 metros sobre el nivel del mar, predomina la crianza de cam\u00e9lidos; mientras que en las cabeceras de valles y quebradas existen condiciones \u00f3ptimas para la producci\u00f3n de ovinos y caprinos. En tanto, en las provincias del Chaco se identifica un elevado potencial para la ganader\u00eda bovina.<\/p>\n<p>En el \u00e1mbito agr\u00edcola, Tarija dispone de 189.268 hect\u00e1reas con vocaci\u00f3n productiva. En los valles altos sobresale el cultivo de tub\u00e9rculos, principalmente la papa, mientras que en el municipio de Uriondo la viticultura impulsa la cadena de la uva, el vino y el singani. En la regi\u00f3n chaque\u00f1a predominan los cultivos de cereales y oleaginosas, y en Bermejo la agroindustria de la ca\u00f1a de az\u00facar constituye la principal actividad econ\u00f3mica.<\/p>\n<p>Asimismo, en los valles tarije\u00f1os se registra una importante producci\u00f3n de durazno, man\u00ed y hortalizas, lo que refuerza la diversificaci\u00f3n agr\u00edcola del departamento.<\/p>\n<p>El Compendio de Informaci\u00f3n Productiva del BDP-SAM constituye un esfuerzo integral de recopilaci\u00f3n y an\u00e1lisis de datos provenientes de fuentes oficiales y propias, con el objetivo de brindar una visi\u00f3n multidimensional en \u00e1mbitos sociales, econ\u00f3micos y ambientales, contribuyendo a la toma de decisiones estrat\u00e9gicas orientadas al desarrollo productivo y sostenible del pa\u00eds. (ABI)<\/p>\n","protected":false},"excerpt":{"rendered":"<p>El departamento de Tarija cuenta con un importante potencial productivo agropecuario que alcanza a 1.646.330 hect\u00e1reas, de las cuales 1.457.062 est\u00e1n destinadas a la actividad pecuaria, seg\u00fan datos del Compendio de Informaci\u00f3n Productiva elaborado por el Banco de Desarrollo Productivo \u2013 Sociedad An\u00f3nima Mixta (BDP-SAM). El informe establece que esta regi\u00f3n presenta condiciones altamente favorables [&hellip;]<\/p>\n","protected":false},"author":1,"featured_media":385506,"comment_status":"closed","ping_status":"open","sticky":false,"template":"","format":"standard","meta":{"_acf_changed":false,"footnotes":""},"categories":[15],"tags":[],"class_list":["post-385505","post","type-post","status-publish","format-standard","has-post-thumbnail","category-portada"],"acf":{"antetitulo":""},"yoast_head":"<!-- This site is optimized with the Yoast SEO plugin v28.4 - https:\/\/yoast.com\/product\/yoast-seo-wordpress\/ -->\n<title>Tarija tiene m\u00e1s de 1,6 millones de hect\u00e1reas con alto potencial productivo agropecuario - El Diario - Bolivia<\/title>\n<meta name=\"robots\" content=\"index, follow, max-snippet:-1, max-image-preview:large, max-video-preview:-1\" \/>\n<link rel=\"canonical\" href=\"https:\/\/www.eldiario.net\/portal\/2026\/04\/16\/tarija-tiene-mas-de-16-millones-de-hectareas-con-alto-potencial-productivo-agropecuario\/\" \/>\n<meta property=\"og:locale\" content=\"es_ES\" \/>\n<meta property=\"og:type\" content=\"article\" \/>\n<meta property=\"og:title\" content=\"Tarija tiene m\u00e1s de 1,6 millones de hect\u00e1reas con alto potencial productivo agropecuario - El Diario - Bolivia\" \/>\n<meta property=\"og:description\" content=\"El departamento de Tarija cuenta con un importante potencial productivo agropecuario que alcanza a 1.646.330 hect\u00e1reas, de las cuales 1.457.062 est\u00e1n destinadas a la actividad pecuaria, seg\u00fan datos del Compendio de Informaci\u00f3n Productiva elaborado por el Banco de Desarrollo Productivo \u2013 Sociedad An\u00f3nima Mixta (BDP-SAM). El informe establece que esta regi\u00f3n presenta condiciones altamente favorables [&hellip;]\" \/>\n<meta property=\"og:url\" content=\"https:\/\/www.eldiario.net\/portal\/2026\/04\/16\/tarija-tiene-mas-de-16-millones-de-hectareas-con-alto-potencial-productivo-agropecuario\/\" \/>\n<meta property=\"og:site_name\" content=\"El Diario - Bolivia\" \/>\n<meta property=\"article:publisher\" content=\"https:\/\/www.facebook.com\/eldiario.bolivia\/\" \/>\n<meta property=\"article:published_time\" content=\"2026-04-16T10:24:56+00:00\" \/>\n<meta property=\"og:image\" content=\"https:\/\/www.eldiario.net\/portal\/wp-content\/uploads\/2026\/04\/POTENCIAL-FOTO.webp\" \/>\n\t<meta property=\"og:image:width\" content=\"1600\" \/>\n\t<meta property=\"og:image:height\" content=\"1020\" \/>\n\t<meta property=\"og:image:type\" content=\"image\/webp\" \/>\n<meta name=\"author\" content=\"Jeanette\" \/>\n<meta name=\"twitter:card\" content=\"summary_large_image\" \/>\n<meta name=\"twitter:creator\" content=\"@eldiario_net\" \/>\n<meta name=\"twitter:site\" content=\"@eldiario_net\" \/>\n<meta name=\"twitter:label1\" content=\"Escrito por\" \/>\n\t<meta name=\"twitter:data1\" content=\"Jeanette\" \/>\n\t<meta name=\"twitter:label2\" content=\"Tiempo de lectura\" \/>\n\t<meta name=\"twitter:data2\" content=\"2 minutos\" \/>\n<script type=\"application\/ld+json\" class=\"yoast-schema-graph\">{\"@context\":\"https:\\\/\\\/schema.org\",\"@graph\":[{\"@type\":\"Article\",\"@id\":\"https:\\\/\\\/www.eldiario.net\\\/portal\\\/2026\\\/04\\\/16\\\/tarija-tiene-mas-de-16-millones-de-hectareas-con-alto-potencial-productivo-agropecuario\\\/#article\",\"isPartOf\":{\"@id\":\"https:\\\/\\\/www.eldiario.net\\\/portal\\\/2026\\\/04\\\/16\\\/tarija-tiene-mas-de-16-millones-de-hectareas-con-alto-potencial-productivo-agropecuario\\\/\"},\"author\":{\"name\":\"Jeanette\",\"@id\":\"https:\\\/\\\/www.eldiario.net\\\/portal\\\/#\\\/schema\\\/person\\\/2c57cf2b7a7ae032e449e4c9b1019eac\"},\"headline\":\"Tarija tiene m\u00e1s de 1,6 millones de hect\u00e1reas con alto potencial productivo agropecuario\",\"datePublished\":\"2026-04-16T10:24:56+00:00\",\"mainEntityOfPage\":{\"@id\":\"https:\\\/\\\/www.eldiario.net\\\/portal\\\/2026\\\/04\\\/16\\\/tarija-tiene-mas-de-16-millones-de-hectareas-con-alto-potencial-productivo-agropecuario\\\/\"},\"wordCount\":361,\"publisher\":{\"@id\":\"https:\\\/\\\/www.eldiario.net\\\/portal\\\/#organization\"},\"image\":{\"@id\":\"https:\\\/\\\/www.eldiario.net\\\/portal\\\/2026\\\/04\\\/16\\\/tarija-tiene-mas-de-16-millones-de-hectareas-con-alto-potencial-productivo-agropecuario\\\/#primaryimage\"},\"thumbnailUrl\":\"https:\\\/\\\/www.eldiario.net\\\/portal\\\/wp-content\\\/uploads\\\/2026\\\/04\\\/POTENCIAL-FOTO.webp\",\"articleSection\":[\"Portada\"],\"inLanguage\":\"es\"},{\"@type\":\"WebPage\",\"@id\":\"https:\\\/\\\/www.eldiario.net\\\/portal\\\/2026\\\/04\\\/16\\\/tarija-tiene-mas-de-16-millones-de-hectareas-con-alto-potencial-productivo-agropecuario\\\/\",\"url\":\"https:\\\/\\\/www.eldiario.net\\\/portal\\\/2026\\\/04\\\/16\\\/tarija-tiene-mas-de-16-millones-de-hectareas-con-alto-potencial-productivo-agropecuario\\\/\",\"name\":\"Tarija tiene m\u00e1s de 1,6 millones de hect\u00e1reas con alto potencial productivo agropecuario - El Diario - Bolivia\",\"isPartOf\":{\"@id\":\"https:\\\/\\\/www.eldiario.net\\\/portal\\\/#website\"},\"primaryImageOfPage\":{\"@id\":\"https:\\\/\\\/www.eldiario.net\\\/portal\\\/2026\\\/04\\\/16\\\/tarija-tiene-mas-de-16-millones-de-hectareas-con-alto-potencial-productivo-agropecuario\\\/#primaryimage\"},\"image\":{\"@id\":\"https:\\\/\\\/www.eldiario.net\\\/portal\\\/2026\\\/04\\\/16\\\/tarija-tiene-mas-de-16-millones-de-hectareas-con-alto-potencial-productivo-agropecuario\\\/#primaryimage\"},\"thumbnailUrl\":\"https:\\\/\\\/www.eldiario.net\\\/portal\\\/wp-content\\\/uploads\\\/2026\\\/04\\\/POTENCIAL-FOTO.webp\",\"datePublished\":\"2026-04-16T10:24:56+00:00\",\"breadcrumb\":{\"@id\":\"https:\\\/\\\/www.eldiario.net\\\/portal\\\/2026\\\/04\\\/16\\\/tarija-tiene-mas-de-16-millones-de-hectareas-con-alto-potencial-productivo-agropecuario\\\/#breadcrumb\"},\"inLanguage\":\"es\",\"potentialAction\":[{\"@type\":\"ReadAction\",\"target\":[\"https:\\\/\\\/www.eldiario.net\\\/portal\\\/2026\\\/04\\\/16\\\/tarija-tiene-mas-de-16-millones-de-hectareas-con-alto-potencial-productivo-agropecuario\\\/\"]}]},{\"@type\":\"ImageObject\",\"inLanguage\":\"es\",\"@id\":\"https:\\\/\\\/www.eldiario.net\\\/portal\\\/2026\\\/04\\\/16\\\/tarija-tiene-mas-de-16-millones-de-hectareas-con-alto-potencial-productivo-agropecuario\\\/#primaryimage\",\"url\":\"https:\\\/\\\/www.eldiario.net\\\/portal\\\/wp-content\\\/uploads\\\/2026\\\/04\\\/POTENCIAL-FOTO.webp\",\"contentUrl\":\"https:\\\/\\\/www.eldiario.net\\\/portal\\\/wp-content\\\/uploads\\\/2026\\\/04\\\/POTENCIAL-FOTO.webp\",\"width\":1600,\"height\":1020,\"caption\":\"FOTO ILUSTRATIVA FOTO: ABI\"},{\"@type\":\"BreadcrumbList\",\"@id\":\"https:\\\/\\\/www.eldiario.net\\\/portal\\\/2026\\\/04\\\/16\\\/tarija-tiene-mas-de-16-millones-de-hectareas-con-alto-potencial-productivo-agropecuario\\\/#breadcrumb\",\"itemListElement\":[{\"@type\":\"ListItem\",\"position\":1,\"name\":\"Portada\",\"item\":\"https:\\\/\\\/www.eldiario.net\\\/portal\\\/\"},{\"@type\":\"ListItem\",\"position\":2,\"name\":\"Tarija tiene m\u00e1s de 1,6 millones de hect\u00e1reas con alto potencial productivo agropecuario\"}]},{\"@type\":\"WebSite\",\"@id\":\"https:\\\/\\\/www.eldiario.net\\\/portal\\\/#website\",\"url\":\"https:\\\/\\\/www.eldiario.net\\\/portal\\\/\",\"name\":\"El Diario - Decano de la prensa nacional\",\"description\":\"El Diario - Decano de la prensa nacional\",\"publisher\":{\"@id\":\"https:\\\/\\\/www.eldiario.net\\\/portal\\\/#organization\"},\"potentialAction\":[{\"@type\":\"SearchAction\",\"target\":{\"@type\":\"EntryPoint\",\"urlTemplate\":\"https:\\\/\\\/www.eldiario.net\\\/portal\\\/?s={search_term_string}\"},\"query-input\":{\"@type\":\"PropertyValueSpecification\",\"valueRequired\":true,\"valueName\":\"search_term_string\"}}],\"inLanguage\":\"es\"},{\"@type\":\"Organization\",\"@id\":\"https:\\\/\\\/www.eldiario.net\\\/portal\\\/#organization\",\"name\":\"El Diario - Decano de la prensa nacional\",\"url\":\"https:\\\/\\\/www.eldiario.net\\\/portal\\\/\",\"logo\":{\"@type\":\"ImageObject\",\"inLanguage\":\"es\",\"@id\":\"https:\\\/\\\/www.eldiario.net\\\/portal\\\/#\\\/schema\\\/logo\\\/image\\\/\",\"url\":\"https:\\\/\\\/www.eldiario.net\\\/portal\\\/wp-content\\\/uploads\\\/2023\\\/07\\\/logo_ED.jpg\",\"contentUrl\":\"https:\\\/\\\/www.eldiario.net\\\/portal\\\/wp-content\\\/uploads\\\/2023\\\/07\\\/logo_ED.jpg\",\"width\":272,\"height\":52,\"caption\":\"El Diario - Decano de la prensa nacional\"},\"image\":{\"@id\":\"https:\\\/\\\/www.eldiario.net\\\/portal\\\/#\\\/schema\\\/logo\\\/image\\\/\"},\"sameAs\":[\"https:\\\/\\\/www.facebook.com\\\/eldiario.bolivia\\\/\",\"https:\\\/\\\/x.com\\\/eldiario_net\"]},{\"@type\":\"Person\",\"@id\":\"https:\\\/\\\/www.eldiario.net\\\/portal\\\/#\\\/schema\\\/person\\\/2c57cf2b7a7ae032e449e4c9b1019eac\",\"name\":\"Jeanette\",\"image\":{\"@type\":\"ImageObject\",\"inLanguage\":\"es\",\"@id\":\"https:\\\/\\\/secure.gravatar.com\\\/avatar\\\/3ea2118a5f7dad2b7138b1187a6b7ee55f160b9968b66013c3a3ef39dd7e5798?s=96&d=mm&r=g\",\"url\":\"https:\\\/\\\/secure.gravatar.com\\\/avatar\\\/3ea2118a5f7dad2b7138b1187a6b7ee55f160b9968b66013c3a3ef39dd7e5798?s=96&d=mm&r=g\",\"contentUrl\":\"https:\\\/\\\/secure.gravatar.com\\\/avatar\\\/3ea2118a5f7dad2b7138b1187a6b7ee55f160b9968b66013c3a3ef39dd7e5798?s=96&d=mm&r=g\",\"caption\":\"Jeanette\"},\"sameAs\":[\"https:\\\/\\\/www.eldiario.net\\\/portal\"],\"url\":\"https:\\\/\\\/www.eldiario.net\\\/portal\\\/author\\\/jeanette\\\/\"}]}<\/script>\n<!-- \/ Yoast SEO plugin. -->","yoast_head_json":{"title":"Tarija tiene m\u00e1s de 1,6 millones de hect\u00e1reas con alto potencial productivo agropecuario - El Diario - Bolivia","robots":{"index":"index","follow":"follow","max-snippet":"max-snippet:-1","max-image-preview":"max-image-preview:large","max-video-preview":"max-video-preview:-1"},"canonical":"https:\/\/www.eldiario.net\/portal\/2026\/04\/16\/tarija-tiene-mas-de-16-millones-de-hectareas-con-alto-potencial-productivo-agropecuario\/","og_locale":"es_ES","og_type":"article","og_title":"Tarija tiene m\u00e1s de 1,6 millones de hect\u00e1reas con alto potencial productivo agropecuario - El Diario - Bolivia","og_description":"El departamento de Tarija cuenta con un importante potencial productivo agropecuario que alcanza a 1.646.330 hect\u00e1reas, de las cuales 1.457.062 est\u00e1n destinadas a la actividad pecuaria, seg\u00fan datos del Compendio de Informaci\u00f3n Productiva elaborado por el Banco de Desarrollo Productivo \u2013 Sociedad An\u00f3nima Mixta (BDP-SAM). El informe establece que esta regi\u00f3n presenta condiciones altamente favorables [&hellip;]","og_url":"https:\/\/www.eldiario.net\/portal\/2026\/04\/16\/tarija-tiene-mas-de-16-millones-de-hectareas-con-alto-potencial-productivo-agropecuario\/","og_site_name":"El Diario - Bolivia","article_publisher":"https:\/\/www.facebook.com\/eldiario.bolivia\/","article_published_time":"2026-04-16T10:24:56+00:00","og_image":[{"width":1600,"height":1020,"url":"https:\/\/www.eldiario.net\/portal\/wp-content\/uploads\/2026\/04\/POTENCIAL-FOTO.webp","type":"image\/webp"}],"author":"Jeanette","twitter_card":"summary_large_image","twitter_creator":"@eldiario_net","twitter_site":"@eldiario_net","twitter_misc":{"Escrito por":"Jeanette","Tiempo de lectura":"2 minutos"},"schema":{"@context":"https:\/\/schema.org","@graph":[{"@type":"Article","@id":"https:\/\/www.eldiario.net\/portal\/2026\/04\/16\/tarija-tiene-mas-de-16-millones-de-hectareas-con-alto-potencial-productivo-agropecuario\/#article","isPartOf":{"@id":"https:\/\/www.eldiario.net\/portal\/2026\/04\/16\/tarija-tiene-mas-de-16-millones-de-hectareas-con-alto-potencial-productivo-agropecuario\/"},"author":{"name":"Jeanette","@id":"https:\/\/www.eldiario.net\/portal\/#\/schema\/person\/2c57cf2b7a7ae032e449e4c9b1019eac"},"headline":"Tarija tiene m\u00e1s de 1,6 millones de hect\u00e1reas con alto potencial productivo agropecuario","datePublished":"2026-04-16T10:24:56+00:00","mainEntityOfPage":{"@id":"https:\/\/www.eldiario.net\/portal\/2026\/04\/16\/tarija-tiene-mas-de-16-millones-de-hectareas-con-alto-potencial-productivo-agropecuario\/"},"wordCount":361,"publisher":{"@id":"https:\/\/www.eldiario.net\/portal\/#organization"},"image":{"@id":"https:\/\/www.eldiario.net\/portal\/2026\/04\/16\/tarija-tiene-mas-de-16-millones-de-hectareas-con-alto-potencial-productivo-agropecuario\/#primaryimage"},"thumbnailUrl":"https:\/\/www.eldiario.net\/portal\/wp-content\/uploads\/2026\/04\/POTENCIAL-FOTO.webp","articleSection":["Portada"],"inLanguage":"es"},{"@type":"WebPage","@id":"https:\/\/www.eldiario.net\/portal\/2026\/04\/16\/tarija-tiene-mas-de-16-millones-de-hectareas-con-alto-potencial-productivo-agropecuario\/","url":"https:\/\/www.eldiario.net\/portal\/2026\/04\/16\/tarija-tiene-mas-de-16-millones-de-hectareas-con-alto-potencial-productivo-agropecuario\/","name":"Tarija tiene m\u00e1s de 1,6 millones de hect\u00e1reas con alto potencial productivo agropecuario - El Diario - Bolivia","isPartOf":{"@id":"https:\/\/www.eldiario.net\/portal\/#website"},"primaryImageOfPage":{"@id":"https:\/\/www.eldiario.net\/portal\/2026\/04\/16\/tarija-tiene-mas-de-16-millones-de-hectareas-con-alto-potencial-productivo-agropecuario\/#primaryimage"},"image":{"@id":"https:\/\/www.eldiario.net\/portal\/2026\/04\/16\/tarija-tiene-mas-de-16-millones-de-hectareas-con-alto-potencial-productivo-agropecuario\/#primaryimage"},"thumbnailUrl":"https:\/\/www.eldiario.net\/portal\/wp-content\/uploads\/2026\/04\/POTENCIAL-FOTO.webp","datePublished":"2026-04-16T10:24:56+00:00","breadcrumb":{"@id":"https:\/\/www.eldiario.net\/portal\/2026\/04\/16\/tarija-tiene-mas-de-16-millones-de-hectareas-con-alto-potencial-productivo-agropecuario\/#breadcrumb"},"inLanguage":"es","potentialAction":[{"@type":"ReadAction","target":["https:\/\/www.eldiario.net\/portal\/2026\/04\/16\/tarija-tiene-mas-de-16-millones-de-hectareas-con-alto-potencial-productivo-agropecuario\/"]}]},{"@type":"ImageObject","inLanguage":"es","@id":"https:\/\/www.eldiario.net\/portal\/2026\/04\/16\/tarija-tiene-mas-de-16-millones-de-hectareas-con-alto-potencial-productivo-agropecuario\/#primaryimage","url":"https:\/\/www.eldiario.net\/portal\/wp-content\/uploads\/2026\/04\/POTENCIAL-FOTO.webp","contentUrl":"https:\/\/www.eldiario.net\/portal\/wp-content\/uploads\/2026\/04\/POTENCIAL-FOTO.webp","width":1600,"height":1020,"caption":"FOTO ILUSTRATIVA FOTO: ABI"},{"@type":"BreadcrumbList","@id":"https:\/\/www.eldiario.net\/portal\/2026\/04\/16\/tarija-tiene-mas-de-16-millones-de-hectareas-con-alto-potencial-productivo-agropecuario\/#breadcrumb","itemListElement":[{"@type":"ListItem","position":1,"name":"Portada","item":"https:\/\/www.eldiario.net\/portal\/"},{"@type":"ListItem","position":2,"name":"Tarija tiene m\u00e1s de 1,6 millones de hect\u00e1reas con alto potencial productivo agropecuario"}]},{"@type":"WebSite","@id":"https:\/\/www.eldiario.net\/portal\/#website","url":"https:\/\/www.eldiario.net\/portal\/","name":"El Diario - Decano de la prensa nacional","description":"El Diario - Decano de la prensa nacional","publisher":{"@id":"https:\/\/www.eldiario.net\/portal\/#organization"},"potentialAction":[{"@type":"SearchAction","target":{"@type":"EntryPoint","urlTemplate":"https:\/\/www.eldiario.net\/portal\/?s={search_term_string}"},"query-input":{"@type":"PropertyValueSpecification","valueRequired":true,"valueName":"search_term_string"}}],"inLanguage":"es"},{"@type":"Organization","@id":"https:\/\/www.eldiario.net\/portal\/#organization","name":"El Diario - Decano de la prensa nacional","url":"https:\/\/www.eldiario.net\/portal\/","logo":{"@type":"ImageObject","inLanguage":"es","@id":"https:\/\/www.eldiario.net\/portal\/#\/schema\/logo\/image\/","url":"https:\/\/www.eldiario.net\/portal\/wp-content\/uploads\/2023\/07\/logo_ED.jpg","contentUrl":"https:\/\/www.eldiario.net\/portal\/wp-content\/uploads\/2023\/07\/logo_ED.jpg","width":272,"height":52,"caption":"El Diario - Decano de la prensa nacional"},"image":{"@id":"https:\/\/www.eldiario.net\/portal\/#\/schema\/logo\/image\/"},"sameAs":["https:\/\/www.facebook.com\/eldiario.bolivia\/","https:\/\/x.com\/eldiario_net"]},{"@type":"Person","@id":"https:\/\/www.eldiario.net\/portal\/#\/schema\/person\/2c57cf2b7a7ae032e449e4c9b1019eac","name":"Jeanette","image":{"@type":"ImageObject","inLanguage":"es","@id":"https:\/\/secure.gravatar.com\/avatar\/3ea2118a5f7dad2b7138b1187a6b7ee55f160b9968b66013c3a3ef39dd7e5798?s=96&d=mm&r=g","url":"https:\/\/secure.gravatar.com\/avatar\/3ea2118a5f7dad2b7138b1187a6b7ee55f160b9968b66013c3a3ef39dd7e5798?s=96&d=mm&r=g","contentUrl":"https:\/\/secure.gravatar.com\/avatar\/3ea2118a5f7dad2b7138b1187a6b7ee55f160b9968b66013c3a3ef39dd7e5798?s=96&d=mm&r=g","caption":"Jeanette"},"sameAs":["https:\/\/www.eldiario.net\/portal"],"url":"https:\/\/www.eldiario.net\/portal\/author\/jeanette\/"}]}},"_links":{"self":[{"href":"https:\/\/www.eldiario.net\/portal\/wp-json\/wp\/v2\/posts\/385505","targetHints":{"allow":["GET"]}}],"collection":[{"href":"https:\/\/www.eldiario.net\/portal\/wp-json\/wp\/v2\/posts"}],"about":[{"href":"https:\/\/www.eldiario.net\/portal\/wp-json\/wp\/v2\/types\/post"}],"author":[{"embeddable":true,"href":"https:\/\/www.eldiario.net\/portal\/wp-json\/wp\/v2\/users\/1"}],"replies":[{"embeddable":true,"href":"https:\/\/www.eldiario.net\/portal\/wp-json\/wp\/v2\/comments?post=385505"}],"version-history":[{"count":1,"href":"https:\/\/www.eldiario.net\/portal\/wp-json\/wp\/v2\/posts\/385505\/revisions"}],"predecessor-version":[{"id":385507,"href":"https:\/\/www.eldiario.net\/portal\/wp-json\/wp\/v2\/posts\/385505\/revisions\/385507"}],"wp:featuredmedia":[{"embeddable":true,"href":"https:\/\/www.eldiario.net\/portal\/wp-json\/wp\/v2\/media\/385506"}],"wp:attachment":[{"href":"https:\/\/www.eldiario.net\/portal\/wp-json\/wp\/v2\/media?parent=385505"}],"wp:term":[{"taxonomy":"category","embeddable":true,"href":"https:\/\/www.eldiario.net\/portal\/wp-json\/wp\/v2\/categories?post=385505"},{"taxonomy":"post_tag","embeddable":true,"href":"https:\/\/www.eldiario.net\/portal\/wp-json\/wp\/v2\/tags?post=385505"}],"curies":[{"name":"wp","href":"https:\/\/api.w.org\/{rel}","templated":true}]}}