{"id":385502,"date":"2026-04-16T06:24:26","date_gmt":"2026-04-16T10:24:26","guid":{"rendered":"https:\/\/www.eldiario.net\/portal\/?p=385502"},"modified":"2026-04-16T06:24:26","modified_gmt":"2026-04-16T10:24:26","slug":"candidato-roberto-sanchez-pide-respetar-los-resultados-en-peru","status":"publish","type":"post","link":"https:\/\/www.eldiario.net\/portal\/2026\/04\/16\/candidato-roberto-sanchez-pide-respetar-los-resultados-en-peru\/","title":{"rendered":"Candidato Roberto S\u00e1nchez pide  respetar los resultados en Per\u00fa"},"content":{"rendered":"<p>El candidato presidencial de Juntos por el Per\u00fa, Roberto S\u00e1nchez, ha reclamado que se respeten los resultados de las elecciones, a medida que el escrutinio le ha colocado como segundo aspirante m\u00e1s votado &#8211;por detr\u00e1s de Keiko Fujimori&#8211; y algunos de sus oponentes han comenzado a ondear la bandera del fraude electoral.<\/p>\n<p>\u00abInvocamos y le decimos a todo Per\u00fa, a las fuerzas sociales, que estaremos atentos, que est\u00e9n vigilantes a nuestro llamado. Apenas haya un indicio de no querer respetar el voto ciudadano llamaremos a una movilizaci\u00f3n, a la defensa democr\u00e1tica\u00bb, ha anunciado S\u00e1nchez, seg\u00fan recoge el diario &#8216;La Rep\u00fablica&#8217;.<\/p>\n<p>\u00abLlamamos a la comunidad internacional a acompa\u00f1ar y hacer vigilia para que se respete el voto ciudadano de manera sagrada. Sin narrativas de fraude como el proceso anterior. El voto andino, amaz\u00f3nico, rural se va a respetar\u00bb, ha enfatizado, despu\u00e9s de que el candidato conservador Rafael L\u00f3pez Aliaga haya denunciado sin pruebas el supuesto robo de 1,6 millones de votos.<\/p>\n<p>L\u00f3pez Aliaga present\u00f3 sus reclamaciones en las \u00faltimas horas en una protesta ante la sede del Jurado Nacional de Elecciones (JNE) en Lima antes de saber este mi\u00e9rcoles que S\u00e1nchez ya le ha superado con el 90% de las actas escrutadas.<\/p>\n<p>La Oficina Nacional de Procesos Electorales (ONPE) &#8211;en entredicho porque algunos colegios electorales tuvieron que esperar hasta el lunes para permitir el derecho al voto por falta de material electoral&#8211; coloca a Fujimori en cabeza con el 17% de los votos, seguida de S\u00e1nchez con el 12,05% y L\u00f3pez Aliaga, con el 11,8%.<\/p>\n<p>Apenas 26.000 votos de diferencia separan a ambos de lograr una plaza en la segunda vuelta del 7 de junio para enfrentarse a la candidata de Fuerza Popular, que concurre por cuarta vez a las elecciones.<\/p>\n<p>La \u00faltima de ellas, la de 2021, en la que sali\u00f3 derrotada por un m\u00ednimo margen frente a Pedro Castillo, a quien visit\u00f3 el propio S\u00e1nchez el lunes tras el final de la jornada electoral en la c\u00e1rcel de Barbadillo en la que se encuentra cumpliendo una pena de once a\u00f1os de c\u00e1rcel por el intento de autogolpe de 2022. (Europa Press)<\/p>\n","protected":false},"excerpt":{"rendered":"<p>El candidato presidencial de Juntos por el Per\u00fa, Roberto S\u00e1nchez, ha reclamado que se respeten los resultados de las elecciones, a medida que el escrutinio le ha colocado como segundo aspirante m\u00e1s votado &#8211;por detr\u00e1s de Keiko Fujimori&#8211; y algunos de sus oponentes han comenzado a ondear la bandera del fraude electoral. \u00abInvocamos y le [&hellip;]<\/p>\n","protected":false},"author":1,"featured_media":385503,"comment_status":"closed","ping_status":"open","sticky":false,"template":"","format":"standard","meta":{"_acf_changed":false,"footnotes":""},"categories":[15],"tags":[],"class_list":["post-385502","post","type-post","status-publish","format-standard","has-post-thumbnail","category-portada"],"acf":{"antetitulo":""},"yoast_head":"<!-- This site is optimized with the Yoast SEO plugin v28.4 - https:\/\/yoast.com\/product\/yoast-seo-wordpress\/ -->\n<title>Candidato Roberto S\u00e1nchez pide respetar los resultados en Per\u00fa - El Diario - Bolivia<\/title>\n<meta name=\"robots\" content=\"index, follow, max-snippet:-1, max-image-preview:large, max-video-preview:-1\" \/>\n<link rel=\"canonical\" href=\"https:\/\/www.eldiario.net\/portal\/2026\/04\/16\/candidato-roberto-sanchez-pide-respetar-los-resultados-en-peru\/\" \/>\n<meta property=\"og:locale\" content=\"es_ES\" \/>\n<meta property=\"og:type\" content=\"article\" \/>\n<meta property=\"og:title\" content=\"Candidato Roberto S\u00e1nchez pide respetar los resultados en Per\u00fa - El Diario - Bolivia\" \/>\n<meta property=\"og:description\" content=\"El candidato presidencial de Juntos por el Per\u00fa, Roberto S\u00e1nchez, ha reclamado que se respeten los resultados de las elecciones, a medida que el escrutinio le ha colocado como segundo aspirante m\u00e1s votado &#8211;por detr\u00e1s de Keiko Fujimori&#8211; y algunos de sus oponentes han comenzado a ondear la bandera del fraude electoral. \u00abInvocamos y le [&hellip;]\" \/>\n<meta property=\"og:url\" content=\"https:\/\/www.eldiario.net\/portal\/2026\/04\/16\/candidato-roberto-sanchez-pide-respetar-los-resultados-en-peru\/\" \/>\n<meta property=\"og:site_name\" content=\"El Diario - Bolivia\" \/>\n<meta property=\"article:publisher\" content=\"https:\/\/www.facebook.com\/eldiario.bolivia\/\" \/>\n<meta property=\"article:published_time\" content=\"2026-04-16T10:24:26+00:00\" \/>\n<meta property=\"og:image\" content=\"https:\/\/www.eldiario.net\/portal\/wp-content\/uploads\/2026\/04\/UBI-FOTO.webp\" \/>\n\t<meta property=\"og:image:width\" content=\"1557\" \/>\n\t<meta property=\"og:image:height\" content=\"919\" \/>\n\t<meta property=\"og:image:type\" content=\"image\/webp\" \/>\n<meta name=\"author\" content=\"Jeanette\" \/>\n<meta name=\"twitter:card\" content=\"summary_large_image\" \/>\n<meta name=\"twitter:creator\" content=\"@eldiario_net\" \/>\n<meta name=\"twitter:site\" content=\"@eldiario_net\" \/>\n<meta name=\"twitter:label1\" content=\"Escrito por\" \/>\n\t<meta name=\"twitter:data1\" content=\"Jeanette\" \/>\n\t<meta name=\"twitter:label2\" content=\"Tiempo de lectura\" \/>\n\t<meta name=\"twitter:data2\" content=\"2 minutos\" \/>\n<script type=\"application\/ld+json\" class=\"yoast-schema-graph\">{\"@context\":\"https:\\\/\\\/schema.org\",\"@graph\":[{\"@type\":\"Article\",\"@id\":\"https:\\\/\\\/www.eldiario.net\\\/portal\\\/2026\\\/04\\\/16\\\/candidato-roberto-sanchez-pide-respetar-los-resultados-en-peru\\\/#article\",\"isPartOf\":{\"@id\":\"https:\\\/\\\/www.eldiario.net\\\/portal\\\/2026\\\/04\\\/16\\\/candidato-roberto-sanchez-pide-respetar-los-resultados-en-peru\\\/\"},\"author\":{\"name\":\"Jeanette\",\"@id\":\"https:\\\/\\\/www.eldiario.net\\\/portal\\\/#\\\/schema\\\/person\\\/2c57cf2b7a7ae032e449e4c9b1019eac\"},\"headline\":\"Candidato Roberto S\u00e1nchez pide respetar los resultados en Per\u00fa\",\"datePublished\":\"2026-04-16T10:24:26+00:00\",\"mainEntityOfPage\":{\"@id\":\"https:\\\/\\\/www.eldiario.net\\\/portal\\\/2026\\\/04\\\/16\\\/candidato-roberto-sanchez-pide-respetar-los-resultados-en-peru\\\/\"},\"wordCount\":376,\"publisher\":{\"@id\":\"https:\\\/\\\/www.eldiario.net\\\/portal\\\/#organization\"},\"image\":{\"@id\":\"https:\\\/\\\/www.eldiario.net\\\/portal\\\/2026\\\/04\\\/16\\\/candidato-roberto-sanchez-pide-respetar-los-resultados-en-peru\\\/#primaryimage\"},\"thumbnailUrl\":\"https:\\\/\\\/www.eldiario.net\\\/portal\\\/wp-content\\\/uploads\\\/2026\\\/04\\\/UBI-FOTO.webp\",\"articleSection\":[\"Portada\"],\"inLanguage\":\"es\"},{\"@type\":\"WebPage\",\"@id\":\"https:\\\/\\\/www.eldiario.net\\\/portal\\\/2026\\\/04\\\/16\\\/candidato-roberto-sanchez-pide-respetar-los-resultados-en-peru\\\/\",\"url\":\"https:\\\/\\\/www.eldiario.net\\\/portal\\\/2026\\\/04\\\/16\\\/candidato-roberto-sanchez-pide-respetar-los-resultados-en-peru\\\/\",\"name\":\"Candidato Roberto S\u00e1nchez pide respetar los resultados en Per\u00fa - El Diario - Bolivia\",\"isPartOf\":{\"@id\":\"https:\\\/\\\/www.eldiario.net\\\/portal\\\/#website\"},\"primaryImageOfPage\":{\"@id\":\"https:\\\/\\\/www.eldiario.net\\\/portal\\\/2026\\\/04\\\/16\\\/candidato-roberto-sanchez-pide-respetar-los-resultados-en-peru\\\/#primaryimage\"},\"image\":{\"@id\":\"https:\\\/\\\/www.eldiario.net\\\/portal\\\/2026\\\/04\\\/16\\\/candidato-roberto-sanchez-pide-respetar-los-resultados-en-peru\\\/#primaryimage\"},\"thumbnailUrl\":\"https:\\\/\\\/www.eldiario.net\\\/portal\\\/wp-content\\\/uploads\\\/2026\\\/04\\\/UBI-FOTO.webp\",\"datePublished\":\"2026-04-16T10:24:26+00:00\",\"breadcrumb\":{\"@id\":\"https:\\\/\\\/www.eldiario.net\\\/portal\\\/2026\\\/04\\\/16\\\/candidato-roberto-sanchez-pide-respetar-los-resultados-en-peru\\\/#breadcrumb\"},\"inLanguage\":\"es\",\"potentialAction\":[{\"@type\":\"ReadAction\",\"target\":[\"https:\\\/\\\/www.eldiario.net\\\/portal\\\/2026\\\/04\\\/16\\\/candidato-roberto-sanchez-pide-respetar-los-resultados-en-peru\\\/\"]}]},{\"@type\":\"ImageObject\",\"inLanguage\":\"es\",\"@id\":\"https:\\\/\\\/www.eldiario.net\\\/portal\\\/2026\\\/04\\\/16\\\/candidato-roberto-sanchez-pide-respetar-los-resultados-en-peru\\\/#primaryimage\",\"url\":\"https:\\\/\\\/www.eldiario.net\\\/portal\\\/wp-content\\\/uploads\\\/2026\\\/04\\\/UBI-FOTO.webp\",\"contentUrl\":\"https:\\\/\\\/www.eldiario.net\\\/portal\\\/wp-content\\\/uploads\\\/2026\\\/04\\\/UBI-FOTO.webp\",\"width\":1557,\"height\":919,\"caption\":\"EL CANDIDATO DE IZQUIERDA ROBERTO S\u00c1NCHEZ. FOTO: @ROBERTOSANCHP\"},{\"@type\":\"BreadcrumbList\",\"@id\":\"https:\\\/\\\/www.eldiario.net\\\/portal\\\/2026\\\/04\\\/16\\\/candidato-roberto-sanchez-pide-respetar-los-resultados-en-peru\\\/#breadcrumb\",\"itemListElement\":[{\"@type\":\"ListItem\",\"position\":1,\"name\":\"Portada\",\"item\":\"https:\\\/\\\/www.eldiario.net\\\/portal\\\/\"},{\"@type\":\"ListItem\",\"position\":2,\"name\":\"Candidato Roberto S\u00e1nchez pide respetar los resultados en Per\u00fa\"}]},{\"@type\":\"WebSite\",\"@id\":\"https:\\\/\\\/www.eldiario.net\\\/portal\\\/#website\",\"url\":\"https:\\\/\\\/www.eldiario.net\\\/portal\\\/\",\"name\":\"El Diario - Decano de la prensa nacional\",\"description\":\"El Diario - Decano de la prensa nacional\",\"publisher\":{\"@id\":\"https:\\\/\\\/www.eldiario.net\\\/portal\\\/#organization\"},\"potentialAction\":[{\"@type\":\"SearchAction\",\"target\":{\"@type\":\"EntryPoint\",\"urlTemplate\":\"https:\\\/\\\/www.eldiario.net\\\/portal\\\/?s={search_term_string}\"},\"query-input\":{\"@type\":\"PropertyValueSpecification\",\"valueRequired\":true,\"valueName\":\"search_term_string\"}}],\"inLanguage\":\"es\"},{\"@type\":\"Organization\",\"@id\":\"https:\\\/\\\/www.eldiario.net\\\/portal\\\/#organization\",\"name\":\"El Diario - Decano de la prensa nacional\",\"url\":\"https:\\\/\\\/www.eldiario.net\\\/portal\\\/\",\"logo\":{\"@type\":\"ImageObject\",\"inLanguage\":\"es\",\"@id\":\"https:\\\/\\\/www.eldiario.net\\\/portal\\\/#\\\/schema\\\/logo\\\/image\\\/\",\"url\":\"https:\\\/\\\/www.eldiario.net\\\/portal\\\/wp-content\\\/uploads\\\/2023\\\/07\\\/logo_ED.jpg\",\"contentUrl\":\"https:\\\/\\\/www.eldiario.net\\\/portal\\\/wp-content\\\/uploads\\\/2023\\\/07\\\/logo_ED.jpg\",\"width\":272,\"height\":52,\"caption\":\"El Diario - Decano de la prensa nacional\"},\"image\":{\"@id\":\"https:\\\/\\\/www.eldiario.net\\\/portal\\\/#\\\/schema\\\/logo\\\/image\\\/\"},\"sameAs\":[\"https:\\\/\\\/www.facebook.com\\\/eldiario.bolivia\\\/\",\"https:\\\/\\\/x.com\\\/eldiario_net\"]},{\"@type\":\"Person\",\"@id\":\"https:\\\/\\\/www.eldiario.net\\\/portal\\\/#\\\/schema\\\/person\\\/2c57cf2b7a7ae032e449e4c9b1019eac\",\"name\":\"Jeanette\",\"image\":{\"@type\":\"ImageObject\",\"inLanguage\":\"es\",\"@id\":\"https:\\\/\\\/secure.gravatar.com\\\/avatar\\\/3ea2118a5f7dad2b7138b1187a6b7ee55f160b9968b66013c3a3ef39dd7e5798?s=96&d=mm&r=g\",\"url\":\"https:\\\/\\\/secure.gravatar.com\\\/avatar\\\/3ea2118a5f7dad2b7138b1187a6b7ee55f160b9968b66013c3a3ef39dd7e5798?s=96&d=mm&r=g\",\"contentUrl\":\"https:\\\/\\\/secure.gravatar.com\\\/avatar\\\/3ea2118a5f7dad2b7138b1187a6b7ee55f160b9968b66013c3a3ef39dd7e5798?s=96&d=mm&r=g\",\"caption\":\"Jeanette\"},\"sameAs\":[\"https:\\\/\\\/www.eldiario.net\\\/portal\"],\"url\":\"https:\\\/\\\/www.eldiario.net\\\/portal\\\/author\\\/jeanette\\\/\"}]}<\/script>\n<!-- \/ Yoast SEO plugin. -->","yoast_head_json":{"title":"Candidato Roberto S\u00e1nchez pide respetar los resultados en Per\u00fa - El Diario - Bolivia","robots":{"index":"index","follow":"follow","max-snippet":"max-snippet:-1","max-image-preview":"max-image-preview:large","max-video-preview":"max-video-preview:-1"},"canonical":"https:\/\/www.eldiario.net\/portal\/2026\/04\/16\/candidato-roberto-sanchez-pide-respetar-los-resultados-en-peru\/","og_locale":"es_ES","og_type":"article","og_title":"Candidato Roberto S\u00e1nchez pide respetar los resultados en Per\u00fa - El Diario - Bolivia","og_description":"El candidato presidencial de Juntos por el Per\u00fa, Roberto S\u00e1nchez, ha reclamado que se respeten los resultados de las elecciones, a medida que el escrutinio le ha colocado como segundo aspirante m\u00e1s votado &#8211;por detr\u00e1s de Keiko Fujimori&#8211; y algunos de sus oponentes han comenzado a ondear la bandera del fraude electoral. \u00abInvocamos y le [&hellip;]","og_url":"https:\/\/www.eldiario.net\/portal\/2026\/04\/16\/candidato-roberto-sanchez-pide-respetar-los-resultados-en-peru\/","og_site_name":"El Diario - Bolivia","article_publisher":"https:\/\/www.facebook.com\/eldiario.bolivia\/","article_published_time":"2026-04-16T10:24:26+00:00","og_image":[{"width":1557,"height":919,"url":"https:\/\/www.eldiario.net\/portal\/wp-content\/uploads\/2026\/04\/UBI-FOTO.webp","type":"image\/webp"}],"author":"Jeanette","twitter_card":"summary_large_image","twitter_creator":"@eldiario_net","twitter_site":"@eldiario_net","twitter_misc":{"Escrito por":"Jeanette","Tiempo de lectura":"2 minutos"},"schema":{"@context":"https:\/\/schema.org","@graph":[{"@type":"Article","@id":"https:\/\/www.eldiario.net\/portal\/2026\/04\/16\/candidato-roberto-sanchez-pide-respetar-los-resultados-en-peru\/#article","isPartOf":{"@id":"https:\/\/www.eldiario.net\/portal\/2026\/04\/16\/candidato-roberto-sanchez-pide-respetar-los-resultados-en-peru\/"},"author":{"name":"Jeanette","@id":"https:\/\/www.eldiario.net\/portal\/#\/schema\/person\/2c57cf2b7a7ae032e449e4c9b1019eac"},"headline":"Candidato Roberto S\u00e1nchez pide respetar los resultados en Per\u00fa","datePublished":"2026-04-16T10:24:26+00:00","mainEntityOfPage":{"@id":"https:\/\/www.eldiario.net\/portal\/2026\/04\/16\/candidato-roberto-sanchez-pide-respetar-los-resultados-en-peru\/"},"wordCount":376,"publisher":{"@id":"https:\/\/www.eldiario.net\/portal\/#organization"},"image":{"@id":"https:\/\/www.eldiario.net\/portal\/2026\/04\/16\/candidato-roberto-sanchez-pide-respetar-los-resultados-en-peru\/#primaryimage"},"thumbnailUrl":"https:\/\/www.eldiario.net\/portal\/wp-content\/uploads\/2026\/04\/UBI-FOTO.webp","articleSection":["Portada"],"inLanguage":"es"},{"@type":"WebPage","@id":"https:\/\/www.eldiario.net\/portal\/2026\/04\/16\/candidato-roberto-sanchez-pide-respetar-los-resultados-en-peru\/","url":"https:\/\/www.eldiario.net\/portal\/2026\/04\/16\/candidato-roberto-sanchez-pide-respetar-los-resultados-en-peru\/","name":"Candidato Roberto S\u00e1nchez pide respetar los resultados en Per\u00fa - El Diario - Bolivia","isPartOf":{"@id":"https:\/\/www.eldiario.net\/portal\/#website"},"primaryImageOfPage":{"@id":"https:\/\/www.eldiario.net\/portal\/2026\/04\/16\/candidato-roberto-sanchez-pide-respetar-los-resultados-en-peru\/#primaryimage"},"image":{"@id":"https:\/\/www.eldiario.net\/portal\/2026\/04\/16\/candidato-roberto-sanchez-pide-respetar-los-resultados-en-peru\/#primaryimage"},"thumbnailUrl":"https:\/\/www.eldiario.net\/portal\/wp-content\/uploads\/2026\/04\/UBI-FOTO.webp","datePublished":"2026-04-16T10:24:26+00:00","breadcrumb":{"@id":"https:\/\/www.eldiario.net\/portal\/2026\/04\/16\/candidato-roberto-sanchez-pide-respetar-los-resultados-en-peru\/#breadcrumb"},"inLanguage":"es","potentialAction":[{"@type":"ReadAction","target":["https:\/\/www.eldiario.net\/portal\/2026\/04\/16\/candidato-roberto-sanchez-pide-respetar-los-resultados-en-peru\/"]}]},{"@type":"ImageObject","inLanguage":"es","@id":"https:\/\/www.eldiario.net\/portal\/2026\/04\/16\/candidato-roberto-sanchez-pide-respetar-los-resultados-en-peru\/#primaryimage","url":"https:\/\/www.eldiario.net\/portal\/wp-content\/uploads\/2026\/04\/UBI-FOTO.webp","contentUrl":"https:\/\/www.eldiario.net\/portal\/wp-content\/uploads\/2026\/04\/UBI-FOTO.webp","width":1557,"height":919,"caption":"EL CANDIDATO DE IZQUIERDA ROBERTO S\u00c1NCHEZ. FOTO: @ROBERTOSANCHP"},{"@type":"BreadcrumbList","@id":"https:\/\/www.eldiario.net\/portal\/2026\/04\/16\/candidato-roberto-sanchez-pide-respetar-los-resultados-en-peru\/#breadcrumb","itemListElement":[{"@type":"ListItem","position":1,"name":"Portada","item":"https:\/\/www.eldiario.net\/portal\/"},{"@type":"ListItem","position":2,"name":"Candidato Roberto S\u00e1nchez pide respetar los resultados en Per\u00fa"}]},{"@type":"WebSite","@id":"https:\/\/www.eldiario.net\/portal\/#website","url":"https:\/\/www.eldiario.net\/portal\/","name":"El Diario - Decano de la prensa nacional","description":"El Diario - Decano de la prensa nacional","publisher":{"@id":"https:\/\/www.eldiario.net\/portal\/#organization"},"potentialAction":[{"@type":"SearchAction","target":{"@type":"EntryPoint","urlTemplate":"https:\/\/www.eldiario.net\/portal\/?s={search_term_string}"},"query-input":{"@type":"PropertyValueSpecification","valueRequired":true,"valueName":"search_term_string"}}],"inLanguage":"es"},{"@type":"Organization","@id":"https:\/\/www.eldiario.net\/portal\/#organization","name":"El Diario - Decano de la prensa nacional","url":"https:\/\/www.eldiario.net\/portal\/","logo":{"@type":"ImageObject","inLanguage":"es","@id":"https:\/\/www.eldiario.net\/portal\/#\/schema\/logo\/image\/","url":"https:\/\/www.eldiario.net\/portal\/wp-content\/uploads\/2023\/07\/logo_ED.jpg","contentUrl":"https:\/\/www.eldiario.net\/portal\/wp-content\/uploads\/2023\/07\/logo_ED.jpg","width":272,"height":52,"caption":"El Diario - Decano de la prensa nacional"},"image":{"@id":"https:\/\/www.eldiario.net\/portal\/#\/schema\/logo\/image\/"},"sameAs":["https:\/\/www.facebook.com\/eldiario.bolivia\/","https:\/\/x.com\/eldiario_net"]},{"@type":"Person","@id":"https:\/\/www.eldiario.net\/portal\/#\/schema\/person\/2c57cf2b7a7ae032e449e4c9b1019eac","name":"Jeanette","image":{"@type":"ImageObject","inLanguage":"es","@id":"https:\/\/secure.gravatar.com\/avatar\/3ea2118a5f7dad2b7138b1187a6b7ee55f160b9968b66013c3a3ef39dd7e5798?s=96&d=mm&r=g","url":"https:\/\/secure.gravatar.com\/avatar\/3ea2118a5f7dad2b7138b1187a6b7ee55f160b9968b66013c3a3ef39dd7e5798?s=96&d=mm&r=g","contentUrl":"https:\/\/secure.gravatar.com\/avatar\/3ea2118a5f7dad2b7138b1187a6b7ee55f160b9968b66013c3a3ef39dd7e5798?s=96&d=mm&r=g","caption":"Jeanette"},"sameAs":["https:\/\/www.eldiario.net\/portal"],"url":"https:\/\/www.eldiario.net\/portal\/author\/jeanette\/"}]}},"_links":{"self":[{"href":"https:\/\/www.eldiario.net\/portal\/wp-json\/wp\/v2\/posts\/385502","targetHints":{"allow":["GET"]}}],"collection":[{"href":"https:\/\/www.eldiario.net\/portal\/wp-json\/wp\/v2\/posts"}],"about":[{"href":"https:\/\/www.eldiario.net\/portal\/wp-json\/wp\/v2\/types\/post"}],"author":[{"embeddable":true,"href":"https:\/\/www.eldiario.net\/portal\/wp-json\/wp\/v2\/users\/1"}],"replies":[{"embeddable":true,"href":"https:\/\/www.eldiario.net\/portal\/wp-json\/wp\/v2\/comments?post=385502"}],"version-history":[{"count":1,"href":"https:\/\/www.eldiario.net\/portal\/wp-json\/wp\/v2\/posts\/385502\/revisions"}],"predecessor-version":[{"id":385504,"href":"https:\/\/www.eldiario.net\/portal\/wp-json\/wp\/v2\/posts\/385502\/revisions\/385504"}],"wp:featuredmedia":[{"embeddable":true,"href":"https:\/\/www.eldiario.net\/portal\/wp-json\/wp\/v2\/media\/385503"}],"wp:attachment":[{"href":"https:\/\/www.eldiario.net\/portal\/wp-json\/wp\/v2\/media?parent=385502"}],"wp:term":[{"taxonomy":"category","embeddable":true,"href":"https:\/\/www.eldiario.net\/portal\/wp-json\/wp\/v2\/categories?post=385502"},{"taxonomy":"post_tag","embeddable":true,"href":"https:\/\/www.eldiario.net\/portal\/wp-json\/wp\/v2\/tags?post=385502"}],"curies":[{"name":"wp","href":"https:\/\/api.w.org\/{rel}","templated":true}]}}