{"id":385500,"date":"2026-04-16T06:22:13","date_gmt":"2026-04-16T10:22:13","guid":{"rendered":"https:\/\/www.eldiario.net\/portal\/?p=385500"},"modified":"2026-04-16T06:22:13","modified_gmt":"2026-04-16T10:22:13","slug":"entre-la-recesion-y-el-aumento-de-feriados","status":"publish","type":"post","link":"https:\/\/www.eldiario.net\/portal\/2026\/04\/16\/entre-la-recesion-y-el-aumento-de-feriados\/","title":{"rendered":"Entre la recesi\u00f3n y el aumento de feriados"},"content":{"rendered":"<p><em>La econom\u00eda boliviana ha ingresado al cuarto a\u00f1o de recesi\u00f3n y, en esa forma, el decrecimiento del Producto Interno Bruto amenaza el futuro de la econom\u00eda nacional. Los datos del Banco Mundial y el Fondo Monetario Internacional muestran esas caracter\u00edsticas, subrayando que el PIB boliviano sufri\u00f3 una baja extraordinaria que, naturalmente, es producto de la etapa de veinte a\u00f1os de gobiernos masistas, a cargo de Evo Morales Ayma y Luis Arce Catacora.<\/em><\/p>\n<p><em>Esa grave situaci\u00f3n de gravedad se debe, principalmente, a que en el pa\u00eds la producci\u00f3n est\u00e1 desapareciendo. La palabra producci\u00f3n ya no es tomada en cuenta ni en el pueblo ni en las esferas oficiales y lo que ahora se espera es la llegada de ayuda extranjera o la asignaci\u00f3n de subvenciones para actividades productivas nacionales.<\/em><\/p>\n<p><em>Al parecer ahora solo se piensa en el comercio para resolver la crisis, opini\u00f3n errada y predicada por partidos pol\u00edticos dentro y fuera del gobierno. Se ignora que la producci\u00f3n est\u00e1 relacionada con la fuerza de trabajo y creaci\u00f3n de f\u00e1bricas, empresas y objetos necesarios para la existencia de la sociedad humana. En Bolivia, la falta de pol\u00edticas de producci\u00f3n ha determinado que se crea que el comercio es la \u00fanica causa del progreso y por ello hay m\u00e1s comerciantes que consumidores. Obviamente, el PIB muestra el derrumbe de este factor hasta niveles incre\u00edbles. Ya casi solo consumimos y no producimos.<\/em><\/p>\n<p><em>Al respecto, es necesario remarcar que el PIB consiste en el conjunto de los bienes y servicios producidos en el territorio nacional, cualquiera que sea la nacionalidad de los productores. Es, en consecuencia, la suma del conjunto de valores a\u00f1adidos por las empresas y las administraciones productivas situadas en el interior de un territorio determinado (cualquiera sea su nacionalidad), a la que se a\u00f1ade el IVA y los derechos de aduana para establecer grav\u00e1menes a los productos.<\/em><\/p>\n<p><em>Por tanto, si en un pa\u00eds, como Bolivia, no hay esos valores, el Producto Interno Bruto se derrumba. En consecuencia, el trabajo que se tiene que realizar desde las esferas de gobierno, es de gran responsabilidad y sacrificio, sin hacer solo discursos ni adoptar poses demag\u00f3gicas.<\/em><\/p>\n<p><em>La recesi\u00f3n, es indiscutible hoy en nuestro pa\u00eds y es atendida con deficiencias en esferas oficiales, que, al parecer, consideran que las cosas se arreglan por s\u00ed mismas.<\/em><\/p>\n<p><em>Adem\u00e1s, muchas organizaciones pol\u00edticas creen en el materialismo econ\u00f3mico, seg\u00fan el cual la \u00fanica fuente de desarrollo es la econom\u00eda, olvidando que existen otros sectores importantes, como la cultura, las ideas pol\u00edticas, instituciones c\u00edvicas, medios de comunicaci\u00f3n, etc., que no son tomados en cuenta.<\/em><\/p>\n<p><em>Finalmente, a pesar de que se sabe que el exceso de feriados produce la ca\u00edda de la producci\u00f3n y el PIB, se sigue decretando d\u00edas festivos, aumentando el d\u00e9ficit fiscal, manteniendo una gigantesca maquinaria de bur\u00f3cratas insensibles y satisfechos. Lo peor es que tal medida tambi\u00e9n frena la producci\u00f3n y el desarrollo de la sociedad boliviana.<\/em><\/p>\n","protected":false},"excerpt":{"rendered":"<p>La econom\u00eda boliviana ha ingresado al cuarto a\u00f1o de recesi\u00f3n y, en esa forma, el decrecimiento del Producto Interno Bruto amenaza el futuro de la econom\u00eda nacional. Los datos del Banco Mundial y el Fondo Monetario Internacional muestran esas caracter\u00edsticas, subrayando que el PIB boliviano sufri\u00f3 una baja extraordinaria que, naturalmente, es producto de la [&hellip;]<\/p>\n","protected":false},"author":1,"featured_media":194776,"comment_status":"closed","ping_status":"open","sticky":false,"template":"","format":"standard","meta":{"_acf_changed":false,"footnotes":""},"categories":[4],"tags":[],"class_list":["post-385500","post","type-post","status-publish","format-standard","has-post-thumbnail","category-editorial"],"acf":{"antetitulo":""},"yoast_head":"<!-- This site is optimized with the Yoast SEO plugin v28.4 - https:\/\/yoast.com\/product\/yoast-seo-wordpress\/ -->\n<title>Entre la recesi\u00f3n y el aumento de feriados - El Diario - Bolivia<\/title>\n<meta name=\"robots\" content=\"index, follow, max-snippet:-1, max-image-preview:large, max-video-preview:-1\" \/>\n<link rel=\"canonical\" href=\"https:\/\/www.eldiario.net\/portal\/2026\/04\/16\/entre-la-recesion-y-el-aumento-de-feriados\/\" \/>\n<meta property=\"og:locale\" content=\"es_ES\" \/>\n<meta property=\"og:type\" content=\"article\" \/>\n<meta property=\"og:title\" content=\"Entre la recesi\u00f3n y el aumento de feriados - El Diario - Bolivia\" \/>\n<meta property=\"og:description\" content=\"La econom\u00eda boliviana ha ingresado al cuarto a\u00f1o de recesi\u00f3n y, en esa forma, el decrecimiento del Producto Interno Bruto amenaza el futuro de la econom\u00eda nacional. Los datos del Banco Mundial y el Fondo Monetario Internacional muestran esas caracter\u00edsticas, subrayando que el PIB boliviano sufri\u00f3 una baja extraordinaria que, naturalmente, es producto de la [&hellip;]\" \/>\n<meta property=\"og:url\" content=\"https:\/\/www.eldiario.net\/portal\/2026\/04\/16\/entre-la-recesion-y-el-aumento-de-feriados\/\" \/>\n<meta property=\"og:site_name\" content=\"El Diario - Bolivia\" \/>\n<meta property=\"article:publisher\" content=\"https:\/\/www.facebook.com\/eldiario.bolivia\/\" \/>\n<meta property=\"article:published_time\" content=\"2026-04-16T10:22:13+00:00\" \/>\n<meta property=\"og:image\" content=\"https:\/\/www.eldiario.net\/portal\/wp-content\/uploads\/2023\/12\/Editorial.jpg\" \/>\n\t<meta property=\"og:image:width\" content=\"800\" \/>\n\t<meta property=\"og:image:height\" content=\"500\" \/>\n\t<meta property=\"og:image:type\" content=\"image\/jpeg\" \/>\n<meta name=\"author\" content=\"Jeanette\" \/>\n<meta name=\"twitter:card\" content=\"summary_large_image\" \/>\n<meta name=\"twitter:creator\" content=\"@eldiario_net\" \/>\n<meta name=\"twitter:site\" content=\"@eldiario_net\" \/>\n<meta name=\"twitter:label1\" content=\"Escrito por\" \/>\n\t<meta name=\"twitter:data1\" content=\"Jeanette\" \/>\n\t<meta name=\"twitter:label2\" content=\"Tiempo de lectura\" \/>\n\t<meta name=\"twitter:data2\" content=\"3 minutos\" \/>\n<script type=\"application\/ld+json\" class=\"yoast-schema-graph\">{\"@context\":\"https:\\\/\\\/schema.org\",\"@graph\":[{\"@type\":\"Article\",\"@id\":\"https:\\\/\\\/www.eldiario.net\\\/portal\\\/2026\\\/04\\\/16\\\/entre-la-recesion-y-el-aumento-de-feriados\\\/#article\",\"isPartOf\":{\"@id\":\"https:\\\/\\\/www.eldiario.net\\\/portal\\\/2026\\\/04\\\/16\\\/entre-la-recesion-y-el-aumento-de-feriados\\\/\"},\"author\":{\"name\":\"Jeanette\",\"@id\":\"https:\\\/\\\/www.eldiario.net\\\/portal\\\/#\\\/schema\\\/person\\\/2c57cf2b7a7ae032e449e4c9b1019eac\"},\"headline\":\"Entre la recesi\u00f3n y el aumento de feriados\",\"datePublished\":\"2026-04-16T10:22:13+00:00\",\"mainEntityOfPage\":{\"@id\":\"https:\\\/\\\/www.eldiario.net\\\/portal\\\/2026\\\/04\\\/16\\\/entre-la-recesion-y-el-aumento-de-feriados\\\/\"},\"wordCount\":531,\"publisher\":{\"@id\":\"https:\\\/\\\/www.eldiario.net\\\/portal\\\/#organization\"},\"image\":{\"@id\":\"https:\\\/\\\/www.eldiario.net\\\/portal\\\/2026\\\/04\\\/16\\\/entre-la-recesion-y-el-aumento-de-feriados\\\/#primaryimage\"},\"thumbnailUrl\":\"https:\\\/\\\/www.eldiario.net\\\/portal\\\/wp-content\\\/uploads\\\/2023\\\/12\\\/Editorial.jpg\",\"articleSection\":[\"Editorial\"],\"inLanguage\":\"es\"},{\"@type\":\"WebPage\",\"@id\":\"https:\\\/\\\/www.eldiario.net\\\/portal\\\/2026\\\/04\\\/16\\\/entre-la-recesion-y-el-aumento-de-feriados\\\/\",\"url\":\"https:\\\/\\\/www.eldiario.net\\\/portal\\\/2026\\\/04\\\/16\\\/entre-la-recesion-y-el-aumento-de-feriados\\\/\",\"name\":\"Entre la recesi\u00f3n y el aumento de feriados - El Diario - Bolivia\",\"isPartOf\":{\"@id\":\"https:\\\/\\\/www.eldiario.net\\\/portal\\\/#website\"},\"primaryImageOfPage\":{\"@id\":\"https:\\\/\\\/www.eldiario.net\\\/portal\\\/2026\\\/04\\\/16\\\/entre-la-recesion-y-el-aumento-de-feriados\\\/#primaryimage\"},\"image\":{\"@id\":\"https:\\\/\\\/www.eldiario.net\\\/portal\\\/2026\\\/04\\\/16\\\/entre-la-recesion-y-el-aumento-de-feriados\\\/#primaryimage\"},\"thumbnailUrl\":\"https:\\\/\\\/www.eldiario.net\\\/portal\\\/wp-content\\\/uploads\\\/2023\\\/12\\\/Editorial.jpg\",\"datePublished\":\"2026-04-16T10:22:13+00:00\",\"breadcrumb\":{\"@id\":\"https:\\\/\\\/www.eldiario.net\\\/portal\\\/2026\\\/04\\\/16\\\/entre-la-recesion-y-el-aumento-de-feriados\\\/#breadcrumb\"},\"inLanguage\":\"es\",\"potentialAction\":[{\"@type\":\"ReadAction\",\"target\":[\"https:\\\/\\\/www.eldiario.net\\\/portal\\\/2026\\\/04\\\/16\\\/entre-la-recesion-y-el-aumento-de-feriados\\\/\"]}]},{\"@type\":\"ImageObject\",\"inLanguage\":\"es\",\"@id\":\"https:\\\/\\\/www.eldiario.net\\\/portal\\\/2026\\\/04\\\/16\\\/entre-la-recesion-y-el-aumento-de-feriados\\\/#primaryimage\",\"url\":\"https:\\\/\\\/www.eldiario.net\\\/portal\\\/wp-content\\\/uploads\\\/2023\\\/12\\\/Editorial.jpg\",\"contentUrl\":\"https:\\\/\\\/www.eldiario.net\\\/portal\\\/wp-content\\\/uploads\\\/2023\\\/12\\\/Editorial.jpg\",\"width\":800,\"height\":500},{\"@type\":\"BreadcrumbList\",\"@id\":\"https:\\\/\\\/www.eldiario.net\\\/portal\\\/2026\\\/04\\\/16\\\/entre-la-recesion-y-el-aumento-de-feriados\\\/#breadcrumb\",\"itemListElement\":[{\"@type\":\"ListItem\",\"position\":1,\"name\":\"Portada\",\"item\":\"https:\\\/\\\/www.eldiario.net\\\/portal\\\/\"},{\"@type\":\"ListItem\",\"position\":2,\"name\":\"Entre la recesi\u00f3n y el aumento de feriados\"}]},{\"@type\":\"WebSite\",\"@id\":\"https:\\\/\\\/www.eldiario.net\\\/portal\\\/#website\",\"url\":\"https:\\\/\\\/www.eldiario.net\\\/portal\\\/\",\"name\":\"El Diario - Decano de la prensa nacional\",\"description\":\"El Diario - Decano de la prensa nacional\",\"publisher\":{\"@id\":\"https:\\\/\\\/www.eldiario.net\\\/portal\\\/#organization\"},\"potentialAction\":[{\"@type\":\"SearchAction\",\"target\":{\"@type\":\"EntryPoint\",\"urlTemplate\":\"https:\\\/\\\/www.eldiario.net\\\/portal\\\/?s={search_term_string}\"},\"query-input\":{\"@type\":\"PropertyValueSpecification\",\"valueRequired\":true,\"valueName\":\"search_term_string\"}}],\"inLanguage\":\"es\"},{\"@type\":\"Organization\",\"@id\":\"https:\\\/\\\/www.eldiario.net\\\/portal\\\/#organization\",\"name\":\"El Diario - Decano de la prensa nacional\",\"url\":\"https:\\\/\\\/www.eldiario.net\\\/portal\\\/\",\"logo\":{\"@type\":\"ImageObject\",\"inLanguage\":\"es\",\"@id\":\"https:\\\/\\\/www.eldiario.net\\\/portal\\\/#\\\/schema\\\/logo\\\/image\\\/\",\"url\":\"https:\\\/\\\/www.eldiario.net\\\/portal\\\/wp-content\\\/uploads\\\/2023\\\/07\\\/logo_ED.jpg\",\"contentUrl\":\"https:\\\/\\\/www.eldiario.net\\\/portal\\\/wp-content\\\/uploads\\\/2023\\\/07\\\/logo_ED.jpg\",\"width\":272,\"height\":52,\"caption\":\"El Diario - Decano de la prensa nacional\"},\"image\":{\"@id\":\"https:\\\/\\\/www.eldiario.net\\\/portal\\\/#\\\/schema\\\/logo\\\/image\\\/\"},\"sameAs\":[\"https:\\\/\\\/www.facebook.com\\\/eldiario.bolivia\\\/\",\"https:\\\/\\\/x.com\\\/eldiario_net\"]},{\"@type\":\"Person\",\"@id\":\"https:\\\/\\\/www.eldiario.net\\\/portal\\\/#\\\/schema\\\/person\\\/2c57cf2b7a7ae032e449e4c9b1019eac\",\"name\":\"Jeanette\",\"image\":{\"@type\":\"ImageObject\",\"inLanguage\":\"es\",\"@id\":\"https:\\\/\\\/secure.gravatar.com\\\/avatar\\\/3ea2118a5f7dad2b7138b1187a6b7ee55f160b9968b66013c3a3ef39dd7e5798?s=96&d=mm&r=g\",\"url\":\"https:\\\/\\\/secure.gravatar.com\\\/avatar\\\/3ea2118a5f7dad2b7138b1187a6b7ee55f160b9968b66013c3a3ef39dd7e5798?s=96&d=mm&r=g\",\"contentUrl\":\"https:\\\/\\\/secure.gravatar.com\\\/avatar\\\/3ea2118a5f7dad2b7138b1187a6b7ee55f160b9968b66013c3a3ef39dd7e5798?s=96&d=mm&r=g\",\"caption\":\"Jeanette\"},\"sameAs\":[\"https:\\\/\\\/www.eldiario.net\\\/portal\"],\"url\":\"https:\\\/\\\/www.eldiario.net\\\/portal\\\/author\\\/jeanette\\\/\"}]}<\/script>\n<!-- \/ Yoast SEO plugin. -->","yoast_head_json":{"title":"Entre la recesi\u00f3n y el aumento de feriados - El Diario - Bolivia","robots":{"index":"index","follow":"follow","max-snippet":"max-snippet:-1","max-image-preview":"max-image-preview:large","max-video-preview":"max-video-preview:-1"},"canonical":"https:\/\/www.eldiario.net\/portal\/2026\/04\/16\/entre-la-recesion-y-el-aumento-de-feriados\/","og_locale":"es_ES","og_type":"article","og_title":"Entre la recesi\u00f3n y el aumento de feriados - El Diario - Bolivia","og_description":"La econom\u00eda boliviana ha ingresado al cuarto a\u00f1o de recesi\u00f3n y, en esa forma, el decrecimiento del Producto Interno Bruto amenaza el futuro de la econom\u00eda nacional. Los datos del Banco Mundial y el Fondo Monetario Internacional muestran esas caracter\u00edsticas, subrayando que el PIB boliviano sufri\u00f3 una baja extraordinaria que, naturalmente, es producto de la [&hellip;]","og_url":"https:\/\/www.eldiario.net\/portal\/2026\/04\/16\/entre-la-recesion-y-el-aumento-de-feriados\/","og_site_name":"El Diario - Bolivia","article_publisher":"https:\/\/www.facebook.com\/eldiario.bolivia\/","article_published_time":"2026-04-16T10:22:13+00:00","og_image":[{"width":800,"height":500,"url":"https:\/\/www.eldiario.net\/portal\/wp-content\/uploads\/2023\/12\/Editorial.jpg","type":"image\/jpeg"}],"author":"Jeanette","twitter_card":"summary_large_image","twitter_creator":"@eldiario_net","twitter_site":"@eldiario_net","twitter_misc":{"Escrito por":"Jeanette","Tiempo de lectura":"3 minutos"},"schema":{"@context":"https:\/\/schema.org","@graph":[{"@type":"Article","@id":"https:\/\/www.eldiario.net\/portal\/2026\/04\/16\/entre-la-recesion-y-el-aumento-de-feriados\/#article","isPartOf":{"@id":"https:\/\/www.eldiario.net\/portal\/2026\/04\/16\/entre-la-recesion-y-el-aumento-de-feriados\/"},"author":{"name":"Jeanette","@id":"https:\/\/www.eldiario.net\/portal\/#\/schema\/person\/2c57cf2b7a7ae032e449e4c9b1019eac"},"headline":"Entre la recesi\u00f3n y el aumento de feriados","datePublished":"2026-04-16T10:22:13+00:00","mainEntityOfPage":{"@id":"https:\/\/www.eldiario.net\/portal\/2026\/04\/16\/entre-la-recesion-y-el-aumento-de-feriados\/"},"wordCount":531,"publisher":{"@id":"https:\/\/www.eldiario.net\/portal\/#organization"},"image":{"@id":"https:\/\/www.eldiario.net\/portal\/2026\/04\/16\/entre-la-recesion-y-el-aumento-de-feriados\/#primaryimage"},"thumbnailUrl":"https:\/\/www.eldiario.net\/portal\/wp-content\/uploads\/2023\/12\/Editorial.jpg","articleSection":["Editorial"],"inLanguage":"es"},{"@type":"WebPage","@id":"https:\/\/www.eldiario.net\/portal\/2026\/04\/16\/entre-la-recesion-y-el-aumento-de-feriados\/","url":"https:\/\/www.eldiario.net\/portal\/2026\/04\/16\/entre-la-recesion-y-el-aumento-de-feriados\/","name":"Entre la recesi\u00f3n y el aumento de feriados - El Diario - Bolivia","isPartOf":{"@id":"https:\/\/www.eldiario.net\/portal\/#website"},"primaryImageOfPage":{"@id":"https:\/\/www.eldiario.net\/portal\/2026\/04\/16\/entre-la-recesion-y-el-aumento-de-feriados\/#primaryimage"},"image":{"@id":"https:\/\/www.eldiario.net\/portal\/2026\/04\/16\/entre-la-recesion-y-el-aumento-de-feriados\/#primaryimage"},"thumbnailUrl":"https:\/\/www.eldiario.net\/portal\/wp-content\/uploads\/2023\/12\/Editorial.jpg","datePublished":"2026-04-16T10:22:13+00:00","breadcrumb":{"@id":"https:\/\/www.eldiario.net\/portal\/2026\/04\/16\/entre-la-recesion-y-el-aumento-de-feriados\/#breadcrumb"},"inLanguage":"es","potentialAction":[{"@type":"ReadAction","target":["https:\/\/www.eldiario.net\/portal\/2026\/04\/16\/entre-la-recesion-y-el-aumento-de-feriados\/"]}]},{"@type":"ImageObject","inLanguage":"es","@id":"https:\/\/www.eldiario.net\/portal\/2026\/04\/16\/entre-la-recesion-y-el-aumento-de-feriados\/#primaryimage","url":"https:\/\/www.eldiario.net\/portal\/wp-content\/uploads\/2023\/12\/Editorial.jpg","contentUrl":"https:\/\/www.eldiario.net\/portal\/wp-content\/uploads\/2023\/12\/Editorial.jpg","width":800,"height":500},{"@type":"BreadcrumbList","@id":"https:\/\/www.eldiario.net\/portal\/2026\/04\/16\/entre-la-recesion-y-el-aumento-de-feriados\/#breadcrumb","itemListElement":[{"@type":"ListItem","position":1,"name":"Portada","item":"https:\/\/www.eldiario.net\/portal\/"},{"@type":"ListItem","position":2,"name":"Entre la recesi\u00f3n y el aumento de feriados"}]},{"@type":"WebSite","@id":"https:\/\/www.eldiario.net\/portal\/#website","url":"https:\/\/www.eldiario.net\/portal\/","name":"El Diario - Decano de la prensa nacional","description":"El Diario - Decano de la prensa nacional","publisher":{"@id":"https:\/\/www.eldiario.net\/portal\/#organization"},"potentialAction":[{"@type":"SearchAction","target":{"@type":"EntryPoint","urlTemplate":"https:\/\/www.eldiario.net\/portal\/?s={search_term_string}"},"query-input":{"@type":"PropertyValueSpecification","valueRequired":true,"valueName":"search_term_string"}}],"inLanguage":"es"},{"@type":"Organization","@id":"https:\/\/www.eldiario.net\/portal\/#organization","name":"El Diario - Decano de la prensa nacional","url":"https:\/\/www.eldiario.net\/portal\/","logo":{"@type":"ImageObject","inLanguage":"es","@id":"https:\/\/www.eldiario.net\/portal\/#\/schema\/logo\/image\/","url":"https:\/\/www.eldiario.net\/portal\/wp-content\/uploads\/2023\/07\/logo_ED.jpg","contentUrl":"https:\/\/www.eldiario.net\/portal\/wp-content\/uploads\/2023\/07\/logo_ED.jpg","width":272,"height":52,"caption":"El Diario - Decano de la prensa nacional"},"image":{"@id":"https:\/\/www.eldiario.net\/portal\/#\/schema\/logo\/image\/"},"sameAs":["https:\/\/www.facebook.com\/eldiario.bolivia\/","https:\/\/x.com\/eldiario_net"]},{"@type":"Person","@id":"https:\/\/www.eldiario.net\/portal\/#\/schema\/person\/2c57cf2b7a7ae032e449e4c9b1019eac","name":"Jeanette","image":{"@type":"ImageObject","inLanguage":"es","@id":"https:\/\/secure.gravatar.com\/avatar\/3ea2118a5f7dad2b7138b1187a6b7ee55f160b9968b66013c3a3ef39dd7e5798?s=96&d=mm&r=g","url":"https:\/\/secure.gravatar.com\/avatar\/3ea2118a5f7dad2b7138b1187a6b7ee55f160b9968b66013c3a3ef39dd7e5798?s=96&d=mm&r=g","contentUrl":"https:\/\/secure.gravatar.com\/avatar\/3ea2118a5f7dad2b7138b1187a6b7ee55f160b9968b66013c3a3ef39dd7e5798?s=96&d=mm&r=g","caption":"Jeanette"},"sameAs":["https:\/\/www.eldiario.net\/portal"],"url":"https:\/\/www.eldiario.net\/portal\/author\/jeanette\/"}]}},"_links":{"self":[{"href":"https:\/\/www.eldiario.net\/portal\/wp-json\/wp\/v2\/posts\/385500","targetHints":{"allow":["GET"]}}],"collection":[{"href":"https:\/\/www.eldiario.net\/portal\/wp-json\/wp\/v2\/posts"}],"about":[{"href":"https:\/\/www.eldiario.net\/portal\/wp-json\/wp\/v2\/types\/post"}],"author":[{"embeddable":true,"href":"https:\/\/www.eldiario.net\/portal\/wp-json\/wp\/v2\/users\/1"}],"replies":[{"embeddable":true,"href":"https:\/\/www.eldiario.net\/portal\/wp-json\/wp\/v2\/comments?post=385500"}],"version-history":[{"count":1,"href":"https:\/\/www.eldiario.net\/portal\/wp-json\/wp\/v2\/posts\/385500\/revisions"}],"predecessor-version":[{"id":385501,"href":"https:\/\/www.eldiario.net\/portal\/wp-json\/wp\/v2\/posts\/385500\/revisions\/385501"}],"wp:featuredmedia":[{"embeddable":true,"href":"https:\/\/www.eldiario.net\/portal\/wp-json\/wp\/v2\/media\/194776"}],"wp:attachment":[{"href":"https:\/\/www.eldiario.net\/portal\/wp-json\/wp\/v2\/media?parent=385500"}],"wp:term":[{"taxonomy":"category","embeddable":true,"href":"https:\/\/www.eldiario.net\/portal\/wp-json\/wp\/v2\/categories?post=385500"},{"taxonomy":"post_tag","embeddable":true,"href":"https:\/\/www.eldiario.net\/portal\/wp-json\/wp\/v2\/tags?post=385500"}],"curies":[{"name":"wp","href":"https:\/\/api.w.org\/{rel}","templated":true}]}}