{"id":385498,"date":"2026-04-16T06:21:33","date_gmt":"2026-04-16T10:21:33","guid":{"rendered":"https:\/\/www.eldiario.net\/portal\/?p=385498"},"modified":"2026-04-16T06:21:33","modified_gmt":"2026-04-16T10:21:33","slug":"habra-un-nuevo-nuremberg","status":"publish","type":"post","link":"https:\/\/www.eldiario.net\/portal\/2026\/04\/16\/habra-un-nuevo-nuremberg\/","title":{"rendered":"\u00bfHabr\u00e1 un nuevo Nuremberg?"},"content":{"rendered":"<p>A fines de 1945, concluida la guerra en Europa con la ca\u00edda de Berl\u00edn y el suicidio de Hitler, y Jap\u00f3n rendido, presa todav\u00eda de los estragos de las dos bombas at\u00f3micas, los norteamericanos, sovi\u00e9ticos, ingleses y franceses, coincidieron en que era necesario sentarles la mano, primero a los nazis derrotados, y que luego los americanos se encargar\u00edan de los nipones. La mejor forma en Europa, la m\u00e1s civilizada antes de matarlos en ejecuciones sumarias, como en alg\u00fan momento sugiri\u00f3 el fiscal ingl\u00e9s, era montarles un juicio internacional de acuerdo a derecho. Hab\u00eda que mostrarse ante la comunidad mundial como justicieros frente a los genocidas. Claro que el genocida de Stalin que mat\u00f3 m\u00e1s personas que Hitler se sent\u00eda un angelito y se re\u00eda ir\u00f3nicamente detr\u00e1s de su bigote. Y tampoco era menos expresiva la cara de sastre satisfecho de Harry Truman luego de haber hecho desaparecer a Hiroshima y Nagasaky inaugurando la era at\u00f3mica.<\/p>\n<p>Para eso, para dar una imagen que no fuera de venganza, fiscales y jueces de las potencias vencedoras, estuvieron trabajando, vigilados por el ojo desconfiado de Stalin, en busca de la manera m\u00e1s civilizada de ajusticiar a quienes hab\u00edan cometido los cr\u00edmenes m\u00e1s horrendos hasta entonces conocidos, porque se ignoraba las masacres del Ej\u00e9rcito Rojo, cuando lo de las fosas de Katyn se culpaba todav\u00eda a los germanos.<\/p>\n<p>Se eligi\u00f3 una de las ciudades alemanas m\u00e1s emblem\u00e1ticas del Tercer Reich, donde se realizaban los festejos multitudinarios del nazismo y todav\u00eda resonaba la voz col\u00e9rica de Hitler: Nuremberg. Destruida en su mayor parte, como casi todas las ciudades alemanas, conservaba, casualmente en pie, su s\u00f3lido Tribunal de Justicia. Luego de retirar escombros se decidi\u00f3 que all\u00ed se procesar\u00eda a los arrogantes criminales teutones.<\/p>\n<p>Muchos nazis prominentes, empezando por Hitler, ya se hab\u00edan suicidado, otros se entregaron a los yanquis o ingleses (no a los sovi\u00e9ticos) y una buena parte se escabulleron, varios con la ayuda c\u00f3mplice del Vaticano, y pudieron escapar a la Argentina peronista.<\/p>\n<p>Para que los asesinatos de la II Guerra Mundial no volvieran a producirse y para que las Naciones Unidas se estrenaran como garantes de la paz mundial, los juristas de las potencias vencedoras llegaron a la conclusi\u00f3n que a los retorcidos alemanes hab\u00eda que acusarlos de \u201ccr\u00edmenes de guerra\u201d, \u201ccr\u00edmenes contra la paz\u201d y \u201ccr\u00edmenes contra la humanidad\u201d. Ah\u00ed cab\u00edan todos los delitos. Ning\u00fan nazi responsable de cometer fechor\u00edas pod\u00eda eludir su destino con esas nuevas normas.<\/p>\n<p>Ya sabemos que a la mayor\u00eda de los acusados los colgaron, porque era imposible para los procesados negar que conoc\u00edan el Holocausto jud\u00edo, los trabajos forzados de los prisioneros, los campos de concentraci\u00f3n y el despiadado trato a la poblaci\u00f3n civil propia y de los territorios ocupados. Algunos pocos fueron condenados a largos a\u00f1os de prisi\u00f3n. Tribunales menores se realizaron en toda Europa del Este principalmente, y los autores, miembros de las SS por lo general, fueron fusilados o ahorcados. Era la venganza que los nazis m\u00e1s violentos ten\u00edan que pagar merecidamente si se perd\u00eda la guerra.<\/p>\n<p>\u00bfY ahora qu\u00e9 va a suceder con esto que muchos ya llaman la Tercera Guerra Mundial? Primero habr\u00e1 que saber qui\u00e9n ganar\u00e1 la lucha, aunque como en las carreras de caballos existe un claro favorito. El que gana juzga al que pierde; as\u00ed fue y as\u00ed ser\u00e1 en el futuro. Luego veremos si el nuevo Nuremberg se instala en Washington o en Teher\u00e1n. Si Trump es degollado frente a las c\u00e1maras de televisi\u00f3n o el ayatol\u00e1, baila mambo en la silla el\u00e9ctrica o para no mostrar crueldad es despachado con una inyecci\u00f3n letal.<\/p>\n<p>Porque no podemos ser tan desinformados ni tan cobardes como para decir que ignoramos lo que est\u00e1 pasando en el mundo. Los palestinos han provocado este apocalipsis est\u00fapidamente, y los jud\u00edos no est\u00e1n para soportar provocaciones ni intenciones de que los vuelvan a exterminar, como sucedi\u00f3 con Hitler. Ya no m\u00e1s crematorios siniestros. Los de Ham\u00e1s debieron saber a lo que se met\u00edan, pero lo hicieron, adem\u00e1s, con una infinita crueldad.<\/p>\n<p>Sin embargo, extra\u00f1a la extrema ferocidad de los israelitas, que est\u00e1n actuando con un comportamiento que no difiere mucho con lo que hac\u00edan sus verdugos nazis. El ej\u00e9rcito alem\u00e1n fusilaba al azar a diez vecinos en el lugar donde hubieran matado a uno de sus soldados. Eso nos parec\u00eda terrible, diez por uno. Hoy, si sacamos cuentas, los jud\u00edos est\u00e1n matando a quinientos o m\u00e1s palestinos por cada uno de los suyos. Pero, adem\u00e1s, el ejemplo de Gaza conmueve. Si vemos fotos o documentales de Berl\u00edn, Dresden, Colonia, Hamburgo, y cien m\u00e1s, vemos que Gaza est\u00e1 tan destruida o peor que las urbes alemanas bombardeadas, donde sus habitantes fueron, de toda edad o sexo, \u201ccocinados\u201d.<\/p>\n<p>Tanto esfuerzo de los EEUU, Rusia, Inglaterra y Francia para justificar ante el mundo su venganza por los cr\u00edmenes de los nazis, y ahora la matanza sigue, en Israel, L\u00edbano, Ir\u00e1n, como en la heroica Kiev. Kiev estar\u00e1 pronto como Berl\u00edn si no hay ayuda inmediata de Europa. Los rusos tambi\u00e9n est\u00e1n \u201ccocinando\u201d a los ucranianos que todav\u00eda se defienden y que combaten en territorios que ya hab\u00edan sido ensangrentados, hace m\u00e1s de 80 a\u00f1os, por combates entre germanos y sovi\u00e9ticos.<\/p>\n<p>\u00bfQui\u00e9n ganar\u00e1 en esta guerra que nos sorprende porque las brillantes mentes de Harvard, y del pensamiento europeo, no entendieron la Historia? \u00bfSi murieron 50 millones de personas en la II Guerra Mundial, ahora, con la maravillosa IA, con los drones y las bombas que penetran hasta el centro del planeta, morir\u00e1n mil o dos mil millones? \u00bfY qu\u00e9 va a suceder entonces? \u00bfC\u00f3mo se va a juzgar a los vencidos? \u00bfA los ayatol\u00e1s, a Ham\u00e1s o la Yihad Isl\u00e1mica o a Trump, Putin, Netanyahu y sus generales? Tiene que ser con los mismos argumentos que se aplicaron a los criminales nazis. Sancionar con la muerte a quienes cometieron \u201ccr\u00edmenes contra la guerra\u201d, \u201ccr\u00edmenes contra la paz\u201d, \u201ccr\u00edmenes contra la humanidad\u201d. Porque eso es lo que se est\u00e1 cometiendo hoy. De lo contrario, \u00bfde qu\u00e9 sirve toda esa ch\u00e1chara jur\u00eddica que exprimi\u00f3 los sesos de los jueces y fiscales de 1945 en Nuremberg? \u00bfSolo para mencionar con fingida pasi\u00f3n sobre el amor por la paz y la justicia y machacar con eso que nadie cree, desde las c\u00f3modas butacas del Consejo de Seguridad de la ONU?<\/p>\n","protected":false},"excerpt":{"rendered":"<p>A fines de 1945, concluida la guerra en Europa con la ca\u00edda de Berl\u00edn y el suicidio de Hitler, y Jap\u00f3n rendido, presa todav\u00eda de los estragos de las dos bombas at\u00f3micas, los norteamericanos, sovi\u00e9ticos, ingleses y franceses, coincidieron en que era necesario sentarles la mano, primero a los nazis derrotados, y que luego los [&hellip;]<\/p>\n","protected":false},"author":1,"featured_media":157472,"comment_status":"closed","ping_status":"open","sticky":false,"template":"","format":"standard","meta":{"_acf_changed":false,"footnotes":""},"categories":[9],"tags":[],"class_list":["post-385498","post","type-post","status-publish","format-standard","has-post-thumbnail","category-opinion"],"acf":{"antetitulo":""},"yoast_head":"<!-- This site is optimized with the Yoast SEO plugin v28.4 - https:\/\/yoast.com\/product\/yoast-seo-wordpress\/ -->\n<title>\u00bfHabr\u00e1 un nuevo Nuremberg? - El Diario - Bolivia<\/title>\n<meta name=\"robots\" content=\"index, follow, max-snippet:-1, max-image-preview:large, max-video-preview:-1\" \/>\n<link rel=\"canonical\" href=\"https:\/\/www.eldiario.net\/portal\/2026\/04\/16\/habra-un-nuevo-nuremberg\/\" \/>\n<meta property=\"og:locale\" content=\"es_ES\" \/>\n<meta property=\"og:type\" content=\"article\" \/>\n<meta property=\"og:title\" content=\"\u00bfHabr\u00e1 un nuevo Nuremberg? - El Diario - Bolivia\" \/>\n<meta property=\"og:description\" content=\"A fines de 1945, concluida la guerra en Europa con la ca\u00edda de Berl\u00edn y el suicidio de Hitler, y Jap\u00f3n rendido, presa todav\u00eda de los estragos de las dos bombas at\u00f3micas, los norteamericanos, sovi\u00e9ticos, ingleses y franceses, coincidieron en que era necesario sentarles la mano, primero a los nazis derrotados, y que luego los [&hellip;]\" \/>\n<meta property=\"og:url\" content=\"https:\/\/www.eldiario.net\/portal\/2026\/04\/16\/habra-un-nuevo-nuremberg\/\" \/>\n<meta property=\"og:site_name\" content=\"El Diario - Bolivia\" \/>\n<meta property=\"article:publisher\" content=\"https:\/\/www.facebook.com\/eldiario.bolivia\/\" \/>\n<meta property=\"article:published_time\" content=\"2026-04-16T10:21:33+00:00\" \/>\n<meta property=\"og:image\" content=\"https:\/\/www.eldiario.net\/portal\/wp-content\/uploads\/2023\/06\/Manfredo-Kempff-Suarez.jpg\" \/>\n\t<meta property=\"og:image:width\" content=\"1200\" \/>\n\t<meta property=\"og:image:height\" content=\"628\" \/>\n\t<meta property=\"og:image:type\" content=\"image\/jpeg\" \/>\n<meta name=\"author\" content=\"Jeanette\" \/>\n<meta name=\"twitter:card\" content=\"summary_large_image\" \/>\n<meta name=\"twitter:creator\" content=\"@eldiario_net\" \/>\n<meta name=\"twitter:site\" content=\"@eldiario_net\" \/>\n<meta name=\"twitter:label1\" content=\"Escrito por\" \/>\n\t<meta name=\"twitter:data1\" content=\"Jeanette\" \/>\n\t<meta name=\"twitter:label2\" content=\"Tiempo de lectura\" \/>\n\t<meta name=\"twitter:data2\" content=\"6 minutos\" \/>\n<script type=\"application\/ld+json\" class=\"yoast-schema-graph\">{\"@context\":\"https:\\\/\\\/schema.org\",\"@graph\":[{\"@type\":\"Article\",\"@id\":\"https:\\\/\\\/www.eldiario.net\\\/portal\\\/2026\\\/04\\\/16\\\/habra-un-nuevo-nuremberg\\\/#article\",\"isPartOf\":{\"@id\":\"https:\\\/\\\/www.eldiario.net\\\/portal\\\/2026\\\/04\\\/16\\\/habra-un-nuevo-nuremberg\\\/\"},\"author\":{\"name\":\"Jeanette\",\"@id\":\"https:\\\/\\\/www.eldiario.net\\\/portal\\\/#\\\/schema\\\/person\\\/2c57cf2b7a7ae032e449e4c9b1019eac\"},\"headline\":\"\u00bfHabr\u00e1 un nuevo Nuremberg?\",\"datePublished\":\"2026-04-16T10:21:33+00:00\",\"mainEntityOfPage\":{\"@id\":\"https:\\\/\\\/www.eldiario.net\\\/portal\\\/2026\\\/04\\\/16\\\/habra-un-nuevo-nuremberg\\\/\"},\"wordCount\":1149,\"publisher\":{\"@id\":\"https:\\\/\\\/www.eldiario.net\\\/portal\\\/#organization\"},\"image\":{\"@id\":\"https:\\\/\\\/www.eldiario.net\\\/portal\\\/2026\\\/04\\\/16\\\/habra-un-nuevo-nuremberg\\\/#primaryimage\"},\"thumbnailUrl\":\"https:\\\/\\\/www.eldiario.net\\\/portal\\\/wp-content\\\/uploads\\\/2023\\\/06\\\/Manfredo-Kempff-Suarez.jpg\",\"articleSection\":[\"Opini\u00f3n\"],\"inLanguage\":\"es\"},{\"@type\":\"WebPage\",\"@id\":\"https:\\\/\\\/www.eldiario.net\\\/portal\\\/2026\\\/04\\\/16\\\/habra-un-nuevo-nuremberg\\\/\",\"url\":\"https:\\\/\\\/www.eldiario.net\\\/portal\\\/2026\\\/04\\\/16\\\/habra-un-nuevo-nuremberg\\\/\",\"name\":\"\u00bfHabr\u00e1 un nuevo Nuremberg? - El Diario - Bolivia\",\"isPartOf\":{\"@id\":\"https:\\\/\\\/www.eldiario.net\\\/portal\\\/#website\"},\"primaryImageOfPage\":{\"@id\":\"https:\\\/\\\/www.eldiario.net\\\/portal\\\/2026\\\/04\\\/16\\\/habra-un-nuevo-nuremberg\\\/#primaryimage\"},\"image\":{\"@id\":\"https:\\\/\\\/www.eldiario.net\\\/portal\\\/2026\\\/04\\\/16\\\/habra-un-nuevo-nuremberg\\\/#primaryimage\"},\"thumbnailUrl\":\"https:\\\/\\\/www.eldiario.net\\\/portal\\\/wp-content\\\/uploads\\\/2023\\\/06\\\/Manfredo-Kempff-Suarez.jpg\",\"datePublished\":\"2026-04-16T10:21:33+00:00\",\"breadcrumb\":{\"@id\":\"https:\\\/\\\/www.eldiario.net\\\/portal\\\/2026\\\/04\\\/16\\\/habra-un-nuevo-nuremberg\\\/#breadcrumb\"},\"inLanguage\":\"es\",\"potentialAction\":[{\"@type\":\"ReadAction\",\"target\":[\"https:\\\/\\\/www.eldiario.net\\\/portal\\\/2026\\\/04\\\/16\\\/habra-un-nuevo-nuremberg\\\/\"]}]},{\"@type\":\"ImageObject\",\"inLanguage\":\"es\",\"@id\":\"https:\\\/\\\/www.eldiario.net\\\/portal\\\/2026\\\/04\\\/16\\\/habra-un-nuevo-nuremberg\\\/#primaryimage\",\"url\":\"https:\\\/\\\/www.eldiario.net\\\/portal\\\/wp-content\\\/uploads\\\/2023\\\/06\\\/Manfredo-Kempff-Suarez.jpg\",\"contentUrl\":\"https:\\\/\\\/www.eldiario.net\\\/portal\\\/wp-content\\\/uploads\\\/2023\\\/06\\\/Manfredo-Kempff-Suarez.jpg\",\"width\":1200,\"height\":628},{\"@type\":\"BreadcrumbList\",\"@id\":\"https:\\\/\\\/www.eldiario.net\\\/portal\\\/2026\\\/04\\\/16\\\/habra-un-nuevo-nuremberg\\\/#breadcrumb\",\"itemListElement\":[{\"@type\":\"ListItem\",\"position\":1,\"name\":\"Portada\",\"item\":\"https:\\\/\\\/www.eldiario.net\\\/portal\\\/\"},{\"@type\":\"ListItem\",\"position\":2,\"name\":\"\u00bfHabr\u00e1 un nuevo Nuremberg?\"}]},{\"@type\":\"WebSite\",\"@id\":\"https:\\\/\\\/www.eldiario.net\\\/portal\\\/#website\",\"url\":\"https:\\\/\\\/www.eldiario.net\\\/portal\\\/\",\"name\":\"El Diario - Decano de la prensa nacional\",\"description\":\"El Diario - Decano de la prensa nacional\",\"publisher\":{\"@id\":\"https:\\\/\\\/www.eldiario.net\\\/portal\\\/#organization\"},\"potentialAction\":[{\"@type\":\"SearchAction\",\"target\":{\"@type\":\"EntryPoint\",\"urlTemplate\":\"https:\\\/\\\/www.eldiario.net\\\/portal\\\/?s={search_term_string}\"},\"query-input\":{\"@type\":\"PropertyValueSpecification\",\"valueRequired\":true,\"valueName\":\"search_term_string\"}}],\"inLanguage\":\"es\"},{\"@type\":\"Organization\",\"@id\":\"https:\\\/\\\/www.eldiario.net\\\/portal\\\/#organization\",\"name\":\"El Diario - Decano de la prensa nacional\",\"url\":\"https:\\\/\\\/www.eldiario.net\\\/portal\\\/\",\"logo\":{\"@type\":\"ImageObject\",\"inLanguage\":\"es\",\"@id\":\"https:\\\/\\\/www.eldiario.net\\\/portal\\\/#\\\/schema\\\/logo\\\/image\\\/\",\"url\":\"https:\\\/\\\/www.eldiario.net\\\/portal\\\/wp-content\\\/uploads\\\/2023\\\/07\\\/logo_ED.jpg\",\"contentUrl\":\"https:\\\/\\\/www.eldiario.net\\\/portal\\\/wp-content\\\/uploads\\\/2023\\\/07\\\/logo_ED.jpg\",\"width\":272,\"height\":52,\"caption\":\"El Diario - Decano de la prensa nacional\"},\"image\":{\"@id\":\"https:\\\/\\\/www.eldiario.net\\\/portal\\\/#\\\/schema\\\/logo\\\/image\\\/\"},\"sameAs\":[\"https:\\\/\\\/www.facebook.com\\\/eldiario.bolivia\\\/\",\"https:\\\/\\\/x.com\\\/eldiario_net\"]},{\"@type\":\"Person\",\"@id\":\"https:\\\/\\\/www.eldiario.net\\\/portal\\\/#\\\/schema\\\/person\\\/2c57cf2b7a7ae032e449e4c9b1019eac\",\"name\":\"Jeanette\",\"image\":{\"@type\":\"ImageObject\",\"inLanguage\":\"es\",\"@id\":\"https:\\\/\\\/secure.gravatar.com\\\/avatar\\\/3ea2118a5f7dad2b7138b1187a6b7ee55f160b9968b66013c3a3ef39dd7e5798?s=96&d=mm&r=g\",\"url\":\"https:\\\/\\\/secure.gravatar.com\\\/avatar\\\/3ea2118a5f7dad2b7138b1187a6b7ee55f160b9968b66013c3a3ef39dd7e5798?s=96&d=mm&r=g\",\"contentUrl\":\"https:\\\/\\\/secure.gravatar.com\\\/avatar\\\/3ea2118a5f7dad2b7138b1187a6b7ee55f160b9968b66013c3a3ef39dd7e5798?s=96&d=mm&r=g\",\"caption\":\"Jeanette\"},\"sameAs\":[\"https:\\\/\\\/www.eldiario.net\\\/portal\"],\"url\":\"https:\\\/\\\/www.eldiario.net\\\/portal\\\/author\\\/jeanette\\\/\"}]}<\/script>\n<!-- \/ Yoast SEO plugin. -->","yoast_head_json":{"title":"\u00bfHabr\u00e1 un nuevo Nuremberg? - El Diario - Bolivia","robots":{"index":"index","follow":"follow","max-snippet":"max-snippet:-1","max-image-preview":"max-image-preview:large","max-video-preview":"max-video-preview:-1"},"canonical":"https:\/\/www.eldiario.net\/portal\/2026\/04\/16\/habra-un-nuevo-nuremberg\/","og_locale":"es_ES","og_type":"article","og_title":"\u00bfHabr\u00e1 un nuevo Nuremberg? - El Diario - Bolivia","og_description":"A fines de 1945, concluida la guerra en Europa con la ca\u00edda de Berl\u00edn y el suicidio de Hitler, y Jap\u00f3n rendido, presa todav\u00eda de los estragos de las dos bombas at\u00f3micas, los norteamericanos, sovi\u00e9ticos, ingleses y franceses, coincidieron en que era necesario sentarles la mano, primero a los nazis derrotados, y que luego los [&hellip;]","og_url":"https:\/\/www.eldiario.net\/portal\/2026\/04\/16\/habra-un-nuevo-nuremberg\/","og_site_name":"El Diario - Bolivia","article_publisher":"https:\/\/www.facebook.com\/eldiario.bolivia\/","article_published_time":"2026-04-16T10:21:33+00:00","og_image":[{"width":1200,"height":628,"url":"https:\/\/www.eldiario.net\/portal\/wp-content\/uploads\/2023\/06\/Manfredo-Kempff-Suarez.jpg","type":"image\/jpeg"}],"author":"Jeanette","twitter_card":"summary_large_image","twitter_creator":"@eldiario_net","twitter_site":"@eldiario_net","twitter_misc":{"Escrito por":"Jeanette","Tiempo de lectura":"6 minutos"},"schema":{"@context":"https:\/\/schema.org","@graph":[{"@type":"Article","@id":"https:\/\/www.eldiario.net\/portal\/2026\/04\/16\/habra-un-nuevo-nuremberg\/#article","isPartOf":{"@id":"https:\/\/www.eldiario.net\/portal\/2026\/04\/16\/habra-un-nuevo-nuremberg\/"},"author":{"name":"Jeanette","@id":"https:\/\/www.eldiario.net\/portal\/#\/schema\/person\/2c57cf2b7a7ae032e449e4c9b1019eac"},"headline":"\u00bfHabr\u00e1 un nuevo Nuremberg?","datePublished":"2026-04-16T10:21:33+00:00","mainEntityOfPage":{"@id":"https:\/\/www.eldiario.net\/portal\/2026\/04\/16\/habra-un-nuevo-nuremberg\/"},"wordCount":1149,"publisher":{"@id":"https:\/\/www.eldiario.net\/portal\/#organization"},"image":{"@id":"https:\/\/www.eldiario.net\/portal\/2026\/04\/16\/habra-un-nuevo-nuremberg\/#primaryimage"},"thumbnailUrl":"https:\/\/www.eldiario.net\/portal\/wp-content\/uploads\/2023\/06\/Manfredo-Kempff-Suarez.jpg","articleSection":["Opini\u00f3n"],"inLanguage":"es"},{"@type":"WebPage","@id":"https:\/\/www.eldiario.net\/portal\/2026\/04\/16\/habra-un-nuevo-nuremberg\/","url":"https:\/\/www.eldiario.net\/portal\/2026\/04\/16\/habra-un-nuevo-nuremberg\/","name":"\u00bfHabr\u00e1 un nuevo Nuremberg? - El Diario - Bolivia","isPartOf":{"@id":"https:\/\/www.eldiario.net\/portal\/#website"},"primaryImageOfPage":{"@id":"https:\/\/www.eldiario.net\/portal\/2026\/04\/16\/habra-un-nuevo-nuremberg\/#primaryimage"},"image":{"@id":"https:\/\/www.eldiario.net\/portal\/2026\/04\/16\/habra-un-nuevo-nuremberg\/#primaryimage"},"thumbnailUrl":"https:\/\/www.eldiario.net\/portal\/wp-content\/uploads\/2023\/06\/Manfredo-Kempff-Suarez.jpg","datePublished":"2026-04-16T10:21:33+00:00","breadcrumb":{"@id":"https:\/\/www.eldiario.net\/portal\/2026\/04\/16\/habra-un-nuevo-nuremberg\/#breadcrumb"},"inLanguage":"es","potentialAction":[{"@type":"ReadAction","target":["https:\/\/www.eldiario.net\/portal\/2026\/04\/16\/habra-un-nuevo-nuremberg\/"]}]},{"@type":"ImageObject","inLanguage":"es","@id":"https:\/\/www.eldiario.net\/portal\/2026\/04\/16\/habra-un-nuevo-nuremberg\/#primaryimage","url":"https:\/\/www.eldiario.net\/portal\/wp-content\/uploads\/2023\/06\/Manfredo-Kempff-Suarez.jpg","contentUrl":"https:\/\/www.eldiario.net\/portal\/wp-content\/uploads\/2023\/06\/Manfredo-Kempff-Suarez.jpg","width":1200,"height":628},{"@type":"BreadcrumbList","@id":"https:\/\/www.eldiario.net\/portal\/2026\/04\/16\/habra-un-nuevo-nuremberg\/#breadcrumb","itemListElement":[{"@type":"ListItem","position":1,"name":"Portada","item":"https:\/\/www.eldiario.net\/portal\/"},{"@type":"ListItem","position":2,"name":"\u00bfHabr\u00e1 un nuevo Nuremberg?"}]},{"@type":"WebSite","@id":"https:\/\/www.eldiario.net\/portal\/#website","url":"https:\/\/www.eldiario.net\/portal\/","name":"El Diario - Decano de la prensa nacional","description":"El Diario - Decano de la prensa nacional","publisher":{"@id":"https:\/\/www.eldiario.net\/portal\/#organization"},"potentialAction":[{"@type":"SearchAction","target":{"@type":"EntryPoint","urlTemplate":"https:\/\/www.eldiario.net\/portal\/?s={search_term_string}"},"query-input":{"@type":"PropertyValueSpecification","valueRequired":true,"valueName":"search_term_string"}}],"inLanguage":"es"},{"@type":"Organization","@id":"https:\/\/www.eldiario.net\/portal\/#organization","name":"El Diario - Decano de la prensa nacional","url":"https:\/\/www.eldiario.net\/portal\/","logo":{"@type":"ImageObject","inLanguage":"es","@id":"https:\/\/www.eldiario.net\/portal\/#\/schema\/logo\/image\/","url":"https:\/\/www.eldiario.net\/portal\/wp-content\/uploads\/2023\/07\/logo_ED.jpg","contentUrl":"https:\/\/www.eldiario.net\/portal\/wp-content\/uploads\/2023\/07\/logo_ED.jpg","width":272,"height":52,"caption":"El Diario - Decano de la prensa nacional"},"image":{"@id":"https:\/\/www.eldiario.net\/portal\/#\/schema\/logo\/image\/"},"sameAs":["https:\/\/www.facebook.com\/eldiario.bolivia\/","https:\/\/x.com\/eldiario_net"]},{"@type":"Person","@id":"https:\/\/www.eldiario.net\/portal\/#\/schema\/person\/2c57cf2b7a7ae032e449e4c9b1019eac","name":"Jeanette","image":{"@type":"ImageObject","inLanguage":"es","@id":"https:\/\/secure.gravatar.com\/avatar\/3ea2118a5f7dad2b7138b1187a6b7ee55f160b9968b66013c3a3ef39dd7e5798?s=96&d=mm&r=g","url":"https:\/\/secure.gravatar.com\/avatar\/3ea2118a5f7dad2b7138b1187a6b7ee55f160b9968b66013c3a3ef39dd7e5798?s=96&d=mm&r=g","contentUrl":"https:\/\/secure.gravatar.com\/avatar\/3ea2118a5f7dad2b7138b1187a6b7ee55f160b9968b66013c3a3ef39dd7e5798?s=96&d=mm&r=g","caption":"Jeanette"},"sameAs":["https:\/\/www.eldiario.net\/portal"],"url":"https:\/\/www.eldiario.net\/portal\/author\/jeanette\/"}]}},"_links":{"self":[{"href":"https:\/\/www.eldiario.net\/portal\/wp-json\/wp\/v2\/posts\/385498","targetHints":{"allow":["GET"]}}],"collection":[{"href":"https:\/\/www.eldiario.net\/portal\/wp-json\/wp\/v2\/posts"}],"about":[{"href":"https:\/\/www.eldiario.net\/portal\/wp-json\/wp\/v2\/types\/post"}],"author":[{"embeddable":true,"href":"https:\/\/www.eldiario.net\/portal\/wp-json\/wp\/v2\/users\/1"}],"replies":[{"embeddable":true,"href":"https:\/\/www.eldiario.net\/portal\/wp-json\/wp\/v2\/comments?post=385498"}],"version-history":[{"count":1,"href":"https:\/\/www.eldiario.net\/portal\/wp-json\/wp\/v2\/posts\/385498\/revisions"}],"predecessor-version":[{"id":385499,"href":"https:\/\/www.eldiario.net\/portal\/wp-json\/wp\/v2\/posts\/385498\/revisions\/385499"}],"wp:featuredmedia":[{"embeddable":true,"href":"https:\/\/www.eldiario.net\/portal\/wp-json\/wp\/v2\/media\/157472"}],"wp:attachment":[{"href":"https:\/\/www.eldiario.net\/portal\/wp-json\/wp\/v2\/media?parent=385498"}],"wp:term":[{"taxonomy":"category","embeddable":true,"href":"https:\/\/www.eldiario.net\/portal\/wp-json\/wp\/v2\/categories?post=385498"},{"taxonomy":"post_tag","embeddable":true,"href":"https:\/\/www.eldiario.net\/portal\/wp-json\/wp\/v2\/tags?post=385498"}],"curies":[{"name":"wp","href":"https:\/\/api.w.org\/{rel}","templated":true}]}}