{"id":385496,"date":"2026-04-16T06:20:48","date_gmt":"2026-04-16T10:20:48","guid":{"rendered":"https:\/\/www.eldiario.net\/portal\/?p=385496"},"modified":"2026-04-16T06:20:48","modified_gmt":"2026-04-16T10:20:48","slug":"que-es-el-tipo-de-cambio-referencial-del-bcb-y-desplazara-al-oficial","status":"publish","type":"post","link":"https:\/\/www.eldiario.net\/portal\/2026\/04\/16\/que-es-el-tipo-de-cambio-referencial-del-bcb-y-desplazara-al-oficial\/","title":{"rendered":"\u00bfQu\u00e9 es el tipo de cambio referencial del BCB y desplazar\u00e1 al oficial?"},"content":{"rendered":"<ol>\n<li><strong> Papel del valor referencial del d\u00f3lar del BCB<\/strong><\/li>\n<\/ol>\n<p>El valor referencial del d\u00f3lar del BCB cumplir\u00e1 dos roles distintos pero complementarios:<\/p>\n<p>&nbsp;<\/p>\n<p><strong>En el mercado cambiario:<\/strong><\/p>\n<p>Act\u00faa como un precio gu\u00eda m\u00e1s realista. A diferencia del tipo de cambio oficial (fijo y controlado), el valor referencial se basa en operaciones efectivas del sistema financiero, especialmente con el exterior.<\/p>\n<p>Esto permite:<\/p>\n<p>Tener una referencia m\u00e1s cercana al costo real (mercado) del d\u00f3lar.<\/p>\n<p>Reducir la dependencia del mercado paralelo como \u00fanica se\u00f1al.<\/p>\n<p>Servir como base para operaciones bancarias y financieras m\u00e1s cre\u00edbles.<\/p>\n<p>En simple, ordena y da una se\u00f1al m\u00e1s confiable del precio del d\u00f3lar dentro del sistema formal.<\/p>\n<p>&nbsp;<\/p>\n<p><strong>En la econom\u00eda boliviana:<\/strong><\/p>\n<p>Funciona como un mecanismo de ajuste gradual. Es decir, permite que precios, contratos y decisiones econ\u00f3micas empiecen a adaptarse a un d\u00f3lar m\u00e1s realista sin hacer una devaluaci\u00f3n brusca oficial.<\/p>\n<p>&nbsp;<\/p>\n<p>Esto implica:<\/p>\n<ul>\n<li>Ajustes progresivos en precios (sobre todo importados).<\/li>\n<li>Mayor realismo en costos empresariales.<\/li>\n<li>Se\u00f1ales m\u00e1s claras para inversi\u00f3n y consumo.<\/li>\n<\/ul>\n<p>Este valor referencial ayudar\u00e1 a que la econom\u00eda se adapte poco a poco a una nueva realidad cambiaria, al menos esa es la intenci\u00f3n del BCB.<\/p>\n<p>&nbsp;<\/p>\n<p><strong>\u00bfEs soluci\u00f3n estructural o coyuntural?<\/strong><\/p>\n<p>Es principalmente coyuntural. Ayuda a mejorar la informaci\u00f3n, transparencia y funcionamiento del mercado en el corto plazo, pero no soluciona el problema de fondo, que es la falta de d\u00f3lares en la econom\u00eda boliviana. Mientras no aumenten las divisas (exportaciones, inversi\u00f3n, cr\u00e9ditos, certidumbre, otros), la brecha seguir\u00e1 existiendo.<\/p>\n<p>En pocas palabras, organiza el problema, pero no lo resuelve.<\/p>\n<p>&nbsp;<\/p>\n<ol start=\"2\">\n<li><strong> \u00bfEl tipo de cambio referencial desplazar\u00e1 al oficial y al paralelo?<\/strong><\/li>\n<\/ol>\n<p>No, pero s\u00ed puede volverse el m\u00e1s relevante.<\/p>\n<p>El tipo de cambio referencial no eliminar\u00e1 al oficial, porque \u00e9ste sigue siendo una herramienta de pol\u00edtica econ\u00f3mica del Estado y se usa en operaciones espec\u00edficas (sector p\u00fablico, algunas importaciones, registros formales, otros).<\/p>\n<p>Tampoco eliminar\u00e1 al paralelo, porque mientras exista escasez de d\u00f3lares y restricciones, seguir\u00e1 habiendo un mercado donde el precio se determine libremente.<\/p>\n<p>Sin embargo, el valor referencial puede convertirse en el principal punto de referencia en la pr\u00e1ctica, porque:<\/p>\n<p>&#8211; Est\u00e1 m\u00e1s cerca del precio real (mercado) que el oficial.<\/p>\n<p>&#8211; Es m\u00e1s formal y transparente que el paralelo.<\/p>\n<p>&#8211; Es usado por bancos y operaciones internacionales.<\/p>\n<p>Lo m\u00e1s probable es que el valor referencial del BCB gane cada vez m\u00e1s importancia y se convierta en el principal punto de referencia para precios y operaciones reales, pero coexistiendo con los otros dos. En otras palabras, no elimina el problema, pero s\u00ed se vuelve el precio m\u00e1s cercano a la realidad.<\/p>\n<p>No reemplaza a los otros, pero puede volverse el \u201cprecio m\u00e1s cre\u00edble\u201d de la econom\u00eda. Bolivia tiende hacia un sistema con m\u00faltiples tipos de cambio, donde el referencial gana protagonismo, pero sin eliminar completamente ni al oficial ni al paralelo.<\/p>\n<p>&nbsp;<\/p>\n<ol start=\"3\">\n<li><strong> Aspectos positivos y negativos del uso del tipo de cambio referencial del BCB<\/strong><\/li>\n<\/ol>\n<p><strong>\u00a0<\/strong><\/p>\n<p><strong>Aspectos positivos<\/strong><\/p>\n<p><strong>\u00a0<\/strong><\/p>\n<p><strong>Mayor transparencia del mercado<\/strong><\/p>\n<p>El valor referencial se basa en operaciones reales (especialmente con el exterior), lo que permite ver cu\u00e1nto cuesta realmente conseguir d\u00f3lares. Esto reduce la percepci\u00f3n de manipulaci\u00f3n y mejora la confianza en la informaci\u00f3n de cierta manera.<\/p>\n<p>&nbsp;<\/p>\n<p><strong>Mejor toma de decisiones econ\u00f3micas<\/strong><\/p>\n<p>Empresas, bancos y hasta el Estado pueden usar un tipo de cambio m\u00e1s cercano a la realidad, lo que ayuda a fijar precios, calcular costos y planificar inversiones de forma m\u00e1s precisa.<\/p>\n<p>&nbsp;<\/p>\n<p><strong>Reduce la incertidumbre y la \u201cdesorientaci\u00f3n\u201d<\/strong><\/p>\n<p>Antes hab\u00eda solo dos referencias muy distantes (oficial y paralelo). El referencial act\u00faa como un punto intermedio (ancla) que ordena el mercado y evita decisiones basadas en informaci\u00f3n extrema o poco clara.<\/p>\n<p>&nbsp;<\/p>\n<p><strong>Aspectos negativos<\/strong><\/p>\n<p><strong>\u00a0<\/strong><\/p>\n<p><strong>Evidencia una devaluaci\u00f3n \u201cno oficial\u201d<\/strong><\/p>\n<p>Aunque no se cambie el tipo de cambio oficial, el valor referencial muestra que el d\u00f3lar vale m\u00e1s en la pr\u00e1ctica. Esto puede generar la percepci\u00f3n de que la moneda est\u00e1 perdiendo valor, afectando la confianza y generando presi\u00f3n cambiaria.<\/p>\n<p>&nbsp;<\/p>\n<p><strong>Presi\u00f3n al alza en precios (inflaci\u00f3n indirecta)<\/strong><\/p>\n<p>Muchos negocios empezar\u00e1n a usar este valor como referencia, lo que implica que productos y servicios (sobre todo importados) suban de precio, afectando el bolsillo de la poblaci\u00f3n.<\/p>\n<p>&nbsp;<\/p>\n<p><strong>Mantiene la segmentaci\u00f3n del mercado<\/strong><\/p>\n<p>No unifica el sistema cambiario, siguen existiendo varios tipos de d\u00f3lar. Esto significa que no todos acceden al mismo precio, generando desigualdad y distorsiones en la econom\u00eda.<\/p>\n<p>El d\u00f3lar referencial mejora la lectura de la realidad econ\u00f3mica, pero al mismo tiempo hace m\u00e1s visible el problema de fondo, la escasez de d\u00f3lares y la p\u00e9rdida de valor real del tipo de cambio oficial.<\/p>\n<p>&nbsp;<\/p>\n<ol start=\"4\">\n<li><strong> \u00bfC\u00f3mo se define el precio real del d\u00f3lar en Bolivia?<\/strong><\/li>\n<\/ol>\n<p>El cuadro del valor referencial del d\u00f3lar del BCB muestra el precio con el cual los bancos compraron divisas en operaciones reales durante el d\u00eda (09\/04\/2026), permitiendo calcular un promedio ponderado. En la jornada analizada, este promedio fue de Bs. 9,41 por d\u00f3lar, resultado de transacciones que oscilaron entre Bs. 8,71 y Bs. 9,65. Este rango evidencia dispersi\u00f3n de precios seg\u00fan volumen, urgencia y tipo de cliente. A diferencia del tipo de cambio oficial, este indicador se forma por oferta y demanda dentro del sistema financiero. Mientras mayor sea la necesidad de d\u00f3lares de los bancos, mayor ser\u00e1 el precio que est\u00e1n dispuestos a pagar. Por ello, el valor referencial refleja condiciones reales de liquidez en divisas. T\u00e9cnicamente, es un precio de equilibrio parcial del mercado formal. Su tendencia es clave para anticipar presiones cambiarias.<\/p>\n<p><strong>\u00a0<\/strong><\/p>\n<ol start=\"5\">\n<li><strong> \u00bfCu\u00e1ntos d\u00f3lares se movieron y qu\u00e9 tan activo estuvo el mercado?<\/strong><\/li>\n<\/ol>\n<p>El sistema financiero registr\u00f3 compras por $us 51,36 millones en 3.741 operaciones, lo que muestra un mercado activo y con alta participaci\u00f3n. Sin embargo, el n\u00famero elevado de transacciones contrasta con la concentraci\u00f3n del monto total en pocas operaciones grandes. Esto implica que la mayor\u00eda de las operaciones son peque\u00f1as, pero el volumen est\u00e1 dominado por actores de mayor tama\u00f1o. El monto total no es bajo, pero tampoco refleja abundancia de divisas, ya que el precio fue elevado. En mercados cambiarios, precios altos con vol\u00famenes moderados suelen indicar restricci\u00f3n de oferta. Adem\u00e1s, el hecho de que los bancos hayan acudido al mercado con estos niveles sugiere necesidades inmediatas de liquidez en d\u00f3lares. Es decir, no se trata de compras especulativas, sino funcionales. Esto refuerza la idea de presi\u00f3n estructural sobre el sistema.<\/p>\n<p>&nbsp;<\/p>\n<ol start=\"6\">\n<li><strong> \u00bfC\u00f3mo se comportaron los bancos en la compra de d\u00f3lares?<\/strong><\/li>\n<\/ol>\n<p>El cuadro evidencia dos patrones claros de comportamiento entre bancos. Por un lado, entidades como Banco Ganadero realizaron 3.479 operaciones por $us 6,48 millones, lo que implica montos peque\u00f1os y alta frecuencia, t\u00edpicos de clientes minoristas o pymes. Por otro lado, bancos como BISA, Mercantil Santa Cruz o Econ\u00f3mico registraron pocas operaciones, pero con montos elevados. Esto indica operaciones corporativas o institucionales. Estas diferencias son importantes porque afectan el tipo de cambio: operaciones grandes suelen pactarse con precios m\u00e1s altos por urgencia. Adem\u00e1s, los bancos con mayor base de clientes pueden captar m\u00e1s d\u00f3lares en peque\u00f1as cantidades. En cambio, otros dependen de operaciones puntuales de gran volumen. Esta heterogeneidad explica la dispersi\u00f3n del tipo de cambio observado. En conjunto, el sistema combina micro y macro demanda de divisas.<\/p>\n<p>&nbsp;<\/p>\n<ol start=\"7\">\n<li><strong> \u00bfPor qu\u00e9 un solo banco concentr\u00f3 la mayor\u00eda de las compras?<\/strong><\/li>\n<\/ol>\n<p>El dato m\u00e1s relevante del cuadro es la alta concentraci\u00f3n en Banco Uni\u00f3n, que compr\u00f3 $us 30,82 millones en solo 16 operaciones, representando cerca del 60% del total del sistema. Este nivel de concentraci\u00f3n es inusual y tiene impacto directo en el promedio ponderado. Adem\u00e1s, el tipo de cambio al que oper\u00f3 (Bs. 9,65) fue el m\u00e1s alto del d\u00eda. Esto sugiere operaciones de gran escala y con alta urgencia en la adquisici\u00f3n de divisas. Dado que es un banco estatal, es probable que estas transacciones est\u00e9n vinculadas a necesidades del sector p\u00fablico o grandes obligaciones externas. Su comportamiento no responde a l\u00f3gica minorista, sino estrat\u00e9gica. T\u00e9cnicamente, actu\u00f3 como principal demandante de d\u00f3lares en el mercado formal. Esto lo convierte en un formador clave del precio del d\u00eda.<\/p>\n<p>&nbsp;<\/p>\n<ol start=\"8\">\n<li><strong> \u00bfQu\u00e9 significa que el d\u00f3lar est\u00e9 tan alto en el mercado bancario?<\/strong><\/li>\n<\/ol>\n<p>El hecho de que el tipo de cambio promedio se ubique en Bs 9,45 (al 13\/04\/2026), muy por encima del oficial, indica una brecha significativa entre el precio administrado y el precio de mercado. Este diferencial refleja escasez relativa de d\u00f3lares en el sistema financiero. Cuando la oferta es limitada, los bancos deben subir el precio para atraer a quienes poseen divisas. Adem\u00e1s, el rango alto de precios muestra que algunos agentes est\u00e1n dispuestos a pagar m\u00e1s por asegurar liquidez inmediata. Este comportamiento es t\u00edpico en contextos de restricci\u00f3n externa. No necesariamente implica crisis inmediata, pero s\u00ed presi\u00f3n sostenida. Tambi\u00e9n indica que el mercado formal est\u00e1 absorbiendo parte de la demanda que antes iba al mercado paralelo. En t\u00e9rminos t\u00e9cnicos, el tipo referencial se est\u00e1 consolidando como se\u00f1al real del mercado.<\/p>\n<p>&nbsp;<\/p>\n<ol start=\"9\">\n<li><strong> Conclusi\u00f3n: \u00bfQu\u00e9 nos dice este dato sobre la econom\u00eda?<\/strong><\/li>\n<\/ol>\n<p>El an\u00e1lisis del cuadro permite concluir que el sistema financiero oper\u00f3 bajo condiciones de presi\u00f3n cambiaria, pero con mecanismos formales activos. El alto nivel del tipo de cambio, junto con la concentraci\u00f3n de compras en un solo banco, indica que la demanda de d\u00f3lares fue fuerte y posiblemente impulsada por necesidades institucionales. A pesar de ello, el volumen total muestra que existe cierta capacidad del sistema para canalizar divisas. El valor referencial cumple su funci\u00f3n de transparentar el costo real del d\u00f3lar en el mercado bancario. Sin embargo, tambi\u00e9n evidencia que este costo es significativamente mayor al tipo oficial. La jornada analizada no es un evento aislado, sino parte de una tendencia de ajuste.<\/p>\n<p>En s\u00edntesis, el mercado formal refleja escasez relativa, alta demanda y un proceso gradual de sinceramiento cambiario.<\/p>\n<p>&nbsp;<\/p>\n<ol start=\"10\">\n<li><strong> Mensaje final<\/strong><\/li>\n<\/ol>\n<p>El comportamiento del valor referencial del d\u00f3lar del BCB confirma que el sistema financiero boliviano est\u00e1 transitando hacia un escenario donde el precio del d\u00f3lar responde cada vez m\u00e1s a condiciones reales de mercado que al tipo de cambio oficial. La elevada demanda, la limitada oferta de divisas y la fuerte participaci\u00f3n de actores institucionales reflejan una presi\u00f3n cambiaria estructural que a\u00fan persiste. En este contexto, el valor referencial no solo transparenta el costo real del d\u00f3lar, sino que se consolida como un indicador clave para entender la din\u00e1mica econ\u00f3mica actual y anticipar posibles ajustes en el sistema cambiario del pa\u00eds.<\/p>\n<p>&nbsp;<\/p>\n<p><em>El autor es economista.<\/em><\/p>\n","protected":false},"excerpt":{"rendered":"<p>Papel del valor referencial del d\u00f3lar del BCB El valor referencial del d\u00f3lar del BCB cumplir\u00e1 dos roles distintos pero complementarios: &nbsp; En el mercado cambiario: Act\u00faa como un precio gu\u00eda m\u00e1s realista. A diferencia del tipo de cambio oficial (fijo y controlado), el valor referencial se basa en operaciones efectivas del sistema financiero, especialmente [&hellip;]<\/p>\n","protected":false},"author":1,"featured_media":290625,"comment_status":"closed","ping_status":"open","sticky":false,"template":"","format":"standard","meta":{"_acf_changed":false,"footnotes":""},"categories":[9],"tags":[],"class_list":["post-385496","post","type-post","status-publish","format-standard","has-post-thumbnail","category-opinion"],"acf":{"antetitulo":""},"yoast_head":"<!-- This site is optimized with the Yoast SEO plugin v28.4 - https:\/\/yoast.com\/product\/yoast-seo-wordpress\/ -->\n<title>\u00bfQu\u00e9 es el tipo de cambio referencial del BCB y desplazar\u00e1 al oficial? - El Diario - Bolivia<\/title>\n<meta name=\"robots\" content=\"index, follow, max-snippet:-1, max-image-preview:large, max-video-preview:-1\" \/>\n<link rel=\"canonical\" href=\"https:\/\/www.eldiario.net\/portal\/2026\/04\/16\/que-es-el-tipo-de-cambio-referencial-del-bcb-y-desplazara-al-oficial\/\" \/>\n<meta property=\"og:locale\" content=\"es_ES\" \/>\n<meta property=\"og:type\" content=\"article\" \/>\n<meta property=\"og:title\" content=\"\u00bfQu\u00e9 es el tipo de cambio referencial del BCB y desplazar\u00e1 al oficial? - El Diario - Bolivia\" \/>\n<meta property=\"og:description\" content=\"Papel del valor referencial del d\u00f3lar del BCB El valor referencial del d\u00f3lar del BCB cumplir\u00e1 dos roles distintos pero complementarios: &nbsp; En el mercado cambiario: Act\u00faa como un precio gu\u00eda m\u00e1s realista. A diferencia del tipo de cambio oficial (fijo y controlado), el valor referencial se basa en operaciones efectivas del sistema financiero, especialmente [&hellip;]\" \/>\n<meta property=\"og:url\" content=\"https:\/\/www.eldiario.net\/portal\/2026\/04\/16\/que-es-el-tipo-de-cambio-referencial-del-bcb-y-desplazara-al-oficial\/\" \/>\n<meta property=\"og:site_name\" content=\"El Diario - Bolivia\" \/>\n<meta property=\"article:publisher\" content=\"https:\/\/www.facebook.com\/eldiario.bolivia\/\" \/>\n<meta property=\"article:published_time\" content=\"2026-04-16T10:20:48+00:00\" \/>\n<meta property=\"og:image\" content=\"https:\/\/www.eldiario.net\/portal\/wp-content\/uploads\/2025\/03\/Luis-Fernando-Romero-Torrejon.jpg\" \/>\n\t<meta property=\"og:image:width\" content=\"1200\" \/>\n\t<meta property=\"og:image:height\" content=\"628\" \/>\n\t<meta property=\"og:image:type\" content=\"image\/jpeg\" \/>\n<meta name=\"author\" content=\"Jeanette\" \/>\n<meta name=\"twitter:card\" content=\"summary_large_image\" \/>\n<meta name=\"twitter:creator\" content=\"@eldiario_net\" \/>\n<meta name=\"twitter:site\" content=\"@eldiario_net\" \/>\n<meta name=\"twitter:label1\" content=\"Escrito por\" \/>\n\t<meta name=\"twitter:data1\" content=\"Jeanette\" \/>\n\t<meta name=\"twitter:label2\" content=\"Tiempo de lectura\" \/>\n\t<meta name=\"twitter:data2\" content=\"8 minutos\" \/>\n<script type=\"application\/ld+json\" class=\"yoast-schema-graph\">{\"@context\":\"https:\\\/\\\/schema.org\",\"@graph\":[{\"@type\":\"Article\",\"@id\":\"https:\\\/\\\/www.eldiario.net\\\/portal\\\/2026\\\/04\\\/16\\\/que-es-el-tipo-de-cambio-referencial-del-bcb-y-desplazara-al-oficial\\\/#article\",\"isPartOf\":{\"@id\":\"https:\\\/\\\/www.eldiario.net\\\/portal\\\/2026\\\/04\\\/16\\\/que-es-el-tipo-de-cambio-referencial-del-bcb-y-desplazara-al-oficial\\\/\"},\"author\":{\"name\":\"Jeanette\",\"@id\":\"https:\\\/\\\/www.eldiario.net\\\/portal\\\/#\\\/schema\\\/person\\\/2c57cf2b7a7ae032e449e4c9b1019eac\"},\"headline\":\"\u00bfQu\u00e9 es el tipo de cambio referencial del BCB y desplazar\u00e1 al oficial?\",\"datePublished\":\"2026-04-16T10:20:48+00:00\",\"mainEntityOfPage\":{\"@id\":\"https:\\\/\\\/www.eldiario.net\\\/portal\\\/2026\\\/04\\\/16\\\/que-es-el-tipo-de-cambio-referencial-del-bcb-y-desplazara-al-oficial\\\/\"},\"wordCount\":1872,\"publisher\":{\"@id\":\"https:\\\/\\\/www.eldiario.net\\\/portal\\\/#organization\"},\"image\":{\"@id\":\"https:\\\/\\\/www.eldiario.net\\\/portal\\\/2026\\\/04\\\/16\\\/que-es-el-tipo-de-cambio-referencial-del-bcb-y-desplazara-al-oficial\\\/#primaryimage\"},\"thumbnailUrl\":\"https:\\\/\\\/www.eldiario.net\\\/portal\\\/wp-content\\\/uploads\\\/2025\\\/03\\\/Luis-Fernando-Romero-Torrejon.jpg\",\"articleSection\":[\"Opini\u00f3n\"],\"inLanguage\":\"es\"},{\"@type\":\"WebPage\",\"@id\":\"https:\\\/\\\/www.eldiario.net\\\/portal\\\/2026\\\/04\\\/16\\\/que-es-el-tipo-de-cambio-referencial-del-bcb-y-desplazara-al-oficial\\\/\",\"url\":\"https:\\\/\\\/www.eldiario.net\\\/portal\\\/2026\\\/04\\\/16\\\/que-es-el-tipo-de-cambio-referencial-del-bcb-y-desplazara-al-oficial\\\/\",\"name\":\"\u00bfQu\u00e9 es el tipo de cambio referencial del BCB y desplazar\u00e1 al oficial? - El Diario - Bolivia\",\"isPartOf\":{\"@id\":\"https:\\\/\\\/www.eldiario.net\\\/portal\\\/#website\"},\"primaryImageOfPage\":{\"@id\":\"https:\\\/\\\/www.eldiario.net\\\/portal\\\/2026\\\/04\\\/16\\\/que-es-el-tipo-de-cambio-referencial-del-bcb-y-desplazara-al-oficial\\\/#primaryimage\"},\"image\":{\"@id\":\"https:\\\/\\\/www.eldiario.net\\\/portal\\\/2026\\\/04\\\/16\\\/que-es-el-tipo-de-cambio-referencial-del-bcb-y-desplazara-al-oficial\\\/#primaryimage\"},\"thumbnailUrl\":\"https:\\\/\\\/www.eldiario.net\\\/portal\\\/wp-content\\\/uploads\\\/2025\\\/03\\\/Luis-Fernando-Romero-Torrejon.jpg\",\"datePublished\":\"2026-04-16T10:20:48+00:00\",\"breadcrumb\":{\"@id\":\"https:\\\/\\\/www.eldiario.net\\\/portal\\\/2026\\\/04\\\/16\\\/que-es-el-tipo-de-cambio-referencial-del-bcb-y-desplazara-al-oficial\\\/#breadcrumb\"},\"inLanguage\":\"es\",\"potentialAction\":[{\"@type\":\"ReadAction\",\"target\":[\"https:\\\/\\\/www.eldiario.net\\\/portal\\\/2026\\\/04\\\/16\\\/que-es-el-tipo-de-cambio-referencial-del-bcb-y-desplazara-al-oficial\\\/\"]}]},{\"@type\":\"ImageObject\",\"inLanguage\":\"es\",\"@id\":\"https:\\\/\\\/www.eldiario.net\\\/portal\\\/2026\\\/04\\\/16\\\/que-es-el-tipo-de-cambio-referencial-del-bcb-y-desplazara-al-oficial\\\/#primaryimage\",\"url\":\"https:\\\/\\\/www.eldiario.net\\\/portal\\\/wp-content\\\/uploads\\\/2025\\\/03\\\/Luis-Fernando-Romero-Torrejon.jpg\",\"contentUrl\":\"https:\\\/\\\/www.eldiario.net\\\/portal\\\/wp-content\\\/uploads\\\/2025\\\/03\\\/Luis-Fernando-Romero-Torrejon.jpg\",\"width\":1200,\"height\":628,\"caption\":\"Luis Fernando Romero Torrej\u00f3n\"},{\"@type\":\"BreadcrumbList\",\"@id\":\"https:\\\/\\\/www.eldiario.net\\\/portal\\\/2026\\\/04\\\/16\\\/que-es-el-tipo-de-cambio-referencial-del-bcb-y-desplazara-al-oficial\\\/#breadcrumb\",\"itemListElement\":[{\"@type\":\"ListItem\",\"position\":1,\"name\":\"Portada\",\"item\":\"https:\\\/\\\/www.eldiario.net\\\/portal\\\/\"},{\"@type\":\"ListItem\",\"position\":2,\"name\":\"\u00bfQu\u00e9 es el tipo de cambio referencial del BCB y desplazar\u00e1 al oficial?\"}]},{\"@type\":\"WebSite\",\"@id\":\"https:\\\/\\\/www.eldiario.net\\\/portal\\\/#website\",\"url\":\"https:\\\/\\\/www.eldiario.net\\\/portal\\\/\",\"name\":\"El Diario - Decano de la prensa nacional\",\"description\":\"El Diario - Decano de la prensa nacional\",\"publisher\":{\"@id\":\"https:\\\/\\\/www.eldiario.net\\\/portal\\\/#organization\"},\"potentialAction\":[{\"@type\":\"SearchAction\",\"target\":{\"@type\":\"EntryPoint\",\"urlTemplate\":\"https:\\\/\\\/www.eldiario.net\\\/portal\\\/?s={search_term_string}\"},\"query-input\":{\"@type\":\"PropertyValueSpecification\",\"valueRequired\":true,\"valueName\":\"search_term_string\"}}],\"inLanguage\":\"es\"},{\"@type\":\"Organization\",\"@id\":\"https:\\\/\\\/www.eldiario.net\\\/portal\\\/#organization\",\"name\":\"El Diario - Decano de la prensa nacional\",\"url\":\"https:\\\/\\\/www.eldiario.net\\\/portal\\\/\",\"logo\":{\"@type\":\"ImageObject\",\"inLanguage\":\"es\",\"@id\":\"https:\\\/\\\/www.eldiario.net\\\/portal\\\/#\\\/schema\\\/logo\\\/image\\\/\",\"url\":\"https:\\\/\\\/www.eldiario.net\\\/portal\\\/wp-content\\\/uploads\\\/2023\\\/07\\\/logo_ED.jpg\",\"contentUrl\":\"https:\\\/\\\/www.eldiario.net\\\/portal\\\/wp-content\\\/uploads\\\/2023\\\/07\\\/logo_ED.jpg\",\"width\":272,\"height\":52,\"caption\":\"El Diario - Decano de la prensa nacional\"},\"image\":{\"@id\":\"https:\\\/\\\/www.eldiario.net\\\/portal\\\/#\\\/schema\\\/logo\\\/image\\\/\"},\"sameAs\":[\"https:\\\/\\\/www.facebook.com\\\/eldiario.bolivia\\\/\",\"https:\\\/\\\/x.com\\\/eldiario_net\"]},{\"@type\":\"Person\",\"@id\":\"https:\\\/\\\/www.eldiario.net\\\/portal\\\/#\\\/schema\\\/person\\\/2c57cf2b7a7ae032e449e4c9b1019eac\",\"name\":\"Jeanette\",\"image\":{\"@type\":\"ImageObject\",\"inLanguage\":\"es\",\"@id\":\"https:\\\/\\\/secure.gravatar.com\\\/avatar\\\/3ea2118a5f7dad2b7138b1187a6b7ee55f160b9968b66013c3a3ef39dd7e5798?s=96&d=mm&r=g\",\"url\":\"https:\\\/\\\/secure.gravatar.com\\\/avatar\\\/3ea2118a5f7dad2b7138b1187a6b7ee55f160b9968b66013c3a3ef39dd7e5798?s=96&d=mm&r=g\",\"contentUrl\":\"https:\\\/\\\/secure.gravatar.com\\\/avatar\\\/3ea2118a5f7dad2b7138b1187a6b7ee55f160b9968b66013c3a3ef39dd7e5798?s=96&d=mm&r=g\",\"caption\":\"Jeanette\"},\"sameAs\":[\"https:\\\/\\\/www.eldiario.net\\\/portal\"],\"url\":\"https:\\\/\\\/www.eldiario.net\\\/portal\\\/author\\\/jeanette\\\/\"}]}<\/script>\n<!-- \/ Yoast SEO plugin. -->","yoast_head_json":{"title":"\u00bfQu\u00e9 es el tipo de cambio referencial del BCB y desplazar\u00e1 al oficial? - El Diario - Bolivia","robots":{"index":"index","follow":"follow","max-snippet":"max-snippet:-1","max-image-preview":"max-image-preview:large","max-video-preview":"max-video-preview:-1"},"canonical":"https:\/\/www.eldiario.net\/portal\/2026\/04\/16\/que-es-el-tipo-de-cambio-referencial-del-bcb-y-desplazara-al-oficial\/","og_locale":"es_ES","og_type":"article","og_title":"\u00bfQu\u00e9 es el tipo de cambio referencial del BCB y desplazar\u00e1 al oficial? - El Diario - Bolivia","og_description":"Papel del valor referencial del d\u00f3lar del BCB El valor referencial del d\u00f3lar del BCB cumplir\u00e1 dos roles distintos pero complementarios: &nbsp; En el mercado cambiario: Act\u00faa como un precio gu\u00eda m\u00e1s realista. A diferencia del tipo de cambio oficial (fijo y controlado), el valor referencial se basa en operaciones efectivas del sistema financiero, especialmente [&hellip;]","og_url":"https:\/\/www.eldiario.net\/portal\/2026\/04\/16\/que-es-el-tipo-de-cambio-referencial-del-bcb-y-desplazara-al-oficial\/","og_site_name":"El Diario - Bolivia","article_publisher":"https:\/\/www.facebook.com\/eldiario.bolivia\/","article_published_time":"2026-04-16T10:20:48+00:00","og_image":[{"width":1200,"height":628,"url":"https:\/\/www.eldiario.net\/portal\/wp-content\/uploads\/2025\/03\/Luis-Fernando-Romero-Torrejon.jpg","type":"image\/jpeg"}],"author":"Jeanette","twitter_card":"summary_large_image","twitter_creator":"@eldiario_net","twitter_site":"@eldiario_net","twitter_misc":{"Escrito por":"Jeanette","Tiempo de lectura":"8 minutos"},"schema":{"@context":"https:\/\/schema.org","@graph":[{"@type":"Article","@id":"https:\/\/www.eldiario.net\/portal\/2026\/04\/16\/que-es-el-tipo-de-cambio-referencial-del-bcb-y-desplazara-al-oficial\/#article","isPartOf":{"@id":"https:\/\/www.eldiario.net\/portal\/2026\/04\/16\/que-es-el-tipo-de-cambio-referencial-del-bcb-y-desplazara-al-oficial\/"},"author":{"name":"Jeanette","@id":"https:\/\/www.eldiario.net\/portal\/#\/schema\/person\/2c57cf2b7a7ae032e449e4c9b1019eac"},"headline":"\u00bfQu\u00e9 es el tipo de cambio referencial del BCB y desplazar\u00e1 al oficial?","datePublished":"2026-04-16T10:20:48+00:00","mainEntityOfPage":{"@id":"https:\/\/www.eldiario.net\/portal\/2026\/04\/16\/que-es-el-tipo-de-cambio-referencial-del-bcb-y-desplazara-al-oficial\/"},"wordCount":1872,"publisher":{"@id":"https:\/\/www.eldiario.net\/portal\/#organization"},"image":{"@id":"https:\/\/www.eldiario.net\/portal\/2026\/04\/16\/que-es-el-tipo-de-cambio-referencial-del-bcb-y-desplazara-al-oficial\/#primaryimage"},"thumbnailUrl":"https:\/\/www.eldiario.net\/portal\/wp-content\/uploads\/2025\/03\/Luis-Fernando-Romero-Torrejon.jpg","articleSection":["Opini\u00f3n"],"inLanguage":"es"},{"@type":"WebPage","@id":"https:\/\/www.eldiario.net\/portal\/2026\/04\/16\/que-es-el-tipo-de-cambio-referencial-del-bcb-y-desplazara-al-oficial\/","url":"https:\/\/www.eldiario.net\/portal\/2026\/04\/16\/que-es-el-tipo-de-cambio-referencial-del-bcb-y-desplazara-al-oficial\/","name":"\u00bfQu\u00e9 es el tipo de cambio referencial del BCB y desplazar\u00e1 al oficial? - El Diario - Bolivia","isPartOf":{"@id":"https:\/\/www.eldiario.net\/portal\/#website"},"primaryImageOfPage":{"@id":"https:\/\/www.eldiario.net\/portal\/2026\/04\/16\/que-es-el-tipo-de-cambio-referencial-del-bcb-y-desplazara-al-oficial\/#primaryimage"},"image":{"@id":"https:\/\/www.eldiario.net\/portal\/2026\/04\/16\/que-es-el-tipo-de-cambio-referencial-del-bcb-y-desplazara-al-oficial\/#primaryimage"},"thumbnailUrl":"https:\/\/www.eldiario.net\/portal\/wp-content\/uploads\/2025\/03\/Luis-Fernando-Romero-Torrejon.jpg","datePublished":"2026-04-16T10:20:48+00:00","breadcrumb":{"@id":"https:\/\/www.eldiario.net\/portal\/2026\/04\/16\/que-es-el-tipo-de-cambio-referencial-del-bcb-y-desplazara-al-oficial\/#breadcrumb"},"inLanguage":"es","potentialAction":[{"@type":"ReadAction","target":["https:\/\/www.eldiario.net\/portal\/2026\/04\/16\/que-es-el-tipo-de-cambio-referencial-del-bcb-y-desplazara-al-oficial\/"]}]},{"@type":"ImageObject","inLanguage":"es","@id":"https:\/\/www.eldiario.net\/portal\/2026\/04\/16\/que-es-el-tipo-de-cambio-referencial-del-bcb-y-desplazara-al-oficial\/#primaryimage","url":"https:\/\/www.eldiario.net\/portal\/wp-content\/uploads\/2025\/03\/Luis-Fernando-Romero-Torrejon.jpg","contentUrl":"https:\/\/www.eldiario.net\/portal\/wp-content\/uploads\/2025\/03\/Luis-Fernando-Romero-Torrejon.jpg","width":1200,"height":628,"caption":"Luis Fernando Romero Torrej\u00f3n"},{"@type":"BreadcrumbList","@id":"https:\/\/www.eldiario.net\/portal\/2026\/04\/16\/que-es-el-tipo-de-cambio-referencial-del-bcb-y-desplazara-al-oficial\/#breadcrumb","itemListElement":[{"@type":"ListItem","position":1,"name":"Portada","item":"https:\/\/www.eldiario.net\/portal\/"},{"@type":"ListItem","position":2,"name":"\u00bfQu\u00e9 es el tipo de cambio referencial del BCB y desplazar\u00e1 al oficial?"}]},{"@type":"WebSite","@id":"https:\/\/www.eldiario.net\/portal\/#website","url":"https:\/\/www.eldiario.net\/portal\/","name":"El Diario - Decano de la prensa nacional","description":"El Diario - Decano de la prensa nacional","publisher":{"@id":"https:\/\/www.eldiario.net\/portal\/#organization"},"potentialAction":[{"@type":"SearchAction","target":{"@type":"EntryPoint","urlTemplate":"https:\/\/www.eldiario.net\/portal\/?s={search_term_string}"},"query-input":{"@type":"PropertyValueSpecification","valueRequired":true,"valueName":"search_term_string"}}],"inLanguage":"es"},{"@type":"Organization","@id":"https:\/\/www.eldiario.net\/portal\/#organization","name":"El Diario - Decano de la prensa nacional","url":"https:\/\/www.eldiario.net\/portal\/","logo":{"@type":"ImageObject","inLanguage":"es","@id":"https:\/\/www.eldiario.net\/portal\/#\/schema\/logo\/image\/","url":"https:\/\/www.eldiario.net\/portal\/wp-content\/uploads\/2023\/07\/logo_ED.jpg","contentUrl":"https:\/\/www.eldiario.net\/portal\/wp-content\/uploads\/2023\/07\/logo_ED.jpg","width":272,"height":52,"caption":"El Diario - Decano de la prensa nacional"},"image":{"@id":"https:\/\/www.eldiario.net\/portal\/#\/schema\/logo\/image\/"},"sameAs":["https:\/\/www.facebook.com\/eldiario.bolivia\/","https:\/\/x.com\/eldiario_net"]},{"@type":"Person","@id":"https:\/\/www.eldiario.net\/portal\/#\/schema\/person\/2c57cf2b7a7ae032e449e4c9b1019eac","name":"Jeanette","image":{"@type":"ImageObject","inLanguage":"es","@id":"https:\/\/secure.gravatar.com\/avatar\/3ea2118a5f7dad2b7138b1187a6b7ee55f160b9968b66013c3a3ef39dd7e5798?s=96&d=mm&r=g","url":"https:\/\/secure.gravatar.com\/avatar\/3ea2118a5f7dad2b7138b1187a6b7ee55f160b9968b66013c3a3ef39dd7e5798?s=96&d=mm&r=g","contentUrl":"https:\/\/secure.gravatar.com\/avatar\/3ea2118a5f7dad2b7138b1187a6b7ee55f160b9968b66013c3a3ef39dd7e5798?s=96&d=mm&r=g","caption":"Jeanette"},"sameAs":["https:\/\/www.eldiario.net\/portal"],"url":"https:\/\/www.eldiario.net\/portal\/author\/jeanette\/"}]}},"_links":{"self":[{"href":"https:\/\/www.eldiario.net\/portal\/wp-json\/wp\/v2\/posts\/385496","targetHints":{"allow":["GET"]}}],"collection":[{"href":"https:\/\/www.eldiario.net\/portal\/wp-json\/wp\/v2\/posts"}],"about":[{"href":"https:\/\/www.eldiario.net\/portal\/wp-json\/wp\/v2\/types\/post"}],"author":[{"embeddable":true,"href":"https:\/\/www.eldiario.net\/portal\/wp-json\/wp\/v2\/users\/1"}],"replies":[{"embeddable":true,"href":"https:\/\/www.eldiario.net\/portal\/wp-json\/wp\/v2\/comments?post=385496"}],"version-history":[{"count":1,"href":"https:\/\/www.eldiario.net\/portal\/wp-json\/wp\/v2\/posts\/385496\/revisions"}],"predecessor-version":[{"id":385497,"href":"https:\/\/www.eldiario.net\/portal\/wp-json\/wp\/v2\/posts\/385496\/revisions\/385497"}],"wp:featuredmedia":[{"embeddable":true,"href":"https:\/\/www.eldiario.net\/portal\/wp-json\/wp\/v2\/media\/290625"}],"wp:attachment":[{"href":"https:\/\/www.eldiario.net\/portal\/wp-json\/wp\/v2\/media?parent=385496"}],"wp:term":[{"taxonomy":"category","embeddable":true,"href":"https:\/\/www.eldiario.net\/portal\/wp-json\/wp\/v2\/categories?post=385496"},{"taxonomy":"post_tag","embeddable":true,"href":"https:\/\/www.eldiario.net\/portal\/wp-json\/wp\/v2\/tags?post=385496"}],"curies":[{"name":"wp","href":"https:\/\/api.w.org\/{rel}","templated":true}]}}