{"id":385494,"date":"2026-04-16T06:20:03","date_gmt":"2026-04-16T10:20:03","guid":{"rendered":"https:\/\/www.eldiario.net\/portal\/?p=385494"},"modified":"2026-04-16T06:20:03","modified_gmt":"2026-04-16T10:20:03","slug":"cuanto-pesa-la-cobardia","status":"publish","type":"post","link":"https:\/\/www.eldiario.net\/portal\/2026\/04\/16\/cuanto-pesa-la-cobardia\/","title":{"rendered":"Cu\u00e1nto pesa la cobard\u00eda"},"content":{"rendered":"<p>Durante veinte a\u00f1os de nuestra vida republicana, que no son una minucia, pues para muchos esos 20 a\u00f1os son una vida entera, sino media vida, hemos pasado por dos gobiernos castrochavistas, populistas de izquierda, satrap\u00edas que pasaron por nuestra historia como una pesadilla y sin oposici\u00f3n alguna, lo que les permiti\u00f3 hacer, deshacer, poner y descomponer lo que les vino en gana, como el derroche de nuestros recursos. Lo peor, con nuestra ab\u00falica y cobarde complacencia.<\/p>\n<p>Qued\u00e1bamos absortos viendo a los delincuentes con el pu\u00f1o en alto y la mano en el pecho desafiando a la justicia y a los bolivianos de val\u00eda, empero fue una rabia muda, pr\u00f3xima a la indulgencia y a la estupidez. In\u00fatilmente cre\u00edmos que alg\u00fan partido de oposici\u00f3n o sector social se contrapusiese a ese estado de cosas, algo que jam\u00e1s sucedi\u00f3 y, por el contrario, fueron condescendientes porque fueron c\u00f3mplices en todo. Nos indignamos, sin embargo, nada se hizo.<\/p>\n<p>Asistimos a los cr\u00edmenes m\u00e1s horrendos de nuestra historia republicana, como El Porvenir, hotel Las Am\u00e9ricas, cerco a Santa Cruz, Panduro, Challapata, El Alto, La Calancha, Caranavi, etc. y, por si fuera poco, ca\u00edmos en una total complacencia con el narcotr\u00e1fico, cuyas secuelas se vienen esclareciendo reci\u00e9n en estos d\u00edas de gobierno. Nos entristecimos, pero nuestra apat\u00eda fue mayor.<\/p>\n<p>Luego sufrimos actos de latrocinio, como el del Fondo de Desarrollo Ind\u00edgena, por m\u00e1s de 600 millones de d\u00f3lares; contratos sin licitaci\u00f3n p\u00fablica por exigencia de los chinos, por 600 millones de d\u00f3lares; asalto a YPFB, por cienes de millones de d\u00f3lares; estafa con el sat\u00e9lite Tupac Katari por 350 millones de d\u00f3lares; compra, sin licitaci\u00f3n p\u00fablica, de un avi\u00f3n presidencial usado, por 40 millones de d\u00f3lares y as\u00ed por delante, hasta lograr la escalofriante suma de miles de millones d\u00f3lares. S\u00ed, estimado lector, Ud. ley\u00f3 bien, miles de millones de d\u00f3lares, timados a las arcas p\u00fablicas, durante toda esa desastrosa gesti\u00f3n.<\/p>\n<p>Vimos al tirano recibir t\u00edtulos de \u201cdoctor honoris causa\u201d por varios centros de estudio universitario, tanto nacionales como del exterior, que se rend\u00edan ante su plata mal habida, sin entender por qu\u00e9 ese individuo que se jactaba de ser analfabeto y estigmatizaba a las universidades, era digno de tales honores. As\u00ed mismo, vimos a este s\u00e1trapa y a su s\u00e9quito expedirse en sus evadas idiotas, en un lenguaje miserable y procaz, pero solo nos divertimos con ello.<\/p>\n<p>Honor y gratitud a nuestros j\u00f3venes \u201cpititas\u201d que, junto a los m\u00e9dicos y los polic\u00edas patriotas, hartos de ese estado de cosas, en s\u00f3lo 21 d\u00edas nos despertaron y nos animaron a rebelarnos contra ese statu quo que nos hac\u00eda sufrir y estaba a punto de destruir nuestra naci\u00f3n y nuestras m\u00e1s caras esperanzas.<\/p>\n<p>Nos encontramos a escasos ciento cincuenta d\u00edas del nuevo gobierno que ansiamos, lograr\u00e1 devolver a Bolivia el orden, la paz, la democracia y la idoneidad de sus hijos, esos valores necesarios para construir una sociedad m\u00e1s justa y equilibrada, lejos de aquellos embusteros que la lastimaron y hoy pretenden volver, pero no devolver. Hoy tenemos la gran oportunidad de subsanar errores, eligiendo el camino correcto que nos lleve a buen puerto, como el caso del Per\u00fa, un pa\u00eds que crece de noche mientras los pol\u00edticos duermen y, despu\u00e9s de haber asistido a la ruina social, moral, econ\u00f3mica y cultural de nuestra patria y no haber reaccionado, sepamos lidiar con nuevo \u00edmpetu y valor, con el peso de la cobard\u00eda.<\/p>\n","protected":false},"excerpt":{"rendered":"<p>Durante veinte a\u00f1os de nuestra vida republicana, que no son una minucia, pues para muchos esos 20 a\u00f1os son una vida entera, sino media vida, hemos pasado por dos gobiernos castrochavistas, populistas de izquierda, satrap\u00edas que pasaron por nuestra historia como una pesadilla y sin oposici\u00f3n alguna, lo que les permiti\u00f3 hacer, deshacer, poner y [&hellip;]<\/p>\n","protected":false},"author":1,"featured_media":157469,"comment_status":"closed","ping_status":"open","sticky":false,"template":"","format":"standard","meta":{"_acf_changed":false,"footnotes":""},"categories":[9],"tags":[],"class_list":["post-385494","post","type-post","status-publish","format-standard","has-post-thumbnail","category-opinion"],"acf":{"antetitulo":"Clepsidra"},"yoast_head":"<!-- This site is optimized with the Yoast SEO plugin v28.4 - https:\/\/yoast.com\/product\/yoast-seo-wordpress\/ -->\n<title>Cu\u00e1nto pesa la cobard\u00eda - El Diario - Bolivia<\/title>\n<meta name=\"robots\" content=\"index, follow, max-snippet:-1, max-image-preview:large, max-video-preview:-1\" \/>\n<link rel=\"canonical\" href=\"https:\/\/www.eldiario.net\/portal\/2026\/04\/16\/cuanto-pesa-la-cobardia\/\" \/>\n<meta property=\"og:locale\" content=\"es_ES\" \/>\n<meta property=\"og:type\" content=\"article\" \/>\n<meta property=\"og:title\" content=\"Cu\u00e1nto pesa la cobard\u00eda - El Diario - Bolivia\" \/>\n<meta property=\"og:description\" content=\"Durante veinte a\u00f1os de nuestra vida republicana, que no son una minucia, pues para muchos esos 20 a\u00f1os son una vida entera, sino media vida, hemos pasado por dos gobiernos castrochavistas, populistas de izquierda, satrap\u00edas que pasaron por nuestra historia como una pesadilla y sin oposici\u00f3n alguna, lo que les permiti\u00f3 hacer, deshacer, poner y [&hellip;]\" \/>\n<meta property=\"og:url\" content=\"https:\/\/www.eldiario.net\/portal\/2026\/04\/16\/cuanto-pesa-la-cobardia\/\" \/>\n<meta property=\"og:site_name\" content=\"El Diario - Bolivia\" \/>\n<meta property=\"article:publisher\" content=\"https:\/\/www.facebook.com\/eldiario.bolivia\/\" \/>\n<meta property=\"article:published_time\" content=\"2026-04-16T10:20:03+00:00\" \/>\n<meta property=\"og:image\" content=\"https:\/\/www.eldiario.net\/portal\/wp-content\/uploads\/2023\/06\/Alvaro-Riveros-Tejada.jpg\" \/>\n\t<meta property=\"og:image:width\" content=\"1200\" \/>\n\t<meta property=\"og:image:height\" content=\"628\" \/>\n\t<meta property=\"og:image:type\" content=\"image\/jpeg\" \/>\n<meta name=\"author\" content=\"Jeanette\" \/>\n<meta name=\"twitter:card\" content=\"summary_large_image\" \/>\n<meta name=\"twitter:creator\" content=\"@eldiario_net\" \/>\n<meta name=\"twitter:site\" content=\"@eldiario_net\" \/>\n<meta name=\"twitter:label1\" content=\"Escrito por\" \/>\n\t<meta name=\"twitter:data1\" content=\"Jeanette\" \/>\n\t<meta name=\"twitter:label2\" content=\"Tiempo de lectura\" \/>\n\t<meta name=\"twitter:data2\" content=\"3 minutos\" \/>\n<script type=\"application\/ld+json\" class=\"yoast-schema-graph\">{\"@context\":\"https:\\\/\\\/schema.org\",\"@graph\":[{\"@type\":\"Article\",\"@id\":\"https:\\\/\\\/www.eldiario.net\\\/portal\\\/2026\\\/04\\\/16\\\/cuanto-pesa-la-cobardia\\\/#article\",\"isPartOf\":{\"@id\":\"https:\\\/\\\/www.eldiario.net\\\/portal\\\/2026\\\/04\\\/16\\\/cuanto-pesa-la-cobardia\\\/\"},\"author\":{\"name\":\"Jeanette\",\"@id\":\"https:\\\/\\\/www.eldiario.net\\\/portal\\\/#\\\/schema\\\/person\\\/2c57cf2b7a7ae032e449e4c9b1019eac\"},\"headline\":\"Cu\u00e1nto pesa la cobard\u00eda\",\"datePublished\":\"2026-04-16T10:20:03+00:00\",\"mainEntityOfPage\":{\"@id\":\"https:\\\/\\\/www.eldiario.net\\\/portal\\\/2026\\\/04\\\/16\\\/cuanto-pesa-la-cobardia\\\/\"},\"wordCount\":625,\"publisher\":{\"@id\":\"https:\\\/\\\/www.eldiario.net\\\/portal\\\/#organization\"},\"image\":{\"@id\":\"https:\\\/\\\/www.eldiario.net\\\/portal\\\/2026\\\/04\\\/16\\\/cuanto-pesa-la-cobardia\\\/#primaryimage\"},\"thumbnailUrl\":\"https:\\\/\\\/www.eldiario.net\\\/portal\\\/wp-content\\\/uploads\\\/2023\\\/06\\\/Alvaro-Riveros-Tejada.jpg\",\"articleSection\":[\"Opini\u00f3n\"],\"inLanguage\":\"es\"},{\"@type\":\"WebPage\",\"@id\":\"https:\\\/\\\/www.eldiario.net\\\/portal\\\/2026\\\/04\\\/16\\\/cuanto-pesa-la-cobardia\\\/\",\"url\":\"https:\\\/\\\/www.eldiario.net\\\/portal\\\/2026\\\/04\\\/16\\\/cuanto-pesa-la-cobardia\\\/\",\"name\":\"Cu\u00e1nto pesa la cobard\u00eda - El Diario - Bolivia\",\"isPartOf\":{\"@id\":\"https:\\\/\\\/www.eldiario.net\\\/portal\\\/#website\"},\"primaryImageOfPage\":{\"@id\":\"https:\\\/\\\/www.eldiario.net\\\/portal\\\/2026\\\/04\\\/16\\\/cuanto-pesa-la-cobardia\\\/#primaryimage\"},\"image\":{\"@id\":\"https:\\\/\\\/www.eldiario.net\\\/portal\\\/2026\\\/04\\\/16\\\/cuanto-pesa-la-cobardia\\\/#primaryimage\"},\"thumbnailUrl\":\"https:\\\/\\\/www.eldiario.net\\\/portal\\\/wp-content\\\/uploads\\\/2023\\\/06\\\/Alvaro-Riveros-Tejada.jpg\",\"datePublished\":\"2026-04-16T10:20:03+00:00\",\"breadcrumb\":{\"@id\":\"https:\\\/\\\/www.eldiario.net\\\/portal\\\/2026\\\/04\\\/16\\\/cuanto-pesa-la-cobardia\\\/#breadcrumb\"},\"inLanguage\":\"es\",\"potentialAction\":[{\"@type\":\"ReadAction\",\"target\":[\"https:\\\/\\\/www.eldiario.net\\\/portal\\\/2026\\\/04\\\/16\\\/cuanto-pesa-la-cobardia\\\/\"]}]},{\"@type\":\"ImageObject\",\"inLanguage\":\"es\",\"@id\":\"https:\\\/\\\/www.eldiario.net\\\/portal\\\/2026\\\/04\\\/16\\\/cuanto-pesa-la-cobardia\\\/#primaryimage\",\"url\":\"https:\\\/\\\/www.eldiario.net\\\/portal\\\/wp-content\\\/uploads\\\/2023\\\/06\\\/Alvaro-Riveros-Tejada.jpg\",\"contentUrl\":\"https:\\\/\\\/www.eldiario.net\\\/portal\\\/wp-content\\\/uploads\\\/2023\\\/06\\\/Alvaro-Riveros-Tejada.jpg\",\"width\":1200,\"height\":628},{\"@type\":\"BreadcrumbList\",\"@id\":\"https:\\\/\\\/www.eldiario.net\\\/portal\\\/2026\\\/04\\\/16\\\/cuanto-pesa-la-cobardia\\\/#breadcrumb\",\"itemListElement\":[{\"@type\":\"ListItem\",\"position\":1,\"name\":\"Portada\",\"item\":\"https:\\\/\\\/www.eldiario.net\\\/portal\\\/\"},{\"@type\":\"ListItem\",\"position\":2,\"name\":\"Cu\u00e1nto pesa la cobard\u00eda\"}]},{\"@type\":\"WebSite\",\"@id\":\"https:\\\/\\\/www.eldiario.net\\\/portal\\\/#website\",\"url\":\"https:\\\/\\\/www.eldiario.net\\\/portal\\\/\",\"name\":\"El Diario - Decano de la prensa nacional\",\"description\":\"El Diario - Decano de la prensa nacional\",\"publisher\":{\"@id\":\"https:\\\/\\\/www.eldiario.net\\\/portal\\\/#organization\"},\"potentialAction\":[{\"@type\":\"SearchAction\",\"target\":{\"@type\":\"EntryPoint\",\"urlTemplate\":\"https:\\\/\\\/www.eldiario.net\\\/portal\\\/?s={search_term_string}\"},\"query-input\":{\"@type\":\"PropertyValueSpecification\",\"valueRequired\":true,\"valueName\":\"search_term_string\"}}],\"inLanguage\":\"es\"},{\"@type\":\"Organization\",\"@id\":\"https:\\\/\\\/www.eldiario.net\\\/portal\\\/#organization\",\"name\":\"El Diario - Decano de la prensa nacional\",\"url\":\"https:\\\/\\\/www.eldiario.net\\\/portal\\\/\",\"logo\":{\"@type\":\"ImageObject\",\"inLanguage\":\"es\",\"@id\":\"https:\\\/\\\/www.eldiario.net\\\/portal\\\/#\\\/schema\\\/logo\\\/image\\\/\",\"url\":\"https:\\\/\\\/www.eldiario.net\\\/portal\\\/wp-content\\\/uploads\\\/2023\\\/07\\\/logo_ED.jpg\",\"contentUrl\":\"https:\\\/\\\/www.eldiario.net\\\/portal\\\/wp-content\\\/uploads\\\/2023\\\/07\\\/logo_ED.jpg\",\"width\":272,\"height\":52,\"caption\":\"El Diario - Decano de la prensa nacional\"},\"image\":{\"@id\":\"https:\\\/\\\/www.eldiario.net\\\/portal\\\/#\\\/schema\\\/logo\\\/image\\\/\"},\"sameAs\":[\"https:\\\/\\\/www.facebook.com\\\/eldiario.bolivia\\\/\",\"https:\\\/\\\/x.com\\\/eldiario_net\"]},{\"@type\":\"Person\",\"@id\":\"https:\\\/\\\/www.eldiario.net\\\/portal\\\/#\\\/schema\\\/person\\\/2c57cf2b7a7ae032e449e4c9b1019eac\",\"name\":\"Jeanette\",\"image\":{\"@type\":\"ImageObject\",\"inLanguage\":\"es\",\"@id\":\"https:\\\/\\\/secure.gravatar.com\\\/avatar\\\/3ea2118a5f7dad2b7138b1187a6b7ee55f160b9968b66013c3a3ef39dd7e5798?s=96&d=mm&r=g\",\"url\":\"https:\\\/\\\/secure.gravatar.com\\\/avatar\\\/3ea2118a5f7dad2b7138b1187a6b7ee55f160b9968b66013c3a3ef39dd7e5798?s=96&d=mm&r=g\",\"contentUrl\":\"https:\\\/\\\/secure.gravatar.com\\\/avatar\\\/3ea2118a5f7dad2b7138b1187a6b7ee55f160b9968b66013c3a3ef39dd7e5798?s=96&d=mm&r=g\",\"caption\":\"Jeanette\"},\"sameAs\":[\"https:\\\/\\\/www.eldiario.net\\\/portal\"],\"url\":\"https:\\\/\\\/www.eldiario.net\\\/portal\\\/author\\\/jeanette\\\/\"}]}<\/script>\n<!-- \/ Yoast SEO plugin. -->","yoast_head_json":{"title":"Cu\u00e1nto pesa la cobard\u00eda - El Diario - Bolivia","robots":{"index":"index","follow":"follow","max-snippet":"max-snippet:-1","max-image-preview":"max-image-preview:large","max-video-preview":"max-video-preview:-1"},"canonical":"https:\/\/www.eldiario.net\/portal\/2026\/04\/16\/cuanto-pesa-la-cobardia\/","og_locale":"es_ES","og_type":"article","og_title":"Cu\u00e1nto pesa la cobard\u00eda - El Diario - Bolivia","og_description":"Durante veinte a\u00f1os de nuestra vida republicana, que no son una minucia, pues para muchos esos 20 a\u00f1os son una vida entera, sino media vida, hemos pasado por dos gobiernos castrochavistas, populistas de izquierda, satrap\u00edas que pasaron por nuestra historia como una pesadilla y sin oposici\u00f3n alguna, lo que les permiti\u00f3 hacer, deshacer, poner y [&hellip;]","og_url":"https:\/\/www.eldiario.net\/portal\/2026\/04\/16\/cuanto-pesa-la-cobardia\/","og_site_name":"El Diario - Bolivia","article_publisher":"https:\/\/www.facebook.com\/eldiario.bolivia\/","article_published_time":"2026-04-16T10:20:03+00:00","og_image":[{"width":1200,"height":628,"url":"https:\/\/www.eldiario.net\/portal\/wp-content\/uploads\/2023\/06\/Alvaro-Riveros-Tejada.jpg","type":"image\/jpeg"}],"author":"Jeanette","twitter_card":"summary_large_image","twitter_creator":"@eldiario_net","twitter_site":"@eldiario_net","twitter_misc":{"Escrito por":"Jeanette","Tiempo de lectura":"3 minutos"},"schema":{"@context":"https:\/\/schema.org","@graph":[{"@type":"Article","@id":"https:\/\/www.eldiario.net\/portal\/2026\/04\/16\/cuanto-pesa-la-cobardia\/#article","isPartOf":{"@id":"https:\/\/www.eldiario.net\/portal\/2026\/04\/16\/cuanto-pesa-la-cobardia\/"},"author":{"name":"Jeanette","@id":"https:\/\/www.eldiario.net\/portal\/#\/schema\/person\/2c57cf2b7a7ae032e449e4c9b1019eac"},"headline":"Cu\u00e1nto pesa la cobard\u00eda","datePublished":"2026-04-16T10:20:03+00:00","mainEntityOfPage":{"@id":"https:\/\/www.eldiario.net\/portal\/2026\/04\/16\/cuanto-pesa-la-cobardia\/"},"wordCount":625,"publisher":{"@id":"https:\/\/www.eldiario.net\/portal\/#organization"},"image":{"@id":"https:\/\/www.eldiario.net\/portal\/2026\/04\/16\/cuanto-pesa-la-cobardia\/#primaryimage"},"thumbnailUrl":"https:\/\/www.eldiario.net\/portal\/wp-content\/uploads\/2023\/06\/Alvaro-Riveros-Tejada.jpg","articleSection":["Opini\u00f3n"],"inLanguage":"es"},{"@type":"WebPage","@id":"https:\/\/www.eldiario.net\/portal\/2026\/04\/16\/cuanto-pesa-la-cobardia\/","url":"https:\/\/www.eldiario.net\/portal\/2026\/04\/16\/cuanto-pesa-la-cobardia\/","name":"Cu\u00e1nto pesa la cobard\u00eda - El Diario - Bolivia","isPartOf":{"@id":"https:\/\/www.eldiario.net\/portal\/#website"},"primaryImageOfPage":{"@id":"https:\/\/www.eldiario.net\/portal\/2026\/04\/16\/cuanto-pesa-la-cobardia\/#primaryimage"},"image":{"@id":"https:\/\/www.eldiario.net\/portal\/2026\/04\/16\/cuanto-pesa-la-cobardia\/#primaryimage"},"thumbnailUrl":"https:\/\/www.eldiario.net\/portal\/wp-content\/uploads\/2023\/06\/Alvaro-Riveros-Tejada.jpg","datePublished":"2026-04-16T10:20:03+00:00","breadcrumb":{"@id":"https:\/\/www.eldiario.net\/portal\/2026\/04\/16\/cuanto-pesa-la-cobardia\/#breadcrumb"},"inLanguage":"es","potentialAction":[{"@type":"ReadAction","target":["https:\/\/www.eldiario.net\/portal\/2026\/04\/16\/cuanto-pesa-la-cobardia\/"]}]},{"@type":"ImageObject","inLanguage":"es","@id":"https:\/\/www.eldiario.net\/portal\/2026\/04\/16\/cuanto-pesa-la-cobardia\/#primaryimage","url":"https:\/\/www.eldiario.net\/portal\/wp-content\/uploads\/2023\/06\/Alvaro-Riveros-Tejada.jpg","contentUrl":"https:\/\/www.eldiario.net\/portal\/wp-content\/uploads\/2023\/06\/Alvaro-Riveros-Tejada.jpg","width":1200,"height":628},{"@type":"BreadcrumbList","@id":"https:\/\/www.eldiario.net\/portal\/2026\/04\/16\/cuanto-pesa-la-cobardia\/#breadcrumb","itemListElement":[{"@type":"ListItem","position":1,"name":"Portada","item":"https:\/\/www.eldiario.net\/portal\/"},{"@type":"ListItem","position":2,"name":"Cu\u00e1nto pesa la cobard\u00eda"}]},{"@type":"WebSite","@id":"https:\/\/www.eldiario.net\/portal\/#website","url":"https:\/\/www.eldiario.net\/portal\/","name":"El Diario - Decano de la prensa nacional","description":"El Diario - Decano de la prensa nacional","publisher":{"@id":"https:\/\/www.eldiario.net\/portal\/#organization"},"potentialAction":[{"@type":"SearchAction","target":{"@type":"EntryPoint","urlTemplate":"https:\/\/www.eldiario.net\/portal\/?s={search_term_string}"},"query-input":{"@type":"PropertyValueSpecification","valueRequired":true,"valueName":"search_term_string"}}],"inLanguage":"es"},{"@type":"Organization","@id":"https:\/\/www.eldiario.net\/portal\/#organization","name":"El Diario - Decano de la prensa nacional","url":"https:\/\/www.eldiario.net\/portal\/","logo":{"@type":"ImageObject","inLanguage":"es","@id":"https:\/\/www.eldiario.net\/portal\/#\/schema\/logo\/image\/","url":"https:\/\/www.eldiario.net\/portal\/wp-content\/uploads\/2023\/07\/logo_ED.jpg","contentUrl":"https:\/\/www.eldiario.net\/portal\/wp-content\/uploads\/2023\/07\/logo_ED.jpg","width":272,"height":52,"caption":"El Diario - Decano de la prensa nacional"},"image":{"@id":"https:\/\/www.eldiario.net\/portal\/#\/schema\/logo\/image\/"},"sameAs":["https:\/\/www.facebook.com\/eldiario.bolivia\/","https:\/\/x.com\/eldiario_net"]},{"@type":"Person","@id":"https:\/\/www.eldiario.net\/portal\/#\/schema\/person\/2c57cf2b7a7ae032e449e4c9b1019eac","name":"Jeanette","image":{"@type":"ImageObject","inLanguage":"es","@id":"https:\/\/secure.gravatar.com\/avatar\/3ea2118a5f7dad2b7138b1187a6b7ee55f160b9968b66013c3a3ef39dd7e5798?s=96&d=mm&r=g","url":"https:\/\/secure.gravatar.com\/avatar\/3ea2118a5f7dad2b7138b1187a6b7ee55f160b9968b66013c3a3ef39dd7e5798?s=96&d=mm&r=g","contentUrl":"https:\/\/secure.gravatar.com\/avatar\/3ea2118a5f7dad2b7138b1187a6b7ee55f160b9968b66013c3a3ef39dd7e5798?s=96&d=mm&r=g","caption":"Jeanette"},"sameAs":["https:\/\/www.eldiario.net\/portal"],"url":"https:\/\/www.eldiario.net\/portal\/author\/jeanette\/"}]}},"_links":{"self":[{"href":"https:\/\/www.eldiario.net\/portal\/wp-json\/wp\/v2\/posts\/385494","targetHints":{"allow":["GET"]}}],"collection":[{"href":"https:\/\/www.eldiario.net\/portal\/wp-json\/wp\/v2\/posts"}],"about":[{"href":"https:\/\/www.eldiario.net\/portal\/wp-json\/wp\/v2\/types\/post"}],"author":[{"embeddable":true,"href":"https:\/\/www.eldiario.net\/portal\/wp-json\/wp\/v2\/users\/1"}],"replies":[{"embeddable":true,"href":"https:\/\/www.eldiario.net\/portal\/wp-json\/wp\/v2\/comments?post=385494"}],"version-history":[{"count":1,"href":"https:\/\/www.eldiario.net\/portal\/wp-json\/wp\/v2\/posts\/385494\/revisions"}],"predecessor-version":[{"id":385495,"href":"https:\/\/www.eldiario.net\/portal\/wp-json\/wp\/v2\/posts\/385494\/revisions\/385495"}],"wp:featuredmedia":[{"embeddable":true,"href":"https:\/\/www.eldiario.net\/portal\/wp-json\/wp\/v2\/media\/157469"}],"wp:attachment":[{"href":"https:\/\/www.eldiario.net\/portal\/wp-json\/wp\/v2\/media?parent=385494"}],"wp:term":[{"taxonomy":"category","embeddable":true,"href":"https:\/\/www.eldiario.net\/portal\/wp-json\/wp\/v2\/categories?post=385494"},{"taxonomy":"post_tag","embeddable":true,"href":"https:\/\/www.eldiario.net\/portal\/wp-json\/wp\/v2\/tags?post=385494"}],"curies":[{"name":"wp","href":"https:\/\/api.w.org\/{rel}","templated":true}]}}