{"id":384822,"date":"2026-04-13T09:00:31","date_gmt":"2026-04-13T13:00:31","guid":{"rendered":"https:\/\/www.eldiario.net\/portal\/?p=384822"},"modified":"2026-04-13T09:00:31","modified_gmt":"2026-04-13T13:00:31","slug":"bolivia-seguiria-en-recesion-en-2026-pese-a-ajustes-del-gobierno-advierten-analistas-0900","status":"publish","type":"post","link":"https:\/\/www.eldiario.net\/portal\/2026\/04\/13\/bolivia-seguiria-en-recesion-en-2026-pese-a-ajustes-del-gobierno-advierten-analistas-0900\/","title":{"rendered":"Bolivia seguir\u00eda en recesi\u00f3n en 2026 pese a ajustes del Gobierno, advierten analistas (09:00)"},"content":{"rendered":"<p>Bolivia se mantendr\u00eda en recesi\u00f3n en 2026 pese a las medidas del Gobierno, debido a desequilibrios estructurales como la ca\u00edda del gas, escasez de d\u00f3lares, alto d\u00e9ficit fiscal y baja inversi\u00f3n privada, seg\u00fan un an\u00e1lisis difundido por Bloomberg L\u00ednea. Estos factores contin\u00faan frenando el crecimiento y debilitando la confianza econ\u00f3mica.<\/p>\n<p>El economista Fernando Romero afirm\u00f3 que el pa\u00eds ya habr\u00eda entrado en recesi\u00f3n en 2025 y que la debilidad persistir\u00e1 por problemas internos no resueltos. Aunque se prev\u00e9 un crecimiento del 4% tras una ca\u00edda, advirti\u00f3 que ser\u00eda solo un \u201crebote\u201d y no una recuperaci\u00f3n real.<\/p>\n<p>Desde el Instituto de Finanzas Internacionales, Jonathan Fortun se\u00f1al\u00f3 que las medidas del Gobierno ayudan \u201cen el margen\u201d, pero no cambian el problema de fondo. Advirti\u00f3 que el crecimiento ser\u00e1 bajo y fr\u00e1gil, en un contexto de menor ingreso de divisas, restricciones externas y limitado espacio fiscal.<\/p>\n<p>Analistas coinciden en que, sin reformas estructurales y un ajuste fiscal m\u00e1s profundo, Bolivia seguir\u00e1 enfrentando bajo crecimiento y riesgo de prolongar la recesi\u00f3n en los pr\u00f3ximos a\u00f1os.<\/p>\n<p>V\u00eda Bloomberg<\/p>\n","protected":false},"excerpt":{"rendered":"<p>Bolivia se mantendr\u00eda en recesi\u00f3n en 2026 pese a las medidas del Gobierno, debido a desequilibrios estructurales como la ca\u00edda del gas, escasez de d\u00f3lares, alto d\u00e9ficit fiscal y baja inversi\u00f3n privada, seg\u00fan un an\u00e1lisis difundido por Bloomberg L\u00ednea. Estos factores contin\u00faan frenando el crecimiento y debilitando la confianza econ\u00f3mica. El economista Fernando Romero afirm\u00f3 [&hellip;]<\/p>\n","protected":false},"author":7,"featured_media":384826,"comment_status":"closed","ping_status":"open","sticky":false,"template":"","format":"standard","meta":{"_acf_changed":false,"footnotes":""},"categories":[51],"tags":[],"class_list":["post-384822","post","type-post","status-publish","format-standard","has-post-thumbnail","category-ultima-hora"],"acf":{"antetitulo":""},"yoast_head":"<!-- This site is optimized with the Yoast SEO plugin v28.4 - https:\/\/yoast.com\/product\/yoast-seo-wordpress\/ -->\n<title>Bolivia seguir\u00eda en recesi\u00f3n en 2026 pese a ajustes del Gobierno, advierten analistas (09:00) - El Diario - Bolivia<\/title>\n<meta name=\"robots\" content=\"index, follow, max-snippet:-1, max-image-preview:large, max-video-preview:-1\" \/>\n<link rel=\"canonical\" href=\"https:\/\/www.eldiario.net\/portal\/2026\/04\/13\/bolivia-seguiria-en-recesion-en-2026-pese-a-ajustes-del-gobierno-advierten-analistas-0900\/\" \/>\n<meta property=\"og:locale\" content=\"es_ES\" \/>\n<meta property=\"og:type\" content=\"article\" \/>\n<meta property=\"og:title\" content=\"Bolivia seguir\u00eda en recesi\u00f3n en 2026 pese a ajustes del Gobierno, advierten analistas (09:00) - El Diario - Bolivia\" \/>\n<meta property=\"og:description\" content=\"Bolivia se mantendr\u00eda en recesi\u00f3n en 2026 pese a las medidas del Gobierno, debido a desequilibrios estructurales como la ca\u00edda del gas, escasez de d\u00f3lares, alto d\u00e9ficit fiscal y baja inversi\u00f3n privada, seg\u00fan un an\u00e1lisis difundido por Bloomberg L\u00ednea. Estos factores contin\u00faan frenando el crecimiento y debilitando la confianza econ\u00f3mica. El economista Fernando Romero afirm\u00f3 [&hellip;]\" \/>\n<meta property=\"og:url\" content=\"https:\/\/www.eldiario.net\/portal\/2026\/04\/13\/bolivia-seguiria-en-recesion-en-2026-pese-a-ajustes-del-gobierno-advierten-analistas-0900\/\" \/>\n<meta property=\"og:site_name\" content=\"El Diario - Bolivia\" \/>\n<meta property=\"article:publisher\" content=\"https:\/\/www.facebook.com\/eldiario.bolivia\/\" \/>\n<meta property=\"article:published_time\" content=\"2026-04-13T13:00:31+00:00\" \/>\n<meta property=\"og:image\" content=\"https:\/\/www.eldiario.net\/portal\/wp-content\/uploads\/2026\/04\/dinero-13.04.26-copia.webp\" \/>\n\t<meta property=\"og:image:width\" content=\"570\" \/>\n\t<meta property=\"og:image:height\" content=\"368\" \/>\n\t<meta property=\"og:image:type\" content=\"image\/webp\" \/>\n<meta name=\"author\" content=\"Viviana Monrroy\" \/>\n<meta name=\"twitter:card\" content=\"summary_large_image\" \/>\n<meta name=\"twitter:creator\" content=\"@eldiario_net\" \/>\n<meta name=\"twitter:site\" content=\"@eldiario_net\" \/>\n<meta name=\"twitter:label1\" content=\"Escrito por\" \/>\n\t<meta name=\"twitter:data1\" content=\"Viviana Monrroy\" \/>\n\t<meta name=\"twitter:label2\" content=\"Tiempo de lectura\" \/>\n\t<meta name=\"twitter:data2\" content=\"1 minuto\" \/>\n<script type=\"application\/ld+json\" class=\"yoast-schema-graph\">{\"@context\":\"https:\\\/\\\/schema.org\",\"@graph\":[{\"@type\":\"Article\",\"@id\":\"https:\\\/\\\/www.eldiario.net\\\/portal\\\/2026\\\/04\\\/13\\\/bolivia-seguiria-en-recesion-en-2026-pese-a-ajustes-del-gobierno-advierten-analistas-0900\\\/#article\",\"isPartOf\":{\"@id\":\"https:\\\/\\\/www.eldiario.net\\\/portal\\\/2026\\\/04\\\/13\\\/bolivia-seguiria-en-recesion-en-2026-pese-a-ajustes-del-gobierno-advierten-analistas-0900\\\/\"},\"author\":{\"name\":\"Viviana Monrroy\",\"@id\":\"https:\\\/\\\/www.eldiario.net\\\/portal\\\/#\\\/schema\\\/person\\\/32cc89e801dfcbad3a54f91da7f2ea06\"},\"headline\":\"Bolivia seguir\u00eda en recesi\u00f3n en 2026 pese a ajustes del Gobierno, advierten analistas (09:00)\",\"datePublished\":\"2026-04-13T13:00:31+00:00\",\"mainEntityOfPage\":{\"@id\":\"https:\\\/\\\/www.eldiario.net\\\/portal\\\/2026\\\/04\\\/13\\\/bolivia-seguiria-en-recesion-en-2026-pese-a-ajustes-del-gobierno-advierten-analistas-0900\\\/\"},\"wordCount\":208,\"publisher\":{\"@id\":\"https:\\\/\\\/www.eldiario.net\\\/portal\\\/#organization\"},\"image\":{\"@id\":\"https:\\\/\\\/www.eldiario.net\\\/portal\\\/2026\\\/04\\\/13\\\/bolivia-seguiria-en-recesion-en-2026-pese-a-ajustes-del-gobierno-advierten-analistas-0900\\\/#primaryimage\"},\"thumbnailUrl\":\"https:\\\/\\\/www.eldiario.net\\\/portal\\\/wp-content\\\/uploads\\\/2026\\\/04\\\/dinero-13.04.26-copia.webp\",\"articleSection\":[\"\u00daltima Hora\"],\"inLanguage\":\"es\"},{\"@type\":\"WebPage\",\"@id\":\"https:\\\/\\\/www.eldiario.net\\\/portal\\\/2026\\\/04\\\/13\\\/bolivia-seguiria-en-recesion-en-2026-pese-a-ajustes-del-gobierno-advierten-analistas-0900\\\/\",\"url\":\"https:\\\/\\\/www.eldiario.net\\\/portal\\\/2026\\\/04\\\/13\\\/bolivia-seguiria-en-recesion-en-2026-pese-a-ajustes-del-gobierno-advierten-analistas-0900\\\/\",\"name\":\"Bolivia seguir\u00eda en recesi\u00f3n en 2026 pese a ajustes del Gobierno, advierten analistas (09:00) - El Diario - Bolivia\",\"isPartOf\":{\"@id\":\"https:\\\/\\\/www.eldiario.net\\\/portal\\\/#website\"},\"primaryImageOfPage\":{\"@id\":\"https:\\\/\\\/www.eldiario.net\\\/portal\\\/2026\\\/04\\\/13\\\/bolivia-seguiria-en-recesion-en-2026-pese-a-ajustes-del-gobierno-advierten-analistas-0900\\\/#primaryimage\"},\"image\":{\"@id\":\"https:\\\/\\\/www.eldiario.net\\\/portal\\\/2026\\\/04\\\/13\\\/bolivia-seguiria-en-recesion-en-2026-pese-a-ajustes-del-gobierno-advierten-analistas-0900\\\/#primaryimage\"},\"thumbnailUrl\":\"https:\\\/\\\/www.eldiario.net\\\/portal\\\/wp-content\\\/uploads\\\/2026\\\/04\\\/dinero-13.04.26-copia.webp\",\"datePublished\":\"2026-04-13T13:00:31+00:00\",\"breadcrumb\":{\"@id\":\"https:\\\/\\\/www.eldiario.net\\\/portal\\\/2026\\\/04\\\/13\\\/bolivia-seguiria-en-recesion-en-2026-pese-a-ajustes-del-gobierno-advierten-analistas-0900\\\/#breadcrumb\"},\"inLanguage\":\"es\",\"potentialAction\":[{\"@type\":\"ReadAction\",\"target\":[\"https:\\\/\\\/www.eldiario.net\\\/portal\\\/2026\\\/04\\\/13\\\/bolivia-seguiria-en-recesion-en-2026-pese-a-ajustes-del-gobierno-advierten-analistas-0900\\\/\"]}]},{\"@type\":\"ImageObject\",\"inLanguage\":\"es\",\"@id\":\"https:\\\/\\\/www.eldiario.net\\\/portal\\\/2026\\\/04\\\/13\\\/bolivia-seguiria-en-recesion-en-2026-pese-a-ajustes-del-gobierno-advierten-analistas-0900\\\/#primaryimage\",\"url\":\"https:\\\/\\\/www.eldiario.net\\\/portal\\\/wp-content\\\/uploads\\\/2026\\\/04\\\/dinero-13.04.26-copia.webp\",\"contentUrl\":\"https:\\\/\\\/www.eldiario.net\\\/portal\\\/wp-content\\\/uploads\\\/2026\\\/04\\\/dinero-13.04.26-copia.webp\",\"width\":570,\"height\":368},{\"@type\":\"BreadcrumbList\",\"@id\":\"https:\\\/\\\/www.eldiario.net\\\/portal\\\/2026\\\/04\\\/13\\\/bolivia-seguiria-en-recesion-en-2026-pese-a-ajustes-del-gobierno-advierten-analistas-0900\\\/#breadcrumb\",\"itemListElement\":[{\"@type\":\"ListItem\",\"position\":1,\"name\":\"Portada\",\"item\":\"https:\\\/\\\/www.eldiario.net\\\/portal\\\/\"},{\"@type\":\"ListItem\",\"position\":2,\"name\":\"Bolivia seguir\u00eda en recesi\u00f3n en 2026 pese a ajustes del Gobierno, advierten analistas (09:00)\"}]},{\"@type\":\"WebSite\",\"@id\":\"https:\\\/\\\/www.eldiario.net\\\/portal\\\/#website\",\"url\":\"https:\\\/\\\/www.eldiario.net\\\/portal\\\/\",\"name\":\"El Diario - Decano de la prensa nacional\",\"description\":\"El Diario - Decano de la prensa nacional\",\"publisher\":{\"@id\":\"https:\\\/\\\/www.eldiario.net\\\/portal\\\/#organization\"},\"potentialAction\":[{\"@type\":\"SearchAction\",\"target\":{\"@type\":\"EntryPoint\",\"urlTemplate\":\"https:\\\/\\\/www.eldiario.net\\\/portal\\\/?s={search_term_string}\"},\"query-input\":{\"@type\":\"PropertyValueSpecification\",\"valueRequired\":true,\"valueName\":\"search_term_string\"}}],\"inLanguage\":\"es\"},{\"@type\":\"Organization\",\"@id\":\"https:\\\/\\\/www.eldiario.net\\\/portal\\\/#organization\",\"name\":\"El Diario - Decano de la prensa nacional\",\"url\":\"https:\\\/\\\/www.eldiario.net\\\/portal\\\/\",\"logo\":{\"@type\":\"ImageObject\",\"inLanguage\":\"es\",\"@id\":\"https:\\\/\\\/www.eldiario.net\\\/portal\\\/#\\\/schema\\\/logo\\\/image\\\/\",\"url\":\"https:\\\/\\\/www.eldiario.net\\\/portal\\\/wp-content\\\/uploads\\\/2023\\\/07\\\/logo_ED.jpg\",\"contentUrl\":\"https:\\\/\\\/www.eldiario.net\\\/portal\\\/wp-content\\\/uploads\\\/2023\\\/07\\\/logo_ED.jpg\",\"width\":272,\"height\":52,\"caption\":\"El Diario - Decano de la prensa nacional\"},\"image\":{\"@id\":\"https:\\\/\\\/www.eldiario.net\\\/portal\\\/#\\\/schema\\\/logo\\\/image\\\/\"},\"sameAs\":[\"https:\\\/\\\/www.facebook.com\\\/eldiario.bolivia\\\/\",\"https:\\\/\\\/x.com\\\/eldiario_net\"]},{\"@type\":\"Person\",\"@id\":\"https:\\\/\\\/www.eldiario.net\\\/portal\\\/#\\\/schema\\\/person\\\/32cc89e801dfcbad3a54f91da7f2ea06\",\"name\":\"Viviana Monrroy\",\"image\":{\"@type\":\"ImageObject\",\"inLanguage\":\"es\",\"@id\":\"https:\\\/\\\/secure.gravatar.com\\\/avatar\\\/dfd1611ed5600959a0e5a9754503b6c05d1dcf190010998e0363aee2ad98afca?s=96&d=mm&r=g\",\"url\":\"https:\\\/\\\/secure.gravatar.com\\\/avatar\\\/dfd1611ed5600959a0e5a9754503b6c05d1dcf190010998e0363aee2ad98afca?s=96&d=mm&r=g\",\"contentUrl\":\"https:\\\/\\\/secure.gravatar.com\\\/avatar\\\/dfd1611ed5600959a0e5a9754503b6c05d1dcf190010998e0363aee2ad98afca?s=96&d=mm&r=g\",\"caption\":\"Viviana Monrroy\"},\"sameAs\":[\"http:\\\/\\\/www.eldiario.net\"],\"url\":\"https:\\\/\\\/www.eldiario.net\\\/portal\\\/author\\\/vivianamonrroy\\\/\"}]}<\/script>\n<!-- \/ Yoast SEO plugin. -->","yoast_head_json":{"title":"Bolivia seguir\u00eda en recesi\u00f3n en 2026 pese a ajustes del Gobierno, advierten analistas (09:00) - El Diario - Bolivia","robots":{"index":"index","follow":"follow","max-snippet":"max-snippet:-1","max-image-preview":"max-image-preview:large","max-video-preview":"max-video-preview:-1"},"canonical":"https:\/\/www.eldiario.net\/portal\/2026\/04\/13\/bolivia-seguiria-en-recesion-en-2026-pese-a-ajustes-del-gobierno-advierten-analistas-0900\/","og_locale":"es_ES","og_type":"article","og_title":"Bolivia seguir\u00eda en recesi\u00f3n en 2026 pese a ajustes del Gobierno, advierten analistas (09:00) - El Diario - Bolivia","og_description":"Bolivia se mantendr\u00eda en recesi\u00f3n en 2026 pese a las medidas del Gobierno, debido a desequilibrios estructurales como la ca\u00edda del gas, escasez de d\u00f3lares, alto d\u00e9ficit fiscal y baja inversi\u00f3n privada, seg\u00fan un an\u00e1lisis difundido por Bloomberg L\u00ednea. Estos factores contin\u00faan frenando el crecimiento y debilitando la confianza econ\u00f3mica. El economista Fernando Romero afirm\u00f3 [&hellip;]","og_url":"https:\/\/www.eldiario.net\/portal\/2026\/04\/13\/bolivia-seguiria-en-recesion-en-2026-pese-a-ajustes-del-gobierno-advierten-analistas-0900\/","og_site_name":"El Diario - Bolivia","article_publisher":"https:\/\/www.facebook.com\/eldiario.bolivia\/","article_published_time":"2026-04-13T13:00:31+00:00","og_image":[{"width":570,"height":368,"url":"https:\/\/www.eldiario.net\/portal\/wp-content\/uploads\/2026\/04\/dinero-13.04.26-copia.webp","type":"image\/webp"}],"author":"Viviana Monrroy","twitter_card":"summary_large_image","twitter_creator":"@eldiario_net","twitter_site":"@eldiario_net","twitter_misc":{"Escrito por":"Viviana Monrroy","Tiempo de lectura":"1 minuto"},"schema":{"@context":"https:\/\/schema.org","@graph":[{"@type":"Article","@id":"https:\/\/www.eldiario.net\/portal\/2026\/04\/13\/bolivia-seguiria-en-recesion-en-2026-pese-a-ajustes-del-gobierno-advierten-analistas-0900\/#article","isPartOf":{"@id":"https:\/\/www.eldiario.net\/portal\/2026\/04\/13\/bolivia-seguiria-en-recesion-en-2026-pese-a-ajustes-del-gobierno-advierten-analistas-0900\/"},"author":{"name":"Viviana Monrroy","@id":"https:\/\/www.eldiario.net\/portal\/#\/schema\/person\/32cc89e801dfcbad3a54f91da7f2ea06"},"headline":"Bolivia seguir\u00eda en recesi\u00f3n en 2026 pese a ajustes del Gobierno, advierten analistas (09:00)","datePublished":"2026-04-13T13:00:31+00:00","mainEntityOfPage":{"@id":"https:\/\/www.eldiario.net\/portal\/2026\/04\/13\/bolivia-seguiria-en-recesion-en-2026-pese-a-ajustes-del-gobierno-advierten-analistas-0900\/"},"wordCount":208,"publisher":{"@id":"https:\/\/www.eldiario.net\/portal\/#organization"},"image":{"@id":"https:\/\/www.eldiario.net\/portal\/2026\/04\/13\/bolivia-seguiria-en-recesion-en-2026-pese-a-ajustes-del-gobierno-advierten-analistas-0900\/#primaryimage"},"thumbnailUrl":"https:\/\/www.eldiario.net\/portal\/wp-content\/uploads\/2026\/04\/dinero-13.04.26-copia.webp","articleSection":["\u00daltima Hora"],"inLanguage":"es"},{"@type":"WebPage","@id":"https:\/\/www.eldiario.net\/portal\/2026\/04\/13\/bolivia-seguiria-en-recesion-en-2026-pese-a-ajustes-del-gobierno-advierten-analistas-0900\/","url":"https:\/\/www.eldiario.net\/portal\/2026\/04\/13\/bolivia-seguiria-en-recesion-en-2026-pese-a-ajustes-del-gobierno-advierten-analistas-0900\/","name":"Bolivia seguir\u00eda en recesi\u00f3n en 2026 pese a ajustes del Gobierno, advierten analistas (09:00) - El Diario - Bolivia","isPartOf":{"@id":"https:\/\/www.eldiario.net\/portal\/#website"},"primaryImageOfPage":{"@id":"https:\/\/www.eldiario.net\/portal\/2026\/04\/13\/bolivia-seguiria-en-recesion-en-2026-pese-a-ajustes-del-gobierno-advierten-analistas-0900\/#primaryimage"},"image":{"@id":"https:\/\/www.eldiario.net\/portal\/2026\/04\/13\/bolivia-seguiria-en-recesion-en-2026-pese-a-ajustes-del-gobierno-advierten-analistas-0900\/#primaryimage"},"thumbnailUrl":"https:\/\/www.eldiario.net\/portal\/wp-content\/uploads\/2026\/04\/dinero-13.04.26-copia.webp","datePublished":"2026-04-13T13:00:31+00:00","breadcrumb":{"@id":"https:\/\/www.eldiario.net\/portal\/2026\/04\/13\/bolivia-seguiria-en-recesion-en-2026-pese-a-ajustes-del-gobierno-advierten-analistas-0900\/#breadcrumb"},"inLanguage":"es","potentialAction":[{"@type":"ReadAction","target":["https:\/\/www.eldiario.net\/portal\/2026\/04\/13\/bolivia-seguiria-en-recesion-en-2026-pese-a-ajustes-del-gobierno-advierten-analistas-0900\/"]}]},{"@type":"ImageObject","inLanguage":"es","@id":"https:\/\/www.eldiario.net\/portal\/2026\/04\/13\/bolivia-seguiria-en-recesion-en-2026-pese-a-ajustes-del-gobierno-advierten-analistas-0900\/#primaryimage","url":"https:\/\/www.eldiario.net\/portal\/wp-content\/uploads\/2026\/04\/dinero-13.04.26-copia.webp","contentUrl":"https:\/\/www.eldiario.net\/portal\/wp-content\/uploads\/2026\/04\/dinero-13.04.26-copia.webp","width":570,"height":368},{"@type":"BreadcrumbList","@id":"https:\/\/www.eldiario.net\/portal\/2026\/04\/13\/bolivia-seguiria-en-recesion-en-2026-pese-a-ajustes-del-gobierno-advierten-analistas-0900\/#breadcrumb","itemListElement":[{"@type":"ListItem","position":1,"name":"Portada","item":"https:\/\/www.eldiario.net\/portal\/"},{"@type":"ListItem","position":2,"name":"Bolivia seguir\u00eda en recesi\u00f3n en 2026 pese a ajustes del Gobierno, advierten analistas (09:00)"}]},{"@type":"WebSite","@id":"https:\/\/www.eldiario.net\/portal\/#website","url":"https:\/\/www.eldiario.net\/portal\/","name":"El Diario - Decano de la prensa nacional","description":"El Diario - Decano de la prensa nacional","publisher":{"@id":"https:\/\/www.eldiario.net\/portal\/#organization"},"potentialAction":[{"@type":"SearchAction","target":{"@type":"EntryPoint","urlTemplate":"https:\/\/www.eldiario.net\/portal\/?s={search_term_string}"},"query-input":{"@type":"PropertyValueSpecification","valueRequired":true,"valueName":"search_term_string"}}],"inLanguage":"es"},{"@type":"Organization","@id":"https:\/\/www.eldiario.net\/portal\/#organization","name":"El Diario - Decano de la prensa nacional","url":"https:\/\/www.eldiario.net\/portal\/","logo":{"@type":"ImageObject","inLanguage":"es","@id":"https:\/\/www.eldiario.net\/portal\/#\/schema\/logo\/image\/","url":"https:\/\/www.eldiario.net\/portal\/wp-content\/uploads\/2023\/07\/logo_ED.jpg","contentUrl":"https:\/\/www.eldiario.net\/portal\/wp-content\/uploads\/2023\/07\/logo_ED.jpg","width":272,"height":52,"caption":"El Diario - Decano de la prensa nacional"},"image":{"@id":"https:\/\/www.eldiario.net\/portal\/#\/schema\/logo\/image\/"},"sameAs":["https:\/\/www.facebook.com\/eldiario.bolivia\/","https:\/\/x.com\/eldiario_net"]},{"@type":"Person","@id":"https:\/\/www.eldiario.net\/portal\/#\/schema\/person\/32cc89e801dfcbad3a54f91da7f2ea06","name":"Viviana Monrroy","image":{"@type":"ImageObject","inLanguage":"es","@id":"https:\/\/secure.gravatar.com\/avatar\/dfd1611ed5600959a0e5a9754503b6c05d1dcf190010998e0363aee2ad98afca?s=96&d=mm&r=g","url":"https:\/\/secure.gravatar.com\/avatar\/dfd1611ed5600959a0e5a9754503b6c05d1dcf190010998e0363aee2ad98afca?s=96&d=mm&r=g","contentUrl":"https:\/\/secure.gravatar.com\/avatar\/dfd1611ed5600959a0e5a9754503b6c05d1dcf190010998e0363aee2ad98afca?s=96&d=mm&r=g","caption":"Viviana Monrroy"},"sameAs":["http:\/\/www.eldiario.net"],"url":"https:\/\/www.eldiario.net\/portal\/author\/vivianamonrroy\/"}]}},"_links":{"self":[{"href":"https:\/\/www.eldiario.net\/portal\/wp-json\/wp\/v2\/posts\/384822","targetHints":{"allow":["GET"]}}],"collection":[{"href":"https:\/\/www.eldiario.net\/portal\/wp-json\/wp\/v2\/posts"}],"about":[{"href":"https:\/\/www.eldiario.net\/portal\/wp-json\/wp\/v2\/types\/post"}],"author":[{"embeddable":true,"href":"https:\/\/www.eldiario.net\/portal\/wp-json\/wp\/v2\/users\/7"}],"replies":[{"embeddable":true,"href":"https:\/\/www.eldiario.net\/portal\/wp-json\/wp\/v2\/comments?post=384822"}],"version-history":[{"count":1,"href":"https:\/\/www.eldiario.net\/portal\/wp-json\/wp\/v2\/posts\/384822\/revisions"}],"predecessor-version":[{"id":384827,"href":"https:\/\/www.eldiario.net\/portal\/wp-json\/wp\/v2\/posts\/384822\/revisions\/384827"}],"wp:featuredmedia":[{"embeddable":true,"href":"https:\/\/www.eldiario.net\/portal\/wp-json\/wp\/v2\/media\/384826"}],"wp:attachment":[{"href":"https:\/\/www.eldiario.net\/portal\/wp-json\/wp\/v2\/media?parent=384822"}],"wp:term":[{"taxonomy":"category","embeddable":true,"href":"https:\/\/www.eldiario.net\/portal\/wp-json\/wp\/v2\/categories?post=384822"},{"taxonomy":"post_tag","embeddable":true,"href":"https:\/\/www.eldiario.net\/portal\/wp-json\/wp\/v2\/tags?post=384822"}],"curies":[{"name":"wp","href":"https:\/\/api.w.org\/{rel}","templated":true}]}}