{"id":384816,"date":"2026-04-13T07:12:02","date_gmt":"2026-04-13T11:12:02","guid":{"rendered":"https:\/\/www.eldiario.net\/portal\/?p=384816"},"modified":"2026-04-13T07:12:02","modified_gmt":"2026-04-13T11:12:02","slug":"donald-trump-anuncia-bloqueo-naval-en-el-estrecho-de-ormuz","status":"publish","type":"post","link":"https:\/\/www.eldiario.net\/portal\/2026\/04\/13\/donald-trump-anuncia-bloqueo-naval-en-el-estrecho-de-ormuz\/","title":{"rendered":"Donald Trump anuncia bloqueo naval en el estrecho de Ormuz"},"content":{"rendered":"<p>El mandatario Donald Trump declar\u00f3 que Estados Unidos comenzar\u00e1 a bloquear el estrecho de Ormuz en un intento por arrebatarle el control de esta v\u00eda mar\u00edtima estrat\u00e9gica a Ir\u00e1n, tras el fracaso de las negociaciones de paz entre ambos pa\u00edses en Pakist\u00e1n.<br \/>\nEl presidente estadounidense tambi\u00e9n amenaz\u00f3 con bombardear las plantas de tratamiento de agua, las centrales el\u00e9ctricas y los puentes de Ir\u00e1n, reiterando una amenaza anterior, si Teher\u00e1n no accede a abandonar su programa de armas nucleares, el principal punto de fricci\u00f3n entre ambas partes.<br \/>\nEl sorpresivo anuncio de Trump sobre el bloqueo se produjo despu\u00e9s de que las negociaciones de paz cara a cara entre Estados Unidos e Ir\u00e1n en Islamabad, que duraron 21 horas, fracasaran ayer.<br \/>\nJD Vance, vicepresidente y jefe del equipo estadounidense, afirm\u00f3 que Ir\u00e1n se hab\u00eda negado a renunciar a la posibilidad de desarrollar armas nucleares, mientras que los delegados iran\u00edes declararon que Washington deb\u00eda hacer m\u00e1s para ganarse su confianza.<br \/>\nArriesg\u00e1ndose a otro aumento en los precios del petr\u00f3leo, Trump sostuvo que hab\u00eda dado instrucciones a la marina estadounidense para que comenzara a \u201cbloquear todos y cada uno de los barcos que intentaran entrar o salir del estrecho de Ormuz\u201d, y acus\u00f3 a Ir\u00e1n de extorsi\u00f3n con su propio plan de cobrar peajes a los petroleros.<br \/>\nLa Guardia Revolucionaria iran\u00ed respondi\u00f3 declarando que si alg\u00fan buque de guerra se acercaba al estrecho para imponer un bloqueo, considerado generalmente un acto de guerra, se considerar\u00eda una violaci\u00f3n del alto el fuego vigente y se tomar\u00edan medidas en\u00e9rgicas contra \u00e9l. Insistieron en que el estrecho permanec\u00eda bajo control de Ir\u00e1n.<br \/>\nDos destructores estadounidenses cruzaron el estrecho sin incidentes el s\u00e1bado, aunque los medios iran\u00edes informaron que fueron amenazados al salir. El Ej\u00e9rcito estadounidense declar\u00f3 que se trataba del inicio de una misi\u00f3n de desminado.<br \/>\nTrump asever\u00f3 que los buques de guerra estadounidenses \u201cbuscar\u00edan e interceptar\u00edan a todos los barcos\u201d que hubieran pagado a Ir\u00e1n desde el inicio del conflicto y comenzar\u00edan a desminar la secci\u00f3n central del estrecho, previamente declarada \u201czona peligrosa\u201d por Teher\u00e1n, aunque no est\u00e1 claro cu\u00e1ntas minas se colocaron.<br \/>\nDesde que Estados Unidos e Israel comenzaron a bombardear Ir\u00e1n, cerca de 100 buques cisterna transitaron por el estrecho, pagando hasta 2 millones de d\u00f3lares por cada paso. Muchos se dirig\u00edan a China e India, transportando productos petrol\u00edferos iran\u00edes, y su persecuci\u00f3n podr\u00eda complicar las relaciones entre Estados Unidos y los pa\u00edses importadores.<br \/>\nLas delegaciones de Estados Unidos e Ir\u00e1n abandonaron Pakist\u00e1n poco despu\u00e9s de que concluyeran las conversaciones. Vance afirm\u00f3 haber hablado con Trump al menos media docena de veces durante las conversaciones, que se celebraron en el marco de un alto el fuego de 14 d\u00edas anunciado por Estados Unidos, Israel e Ir\u00e1n la noche del 7 al 8 de abril.<br \/>\n\u201cNecesitamos ver un compromiso firme de que (Ir\u00e1n) no buscar\u00e1 un arma nuclear, ni las herramientas que le permitir\u00edan obtenerla r\u00e1pidamente\u201d, dijo Vance. \u201cEse es el objetivo principal del presidente de Estados Unidos, y eso es lo que hemos intentado lograr mediante estas negociaciones\u201d.<br \/>\nMohammad Bagher Ghalibaf, presidente del parlamento iran\u00ed y l\u00edder de los negociadores de Teher\u00e1n, afirm\u00f3 que \u00e9l y sus colegas hab\u00edan ofrecido \u201ciniciativas constructivas\u201d, mientras que Estados Unidos \u201cno hab\u00eda logrado ganarse la confianza de la delegaci\u00f3n iran\u00ed en esta ronda de negociaciones\u201d.<br \/>\nLa agencia de noticias semioficial iran\u00ed Tasnim detall\u00f3 que las exigencias \u201cexcesivas\u201d de Estados Unidos hab\u00edan dificultado la consecuci\u00f3n de un acuerdo, y el Ministerio de Relaciones Exteriores declar\u00f3 que se necesitaba m\u00e1s tiempo. \u201cNaturalmente, desde el principio no deb\u00edamos esperar alcanzar un acuerdo en una sola sesi\u00f3n\u201d, declar\u00f3 el portavoz del ministerio, Esmail Baghaei, seg\u00fan la emisora \u200b\u200bestatal IRIB.<br \/>\nLos mediadores paquistan\u00edes instaron a Estados Unidos e Ir\u00e1n a abstenerse de reanudar las hostilidades y afirmaron que intentar\u00edan organizar una nueva ronda de conversaciones. \u201cEs imperativo que las partes sigan cumpliendo su compromiso con el alto el fuego\u201d, expres\u00f3 el ministro de Asuntos Exteriores de Pakist\u00e1n, Ishaq Dar.<br \/>\nVance estuvo acompa\u00f1ado por el enviado especial de Estados Unidos, Steve Witkoff, y el yerno de Trump, Jared Kushner. Se reunieron con Ghalibaf y el ministro de Asuntos Exteriores iran\u00ed, Abbas Araghchi, para varias sesiones de negociaci\u00f3n en el hotel Serena de Islamabad, con la presencia tambi\u00e9n del jefe del ej\u00e9rcito paquistan\u00ed, Asim Munir.<br \/>\nLa delegaci\u00f3n iran\u00ed lleg\u00f3 el viernes vestida de negro en se\u00f1al de luto por el fallecido l\u00edder supremo, el ayatol\u00e1 Ali Khamenei, y por otros ca\u00eddos en la guerra. Llevaban zapatos y mochilas de ni\u00f1os que murieron durante el bombardeo de una escuela contigua a un complejo militar, inform\u00f3 el gobierno iran\u00ed.<br \/>\nSeg\u00fan una fuente pakistan\u00ed, las conversaciones, el contacto directo de m\u00e1s alto nivel entre Estados Unidos e Ir\u00e1n desde 1979, tuvieron un tono impredecible. \u201cHubo cambios de humor por ambas partes, y la tensi\u00f3n fluctu\u00f3 durante la reuni\u00f3n\u201d, declar\u00f3 la fuente tras la primera ronda.<br \/>\nEn una entrevista con Fox News ayer, Trump amenaz\u00f3 con reanudar los bombardeos sobre Ir\u00e1n si no se llegaba a un acuerdo y alert\u00f3 con atacar el suministro de agua del pa\u00eds, as\u00ed como sus puentes y su generaci\u00f3n de energ\u00eda.<br \/>\nTrump sostuvo: \u201cLo \u00fanico que queda, en realidad, es su agua, cuyo ataque ser\u00eda devastador. Me doler\u00eda mucho hacerlo, pero es su agua, sus planes de desalinizaci\u00f3n, sus centrales el\u00e9ctricas, que son muy f\u00e1ciles de atacar\u201d.<br \/>\nAl presidente le preguntaron si los precios del gas y el petr\u00f3leo podr\u00edan bajar para las elecciones de mitad de mandato en Estados Unidos en noviembre, lo que indicar\u00eda que atacar a Ir\u00e1n no fue un error econ\u00f3mico. Los precios \u201cpodr\u00edan ser los mismos o tal vez un poco m\u00e1s altos\u201d, respondi\u00f3 Trump sin comprometerse.<br \/>\nLa guerra, que comenz\u00f3 con los ataques estadounidenses e israel\u00edes contra Ir\u00e1n hace seis semanas, dej\u00f3 al menos 3.000 muertos en Ir\u00e1n, 2.020 en L\u00edbano, 23 en Israel y m\u00e1s de una docena en los estados \u00e1rabes del Golfo, causando da\u00f1os permanentes a la infraestructura en media docena de pa\u00edses de Oriente Medio. (The Guardian)<\/p>\n<p>&nbsp;<\/p>\n","protected":false},"excerpt":{"rendered":"<p>El mandatario Donald Trump declar\u00f3 que Estados Unidos comenzar\u00e1 a bloquear el estrecho de Ormuz en un intento por arrebatarle el control de esta v\u00eda mar\u00edtima estrat\u00e9gica a Ir\u00e1n, tras el fracaso de las negociaciones de paz entre ambos pa\u00edses en Pakist\u00e1n. El presidente estadounidense tambi\u00e9n amenaz\u00f3 con bombardear las plantas de tratamiento de agua, [&hellip;]<\/p>\n","protected":false},"author":1,"featured_media":384817,"comment_status":"closed","ping_status":"open","sticky":false,"template":"","format":"standard","meta":{"_acf_changed":false,"footnotes":""},"categories":[3],"tags":[],"class_list":["post-384816","post","type-post","status-publish","format-standard","has-post-thumbnail","category-internacional"],"acf":{"antetitulo":"Estados Unidos"},"yoast_head":"<!-- This site is optimized with the Yoast SEO plugin v28.4 - https:\/\/yoast.com\/product\/yoast-seo-wordpress\/ -->\n<title>Donald Trump anuncia bloqueo naval en el estrecho de Ormuz - El Diario - Bolivia<\/title>\n<meta name=\"robots\" content=\"index, follow, max-snippet:-1, max-image-preview:large, max-video-preview:-1\" \/>\n<link rel=\"canonical\" href=\"https:\/\/www.eldiario.net\/portal\/2026\/04\/13\/donald-trump-anuncia-bloqueo-naval-en-el-estrecho-de-ormuz\/\" \/>\n<meta property=\"og:locale\" content=\"es_ES\" \/>\n<meta property=\"og:type\" content=\"article\" \/>\n<meta property=\"og:title\" content=\"Donald Trump anuncia bloqueo naval en el estrecho de Ormuz - El Diario - Bolivia\" \/>\n<meta property=\"og:description\" content=\"El mandatario Donald Trump declar\u00f3 que Estados Unidos comenzar\u00e1 a bloquear el estrecho de Ormuz en un intento por arrebatarle el control de esta v\u00eda mar\u00edtima estrat\u00e9gica a Ir\u00e1n, tras el fracaso de las negociaciones de paz entre ambos pa\u00edses en Pakist\u00e1n. El presidente estadounidense tambi\u00e9n amenaz\u00f3 con bombardear las plantas de tratamiento de agua, [&hellip;]\" \/>\n<meta property=\"og:url\" content=\"https:\/\/www.eldiario.net\/portal\/2026\/04\/13\/donald-trump-anuncia-bloqueo-naval-en-el-estrecho-de-ormuz\/\" \/>\n<meta property=\"og:site_name\" content=\"El Diario - Bolivia\" \/>\n<meta property=\"article:publisher\" content=\"https:\/\/www.facebook.com\/eldiario.bolivia\/\" \/>\n<meta property=\"article:published_time\" content=\"2026-04-13T11:12:02+00:00\" \/>\n<meta property=\"og:image\" content=\"https:\/\/www.eldiario.net\/portal\/wp-content\/uploads\/2026\/04\/ESTRECHO-The-Guardian.webp\" \/>\n\t<meta property=\"og:image:width\" content=\"620\" \/>\n\t<meta property=\"og:image:height\" content=\"496\" \/>\n\t<meta property=\"og:image:type\" content=\"image\/webp\" \/>\n<meta name=\"author\" content=\"Jeanette\" \/>\n<meta name=\"twitter:card\" content=\"summary_large_image\" \/>\n<meta name=\"twitter:creator\" content=\"@eldiario_net\" \/>\n<meta name=\"twitter:site\" content=\"@eldiario_net\" \/>\n<meta name=\"twitter:label1\" content=\"Escrito por\" \/>\n\t<meta name=\"twitter:data1\" content=\"Jeanette\" \/>\n\t<meta name=\"twitter:label2\" content=\"Tiempo de lectura\" \/>\n\t<meta name=\"twitter:data2\" content=\"5 minutos\" \/>\n<script type=\"application\/ld+json\" class=\"yoast-schema-graph\">{\"@context\":\"https:\\\/\\\/schema.org\",\"@graph\":[{\"@type\":\"Article\",\"@id\":\"https:\\\/\\\/www.eldiario.net\\\/portal\\\/2026\\\/04\\\/13\\\/donald-trump-anuncia-bloqueo-naval-en-el-estrecho-de-ormuz\\\/#article\",\"isPartOf\":{\"@id\":\"https:\\\/\\\/www.eldiario.net\\\/portal\\\/2026\\\/04\\\/13\\\/donald-trump-anuncia-bloqueo-naval-en-el-estrecho-de-ormuz\\\/\"},\"author\":{\"name\":\"Jeanette\",\"@id\":\"https:\\\/\\\/www.eldiario.net\\\/portal\\\/#\\\/schema\\\/person\\\/2c57cf2b7a7ae032e449e4c9b1019eac\"},\"headline\":\"Donald Trump anuncia bloqueo naval en el estrecho de Ormuz\",\"datePublished\":\"2026-04-13T11:12:02+00:00\",\"mainEntityOfPage\":{\"@id\":\"https:\\\/\\\/www.eldiario.net\\\/portal\\\/2026\\\/04\\\/13\\\/donald-trump-anuncia-bloqueo-naval-en-el-estrecho-de-ormuz\\\/\"},\"wordCount\":1104,\"publisher\":{\"@id\":\"https:\\\/\\\/www.eldiario.net\\\/portal\\\/#organization\"},\"image\":{\"@id\":\"https:\\\/\\\/www.eldiario.net\\\/portal\\\/2026\\\/04\\\/13\\\/donald-trump-anuncia-bloqueo-naval-en-el-estrecho-de-ormuz\\\/#primaryimage\"},\"thumbnailUrl\":\"https:\\\/\\\/www.eldiario.net\\\/portal\\\/wp-content\\\/uploads\\\/2026\\\/04\\\/ESTRECHO-The-Guardian.webp\",\"articleSection\":[\"Internacional\"],\"inLanguage\":\"es\"},{\"@type\":\"WebPage\",\"@id\":\"https:\\\/\\\/www.eldiario.net\\\/portal\\\/2026\\\/04\\\/13\\\/donald-trump-anuncia-bloqueo-naval-en-el-estrecho-de-ormuz\\\/\",\"url\":\"https:\\\/\\\/www.eldiario.net\\\/portal\\\/2026\\\/04\\\/13\\\/donald-trump-anuncia-bloqueo-naval-en-el-estrecho-de-ormuz\\\/\",\"name\":\"Donald Trump anuncia bloqueo naval en el estrecho de Ormuz - El Diario - Bolivia\",\"isPartOf\":{\"@id\":\"https:\\\/\\\/www.eldiario.net\\\/portal\\\/#website\"},\"primaryImageOfPage\":{\"@id\":\"https:\\\/\\\/www.eldiario.net\\\/portal\\\/2026\\\/04\\\/13\\\/donald-trump-anuncia-bloqueo-naval-en-el-estrecho-de-ormuz\\\/#primaryimage\"},\"image\":{\"@id\":\"https:\\\/\\\/www.eldiario.net\\\/portal\\\/2026\\\/04\\\/13\\\/donald-trump-anuncia-bloqueo-naval-en-el-estrecho-de-ormuz\\\/#primaryimage\"},\"thumbnailUrl\":\"https:\\\/\\\/www.eldiario.net\\\/portal\\\/wp-content\\\/uploads\\\/2026\\\/04\\\/ESTRECHO-The-Guardian.webp\",\"datePublished\":\"2026-04-13T11:12:02+00:00\",\"breadcrumb\":{\"@id\":\"https:\\\/\\\/www.eldiario.net\\\/portal\\\/2026\\\/04\\\/13\\\/donald-trump-anuncia-bloqueo-naval-en-el-estrecho-de-ormuz\\\/#breadcrumb\"},\"inLanguage\":\"es\",\"potentialAction\":[{\"@type\":\"ReadAction\",\"target\":[\"https:\\\/\\\/www.eldiario.net\\\/portal\\\/2026\\\/04\\\/13\\\/donald-trump-anuncia-bloqueo-naval-en-el-estrecho-de-ormuz\\\/\"]}]},{\"@type\":\"ImageObject\",\"inLanguage\":\"es\",\"@id\":\"https:\\\/\\\/www.eldiario.net\\\/portal\\\/2026\\\/04\\\/13\\\/donald-trump-anuncia-bloqueo-naval-en-el-estrecho-de-ormuz\\\/#primaryimage\",\"url\":\"https:\\\/\\\/www.eldiario.net\\\/portal\\\/wp-content\\\/uploads\\\/2026\\\/04\\\/ESTRECHO-The-Guardian.webp\",\"contentUrl\":\"https:\\\/\\\/www.eldiario.net\\\/portal\\\/wp-content\\\/uploads\\\/2026\\\/04\\\/ESTRECHO-The-Guardian.webp\",\"width\":620,\"height\":496,\"caption\":\"El presidente de Estados Unidos, Donald Trump.\"},{\"@type\":\"BreadcrumbList\",\"@id\":\"https:\\\/\\\/www.eldiario.net\\\/portal\\\/2026\\\/04\\\/13\\\/donald-trump-anuncia-bloqueo-naval-en-el-estrecho-de-ormuz\\\/#breadcrumb\",\"itemListElement\":[{\"@type\":\"ListItem\",\"position\":1,\"name\":\"Portada\",\"item\":\"https:\\\/\\\/www.eldiario.net\\\/portal\\\/\"},{\"@type\":\"ListItem\",\"position\":2,\"name\":\"Donald Trump anuncia bloqueo naval en el estrecho de Ormuz\"}]},{\"@type\":\"WebSite\",\"@id\":\"https:\\\/\\\/www.eldiario.net\\\/portal\\\/#website\",\"url\":\"https:\\\/\\\/www.eldiario.net\\\/portal\\\/\",\"name\":\"El Diario - Decano de la prensa nacional\",\"description\":\"El Diario - Decano de la prensa nacional\",\"publisher\":{\"@id\":\"https:\\\/\\\/www.eldiario.net\\\/portal\\\/#organization\"},\"potentialAction\":[{\"@type\":\"SearchAction\",\"target\":{\"@type\":\"EntryPoint\",\"urlTemplate\":\"https:\\\/\\\/www.eldiario.net\\\/portal\\\/?s={search_term_string}\"},\"query-input\":{\"@type\":\"PropertyValueSpecification\",\"valueRequired\":true,\"valueName\":\"search_term_string\"}}],\"inLanguage\":\"es\"},{\"@type\":\"Organization\",\"@id\":\"https:\\\/\\\/www.eldiario.net\\\/portal\\\/#organization\",\"name\":\"El Diario - Decano de la prensa nacional\",\"url\":\"https:\\\/\\\/www.eldiario.net\\\/portal\\\/\",\"logo\":{\"@type\":\"ImageObject\",\"inLanguage\":\"es\",\"@id\":\"https:\\\/\\\/www.eldiario.net\\\/portal\\\/#\\\/schema\\\/logo\\\/image\\\/\",\"url\":\"https:\\\/\\\/www.eldiario.net\\\/portal\\\/wp-content\\\/uploads\\\/2023\\\/07\\\/logo_ED.jpg\",\"contentUrl\":\"https:\\\/\\\/www.eldiario.net\\\/portal\\\/wp-content\\\/uploads\\\/2023\\\/07\\\/logo_ED.jpg\",\"width\":272,\"height\":52,\"caption\":\"El Diario - Decano de la prensa nacional\"},\"image\":{\"@id\":\"https:\\\/\\\/www.eldiario.net\\\/portal\\\/#\\\/schema\\\/logo\\\/image\\\/\"},\"sameAs\":[\"https:\\\/\\\/www.facebook.com\\\/eldiario.bolivia\\\/\",\"https:\\\/\\\/x.com\\\/eldiario_net\"]},{\"@type\":\"Person\",\"@id\":\"https:\\\/\\\/www.eldiario.net\\\/portal\\\/#\\\/schema\\\/person\\\/2c57cf2b7a7ae032e449e4c9b1019eac\",\"name\":\"Jeanette\",\"image\":{\"@type\":\"ImageObject\",\"inLanguage\":\"es\",\"@id\":\"https:\\\/\\\/secure.gravatar.com\\\/avatar\\\/3ea2118a5f7dad2b7138b1187a6b7ee55f160b9968b66013c3a3ef39dd7e5798?s=96&d=mm&r=g\",\"url\":\"https:\\\/\\\/secure.gravatar.com\\\/avatar\\\/3ea2118a5f7dad2b7138b1187a6b7ee55f160b9968b66013c3a3ef39dd7e5798?s=96&d=mm&r=g\",\"contentUrl\":\"https:\\\/\\\/secure.gravatar.com\\\/avatar\\\/3ea2118a5f7dad2b7138b1187a6b7ee55f160b9968b66013c3a3ef39dd7e5798?s=96&d=mm&r=g\",\"caption\":\"Jeanette\"},\"sameAs\":[\"https:\\\/\\\/www.eldiario.net\\\/portal\"],\"url\":\"https:\\\/\\\/www.eldiario.net\\\/portal\\\/author\\\/jeanette\\\/\"}]}<\/script>\n<!-- \/ Yoast SEO plugin. -->","yoast_head_json":{"title":"Donald Trump anuncia bloqueo naval en el estrecho de Ormuz - El Diario - Bolivia","robots":{"index":"index","follow":"follow","max-snippet":"max-snippet:-1","max-image-preview":"max-image-preview:large","max-video-preview":"max-video-preview:-1"},"canonical":"https:\/\/www.eldiario.net\/portal\/2026\/04\/13\/donald-trump-anuncia-bloqueo-naval-en-el-estrecho-de-ormuz\/","og_locale":"es_ES","og_type":"article","og_title":"Donald Trump anuncia bloqueo naval en el estrecho de Ormuz - El Diario - Bolivia","og_description":"El mandatario Donald Trump declar\u00f3 que Estados Unidos comenzar\u00e1 a bloquear el estrecho de Ormuz en un intento por arrebatarle el control de esta v\u00eda mar\u00edtima estrat\u00e9gica a Ir\u00e1n, tras el fracaso de las negociaciones de paz entre ambos pa\u00edses en Pakist\u00e1n. El presidente estadounidense tambi\u00e9n amenaz\u00f3 con bombardear las plantas de tratamiento de agua, [&hellip;]","og_url":"https:\/\/www.eldiario.net\/portal\/2026\/04\/13\/donald-trump-anuncia-bloqueo-naval-en-el-estrecho-de-ormuz\/","og_site_name":"El Diario - Bolivia","article_publisher":"https:\/\/www.facebook.com\/eldiario.bolivia\/","article_published_time":"2026-04-13T11:12:02+00:00","og_image":[{"width":620,"height":496,"url":"https:\/\/www.eldiario.net\/portal\/wp-content\/uploads\/2026\/04\/ESTRECHO-The-Guardian.webp","type":"image\/webp"}],"author":"Jeanette","twitter_card":"summary_large_image","twitter_creator":"@eldiario_net","twitter_site":"@eldiario_net","twitter_misc":{"Escrito por":"Jeanette","Tiempo de lectura":"5 minutos"},"schema":{"@context":"https:\/\/schema.org","@graph":[{"@type":"Article","@id":"https:\/\/www.eldiario.net\/portal\/2026\/04\/13\/donald-trump-anuncia-bloqueo-naval-en-el-estrecho-de-ormuz\/#article","isPartOf":{"@id":"https:\/\/www.eldiario.net\/portal\/2026\/04\/13\/donald-trump-anuncia-bloqueo-naval-en-el-estrecho-de-ormuz\/"},"author":{"name":"Jeanette","@id":"https:\/\/www.eldiario.net\/portal\/#\/schema\/person\/2c57cf2b7a7ae032e449e4c9b1019eac"},"headline":"Donald Trump anuncia bloqueo naval en el estrecho de Ormuz","datePublished":"2026-04-13T11:12:02+00:00","mainEntityOfPage":{"@id":"https:\/\/www.eldiario.net\/portal\/2026\/04\/13\/donald-trump-anuncia-bloqueo-naval-en-el-estrecho-de-ormuz\/"},"wordCount":1104,"publisher":{"@id":"https:\/\/www.eldiario.net\/portal\/#organization"},"image":{"@id":"https:\/\/www.eldiario.net\/portal\/2026\/04\/13\/donald-trump-anuncia-bloqueo-naval-en-el-estrecho-de-ormuz\/#primaryimage"},"thumbnailUrl":"https:\/\/www.eldiario.net\/portal\/wp-content\/uploads\/2026\/04\/ESTRECHO-The-Guardian.webp","articleSection":["Internacional"],"inLanguage":"es"},{"@type":"WebPage","@id":"https:\/\/www.eldiario.net\/portal\/2026\/04\/13\/donald-trump-anuncia-bloqueo-naval-en-el-estrecho-de-ormuz\/","url":"https:\/\/www.eldiario.net\/portal\/2026\/04\/13\/donald-trump-anuncia-bloqueo-naval-en-el-estrecho-de-ormuz\/","name":"Donald Trump anuncia bloqueo naval en el estrecho de Ormuz - El Diario - Bolivia","isPartOf":{"@id":"https:\/\/www.eldiario.net\/portal\/#website"},"primaryImageOfPage":{"@id":"https:\/\/www.eldiario.net\/portal\/2026\/04\/13\/donald-trump-anuncia-bloqueo-naval-en-el-estrecho-de-ormuz\/#primaryimage"},"image":{"@id":"https:\/\/www.eldiario.net\/portal\/2026\/04\/13\/donald-trump-anuncia-bloqueo-naval-en-el-estrecho-de-ormuz\/#primaryimage"},"thumbnailUrl":"https:\/\/www.eldiario.net\/portal\/wp-content\/uploads\/2026\/04\/ESTRECHO-The-Guardian.webp","datePublished":"2026-04-13T11:12:02+00:00","breadcrumb":{"@id":"https:\/\/www.eldiario.net\/portal\/2026\/04\/13\/donald-trump-anuncia-bloqueo-naval-en-el-estrecho-de-ormuz\/#breadcrumb"},"inLanguage":"es","potentialAction":[{"@type":"ReadAction","target":["https:\/\/www.eldiario.net\/portal\/2026\/04\/13\/donald-trump-anuncia-bloqueo-naval-en-el-estrecho-de-ormuz\/"]}]},{"@type":"ImageObject","inLanguage":"es","@id":"https:\/\/www.eldiario.net\/portal\/2026\/04\/13\/donald-trump-anuncia-bloqueo-naval-en-el-estrecho-de-ormuz\/#primaryimage","url":"https:\/\/www.eldiario.net\/portal\/wp-content\/uploads\/2026\/04\/ESTRECHO-The-Guardian.webp","contentUrl":"https:\/\/www.eldiario.net\/portal\/wp-content\/uploads\/2026\/04\/ESTRECHO-The-Guardian.webp","width":620,"height":496,"caption":"El presidente de Estados Unidos, Donald Trump."},{"@type":"BreadcrumbList","@id":"https:\/\/www.eldiario.net\/portal\/2026\/04\/13\/donald-trump-anuncia-bloqueo-naval-en-el-estrecho-de-ormuz\/#breadcrumb","itemListElement":[{"@type":"ListItem","position":1,"name":"Portada","item":"https:\/\/www.eldiario.net\/portal\/"},{"@type":"ListItem","position":2,"name":"Donald Trump anuncia bloqueo naval en el estrecho de Ormuz"}]},{"@type":"WebSite","@id":"https:\/\/www.eldiario.net\/portal\/#website","url":"https:\/\/www.eldiario.net\/portal\/","name":"El Diario - Decano de la prensa nacional","description":"El Diario - Decano de la prensa nacional","publisher":{"@id":"https:\/\/www.eldiario.net\/portal\/#organization"},"potentialAction":[{"@type":"SearchAction","target":{"@type":"EntryPoint","urlTemplate":"https:\/\/www.eldiario.net\/portal\/?s={search_term_string}"},"query-input":{"@type":"PropertyValueSpecification","valueRequired":true,"valueName":"search_term_string"}}],"inLanguage":"es"},{"@type":"Organization","@id":"https:\/\/www.eldiario.net\/portal\/#organization","name":"El Diario - Decano de la prensa nacional","url":"https:\/\/www.eldiario.net\/portal\/","logo":{"@type":"ImageObject","inLanguage":"es","@id":"https:\/\/www.eldiario.net\/portal\/#\/schema\/logo\/image\/","url":"https:\/\/www.eldiario.net\/portal\/wp-content\/uploads\/2023\/07\/logo_ED.jpg","contentUrl":"https:\/\/www.eldiario.net\/portal\/wp-content\/uploads\/2023\/07\/logo_ED.jpg","width":272,"height":52,"caption":"El Diario - Decano de la prensa nacional"},"image":{"@id":"https:\/\/www.eldiario.net\/portal\/#\/schema\/logo\/image\/"},"sameAs":["https:\/\/www.facebook.com\/eldiario.bolivia\/","https:\/\/x.com\/eldiario_net"]},{"@type":"Person","@id":"https:\/\/www.eldiario.net\/portal\/#\/schema\/person\/2c57cf2b7a7ae032e449e4c9b1019eac","name":"Jeanette","image":{"@type":"ImageObject","inLanguage":"es","@id":"https:\/\/secure.gravatar.com\/avatar\/3ea2118a5f7dad2b7138b1187a6b7ee55f160b9968b66013c3a3ef39dd7e5798?s=96&d=mm&r=g","url":"https:\/\/secure.gravatar.com\/avatar\/3ea2118a5f7dad2b7138b1187a6b7ee55f160b9968b66013c3a3ef39dd7e5798?s=96&d=mm&r=g","contentUrl":"https:\/\/secure.gravatar.com\/avatar\/3ea2118a5f7dad2b7138b1187a6b7ee55f160b9968b66013c3a3ef39dd7e5798?s=96&d=mm&r=g","caption":"Jeanette"},"sameAs":["https:\/\/www.eldiario.net\/portal"],"url":"https:\/\/www.eldiario.net\/portal\/author\/jeanette\/"}]}},"_links":{"self":[{"href":"https:\/\/www.eldiario.net\/portal\/wp-json\/wp\/v2\/posts\/384816","targetHints":{"allow":["GET"]}}],"collection":[{"href":"https:\/\/www.eldiario.net\/portal\/wp-json\/wp\/v2\/posts"}],"about":[{"href":"https:\/\/www.eldiario.net\/portal\/wp-json\/wp\/v2\/types\/post"}],"author":[{"embeddable":true,"href":"https:\/\/www.eldiario.net\/portal\/wp-json\/wp\/v2\/users\/1"}],"replies":[{"embeddable":true,"href":"https:\/\/www.eldiario.net\/portal\/wp-json\/wp\/v2\/comments?post=384816"}],"version-history":[{"count":1,"href":"https:\/\/www.eldiario.net\/portal\/wp-json\/wp\/v2\/posts\/384816\/revisions"}],"predecessor-version":[{"id":384818,"href":"https:\/\/www.eldiario.net\/portal\/wp-json\/wp\/v2\/posts\/384816\/revisions\/384818"}],"wp:featuredmedia":[{"embeddable":true,"href":"https:\/\/www.eldiario.net\/portal\/wp-json\/wp\/v2\/media\/384817"}],"wp:attachment":[{"href":"https:\/\/www.eldiario.net\/portal\/wp-json\/wp\/v2\/media?parent=384816"}],"wp:term":[{"taxonomy":"category","embeddable":true,"href":"https:\/\/www.eldiario.net\/portal\/wp-json\/wp\/v2\/categories?post=384816"},{"taxonomy":"post_tag","embeddable":true,"href":"https:\/\/www.eldiario.net\/portal\/wp-json\/wp\/v2\/tags?post=384816"}],"curies":[{"name":"wp","href":"https:\/\/api.w.org\/{rel}","templated":true}]}}