{"id":384812,"date":"2026-04-13T07:10:22","date_gmt":"2026-04-13T11:10:22","guid":{"rendered":"https:\/\/www.eldiario.net\/portal\/?p=384812"},"modified":"2026-04-13T07:10:22","modified_gmt":"2026-04-13T11:10:22","slug":"oposicion-venezolana-presenta-un-plan-para-elecciones-libres","status":"publish","type":"post","link":"https:\/\/www.eldiario.net\/portal\/2026\/04\/13\/oposicion-venezolana-presenta-un-plan-para-elecciones-libres\/","title":{"rendered":"Oposici\u00f3n venezolana presenta un plan para elecciones \u201clibres\u201d"},"content":{"rendered":"<p>La mayor coalici\u00f3n opositora de Venezuela, agrupada en la Plataforma Unitaria Democr\u00e1tica (PUD), present\u00f3 ayer una hoja de ruta para celebrar \u201celecciones libres\u201d, que pasa por la designaci\u00f3n de nuevas autoridades del Consejo Nacional Electoral (CNE) y lograr una transici\u00f3n en el pa\u00eds.<br \/>\nEl secretario general de la PUD, Roberto Enr\u00edquez, detall\u00f3 en rueda de prensa que el plan de transici\u00f3n tiene tres etapas: la estabilizaci\u00f3n, la recuperaci\u00f3n econ\u00f3mica y la reconciliaci\u00f3n.<br \/>\nCNE \u201cINDEPENDIENTE\u201d<br \/>\nLa primera est\u00e1 orientada a la \u201crestituci\u00f3n efectiva de las garant\u00edas pol\u00edticas, jur\u00eddicas y constitucionales\u201d para abrir un \u201cproceso democr\u00e1tico real\u201d, apunt\u00f3.<br \/>\nEn este contexto, plante\u00f3 la designaci\u00f3n de un CNE \u201cprovisional, independiente\u201d, con \u201cgarant\u00edas de transparencia, equilibrio y profesionalismo\u201d, la restituci\u00f3n plena de los derechos pol\u00edticos y el levantamiento de todas las inhabilitaciones pol\u00edticas \u201cimpuestas sin el debido proceso\u201d.<br \/>\nPara la etapa de estabilizaci\u00f3n, Enr\u00edquez consider\u00f3 \u201cimprescindible\u201d el \u201cdesmontaje del aparato represivo\u201d, la liberaci\u00f3n plena e inmediata de todos los presos pol\u00edticos y garant\u00edas efectivas de no represalias frente a la participaci\u00f3n pol\u00edtica y ciudadana.<br \/>\nELECCIONES<br \/>\nSuperada esta etapa, el proceso debe avanzar hacia la fase de recuperaci\u00f3n econ\u00f3mica y reconciliaci\u00f3n, orientada a restablecer la confianza democr\u00e1tica y crear condiciones de gobernabilidad, precis\u00f3.<br \/>\nFinalmente, abog\u00f3 por la celebraci\u00f3n de elecciones \u201clibres, competitivas y reconocidas en todos los niveles del Estado, en un entorno de garant\u00edas pol\u00edticas e institucionales restablecidas\u201d. (Dw)<\/p>\n","protected":false},"excerpt":{"rendered":"<p>La mayor coalici\u00f3n opositora de Venezuela, agrupada en la Plataforma Unitaria Democr\u00e1tica (PUD), present\u00f3 ayer una hoja de ruta para celebrar \u201celecciones libres\u201d, que pasa por la designaci\u00f3n de nuevas autoridades del Consejo Nacional Electoral (CNE) y lograr una transici\u00f3n en el pa\u00eds. El secretario general de la PUD, Roberto Enr\u00edquez, detall\u00f3 en rueda de [&hellip;]<\/p>\n","protected":false},"author":1,"featured_media":194703,"comment_status":"closed","ping_status":"open","sticky":false,"template":"","format":"standard","meta":{"_acf_changed":false,"footnotes":""},"categories":[3],"tags":[],"class_list":["post-384812","post","type-post","status-publish","format-standard","has-post-thumbnail","category-internacional"],"acf":{"antetitulo":""},"yoast_head":"<!-- This site is optimized with the Yoast SEO plugin v28.4 - https:\/\/yoast.com\/product\/yoast-seo-wordpress\/ -->\n<title>Oposici\u00f3n venezolana presenta un plan para elecciones \u201clibres\u201d - El Diario - Bolivia<\/title>\n<meta name=\"robots\" content=\"index, follow, max-snippet:-1, max-image-preview:large, max-video-preview:-1\" \/>\n<link rel=\"canonical\" href=\"https:\/\/www.eldiario.net\/portal\/2026\/04\/13\/oposicion-venezolana-presenta-un-plan-para-elecciones-libres\/\" \/>\n<meta property=\"og:locale\" content=\"es_ES\" \/>\n<meta property=\"og:type\" content=\"article\" \/>\n<meta property=\"og:title\" content=\"Oposici\u00f3n venezolana presenta un plan para elecciones \u201clibres\u201d - El Diario - Bolivia\" \/>\n<meta property=\"og:description\" content=\"La mayor coalici\u00f3n opositora de Venezuela, agrupada en la Plataforma Unitaria Democr\u00e1tica (PUD), present\u00f3 ayer una hoja de ruta para celebrar \u201celecciones libres\u201d, que pasa por la designaci\u00f3n de nuevas autoridades del Consejo Nacional Electoral (CNE) y lograr una transici\u00f3n en el pa\u00eds. El secretario general de la PUD, Roberto Enr\u00edquez, detall\u00f3 en rueda de [&hellip;]\" \/>\n<meta property=\"og:url\" content=\"https:\/\/www.eldiario.net\/portal\/2026\/04\/13\/oposicion-venezolana-presenta-un-plan-para-elecciones-libres\/\" \/>\n<meta property=\"og:site_name\" content=\"El Diario - Bolivia\" \/>\n<meta property=\"article:publisher\" content=\"https:\/\/www.facebook.com\/eldiario.bolivia\/\" \/>\n<meta property=\"article:published_time\" content=\"2026-04-13T11:10:22+00:00\" \/>\n<meta property=\"og:image\" content=\"https:\/\/www.eldiario.net\/portal\/wp-content\/uploads\/2023\/12\/Internacional.jpg\" \/>\n\t<meta property=\"og:image:width\" content=\"800\" \/>\n\t<meta property=\"og:image:height\" content=\"500\" \/>\n\t<meta property=\"og:image:type\" content=\"image\/jpeg\" \/>\n<meta name=\"author\" content=\"Jeanette\" \/>\n<meta name=\"twitter:card\" content=\"summary_large_image\" \/>\n<meta name=\"twitter:creator\" content=\"@eldiario_net\" \/>\n<meta name=\"twitter:site\" content=\"@eldiario_net\" \/>\n<meta name=\"twitter:label1\" content=\"Escrito por\" \/>\n\t<meta name=\"twitter:data1\" content=\"Jeanette\" \/>\n\t<meta name=\"twitter:label2\" content=\"Tiempo de lectura\" \/>\n\t<meta name=\"twitter:data2\" content=\"2 minutos\" \/>\n<script type=\"application\/ld+json\" class=\"yoast-schema-graph\">{\"@context\":\"https:\\\/\\\/schema.org\",\"@graph\":[{\"@type\":\"Article\",\"@id\":\"https:\\\/\\\/www.eldiario.net\\\/portal\\\/2026\\\/04\\\/13\\\/oposicion-venezolana-presenta-un-plan-para-elecciones-libres\\\/#article\",\"isPartOf\":{\"@id\":\"https:\\\/\\\/www.eldiario.net\\\/portal\\\/2026\\\/04\\\/13\\\/oposicion-venezolana-presenta-un-plan-para-elecciones-libres\\\/\"},\"author\":{\"name\":\"Jeanette\",\"@id\":\"https:\\\/\\\/www.eldiario.net\\\/portal\\\/#\\\/schema\\\/person\\\/2c57cf2b7a7ae032e449e4c9b1019eac\"},\"headline\":\"Oposici\u00f3n venezolana presenta un plan para elecciones \u201clibres\u201d\",\"datePublished\":\"2026-04-13T11:10:22+00:00\",\"mainEntityOfPage\":{\"@id\":\"https:\\\/\\\/www.eldiario.net\\\/portal\\\/2026\\\/04\\\/13\\\/oposicion-venezolana-presenta-un-plan-para-elecciones-libres\\\/\"},\"wordCount\":269,\"publisher\":{\"@id\":\"https:\\\/\\\/www.eldiario.net\\\/portal\\\/#organization\"},\"image\":{\"@id\":\"https:\\\/\\\/www.eldiario.net\\\/portal\\\/2026\\\/04\\\/13\\\/oposicion-venezolana-presenta-un-plan-para-elecciones-libres\\\/#primaryimage\"},\"thumbnailUrl\":\"https:\\\/\\\/www.eldiario.net\\\/portal\\\/wp-content\\\/uploads\\\/2023\\\/12\\\/Internacional.jpg\",\"articleSection\":[\"Internacional\"],\"inLanguage\":\"es\"},{\"@type\":\"WebPage\",\"@id\":\"https:\\\/\\\/www.eldiario.net\\\/portal\\\/2026\\\/04\\\/13\\\/oposicion-venezolana-presenta-un-plan-para-elecciones-libres\\\/\",\"url\":\"https:\\\/\\\/www.eldiario.net\\\/portal\\\/2026\\\/04\\\/13\\\/oposicion-venezolana-presenta-un-plan-para-elecciones-libres\\\/\",\"name\":\"Oposici\u00f3n venezolana presenta un plan para elecciones \u201clibres\u201d - El Diario - Bolivia\",\"isPartOf\":{\"@id\":\"https:\\\/\\\/www.eldiario.net\\\/portal\\\/#website\"},\"primaryImageOfPage\":{\"@id\":\"https:\\\/\\\/www.eldiario.net\\\/portal\\\/2026\\\/04\\\/13\\\/oposicion-venezolana-presenta-un-plan-para-elecciones-libres\\\/#primaryimage\"},\"image\":{\"@id\":\"https:\\\/\\\/www.eldiario.net\\\/portal\\\/2026\\\/04\\\/13\\\/oposicion-venezolana-presenta-un-plan-para-elecciones-libres\\\/#primaryimage\"},\"thumbnailUrl\":\"https:\\\/\\\/www.eldiario.net\\\/portal\\\/wp-content\\\/uploads\\\/2023\\\/12\\\/Internacional.jpg\",\"datePublished\":\"2026-04-13T11:10:22+00:00\",\"breadcrumb\":{\"@id\":\"https:\\\/\\\/www.eldiario.net\\\/portal\\\/2026\\\/04\\\/13\\\/oposicion-venezolana-presenta-un-plan-para-elecciones-libres\\\/#breadcrumb\"},\"inLanguage\":\"es\",\"potentialAction\":[{\"@type\":\"ReadAction\",\"target\":[\"https:\\\/\\\/www.eldiario.net\\\/portal\\\/2026\\\/04\\\/13\\\/oposicion-venezolana-presenta-un-plan-para-elecciones-libres\\\/\"]}]},{\"@type\":\"ImageObject\",\"inLanguage\":\"es\",\"@id\":\"https:\\\/\\\/www.eldiario.net\\\/portal\\\/2026\\\/04\\\/13\\\/oposicion-venezolana-presenta-un-plan-para-elecciones-libres\\\/#primaryimage\",\"url\":\"https:\\\/\\\/www.eldiario.net\\\/portal\\\/wp-content\\\/uploads\\\/2023\\\/12\\\/Internacional.jpg\",\"contentUrl\":\"https:\\\/\\\/www.eldiario.net\\\/portal\\\/wp-content\\\/uploads\\\/2023\\\/12\\\/Internacional.jpg\",\"width\":800,\"height\":500},{\"@type\":\"BreadcrumbList\",\"@id\":\"https:\\\/\\\/www.eldiario.net\\\/portal\\\/2026\\\/04\\\/13\\\/oposicion-venezolana-presenta-un-plan-para-elecciones-libres\\\/#breadcrumb\",\"itemListElement\":[{\"@type\":\"ListItem\",\"position\":1,\"name\":\"Portada\",\"item\":\"https:\\\/\\\/www.eldiario.net\\\/portal\\\/\"},{\"@type\":\"ListItem\",\"position\":2,\"name\":\"Oposici\u00f3n venezolana presenta un plan para elecciones \u201clibres\u201d\"}]},{\"@type\":\"WebSite\",\"@id\":\"https:\\\/\\\/www.eldiario.net\\\/portal\\\/#website\",\"url\":\"https:\\\/\\\/www.eldiario.net\\\/portal\\\/\",\"name\":\"El Diario - Decano de la prensa nacional\",\"description\":\"El Diario - Decano de la prensa nacional\",\"publisher\":{\"@id\":\"https:\\\/\\\/www.eldiario.net\\\/portal\\\/#organization\"},\"potentialAction\":[{\"@type\":\"SearchAction\",\"target\":{\"@type\":\"EntryPoint\",\"urlTemplate\":\"https:\\\/\\\/www.eldiario.net\\\/portal\\\/?s={search_term_string}\"},\"query-input\":{\"@type\":\"PropertyValueSpecification\",\"valueRequired\":true,\"valueName\":\"search_term_string\"}}],\"inLanguage\":\"es\"},{\"@type\":\"Organization\",\"@id\":\"https:\\\/\\\/www.eldiario.net\\\/portal\\\/#organization\",\"name\":\"El Diario - Decano de la prensa nacional\",\"url\":\"https:\\\/\\\/www.eldiario.net\\\/portal\\\/\",\"logo\":{\"@type\":\"ImageObject\",\"inLanguage\":\"es\",\"@id\":\"https:\\\/\\\/www.eldiario.net\\\/portal\\\/#\\\/schema\\\/logo\\\/image\\\/\",\"url\":\"https:\\\/\\\/www.eldiario.net\\\/portal\\\/wp-content\\\/uploads\\\/2023\\\/07\\\/logo_ED.jpg\",\"contentUrl\":\"https:\\\/\\\/www.eldiario.net\\\/portal\\\/wp-content\\\/uploads\\\/2023\\\/07\\\/logo_ED.jpg\",\"width\":272,\"height\":52,\"caption\":\"El Diario - Decano de la prensa nacional\"},\"image\":{\"@id\":\"https:\\\/\\\/www.eldiario.net\\\/portal\\\/#\\\/schema\\\/logo\\\/image\\\/\"},\"sameAs\":[\"https:\\\/\\\/www.facebook.com\\\/eldiario.bolivia\\\/\",\"https:\\\/\\\/x.com\\\/eldiario_net\"]},{\"@type\":\"Person\",\"@id\":\"https:\\\/\\\/www.eldiario.net\\\/portal\\\/#\\\/schema\\\/person\\\/2c57cf2b7a7ae032e449e4c9b1019eac\",\"name\":\"Jeanette\",\"image\":{\"@type\":\"ImageObject\",\"inLanguage\":\"es\",\"@id\":\"https:\\\/\\\/secure.gravatar.com\\\/avatar\\\/3ea2118a5f7dad2b7138b1187a6b7ee55f160b9968b66013c3a3ef39dd7e5798?s=96&d=mm&r=g\",\"url\":\"https:\\\/\\\/secure.gravatar.com\\\/avatar\\\/3ea2118a5f7dad2b7138b1187a6b7ee55f160b9968b66013c3a3ef39dd7e5798?s=96&d=mm&r=g\",\"contentUrl\":\"https:\\\/\\\/secure.gravatar.com\\\/avatar\\\/3ea2118a5f7dad2b7138b1187a6b7ee55f160b9968b66013c3a3ef39dd7e5798?s=96&d=mm&r=g\",\"caption\":\"Jeanette\"},\"sameAs\":[\"https:\\\/\\\/www.eldiario.net\\\/portal\"],\"url\":\"https:\\\/\\\/www.eldiario.net\\\/portal\\\/author\\\/jeanette\\\/\"}]}<\/script>\n<!-- \/ Yoast SEO plugin. -->","yoast_head_json":{"title":"Oposici\u00f3n venezolana presenta un plan para elecciones \u201clibres\u201d - El Diario - Bolivia","robots":{"index":"index","follow":"follow","max-snippet":"max-snippet:-1","max-image-preview":"max-image-preview:large","max-video-preview":"max-video-preview:-1"},"canonical":"https:\/\/www.eldiario.net\/portal\/2026\/04\/13\/oposicion-venezolana-presenta-un-plan-para-elecciones-libres\/","og_locale":"es_ES","og_type":"article","og_title":"Oposici\u00f3n venezolana presenta un plan para elecciones \u201clibres\u201d - El Diario - Bolivia","og_description":"La mayor coalici\u00f3n opositora de Venezuela, agrupada en la Plataforma Unitaria Democr\u00e1tica (PUD), present\u00f3 ayer una hoja de ruta para celebrar \u201celecciones libres\u201d, que pasa por la designaci\u00f3n de nuevas autoridades del Consejo Nacional Electoral (CNE) y lograr una transici\u00f3n en el pa\u00eds. El secretario general de la PUD, Roberto Enr\u00edquez, detall\u00f3 en rueda de [&hellip;]","og_url":"https:\/\/www.eldiario.net\/portal\/2026\/04\/13\/oposicion-venezolana-presenta-un-plan-para-elecciones-libres\/","og_site_name":"El Diario - Bolivia","article_publisher":"https:\/\/www.facebook.com\/eldiario.bolivia\/","article_published_time":"2026-04-13T11:10:22+00:00","og_image":[{"width":800,"height":500,"url":"https:\/\/www.eldiario.net\/portal\/wp-content\/uploads\/2023\/12\/Internacional.jpg","type":"image\/jpeg"}],"author":"Jeanette","twitter_card":"summary_large_image","twitter_creator":"@eldiario_net","twitter_site":"@eldiario_net","twitter_misc":{"Escrito por":"Jeanette","Tiempo de lectura":"2 minutos"},"schema":{"@context":"https:\/\/schema.org","@graph":[{"@type":"Article","@id":"https:\/\/www.eldiario.net\/portal\/2026\/04\/13\/oposicion-venezolana-presenta-un-plan-para-elecciones-libres\/#article","isPartOf":{"@id":"https:\/\/www.eldiario.net\/portal\/2026\/04\/13\/oposicion-venezolana-presenta-un-plan-para-elecciones-libres\/"},"author":{"name":"Jeanette","@id":"https:\/\/www.eldiario.net\/portal\/#\/schema\/person\/2c57cf2b7a7ae032e449e4c9b1019eac"},"headline":"Oposici\u00f3n venezolana presenta un plan para elecciones \u201clibres\u201d","datePublished":"2026-04-13T11:10:22+00:00","mainEntityOfPage":{"@id":"https:\/\/www.eldiario.net\/portal\/2026\/04\/13\/oposicion-venezolana-presenta-un-plan-para-elecciones-libres\/"},"wordCount":269,"publisher":{"@id":"https:\/\/www.eldiario.net\/portal\/#organization"},"image":{"@id":"https:\/\/www.eldiario.net\/portal\/2026\/04\/13\/oposicion-venezolana-presenta-un-plan-para-elecciones-libres\/#primaryimage"},"thumbnailUrl":"https:\/\/www.eldiario.net\/portal\/wp-content\/uploads\/2023\/12\/Internacional.jpg","articleSection":["Internacional"],"inLanguage":"es"},{"@type":"WebPage","@id":"https:\/\/www.eldiario.net\/portal\/2026\/04\/13\/oposicion-venezolana-presenta-un-plan-para-elecciones-libres\/","url":"https:\/\/www.eldiario.net\/portal\/2026\/04\/13\/oposicion-venezolana-presenta-un-plan-para-elecciones-libres\/","name":"Oposici\u00f3n venezolana presenta un plan para elecciones \u201clibres\u201d - El Diario - Bolivia","isPartOf":{"@id":"https:\/\/www.eldiario.net\/portal\/#website"},"primaryImageOfPage":{"@id":"https:\/\/www.eldiario.net\/portal\/2026\/04\/13\/oposicion-venezolana-presenta-un-plan-para-elecciones-libres\/#primaryimage"},"image":{"@id":"https:\/\/www.eldiario.net\/portal\/2026\/04\/13\/oposicion-venezolana-presenta-un-plan-para-elecciones-libres\/#primaryimage"},"thumbnailUrl":"https:\/\/www.eldiario.net\/portal\/wp-content\/uploads\/2023\/12\/Internacional.jpg","datePublished":"2026-04-13T11:10:22+00:00","breadcrumb":{"@id":"https:\/\/www.eldiario.net\/portal\/2026\/04\/13\/oposicion-venezolana-presenta-un-plan-para-elecciones-libres\/#breadcrumb"},"inLanguage":"es","potentialAction":[{"@type":"ReadAction","target":["https:\/\/www.eldiario.net\/portal\/2026\/04\/13\/oposicion-venezolana-presenta-un-plan-para-elecciones-libres\/"]}]},{"@type":"ImageObject","inLanguage":"es","@id":"https:\/\/www.eldiario.net\/portal\/2026\/04\/13\/oposicion-venezolana-presenta-un-plan-para-elecciones-libres\/#primaryimage","url":"https:\/\/www.eldiario.net\/portal\/wp-content\/uploads\/2023\/12\/Internacional.jpg","contentUrl":"https:\/\/www.eldiario.net\/portal\/wp-content\/uploads\/2023\/12\/Internacional.jpg","width":800,"height":500},{"@type":"BreadcrumbList","@id":"https:\/\/www.eldiario.net\/portal\/2026\/04\/13\/oposicion-venezolana-presenta-un-plan-para-elecciones-libres\/#breadcrumb","itemListElement":[{"@type":"ListItem","position":1,"name":"Portada","item":"https:\/\/www.eldiario.net\/portal\/"},{"@type":"ListItem","position":2,"name":"Oposici\u00f3n venezolana presenta un plan para elecciones \u201clibres\u201d"}]},{"@type":"WebSite","@id":"https:\/\/www.eldiario.net\/portal\/#website","url":"https:\/\/www.eldiario.net\/portal\/","name":"El Diario - Decano de la prensa nacional","description":"El Diario - Decano de la prensa nacional","publisher":{"@id":"https:\/\/www.eldiario.net\/portal\/#organization"},"potentialAction":[{"@type":"SearchAction","target":{"@type":"EntryPoint","urlTemplate":"https:\/\/www.eldiario.net\/portal\/?s={search_term_string}"},"query-input":{"@type":"PropertyValueSpecification","valueRequired":true,"valueName":"search_term_string"}}],"inLanguage":"es"},{"@type":"Organization","@id":"https:\/\/www.eldiario.net\/portal\/#organization","name":"El Diario - Decano de la prensa nacional","url":"https:\/\/www.eldiario.net\/portal\/","logo":{"@type":"ImageObject","inLanguage":"es","@id":"https:\/\/www.eldiario.net\/portal\/#\/schema\/logo\/image\/","url":"https:\/\/www.eldiario.net\/portal\/wp-content\/uploads\/2023\/07\/logo_ED.jpg","contentUrl":"https:\/\/www.eldiario.net\/portal\/wp-content\/uploads\/2023\/07\/logo_ED.jpg","width":272,"height":52,"caption":"El Diario - Decano de la prensa nacional"},"image":{"@id":"https:\/\/www.eldiario.net\/portal\/#\/schema\/logo\/image\/"},"sameAs":["https:\/\/www.facebook.com\/eldiario.bolivia\/","https:\/\/x.com\/eldiario_net"]},{"@type":"Person","@id":"https:\/\/www.eldiario.net\/portal\/#\/schema\/person\/2c57cf2b7a7ae032e449e4c9b1019eac","name":"Jeanette","image":{"@type":"ImageObject","inLanguage":"es","@id":"https:\/\/secure.gravatar.com\/avatar\/3ea2118a5f7dad2b7138b1187a6b7ee55f160b9968b66013c3a3ef39dd7e5798?s=96&d=mm&r=g","url":"https:\/\/secure.gravatar.com\/avatar\/3ea2118a5f7dad2b7138b1187a6b7ee55f160b9968b66013c3a3ef39dd7e5798?s=96&d=mm&r=g","contentUrl":"https:\/\/secure.gravatar.com\/avatar\/3ea2118a5f7dad2b7138b1187a6b7ee55f160b9968b66013c3a3ef39dd7e5798?s=96&d=mm&r=g","caption":"Jeanette"},"sameAs":["https:\/\/www.eldiario.net\/portal"],"url":"https:\/\/www.eldiario.net\/portal\/author\/jeanette\/"}]}},"_links":{"self":[{"href":"https:\/\/www.eldiario.net\/portal\/wp-json\/wp\/v2\/posts\/384812","targetHints":{"allow":["GET"]}}],"collection":[{"href":"https:\/\/www.eldiario.net\/portal\/wp-json\/wp\/v2\/posts"}],"about":[{"href":"https:\/\/www.eldiario.net\/portal\/wp-json\/wp\/v2\/types\/post"}],"author":[{"embeddable":true,"href":"https:\/\/www.eldiario.net\/portal\/wp-json\/wp\/v2\/users\/1"}],"replies":[{"embeddable":true,"href":"https:\/\/www.eldiario.net\/portal\/wp-json\/wp\/v2\/comments?post=384812"}],"version-history":[{"count":1,"href":"https:\/\/www.eldiario.net\/portal\/wp-json\/wp\/v2\/posts\/384812\/revisions"}],"predecessor-version":[{"id":384813,"href":"https:\/\/www.eldiario.net\/portal\/wp-json\/wp\/v2\/posts\/384812\/revisions\/384813"}],"wp:featuredmedia":[{"embeddable":true,"href":"https:\/\/www.eldiario.net\/portal\/wp-json\/wp\/v2\/media\/194703"}],"wp:attachment":[{"href":"https:\/\/www.eldiario.net\/portal\/wp-json\/wp\/v2\/media?parent=384812"}],"wp:term":[{"taxonomy":"category","embeddable":true,"href":"https:\/\/www.eldiario.net\/portal\/wp-json\/wp\/v2\/categories?post=384812"},{"taxonomy":"post_tag","embeddable":true,"href":"https:\/\/www.eldiario.net\/portal\/wp-json\/wp\/v2\/tags?post=384812"}],"curies":[{"name":"wp","href":"https:\/\/api.w.org\/{rel}","templated":true}]}}