{"id":383921,"date":"2026-04-10T06:43:46","date_gmt":"2026-04-10T10:43:46","guid":{"rendered":"https:\/\/www.eldiario.net\/portal\/?p=383921"},"modified":"2026-04-10T06:43:46","modified_gmt":"2026-04-10T10:43:46","slug":"la-guerra-que-dispara-el-precio-del-petroleo","status":"publish","type":"post","link":"https:\/\/www.eldiario.net\/portal\/2026\/04\/10\/la-guerra-que-dispara-el-precio-del-petroleo\/","title":{"rendered":"La guerra que dispara el precio del petr\u00f3leo"},"content":{"rendered":"<p>Mediante la operaci\u00f3n \u201cMartillo de media noche\u201d, el presidente Trump orden\u00f3 el 22 de junio de 2025, destruir tres plantas nucleares en Ir\u00e1n. Ocho meses despu\u00e9s, Estados Unidos comenz\u00f3 la guerra contra el pa\u00eds musulm\u00e1n, esta vez en alianza con el pa\u00eds jud\u00edo de Israel. El hecho ya tiene consecuencias en la econom\u00eda global, y es igualmente otro episodio de una vieja rivalidad entre Ir\u00e1n e Israel, envueltos muchas veces en una rivalidad sangrienta.<br \/>\nEl Oriente Medio ha sido, desde siempre, una regi\u00f3n conflictiva. Su pulso pol\u00edtico y religioso explica la inestabilidad en pa\u00edses como Ir\u00e1n, Irak, Israel, Jordania, Palestina, la Rep\u00fablica \u00c1rabe, Siria, Libia y Yemen, entre los m\u00e1s beligerantes.<br \/>\nPara los iran\u00edes, Israel es el \u201cpeque\u00f1o Sat\u00e1n\u201d, y su aliado Estados Unidos el \u201cgran Sat\u00e1n\u201d. La hostilidad ha dejado una enorme cantidad de muertos, a menudo resultado de acciones b\u00e9licas encubiertas, a trav\u00e9s de la organizaci\u00f3n terrorista libanesa Hezbol\u00e1, por una parte, y Ham\u00e1s, una organizaci\u00f3n extremista violenta, a la cual Ir\u00e1n ha patrocinado con ayuda militar y financiera, para que enfrente a Israel.<br \/>\nEl pa\u00eds islamita de Ir\u00e1n \u2013como se sabe\u2013 es una gran potencia energ\u00e9tica con grandes reservas de gas y petr\u00f3leo. Adem\u00e1s, veinte por ciento del petr\u00f3leo que consume el mundo navega por aguas del Golfo p\u00e9rsico, donde se encuentra el estrecho de Ormuz; esta ubicaci\u00f3n confiere al pa\u00eds iran\u00ed supremac\u00eda estrat\u00e9gica para el control del tr\u00e1fico petrolero en la regi\u00f3n.<br \/>\nEstados Unidos e Israel atacan desde el 28 de febrero de 2026, con incursiones a\u00e9reas sorpresa; mataron a l\u00edderes Ayatol\u00e1s y a varios comandantes del ej\u00e9rcito iran\u00ed; bombardearon sectores de la estructura nuclear, causaron da\u00f1os en plantas qu\u00edmicas, bases energ\u00e9ticas; inutilizaron puentes y aeropuertos.<br \/>\nEl petr\u00f3leo subi\u00f3 de 80 d\u00f3lares, como precio promedio, a 112 d\u00f3lares el barril. El Gobierno del Reino Unido conden\u00f3 la actitud de Ir\u00e1n por el cierre del estrecho de Ormuz. Calific\u00f3 la situaci\u00f3n como \u201cpeligrosa\u201d durante una reuni\u00f3n con representantes de m\u00e1s de 40 pa\u00edses que exigen la reapertura inmediata e incondicional del estrecho. \u201cIr\u00e1n est\u00e1 tratando de tomar como reh\u00e9n a la econom\u00eda mundial en el estrecho de Ormuz\u201d, sostienen en su declaraci\u00f3n.<br \/>\nLa guerra contra Ir\u00e1n deja a la vista los avances de la tecnolog\u00eda en materia armamentista: ondas electromagn\u00e9ticas para destruir misiles, aviones F-35, helic\u00f3pteros HH-60W, aviones B-2, lanzadoras subterr\u00e1neas de misiles; portaviones que transportan y operan aviones, helic\u00f3pteros y drones, buques de asalto anfibio; un cat\u00e1logo impresionante de activos letales para entrega instant\u00e1nea con precios millonarios (cada misil vale un mill\u00f3n de d\u00f3lares).<br \/>\nLos analistas comentan que la guerra estrat\u00e9gica es una derrota para Ir\u00e1n; las decisiones militares est\u00e1n ahora en manos del Grupo revolucionario iran\u00ed (GRI), que exige el cierre de todas las bases de EEUU en la zona, e indemnizaci\u00f3n por los da\u00f1os. No le falta raz\u00f3n, todav\u00eda tiene a favor la guerra del petr\u00f3leo, su dominio sobre el estrecho de Ormuz sigue intacto. Parece que viene la lucha \u201ccuerpo a cuerpo\u201d, ante el anuncio de sitiar la isla de Jarg (Kharg), lugar donde Ir\u00e1n almacena el noventa por ciento de su petr\u00f3leo destinado a la exportaci\u00f3n. Un error m\u00ednimo de c\u00e1lculo puede ser fatal, la diplomacia tiene un desaf\u00edo complicado.<\/p>\n<p>El autor es periodista.<\/p>\n","protected":false},"excerpt":{"rendered":"<p>Mediante la operaci\u00f3n \u201cMartillo de media noche\u201d, el presidente Trump orden\u00f3 el 22 de junio de 2025, destruir tres plantas nucleares en Ir\u00e1n. Ocho meses despu\u00e9s, Estados Unidos comenz\u00f3 la guerra contra el pa\u00eds musulm\u00e1n, esta vez en alianza con el pa\u00eds jud\u00edo de Israel. El hecho ya tiene consecuencias en la econom\u00eda global, y [&hellip;]<\/p>\n","protected":false},"author":1,"featured_media":166360,"comment_status":"closed","ping_status":"open","sticky":false,"template":"","format":"standard","meta":{"_acf_changed":false,"footnotes":""},"categories":[9],"tags":[],"class_list":["post-383921","post","type-post","status-publish","format-standard","has-post-thumbnail","category-opinion"],"acf":{"antetitulo":""},"yoast_head":"<!-- This site is optimized with the Yoast SEO plugin v28.4 - https:\/\/yoast.com\/product\/yoast-seo-wordpress\/ -->\n<title>La guerra que dispara el precio del petr\u00f3leo - El Diario - Bolivia<\/title>\n<meta name=\"robots\" content=\"index, follow, max-snippet:-1, max-image-preview:large, max-video-preview:-1\" \/>\n<link rel=\"canonical\" href=\"https:\/\/www.eldiario.net\/portal\/2026\/04\/10\/la-guerra-que-dispara-el-precio-del-petroleo\/\" \/>\n<meta property=\"og:locale\" content=\"es_ES\" \/>\n<meta property=\"og:type\" content=\"article\" \/>\n<meta property=\"og:title\" content=\"La guerra que dispara el precio del petr\u00f3leo - El Diario - Bolivia\" \/>\n<meta property=\"og:description\" content=\"Mediante la operaci\u00f3n \u201cMartillo de media noche\u201d, el presidente Trump orden\u00f3 el 22 de junio de 2025, destruir tres plantas nucleares en Ir\u00e1n. Ocho meses despu\u00e9s, Estados Unidos comenz\u00f3 la guerra contra el pa\u00eds musulm\u00e1n, esta vez en alianza con el pa\u00eds jud\u00edo de Israel. El hecho ya tiene consecuencias en la econom\u00eda global, y [&hellip;]\" \/>\n<meta property=\"og:url\" content=\"https:\/\/www.eldiario.net\/portal\/2026\/04\/10\/la-guerra-que-dispara-el-precio-del-petroleo\/\" \/>\n<meta property=\"og:site_name\" content=\"El Diario - Bolivia\" \/>\n<meta property=\"article:publisher\" content=\"https:\/\/www.facebook.com\/eldiario.bolivia\/\" \/>\n<meta property=\"article:published_time\" content=\"2026-04-10T10:43:46+00:00\" \/>\n<meta property=\"og:image\" content=\"https:\/\/www.eldiario.net\/portal\/wp-content\/uploads\/2023\/07\/Mario-Malpartida.jpg\" \/>\n\t<meta property=\"og:image:width\" content=\"1200\" \/>\n\t<meta property=\"og:image:height\" content=\"628\" \/>\n\t<meta property=\"og:image:type\" content=\"image\/jpeg\" \/>\n<meta name=\"author\" content=\"Jeanette\" \/>\n<meta name=\"twitter:card\" content=\"summary_large_image\" \/>\n<meta name=\"twitter:creator\" content=\"@eldiario_net\" \/>\n<meta name=\"twitter:site\" content=\"@eldiario_net\" \/>\n<meta name=\"twitter:label1\" content=\"Escrito por\" \/>\n\t<meta name=\"twitter:data1\" content=\"Jeanette\" \/>\n\t<meta name=\"twitter:label2\" content=\"Tiempo de lectura\" \/>\n\t<meta name=\"twitter:data2\" content=\"3 minutos\" \/>\n<script type=\"application\/ld+json\" class=\"yoast-schema-graph\">{\"@context\":\"https:\\\/\\\/schema.org\",\"@graph\":[{\"@type\":\"Article\",\"@id\":\"https:\\\/\\\/www.eldiario.net\\\/portal\\\/2026\\\/04\\\/10\\\/la-guerra-que-dispara-el-precio-del-petroleo\\\/#article\",\"isPartOf\":{\"@id\":\"https:\\\/\\\/www.eldiario.net\\\/portal\\\/2026\\\/04\\\/10\\\/la-guerra-que-dispara-el-precio-del-petroleo\\\/\"},\"author\":{\"name\":\"Jeanette\",\"@id\":\"https:\\\/\\\/www.eldiario.net\\\/portal\\\/#\\\/schema\\\/person\\\/2c57cf2b7a7ae032e449e4c9b1019eac\"},\"headline\":\"La guerra que dispara el precio del petr\u00f3leo\",\"datePublished\":\"2026-04-10T10:43:46+00:00\",\"mainEntityOfPage\":{\"@id\":\"https:\\\/\\\/www.eldiario.net\\\/portal\\\/2026\\\/04\\\/10\\\/la-guerra-que-dispara-el-precio-del-petroleo\\\/\"},\"wordCount\":616,\"publisher\":{\"@id\":\"https:\\\/\\\/www.eldiario.net\\\/portal\\\/#organization\"},\"image\":{\"@id\":\"https:\\\/\\\/www.eldiario.net\\\/portal\\\/2026\\\/04\\\/10\\\/la-guerra-que-dispara-el-precio-del-petroleo\\\/#primaryimage\"},\"thumbnailUrl\":\"https:\\\/\\\/www.eldiario.net\\\/portal\\\/wp-content\\\/uploads\\\/2023\\\/07\\\/Mario-Malpartida.jpg\",\"articleSection\":[\"Opini\u00f3n\"],\"inLanguage\":\"es\"},{\"@type\":\"WebPage\",\"@id\":\"https:\\\/\\\/www.eldiario.net\\\/portal\\\/2026\\\/04\\\/10\\\/la-guerra-que-dispara-el-precio-del-petroleo\\\/\",\"url\":\"https:\\\/\\\/www.eldiario.net\\\/portal\\\/2026\\\/04\\\/10\\\/la-guerra-que-dispara-el-precio-del-petroleo\\\/\",\"name\":\"La guerra que dispara el precio del petr\u00f3leo - El Diario - Bolivia\",\"isPartOf\":{\"@id\":\"https:\\\/\\\/www.eldiario.net\\\/portal\\\/#website\"},\"primaryImageOfPage\":{\"@id\":\"https:\\\/\\\/www.eldiario.net\\\/portal\\\/2026\\\/04\\\/10\\\/la-guerra-que-dispara-el-precio-del-petroleo\\\/#primaryimage\"},\"image\":{\"@id\":\"https:\\\/\\\/www.eldiario.net\\\/portal\\\/2026\\\/04\\\/10\\\/la-guerra-que-dispara-el-precio-del-petroleo\\\/#primaryimage\"},\"thumbnailUrl\":\"https:\\\/\\\/www.eldiario.net\\\/portal\\\/wp-content\\\/uploads\\\/2023\\\/07\\\/Mario-Malpartida.jpg\",\"datePublished\":\"2026-04-10T10:43:46+00:00\",\"breadcrumb\":{\"@id\":\"https:\\\/\\\/www.eldiario.net\\\/portal\\\/2026\\\/04\\\/10\\\/la-guerra-que-dispara-el-precio-del-petroleo\\\/#breadcrumb\"},\"inLanguage\":\"es\",\"potentialAction\":[{\"@type\":\"ReadAction\",\"target\":[\"https:\\\/\\\/www.eldiario.net\\\/portal\\\/2026\\\/04\\\/10\\\/la-guerra-que-dispara-el-precio-del-petroleo\\\/\"]}]},{\"@type\":\"ImageObject\",\"inLanguage\":\"es\",\"@id\":\"https:\\\/\\\/www.eldiario.net\\\/portal\\\/2026\\\/04\\\/10\\\/la-guerra-que-dispara-el-precio-del-petroleo\\\/#primaryimage\",\"url\":\"https:\\\/\\\/www.eldiario.net\\\/portal\\\/wp-content\\\/uploads\\\/2023\\\/07\\\/Mario-Malpartida.jpg\",\"contentUrl\":\"https:\\\/\\\/www.eldiario.net\\\/portal\\\/wp-content\\\/uploads\\\/2023\\\/07\\\/Mario-Malpartida.jpg\",\"width\":1200,\"height\":628,\"caption\":\"Mario Malpartida\"},{\"@type\":\"BreadcrumbList\",\"@id\":\"https:\\\/\\\/www.eldiario.net\\\/portal\\\/2026\\\/04\\\/10\\\/la-guerra-que-dispara-el-precio-del-petroleo\\\/#breadcrumb\",\"itemListElement\":[{\"@type\":\"ListItem\",\"position\":1,\"name\":\"Portada\",\"item\":\"https:\\\/\\\/www.eldiario.net\\\/portal\\\/\"},{\"@type\":\"ListItem\",\"position\":2,\"name\":\"La guerra que dispara el precio del petr\u00f3leo\"}]},{\"@type\":\"WebSite\",\"@id\":\"https:\\\/\\\/www.eldiario.net\\\/portal\\\/#website\",\"url\":\"https:\\\/\\\/www.eldiario.net\\\/portal\\\/\",\"name\":\"El Diario - Decano de la prensa nacional\",\"description\":\"El Diario - Decano de la prensa nacional\",\"publisher\":{\"@id\":\"https:\\\/\\\/www.eldiario.net\\\/portal\\\/#organization\"},\"potentialAction\":[{\"@type\":\"SearchAction\",\"target\":{\"@type\":\"EntryPoint\",\"urlTemplate\":\"https:\\\/\\\/www.eldiario.net\\\/portal\\\/?s={search_term_string}\"},\"query-input\":{\"@type\":\"PropertyValueSpecification\",\"valueRequired\":true,\"valueName\":\"search_term_string\"}}],\"inLanguage\":\"es\"},{\"@type\":\"Organization\",\"@id\":\"https:\\\/\\\/www.eldiario.net\\\/portal\\\/#organization\",\"name\":\"El Diario - Decano de la prensa nacional\",\"url\":\"https:\\\/\\\/www.eldiario.net\\\/portal\\\/\",\"logo\":{\"@type\":\"ImageObject\",\"inLanguage\":\"es\",\"@id\":\"https:\\\/\\\/www.eldiario.net\\\/portal\\\/#\\\/schema\\\/logo\\\/image\\\/\",\"url\":\"https:\\\/\\\/www.eldiario.net\\\/portal\\\/wp-content\\\/uploads\\\/2023\\\/07\\\/logo_ED.jpg\",\"contentUrl\":\"https:\\\/\\\/www.eldiario.net\\\/portal\\\/wp-content\\\/uploads\\\/2023\\\/07\\\/logo_ED.jpg\",\"width\":272,\"height\":52,\"caption\":\"El Diario - Decano de la prensa nacional\"},\"image\":{\"@id\":\"https:\\\/\\\/www.eldiario.net\\\/portal\\\/#\\\/schema\\\/logo\\\/image\\\/\"},\"sameAs\":[\"https:\\\/\\\/www.facebook.com\\\/eldiario.bolivia\\\/\",\"https:\\\/\\\/x.com\\\/eldiario_net\"]},{\"@type\":\"Person\",\"@id\":\"https:\\\/\\\/www.eldiario.net\\\/portal\\\/#\\\/schema\\\/person\\\/2c57cf2b7a7ae032e449e4c9b1019eac\",\"name\":\"Jeanette\",\"image\":{\"@type\":\"ImageObject\",\"inLanguage\":\"es\",\"@id\":\"https:\\\/\\\/secure.gravatar.com\\\/avatar\\\/3ea2118a5f7dad2b7138b1187a6b7ee55f160b9968b66013c3a3ef39dd7e5798?s=96&d=mm&r=g\",\"url\":\"https:\\\/\\\/secure.gravatar.com\\\/avatar\\\/3ea2118a5f7dad2b7138b1187a6b7ee55f160b9968b66013c3a3ef39dd7e5798?s=96&d=mm&r=g\",\"contentUrl\":\"https:\\\/\\\/secure.gravatar.com\\\/avatar\\\/3ea2118a5f7dad2b7138b1187a6b7ee55f160b9968b66013c3a3ef39dd7e5798?s=96&d=mm&r=g\",\"caption\":\"Jeanette\"},\"sameAs\":[\"https:\\\/\\\/www.eldiario.net\\\/portal\"],\"url\":\"https:\\\/\\\/www.eldiario.net\\\/portal\\\/author\\\/jeanette\\\/\"}]}<\/script>\n<!-- \/ Yoast SEO plugin. -->","yoast_head_json":{"title":"La guerra que dispara el precio del petr\u00f3leo - El Diario - Bolivia","robots":{"index":"index","follow":"follow","max-snippet":"max-snippet:-1","max-image-preview":"max-image-preview:large","max-video-preview":"max-video-preview:-1"},"canonical":"https:\/\/www.eldiario.net\/portal\/2026\/04\/10\/la-guerra-que-dispara-el-precio-del-petroleo\/","og_locale":"es_ES","og_type":"article","og_title":"La guerra que dispara el precio del petr\u00f3leo - El Diario - Bolivia","og_description":"Mediante la operaci\u00f3n \u201cMartillo de media noche\u201d, el presidente Trump orden\u00f3 el 22 de junio de 2025, destruir tres plantas nucleares en Ir\u00e1n. Ocho meses despu\u00e9s, Estados Unidos comenz\u00f3 la guerra contra el pa\u00eds musulm\u00e1n, esta vez en alianza con el pa\u00eds jud\u00edo de Israel. El hecho ya tiene consecuencias en la econom\u00eda global, y [&hellip;]","og_url":"https:\/\/www.eldiario.net\/portal\/2026\/04\/10\/la-guerra-que-dispara-el-precio-del-petroleo\/","og_site_name":"El Diario - Bolivia","article_publisher":"https:\/\/www.facebook.com\/eldiario.bolivia\/","article_published_time":"2026-04-10T10:43:46+00:00","og_image":[{"width":1200,"height":628,"url":"https:\/\/www.eldiario.net\/portal\/wp-content\/uploads\/2023\/07\/Mario-Malpartida.jpg","type":"image\/jpeg"}],"author":"Jeanette","twitter_card":"summary_large_image","twitter_creator":"@eldiario_net","twitter_site":"@eldiario_net","twitter_misc":{"Escrito por":"Jeanette","Tiempo de lectura":"3 minutos"},"schema":{"@context":"https:\/\/schema.org","@graph":[{"@type":"Article","@id":"https:\/\/www.eldiario.net\/portal\/2026\/04\/10\/la-guerra-que-dispara-el-precio-del-petroleo\/#article","isPartOf":{"@id":"https:\/\/www.eldiario.net\/portal\/2026\/04\/10\/la-guerra-que-dispara-el-precio-del-petroleo\/"},"author":{"name":"Jeanette","@id":"https:\/\/www.eldiario.net\/portal\/#\/schema\/person\/2c57cf2b7a7ae032e449e4c9b1019eac"},"headline":"La guerra que dispara el precio del petr\u00f3leo","datePublished":"2026-04-10T10:43:46+00:00","mainEntityOfPage":{"@id":"https:\/\/www.eldiario.net\/portal\/2026\/04\/10\/la-guerra-que-dispara-el-precio-del-petroleo\/"},"wordCount":616,"publisher":{"@id":"https:\/\/www.eldiario.net\/portal\/#organization"},"image":{"@id":"https:\/\/www.eldiario.net\/portal\/2026\/04\/10\/la-guerra-que-dispara-el-precio-del-petroleo\/#primaryimage"},"thumbnailUrl":"https:\/\/www.eldiario.net\/portal\/wp-content\/uploads\/2023\/07\/Mario-Malpartida.jpg","articleSection":["Opini\u00f3n"],"inLanguage":"es"},{"@type":"WebPage","@id":"https:\/\/www.eldiario.net\/portal\/2026\/04\/10\/la-guerra-que-dispara-el-precio-del-petroleo\/","url":"https:\/\/www.eldiario.net\/portal\/2026\/04\/10\/la-guerra-que-dispara-el-precio-del-petroleo\/","name":"La guerra que dispara el precio del petr\u00f3leo - El Diario - Bolivia","isPartOf":{"@id":"https:\/\/www.eldiario.net\/portal\/#website"},"primaryImageOfPage":{"@id":"https:\/\/www.eldiario.net\/portal\/2026\/04\/10\/la-guerra-que-dispara-el-precio-del-petroleo\/#primaryimage"},"image":{"@id":"https:\/\/www.eldiario.net\/portal\/2026\/04\/10\/la-guerra-que-dispara-el-precio-del-petroleo\/#primaryimage"},"thumbnailUrl":"https:\/\/www.eldiario.net\/portal\/wp-content\/uploads\/2023\/07\/Mario-Malpartida.jpg","datePublished":"2026-04-10T10:43:46+00:00","breadcrumb":{"@id":"https:\/\/www.eldiario.net\/portal\/2026\/04\/10\/la-guerra-que-dispara-el-precio-del-petroleo\/#breadcrumb"},"inLanguage":"es","potentialAction":[{"@type":"ReadAction","target":["https:\/\/www.eldiario.net\/portal\/2026\/04\/10\/la-guerra-que-dispara-el-precio-del-petroleo\/"]}]},{"@type":"ImageObject","inLanguage":"es","@id":"https:\/\/www.eldiario.net\/portal\/2026\/04\/10\/la-guerra-que-dispara-el-precio-del-petroleo\/#primaryimage","url":"https:\/\/www.eldiario.net\/portal\/wp-content\/uploads\/2023\/07\/Mario-Malpartida.jpg","contentUrl":"https:\/\/www.eldiario.net\/portal\/wp-content\/uploads\/2023\/07\/Mario-Malpartida.jpg","width":1200,"height":628,"caption":"Mario Malpartida"},{"@type":"BreadcrumbList","@id":"https:\/\/www.eldiario.net\/portal\/2026\/04\/10\/la-guerra-que-dispara-el-precio-del-petroleo\/#breadcrumb","itemListElement":[{"@type":"ListItem","position":1,"name":"Portada","item":"https:\/\/www.eldiario.net\/portal\/"},{"@type":"ListItem","position":2,"name":"La guerra que dispara el precio del petr\u00f3leo"}]},{"@type":"WebSite","@id":"https:\/\/www.eldiario.net\/portal\/#website","url":"https:\/\/www.eldiario.net\/portal\/","name":"El Diario - Decano de la prensa nacional","description":"El Diario - Decano de la prensa nacional","publisher":{"@id":"https:\/\/www.eldiario.net\/portal\/#organization"},"potentialAction":[{"@type":"SearchAction","target":{"@type":"EntryPoint","urlTemplate":"https:\/\/www.eldiario.net\/portal\/?s={search_term_string}"},"query-input":{"@type":"PropertyValueSpecification","valueRequired":true,"valueName":"search_term_string"}}],"inLanguage":"es"},{"@type":"Organization","@id":"https:\/\/www.eldiario.net\/portal\/#organization","name":"El Diario - Decano de la prensa nacional","url":"https:\/\/www.eldiario.net\/portal\/","logo":{"@type":"ImageObject","inLanguage":"es","@id":"https:\/\/www.eldiario.net\/portal\/#\/schema\/logo\/image\/","url":"https:\/\/www.eldiario.net\/portal\/wp-content\/uploads\/2023\/07\/logo_ED.jpg","contentUrl":"https:\/\/www.eldiario.net\/portal\/wp-content\/uploads\/2023\/07\/logo_ED.jpg","width":272,"height":52,"caption":"El Diario - Decano de la prensa nacional"},"image":{"@id":"https:\/\/www.eldiario.net\/portal\/#\/schema\/logo\/image\/"},"sameAs":["https:\/\/www.facebook.com\/eldiario.bolivia\/","https:\/\/x.com\/eldiario_net"]},{"@type":"Person","@id":"https:\/\/www.eldiario.net\/portal\/#\/schema\/person\/2c57cf2b7a7ae032e449e4c9b1019eac","name":"Jeanette","image":{"@type":"ImageObject","inLanguage":"es","@id":"https:\/\/secure.gravatar.com\/avatar\/3ea2118a5f7dad2b7138b1187a6b7ee55f160b9968b66013c3a3ef39dd7e5798?s=96&d=mm&r=g","url":"https:\/\/secure.gravatar.com\/avatar\/3ea2118a5f7dad2b7138b1187a6b7ee55f160b9968b66013c3a3ef39dd7e5798?s=96&d=mm&r=g","contentUrl":"https:\/\/secure.gravatar.com\/avatar\/3ea2118a5f7dad2b7138b1187a6b7ee55f160b9968b66013c3a3ef39dd7e5798?s=96&d=mm&r=g","caption":"Jeanette"},"sameAs":["https:\/\/www.eldiario.net\/portal"],"url":"https:\/\/www.eldiario.net\/portal\/author\/jeanette\/"}]}},"_links":{"self":[{"href":"https:\/\/www.eldiario.net\/portal\/wp-json\/wp\/v2\/posts\/383921","targetHints":{"allow":["GET"]}}],"collection":[{"href":"https:\/\/www.eldiario.net\/portal\/wp-json\/wp\/v2\/posts"}],"about":[{"href":"https:\/\/www.eldiario.net\/portal\/wp-json\/wp\/v2\/types\/post"}],"author":[{"embeddable":true,"href":"https:\/\/www.eldiario.net\/portal\/wp-json\/wp\/v2\/users\/1"}],"replies":[{"embeddable":true,"href":"https:\/\/www.eldiario.net\/portal\/wp-json\/wp\/v2\/comments?post=383921"}],"version-history":[{"count":1,"href":"https:\/\/www.eldiario.net\/portal\/wp-json\/wp\/v2\/posts\/383921\/revisions"}],"predecessor-version":[{"id":383922,"href":"https:\/\/www.eldiario.net\/portal\/wp-json\/wp\/v2\/posts\/383921\/revisions\/383922"}],"wp:featuredmedia":[{"embeddable":true,"href":"https:\/\/www.eldiario.net\/portal\/wp-json\/wp\/v2\/media\/166360"}],"wp:attachment":[{"href":"https:\/\/www.eldiario.net\/portal\/wp-json\/wp\/v2\/media?parent=383921"}],"wp:term":[{"taxonomy":"category","embeddable":true,"href":"https:\/\/www.eldiario.net\/portal\/wp-json\/wp\/v2\/categories?post=383921"},{"taxonomy":"post_tag","embeddable":true,"href":"https:\/\/www.eldiario.net\/portal\/wp-json\/wp\/v2\/tags?post=383921"}],"curies":[{"name":"wp","href":"https:\/\/api.w.org\/{rel}","templated":true}]}}