{"id":383913,"date":"2026-04-10T06:41:09","date_gmt":"2026-04-10T10:41:09","guid":{"rendered":"https:\/\/www.eldiario.net\/portal\/?p=383913"},"modified":"2026-04-10T06:41:09","modified_gmt":"2026-04-10T10:41:09","slug":"formacion-tecnico-profesional-da-mayor-oportunidad-de-empleo","status":"publish","type":"post","link":"https:\/\/www.eldiario.net\/portal\/2026\/04\/10\/formacion-tecnico-profesional-da-mayor-oportunidad-de-empleo\/","title":{"rendered":"Formaci\u00f3n t\u00e9cnico-profesional  da mayor oportunidad de empleo"},"content":{"rendered":"<p>De acuerdo con el estudio \u201cEducaci\u00f3n y formaci\u00f3n t\u00e9cnico-profesional en Am\u00e9rica Latina en el marco de la digitalizaci\u00f3n\u201d, capacitarse en profesiones con este tipo de \u00e1reas, son una alternativa importante para los j\u00f3venes, pues tienen mayor oportunidad de acceder a empleos.<br \/>\n\u201cLa educaci\u00f3n t\u00e9cnica-profesional es una alternativa real para los j\u00f3venes\u201d, se\u00f1al\u00f3 la directora binacional Per\u00fa-Bolivia, de la Fundaci\u00f3n Ayuda en Acci\u00f3n, Isabel Caj\u00edas, a tiempo de explicar que la aseveraci\u00f3n est\u00e1 sustentada en el Informe desarrollado entre la Fundaci\u00f3n Ayuda en Acci\u00f3n con la Cepal, que trata \u201csobre la transici\u00f3n de los j\u00f3venes en un mundo de digitalizaci\u00f3n, de esta transici\u00f3n de la educaci\u00f3n al empleo\u201d.<br \/>\nEn ese marco, la experta explic\u00f3 que, al egresar del colegio, muchos j\u00f3venes y los padres de familia creen que el bachiller tiene que ir en busca de una licenciatura, pero \u201csabemos que no es tan f\u00e1cil, porque algunos, incluso, tienen que dejar sus casas para ir a estudiar a los centros poblados, a las capitales, entonces muchos de ellos (j\u00f3venes) lo abandonan, porque no tienen las condiciones econ\u00f3micas para sustentar cinco a\u00f1os de estudio\u201d.<br \/>\nEn cambio, la educaci\u00f3n t\u00e9cnica es m\u00e1s corta, pues se puede sacar un t\u00e9cnico medio en un a\u00f1o o un t\u00e9cnico superior, en dos y tres a\u00f1os.<br \/>\nAdem\u00e1s, seg\u00fan resultados del estudio, \u201cun joven que ha pasado por la formaci\u00f3n t\u00e9cnica, por lo menos un BTH (bachillerato t\u00e9cnico human\u00edstico), respecto a uno que ha salido de un bachillerato humanista tiene un 24 por ciento de mejor calidad de su educaci\u00f3n\u201d.<br \/>\nEsta situaci\u00f3n se justificar\u00eda porque los bachilleratos t\u00e9cnicos son pr\u00e1cticos, los estudiantes aplican lo que aprenden.<br \/>\nOtro dato interesante, consiste en que el 40% de los j\u00f3venes que han estudiado una formaci\u00f3n t\u00e9cnica, en relaci\u00f3n con los que no tuvieron ese tipo de estudio, tienen m\u00e1s probabilidad de encontrar un empleo, incluso, entre 10 y 15% de ellos superan la pobreza.<br \/>\nESTUDIO<br \/>\nCaj\u00edas manifest\u00f3 que el informe \u201cEducaci\u00f3n y formaci\u00f3n t\u00e9cnico-profesional en Am\u00e9rica Latina en el marco de la digitalizaci\u00f3n\u201d tambi\u00e9n permite saber \u201cc\u00f3mo es que la digitalizaci\u00f3n puede afectar los cargos que ya existen ahora, y que van a existir en el futuro. C\u00f3mo podemos hacer para que esos j\u00f3venes, sobre todo los m\u00e1s vulnerables, aprovechen las oportunidades y mitiguen los riesgos de esta transici\u00f3n digital que, como todos sabemos, est\u00e1 en el d\u00eda a d\u00eda nuestro y avanza con pasos agigantados\u201d.<\/p>\n","protected":false},"excerpt":{"rendered":"<p>De acuerdo con el estudio \u201cEducaci\u00f3n y formaci\u00f3n t\u00e9cnico-profesional en Am\u00e9rica Latina en el marco de la digitalizaci\u00f3n\u201d, capacitarse en profesiones con este tipo de \u00e1reas, son una alternativa importante para los j\u00f3venes, pues tienen mayor oportunidad de acceder a empleos. \u201cLa educaci\u00f3n t\u00e9cnica-profesional es una alternativa real para los j\u00f3venes\u201d, se\u00f1al\u00f3 la directora binacional [&hellip;]<\/p>\n","protected":false},"author":1,"featured_media":383914,"comment_status":"closed","ping_status":"open","sticky":false,"template":"","format":"standard","meta":{"_acf_changed":false,"footnotes":""},"categories":[12],"tags":[],"class_list":["post-383913","post","type-post","status-publish","format-standard","has-post-thumbnail","category-nacional"],"acf":{"antetitulo":"Informe de Cepal y Ayuda en Acci\u00f3n"},"yoast_head":"<!-- This site is optimized with the Yoast SEO plugin v28.4 - https:\/\/yoast.com\/product\/yoast-seo-wordpress\/ -->\n<title>Formaci\u00f3n t\u00e9cnico-profesional da mayor oportunidad de empleo - El Diario - Bolivia<\/title>\n<meta name=\"robots\" content=\"index, follow, max-snippet:-1, max-image-preview:large, max-video-preview:-1\" \/>\n<link rel=\"canonical\" href=\"https:\/\/www.eldiario.net\/portal\/2026\/04\/10\/formacion-tecnico-profesional-da-mayor-oportunidad-de-empleo\/\" \/>\n<meta property=\"og:locale\" content=\"es_ES\" \/>\n<meta property=\"og:type\" content=\"article\" \/>\n<meta property=\"og:title\" content=\"Formaci\u00f3n t\u00e9cnico-profesional da mayor oportunidad de empleo - El Diario - Bolivia\" \/>\n<meta property=\"og:description\" content=\"De acuerdo con el estudio \u201cEducaci\u00f3n y formaci\u00f3n t\u00e9cnico-profesional en Am\u00e9rica Latina en el marco de la digitalizaci\u00f3n\u201d, capacitarse en profesiones con este tipo de \u00e1reas, son una alternativa importante para los j\u00f3venes, pues tienen mayor oportunidad de acceder a empleos. \u201cLa educaci\u00f3n t\u00e9cnica-profesional es una alternativa real para los j\u00f3venes\u201d, se\u00f1al\u00f3 la directora binacional [&hellip;]\" \/>\n<meta property=\"og:url\" content=\"https:\/\/www.eldiario.net\/portal\/2026\/04\/10\/formacion-tecnico-profesional-da-mayor-oportunidad-de-empleo\/\" \/>\n<meta property=\"og:site_name\" content=\"El Diario - Bolivia\" \/>\n<meta property=\"article:publisher\" content=\"https:\/\/www.facebook.com\/eldiario.bolivia\/\" \/>\n<meta property=\"article:published_time\" content=\"2026-04-10T10:41:09+00:00\" \/>\n<meta property=\"og:image\" content=\"https:\/\/www.eldiario.net\/portal\/wp-content\/uploads\/2026\/04\/F-1-informe.webp\" \/>\n\t<meta property=\"og:image:width\" content=\"1600\" \/>\n\t<meta property=\"og:image:height\" content=\"1067\" \/>\n\t<meta property=\"og:image:type\" content=\"image\/webp\" \/>\n<meta name=\"author\" content=\"Jeanette\" \/>\n<meta name=\"twitter:card\" content=\"summary_large_image\" \/>\n<meta name=\"twitter:creator\" content=\"@eldiario_net\" \/>\n<meta name=\"twitter:site\" content=\"@eldiario_net\" \/>\n<meta name=\"twitter:label1\" content=\"Escrito por\" \/>\n\t<meta name=\"twitter:data1\" content=\"Jeanette\" \/>\n\t<meta name=\"twitter:label2\" content=\"Tiempo de lectura\" \/>\n\t<meta name=\"twitter:data2\" content=\"3 minutos\" \/>\n<script type=\"application\/ld+json\" class=\"yoast-schema-graph\">{\"@context\":\"https:\\\/\\\/schema.org\",\"@graph\":[{\"@type\":\"Article\",\"@id\":\"https:\\\/\\\/www.eldiario.net\\\/portal\\\/2026\\\/04\\\/10\\\/formacion-tecnico-profesional-da-mayor-oportunidad-de-empleo\\\/#article\",\"isPartOf\":{\"@id\":\"https:\\\/\\\/www.eldiario.net\\\/portal\\\/2026\\\/04\\\/10\\\/formacion-tecnico-profesional-da-mayor-oportunidad-de-empleo\\\/\"},\"author\":{\"name\":\"Jeanette\",\"@id\":\"https:\\\/\\\/www.eldiario.net\\\/portal\\\/#\\\/schema\\\/person\\\/2c57cf2b7a7ae032e449e4c9b1019eac\"},\"headline\":\"Formaci\u00f3n t\u00e9cnico-profesional da mayor oportunidad de empleo\",\"datePublished\":\"2026-04-10T10:41:09+00:00\",\"mainEntityOfPage\":{\"@id\":\"https:\\\/\\\/www.eldiario.net\\\/portal\\\/2026\\\/04\\\/10\\\/formacion-tecnico-profesional-da-mayor-oportunidad-de-empleo\\\/\"},\"wordCount\":465,\"publisher\":{\"@id\":\"https:\\\/\\\/www.eldiario.net\\\/portal\\\/#organization\"},\"image\":{\"@id\":\"https:\\\/\\\/www.eldiario.net\\\/portal\\\/2026\\\/04\\\/10\\\/formacion-tecnico-profesional-da-mayor-oportunidad-de-empleo\\\/#primaryimage\"},\"thumbnailUrl\":\"https:\\\/\\\/www.eldiario.net\\\/portal\\\/wp-content\\\/uploads\\\/2026\\\/04\\\/F-1-informe.webp\",\"articleSection\":[\"Nacional\"],\"inLanguage\":\"es\"},{\"@type\":\"WebPage\",\"@id\":\"https:\\\/\\\/www.eldiario.net\\\/portal\\\/2026\\\/04\\\/10\\\/formacion-tecnico-profesional-da-mayor-oportunidad-de-empleo\\\/\",\"url\":\"https:\\\/\\\/www.eldiario.net\\\/portal\\\/2026\\\/04\\\/10\\\/formacion-tecnico-profesional-da-mayor-oportunidad-de-empleo\\\/\",\"name\":\"Formaci\u00f3n t\u00e9cnico-profesional da mayor oportunidad de empleo - El Diario - Bolivia\",\"isPartOf\":{\"@id\":\"https:\\\/\\\/www.eldiario.net\\\/portal\\\/#website\"},\"primaryImageOfPage\":{\"@id\":\"https:\\\/\\\/www.eldiario.net\\\/portal\\\/2026\\\/04\\\/10\\\/formacion-tecnico-profesional-da-mayor-oportunidad-de-empleo\\\/#primaryimage\"},\"image\":{\"@id\":\"https:\\\/\\\/www.eldiario.net\\\/portal\\\/2026\\\/04\\\/10\\\/formacion-tecnico-profesional-da-mayor-oportunidad-de-empleo\\\/#primaryimage\"},\"thumbnailUrl\":\"https:\\\/\\\/www.eldiario.net\\\/portal\\\/wp-content\\\/uploads\\\/2026\\\/04\\\/F-1-informe.webp\",\"datePublished\":\"2026-04-10T10:41:09+00:00\",\"breadcrumb\":{\"@id\":\"https:\\\/\\\/www.eldiario.net\\\/portal\\\/2026\\\/04\\\/10\\\/formacion-tecnico-profesional-da-mayor-oportunidad-de-empleo\\\/#breadcrumb\"},\"inLanguage\":\"es\",\"potentialAction\":[{\"@type\":\"ReadAction\",\"target\":[\"https:\\\/\\\/www.eldiario.net\\\/portal\\\/2026\\\/04\\\/10\\\/formacion-tecnico-profesional-da-mayor-oportunidad-de-empleo\\\/\"]}]},{\"@type\":\"ImageObject\",\"inLanguage\":\"es\",\"@id\":\"https:\\\/\\\/www.eldiario.net\\\/portal\\\/2026\\\/04\\\/10\\\/formacion-tecnico-profesional-da-mayor-oportunidad-de-empleo\\\/#primaryimage\",\"url\":\"https:\\\/\\\/www.eldiario.net\\\/portal\\\/wp-content\\\/uploads\\\/2026\\\/04\\\/F-1-informe.webp\",\"contentUrl\":\"https:\\\/\\\/www.eldiario.net\\\/portal\\\/wp-content\\\/uploads\\\/2026\\\/04\\\/F-1-informe.webp\",\"width\":1600,\"height\":1067,\"caption\":\"La Directora binacional Per\u00fa-Bolivia, de la Fundaci\u00f3n Ayuda en Acci\u00f3n, Isabel Caj\u00edas.\"},{\"@type\":\"BreadcrumbList\",\"@id\":\"https:\\\/\\\/www.eldiario.net\\\/portal\\\/2026\\\/04\\\/10\\\/formacion-tecnico-profesional-da-mayor-oportunidad-de-empleo\\\/#breadcrumb\",\"itemListElement\":[{\"@type\":\"ListItem\",\"position\":1,\"name\":\"Portada\",\"item\":\"https:\\\/\\\/www.eldiario.net\\\/portal\\\/\"},{\"@type\":\"ListItem\",\"position\":2,\"name\":\"Formaci\u00f3n t\u00e9cnico-profesional da mayor oportunidad de empleo\"}]},{\"@type\":\"WebSite\",\"@id\":\"https:\\\/\\\/www.eldiario.net\\\/portal\\\/#website\",\"url\":\"https:\\\/\\\/www.eldiario.net\\\/portal\\\/\",\"name\":\"El Diario - Decano de la prensa nacional\",\"description\":\"El Diario - Decano de la prensa nacional\",\"publisher\":{\"@id\":\"https:\\\/\\\/www.eldiario.net\\\/portal\\\/#organization\"},\"potentialAction\":[{\"@type\":\"SearchAction\",\"target\":{\"@type\":\"EntryPoint\",\"urlTemplate\":\"https:\\\/\\\/www.eldiario.net\\\/portal\\\/?s={search_term_string}\"},\"query-input\":{\"@type\":\"PropertyValueSpecification\",\"valueRequired\":true,\"valueName\":\"search_term_string\"}}],\"inLanguage\":\"es\"},{\"@type\":\"Organization\",\"@id\":\"https:\\\/\\\/www.eldiario.net\\\/portal\\\/#organization\",\"name\":\"El Diario - Decano de la prensa nacional\",\"url\":\"https:\\\/\\\/www.eldiario.net\\\/portal\\\/\",\"logo\":{\"@type\":\"ImageObject\",\"inLanguage\":\"es\",\"@id\":\"https:\\\/\\\/www.eldiario.net\\\/portal\\\/#\\\/schema\\\/logo\\\/image\\\/\",\"url\":\"https:\\\/\\\/www.eldiario.net\\\/portal\\\/wp-content\\\/uploads\\\/2023\\\/07\\\/logo_ED.jpg\",\"contentUrl\":\"https:\\\/\\\/www.eldiario.net\\\/portal\\\/wp-content\\\/uploads\\\/2023\\\/07\\\/logo_ED.jpg\",\"width\":272,\"height\":52,\"caption\":\"El Diario - Decano de la prensa nacional\"},\"image\":{\"@id\":\"https:\\\/\\\/www.eldiario.net\\\/portal\\\/#\\\/schema\\\/logo\\\/image\\\/\"},\"sameAs\":[\"https:\\\/\\\/www.facebook.com\\\/eldiario.bolivia\\\/\",\"https:\\\/\\\/x.com\\\/eldiario_net\"]},{\"@type\":\"Person\",\"@id\":\"https:\\\/\\\/www.eldiario.net\\\/portal\\\/#\\\/schema\\\/person\\\/2c57cf2b7a7ae032e449e4c9b1019eac\",\"name\":\"Jeanette\",\"image\":{\"@type\":\"ImageObject\",\"inLanguage\":\"es\",\"@id\":\"https:\\\/\\\/secure.gravatar.com\\\/avatar\\\/3ea2118a5f7dad2b7138b1187a6b7ee55f160b9968b66013c3a3ef39dd7e5798?s=96&d=mm&r=g\",\"url\":\"https:\\\/\\\/secure.gravatar.com\\\/avatar\\\/3ea2118a5f7dad2b7138b1187a6b7ee55f160b9968b66013c3a3ef39dd7e5798?s=96&d=mm&r=g\",\"contentUrl\":\"https:\\\/\\\/secure.gravatar.com\\\/avatar\\\/3ea2118a5f7dad2b7138b1187a6b7ee55f160b9968b66013c3a3ef39dd7e5798?s=96&d=mm&r=g\",\"caption\":\"Jeanette\"},\"sameAs\":[\"https:\\\/\\\/www.eldiario.net\\\/portal\"],\"url\":\"https:\\\/\\\/www.eldiario.net\\\/portal\\\/author\\\/jeanette\\\/\"}]}<\/script>\n<!-- \/ Yoast SEO plugin. -->","yoast_head_json":{"title":"Formaci\u00f3n t\u00e9cnico-profesional da mayor oportunidad de empleo - El Diario - Bolivia","robots":{"index":"index","follow":"follow","max-snippet":"max-snippet:-1","max-image-preview":"max-image-preview:large","max-video-preview":"max-video-preview:-1"},"canonical":"https:\/\/www.eldiario.net\/portal\/2026\/04\/10\/formacion-tecnico-profesional-da-mayor-oportunidad-de-empleo\/","og_locale":"es_ES","og_type":"article","og_title":"Formaci\u00f3n t\u00e9cnico-profesional da mayor oportunidad de empleo - El Diario - Bolivia","og_description":"De acuerdo con el estudio \u201cEducaci\u00f3n y formaci\u00f3n t\u00e9cnico-profesional en Am\u00e9rica Latina en el marco de la digitalizaci\u00f3n\u201d, capacitarse en profesiones con este tipo de \u00e1reas, son una alternativa importante para los j\u00f3venes, pues tienen mayor oportunidad de acceder a empleos. \u201cLa educaci\u00f3n t\u00e9cnica-profesional es una alternativa real para los j\u00f3venes\u201d, se\u00f1al\u00f3 la directora binacional [&hellip;]","og_url":"https:\/\/www.eldiario.net\/portal\/2026\/04\/10\/formacion-tecnico-profesional-da-mayor-oportunidad-de-empleo\/","og_site_name":"El Diario - Bolivia","article_publisher":"https:\/\/www.facebook.com\/eldiario.bolivia\/","article_published_time":"2026-04-10T10:41:09+00:00","og_image":[{"width":1600,"height":1067,"url":"https:\/\/www.eldiario.net\/portal\/wp-content\/uploads\/2026\/04\/F-1-informe.webp","type":"image\/webp"}],"author":"Jeanette","twitter_card":"summary_large_image","twitter_creator":"@eldiario_net","twitter_site":"@eldiario_net","twitter_misc":{"Escrito por":"Jeanette","Tiempo de lectura":"3 minutos"},"schema":{"@context":"https:\/\/schema.org","@graph":[{"@type":"Article","@id":"https:\/\/www.eldiario.net\/portal\/2026\/04\/10\/formacion-tecnico-profesional-da-mayor-oportunidad-de-empleo\/#article","isPartOf":{"@id":"https:\/\/www.eldiario.net\/portal\/2026\/04\/10\/formacion-tecnico-profesional-da-mayor-oportunidad-de-empleo\/"},"author":{"name":"Jeanette","@id":"https:\/\/www.eldiario.net\/portal\/#\/schema\/person\/2c57cf2b7a7ae032e449e4c9b1019eac"},"headline":"Formaci\u00f3n t\u00e9cnico-profesional da mayor oportunidad de empleo","datePublished":"2026-04-10T10:41:09+00:00","mainEntityOfPage":{"@id":"https:\/\/www.eldiario.net\/portal\/2026\/04\/10\/formacion-tecnico-profesional-da-mayor-oportunidad-de-empleo\/"},"wordCount":465,"publisher":{"@id":"https:\/\/www.eldiario.net\/portal\/#organization"},"image":{"@id":"https:\/\/www.eldiario.net\/portal\/2026\/04\/10\/formacion-tecnico-profesional-da-mayor-oportunidad-de-empleo\/#primaryimage"},"thumbnailUrl":"https:\/\/www.eldiario.net\/portal\/wp-content\/uploads\/2026\/04\/F-1-informe.webp","articleSection":["Nacional"],"inLanguage":"es"},{"@type":"WebPage","@id":"https:\/\/www.eldiario.net\/portal\/2026\/04\/10\/formacion-tecnico-profesional-da-mayor-oportunidad-de-empleo\/","url":"https:\/\/www.eldiario.net\/portal\/2026\/04\/10\/formacion-tecnico-profesional-da-mayor-oportunidad-de-empleo\/","name":"Formaci\u00f3n t\u00e9cnico-profesional da mayor oportunidad de empleo - El Diario - Bolivia","isPartOf":{"@id":"https:\/\/www.eldiario.net\/portal\/#website"},"primaryImageOfPage":{"@id":"https:\/\/www.eldiario.net\/portal\/2026\/04\/10\/formacion-tecnico-profesional-da-mayor-oportunidad-de-empleo\/#primaryimage"},"image":{"@id":"https:\/\/www.eldiario.net\/portal\/2026\/04\/10\/formacion-tecnico-profesional-da-mayor-oportunidad-de-empleo\/#primaryimage"},"thumbnailUrl":"https:\/\/www.eldiario.net\/portal\/wp-content\/uploads\/2026\/04\/F-1-informe.webp","datePublished":"2026-04-10T10:41:09+00:00","breadcrumb":{"@id":"https:\/\/www.eldiario.net\/portal\/2026\/04\/10\/formacion-tecnico-profesional-da-mayor-oportunidad-de-empleo\/#breadcrumb"},"inLanguage":"es","potentialAction":[{"@type":"ReadAction","target":["https:\/\/www.eldiario.net\/portal\/2026\/04\/10\/formacion-tecnico-profesional-da-mayor-oportunidad-de-empleo\/"]}]},{"@type":"ImageObject","inLanguage":"es","@id":"https:\/\/www.eldiario.net\/portal\/2026\/04\/10\/formacion-tecnico-profesional-da-mayor-oportunidad-de-empleo\/#primaryimage","url":"https:\/\/www.eldiario.net\/portal\/wp-content\/uploads\/2026\/04\/F-1-informe.webp","contentUrl":"https:\/\/www.eldiario.net\/portal\/wp-content\/uploads\/2026\/04\/F-1-informe.webp","width":1600,"height":1067,"caption":"La Directora binacional Per\u00fa-Bolivia, de la Fundaci\u00f3n Ayuda en Acci\u00f3n, Isabel Caj\u00edas."},{"@type":"BreadcrumbList","@id":"https:\/\/www.eldiario.net\/portal\/2026\/04\/10\/formacion-tecnico-profesional-da-mayor-oportunidad-de-empleo\/#breadcrumb","itemListElement":[{"@type":"ListItem","position":1,"name":"Portada","item":"https:\/\/www.eldiario.net\/portal\/"},{"@type":"ListItem","position":2,"name":"Formaci\u00f3n t\u00e9cnico-profesional da mayor oportunidad de empleo"}]},{"@type":"WebSite","@id":"https:\/\/www.eldiario.net\/portal\/#website","url":"https:\/\/www.eldiario.net\/portal\/","name":"El Diario - Decano de la prensa nacional","description":"El Diario - Decano de la prensa nacional","publisher":{"@id":"https:\/\/www.eldiario.net\/portal\/#organization"},"potentialAction":[{"@type":"SearchAction","target":{"@type":"EntryPoint","urlTemplate":"https:\/\/www.eldiario.net\/portal\/?s={search_term_string}"},"query-input":{"@type":"PropertyValueSpecification","valueRequired":true,"valueName":"search_term_string"}}],"inLanguage":"es"},{"@type":"Organization","@id":"https:\/\/www.eldiario.net\/portal\/#organization","name":"El Diario - Decano de la prensa nacional","url":"https:\/\/www.eldiario.net\/portal\/","logo":{"@type":"ImageObject","inLanguage":"es","@id":"https:\/\/www.eldiario.net\/portal\/#\/schema\/logo\/image\/","url":"https:\/\/www.eldiario.net\/portal\/wp-content\/uploads\/2023\/07\/logo_ED.jpg","contentUrl":"https:\/\/www.eldiario.net\/portal\/wp-content\/uploads\/2023\/07\/logo_ED.jpg","width":272,"height":52,"caption":"El Diario - Decano de la prensa nacional"},"image":{"@id":"https:\/\/www.eldiario.net\/portal\/#\/schema\/logo\/image\/"},"sameAs":["https:\/\/www.facebook.com\/eldiario.bolivia\/","https:\/\/x.com\/eldiario_net"]},{"@type":"Person","@id":"https:\/\/www.eldiario.net\/portal\/#\/schema\/person\/2c57cf2b7a7ae032e449e4c9b1019eac","name":"Jeanette","image":{"@type":"ImageObject","inLanguage":"es","@id":"https:\/\/secure.gravatar.com\/avatar\/3ea2118a5f7dad2b7138b1187a6b7ee55f160b9968b66013c3a3ef39dd7e5798?s=96&d=mm&r=g","url":"https:\/\/secure.gravatar.com\/avatar\/3ea2118a5f7dad2b7138b1187a6b7ee55f160b9968b66013c3a3ef39dd7e5798?s=96&d=mm&r=g","contentUrl":"https:\/\/secure.gravatar.com\/avatar\/3ea2118a5f7dad2b7138b1187a6b7ee55f160b9968b66013c3a3ef39dd7e5798?s=96&d=mm&r=g","caption":"Jeanette"},"sameAs":["https:\/\/www.eldiario.net\/portal"],"url":"https:\/\/www.eldiario.net\/portal\/author\/jeanette\/"}]}},"_links":{"self":[{"href":"https:\/\/www.eldiario.net\/portal\/wp-json\/wp\/v2\/posts\/383913","targetHints":{"allow":["GET"]}}],"collection":[{"href":"https:\/\/www.eldiario.net\/portal\/wp-json\/wp\/v2\/posts"}],"about":[{"href":"https:\/\/www.eldiario.net\/portal\/wp-json\/wp\/v2\/types\/post"}],"author":[{"embeddable":true,"href":"https:\/\/www.eldiario.net\/portal\/wp-json\/wp\/v2\/users\/1"}],"replies":[{"embeddable":true,"href":"https:\/\/www.eldiario.net\/portal\/wp-json\/wp\/v2\/comments?post=383913"}],"version-history":[{"count":1,"href":"https:\/\/www.eldiario.net\/portal\/wp-json\/wp\/v2\/posts\/383913\/revisions"}],"predecessor-version":[{"id":383915,"href":"https:\/\/www.eldiario.net\/portal\/wp-json\/wp\/v2\/posts\/383913\/revisions\/383915"}],"wp:featuredmedia":[{"embeddable":true,"href":"https:\/\/www.eldiario.net\/portal\/wp-json\/wp\/v2\/media\/383914"}],"wp:attachment":[{"href":"https:\/\/www.eldiario.net\/portal\/wp-json\/wp\/v2\/media?parent=383913"}],"wp:term":[{"taxonomy":"category","embeddable":true,"href":"https:\/\/www.eldiario.net\/portal\/wp-json\/wp\/v2\/categories?post=383913"},{"taxonomy":"post_tag","embeddable":true,"href":"https:\/\/www.eldiario.net\/portal\/wp-json\/wp\/v2\/tags?post=383913"}],"curies":[{"name":"wp","href":"https:\/\/api.w.org\/{rel}","templated":true}]}}