{"id":383910,"date":"2026-04-10T06:40:35","date_gmt":"2026-04-10T10:40:35","guid":{"rendered":"https:\/\/www.eldiario.net\/portal\/?p=383910"},"modified":"2026-04-10T06:40:35","modified_gmt":"2026-04-10T10:40:35","slug":"maestros-se-crucifican-y-exigen-incremento-salarial","status":"publish","type":"post","link":"https:\/\/www.eldiario.net\/portal\/2026\/04\/10\/maestros-se-crucifican-y-exigen-incremento-salarial\/","title":{"rendered":"Maestros se crucifican y exigen incremento salarial"},"content":{"rendered":"<p>Tras un acto de protesta, representantes de la Confederaci\u00f3n de Trabajadores de Educaci\u00f3n Urbana de Bolivia (Cteub) se crucificaron en puertas del Ministerio de Educaci\u00f3n, exigiendo incremento salarial. Advierten que, si el Gobierno no atiende su demanda, realizar\u00e1n otra movilizaci\u00f3n con \u201ccontingentes\u201d que llegar\u00e1n de todo el pa\u00eds.<br \/>\n\u201cEstamos realizando un movimiento de cacerolas vac\u00edas y crucifixi\u00f3n en puertas del Ministerio de Educaci\u00f3n (\u2026) paralelamente en las 31 federaciones departamentales y regionales se est\u00e1 realizando una movilizaci\u00f3n con toma de distritales y departamentales. Esta segunda marcha nacional es una advertencia al Gobierno\u201d, se\u00f1al\u00f3 el ejecutivo nacional del occidente de la Cteub, Wilfredo Ajllahuanca.<br \/>\nAdem\u00e1s, adelant\u00f3 que una \u201ctercera movilizaci\u00f3n ser\u00e1 en la sede de Gobierno, con contingentes de las 31 federaciones departamentales y regionales\u201d.<br \/>\nRespecto al incremento salarial del 20%, pedido por la Central Obrera Boliviana (COB), el ministro de Econom\u00eda Gabriel Espinoza, lo calific\u00f3 de \u201cinviable\u201d y anunci\u00f3 que en las siguientes horas se enviar\u00e1 una respuesta a ese pliego petitorio.<br \/>\n\u201cNo es viable (el incremento) y eso est\u00e1 absolutamente claro, pero de nuevo, esta discusi\u00f3n no es solamente salarial; entendemos que el pliego petitorio de la COB es as\u00ed\u201d, indic\u00f3.<\/p>\n","protected":false},"excerpt":{"rendered":"<p>Tras un acto de protesta, representantes de la Confederaci\u00f3n de Trabajadores de Educaci\u00f3n Urbana de Bolivia (Cteub) se crucificaron en puertas del Ministerio de Educaci\u00f3n, exigiendo incremento salarial. Advierten que, si el Gobierno no atiende su demanda, realizar\u00e1n otra movilizaci\u00f3n con \u201ccontingentes\u201d que llegar\u00e1n de todo el pa\u00eds. \u201cEstamos realizando un movimiento de cacerolas vac\u00edas [&hellip;]<\/p>\n","protected":false},"author":1,"featured_media":383911,"comment_status":"closed","ping_status":"open","sticky":false,"template":"","format":"standard","meta":{"_acf_changed":false,"footnotes":""},"categories":[12],"tags":[],"class_list":["post-383910","post","type-post","status-publish","format-standard","has-post-thumbnail","category-nacional"],"acf":{"antetitulo":""},"yoast_head":"<!-- This site is optimized with the Yoast SEO plugin v28.4 - https:\/\/yoast.com\/product\/yoast-seo-wordpress\/ -->\n<title>Maestros se crucifican y exigen incremento salarial - El Diario - Bolivia<\/title>\n<meta name=\"robots\" content=\"index, follow, max-snippet:-1, max-image-preview:large, max-video-preview:-1\" \/>\n<link rel=\"canonical\" href=\"https:\/\/www.eldiario.net\/portal\/2026\/04\/10\/maestros-se-crucifican-y-exigen-incremento-salarial\/\" \/>\n<meta property=\"og:locale\" content=\"es_ES\" \/>\n<meta property=\"og:type\" content=\"article\" \/>\n<meta property=\"og:title\" content=\"Maestros se crucifican y exigen incremento salarial - El Diario - Bolivia\" \/>\n<meta property=\"og:description\" content=\"Tras un acto de protesta, representantes de la Confederaci\u00f3n de Trabajadores de Educaci\u00f3n Urbana de Bolivia (Cteub) se crucificaron en puertas del Ministerio de Educaci\u00f3n, exigiendo incremento salarial. Advierten que, si el Gobierno no atiende su demanda, realizar\u00e1n otra movilizaci\u00f3n con \u201ccontingentes\u201d que llegar\u00e1n de todo el pa\u00eds. \u201cEstamos realizando un movimiento de cacerolas vac\u00edas [&hellip;]\" \/>\n<meta property=\"og:url\" content=\"https:\/\/www.eldiario.net\/portal\/2026\/04\/10\/maestros-se-crucifican-y-exigen-incremento-salarial\/\" \/>\n<meta property=\"og:site_name\" content=\"El Diario - Bolivia\" \/>\n<meta property=\"article:publisher\" content=\"https:\/\/www.facebook.com\/eldiario.bolivia\/\" \/>\n<meta property=\"article:published_time\" content=\"2026-04-10T10:40:35+00:00\" \/>\n<meta property=\"og:image\" content=\"https:\/\/www.eldiario.net\/portal\/wp-content\/uploads\/2026\/04\/F-2-maestros.webp\" \/>\n\t<meta property=\"og:image:width\" content=\"1652\" \/>\n\t<meta property=\"og:image:height\" content=\"1152\" \/>\n\t<meta property=\"og:image:type\" content=\"image\/webp\" \/>\n<meta name=\"author\" content=\"Jeanette\" \/>\n<meta name=\"twitter:card\" content=\"summary_large_image\" \/>\n<meta name=\"twitter:creator\" content=\"@eldiario_net\" \/>\n<meta name=\"twitter:site\" content=\"@eldiario_net\" \/>\n<meta name=\"twitter:label1\" content=\"Escrito por\" \/>\n\t<meta name=\"twitter:data1\" content=\"Jeanette\" \/>\n\t<meta name=\"twitter:label2\" content=\"Tiempo de lectura\" \/>\n\t<meta name=\"twitter:data2\" content=\"2 minutos\" \/>\n<script type=\"application\/ld+json\" class=\"yoast-schema-graph\">{\"@context\":\"https:\\\/\\\/schema.org\",\"@graph\":[{\"@type\":\"Article\",\"@id\":\"https:\\\/\\\/www.eldiario.net\\\/portal\\\/2026\\\/04\\\/10\\\/maestros-se-crucifican-y-exigen-incremento-salarial\\\/#article\",\"isPartOf\":{\"@id\":\"https:\\\/\\\/www.eldiario.net\\\/portal\\\/2026\\\/04\\\/10\\\/maestros-se-crucifican-y-exigen-incremento-salarial\\\/\"},\"author\":{\"name\":\"Jeanette\",\"@id\":\"https:\\\/\\\/www.eldiario.net\\\/portal\\\/#\\\/schema\\\/person\\\/2c57cf2b7a7ae032e449e4c9b1019eac\"},\"headline\":\"Maestros se crucifican y exigen incremento salarial\",\"datePublished\":\"2026-04-10T10:40:35+00:00\",\"mainEntityOfPage\":{\"@id\":\"https:\\\/\\\/www.eldiario.net\\\/portal\\\/2026\\\/04\\\/10\\\/maestros-se-crucifican-y-exigen-incremento-salarial\\\/\"},\"wordCount\":211,\"publisher\":{\"@id\":\"https:\\\/\\\/www.eldiario.net\\\/portal\\\/#organization\"},\"image\":{\"@id\":\"https:\\\/\\\/www.eldiario.net\\\/portal\\\/2026\\\/04\\\/10\\\/maestros-se-crucifican-y-exigen-incremento-salarial\\\/#primaryimage\"},\"thumbnailUrl\":\"https:\\\/\\\/www.eldiario.net\\\/portal\\\/wp-content\\\/uploads\\\/2026\\\/04\\\/F-2-maestros.webp\",\"articleSection\":[\"Nacional\"],\"inLanguage\":\"es\"},{\"@type\":\"WebPage\",\"@id\":\"https:\\\/\\\/www.eldiario.net\\\/portal\\\/2026\\\/04\\\/10\\\/maestros-se-crucifican-y-exigen-incremento-salarial\\\/\",\"url\":\"https:\\\/\\\/www.eldiario.net\\\/portal\\\/2026\\\/04\\\/10\\\/maestros-se-crucifican-y-exigen-incremento-salarial\\\/\",\"name\":\"Maestros se crucifican y exigen incremento salarial - El Diario - Bolivia\",\"isPartOf\":{\"@id\":\"https:\\\/\\\/www.eldiario.net\\\/portal\\\/#website\"},\"primaryImageOfPage\":{\"@id\":\"https:\\\/\\\/www.eldiario.net\\\/portal\\\/2026\\\/04\\\/10\\\/maestros-se-crucifican-y-exigen-incremento-salarial\\\/#primaryimage\"},\"image\":{\"@id\":\"https:\\\/\\\/www.eldiario.net\\\/portal\\\/2026\\\/04\\\/10\\\/maestros-se-crucifican-y-exigen-incremento-salarial\\\/#primaryimage\"},\"thumbnailUrl\":\"https:\\\/\\\/www.eldiario.net\\\/portal\\\/wp-content\\\/uploads\\\/2026\\\/04\\\/F-2-maestros.webp\",\"datePublished\":\"2026-04-10T10:40:35+00:00\",\"breadcrumb\":{\"@id\":\"https:\\\/\\\/www.eldiario.net\\\/portal\\\/2026\\\/04\\\/10\\\/maestros-se-crucifican-y-exigen-incremento-salarial\\\/#breadcrumb\"},\"inLanguage\":\"es\",\"potentialAction\":[{\"@type\":\"ReadAction\",\"target\":[\"https:\\\/\\\/www.eldiario.net\\\/portal\\\/2026\\\/04\\\/10\\\/maestros-se-crucifican-y-exigen-incremento-salarial\\\/\"]}]},{\"@type\":\"ImageObject\",\"inLanguage\":\"es\",\"@id\":\"https:\\\/\\\/www.eldiario.net\\\/portal\\\/2026\\\/04\\\/10\\\/maestros-se-crucifican-y-exigen-incremento-salarial\\\/#primaryimage\",\"url\":\"https:\\\/\\\/www.eldiario.net\\\/portal\\\/wp-content\\\/uploads\\\/2026\\\/04\\\/F-2-maestros.webp\",\"contentUrl\":\"https:\\\/\\\/www.eldiario.net\\\/portal\\\/wp-content\\\/uploads\\\/2026\\\/04\\\/F-2-maestros.webp\",\"width\":1652,\"height\":1152,\"caption\":\"Ejecutivo de la Cteub, Wilfredo Ajllahuanca.\"},{\"@type\":\"BreadcrumbList\",\"@id\":\"https:\\\/\\\/www.eldiario.net\\\/portal\\\/2026\\\/04\\\/10\\\/maestros-se-crucifican-y-exigen-incremento-salarial\\\/#breadcrumb\",\"itemListElement\":[{\"@type\":\"ListItem\",\"position\":1,\"name\":\"Portada\",\"item\":\"https:\\\/\\\/www.eldiario.net\\\/portal\\\/\"},{\"@type\":\"ListItem\",\"position\":2,\"name\":\"Maestros se crucifican y exigen incremento salarial\"}]},{\"@type\":\"WebSite\",\"@id\":\"https:\\\/\\\/www.eldiario.net\\\/portal\\\/#website\",\"url\":\"https:\\\/\\\/www.eldiario.net\\\/portal\\\/\",\"name\":\"El Diario - Decano de la prensa nacional\",\"description\":\"El Diario - Decano de la prensa nacional\",\"publisher\":{\"@id\":\"https:\\\/\\\/www.eldiario.net\\\/portal\\\/#organization\"},\"potentialAction\":[{\"@type\":\"SearchAction\",\"target\":{\"@type\":\"EntryPoint\",\"urlTemplate\":\"https:\\\/\\\/www.eldiario.net\\\/portal\\\/?s={search_term_string}\"},\"query-input\":{\"@type\":\"PropertyValueSpecification\",\"valueRequired\":true,\"valueName\":\"search_term_string\"}}],\"inLanguage\":\"es\"},{\"@type\":\"Organization\",\"@id\":\"https:\\\/\\\/www.eldiario.net\\\/portal\\\/#organization\",\"name\":\"El Diario - Decano de la prensa nacional\",\"url\":\"https:\\\/\\\/www.eldiario.net\\\/portal\\\/\",\"logo\":{\"@type\":\"ImageObject\",\"inLanguage\":\"es\",\"@id\":\"https:\\\/\\\/www.eldiario.net\\\/portal\\\/#\\\/schema\\\/logo\\\/image\\\/\",\"url\":\"https:\\\/\\\/www.eldiario.net\\\/portal\\\/wp-content\\\/uploads\\\/2023\\\/07\\\/logo_ED.jpg\",\"contentUrl\":\"https:\\\/\\\/www.eldiario.net\\\/portal\\\/wp-content\\\/uploads\\\/2023\\\/07\\\/logo_ED.jpg\",\"width\":272,\"height\":52,\"caption\":\"El Diario - Decano de la prensa nacional\"},\"image\":{\"@id\":\"https:\\\/\\\/www.eldiario.net\\\/portal\\\/#\\\/schema\\\/logo\\\/image\\\/\"},\"sameAs\":[\"https:\\\/\\\/www.facebook.com\\\/eldiario.bolivia\\\/\",\"https:\\\/\\\/x.com\\\/eldiario_net\"]},{\"@type\":\"Person\",\"@id\":\"https:\\\/\\\/www.eldiario.net\\\/portal\\\/#\\\/schema\\\/person\\\/2c57cf2b7a7ae032e449e4c9b1019eac\",\"name\":\"Jeanette\",\"image\":{\"@type\":\"ImageObject\",\"inLanguage\":\"es\",\"@id\":\"https:\\\/\\\/secure.gravatar.com\\\/avatar\\\/3ea2118a5f7dad2b7138b1187a6b7ee55f160b9968b66013c3a3ef39dd7e5798?s=96&d=mm&r=g\",\"url\":\"https:\\\/\\\/secure.gravatar.com\\\/avatar\\\/3ea2118a5f7dad2b7138b1187a6b7ee55f160b9968b66013c3a3ef39dd7e5798?s=96&d=mm&r=g\",\"contentUrl\":\"https:\\\/\\\/secure.gravatar.com\\\/avatar\\\/3ea2118a5f7dad2b7138b1187a6b7ee55f160b9968b66013c3a3ef39dd7e5798?s=96&d=mm&r=g\",\"caption\":\"Jeanette\"},\"sameAs\":[\"https:\\\/\\\/www.eldiario.net\\\/portal\"],\"url\":\"https:\\\/\\\/www.eldiario.net\\\/portal\\\/author\\\/jeanette\\\/\"}]}<\/script>\n<!-- \/ Yoast SEO plugin. -->","yoast_head_json":{"title":"Maestros se crucifican y exigen incremento salarial - El Diario - Bolivia","robots":{"index":"index","follow":"follow","max-snippet":"max-snippet:-1","max-image-preview":"max-image-preview:large","max-video-preview":"max-video-preview:-1"},"canonical":"https:\/\/www.eldiario.net\/portal\/2026\/04\/10\/maestros-se-crucifican-y-exigen-incremento-salarial\/","og_locale":"es_ES","og_type":"article","og_title":"Maestros se crucifican y exigen incremento salarial - El Diario - Bolivia","og_description":"Tras un acto de protesta, representantes de la Confederaci\u00f3n de Trabajadores de Educaci\u00f3n Urbana de Bolivia (Cteub) se crucificaron en puertas del Ministerio de Educaci\u00f3n, exigiendo incremento salarial. Advierten que, si el Gobierno no atiende su demanda, realizar\u00e1n otra movilizaci\u00f3n con \u201ccontingentes\u201d que llegar\u00e1n de todo el pa\u00eds. \u201cEstamos realizando un movimiento de cacerolas vac\u00edas [&hellip;]","og_url":"https:\/\/www.eldiario.net\/portal\/2026\/04\/10\/maestros-se-crucifican-y-exigen-incremento-salarial\/","og_site_name":"El Diario - Bolivia","article_publisher":"https:\/\/www.facebook.com\/eldiario.bolivia\/","article_published_time":"2026-04-10T10:40:35+00:00","og_image":[{"width":1652,"height":1152,"url":"https:\/\/www.eldiario.net\/portal\/wp-content\/uploads\/2026\/04\/F-2-maestros.webp","type":"image\/webp"}],"author":"Jeanette","twitter_card":"summary_large_image","twitter_creator":"@eldiario_net","twitter_site":"@eldiario_net","twitter_misc":{"Escrito por":"Jeanette","Tiempo de lectura":"2 minutos"},"schema":{"@context":"https:\/\/schema.org","@graph":[{"@type":"Article","@id":"https:\/\/www.eldiario.net\/portal\/2026\/04\/10\/maestros-se-crucifican-y-exigen-incremento-salarial\/#article","isPartOf":{"@id":"https:\/\/www.eldiario.net\/portal\/2026\/04\/10\/maestros-se-crucifican-y-exigen-incremento-salarial\/"},"author":{"name":"Jeanette","@id":"https:\/\/www.eldiario.net\/portal\/#\/schema\/person\/2c57cf2b7a7ae032e449e4c9b1019eac"},"headline":"Maestros se crucifican y exigen incremento salarial","datePublished":"2026-04-10T10:40:35+00:00","mainEntityOfPage":{"@id":"https:\/\/www.eldiario.net\/portal\/2026\/04\/10\/maestros-se-crucifican-y-exigen-incremento-salarial\/"},"wordCount":211,"publisher":{"@id":"https:\/\/www.eldiario.net\/portal\/#organization"},"image":{"@id":"https:\/\/www.eldiario.net\/portal\/2026\/04\/10\/maestros-se-crucifican-y-exigen-incremento-salarial\/#primaryimage"},"thumbnailUrl":"https:\/\/www.eldiario.net\/portal\/wp-content\/uploads\/2026\/04\/F-2-maestros.webp","articleSection":["Nacional"],"inLanguage":"es"},{"@type":"WebPage","@id":"https:\/\/www.eldiario.net\/portal\/2026\/04\/10\/maestros-se-crucifican-y-exigen-incremento-salarial\/","url":"https:\/\/www.eldiario.net\/portal\/2026\/04\/10\/maestros-se-crucifican-y-exigen-incremento-salarial\/","name":"Maestros se crucifican y exigen incremento salarial - El Diario - Bolivia","isPartOf":{"@id":"https:\/\/www.eldiario.net\/portal\/#website"},"primaryImageOfPage":{"@id":"https:\/\/www.eldiario.net\/portal\/2026\/04\/10\/maestros-se-crucifican-y-exigen-incremento-salarial\/#primaryimage"},"image":{"@id":"https:\/\/www.eldiario.net\/portal\/2026\/04\/10\/maestros-se-crucifican-y-exigen-incremento-salarial\/#primaryimage"},"thumbnailUrl":"https:\/\/www.eldiario.net\/portal\/wp-content\/uploads\/2026\/04\/F-2-maestros.webp","datePublished":"2026-04-10T10:40:35+00:00","breadcrumb":{"@id":"https:\/\/www.eldiario.net\/portal\/2026\/04\/10\/maestros-se-crucifican-y-exigen-incremento-salarial\/#breadcrumb"},"inLanguage":"es","potentialAction":[{"@type":"ReadAction","target":["https:\/\/www.eldiario.net\/portal\/2026\/04\/10\/maestros-se-crucifican-y-exigen-incremento-salarial\/"]}]},{"@type":"ImageObject","inLanguage":"es","@id":"https:\/\/www.eldiario.net\/portal\/2026\/04\/10\/maestros-se-crucifican-y-exigen-incremento-salarial\/#primaryimage","url":"https:\/\/www.eldiario.net\/portal\/wp-content\/uploads\/2026\/04\/F-2-maestros.webp","contentUrl":"https:\/\/www.eldiario.net\/portal\/wp-content\/uploads\/2026\/04\/F-2-maestros.webp","width":1652,"height":1152,"caption":"Ejecutivo de la Cteub, Wilfredo Ajllahuanca."},{"@type":"BreadcrumbList","@id":"https:\/\/www.eldiario.net\/portal\/2026\/04\/10\/maestros-se-crucifican-y-exigen-incremento-salarial\/#breadcrumb","itemListElement":[{"@type":"ListItem","position":1,"name":"Portada","item":"https:\/\/www.eldiario.net\/portal\/"},{"@type":"ListItem","position":2,"name":"Maestros se crucifican y exigen incremento salarial"}]},{"@type":"WebSite","@id":"https:\/\/www.eldiario.net\/portal\/#website","url":"https:\/\/www.eldiario.net\/portal\/","name":"El Diario - Decano de la prensa nacional","description":"El Diario - Decano de la prensa nacional","publisher":{"@id":"https:\/\/www.eldiario.net\/portal\/#organization"},"potentialAction":[{"@type":"SearchAction","target":{"@type":"EntryPoint","urlTemplate":"https:\/\/www.eldiario.net\/portal\/?s={search_term_string}"},"query-input":{"@type":"PropertyValueSpecification","valueRequired":true,"valueName":"search_term_string"}}],"inLanguage":"es"},{"@type":"Organization","@id":"https:\/\/www.eldiario.net\/portal\/#organization","name":"El Diario - Decano de la prensa nacional","url":"https:\/\/www.eldiario.net\/portal\/","logo":{"@type":"ImageObject","inLanguage":"es","@id":"https:\/\/www.eldiario.net\/portal\/#\/schema\/logo\/image\/","url":"https:\/\/www.eldiario.net\/portal\/wp-content\/uploads\/2023\/07\/logo_ED.jpg","contentUrl":"https:\/\/www.eldiario.net\/portal\/wp-content\/uploads\/2023\/07\/logo_ED.jpg","width":272,"height":52,"caption":"El Diario - Decano de la prensa nacional"},"image":{"@id":"https:\/\/www.eldiario.net\/portal\/#\/schema\/logo\/image\/"},"sameAs":["https:\/\/www.facebook.com\/eldiario.bolivia\/","https:\/\/x.com\/eldiario_net"]},{"@type":"Person","@id":"https:\/\/www.eldiario.net\/portal\/#\/schema\/person\/2c57cf2b7a7ae032e449e4c9b1019eac","name":"Jeanette","image":{"@type":"ImageObject","inLanguage":"es","@id":"https:\/\/secure.gravatar.com\/avatar\/3ea2118a5f7dad2b7138b1187a6b7ee55f160b9968b66013c3a3ef39dd7e5798?s=96&d=mm&r=g","url":"https:\/\/secure.gravatar.com\/avatar\/3ea2118a5f7dad2b7138b1187a6b7ee55f160b9968b66013c3a3ef39dd7e5798?s=96&d=mm&r=g","contentUrl":"https:\/\/secure.gravatar.com\/avatar\/3ea2118a5f7dad2b7138b1187a6b7ee55f160b9968b66013c3a3ef39dd7e5798?s=96&d=mm&r=g","caption":"Jeanette"},"sameAs":["https:\/\/www.eldiario.net\/portal"],"url":"https:\/\/www.eldiario.net\/portal\/author\/jeanette\/"}]}},"_links":{"self":[{"href":"https:\/\/www.eldiario.net\/portal\/wp-json\/wp\/v2\/posts\/383910","targetHints":{"allow":["GET"]}}],"collection":[{"href":"https:\/\/www.eldiario.net\/portal\/wp-json\/wp\/v2\/posts"}],"about":[{"href":"https:\/\/www.eldiario.net\/portal\/wp-json\/wp\/v2\/types\/post"}],"author":[{"embeddable":true,"href":"https:\/\/www.eldiario.net\/portal\/wp-json\/wp\/v2\/users\/1"}],"replies":[{"embeddable":true,"href":"https:\/\/www.eldiario.net\/portal\/wp-json\/wp\/v2\/comments?post=383910"}],"version-history":[{"count":1,"href":"https:\/\/www.eldiario.net\/portal\/wp-json\/wp\/v2\/posts\/383910\/revisions"}],"predecessor-version":[{"id":383912,"href":"https:\/\/www.eldiario.net\/portal\/wp-json\/wp\/v2\/posts\/383910\/revisions\/383912"}],"wp:featuredmedia":[{"embeddable":true,"href":"https:\/\/www.eldiario.net\/portal\/wp-json\/wp\/v2\/media\/383911"}],"wp:attachment":[{"href":"https:\/\/www.eldiario.net\/portal\/wp-json\/wp\/v2\/media?parent=383910"}],"wp:term":[{"taxonomy":"category","embeddable":true,"href":"https:\/\/www.eldiario.net\/portal\/wp-json\/wp\/v2\/categories?post=383910"},{"taxonomy":"post_tag","embeddable":true,"href":"https:\/\/www.eldiario.net\/portal\/wp-json\/wp\/v2\/tags?post=383910"}],"curies":[{"name":"wp","href":"https:\/\/api.w.org\/{rel}","templated":true}]}}