{"id":383908,"date":"2026-04-10T06:39:40","date_gmt":"2026-04-10T10:39:40","guid":{"rendered":"https:\/\/www.eldiario.net\/portal\/?p=383908"},"modified":"2026-04-10T06:39:40","modified_gmt":"2026-04-10T10:39:40","slug":"trabajadores-en-salud-rechazan-despidos-y-piden-mas-insumos","status":"publish","type":"post","link":"https:\/\/www.eldiario.net\/portal\/2026\/04\/10\/trabajadores-en-salud-rechazan-despidos-y-piden-mas-insumos\/","title":{"rendered":"Trabajadores en salud rechazan  despidos y piden m\u00e1s insumos"},"content":{"rendered":"<p>En rechazo a despidos injustificados y en demanda de equipamiento e insumos, trabajadores en salud del pa\u00eds cumplieron un paro de 24 horas, pero con atenci\u00f3n en servicios de emergencia. Los movilizados tambi\u00e9n marcharon en La Paz.<br \/>\nLa dirigencia del sector denunci\u00f3 despidos, falta de pagos y deficiencias en la atenci\u00f3n del sistema p\u00fablico.<br \/>\n\u201cLos trabajadores del sistema p\u00fablico de salud estamos movilizados, exigiendo el respeto de nuestros derechos laborales. Fueron destituidos m\u00e1s de 20 trabajadores y, pese a pedir al Ministerio que paren con estas acciones, no fuimos atendidos (\u2026). Hay trabajadores que est\u00e1n hasta nueve meses sin percibir un sueldo\u201d, se\u00f1al\u00f3 la secretaria ejecutiva nacional de la Confederaci\u00f3n Sindical de Trabajadores en Salud P\u00fablica, Jenny Arias.<br \/>\nAsimismo, lament\u00f3 las condiciones en las que est\u00e1n hospitales de primer y segundo nivel, asegurando que las deficiencias no son responsabilidad del personal.<br \/>\nLa movilizaci\u00f3n incluy\u00f3 marchas hasta el Ministerio de Salud, donde hubo m\u00edtines, tambi\u00e9n los hospitales p\u00fablicos no atendieron en consultas externas solo los servicios de emergencia.<br \/>\nEl pliego petitorio del sector contempla m\u00e1s de 15 puntos, entre ellos el respeto a la estabilidad laboral, el cumplimiento de normativas vigentes y la mejora en la asignaci\u00f3n de recursos e infraestructura hospitalaria.<br \/>\nLos trabajadores advirtieron que, de no tener respuestas favorables por parte de las autoridades, podr\u00edan endurecer las medidas con un paro de 48 horas.<\/p>\n","protected":false},"excerpt":{"rendered":"<p>En rechazo a despidos injustificados y en demanda de equipamiento e insumos, trabajadores en salud del pa\u00eds cumplieron un paro de 24 horas, pero con atenci\u00f3n en servicios de emergencia. Los movilizados tambi\u00e9n marcharon en La Paz. La dirigencia del sector denunci\u00f3 despidos, falta de pagos y deficiencias en la atenci\u00f3n del sistema p\u00fablico. \u201cLos [&hellip;]<\/p>\n","protected":false},"author":1,"featured_media":194726,"comment_status":"closed","ping_status":"open","sticky":false,"template":"","format":"standard","meta":{"_acf_changed":false,"footnotes":""},"categories":[12],"tags":[],"class_list":["post-383908","post","type-post","status-publish","format-standard","has-post-thumbnail","category-nacional"],"acf":{"antetitulo":"Cumplieron paro nacional de 24 horas"},"yoast_head":"<!-- This site is optimized with the Yoast SEO plugin v28.4 - https:\/\/yoast.com\/product\/yoast-seo-wordpress\/ -->\n<title>Trabajadores en salud rechazan despidos y piden m\u00e1s insumos - El Diario - Bolivia<\/title>\n<meta name=\"robots\" content=\"index, follow, max-snippet:-1, max-image-preview:large, max-video-preview:-1\" \/>\n<link rel=\"canonical\" href=\"https:\/\/www.eldiario.net\/portal\/2026\/04\/10\/trabajadores-en-salud-rechazan-despidos-y-piden-mas-insumos\/\" \/>\n<meta property=\"og:locale\" content=\"es_ES\" \/>\n<meta property=\"og:type\" content=\"article\" \/>\n<meta property=\"og:title\" content=\"Trabajadores en salud rechazan despidos y piden m\u00e1s insumos - El Diario - Bolivia\" \/>\n<meta property=\"og:description\" content=\"En rechazo a despidos injustificados y en demanda de equipamiento e insumos, trabajadores en salud del pa\u00eds cumplieron un paro de 24 horas, pero con atenci\u00f3n en servicios de emergencia. Los movilizados tambi\u00e9n marcharon en La Paz. La dirigencia del sector denunci\u00f3 despidos, falta de pagos y deficiencias en la atenci\u00f3n del sistema p\u00fablico. \u201cLos [&hellip;]\" \/>\n<meta property=\"og:url\" content=\"https:\/\/www.eldiario.net\/portal\/2026\/04\/10\/trabajadores-en-salud-rechazan-despidos-y-piden-mas-insumos\/\" \/>\n<meta property=\"og:site_name\" content=\"El Diario - Bolivia\" \/>\n<meta property=\"article:publisher\" content=\"https:\/\/www.facebook.com\/eldiario.bolivia\/\" \/>\n<meta property=\"article:published_time\" content=\"2026-04-10T10:39:40+00:00\" \/>\n<meta property=\"og:image\" content=\"https:\/\/www.eldiario.net\/portal\/wp-content\/uploads\/2023\/12\/Nacional.jpg\" \/>\n\t<meta property=\"og:image:width\" content=\"800\" \/>\n\t<meta property=\"og:image:height\" content=\"500\" \/>\n\t<meta property=\"og:image:type\" content=\"image\/jpeg\" \/>\n<meta name=\"author\" content=\"Jeanette\" \/>\n<meta name=\"twitter:card\" content=\"summary_large_image\" \/>\n<meta name=\"twitter:creator\" content=\"@eldiario_net\" \/>\n<meta name=\"twitter:site\" content=\"@eldiario_net\" \/>\n<meta name=\"twitter:label1\" content=\"Escrito por\" \/>\n\t<meta name=\"twitter:data1\" content=\"Jeanette\" \/>\n\t<meta name=\"twitter:label2\" content=\"Tiempo de lectura\" \/>\n\t<meta name=\"twitter:data2\" content=\"2 minutos\" \/>\n<script type=\"application\/ld+json\" class=\"yoast-schema-graph\">{\"@context\":\"https:\\\/\\\/schema.org\",\"@graph\":[{\"@type\":\"Article\",\"@id\":\"https:\\\/\\\/www.eldiario.net\\\/portal\\\/2026\\\/04\\\/10\\\/trabajadores-en-salud-rechazan-despidos-y-piden-mas-insumos\\\/#article\",\"isPartOf\":{\"@id\":\"https:\\\/\\\/www.eldiario.net\\\/portal\\\/2026\\\/04\\\/10\\\/trabajadores-en-salud-rechazan-despidos-y-piden-mas-insumos\\\/\"},\"author\":{\"name\":\"Jeanette\",\"@id\":\"https:\\\/\\\/www.eldiario.net\\\/portal\\\/#\\\/schema\\\/person\\\/2c57cf2b7a7ae032e449e4c9b1019eac\"},\"headline\":\"Trabajadores en salud rechazan despidos y piden m\u00e1s insumos\",\"datePublished\":\"2026-04-10T10:39:40+00:00\",\"mainEntityOfPage\":{\"@id\":\"https:\\\/\\\/www.eldiario.net\\\/portal\\\/2026\\\/04\\\/10\\\/trabajadores-en-salud-rechazan-despidos-y-piden-mas-insumos\\\/\"},\"wordCount\":249,\"publisher\":{\"@id\":\"https:\\\/\\\/www.eldiario.net\\\/portal\\\/#organization\"},\"image\":{\"@id\":\"https:\\\/\\\/www.eldiario.net\\\/portal\\\/2026\\\/04\\\/10\\\/trabajadores-en-salud-rechazan-despidos-y-piden-mas-insumos\\\/#primaryimage\"},\"thumbnailUrl\":\"https:\\\/\\\/www.eldiario.net\\\/portal\\\/wp-content\\\/uploads\\\/2023\\\/12\\\/Nacional.jpg\",\"articleSection\":[\"Nacional\"],\"inLanguage\":\"es\"},{\"@type\":\"WebPage\",\"@id\":\"https:\\\/\\\/www.eldiario.net\\\/portal\\\/2026\\\/04\\\/10\\\/trabajadores-en-salud-rechazan-despidos-y-piden-mas-insumos\\\/\",\"url\":\"https:\\\/\\\/www.eldiario.net\\\/portal\\\/2026\\\/04\\\/10\\\/trabajadores-en-salud-rechazan-despidos-y-piden-mas-insumos\\\/\",\"name\":\"Trabajadores en salud rechazan despidos y piden m\u00e1s insumos - El Diario - Bolivia\",\"isPartOf\":{\"@id\":\"https:\\\/\\\/www.eldiario.net\\\/portal\\\/#website\"},\"primaryImageOfPage\":{\"@id\":\"https:\\\/\\\/www.eldiario.net\\\/portal\\\/2026\\\/04\\\/10\\\/trabajadores-en-salud-rechazan-despidos-y-piden-mas-insumos\\\/#primaryimage\"},\"image\":{\"@id\":\"https:\\\/\\\/www.eldiario.net\\\/portal\\\/2026\\\/04\\\/10\\\/trabajadores-en-salud-rechazan-despidos-y-piden-mas-insumos\\\/#primaryimage\"},\"thumbnailUrl\":\"https:\\\/\\\/www.eldiario.net\\\/portal\\\/wp-content\\\/uploads\\\/2023\\\/12\\\/Nacional.jpg\",\"datePublished\":\"2026-04-10T10:39:40+00:00\",\"breadcrumb\":{\"@id\":\"https:\\\/\\\/www.eldiario.net\\\/portal\\\/2026\\\/04\\\/10\\\/trabajadores-en-salud-rechazan-despidos-y-piden-mas-insumos\\\/#breadcrumb\"},\"inLanguage\":\"es\",\"potentialAction\":[{\"@type\":\"ReadAction\",\"target\":[\"https:\\\/\\\/www.eldiario.net\\\/portal\\\/2026\\\/04\\\/10\\\/trabajadores-en-salud-rechazan-despidos-y-piden-mas-insumos\\\/\"]}]},{\"@type\":\"ImageObject\",\"inLanguage\":\"es\",\"@id\":\"https:\\\/\\\/www.eldiario.net\\\/portal\\\/2026\\\/04\\\/10\\\/trabajadores-en-salud-rechazan-despidos-y-piden-mas-insumos\\\/#primaryimage\",\"url\":\"https:\\\/\\\/www.eldiario.net\\\/portal\\\/wp-content\\\/uploads\\\/2023\\\/12\\\/Nacional.jpg\",\"contentUrl\":\"https:\\\/\\\/www.eldiario.net\\\/portal\\\/wp-content\\\/uploads\\\/2023\\\/12\\\/Nacional.jpg\",\"width\":800,\"height\":500},{\"@type\":\"BreadcrumbList\",\"@id\":\"https:\\\/\\\/www.eldiario.net\\\/portal\\\/2026\\\/04\\\/10\\\/trabajadores-en-salud-rechazan-despidos-y-piden-mas-insumos\\\/#breadcrumb\",\"itemListElement\":[{\"@type\":\"ListItem\",\"position\":1,\"name\":\"Portada\",\"item\":\"https:\\\/\\\/www.eldiario.net\\\/portal\\\/\"},{\"@type\":\"ListItem\",\"position\":2,\"name\":\"Trabajadores en salud rechazan despidos y piden m\u00e1s insumos\"}]},{\"@type\":\"WebSite\",\"@id\":\"https:\\\/\\\/www.eldiario.net\\\/portal\\\/#website\",\"url\":\"https:\\\/\\\/www.eldiario.net\\\/portal\\\/\",\"name\":\"El Diario - Decano de la prensa nacional\",\"description\":\"El Diario - Decano de la prensa nacional\",\"publisher\":{\"@id\":\"https:\\\/\\\/www.eldiario.net\\\/portal\\\/#organization\"},\"potentialAction\":[{\"@type\":\"SearchAction\",\"target\":{\"@type\":\"EntryPoint\",\"urlTemplate\":\"https:\\\/\\\/www.eldiario.net\\\/portal\\\/?s={search_term_string}\"},\"query-input\":{\"@type\":\"PropertyValueSpecification\",\"valueRequired\":true,\"valueName\":\"search_term_string\"}}],\"inLanguage\":\"es\"},{\"@type\":\"Organization\",\"@id\":\"https:\\\/\\\/www.eldiario.net\\\/portal\\\/#organization\",\"name\":\"El Diario - Decano de la prensa nacional\",\"url\":\"https:\\\/\\\/www.eldiario.net\\\/portal\\\/\",\"logo\":{\"@type\":\"ImageObject\",\"inLanguage\":\"es\",\"@id\":\"https:\\\/\\\/www.eldiario.net\\\/portal\\\/#\\\/schema\\\/logo\\\/image\\\/\",\"url\":\"https:\\\/\\\/www.eldiario.net\\\/portal\\\/wp-content\\\/uploads\\\/2023\\\/07\\\/logo_ED.jpg\",\"contentUrl\":\"https:\\\/\\\/www.eldiario.net\\\/portal\\\/wp-content\\\/uploads\\\/2023\\\/07\\\/logo_ED.jpg\",\"width\":272,\"height\":52,\"caption\":\"El Diario - Decano de la prensa nacional\"},\"image\":{\"@id\":\"https:\\\/\\\/www.eldiario.net\\\/portal\\\/#\\\/schema\\\/logo\\\/image\\\/\"},\"sameAs\":[\"https:\\\/\\\/www.facebook.com\\\/eldiario.bolivia\\\/\",\"https:\\\/\\\/x.com\\\/eldiario_net\"]},{\"@type\":\"Person\",\"@id\":\"https:\\\/\\\/www.eldiario.net\\\/portal\\\/#\\\/schema\\\/person\\\/2c57cf2b7a7ae032e449e4c9b1019eac\",\"name\":\"Jeanette\",\"image\":{\"@type\":\"ImageObject\",\"inLanguage\":\"es\",\"@id\":\"https:\\\/\\\/secure.gravatar.com\\\/avatar\\\/3ea2118a5f7dad2b7138b1187a6b7ee55f160b9968b66013c3a3ef39dd7e5798?s=96&d=mm&r=g\",\"url\":\"https:\\\/\\\/secure.gravatar.com\\\/avatar\\\/3ea2118a5f7dad2b7138b1187a6b7ee55f160b9968b66013c3a3ef39dd7e5798?s=96&d=mm&r=g\",\"contentUrl\":\"https:\\\/\\\/secure.gravatar.com\\\/avatar\\\/3ea2118a5f7dad2b7138b1187a6b7ee55f160b9968b66013c3a3ef39dd7e5798?s=96&d=mm&r=g\",\"caption\":\"Jeanette\"},\"sameAs\":[\"https:\\\/\\\/www.eldiario.net\\\/portal\"],\"url\":\"https:\\\/\\\/www.eldiario.net\\\/portal\\\/author\\\/jeanette\\\/\"}]}<\/script>\n<!-- \/ Yoast SEO plugin. -->","yoast_head_json":{"title":"Trabajadores en salud rechazan despidos y piden m\u00e1s insumos - El Diario - Bolivia","robots":{"index":"index","follow":"follow","max-snippet":"max-snippet:-1","max-image-preview":"max-image-preview:large","max-video-preview":"max-video-preview:-1"},"canonical":"https:\/\/www.eldiario.net\/portal\/2026\/04\/10\/trabajadores-en-salud-rechazan-despidos-y-piden-mas-insumos\/","og_locale":"es_ES","og_type":"article","og_title":"Trabajadores en salud rechazan despidos y piden m\u00e1s insumos - El Diario - Bolivia","og_description":"En rechazo a despidos injustificados y en demanda de equipamiento e insumos, trabajadores en salud del pa\u00eds cumplieron un paro de 24 horas, pero con atenci\u00f3n en servicios de emergencia. Los movilizados tambi\u00e9n marcharon en La Paz. La dirigencia del sector denunci\u00f3 despidos, falta de pagos y deficiencias en la atenci\u00f3n del sistema p\u00fablico. \u201cLos [&hellip;]","og_url":"https:\/\/www.eldiario.net\/portal\/2026\/04\/10\/trabajadores-en-salud-rechazan-despidos-y-piden-mas-insumos\/","og_site_name":"El Diario - Bolivia","article_publisher":"https:\/\/www.facebook.com\/eldiario.bolivia\/","article_published_time":"2026-04-10T10:39:40+00:00","og_image":[{"width":800,"height":500,"url":"https:\/\/www.eldiario.net\/portal\/wp-content\/uploads\/2023\/12\/Nacional.jpg","type":"image\/jpeg"}],"author":"Jeanette","twitter_card":"summary_large_image","twitter_creator":"@eldiario_net","twitter_site":"@eldiario_net","twitter_misc":{"Escrito por":"Jeanette","Tiempo de lectura":"2 minutos"},"schema":{"@context":"https:\/\/schema.org","@graph":[{"@type":"Article","@id":"https:\/\/www.eldiario.net\/portal\/2026\/04\/10\/trabajadores-en-salud-rechazan-despidos-y-piden-mas-insumos\/#article","isPartOf":{"@id":"https:\/\/www.eldiario.net\/portal\/2026\/04\/10\/trabajadores-en-salud-rechazan-despidos-y-piden-mas-insumos\/"},"author":{"name":"Jeanette","@id":"https:\/\/www.eldiario.net\/portal\/#\/schema\/person\/2c57cf2b7a7ae032e449e4c9b1019eac"},"headline":"Trabajadores en salud rechazan despidos y piden m\u00e1s insumos","datePublished":"2026-04-10T10:39:40+00:00","mainEntityOfPage":{"@id":"https:\/\/www.eldiario.net\/portal\/2026\/04\/10\/trabajadores-en-salud-rechazan-despidos-y-piden-mas-insumos\/"},"wordCount":249,"publisher":{"@id":"https:\/\/www.eldiario.net\/portal\/#organization"},"image":{"@id":"https:\/\/www.eldiario.net\/portal\/2026\/04\/10\/trabajadores-en-salud-rechazan-despidos-y-piden-mas-insumos\/#primaryimage"},"thumbnailUrl":"https:\/\/www.eldiario.net\/portal\/wp-content\/uploads\/2023\/12\/Nacional.jpg","articleSection":["Nacional"],"inLanguage":"es"},{"@type":"WebPage","@id":"https:\/\/www.eldiario.net\/portal\/2026\/04\/10\/trabajadores-en-salud-rechazan-despidos-y-piden-mas-insumos\/","url":"https:\/\/www.eldiario.net\/portal\/2026\/04\/10\/trabajadores-en-salud-rechazan-despidos-y-piden-mas-insumos\/","name":"Trabajadores en salud rechazan despidos y piden m\u00e1s insumos - El Diario - Bolivia","isPartOf":{"@id":"https:\/\/www.eldiario.net\/portal\/#website"},"primaryImageOfPage":{"@id":"https:\/\/www.eldiario.net\/portal\/2026\/04\/10\/trabajadores-en-salud-rechazan-despidos-y-piden-mas-insumos\/#primaryimage"},"image":{"@id":"https:\/\/www.eldiario.net\/portal\/2026\/04\/10\/trabajadores-en-salud-rechazan-despidos-y-piden-mas-insumos\/#primaryimage"},"thumbnailUrl":"https:\/\/www.eldiario.net\/portal\/wp-content\/uploads\/2023\/12\/Nacional.jpg","datePublished":"2026-04-10T10:39:40+00:00","breadcrumb":{"@id":"https:\/\/www.eldiario.net\/portal\/2026\/04\/10\/trabajadores-en-salud-rechazan-despidos-y-piden-mas-insumos\/#breadcrumb"},"inLanguage":"es","potentialAction":[{"@type":"ReadAction","target":["https:\/\/www.eldiario.net\/portal\/2026\/04\/10\/trabajadores-en-salud-rechazan-despidos-y-piden-mas-insumos\/"]}]},{"@type":"ImageObject","inLanguage":"es","@id":"https:\/\/www.eldiario.net\/portal\/2026\/04\/10\/trabajadores-en-salud-rechazan-despidos-y-piden-mas-insumos\/#primaryimage","url":"https:\/\/www.eldiario.net\/portal\/wp-content\/uploads\/2023\/12\/Nacional.jpg","contentUrl":"https:\/\/www.eldiario.net\/portal\/wp-content\/uploads\/2023\/12\/Nacional.jpg","width":800,"height":500},{"@type":"BreadcrumbList","@id":"https:\/\/www.eldiario.net\/portal\/2026\/04\/10\/trabajadores-en-salud-rechazan-despidos-y-piden-mas-insumos\/#breadcrumb","itemListElement":[{"@type":"ListItem","position":1,"name":"Portada","item":"https:\/\/www.eldiario.net\/portal\/"},{"@type":"ListItem","position":2,"name":"Trabajadores en salud rechazan despidos y piden m\u00e1s insumos"}]},{"@type":"WebSite","@id":"https:\/\/www.eldiario.net\/portal\/#website","url":"https:\/\/www.eldiario.net\/portal\/","name":"El Diario - Decano de la prensa nacional","description":"El Diario - Decano de la prensa nacional","publisher":{"@id":"https:\/\/www.eldiario.net\/portal\/#organization"},"potentialAction":[{"@type":"SearchAction","target":{"@type":"EntryPoint","urlTemplate":"https:\/\/www.eldiario.net\/portal\/?s={search_term_string}"},"query-input":{"@type":"PropertyValueSpecification","valueRequired":true,"valueName":"search_term_string"}}],"inLanguage":"es"},{"@type":"Organization","@id":"https:\/\/www.eldiario.net\/portal\/#organization","name":"El Diario - Decano de la prensa nacional","url":"https:\/\/www.eldiario.net\/portal\/","logo":{"@type":"ImageObject","inLanguage":"es","@id":"https:\/\/www.eldiario.net\/portal\/#\/schema\/logo\/image\/","url":"https:\/\/www.eldiario.net\/portal\/wp-content\/uploads\/2023\/07\/logo_ED.jpg","contentUrl":"https:\/\/www.eldiario.net\/portal\/wp-content\/uploads\/2023\/07\/logo_ED.jpg","width":272,"height":52,"caption":"El Diario - Decano de la prensa nacional"},"image":{"@id":"https:\/\/www.eldiario.net\/portal\/#\/schema\/logo\/image\/"},"sameAs":["https:\/\/www.facebook.com\/eldiario.bolivia\/","https:\/\/x.com\/eldiario_net"]},{"@type":"Person","@id":"https:\/\/www.eldiario.net\/portal\/#\/schema\/person\/2c57cf2b7a7ae032e449e4c9b1019eac","name":"Jeanette","image":{"@type":"ImageObject","inLanguage":"es","@id":"https:\/\/secure.gravatar.com\/avatar\/3ea2118a5f7dad2b7138b1187a6b7ee55f160b9968b66013c3a3ef39dd7e5798?s=96&d=mm&r=g","url":"https:\/\/secure.gravatar.com\/avatar\/3ea2118a5f7dad2b7138b1187a6b7ee55f160b9968b66013c3a3ef39dd7e5798?s=96&d=mm&r=g","contentUrl":"https:\/\/secure.gravatar.com\/avatar\/3ea2118a5f7dad2b7138b1187a6b7ee55f160b9968b66013c3a3ef39dd7e5798?s=96&d=mm&r=g","caption":"Jeanette"},"sameAs":["https:\/\/www.eldiario.net\/portal"],"url":"https:\/\/www.eldiario.net\/portal\/author\/jeanette\/"}]}},"_links":{"self":[{"href":"https:\/\/www.eldiario.net\/portal\/wp-json\/wp\/v2\/posts\/383908","targetHints":{"allow":["GET"]}}],"collection":[{"href":"https:\/\/www.eldiario.net\/portal\/wp-json\/wp\/v2\/posts"}],"about":[{"href":"https:\/\/www.eldiario.net\/portal\/wp-json\/wp\/v2\/types\/post"}],"author":[{"embeddable":true,"href":"https:\/\/www.eldiario.net\/portal\/wp-json\/wp\/v2\/users\/1"}],"replies":[{"embeddable":true,"href":"https:\/\/www.eldiario.net\/portal\/wp-json\/wp\/v2\/comments?post=383908"}],"version-history":[{"count":1,"href":"https:\/\/www.eldiario.net\/portal\/wp-json\/wp\/v2\/posts\/383908\/revisions"}],"predecessor-version":[{"id":383909,"href":"https:\/\/www.eldiario.net\/portal\/wp-json\/wp\/v2\/posts\/383908\/revisions\/383909"}],"wp:featuredmedia":[{"embeddable":true,"href":"https:\/\/www.eldiario.net\/portal\/wp-json\/wp\/v2\/media\/194726"}],"wp:attachment":[{"href":"https:\/\/www.eldiario.net\/portal\/wp-json\/wp\/v2\/media?parent=383908"}],"wp:term":[{"taxonomy":"category","embeddable":true,"href":"https:\/\/www.eldiario.net\/portal\/wp-json\/wp\/v2\/categories?post=383908"},{"taxonomy":"post_tag","embeddable":true,"href":"https:\/\/www.eldiario.net\/portal\/wp-json\/wp\/v2\/tags?post=383908"}],"curies":[{"name":"wp","href":"https:\/\/api.w.org\/{rel}","templated":true}]}}