{"id":383903,"date":"2026-04-10T06:36:36","date_gmt":"2026-04-10T10:36:36","guid":{"rendered":"https:\/\/www.eldiario.net\/portal\/?p=383903"},"modified":"2026-04-10T06:36:36","modified_gmt":"2026-04-10T10:36:36","slug":"bancos-liberan-tarjetas-y-amplian-monto-de-uso","status":"publish","type":"post","link":"https:\/\/www.eldiario.net\/portal\/2026\/04\/10\/bancos-liberan-tarjetas-y-amplian-monto-de-uso\/","title":{"rendered":"Bancos liberan tarjetas  y ampl\u00edan monto de uso"},"content":{"rendered":"<p>Los bancos empezaron a liberar las tarjetas de d\u00e9bito y cr\u00e9dito para consumo personal y pagos en el exterior, con las indicaciones establecidas por el Gobierno y algunos incrementaron el monto de uso; el secretario ejecutivo de la Asociaci\u00f3n de Bancos Privados de Bolivia (Asoban), Nelson Villalobos, dijo que la determinaci\u00f3n obedece al buen momento que pasa el comercio exterior boliviano.<br \/>\nEntretanto, la Autoridad de Supervisi\u00f3n del Sistema Financiero (ASFI) y el Banco Central de Bolivia (BCB) emitieron las disposiciones correspondientes, desde ayer ya se aplica el uso de tarjetas de d\u00e9bito para compras en el exterior hasta un monto de 500 d\u00f3lares, y de cr\u00e9dito casi es ilimitado, ya que depende de la l\u00ednea de financiamiento que recibi\u00f3 el propietario.<\/p>\n<p>Comercio<br \/>\nEn los \u00faltimos meses, los datos oficiales del Instituto Nacional de Estad\u00edstica (INE) inform\u00f3 que el pa\u00eds logr\u00f3 un super\u00e1vit comercial en enero y febrero de m\u00e1s de 800 millones de d\u00f3lares.<br \/>\nEn ese sentido, el secretario ejecutivo de Asoban sostuvo que la banca ha logrado consolidar la atenci\u00f3n de mejor manera a los principales actores econ\u00f3micos, exportadores e importadores.<br \/>\nEsa consolidaci\u00f3n logr\u00f3 estabilizar el mercado externo de divisas, y de esta manera abri\u00f3 la posibilidad de atender la iniciativa del Gobierno, la apertura al consumo a trav\u00e9s de las tarjetas de d\u00e9bito y cr\u00e9dito en el exterior, en base al valor referencial que publica el BCB, cada d\u00eda.<br \/>\nDe acuerdo con la explicaci\u00f3n del representante de Asoban, los mecanismos habilitados por los bancos para atender las operaciones de los agentes econ\u00f3micos en el mercado internacional, como exportadores, logr\u00f3 la obtenci\u00f3n de divisas, adem\u00e1s no est\u00e1n dependiendo de los recursos del BCB.<br \/>\nAsimismo, inform\u00f3 que con la restricci\u00f3n implementada las transacciones financieras con tarjetas alcanzaban a 20 millones de d\u00f3lares mensuales, mientras que en tiempos normales la cifra oscilaba entre 50 a 60 millones.<br \/>\n\u201cHay expectativa a que existe un incremento en el consumo de uso de tarjetas\u201d, se\u00f1al\u00f3.<\/p>\n","protected":false},"excerpt":{"rendered":"<p>Los bancos empezaron a liberar las tarjetas de d\u00e9bito y cr\u00e9dito para consumo personal y pagos en el exterior, con las indicaciones establecidas por el Gobierno y algunos incrementaron el monto de uso; el secretario ejecutivo de la Asociaci\u00f3n de Bancos Privados de Bolivia (Asoban), Nelson Villalobos, dijo que la determinaci\u00f3n obedece al buen momento [&hellip;]<\/p>\n","protected":false},"author":1,"featured_media":383904,"comment_status":"closed","ping_status":"open","sticky":false,"template":"","format":"standard","meta":{"_acf_changed":false,"footnotes":""},"categories":[7],"tags":[],"class_list":["post-383903","post","type-post","status-publish","format-standard","has-post-thumbnail","category-economia"],"acf":{"antetitulo":""},"yoast_head":"<!-- This site is optimized with the Yoast SEO plugin v28.4 - https:\/\/yoast.com\/product\/yoast-seo-wordpress\/ -->\n<title>Bancos liberan tarjetas y ampl\u00edan monto de uso - El Diario - Bolivia<\/title>\n<meta name=\"robots\" content=\"index, follow, max-snippet:-1, max-image-preview:large, max-video-preview:-1\" \/>\n<link rel=\"canonical\" href=\"https:\/\/www.eldiario.net\/portal\/2026\/04\/10\/bancos-liberan-tarjetas-y-amplian-monto-de-uso\/\" \/>\n<meta property=\"og:locale\" content=\"es_ES\" \/>\n<meta property=\"og:type\" content=\"article\" \/>\n<meta property=\"og:title\" content=\"Bancos liberan tarjetas y ampl\u00edan monto de uso - El Diario - Bolivia\" \/>\n<meta property=\"og:description\" content=\"Los bancos empezaron a liberar las tarjetas de d\u00e9bito y cr\u00e9dito para consumo personal y pagos en el exterior, con las indicaciones establecidas por el Gobierno y algunos incrementaron el monto de uso; el secretario ejecutivo de la Asociaci\u00f3n de Bancos Privados de Bolivia (Asoban), Nelson Villalobos, dijo que la determinaci\u00f3n obedece al buen momento [&hellip;]\" \/>\n<meta property=\"og:url\" content=\"https:\/\/www.eldiario.net\/portal\/2026\/04\/10\/bancos-liberan-tarjetas-y-amplian-monto-de-uso\/\" \/>\n<meta property=\"og:site_name\" content=\"El Diario - Bolivia\" \/>\n<meta property=\"article:publisher\" content=\"https:\/\/www.facebook.com\/eldiario.bolivia\/\" \/>\n<meta property=\"article:published_time\" content=\"2026-04-10T10:36:36+00:00\" \/>\n<meta property=\"og:image\" content=\"https:\/\/www.eldiario.net\/portal\/wp-content\/uploads\/2026\/04\/asoban.webp\" \/>\n\t<meta property=\"og:image:width\" content=\"1135\" \/>\n\t<meta property=\"og:image:height\" content=\"909\" \/>\n\t<meta property=\"og:image:type\" content=\"image\/webp\" \/>\n<meta name=\"author\" content=\"Jeanette\" \/>\n<meta name=\"twitter:card\" content=\"summary_large_image\" \/>\n<meta name=\"twitter:creator\" content=\"@eldiario_net\" \/>\n<meta name=\"twitter:site\" content=\"@eldiario_net\" \/>\n<meta name=\"twitter:label1\" content=\"Escrito por\" \/>\n\t<meta name=\"twitter:data1\" content=\"Jeanette\" \/>\n\t<meta name=\"twitter:label2\" content=\"Tiempo de lectura\" \/>\n\t<meta name=\"twitter:data2\" content=\"2 minutos\" \/>\n<script type=\"application\/ld+json\" class=\"yoast-schema-graph\">{\"@context\":\"https:\\\/\\\/schema.org\",\"@graph\":[{\"@type\":\"Article\",\"@id\":\"https:\\\/\\\/www.eldiario.net\\\/portal\\\/2026\\\/04\\\/10\\\/bancos-liberan-tarjetas-y-amplian-monto-de-uso\\\/#article\",\"isPartOf\":{\"@id\":\"https:\\\/\\\/www.eldiario.net\\\/portal\\\/2026\\\/04\\\/10\\\/bancos-liberan-tarjetas-y-amplian-monto-de-uso\\\/\"},\"author\":{\"name\":\"Jeanette\",\"@id\":\"https:\\\/\\\/www.eldiario.net\\\/portal\\\/#\\\/schema\\\/person\\\/2c57cf2b7a7ae032e449e4c9b1019eac\"},\"headline\":\"Bancos liberan tarjetas y ampl\u00edan monto de uso\",\"datePublished\":\"2026-04-10T10:36:36+00:00\",\"mainEntityOfPage\":{\"@id\":\"https:\\\/\\\/www.eldiario.net\\\/portal\\\/2026\\\/04\\\/10\\\/bancos-liberan-tarjetas-y-amplian-monto-de-uso\\\/\"},\"wordCount\":354,\"publisher\":{\"@id\":\"https:\\\/\\\/www.eldiario.net\\\/portal\\\/#organization\"},\"image\":{\"@id\":\"https:\\\/\\\/www.eldiario.net\\\/portal\\\/2026\\\/04\\\/10\\\/bancos-liberan-tarjetas-y-amplian-monto-de-uso\\\/#primaryimage\"},\"thumbnailUrl\":\"https:\\\/\\\/www.eldiario.net\\\/portal\\\/wp-content\\\/uploads\\\/2026\\\/04\\\/asoban.webp\",\"articleSection\":[\"Econom\u00eda\"],\"inLanguage\":\"es\"},{\"@type\":\"WebPage\",\"@id\":\"https:\\\/\\\/www.eldiario.net\\\/portal\\\/2026\\\/04\\\/10\\\/bancos-liberan-tarjetas-y-amplian-monto-de-uso\\\/\",\"url\":\"https:\\\/\\\/www.eldiario.net\\\/portal\\\/2026\\\/04\\\/10\\\/bancos-liberan-tarjetas-y-amplian-monto-de-uso\\\/\",\"name\":\"Bancos liberan tarjetas y ampl\u00edan monto de uso - El Diario - Bolivia\",\"isPartOf\":{\"@id\":\"https:\\\/\\\/www.eldiario.net\\\/portal\\\/#website\"},\"primaryImageOfPage\":{\"@id\":\"https:\\\/\\\/www.eldiario.net\\\/portal\\\/2026\\\/04\\\/10\\\/bancos-liberan-tarjetas-y-amplian-monto-de-uso\\\/#primaryimage\"},\"image\":{\"@id\":\"https:\\\/\\\/www.eldiario.net\\\/portal\\\/2026\\\/04\\\/10\\\/bancos-liberan-tarjetas-y-amplian-monto-de-uso\\\/#primaryimage\"},\"thumbnailUrl\":\"https:\\\/\\\/www.eldiario.net\\\/portal\\\/wp-content\\\/uploads\\\/2026\\\/04\\\/asoban.webp\",\"datePublished\":\"2026-04-10T10:36:36+00:00\",\"breadcrumb\":{\"@id\":\"https:\\\/\\\/www.eldiario.net\\\/portal\\\/2026\\\/04\\\/10\\\/bancos-liberan-tarjetas-y-amplian-monto-de-uso\\\/#breadcrumb\"},\"inLanguage\":\"es\",\"potentialAction\":[{\"@type\":\"ReadAction\",\"target\":[\"https:\\\/\\\/www.eldiario.net\\\/portal\\\/2026\\\/04\\\/10\\\/bancos-liberan-tarjetas-y-amplian-monto-de-uso\\\/\"]}]},{\"@type\":\"ImageObject\",\"inLanguage\":\"es\",\"@id\":\"https:\\\/\\\/www.eldiario.net\\\/portal\\\/2026\\\/04\\\/10\\\/bancos-liberan-tarjetas-y-amplian-monto-de-uso\\\/#primaryimage\",\"url\":\"https:\\\/\\\/www.eldiario.net\\\/portal\\\/wp-content\\\/uploads\\\/2026\\\/04\\\/asoban.webp\",\"contentUrl\":\"https:\\\/\\\/www.eldiario.net\\\/portal\\\/wp-content\\\/uploads\\\/2026\\\/04\\\/asoban.webp\",\"width\":1135,\"height\":909,\"caption\":\"el Secretario Ejecutivo de Asoban, Nelson Villalobos.\"},{\"@type\":\"BreadcrumbList\",\"@id\":\"https:\\\/\\\/www.eldiario.net\\\/portal\\\/2026\\\/04\\\/10\\\/bancos-liberan-tarjetas-y-amplian-monto-de-uso\\\/#breadcrumb\",\"itemListElement\":[{\"@type\":\"ListItem\",\"position\":1,\"name\":\"Portada\",\"item\":\"https:\\\/\\\/www.eldiario.net\\\/portal\\\/\"},{\"@type\":\"ListItem\",\"position\":2,\"name\":\"Bancos liberan tarjetas y ampl\u00edan monto de uso\"}]},{\"@type\":\"WebSite\",\"@id\":\"https:\\\/\\\/www.eldiario.net\\\/portal\\\/#website\",\"url\":\"https:\\\/\\\/www.eldiario.net\\\/portal\\\/\",\"name\":\"El Diario - Decano de la prensa nacional\",\"description\":\"El Diario - Decano de la prensa nacional\",\"publisher\":{\"@id\":\"https:\\\/\\\/www.eldiario.net\\\/portal\\\/#organization\"},\"potentialAction\":[{\"@type\":\"SearchAction\",\"target\":{\"@type\":\"EntryPoint\",\"urlTemplate\":\"https:\\\/\\\/www.eldiario.net\\\/portal\\\/?s={search_term_string}\"},\"query-input\":{\"@type\":\"PropertyValueSpecification\",\"valueRequired\":true,\"valueName\":\"search_term_string\"}}],\"inLanguage\":\"es\"},{\"@type\":\"Organization\",\"@id\":\"https:\\\/\\\/www.eldiario.net\\\/portal\\\/#organization\",\"name\":\"El Diario - Decano de la prensa nacional\",\"url\":\"https:\\\/\\\/www.eldiario.net\\\/portal\\\/\",\"logo\":{\"@type\":\"ImageObject\",\"inLanguage\":\"es\",\"@id\":\"https:\\\/\\\/www.eldiario.net\\\/portal\\\/#\\\/schema\\\/logo\\\/image\\\/\",\"url\":\"https:\\\/\\\/www.eldiario.net\\\/portal\\\/wp-content\\\/uploads\\\/2023\\\/07\\\/logo_ED.jpg\",\"contentUrl\":\"https:\\\/\\\/www.eldiario.net\\\/portal\\\/wp-content\\\/uploads\\\/2023\\\/07\\\/logo_ED.jpg\",\"width\":272,\"height\":52,\"caption\":\"El Diario - Decano de la prensa nacional\"},\"image\":{\"@id\":\"https:\\\/\\\/www.eldiario.net\\\/portal\\\/#\\\/schema\\\/logo\\\/image\\\/\"},\"sameAs\":[\"https:\\\/\\\/www.facebook.com\\\/eldiario.bolivia\\\/\",\"https:\\\/\\\/x.com\\\/eldiario_net\"]},{\"@type\":\"Person\",\"@id\":\"https:\\\/\\\/www.eldiario.net\\\/portal\\\/#\\\/schema\\\/person\\\/2c57cf2b7a7ae032e449e4c9b1019eac\",\"name\":\"Jeanette\",\"image\":{\"@type\":\"ImageObject\",\"inLanguage\":\"es\",\"@id\":\"https:\\\/\\\/secure.gravatar.com\\\/avatar\\\/3ea2118a5f7dad2b7138b1187a6b7ee55f160b9968b66013c3a3ef39dd7e5798?s=96&d=mm&r=g\",\"url\":\"https:\\\/\\\/secure.gravatar.com\\\/avatar\\\/3ea2118a5f7dad2b7138b1187a6b7ee55f160b9968b66013c3a3ef39dd7e5798?s=96&d=mm&r=g\",\"contentUrl\":\"https:\\\/\\\/secure.gravatar.com\\\/avatar\\\/3ea2118a5f7dad2b7138b1187a6b7ee55f160b9968b66013c3a3ef39dd7e5798?s=96&d=mm&r=g\",\"caption\":\"Jeanette\"},\"sameAs\":[\"https:\\\/\\\/www.eldiario.net\\\/portal\"],\"url\":\"https:\\\/\\\/www.eldiario.net\\\/portal\\\/author\\\/jeanette\\\/\"}]}<\/script>\n<!-- \/ Yoast SEO plugin. -->","yoast_head_json":{"title":"Bancos liberan tarjetas y ampl\u00edan monto de uso - El Diario - Bolivia","robots":{"index":"index","follow":"follow","max-snippet":"max-snippet:-1","max-image-preview":"max-image-preview:large","max-video-preview":"max-video-preview:-1"},"canonical":"https:\/\/www.eldiario.net\/portal\/2026\/04\/10\/bancos-liberan-tarjetas-y-amplian-monto-de-uso\/","og_locale":"es_ES","og_type":"article","og_title":"Bancos liberan tarjetas y ampl\u00edan monto de uso - El Diario - Bolivia","og_description":"Los bancos empezaron a liberar las tarjetas de d\u00e9bito y cr\u00e9dito para consumo personal y pagos en el exterior, con las indicaciones establecidas por el Gobierno y algunos incrementaron el monto de uso; el secretario ejecutivo de la Asociaci\u00f3n de Bancos Privados de Bolivia (Asoban), Nelson Villalobos, dijo que la determinaci\u00f3n obedece al buen momento [&hellip;]","og_url":"https:\/\/www.eldiario.net\/portal\/2026\/04\/10\/bancos-liberan-tarjetas-y-amplian-monto-de-uso\/","og_site_name":"El Diario - Bolivia","article_publisher":"https:\/\/www.facebook.com\/eldiario.bolivia\/","article_published_time":"2026-04-10T10:36:36+00:00","og_image":[{"width":1135,"height":909,"url":"https:\/\/www.eldiario.net\/portal\/wp-content\/uploads\/2026\/04\/asoban.webp","type":"image\/webp"}],"author":"Jeanette","twitter_card":"summary_large_image","twitter_creator":"@eldiario_net","twitter_site":"@eldiario_net","twitter_misc":{"Escrito por":"Jeanette","Tiempo de lectura":"2 minutos"},"schema":{"@context":"https:\/\/schema.org","@graph":[{"@type":"Article","@id":"https:\/\/www.eldiario.net\/portal\/2026\/04\/10\/bancos-liberan-tarjetas-y-amplian-monto-de-uso\/#article","isPartOf":{"@id":"https:\/\/www.eldiario.net\/portal\/2026\/04\/10\/bancos-liberan-tarjetas-y-amplian-monto-de-uso\/"},"author":{"name":"Jeanette","@id":"https:\/\/www.eldiario.net\/portal\/#\/schema\/person\/2c57cf2b7a7ae032e449e4c9b1019eac"},"headline":"Bancos liberan tarjetas y ampl\u00edan monto de uso","datePublished":"2026-04-10T10:36:36+00:00","mainEntityOfPage":{"@id":"https:\/\/www.eldiario.net\/portal\/2026\/04\/10\/bancos-liberan-tarjetas-y-amplian-monto-de-uso\/"},"wordCount":354,"publisher":{"@id":"https:\/\/www.eldiario.net\/portal\/#organization"},"image":{"@id":"https:\/\/www.eldiario.net\/portal\/2026\/04\/10\/bancos-liberan-tarjetas-y-amplian-monto-de-uso\/#primaryimage"},"thumbnailUrl":"https:\/\/www.eldiario.net\/portal\/wp-content\/uploads\/2026\/04\/asoban.webp","articleSection":["Econom\u00eda"],"inLanguage":"es"},{"@type":"WebPage","@id":"https:\/\/www.eldiario.net\/portal\/2026\/04\/10\/bancos-liberan-tarjetas-y-amplian-monto-de-uso\/","url":"https:\/\/www.eldiario.net\/portal\/2026\/04\/10\/bancos-liberan-tarjetas-y-amplian-monto-de-uso\/","name":"Bancos liberan tarjetas y ampl\u00edan monto de uso - El Diario - Bolivia","isPartOf":{"@id":"https:\/\/www.eldiario.net\/portal\/#website"},"primaryImageOfPage":{"@id":"https:\/\/www.eldiario.net\/portal\/2026\/04\/10\/bancos-liberan-tarjetas-y-amplian-monto-de-uso\/#primaryimage"},"image":{"@id":"https:\/\/www.eldiario.net\/portal\/2026\/04\/10\/bancos-liberan-tarjetas-y-amplian-monto-de-uso\/#primaryimage"},"thumbnailUrl":"https:\/\/www.eldiario.net\/portal\/wp-content\/uploads\/2026\/04\/asoban.webp","datePublished":"2026-04-10T10:36:36+00:00","breadcrumb":{"@id":"https:\/\/www.eldiario.net\/portal\/2026\/04\/10\/bancos-liberan-tarjetas-y-amplian-monto-de-uso\/#breadcrumb"},"inLanguage":"es","potentialAction":[{"@type":"ReadAction","target":["https:\/\/www.eldiario.net\/portal\/2026\/04\/10\/bancos-liberan-tarjetas-y-amplian-monto-de-uso\/"]}]},{"@type":"ImageObject","inLanguage":"es","@id":"https:\/\/www.eldiario.net\/portal\/2026\/04\/10\/bancos-liberan-tarjetas-y-amplian-monto-de-uso\/#primaryimage","url":"https:\/\/www.eldiario.net\/portal\/wp-content\/uploads\/2026\/04\/asoban.webp","contentUrl":"https:\/\/www.eldiario.net\/portal\/wp-content\/uploads\/2026\/04\/asoban.webp","width":1135,"height":909,"caption":"el Secretario Ejecutivo de Asoban, Nelson Villalobos."},{"@type":"BreadcrumbList","@id":"https:\/\/www.eldiario.net\/portal\/2026\/04\/10\/bancos-liberan-tarjetas-y-amplian-monto-de-uso\/#breadcrumb","itemListElement":[{"@type":"ListItem","position":1,"name":"Portada","item":"https:\/\/www.eldiario.net\/portal\/"},{"@type":"ListItem","position":2,"name":"Bancos liberan tarjetas y ampl\u00edan monto de uso"}]},{"@type":"WebSite","@id":"https:\/\/www.eldiario.net\/portal\/#website","url":"https:\/\/www.eldiario.net\/portal\/","name":"El Diario - Decano de la prensa nacional","description":"El Diario - Decano de la prensa nacional","publisher":{"@id":"https:\/\/www.eldiario.net\/portal\/#organization"},"potentialAction":[{"@type":"SearchAction","target":{"@type":"EntryPoint","urlTemplate":"https:\/\/www.eldiario.net\/portal\/?s={search_term_string}"},"query-input":{"@type":"PropertyValueSpecification","valueRequired":true,"valueName":"search_term_string"}}],"inLanguage":"es"},{"@type":"Organization","@id":"https:\/\/www.eldiario.net\/portal\/#organization","name":"El Diario - Decano de la prensa nacional","url":"https:\/\/www.eldiario.net\/portal\/","logo":{"@type":"ImageObject","inLanguage":"es","@id":"https:\/\/www.eldiario.net\/portal\/#\/schema\/logo\/image\/","url":"https:\/\/www.eldiario.net\/portal\/wp-content\/uploads\/2023\/07\/logo_ED.jpg","contentUrl":"https:\/\/www.eldiario.net\/portal\/wp-content\/uploads\/2023\/07\/logo_ED.jpg","width":272,"height":52,"caption":"El Diario - Decano de la prensa nacional"},"image":{"@id":"https:\/\/www.eldiario.net\/portal\/#\/schema\/logo\/image\/"},"sameAs":["https:\/\/www.facebook.com\/eldiario.bolivia\/","https:\/\/x.com\/eldiario_net"]},{"@type":"Person","@id":"https:\/\/www.eldiario.net\/portal\/#\/schema\/person\/2c57cf2b7a7ae032e449e4c9b1019eac","name":"Jeanette","image":{"@type":"ImageObject","inLanguage":"es","@id":"https:\/\/secure.gravatar.com\/avatar\/3ea2118a5f7dad2b7138b1187a6b7ee55f160b9968b66013c3a3ef39dd7e5798?s=96&d=mm&r=g","url":"https:\/\/secure.gravatar.com\/avatar\/3ea2118a5f7dad2b7138b1187a6b7ee55f160b9968b66013c3a3ef39dd7e5798?s=96&d=mm&r=g","contentUrl":"https:\/\/secure.gravatar.com\/avatar\/3ea2118a5f7dad2b7138b1187a6b7ee55f160b9968b66013c3a3ef39dd7e5798?s=96&d=mm&r=g","caption":"Jeanette"},"sameAs":["https:\/\/www.eldiario.net\/portal"],"url":"https:\/\/www.eldiario.net\/portal\/author\/jeanette\/"}]}},"_links":{"self":[{"href":"https:\/\/www.eldiario.net\/portal\/wp-json\/wp\/v2\/posts\/383903","targetHints":{"allow":["GET"]}}],"collection":[{"href":"https:\/\/www.eldiario.net\/portal\/wp-json\/wp\/v2\/posts"}],"about":[{"href":"https:\/\/www.eldiario.net\/portal\/wp-json\/wp\/v2\/types\/post"}],"author":[{"embeddable":true,"href":"https:\/\/www.eldiario.net\/portal\/wp-json\/wp\/v2\/users\/1"}],"replies":[{"embeddable":true,"href":"https:\/\/www.eldiario.net\/portal\/wp-json\/wp\/v2\/comments?post=383903"}],"version-history":[{"count":1,"href":"https:\/\/www.eldiario.net\/portal\/wp-json\/wp\/v2\/posts\/383903\/revisions"}],"predecessor-version":[{"id":383905,"href":"https:\/\/www.eldiario.net\/portal\/wp-json\/wp\/v2\/posts\/383903\/revisions\/383905"}],"wp:featuredmedia":[{"embeddable":true,"href":"https:\/\/www.eldiario.net\/portal\/wp-json\/wp\/v2\/media\/383904"}],"wp:attachment":[{"href":"https:\/\/www.eldiario.net\/portal\/wp-json\/wp\/v2\/media?parent=383903"}],"wp:term":[{"taxonomy":"category","embeddable":true,"href":"https:\/\/www.eldiario.net\/portal\/wp-json\/wp\/v2\/categories?post=383903"},{"taxonomy":"post_tag","embeddable":true,"href":"https:\/\/www.eldiario.net\/portal\/wp-json\/wp\/v2\/tags?post=383903"}],"curies":[{"name":"wp","href":"https:\/\/api.w.org\/{rel}","templated":true}]}}