{"id":383900,"date":"2026-04-10T06:35:37","date_gmt":"2026-04-10T10:35:37","guid":{"rendered":"https:\/\/www.eldiario.net\/portal\/?p=383900"},"modified":"2026-04-10T06:35:37","modified_gmt":"2026-04-10T10:35:37","slug":"bolivia-ingresa-en-recesion-por-cinco-factores-en-2026","status":"publish","type":"post","link":"https:\/\/www.eldiario.net\/portal\/2026\/04\/10\/bolivia-ingresa-en-recesion-por-cinco-factores-en-2026\/","title":{"rendered":"Bolivia ingresa en recesi\u00f3n  por cinco factores en 2026"},"content":{"rendered":"<p>Bolivia registrar\u00e1 la mayor recesi\u00f3n de los \u00faltimos a\u00f1os, dejando atr\u00e1s el 2020 por la pandemia. Ahora la situaci\u00f3n econ\u00f3mica es delicada, a pesar de las medidas implementadas. Una menor producci\u00f3n de gas, falta de d\u00f3lares, d\u00e9ficit fiscal elevado, ca\u00edda de exportaciones y baja inversi\u00f3n privada, son los factores que a\u00fan no son resueltos por la actual administraci\u00f3n de Estado.<br \/>\nRecordemos que el Banco Mundial en su panor\u00e1mico de la econom\u00eda para Am\u00e9rica Latina y el Caribe, proyect\u00f3 una cifra negativa para Bolivia de -3,2% en 2026, que significa que la econom\u00eda boliviana mantendr\u00e1 por tercer a\u00f1o consecutivo una recesi\u00f3n.<br \/>\n\u201cAunque el Banco Mundial advierte que Am\u00e9rica Latina sigue con bajo crecimiento por problemas estructurales persistentes, espacio fiscal reducido, alto costo financiero y menor margen de maniobra macroecon\u00f3mica, el problema de Bolivia ser\u00eda a\u00fan m\u00e1s agudo por sus desequilibrios internos: ca\u00edda de producci\u00f3n de gas, menor ingreso de divisas, d\u00e9ficit fiscal sostenido, presi\u00f3n sobre reservas internacionales, escasez de d\u00f3lares, subvenciones crecientes a combustibles y baja inversi\u00f3n privada\u201d, puntualiz\u00f3 el economista e investigador Fernando Romero.<br \/>\nExplica que, con base en el enfoque del Banco Mundial, las medidas de corto plazo suelen ser insuficientes cuando la crisis es estructural. Si las acciones se concentraron en controles, gasto coyuntural, endeudamiento o alivios temporales sin corregir el d\u00e9ficit, la productividad, la falta de divisas y la ca\u00edda exportadora, entonces el efecto sobre expectativas y crecimiento es muy limitado.<br \/>\nSeg\u00fan Romero, que coincide por separado con otros economistas, falta reformas estructurales profundas para empezar a salir de la crisis. El Gobierno, a trav\u00e9s de autoridades del sector econ\u00f3mico, indic\u00f3 que la econom\u00eda se estabiliza.<br \/>\n\u201c(\u2026) el problema central es la falta de reformas estructurales profundas, sumado al desgaste del modelo primario-exportador basado en gas natural y gasto p\u00fablico de a\u00f1os. El propio Banco Mundial se\u00f1ala que la regi\u00f3n necesita pol\u00edticas que impulsen productividad, inversi\u00f3n y empleo de calidad, porque el crecimiento actual es insuficiente\u201d, detalla.<\/p>\n<p>Crecimiento para 2027<br \/>\nA pesar de la cifra negativa proyectada para 2026, el organismo internacional estima que el 2027, Bolivia crecer\u00e1 4%. Romero asume que la cifra probablemente refleja una apuesta a un rebote t\u00e9cnico y a una correcci\u00f3n parcial de desequilibrios, no una soluci\u00f3n definitiva de fondo.<br \/>\nAnte ese panorama, el economista plantea cinco medidas: orden fiscal cre\u00edble y gradual; plan de estabilizaci\u00f3n cambiaria y de reservas; shock de inversi\u00f3n en hidrocarburos, miner\u00eda y energ\u00eda; reforma pro-inversi\u00f3n y simplificaci\u00f3n tributaria\/regulatoria y diversificaci\u00f3n productiva con enfoque exportador.<\/p>\n","protected":false},"excerpt":{"rendered":"<p>Bolivia registrar\u00e1 la mayor recesi\u00f3n de los \u00faltimos a\u00f1os, dejando atr\u00e1s el 2020 por la pandemia. Ahora la situaci\u00f3n econ\u00f3mica es delicada, a pesar de las medidas implementadas. Una menor producci\u00f3n de gas, falta de d\u00f3lares, d\u00e9ficit fiscal elevado, ca\u00edda de exportaciones y baja inversi\u00f3n privada, son los factores que a\u00fan no son resueltos por [&hellip;]<\/p>\n","protected":false},"author":1,"featured_media":383901,"comment_status":"closed","ping_status":"open","sticky":false,"template":"","format":"standard","meta":{"_acf_changed":false,"footnotes":""},"categories":[7],"tags":[],"class_list":["post-383900","post","type-post","status-publish","format-standard","has-post-thumbnail","category-economia"],"acf":{"antetitulo":"Tercer a\u00f1o consecutivo"},"yoast_head":"<!-- This site is optimized with the Yoast SEO plugin v28.4 - https:\/\/yoast.com\/product\/yoast-seo-wordpress\/ -->\n<title>Bolivia ingresa en recesi\u00f3n por cinco factores en 2026 - El Diario - Bolivia<\/title>\n<meta name=\"robots\" content=\"index, follow, max-snippet:-1, max-image-preview:large, max-video-preview:-1\" \/>\n<link rel=\"canonical\" href=\"https:\/\/www.eldiario.net\/portal\/2026\/04\/10\/bolivia-ingresa-en-recesion-por-cinco-factores-en-2026\/\" \/>\n<meta property=\"og:locale\" content=\"es_ES\" \/>\n<meta property=\"og:type\" content=\"article\" \/>\n<meta property=\"og:title\" content=\"Bolivia ingresa en recesi\u00f3n por cinco factores en 2026 - El Diario - Bolivia\" \/>\n<meta property=\"og:description\" content=\"Bolivia registrar\u00e1 la mayor recesi\u00f3n de los \u00faltimos a\u00f1os, dejando atr\u00e1s el 2020 por la pandemia. Ahora la situaci\u00f3n econ\u00f3mica es delicada, a pesar de las medidas implementadas. Una menor producci\u00f3n de gas, falta de d\u00f3lares, d\u00e9ficit fiscal elevado, ca\u00edda de exportaciones y baja inversi\u00f3n privada, son los factores que a\u00fan no son resueltos por [&hellip;]\" \/>\n<meta property=\"og:url\" content=\"https:\/\/www.eldiario.net\/portal\/2026\/04\/10\/bolivia-ingresa-en-recesion-por-cinco-factores-en-2026\/\" \/>\n<meta property=\"og:site_name\" content=\"El Diario - Bolivia\" \/>\n<meta property=\"article:publisher\" content=\"https:\/\/www.facebook.com\/eldiario.bolivia\/\" \/>\n<meta property=\"article:published_time\" content=\"2026-04-10T10:35:37+00:00\" \/>\n<meta property=\"og:image\" content=\"https:\/\/www.eldiario.net\/portal\/wp-content\/uploads\/2026\/04\/claves.webp\" \/>\n\t<meta property=\"og:image:width\" content=\"300\" \/>\n\t<meta property=\"og:image:height\" content=\"168\" \/>\n\t<meta property=\"og:image:type\" content=\"image\/webp\" \/>\n<meta name=\"author\" content=\"Jeanette\" \/>\n<meta name=\"twitter:card\" content=\"summary_large_image\" \/>\n<meta name=\"twitter:creator\" content=\"@eldiario_net\" \/>\n<meta name=\"twitter:site\" content=\"@eldiario_net\" \/>\n<meta name=\"twitter:label1\" content=\"Escrito por\" \/>\n\t<meta name=\"twitter:data1\" content=\"Jeanette\" \/>\n\t<meta name=\"twitter:label2\" content=\"Tiempo de lectura\" \/>\n\t<meta name=\"twitter:data2\" content=\"3 minutos\" \/>\n<script type=\"application\/ld+json\" class=\"yoast-schema-graph\">{\"@context\":\"https:\\\/\\\/schema.org\",\"@graph\":[{\"@type\":\"Article\",\"@id\":\"https:\\\/\\\/www.eldiario.net\\\/portal\\\/2026\\\/04\\\/10\\\/bolivia-ingresa-en-recesion-por-cinco-factores-en-2026\\\/#article\",\"isPartOf\":{\"@id\":\"https:\\\/\\\/www.eldiario.net\\\/portal\\\/2026\\\/04\\\/10\\\/bolivia-ingresa-en-recesion-por-cinco-factores-en-2026\\\/\"},\"author\":{\"name\":\"Jeanette\",\"@id\":\"https:\\\/\\\/www.eldiario.net\\\/portal\\\/#\\\/schema\\\/person\\\/2c57cf2b7a7ae032e449e4c9b1019eac\"},\"headline\":\"Bolivia ingresa en recesi\u00f3n por cinco factores en 2026\",\"datePublished\":\"2026-04-10T10:35:37+00:00\",\"mainEntityOfPage\":{\"@id\":\"https:\\\/\\\/www.eldiario.net\\\/portal\\\/2026\\\/04\\\/10\\\/bolivia-ingresa-en-recesion-por-cinco-factores-en-2026\\\/\"},\"wordCount\":462,\"publisher\":{\"@id\":\"https:\\\/\\\/www.eldiario.net\\\/portal\\\/#organization\"},\"image\":{\"@id\":\"https:\\\/\\\/www.eldiario.net\\\/portal\\\/2026\\\/04\\\/10\\\/bolivia-ingresa-en-recesion-por-cinco-factores-en-2026\\\/#primaryimage\"},\"thumbnailUrl\":\"https:\\\/\\\/www.eldiario.net\\\/portal\\\/wp-content\\\/uploads\\\/2026\\\/04\\\/claves.webp\",\"articleSection\":[\"Econom\u00eda\"],\"inLanguage\":\"es\"},{\"@type\":\"WebPage\",\"@id\":\"https:\\\/\\\/www.eldiario.net\\\/portal\\\/2026\\\/04\\\/10\\\/bolivia-ingresa-en-recesion-por-cinco-factores-en-2026\\\/\",\"url\":\"https:\\\/\\\/www.eldiario.net\\\/portal\\\/2026\\\/04\\\/10\\\/bolivia-ingresa-en-recesion-por-cinco-factores-en-2026\\\/\",\"name\":\"Bolivia ingresa en recesi\u00f3n por cinco factores en 2026 - El Diario - Bolivia\",\"isPartOf\":{\"@id\":\"https:\\\/\\\/www.eldiario.net\\\/portal\\\/#website\"},\"primaryImageOfPage\":{\"@id\":\"https:\\\/\\\/www.eldiario.net\\\/portal\\\/2026\\\/04\\\/10\\\/bolivia-ingresa-en-recesion-por-cinco-factores-en-2026\\\/#primaryimage\"},\"image\":{\"@id\":\"https:\\\/\\\/www.eldiario.net\\\/portal\\\/2026\\\/04\\\/10\\\/bolivia-ingresa-en-recesion-por-cinco-factores-en-2026\\\/#primaryimage\"},\"thumbnailUrl\":\"https:\\\/\\\/www.eldiario.net\\\/portal\\\/wp-content\\\/uploads\\\/2026\\\/04\\\/claves.webp\",\"datePublished\":\"2026-04-10T10:35:37+00:00\",\"breadcrumb\":{\"@id\":\"https:\\\/\\\/www.eldiario.net\\\/portal\\\/2026\\\/04\\\/10\\\/bolivia-ingresa-en-recesion-por-cinco-factores-en-2026\\\/#breadcrumb\"},\"inLanguage\":\"es\",\"potentialAction\":[{\"@type\":\"ReadAction\",\"target\":[\"https:\\\/\\\/www.eldiario.net\\\/portal\\\/2026\\\/04\\\/10\\\/bolivia-ingresa-en-recesion-por-cinco-factores-en-2026\\\/\"]}]},{\"@type\":\"ImageObject\",\"inLanguage\":\"es\",\"@id\":\"https:\\\/\\\/www.eldiario.net\\\/portal\\\/2026\\\/04\\\/10\\\/bolivia-ingresa-en-recesion-por-cinco-factores-en-2026\\\/#primaryimage\",\"url\":\"https:\\\/\\\/www.eldiario.net\\\/portal\\\/wp-content\\\/uploads\\\/2026\\\/04\\\/claves.webp\",\"contentUrl\":\"https:\\\/\\\/www.eldiario.net\\\/portal\\\/wp-content\\\/uploads\\\/2026\\\/04\\\/claves.webp\",\"width\":300,\"height\":168,\"caption\":\"La Econom\u00eda boliviana mantiene su crisis.\"},{\"@type\":\"BreadcrumbList\",\"@id\":\"https:\\\/\\\/www.eldiario.net\\\/portal\\\/2026\\\/04\\\/10\\\/bolivia-ingresa-en-recesion-por-cinco-factores-en-2026\\\/#breadcrumb\",\"itemListElement\":[{\"@type\":\"ListItem\",\"position\":1,\"name\":\"Portada\",\"item\":\"https:\\\/\\\/www.eldiario.net\\\/portal\\\/\"},{\"@type\":\"ListItem\",\"position\":2,\"name\":\"Bolivia ingresa en recesi\u00f3n por cinco factores en 2026\"}]},{\"@type\":\"WebSite\",\"@id\":\"https:\\\/\\\/www.eldiario.net\\\/portal\\\/#website\",\"url\":\"https:\\\/\\\/www.eldiario.net\\\/portal\\\/\",\"name\":\"El Diario - Decano de la prensa nacional\",\"description\":\"El Diario - Decano de la prensa nacional\",\"publisher\":{\"@id\":\"https:\\\/\\\/www.eldiario.net\\\/portal\\\/#organization\"},\"potentialAction\":[{\"@type\":\"SearchAction\",\"target\":{\"@type\":\"EntryPoint\",\"urlTemplate\":\"https:\\\/\\\/www.eldiario.net\\\/portal\\\/?s={search_term_string}\"},\"query-input\":{\"@type\":\"PropertyValueSpecification\",\"valueRequired\":true,\"valueName\":\"search_term_string\"}}],\"inLanguage\":\"es\"},{\"@type\":\"Organization\",\"@id\":\"https:\\\/\\\/www.eldiario.net\\\/portal\\\/#organization\",\"name\":\"El Diario - Decano de la prensa nacional\",\"url\":\"https:\\\/\\\/www.eldiario.net\\\/portal\\\/\",\"logo\":{\"@type\":\"ImageObject\",\"inLanguage\":\"es\",\"@id\":\"https:\\\/\\\/www.eldiario.net\\\/portal\\\/#\\\/schema\\\/logo\\\/image\\\/\",\"url\":\"https:\\\/\\\/www.eldiario.net\\\/portal\\\/wp-content\\\/uploads\\\/2023\\\/07\\\/logo_ED.jpg\",\"contentUrl\":\"https:\\\/\\\/www.eldiario.net\\\/portal\\\/wp-content\\\/uploads\\\/2023\\\/07\\\/logo_ED.jpg\",\"width\":272,\"height\":52,\"caption\":\"El Diario - Decano de la prensa nacional\"},\"image\":{\"@id\":\"https:\\\/\\\/www.eldiario.net\\\/portal\\\/#\\\/schema\\\/logo\\\/image\\\/\"},\"sameAs\":[\"https:\\\/\\\/www.facebook.com\\\/eldiario.bolivia\\\/\",\"https:\\\/\\\/x.com\\\/eldiario_net\"]},{\"@type\":\"Person\",\"@id\":\"https:\\\/\\\/www.eldiario.net\\\/portal\\\/#\\\/schema\\\/person\\\/2c57cf2b7a7ae032e449e4c9b1019eac\",\"name\":\"Jeanette\",\"image\":{\"@type\":\"ImageObject\",\"inLanguage\":\"es\",\"@id\":\"https:\\\/\\\/secure.gravatar.com\\\/avatar\\\/3ea2118a5f7dad2b7138b1187a6b7ee55f160b9968b66013c3a3ef39dd7e5798?s=96&d=mm&r=g\",\"url\":\"https:\\\/\\\/secure.gravatar.com\\\/avatar\\\/3ea2118a5f7dad2b7138b1187a6b7ee55f160b9968b66013c3a3ef39dd7e5798?s=96&d=mm&r=g\",\"contentUrl\":\"https:\\\/\\\/secure.gravatar.com\\\/avatar\\\/3ea2118a5f7dad2b7138b1187a6b7ee55f160b9968b66013c3a3ef39dd7e5798?s=96&d=mm&r=g\",\"caption\":\"Jeanette\"},\"sameAs\":[\"https:\\\/\\\/www.eldiario.net\\\/portal\"],\"url\":\"https:\\\/\\\/www.eldiario.net\\\/portal\\\/author\\\/jeanette\\\/\"}]}<\/script>\n<!-- \/ Yoast SEO plugin. -->","yoast_head_json":{"title":"Bolivia ingresa en recesi\u00f3n por cinco factores en 2026 - El Diario - Bolivia","robots":{"index":"index","follow":"follow","max-snippet":"max-snippet:-1","max-image-preview":"max-image-preview:large","max-video-preview":"max-video-preview:-1"},"canonical":"https:\/\/www.eldiario.net\/portal\/2026\/04\/10\/bolivia-ingresa-en-recesion-por-cinco-factores-en-2026\/","og_locale":"es_ES","og_type":"article","og_title":"Bolivia ingresa en recesi\u00f3n por cinco factores en 2026 - El Diario - Bolivia","og_description":"Bolivia registrar\u00e1 la mayor recesi\u00f3n de los \u00faltimos a\u00f1os, dejando atr\u00e1s el 2020 por la pandemia. Ahora la situaci\u00f3n econ\u00f3mica es delicada, a pesar de las medidas implementadas. Una menor producci\u00f3n de gas, falta de d\u00f3lares, d\u00e9ficit fiscal elevado, ca\u00edda de exportaciones y baja inversi\u00f3n privada, son los factores que a\u00fan no son resueltos por [&hellip;]","og_url":"https:\/\/www.eldiario.net\/portal\/2026\/04\/10\/bolivia-ingresa-en-recesion-por-cinco-factores-en-2026\/","og_site_name":"El Diario - Bolivia","article_publisher":"https:\/\/www.facebook.com\/eldiario.bolivia\/","article_published_time":"2026-04-10T10:35:37+00:00","og_image":[{"width":300,"height":168,"url":"https:\/\/www.eldiario.net\/portal\/wp-content\/uploads\/2026\/04\/claves.webp","type":"image\/webp"}],"author":"Jeanette","twitter_card":"summary_large_image","twitter_creator":"@eldiario_net","twitter_site":"@eldiario_net","twitter_misc":{"Escrito por":"Jeanette","Tiempo de lectura":"3 minutos"},"schema":{"@context":"https:\/\/schema.org","@graph":[{"@type":"Article","@id":"https:\/\/www.eldiario.net\/portal\/2026\/04\/10\/bolivia-ingresa-en-recesion-por-cinco-factores-en-2026\/#article","isPartOf":{"@id":"https:\/\/www.eldiario.net\/portal\/2026\/04\/10\/bolivia-ingresa-en-recesion-por-cinco-factores-en-2026\/"},"author":{"name":"Jeanette","@id":"https:\/\/www.eldiario.net\/portal\/#\/schema\/person\/2c57cf2b7a7ae032e449e4c9b1019eac"},"headline":"Bolivia ingresa en recesi\u00f3n por cinco factores en 2026","datePublished":"2026-04-10T10:35:37+00:00","mainEntityOfPage":{"@id":"https:\/\/www.eldiario.net\/portal\/2026\/04\/10\/bolivia-ingresa-en-recesion-por-cinco-factores-en-2026\/"},"wordCount":462,"publisher":{"@id":"https:\/\/www.eldiario.net\/portal\/#organization"},"image":{"@id":"https:\/\/www.eldiario.net\/portal\/2026\/04\/10\/bolivia-ingresa-en-recesion-por-cinco-factores-en-2026\/#primaryimage"},"thumbnailUrl":"https:\/\/www.eldiario.net\/portal\/wp-content\/uploads\/2026\/04\/claves.webp","articleSection":["Econom\u00eda"],"inLanguage":"es"},{"@type":"WebPage","@id":"https:\/\/www.eldiario.net\/portal\/2026\/04\/10\/bolivia-ingresa-en-recesion-por-cinco-factores-en-2026\/","url":"https:\/\/www.eldiario.net\/portal\/2026\/04\/10\/bolivia-ingresa-en-recesion-por-cinco-factores-en-2026\/","name":"Bolivia ingresa en recesi\u00f3n por cinco factores en 2026 - El Diario - Bolivia","isPartOf":{"@id":"https:\/\/www.eldiario.net\/portal\/#website"},"primaryImageOfPage":{"@id":"https:\/\/www.eldiario.net\/portal\/2026\/04\/10\/bolivia-ingresa-en-recesion-por-cinco-factores-en-2026\/#primaryimage"},"image":{"@id":"https:\/\/www.eldiario.net\/portal\/2026\/04\/10\/bolivia-ingresa-en-recesion-por-cinco-factores-en-2026\/#primaryimage"},"thumbnailUrl":"https:\/\/www.eldiario.net\/portal\/wp-content\/uploads\/2026\/04\/claves.webp","datePublished":"2026-04-10T10:35:37+00:00","breadcrumb":{"@id":"https:\/\/www.eldiario.net\/portal\/2026\/04\/10\/bolivia-ingresa-en-recesion-por-cinco-factores-en-2026\/#breadcrumb"},"inLanguage":"es","potentialAction":[{"@type":"ReadAction","target":["https:\/\/www.eldiario.net\/portal\/2026\/04\/10\/bolivia-ingresa-en-recesion-por-cinco-factores-en-2026\/"]}]},{"@type":"ImageObject","inLanguage":"es","@id":"https:\/\/www.eldiario.net\/portal\/2026\/04\/10\/bolivia-ingresa-en-recesion-por-cinco-factores-en-2026\/#primaryimage","url":"https:\/\/www.eldiario.net\/portal\/wp-content\/uploads\/2026\/04\/claves.webp","contentUrl":"https:\/\/www.eldiario.net\/portal\/wp-content\/uploads\/2026\/04\/claves.webp","width":300,"height":168,"caption":"La Econom\u00eda boliviana mantiene su crisis."},{"@type":"BreadcrumbList","@id":"https:\/\/www.eldiario.net\/portal\/2026\/04\/10\/bolivia-ingresa-en-recesion-por-cinco-factores-en-2026\/#breadcrumb","itemListElement":[{"@type":"ListItem","position":1,"name":"Portada","item":"https:\/\/www.eldiario.net\/portal\/"},{"@type":"ListItem","position":2,"name":"Bolivia ingresa en recesi\u00f3n por cinco factores en 2026"}]},{"@type":"WebSite","@id":"https:\/\/www.eldiario.net\/portal\/#website","url":"https:\/\/www.eldiario.net\/portal\/","name":"El Diario - Decano de la prensa nacional","description":"El Diario - Decano de la prensa nacional","publisher":{"@id":"https:\/\/www.eldiario.net\/portal\/#organization"},"potentialAction":[{"@type":"SearchAction","target":{"@type":"EntryPoint","urlTemplate":"https:\/\/www.eldiario.net\/portal\/?s={search_term_string}"},"query-input":{"@type":"PropertyValueSpecification","valueRequired":true,"valueName":"search_term_string"}}],"inLanguage":"es"},{"@type":"Organization","@id":"https:\/\/www.eldiario.net\/portal\/#organization","name":"El Diario - Decano de la prensa nacional","url":"https:\/\/www.eldiario.net\/portal\/","logo":{"@type":"ImageObject","inLanguage":"es","@id":"https:\/\/www.eldiario.net\/portal\/#\/schema\/logo\/image\/","url":"https:\/\/www.eldiario.net\/portal\/wp-content\/uploads\/2023\/07\/logo_ED.jpg","contentUrl":"https:\/\/www.eldiario.net\/portal\/wp-content\/uploads\/2023\/07\/logo_ED.jpg","width":272,"height":52,"caption":"El Diario - Decano de la prensa nacional"},"image":{"@id":"https:\/\/www.eldiario.net\/portal\/#\/schema\/logo\/image\/"},"sameAs":["https:\/\/www.facebook.com\/eldiario.bolivia\/","https:\/\/x.com\/eldiario_net"]},{"@type":"Person","@id":"https:\/\/www.eldiario.net\/portal\/#\/schema\/person\/2c57cf2b7a7ae032e449e4c9b1019eac","name":"Jeanette","image":{"@type":"ImageObject","inLanguage":"es","@id":"https:\/\/secure.gravatar.com\/avatar\/3ea2118a5f7dad2b7138b1187a6b7ee55f160b9968b66013c3a3ef39dd7e5798?s=96&d=mm&r=g","url":"https:\/\/secure.gravatar.com\/avatar\/3ea2118a5f7dad2b7138b1187a6b7ee55f160b9968b66013c3a3ef39dd7e5798?s=96&d=mm&r=g","contentUrl":"https:\/\/secure.gravatar.com\/avatar\/3ea2118a5f7dad2b7138b1187a6b7ee55f160b9968b66013c3a3ef39dd7e5798?s=96&d=mm&r=g","caption":"Jeanette"},"sameAs":["https:\/\/www.eldiario.net\/portal"],"url":"https:\/\/www.eldiario.net\/portal\/author\/jeanette\/"}]}},"_links":{"self":[{"href":"https:\/\/www.eldiario.net\/portal\/wp-json\/wp\/v2\/posts\/383900","targetHints":{"allow":["GET"]}}],"collection":[{"href":"https:\/\/www.eldiario.net\/portal\/wp-json\/wp\/v2\/posts"}],"about":[{"href":"https:\/\/www.eldiario.net\/portal\/wp-json\/wp\/v2\/types\/post"}],"author":[{"embeddable":true,"href":"https:\/\/www.eldiario.net\/portal\/wp-json\/wp\/v2\/users\/1"}],"replies":[{"embeddable":true,"href":"https:\/\/www.eldiario.net\/portal\/wp-json\/wp\/v2\/comments?post=383900"}],"version-history":[{"count":1,"href":"https:\/\/www.eldiario.net\/portal\/wp-json\/wp\/v2\/posts\/383900\/revisions"}],"predecessor-version":[{"id":383902,"href":"https:\/\/www.eldiario.net\/portal\/wp-json\/wp\/v2\/posts\/383900\/revisions\/383902"}],"wp:featuredmedia":[{"embeddable":true,"href":"https:\/\/www.eldiario.net\/portal\/wp-json\/wp\/v2\/media\/383901"}],"wp:attachment":[{"href":"https:\/\/www.eldiario.net\/portal\/wp-json\/wp\/v2\/media?parent=383900"}],"wp:term":[{"taxonomy":"category","embeddable":true,"href":"https:\/\/www.eldiario.net\/portal\/wp-json\/wp\/v2\/categories?post=383900"},{"taxonomy":"post_tag","embeddable":true,"href":"https:\/\/www.eldiario.net\/portal\/wp-json\/wp\/v2\/tags?post=383900"}],"curies":[{"name":"wp","href":"https:\/\/api.w.org\/{rel}","templated":true}]}}