{"id":383890,"date":"2026-04-10T06:29:03","date_gmt":"2026-04-10T10:29:03","guid":{"rendered":"https:\/\/www.eldiario.net\/portal\/?p=383890"},"modified":"2026-04-10T06:29:03","modified_gmt":"2026-04-10T10:29:03","slug":"gobierno-alista-proyecto-de-ley-de-hidrocarburos","status":"publish","type":"post","link":"https:\/\/www.eldiario.net\/portal\/2026\/04\/10\/gobierno-alista-proyecto-de-ley-de-hidrocarburos\/","title":{"rendered":"Gobierno alista proyecto de ley de hidrocarburos"},"content":{"rendered":"<p>Tras su interpelaci\u00f3n, el ministro de Hidrocarburos, Mauricio Medinaceli, sostuvo ayer que, \u201cel proyecto est\u00e1 listo en el ministerio; estamos discutiendo algunos temas importantes dentro del Ejecutivo y luego se ver\u00e1n ya los pasos correspondientes hasta llegar a la discusi\u00f3n en la Asamblea\u201d.<br \/>\nSeg\u00fan detall\u00f3, el documento est\u00e1 orientado a reencaminar el sector energ\u00e9tico \u201chacia la recuperaci\u00f3n de la producci\u00f3n de gas natural y petr\u00f3leo\u201d, y con el objetivo de \u201creducir la dependencia de importaciones de combustibles\u201d.<br \/>\nCINCO PUNTOS<br \/>\nFUNDAMENTALES<br \/>\nSeg\u00fan detall\u00f3 la autoridad, el proyecto se sustenta en cinco pilares:<br \/>\n1. Recuperar la producci\u00f3n de gas natural y petr\u00f3leo<br \/>\n2. Recuperar la producci\u00f3n de gasolina y di\u00e9sel<br \/>\n3. Fortalecer Yacimientos Petrol\u00edferos Fiscales Bolivianos (YPFB) como empresa productora y no importadora<br \/>\n4. Permitir una mayor participaci\u00f3n de la inversi\u00f3n privada en exploraci\u00f3n y explotaci\u00f3n<br \/>\n5. Reorientar el sector hidrocarburos mediante incentivos a la producci\u00f3n de campos petroleros para la obtenci\u00f3n de di\u00e9sel y gasolina<br \/>\nDesde los primeros d\u00edas de su gesti\u00f3n, el gobierno de Rodrigo Paz anunci\u00f3 que trabajar\u00eda en un \u201cpaquete de leyes\u201d fundamentales para reestructurar el Estado. Adem\u00e1s del sector hidrocarbur\u00edfero, se espera normas que den lineamientos para \u00e1reas clave como la producci\u00f3n y la miner\u00eda; pero tambi\u00e9n est\u00e1 pendiente el env\u00edo del PGE reformulado.<\/p>\n","protected":false},"excerpt":{"rendered":"<p>Tras su interpelaci\u00f3n, el ministro de Hidrocarburos, Mauricio Medinaceli, sostuvo ayer que, \u201cel proyecto est\u00e1 listo en el ministerio; estamos discutiendo algunos temas importantes dentro del Ejecutivo y luego se ver\u00e1n ya los pasos correspondientes hasta llegar a la discusi\u00f3n en la Asamblea\u201d. Seg\u00fan detall\u00f3, el documento est\u00e1 orientado a reencaminar el sector energ\u00e9tico \u201chacia [&hellip;]<\/p>\n","protected":false},"author":1,"featured_media":383891,"comment_status":"closed","ping_status":"open","sticky":false,"template":"","format":"standard","meta":{"_acf_changed":false,"footnotes":""},"categories":[15],"tags":[],"class_list":["post-383890","post","type-post","status-publish","format-standard","has-post-thumbnail","category-portada"],"acf":{"antetitulo":"Ministro Mauricio Medinaceli"},"yoast_head":"<!-- This site is optimized with the Yoast SEO plugin v28.4 - https:\/\/yoast.com\/product\/yoast-seo-wordpress\/ -->\n<title>Gobierno alista proyecto de ley de hidrocarburos - El Diario - Bolivia<\/title>\n<meta name=\"robots\" content=\"index, follow, max-snippet:-1, max-image-preview:large, max-video-preview:-1\" \/>\n<link rel=\"canonical\" href=\"https:\/\/www.eldiario.net\/portal\/2026\/04\/10\/gobierno-alista-proyecto-de-ley-de-hidrocarburos\/\" \/>\n<meta property=\"og:locale\" content=\"es_ES\" \/>\n<meta property=\"og:type\" content=\"article\" \/>\n<meta property=\"og:title\" content=\"Gobierno alista proyecto de ley de hidrocarburos - El Diario - Bolivia\" \/>\n<meta property=\"og:description\" content=\"Tras su interpelaci\u00f3n, el ministro de Hidrocarburos, Mauricio Medinaceli, sostuvo ayer que, \u201cel proyecto est\u00e1 listo en el ministerio; estamos discutiendo algunos temas importantes dentro del Ejecutivo y luego se ver\u00e1n ya los pasos correspondientes hasta llegar a la discusi\u00f3n en la Asamblea\u201d. Seg\u00fan detall\u00f3, el documento est\u00e1 orientado a reencaminar el sector energ\u00e9tico \u201chacia [&hellip;]\" \/>\n<meta property=\"og:url\" content=\"https:\/\/www.eldiario.net\/portal\/2026\/04\/10\/gobierno-alista-proyecto-de-ley-de-hidrocarburos\/\" \/>\n<meta property=\"og:site_name\" content=\"El Diario - Bolivia\" \/>\n<meta property=\"article:publisher\" content=\"https:\/\/www.facebook.com\/eldiario.bolivia\/\" \/>\n<meta property=\"article:published_time\" content=\"2026-04-10T10:29:03+00:00\" \/>\n<meta property=\"og:image\" content=\"https:\/\/www.eldiario.net\/portal\/wp-content\/uploads\/2026\/04\/Interpelacion-apg-10-cm-x-7.webp\" \/>\n\t<meta property=\"og:image:width\" content=\"1200\" \/>\n\t<meta property=\"og:image:height\" content=\"800\" \/>\n\t<meta property=\"og:image:type\" content=\"image\/webp\" \/>\n<meta name=\"author\" content=\"Jeanette\" \/>\n<meta name=\"twitter:card\" content=\"summary_large_image\" \/>\n<meta name=\"twitter:creator\" content=\"@eldiario_net\" \/>\n<meta name=\"twitter:site\" content=\"@eldiario_net\" \/>\n<meta name=\"twitter:label1\" content=\"Escrito por\" \/>\n\t<meta name=\"twitter:data1\" content=\"Jeanette\" \/>\n\t<meta name=\"twitter:label2\" content=\"Tiempo de lectura\" \/>\n\t<meta name=\"twitter:data2\" content=\"2 minutos\" \/>\n<script type=\"application\/ld+json\" class=\"yoast-schema-graph\">{\"@context\":\"https:\\\/\\\/schema.org\",\"@graph\":[{\"@type\":\"Article\",\"@id\":\"https:\\\/\\\/www.eldiario.net\\\/portal\\\/2026\\\/04\\\/10\\\/gobierno-alista-proyecto-de-ley-de-hidrocarburos\\\/#article\",\"isPartOf\":{\"@id\":\"https:\\\/\\\/www.eldiario.net\\\/portal\\\/2026\\\/04\\\/10\\\/gobierno-alista-proyecto-de-ley-de-hidrocarburos\\\/\"},\"author\":{\"name\":\"Jeanette\",\"@id\":\"https:\\\/\\\/www.eldiario.net\\\/portal\\\/#\\\/schema\\\/person\\\/2c57cf2b7a7ae032e449e4c9b1019eac\"},\"headline\":\"Gobierno alista proyecto de ley de hidrocarburos\",\"datePublished\":\"2026-04-10T10:29:03+00:00\",\"mainEntityOfPage\":{\"@id\":\"https:\\\/\\\/www.eldiario.net\\\/portal\\\/2026\\\/04\\\/10\\\/gobierno-alista-proyecto-de-ley-de-hidrocarburos\\\/\"},\"wordCount\":239,\"publisher\":{\"@id\":\"https:\\\/\\\/www.eldiario.net\\\/portal\\\/#organization\"},\"image\":{\"@id\":\"https:\\\/\\\/www.eldiario.net\\\/portal\\\/2026\\\/04\\\/10\\\/gobierno-alista-proyecto-de-ley-de-hidrocarburos\\\/#primaryimage\"},\"thumbnailUrl\":\"https:\\\/\\\/www.eldiario.net\\\/portal\\\/wp-content\\\/uploads\\\/2026\\\/04\\\/Interpelacion-apg-10-cm-x-7.webp\",\"articleSection\":[\"Portada\"],\"inLanguage\":\"es\"},{\"@type\":\"WebPage\",\"@id\":\"https:\\\/\\\/www.eldiario.net\\\/portal\\\/2026\\\/04\\\/10\\\/gobierno-alista-proyecto-de-ley-de-hidrocarburos\\\/\",\"url\":\"https:\\\/\\\/www.eldiario.net\\\/portal\\\/2026\\\/04\\\/10\\\/gobierno-alista-proyecto-de-ley-de-hidrocarburos\\\/\",\"name\":\"Gobierno alista proyecto de ley de hidrocarburos - El Diario - Bolivia\",\"isPartOf\":{\"@id\":\"https:\\\/\\\/www.eldiario.net\\\/portal\\\/#website\"},\"primaryImageOfPage\":{\"@id\":\"https:\\\/\\\/www.eldiario.net\\\/portal\\\/2026\\\/04\\\/10\\\/gobierno-alista-proyecto-de-ley-de-hidrocarburos\\\/#primaryimage\"},\"image\":{\"@id\":\"https:\\\/\\\/www.eldiario.net\\\/portal\\\/2026\\\/04\\\/10\\\/gobierno-alista-proyecto-de-ley-de-hidrocarburos\\\/#primaryimage\"},\"thumbnailUrl\":\"https:\\\/\\\/www.eldiario.net\\\/portal\\\/wp-content\\\/uploads\\\/2026\\\/04\\\/Interpelacion-apg-10-cm-x-7.webp\",\"datePublished\":\"2026-04-10T10:29:03+00:00\",\"breadcrumb\":{\"@id\":\"https:\\\/\\\/www.eldiario.net\\\/portal\\\/2026\\\/04\\\/10\\\/gobierno-alista-proyecto-de-ley-de-hidrocarburos\\\/#breadcrumb\"},\"inLanguage\":\"es\",\"potentialAction\":[{\"@type\":\"ReadAction\",\"target\":[\"https:\\\/\\\/www.eldiario.net\\\/portal\\\/2026\\\/04\\\/10\\\/gobierno-alista-proyecto-de-ley-de-hidrocarburos\\\/\"]}]},{\"@type\":\"ImageObject\",\"inLanguage\":\"es\",\"@id\":\"https:\\\/\\\/www.eldiario.net\\\/portal\\\/2026\\\/04\\\/10\\\/gobierno-alista-proyecto-de-ley-de-hidrocarburos\\\/#primaryimage\",\"url\":\"https:\\\/\\\/www.eldiario.net\\\/portal\\\/wp-content\\\/uploads\\\/2026\\\/04\\\/Interpelacion-apg-10-cm-x-7.webp\",\"contentUrl\":\"https:\\\/\\\/www.eldiario.net\\\/portal\\\/wp-content\\\/uploads\\\/2026\\\/04\\\/Interpelacion-apg-10-cm-x-7.webp\",\"width\":1200,\"height\":800,\"caption\":\"El ministro de Hidrocarburos y Energ\u00eda, Mauricio Medinaceli, compareci\u00f3 ante el Legislativo y respondi\u00f3 a las preguntas de los congresales interpelantes.\"},{\"@type\":\"BreadcrumbList\",\"@id\":\"https:\\\/\\\/www.eldiario.net\\\/portal\\\/2026\\\/04\\\/10\\\/gobierno-alista-proyecto-de-ley-de-hidrocarburos\\\/#breadcrumb\",\"itemListElement\":[{\"@type\":\"ListItem\",\"position\":1,\"name\":\"Portada\",\"item\":\"https:\\\/\\\/www.eldiario.net\\\/portal\\\/\"},{\"@type\":\"ListItem\",\"position\":2,\"name\":\"Gobierno alista proyecto de ley de hidrocarburos\"}]},{\"@type\":\"WebSite\",\"@id\":\"https:\\\/\\\/www.eldiario.net\\\/portal\\\/#website\",\"url\":\"https:\\\/\\\/www.eldiario.net\\\/portal\\\/\",\"name\":\"El Diario - Decano de la prensa nacional\",\"description\":\"El Diario - Decano de la prensa nacional\",\"publisher\":{\"@id\":\"https:\\\/\\\/www.eldiario.net\\\/portal\\\/#organization\"},\"potentialAction\":[{\"@type\":\"SearchAction\",\"target\":{\"@type\":\"EntryPoint\",\"urlTemplate\":\"https:\\\/\\\/www.eldiario.net\\\/portal\\\/?s={search_term_string}\"},\"query-input\":{\"@type\":\"PropertyValueSpecification\",\"valueRequired\":true,\"valueName\":\"search_term_string\"}}],\"inLanguage\":\"es\"},{\"@type\":\"Organization\",\"@id\":\"https:\\\/\\\/www.eldiario.net\\\/portal\\\/#organization\",\"name\":\"El Diario - Decano de la prensa nacional\",\"url\":\"https:\\\/\\\/www.eldiario.net\\\/portal\\\/\",\"logo\":{\"@type\":\"ImageObject\",\"inLanguage\":\"es\",\"@id\":\"https:\\\/\\\/www.eldiario.net\\\/portal\\\/#\\\/schema\\\/logo\\\/image\\\/\",\"url\":\"https:\\\/\\\/www.eldiario.net\\\/portal\\\/wp-content\\\/uploads\\\/2023\\\/07\\\/logo_ED.jpg\",\"contentUrl\":\"https:\\\/\\\/www.eldiario.net\\\/portal\\\/wp-content\\\/uploads\\\/2023\\\/07\\\/logo_ED.jpg\",\"width\":272,\"height\":52,\"caption\":\"El Diario - Decano de la prensa nacional\"},\"image\":{\"@id\":\"https:\\\/\\\/www.eldiario.net\\\/portal\\\/#\\\/schema\\\/logo\\\/image\\\/\"},\"sameAs\":[\"https:\\\/\\\/www.facebook.com\\\/eldiario.bolivia\\\/\",\"https:\\\/\\\/x.com\\\/eldiario_net\"]},{\"@type\":\"Person\",\"@id\":\"https:\\\/\\\/www.eldiario.net\\\/portal\\\/#\\\/schema\\\/person\\\/2c57cf2b7a7ae032e449e4c9b1019eac\",\"name\":\"Jeanette\",\"image\":{\"@type\":\"ImageObject\",\"inLanguage\":\"es\",\"@id\":\"https:\\\/\\\/secure.gravatar.com\\\/avatar\\\/3ea2118a5f7dad2b7138b1187a6b7ee55f160b9968b66013c3a3ef39dd7e5798?s=96&d=mm&r=g\",\"url\":\"https:\\\/\\\/secure.gravatar.com\\\/avatar\\\/3ea2118a5f7dad2b7138b1187a6b7ee55f160b9968b66013c3a3ef39dd7e5798?s=96&d=mm&r=g\",\"contentUrl\":\"https:\\\/\\\/secure.gravatar.com\\\/avatar\\\/3ea2118a5f7dad2b7138b1187a6b7ee55f160b9968b66013c3a3ef39dd7e5798?s=96&d=mm&r=g\",\"caption\":\"Jeanette\"},\"sameAs\":[\"https:\\\/\\\/www.eldiario.net\\\/portal\"],\"url\":\"https:\\\/\\\/www.eldiario.net\\\/portal\\\/author\\\/jeanette\\\/\"}]}<\/script>\n<!-- \/ Yoast SEO plugin. -->","yoast_head_json":{"title":"Gobierno alista proyecto de ley de hidrocarburos - El Diario - Bolivia","robots":{"index":"index","follow":"follow","max-snippet":"max-snippet:-1","max-image-preview":"max-image-preview:large","max-video-preview":"max-video-preview:-1"},"canonical":"https:\/\/www.eldiario.net\/portal\/2026\/04\/10\/gobierno-alista-proyecto-de-ley-de-hidrocarburos\/","og_locale":"es_ES","og_type":"article","og_title":"Gobierno alista proyecto de ley de hidrocarburos - El Diario - Bolivia","og_description":"Tras su interpelaci\u00f3n, el ministro de Hidrocarburos, Mauricio Medinaceli, sostuvo ayer que, \u201cel proyecto est\u00e1 listo en el ministerio; estamos discutiendo algunos temas importantes dentro del Ejecutivo y luego se ver\u00e1n ya los pasos correspondientes hasta llegar a la discusi\u00f3n en la Asamblea\u201d. Seg\u00fan detall\u00f3, el documento est\u00e1 orientado a reencaminar el sector energ\u00e9tico \u201chacia [&hellip;]","og_url":"https:\/\/www.eldiario.net\/portal\/2026\/04\/10\/gobierno-alista-proyecto-de-ley-de-hidrocarburos\/","og_site_name":"El Diario - Bolivia","article_publisher":"https:\/\/www.facebook.com\/eldiario.bolivia\/","article_published_time":"2026-04-10T10:29:03+00:00","og_image":[{"width":1200,"height":800,"url":"https:\/\/www.eldiario.net\/portal\/wp-content\/uploads\/2026\/04\/Interpelacion-apg-10-cm-x-7.webp","type":"image\/webp"}],"author":"Jeanette","twitter_card":"summary_large_image","twitter_creator":"@eldiario_net","twitter_site":"@eldiario_net","twitter_misc":{"Escrito por":"Jeanette","Tiempo de lectura":"2 minutos"},"schema":{"@context":"https:\/\/schema.org","@graph":[{"@type":"Article","@id":"https:\/\/www.eldiario.net\/portal\/2026\/04\/10\/gobierno-alista-proyecto-de-ley-de-hidrocarburos\/#article","isPartOf":{"@id":"https:\/\/www.eldiario.net\/portal\/2026\/04\/10\/gobierno-alista-proyecto-de-ley-de-hidrocarburos\/"},"author":{"name":"Jeanette","@id":"https:\/\/www.eldiario.net\/portal\/#\/schema\/person\/2c57cf2b7a7ae032e449e4c9b1019eac"},"headline":"Gobierno alista proyecto de ley de hidrocarburos","datePublished":"2026-04-10T10:29:03+00:00","mainEntityOfPage":{"@id":"https:\/\/www.eldiario.net\/portal\/2026\/04\/10\/gobierno-alista-proyecto-de-ley-de-hidrocarburos\/"},"wordCount":239,"publisher":{"@id":"https:\/\/www.eldiario.net\/portal\/#organization"},"image":{"@id":"https:\/\/www.eldiario.net\/portal\/2026\/04\/10\/gobierno-alista-proyecto-de-ley-de-hidrocarburos\/#primaryimage"},"thumbnailUrl":"https:\/\/www.eldiario.net\/portal\/wp-content\/uploads\/2026\/04\/Interpelacion-apg-10-cm-x-7.webp","articleSection":["Portada"],"inLanguage":"es"},{"@type":"WebPage","@id":"https:\/\/www.eldiario.net\/portal\/2026\/04\/10\/gobierno-alista-proyecto-de-ley-de-hidrocarburos\/","url":"https:\/\/www.eldiario.net\/portal\/2026\/04\/10\/gobierno-alista-proyecto-de-ley-de-hidrocarburos\/","name":"Gobierno alista proyecto de ley de hidrocarburos - El Diario - Bolivia","isPartOf":{"@id":"https:\/\/www.eldiario.net\/portal\/#website"},"primaryImageOfPage":{"@id":"https:\/\/www.eldiario.net\/portal\/2026\/04\/10\/gobierno-alista-proyecto-de-ley-de-hidrocarburos\/#primaryimage"},"image":{"@id":"https:\/\/www.eldiario.net\/portal\/2026\/04\/10\/gobierno-alista-proyecto-de-ley-de-hidrocarburos\/#primaryimage"},"thumbnailUrl":"https:\/\/www.eldiario.net\/portal\/wp-content\/uploads\/2026\/04\/Interpelacion-apg-10-cm-x-7.webp","datePublished":"2026-04-10T10:29:03+00:00","breadcrumb":{"@id":"https:\/\/www.eldiario.net\/portal\/2026\/04\/10\/gobierno-alista-proyecto-de-ley-de-hidrocarburos\/#breadcrumb"},"inLanguage":"es","potentialAction":[{"@type":"ReadAction","target":["https:\/\/www.eldiario.net\/portal\/2026\/04\/10\/gobierno-alista-proyecto-de-ley-de-hidrocarburos\/"]}]},{"@type":"ImageObject","inLanguage":"es","@id":"https:\/\/www.eldiario.net\/portal\/2026\/04\/10\/gobierno-alista-proyecto-de-ley-de-hidrocarburos\/#primaryimage","url":"https:\/\/www.eldiario.net\/portal\/wp-content\/uploads\/2026\/04\/Interpelacion-apg-10-cm-x-7.webp","contentUrl":"https:\/\/www.eldiario.net\/portal\/wp-content\/uploads\/2026\/04\/Interpelacion-apg-10-cm-x-7.webp","width":1200,"height":800,"caption":"El ministro de Hidrocarburos y Energ\u00eda, Mauricio Medinaceli, compareci\u00f3 ante el Legislativo y respondi\u00f3 a las preguntas de los congresales interpelantes."},{"@type":"BreadcrumbList","@id":"https:\/\/www.eldiario.net\/portal\/2026\/04\/10\/gobierno-alista-proyecto-de-ley-de-hidrocarburos\/#breadcrumb","itemListElement":[{"@type":"ListItem","position":1,"name":"Portada","item":"https:\/\/www.eldiario.net\/portal\/"},{"@type":"ListItem","position":2,"name":"Gobierno alista proyecto de ley de hidrocarburos"}]},{"@type":"WebSite","@id":"https:\/\/www.eldiario.net\/portal\/#website","url":"https:\/\/www.eldiario.net\/portal\/","name":"El Diario - Decano de la prensa nacional","description":"El Diario - Decano de la prensa nacional","publisher":{"@id":"https:\/\/www.eldiario.net\/portal\/#organization"},"potentialAction":[{"@type":"SearchAction","target":{"@type":"EntryPoint","urlTemplate":"https:\/\/www.eldiario.net\/portal\/?s={search_term_string}"},"query-input":{"@type":"PropertyValueSpecification","valueRequired":true,"valueName":"search_term_string"}}],"inLanguage":"es"},{"@type":"Organization","@id":"https:\/\/www.eldiario.net\/portal\/#organization","name":"El Diario - Decano de la prensa nacional","url":"https:\/\/www.eldiario.net\/portal\/","logo":{"@type":"ImageObject","inLanguage":"es","@id":"https:\/\/www.eldiario.net\/portal\/#\/schema\/logo\/image\/","url":"https:\/\/www.eldiario.net\/portal\/wp-content\/uploads\/2023\/07\/logo_ED.jpg","contentUrl":"https:\/\/www.eldiario.net\/portal\/wp-content\/uploads\/2023\/07\/logo_ED.jpg","width":272,"height":52,"caption":"El Diario - Decano de la prensa nacional"},"image":{"@id":"https:\/\/www.eldiario.net\/portal\/#\/schema\/logo\/image\/"},"sameAs":["https:\/\/www.facebook.com\/eldiario.bolivia\/","https:\/\/x.com\/eldiario_net"]},{"@type":"Person","@id":"https:\/\/www.eldiario.net\/portal\/#\/schema\/person\/2c57cf2b7a7ae032e449e4c9b1019eac","name":"Jeanette","image":{"@type":"ImageObject","inLanguage":"es","@id":"https:\/\/secure.gravatar.com\/avatar\/3ea2118a5f7dad2b7138b1187a6b7ee55f160b9968b66013c3a3ef39dd7e5798?s=96&d=mm&r=g","url":"https:\/\/secure.gravatar.com\/avatar\/3ea2118a5f7dad2b7138b1187a6b7ee55f160b9968b66013c3a3ef39dd7e5798?s=96&d=mm&r=g","contentUrl":"https:\/\/secure.gravatar.com\/avatar\/3ea2118a5f7dad2b7138b1187a6b7ee55f160b9968b66013c3a3ef39dd7e5798?s=96&d=mm&r=g","caption":"Jeanette"},"sameAs":["https:\/\/www.eldiario.net\/portal"],"url":"https:\/\/www.eldiario.net\/portal\/author\/jeanette\/"}]}},"_links":{"self":[{"href":"https:\/\/www.eldiario.net\/portal\/wp-json\/wp\/v2\/posts\/383890","targetHints":{"allow":["GET"]}}],"collection":[{"href":"https:\/\/www.eldiario.net\/portal\/wp-json\/wp\/v2\/posts"}],"about":[{"href":"https:\/\/www.eldiario.net\/portal\/wp-json\/wp\/v2\/types\/post"}],"author":[{"embeddable":true,"href":"https:\/\/www.eldiario.net\/portal\/wp-json\/wp\/v2\/users\/1"}],"replies":[{"embeddable":true,"href":"https:\/\/www.eldiario.net\/portal\/wp-json\/wp\/v2\/comments?post=383890"}],"version-history":[{"count":1,"href":"https:\/\/www.eldiario.net\/portal\/wp-json\/wp\/v2\/posts\/383890\/revisions"}],"predecessor-version":[{"id":383892,"href":"https:\/\/www.eldiario.net\/portal\/wp-json\/wp\/v2\/posts\/383890\/revisions\/383892"}],"wp:featuredmedia":[{"embeddable":true,"href":"https:\/\/www.eldiario.net\/portal\/wp-json\/wp\/v2\/media\/383891"}],"wp:attachment":[{"href":"https:\/\/www.eldiario.net\/portal\/wp-json\/wp\/v2\/media?parent=383890"}],"wp:term":[{"taxonomy":"category","embeddable":true,"href":"https:\/\/www.eldiario.net\/portal\/wp-json\/wp\/v2\/categories?post=383890"},{"taxonomy":"post_tag","embeddable":true,"href":"https:\/\/www.eldiario.net\/portal\/wp-json\/wp\/v2\/tags?post=383890"}],"curies":[{"name":"wp","href":"https:\/\/api.w.org\/{rel}","templated":true}]}}