{"id":383878,"date":"2026-04-10T06:24:46","date_gmt":"2026-04-10T10:24:46","guid":{"rendered":"https:\/\/www.eldiario.net\/portal\/?p=383878"},"modified":"2026-04-10T06:24:46","modified_gmt":"2026-04-10T10:24:46","slug":"cidh-alerta-violaciones-a-derechos-laborales-en-cuba","status":"publish","type":"post","link":"https:\/\/www.eldiario.net\/portal\/2026\/04\/10\/cidh-alerta-violaciones-a-derechos-laborales-en-cuba\/","title":{"rendered":"CIDH alerta violaciones a  derechos laborales en Cuba"},"content":{"rendered":"<p>La Comisi\u00f3n Interamericana de Derechos Humanos (CIDH) expresa en un documento de 200 p\u00e1ginas \u201csu preocupaci\u00f3n por las condiciones laborales a las que estar\u00edan expuestas algunas personas trabajadoras cubanas que participan en misiones m\u00e9dicas\u201d.<br \/>\nEntre las denuncias recibidas por el organismo destacan \u201cla ausencia de una retribuci\u00f3n justa para una vida digna, la imposici\u00f3n de extensas jornadas laborales, la presi\u00f3n para incorporarse al programa sin recibir copia de su contrato de trabajo, as\u00ed como la existencia de represalias contra el personal y sus familias en caso de incumplimiento de las condiciones impuestas\u201d. El Gobierno de la isla neg\u00f3 estos se\u00f1alamientos, seg\u00fan el documento.<\/p>\n<p>&nbsp;<\/p>\n","protected":false},"excerpt":{"rendered":"<p>La Comisi\u00f3n Interamericana de Derechos Humanos (CIDH) expresa en un documento de 200 p\u00e1ginas \u201csu preocupaci\u00f3n por las condiciones laborales a las que estar\u00edan expuestas algunas personas trabajadoras cubanas que participan en misiones m\u00e9dicas\u201d. Entre las denuncias recibidas por el organismo destacan \u201cla ausencia de una retribuci\u00f3n justa para una vida digna, la imposici\u00f3n de [&hellip;]<\/p>\n","protected":false},"author":1,"featured_media":383879,"comment_status":"closed","ping_status":"open","sticky":false,"template":"","format":"standard","meta":{"_acf_changed":false,"footnotes":""},"categories":[15],"tags":[],"class_list":["post-383878","post","type-post","status-publish","format-standard","has-post-thumbnail","category-portada"],"acf":{"antetitulo":"En misiones m\u00e9dicas"},"yoast_head":"<!-- This site is optimized with the Yoast SEO plugin v28.4 - https:\/\/yoast.com\/product\/yoast-seo-wordpress\/ -->\n<title>CIDH alerta violaciones a derechos laborales en Cuba - El Diario - Bolivia<\/title>\n<meta name=\"robots\" content=\"index, follow, max-snippet:-1, max-image-preview:large, max-video-preview:-1\" \/>\n<link rel=\"canonical\" href=\"https:\/\/www.eldiario.net\/portal\/2026\/04\/10\/cidh-alerta-violaciones-a-derechos-laborales-en-cuba\/\" \/>\n<meta property=\"og:locale\" content=\"es_ES\" \/>\n<meta property=\"og:type\" content=\"article\" \/>\n<meta property=\"og:title\" content=\"CIDH alerta violaciones a derechos laborales en Cuba - El Diario - Bolivia\" \/>\n<meta property=\"og:description\" content=\"La Comisi\u00f3n Interamericana de Derechos Humanos (CIDH) expresa en un documento de 200 p\u00e1ginas \u201csu preocupaci\u00f3n por las condiciones laborales a las que estar\u00edan expuestas algunas personas trabajadoras cubanas que participan en misiones m\u00e9dicas\u201d. Entre las denuncias recibidas por el organismo destacan \u201cla ausencia de una retribuci\u00f3n justa para una vida digna, la imposici\u00f3n de [&hellip;]\" \/>\n<meta property=\"og:url\" content=\"https:\/\/www.eldiario.net\/portal\/2026\/04\/10\/cidh-alerta-violaciones-a-derechos-laborales-en-cuba\/\" \/>\n<meta property=\"og:site_name\" content=\"El Diario - Bolivia\" \/>\n<meta property=\"article:publisher\" content=\"https:\/\/www.facebook.com\/eldiario.bolivia\/\" \/>\n<meta property=\"article:published_time\" content=\"2026-04-10T10:24:46+00:00\" \/>\n<meta property=\"og:image\" content=\"https:\/\/www.eldiario.net\/portal\/wp-content\/uploads\/2026\/04\/Laborales-AP-10-cm-x-7.webp\" \/>\n\t<meta property=\"og:image:width\" content=\"960\" \/>\n\t<meta property=\"og:image:height\" content=\"607\" \/>\n\t<meta property=\"og:image:type\" content=\"image\/webp\" \/>\n<meta name=\"author\" content=\"Jeanette\" \/>\n<meta name=\"twitter:card\" content=\"summary_large_image\" \/>\n<meta name=\"twitter:creator\" content=\"@eldiario_net\" \/>\n<meta name=\"twitter:site\" content=\"@eldiario_net\" \/>\n<meta name=\"twitter:label1\" content=\"Escrito por\" \/>\n\t<meta name=\"twitter:data1\" content=\"Jeanette\" \/>\n\t<meta name=\"twitter:label2\" content=\"Tiempo de lectura\" \/>\n\t<meta name=\"twitter:data2\" content=\"1 minuto\" \/>\n<script type=\"application\/ld+json\" class=\"yoast-schema-graph\">{\"@context\":\"https:\\\/\\\/schema.org\",\"@graph\":[{\"@type\":\"Article\",\"@id\":\"https:\\\/\\\/www.eldiario.net\\\/portal\\\/2026\\\/04\\\/10\\\/cidh-alerta-violaciones-a-derechos-laborales-en-cuba\\\/#article\",\"isPartOf\":{\"@id\":\"https:\\\/\\\/www.eldiario.net\\\/portal\\\/2026\\\/04\\\/10\\\/cidh-alerta-violaciones-a-derechos-laborales-en-cuba\\\/\"},\"author\":{\"name\":\"Jeanette\",\"@id\":\"https:\\\/\\\/www.eldiario.net\\\/portal\\\/#\\\/schema\\\/person\\\/2c57cf2b7a7ae032e449e4c9b1019eac\"},\"headline\":\"CIDH alerta violaciones a derechos laborales en Cuba\",\"datePublished\":\"2026-04-10T10:24:46+00:00\",\"mainEntityOfPage\":{\"@id\":\"https:\\\/\\\/www.eldiario.net\\\/portal\\\/2026\\\/04\\\/10\\\/cidh-alerta-violaciones-a-derechos-laborales-en-cuba\\\/\"},\"wordCount\":121,\"publisher\":{\"@id\":\"https:\\\/\\\/www.eldiario.net\\\/portal\\\/#organization\"},\"image\":{\"@id\":\"https:\\\/\\\/www.eldiario.net\\\/portal\\\/2026\\\/04\\\/10\\\/cidh-alerta-violaciones-a-derechos-laborales-en-cuba\\\/#primaryimage\"},\"thumbnailUrl\":\"https:\\\/\\\/www.eldiario.net\\\/portal\\\/wp-content\\\/uploads\\\/2026\\\/04\\\/Laborales-AP-10-cm-x-7.webp\",\"articleSection\":[\"Portada\"],\"inLanguage\":\"es\"},{\"@type\":\"WebPage\",\"@id\":\"https:\\\/\\\/www.eldiario.net\\\/portal\\\/2026\\\/04\\\/10\\\/cidh-alerta-violaciones-a-derechos-laborales-en-cuba\\\/\",\"url\":\"https:\\\/\\\/www.eldiario.net\\\/portal\\\/2026\\\/04\\\/10\\\/cidh-alerta-violaciones-a-derechos-laborales-en-cuba\\\/\",\"name\":\"CIDH alerta violaciones a derechos laborales en Cuba - El Diario - Bolivia\",\"isPartOf\":{\"@id\":\"https:\\\/\\\/www.eldiario.net\\\/portal\\\/#website\"},\"primaryImageOfPage\":{\"@id\":\"https:\\\/\\\/www.eldiario.net\\\/portal\\\/2026\\\/04\\\/10\\\/cidh-alerta-violaciones-a-derechos-laborales-en-cuba\\\/#primaryimage\"},\"image\":{\"@id\":\"https:\\\/\\\/www.eldiario.net\\\/portal\\\/2026\\\/04\\\/10\\\/cidh-alerta-violaciones-a-derechos-laborales-en-cuba\\\/#primaryimage\"},\"thumbnailUrl\":\"https:\\\/\\\/www.eldiario.net\\\/portal\\\/wp-content\\\/uploads\\\/2026\\\/04\\\/Laborales-AP-10-cm-x-7.webp\",\"datePublished\":\"2026-04-10T10:24:46+00:00\",\"breadcrumb\":{\"@id\":\"https:\\\/\\\/www.eldiario.net\\\/portal\\\/2026\\\/04\\\/10\\\/cidh-alerta-violaciones-a-derechos-laborales-en-cuba\\\/#breadcrumb\"},\"inLanguage\":\"es\",\"potentialAction\":[{\"@type\":\"ReadAction\",\"target\":[\"https:\\\/\\\/www.eldiario.net\\\/portal\\\/2026\\\/04\\\/10\\\/cidh-alerta-violaciones-a-derechos-laborales-en-cuba\\\/\"]}]},{\"@type\":\"ImageObject\",\"inLanguage\":\"es\",\"@id\":\"https:\\\/\\\/www.eldiario.net\\\/portal\\\/2026\\\/04\\\/10\\\/cidh-alerta-violaciones-a-derechos-laborales-en-cuba\\\/#primaryimage\",\"url\":\"https:\\\/\\\/www.eldiario.net\\\/portal\\\/wp-content\\\/uploads\\\/2026\\\/04\\\/Laborales-AP-10-cm-x-7.webp\",\"contentUrl\":\"https:\\\/\\\/www.eldiario.net\\\/portal\\\/wp-content\\\/uploads\\\/2026\\\/04\\\/Laborales-AP-10-cm-x-7.webp\",\"width\":960,\"height\":607,\"caption\":\"M\u00e9dicos y param\u00e9dicos cubanos.\"},{\"@type\":\"BreadcrumbList\",\"@id\":\"https:\\\/\\\/www.eldiario.net\\\/portal\\\/2026\\\/04\\\/10\\\/cidh-alerta-violaciones-a-derechos-laborales-en-cuba\\\/#breadcrumb\",\"itemListElement\":[{\"@type\":\"ListItem\",\"position\":1,\"name\":\"Portada\",\"item\":\"https:\\\/\\\/www.eldiario.net\\\/portal\\\/\"},{\"@type\":\"ListItem\",\"position\":2,\"name\":\"CIDH alerta violaciones a derechos laborales en Cuba\"}]},{\"@type\":\"WebSite\",\"@id\":\"https:\\\/\\\/www.eldiario.net\\\/portal\\\/#website\",\"url\":\"https:\\\/\\\/www.eldiario.net\\\/portal\\\/\",\"name\":\"El Diario - Decano de la prensa nacional\",\"description\":\"El Diario - Decano de la prensa nacional\",\"publisher\":{\"@id\":\"https:\\\/\\\/www.eldiario.net\\\/portal\\\/#organization\"},\"potentialAction\":[{\"@type\":\"SearchAction\",\"target\":{\"@type\":\"EntryPoint\",\"urlTemplate\":\"https:\\\/\\\/www.eldiario.net\\\/portal\\\/?s={search_term_string}\"},\"query-input\":{\"@type\":\"PropertyValueSpecification\",\"valueRequired\":true,\"valueName\":\"search_term_string\"}}],\"inLanguage\":\"es\"},{\"@type\":\"Organization\",\"@id\":\"https:\\\/\\\/www.eldiario.net\\\/portal\\\/#organization\",\"name\":\"El Diario - Decano de la prensa nacional\",\"url\":\"https:\\\/\\\/www.eldiario.net\\\/portal\\\/\",\"logo\":{\"@type\":\"ImageObject\",\"inLanguage\":\"es\",\"@id\":\"https:\\\/\\\/www.eldiario.net\\\/portal\\\/#\\\/schema\\\/logo\\\/image\\\/\",\"url\":\"https:\\\/\\\/www.eldiario.net\\\/portal\\\/wp-content\\\/uploads\\\/2023\\\/07\\\/logo_ED.jpg\",\"contentUrl\":\"https:\\\/\\\/www.eldiario.net\\\/portal\\\/wp-content\\\/uploads\\\/2023\\\/07\\\/logo_ED.jpg\",\"width\":272,\"height\":52,\"caption\":\"El Diario - Decano de la prensa nacional\"},\"image\":{\"@id\":\"https:\\\/\\\/www.eldiario.net\\\/portal\\\/#\\\/schema\\\/logo\\\/image\\\/\"},\"sameAs\":[\"https:\\\/\\\/www.facebook.com\\\/eldiario.bolivia\\\/\",\"https:\\\/\\\/x.com\\\/eldiario_net\"]},{\"@type\":\"Person\",\"@id\":\"https:\\\/\\\/www.eldiario.net\\\/portal\\\/#\\\/schema\\\/person\\\/2c57cf2b7a7ae032e449e4c9b1019eac\",\"name\":\"Jeanette\",\"image\":{\"@type\":\"ImageObject\",\"inLanguage\":\"es\",\"@id\":\"https:\\\/\\\/secure.gravatar.com\\\/avatar\\\/3ea2118a5f7dad2b7138b1187a6b7ee55f160b9968b66013c3a3ef39dd7e5798?s=96&d=mm&r=g\",\"url\":\"https:\\\/\\\/secure.gravatar.com\\\/avatar\\\/3ea2118a5f7dad2b7138b1187a6b7ee55f160b9968b66013c3a3ef39dd7e5798?s=96&d=mm&r=g\",\"contentUrl\":\"https:\\\/\\\/secure.gravatar.com\\\/avatar\\\/3ea2118a5f7dad2b7138b1187a6b7ee55f160b9968b66013c3a3ef39dd7e5798?s=96&d=mm&r=g\",\"caption\":\"Jeanette\"},\"sameAs\":[\"https:\\\/\\\/www.eldiario.net\\\/portal\"],\"url\":\"https:\\\/\\\/www.eldiario.net\\\/portal\\\/author\\\/jeanette\\\/\"}]}<\/script>\n<!-- \/ Yoast SEO plugin. -->","yoast_head_json":{"title":"CIDH alerta violaciones a derechos laborales en Cuba - El Diario - Bolivia","robots":{"index":"index","follow":"follow","max-snippet":"max-snippet:-1","max-image-preview":"max-image-preview:large","max-video-preview":"max-video-preview:-1"},"canonical":"https:\/\/www.eldiario.net\/portal\/2026\/04\/10\/cidh-alerta-violaciones-a-derechos-laborales-en-cuba\/","og_locale":"es_ES","og_type":"article","og_title":"CIDH alerta violaciones a derechos laborales en Cuba - El Diario - Bolivia","og_description":"La Comisi\u00f3n Interamericana de Derechos Humanos (CIDH) expresa en un documento de 200 p\u00e1ginas \u201csu preocupaci\u00f3n por las condiciones laborales a las que estar\u00edan expuestas algunas personas trabajadoras cubanas que participan en misiones m\u00e9dicas\u201d. Entre las denuncias recibidas por el organismo destacan \u201cla ausencia de una retribuci\u00f3n justa para una vida digna, la imposici\u00f3n de [&hellip;]","og_url":"https:\/\/www.eldiario.net\/portal\/2026\/04\/10\/cidh-alerta-violaciones-a-derechos-laborales-en-cuba\/","og_site_name":"El Diario - Bolivia","article_publisher":"https:\/\/www.facebook.com\/eldiario.bolivia\/","article_published_time":"2026-04-10T10:24:46+00:00","og_image":[{"width":960,"height":607,"url":"https:\/\/www.eldiario.net\/portal\/wp-content\/uploads\/2026\/04\/Laborales-AP-10-cm-x-7.webp","type":"image\/webp"}],"author":"Jeanette","twitter_card":"summary_large_image","twitter_creator":"@eldiario_net","twitter_site":"@eldiario_net","twitter_misc":{"Escrito por":"Jeanette","Tiempo de lectura":"1 minuto"},"schema":{"@context":"https:\/\/schema.org","@graph":[{"@type":"Article","@id":"https:\/\/www.eldiario.net\/portal\/2026\/04\/10\/cidh-alerta-violaciones-a-derechos-laborales-en-cuba\/#article","isPartOf":{"@id":"https:\/\/www.eldiario.net\/portal\/2026\/04\/10\/cidh-alerta-violaciones-a-derechos-laborales-en-cuba\/"},"author":{"name":"Jeanette","@id":"https:\/\/www.eldiario.net\/portal\/#\/schema\/person\/2c57cf2b7a7ae032e449e4c9b1019eac"},"headline":"CIDH alerta violaciones a derechos laborales en Cuba","datePublished":"2026-04-10T10:24:46+00:00","mainEntityOfPage":{"@id":"https:\/\/www.eldiario.net\/portal\/2026\/04\/10\/cidh-alerta-violaciones-a-derechos-laborales-en-cuba\/"},"wordCount":121,"publisher":{"@id":"https:\/\/www.eldiario.net\/portal\/#organization"},"image":{"@id":"https:\/\/www.eldiario.net\/portal\/2026\/04\/10\/cidh-alerta-violaciones-a-derechos-laborales-en-cuba\/#primaryimage"},"thumbnailUrl":"https:\/\/www.eldiario.net\/portal\/wp-content\/uploads\/2026\/04\/Laborales-AP-10-cm-x-7.webp","articleSection":["Portada"],"inLanguage":"es"},{"@type":"WebPage","@id":"https:\/\/www.eldiario.net\/portal\/2026\/04\/10\/cidh-alerta-violaciones-a-derechos-laborales-en-cuba\/","url":"https:\/\/www.eldiario.net\/portal\/2026\/04\/10\/cidh-alerta-violaciones-a-derechos-laborales-en-cuba\/","name":"CIDH alerta violaciones a derechos laborales en Cuba - El Diario - Bolivia","isPartOf":{"@id":"https:\/\/www.eldiario.net\/portal\/#website"},"primaryImageOfPage":{"@id":"https:\/\/www.eldiario.net\/portal\/2026\/04\/10\/cidh-alerta-violaciones-a-derechos-laborales-en-cuba\/#primaryimage"},"image":{"@id":"https:\/\/www.eldiario.net\/portal\/2026\/04\/10\/cidh-alerta-violaciones-a-derechos-laborales-en-cuba\/#primaryimage"},"thumbnailUrl":"https:\/\/www.eldiario.net\/portal\/wp-content\/uploads\/2026\/04\/Laborales-AP-10-cm-x-7.webp","datePublished":"2026-04-10T10:24:46+00:00","breadcrumb":{"@id":"https:\/\/www.eldiario.net\/portal\/2026\/04\/10\/cidh-alerta-violaciones-a-derechos-laborales-en-cuba\/#breadcrumb"},"inLanguage":"es","potentialAction":[{"@type":"ReadAction","target":["https:\/\/www.eldiario.net\/portal\/2026\/04\/10\/cidh-alerta-violaciones-a-derechos-laborales-en-cuba\/"]}]},{"@type":"ImageObject","inLanguage":"es","@id":"https:\/\/www.eldiario.net\/portal\/2026\/04\/10\/cidh-alerta-violaciones-a-derechos-laborales-en-cuba\/#primaryimage","url":"https:\/\/www.eldiario.net\/portal\/wp-content\/uploads\/2026\/04\/Laborales-AP-10-cm-x-7.webp","contentUrl":"https:\/\/www.eldiario.net\/portal\/wp-content\/uploads\/2026\/04\/Laborales-AP-10-cm-x-7.webp","width":960,"height":607,"caption":"M\u00e9dicos y param\u00e9dicos cubanos."},{"@type":"BreadcrumbList","@id":"https:\/\/www.eldiario.net\/portal\/2026\/04\/10\/cidh-alerta-violaciones-a-derechos-laborales-en-cuba\/#breadcrumb","itemListElement":[{"@type":"ListItem","position":1,"name":"Portada","item":"https:\/\/www.eldiario.net\/portal\/"},{"@type":"ListItem","position":2,"name":"CIDH alerta violaciones a derechos laborales en Cuba"}]},{"@type":"WebSite","@id":"https:\/\/www.eldiario.net\/portal\/#website","url":"https:\/\/www.eldiario.net\/portal\/","name":"El Diario - Decano de la prensa nacional","description":"El Diario - Decano de la prensa nacional","publisher":{"@id":"https:\/\/www.eldiario.net\/portal\/#organization"},"potentialAction":[{"@type":"SearchAction","target":{"@type":"EntryPoint","urlTemplate":"https:\/\/www.eldiario.net\/portal\/?s={search_term_string}"},"query-input":{"@type":"PropertyValueSpecification","valueRequired":true,"valueName":"search_term_string"}}],"inLanguage":"es"},{"@type":"Organization","@id":"https:\/\/www.eldiario.net\/portal\/#organization","name":"El Diario - Decano de la prensa nacional","url":"https:\/\/www.eldiario.net\/portal\/","logo":{"@type":"ImageObject","inLanguage":"es","@id":"https:\/\/www.eldiario.net\/portal\/#\/schema\/logo\/image\/","url":"https:\/\/www.eldiario.net\/portal\/wp-content\/uploads\/2023\/07\/logo_ED.jpg","contentUrl":"https:\/\/www.eldiario.net\/portal\/wp-content\/uploads\/2023\/07\/logo_ED.jpg","width":272,"height":52,"caption":"El Diario - Decano de la prensa nacional"},"image":{"@id":"https:\/\/www.eldiario.net\/portal\/#\/schema\/logo\/image\/"},"sameAs":["https:\/\/www.facebook.com\/eldiario.bolivia\/","https:\/\/x.com\/eldiario_net"]},{"@type":"Person","@id":"https:\/\/www.eldiario.net\/portal\/#\/schema\/person\/2c57cf2b7a7ae032e449e4c9b1019eac","name":"Jeanette","image":{"@type":"ImageObject","inLanguage":"es","@id":"https:\/\/secure.gravatar.com\/avatar\/3ea2118a5f7dad2b7138b1187a6b7ee55f160b9968b66013c3a3ef39dd7e5798?s=96&d=mm&r=g","url":"https:\/\/secure.gravatar.com\/avatar\/3ea2118a5f7dad2b7138b1187a6b7ee55f160b9968b66013c3a3ef39dd7e5798?s=96&d=mm&r=g","contentUrl":"https:\/\/secure.gravatar.com\/avatar\/3ea2118a5f7dad2b7138b1187a6b7ee55f160b9968b66013c3a3ef39dd7e5798?s=96&d=mm&r=g","caption":"Jeanette"},"sameAs":["https:\/\/www.eldiario.net\/portal"],"url":"https:\/\/www.eldiario.net\/portal\/author\/jeanette\/"}]}},"_links":{"self":[{"href":"https:\/\/www.eldiario.net\/portal\/wp-json\/wp\/v2\/posts\/383878","targetHints":{"allow":["GET"]}}],"collection":[{"href":"https:\/\/www.eldiario.net\/portal\/wp-json\/wp\/v2\/posts"}],"about":[{"href":"https:\/\/www.eldiario.net\/portal\/wp-json\/wp\/v2\/types\/post"}],"author":[{"embeddable":true,"href":"https:\/\/www.eldiario.net\/portal\/wp-json\/wp\/v2\/users\/1"}],"replies":[{"embeddable":true,"href":"https:\/\/www.eldiario.net\/portal\/wp-json\/wp\/v2\/comments?post=383878"}],"version-history":[{"count":1,"href":"https:\/\/www.eldiario.net\/portal\/wp-json\/wp\/v2\/posts\/383878\/revisions"}],"predecessor-version":[{"id":383880,"href":"https:\/\/www.eldiario.net\/portal\/wp-json\/wp\/v2\/posts\/383878\/revisions\/383880"}],"wp:featuredmedia":[{"embeddable":true,"href":"https:\/\/www.eldiario.net\/portal\/wp-json\/wp\/v2\/media\/383879"}],"wp:attachment":[{"href":"https:\/\/www.eldiario.net\/portal\/wp-json\/wp\/v2\/media?parent=383878"}],"wp:term":[{"taxonomy":"category","embeddable":true,"href":"https:\/\/www.eldiario.net\/portal\/wp-json\/wp\/v2\/categories?post=383878"},{"taxonomy":"post_tag","embeddable":true,"href":"https:\/\/www.eldiario.net\/portal\/wp-json\/wp\/v2\/tags?post=383878"}],"curies":[{"name":"wp","href":"https:\/\/api.w.org\/{rel}","templated":true}]}}