{"id":383871,"date":"2026-04-10T00:47:55","date_gmt":"2026-04-10T04:47:55","guid":{"rendered":"https:\/\/www.eldiario.net\/portal\/?p=383871"},"modified":"2026-04-09T23:50:06","modified_gmt":"2026-04-10T03:50:06","slug":"carga-horaria-escolar-evolucion-o-involucion-del-aprendizaje-2","status":"publish","type":"post","link":"https:\/\/www.eldiario.net\/portal\/2026\/04\/10\/carga-horaria-escolar-evolucion-o-involucion-del-aprendizaje-2\/","title":{"rendered":"Carga horaria escolar Evoluci\u00f3n o involuci\u00f3n del aprendizaje"},"content":{"rendered":"<p><strong>Por. Lic. H\u00e9ctor Molina<\/strong><\/p>\n<p>&nbsp;<\/p>\n<p><strong>Recordemos que\u2026<\/strong><\/p>\n<p>&nbsp;<\/p>\n<p>En palabras de Jurjo Torres Santom\u00e9, la carga horaria es una dimensi\u00f3n del curr\u00edculum que refleja las prioridades pol\u00edticas y sociales de un sistema educativo. No es un valor neutro; la distribuci\u00f3n del tiempo determina qu\u00e9 conocimientos se consideran valiosos y cu\u00e1les se marginalizan. Seg\u00fan este autor, la carga horaria debe ser analizada desde su calidad y no solo desde su cantidad, diferenciando entre el \u201ctiempo nominal\u201d lo que dicta el horario, y el \u201ctiempo funcional\u201d el que realmente se dedica al aprendizaje activo.<\/p>\n<p>&nbsp;<\/p>\n<p>Asimismo, la carga horaria escolar no se entiende simplemente como una suma de minutos frente a un pupitre, sino como la gesti\u00f3n del tiempo pedag\u00f3gico necesario para la consolidaci\u00f3n de procesos cognitivos y el desarrollo de competencias.<\/p>\n<p>&nbsp;<\/p>\n<p><strong>Paradoja de mayor informaci\u00f3n y menor aprendizaje<\/strong><\/p>\n<p>&nbsp;<\/p>\n<p>La aparente paradoja de las nuevas generaciones, quienes est\u00e1n rodeadas de informaci\u00f3n constante pero enfrentan dificultades para consolidar aprendizajes profundos, se explica a trav\u00e9s de procesos neurobiol\u00f3gicos y pedag\u00f3gicos espec\u00edficos. Desde la psicopedagog\u00eda y las neurociencias, este fen\u00f3meno no se debe a una falta de capacidad intelectual, sino a la forma en que el cerebro interact\u00faa con el entorno digital actual.<\/p>\n<p>&nbsp;<\/p>\n<p>A continuaci\u00f3n, se detallan los factores clave que intervienen en esta situaci\u00f3n:<\/p>\n<p>&nbsp;<\/p>\n<ol>\n<li><strong> El colapso de la memoria de trabajo y la carga cognitiva<\/strong><\/li>\n<\/ol>\n<p>&nbsp;<\/p>\n<p>El cerebro humano tiene un l\u00edmite de procesamiento de informaci\u00f3n en tiempo real, conocido como memoria de trabajo. Cuando un estudiante se expone a m\u00faltiples est\u00edmulos simult\u00e1neos (notificaciones, videos cortos, m\u00fasica y lectura), se produce una sobrecarga cognitiva. Seg\u00fan la Teor\u00eda de la Carga Cognitiva, el exceso de informaci\u00f3n irrelevante impide que los datos pasen de la memoria a corto plazo a la memoria a largo plazo, lo que genera una sensaci\u00f3n de haber \u201cvisto\u201d mucho pero \u201caprendido\u201d poco.<\/p>\n<p>&nbsp;<\/p>\n<ol start=\"2\">\n<li><strong> La erosi\u00f3n de la atenci\u00f3n sostenida<\/strong><\/li>\n<\/ol>\n<p>&nbsp;<\/p>\n<p>La exposici\u00f3n prolongada a formatos de consumo r\u00e1pido ha modificado los circuitos de recompensa del cerebro. El sistema dopamin\u00e9rgico (conjunto de v\u00edas en el cerebro que utilizan la dopamina) se acostumbra a est\u00edmulos breves e intensos, lo que dificulta la atenci\u00f3n sostenida, que es la capacidad de concentrarse en una sola tarea compleja durante un tiempo prolongado. El aprendizaje profundo requiere esfuerzo y tiempo, procesos que entran en conflicto con la gratificaci\u00f3n instant\u00e1nea de las redes sociales.<\/p>\n<p>&nbsp;<\/p>\n<ol start=\"3\">\n<li><strong> La diferencia entre informaci\u00f3n y conocimiento<\/strong><\/li>\n<\/ol>\n<p>&nbsp;<\/p>\n<p>Existe una distinci\u00f3n fundamental en las neurociencias entre poseer datos y construir conocimiento. La informaci\u00f3n es externa y fragmentada, mientras que el conocimiento es el resultado de procesar, conectar y aplicar esos datos. El acceso inmediato a motores de b\u00fasqueda ha generado el llamado \u201cEfecto Google\u201d o amnesia digital: la tendencia del cerebro a no memorizar informaci\u00f3n que sabe que puede encontrar f\u00e1cilmente en l\u00ednea, lo que debilita la red de asociaciones mentales necesarias para el pensamiento cr\u00edtico.<\/p>\n<p>&nbsp;<\/p>\n<ol start=\"4\">\n<li><strong> La fragmentaci\u00f3n del sue\u00f1o y la consolidaci\u00f3n neuronal<\/strong><\/li>\n<\/ol>\n<p>&nbsp;<\/p>\n<p>La neurociencia establece que el aprendizaje se consolida durante el sue\u00f1o profundo, espec\u00edficamente en la fase REM. El uso de dispositivos antes de dormir y la luz azul afectan la producci\u00f3n de melatonina, alterando los ciclos de descanso. Sin un sue\u00f1o de calidad, el hipocampo (regi\u00f3n cerebral clave para la memoria) no logra \u201cgrabar\u201d de manera eficiente lo estudiado durante el d\u00eda, resultando en un aprendizaje fr\u00e1gil que se olvida r\u00e1pidamente.<\/p>\n<p>&nbsp;<\/p>\n<ol start=\"5\">\n<li><strong> La saturaci\u00f3n de la instrucci\u00f3n sin aplicaci\u00f3n pr\u00e1ctica<\/strong><\/li>\n<\/ol>\n<p>&nbsp;<\/p>\n<p>Desde una perspectiva pedag\u00f3gica, el aumento en la cantidad de clases o contenidos no garantiza una mejor educaci\u00f3n. El cerebro aprende mejor mediante la metacognici\u00f3n (pensar sobre el propio pensamiento) y la aplicaci\u00f3n pr\u00e1ctica. Cuando la educaci\u00f3n se vuelve meramente receptiva y masiva, se omite el proceso de reflexi\u00f3n y s\u00edntesis, elementos indispensables para que el aprendizaje sea significativo y duradero en el tiempo.<\/p>\n<p>&nbsp;<\/p>\n<ol start=\"6\">\n<li><strong> El fen\u00f3meno de la \u201cilusi\u00f3n de competencia\u201d<\/strong><\/li>\n<\/ol>\n<p>&nbsp;<\/p>\n<p>El hecho de leer un texto o ver un video educativo varias veces puede generar una sensaci\u00f3n falsa de dominio. Al no enfrentarse al esfuerzo de recuperar la informaci\u00f3n de la memoria sin ayuda (pr\u00e1ctica de recuperaci\u00f3n), los estudiantes confunden la familiaridad con la comprensi\u00f3n. Esto explica por qu\u00e9 muchos sienten que entienden todo en clase, pero fallan al momento de aplicar esos conceptos de forma aut\u00f3noma.<\/p>\n\r\n                <style type=\"text\/css\">\r\n                    \r\n                    #tdi_1  .td-doubleSlider-2 .td-item1 {\r\n                        background: url(https:\/\/www.eldiario.net\/portal\/wp-content\/uploads\/2026\/04\/Socio-Memoria-de-trabajo-80x60.webp) 0 0 no-repeat;\r\n                    }\r\n                    #tdi_1  .td-doubleSlider-2 .td-item2 {\r\n                        background: url(https:\/\/www.eldiario.net\/portal\/wp-content\/uploads\/2026\/04\/Socio-Etapas-del-sueno-80x60.webp) 0 0 no-repeat;\r\n                    }\r\n                    #tdi_1  .td-doubleSlider-2 .td-item3 {\r\n                        background: url(https:\/\/www.eldiario.net\/portal\/wp-content\/uploads\/2026\/04\/Socio-Informacion-vs.-Conocimiento-80x60.webp) 0 0 no-repeat;\r\n                    }\r\n                    #tdi_1  .td-doubleSlider-2 .td-item4 {\r\n                        background: url(https:\/\/www.eldiario.net\/portal\/wp-content\/uploads\/2026\/04\/Socio-Instruccion-sin-aplicacion-practica-80x60.webp) 0 0 no-repeat;\r\n                    }\r\n                    #tdi_1  .td-doubleSlider-2 .td-item5 {\r\n                        background: url(https:\/\/www.eldiario.net\/portal\/wp-content\/uploads\/2026\/04\/Socio-La-ilusion-de-competencia-80x60.webp) 0 0 no-repeat;\r\n                    }\r\n                <\/style>\r\n\r\n                <div id=\"tdi_1\" class=\"td-gallery td-slide-on-2-columns\">\r\n                    <div class=\"post_td_gallery\">\r\n                        <div class=\"td-gallery-slide-top\">\r\n                           <div class=\"td-gallery-title\"><\/div>\r\n\r\n                            <div class=\"td-gallery-controls-wrapper\">\r\n                                <div class=\"td-gallery-slide-count\"><span class=\"td-gallery-slide-item-focus\">1<\/span> de 5<\/div>\r\n                                <div class=\"td-gallery-slide-prev-next-but\">\r\n                                    <i class = \"td-icon-left doubleSliderPrevButton\"><\/i>\r\n                                    <i class = \"td-icon-right doubleSliderNextButton\"><\/i>\r\n                                <\/div>\r\n                            <\/div>\r\n                        <\/div>\r\n\r\n                        <div class = \"td-doubleSlider-1 \">\r\n                            <div class = \"td-slider\">\r\n                                \r\n                    <div class = \"td-slide-item td-item1\">\r\n                        <figure class=\"td-slide-galery-figure td-slide-popup-gallery\">\r\n                            <a class=\"slide-gallery-image-link\" href=\"https:\/\/www.eldiario.net\/portal\/wp-content\/uploads\/2026\/04\/Socio-Memoria-de-trabajo.webp\" title=\"Socio - Memoria de trabajo\"  data-caption=\"\"  data-description=\"\">\r\n                                <img decoding=\"async\" src=\"https:\/\/www.eldiario.net\/portal\/wp-content\/uploads\/2026\/04\/Socio-Memoria-de-trabajo-747x420.webp\" srcset=\"https:\/\/www.eldiario.net\/portal\/wp-content\/uploads\/2026\/04\/Socio-Memoria-de-trabajo-747x420.webp 747w, https:\/\/www.eldiario.net\/portal\/wp-content\/uploads\/2026\/04\/Socio-Memoria-de-trabajo-300x169.webp 300w, https:\/\/www.eldiario.net\/portal\/wp-content\/uploads\/2026\/04\/Socio-Memoria-de-trabajo-1024x576.webp 1024w, https:\/\/www.eldiario.net\/portal\/wp-content\/uploads\/2026\/04\/Socio-Memoria-de-trabajo-768x432.webp 768w, https:\/\/www.eldiario.net\/portal\/wp-content\/uploads\/2026\/04\/Socio-Memoria-de-trabajo-150x84.webp 150w, https:\/\/www.eldiario.net\/portal\/wp-content\/uploads\/2026\/04\/Socio-Memoria-de-trabajo-696x392.webp 696w, https:\/\/www.eldiario.net\/portal\/wp-content\/uploads\/2026\/04\/Socio-Memoria-de-trabajo-1068x601.webp 1068w, https:\/\/www.eldiario.net\/portal\/wp-content\/uploads\/2026\/04\/Socio-Memoria-de-trabajo.webp 1280w\" sizes=\"(max-width: 747px) 100vw, 747px\" alt=\"\">\r\n                            <\/a>\r\n                            \r\n                        <\/figure>\r\n                    <\/div>\r\n                    <div class = \"td-slide-item td-item2\">\r\n                        <figure class=\"td-slide-galery-figure td-slide-popup-gallery\">\r\n                            <a class=\"slide-gallery-image-link\" href=\"https:\/\/www.eldiario.net\/portal\/wp-content\/uploads\/2026\/04\/Socio-Etapas-del-sueno.webp\" title=\"Socio - Etapas del sue\u00f1o\"  data-caption=\"\"  data-description=\"\">\r\n                                <img decoding=\"async\" src=\"https:\/\/www.eldiario.net\/portal\/wp-content\/uploads\/2026\/04\/Socio-Etapas-del-sueno.webp\" srcset=\"https:\/\/www.eldiario.net\/portal\/wp-content\/uploads\/2026\/04\/Socio-Etapas-del-sueno.webp 600w, https:\/\/www.eldiario.net\/portal\/wp-content\/uploads\/2026\/04\/Socio-Etapas-del-sueno-300x169.webp 300w, https:\/\/www.eldiario.net\/portal\/wp-content\/uploads\/2026\/04\/Socio-Etapas-del-sueno-150x85.webp 150w\" sizes=\"(max-width: 600px) 100vw, 600px\" alt=\"\">\r\n                            <\/a>\r\n                            \r\n                        <\/figure>\r\n                    <\/div>\r\n                    <div class = \"td-slide-item td-item3\">\r\n                        <figure class=\"td-slide-galery-figure td-slide-popup-gallery\">\r\n                            <a class=\"slide-gallery-image-link\" href=\"https:\/\/www.eldiario.net\/portal\/wp-content\/uploads\/2026\/04\/Socio-Informacion-vs.-Conocimiento.webp\" title=\"Socio - Informaci\u00f3n vs. Conocimiento\"  data-caption=\"\"  data-description=\"\">\r\n                                <img decoding=\"async\" src=\"https:\/\/www.eldiario.net\/portal\/wp-content\/uploads\/2026\/04\/Socio-Informacion-vs.-Conocimiento-544x420.webp\" srcset=\"https:\/\/www.eldiario.net\/portal\/wp-content\/uploads\/2026\/04\/Socio-Informacion-vs.-Conocimiento-544x420.webp 544w, https:\/\/www.eldiario.net\/portal\/wp-content\/uploads\/2026\/04\/Socio-Informacion-vs.-Conocimiento-300x232.webp 300w, https:\/\/www.eldiario.net\/portal\/wp-content\/uploads\/2026\/04\/Socio-Informacion-vs.-Conocimiento-150x116.webp 150w, https:\/\/www.eldiario.net\/portal\/wp-content\/uploads\/2026\/04\/Socio-Informacion-vs.-Conocimiento.webp 620w\" sizes=\"(max-width: 544px) 100vw, 544px\" alt=\"\">\r\n                            <\/a>\r\n                            \r\n                        <\/figure>\r\n                    <\/div>\r\n                    <div class = \"td-slide-item td-item4\">\r\n                        <figure class=\"td-slide-galery-figure td-slide-popup-gallery\">\r\n                            <a class=\"slide-gallery-image-link\" href=\"https:\/\/www.eldiario.net\/portal\/wp-content\/uploads\/2026\/04\/Socio-Instruccion-sin-aplicacion-practica.webp\" title=\"Socio - Instrucci\u00f3n sin aplicaci\u00f3n pr\u00e1ctica\"  data-caption=\"\"  data-description=\"\">\r\n                                <img decoding=\"async\" src=\"https:\/\/www.eldiario.net\/portal\/wp-content\/uploads\/2026\/04\/Socio-Instruccion-sin-aplicacion-practica-747x420.webp\" srcset=\"https:\/\/www.eldiario.net\/portal\/wp-content\/uploads\/2026\/04\/Socio-Instruccion-sin-aplicacion-practica-747x420.webp 747w, https:\/\/www.eldiario.net\/portal\/wp-content\/uploads\/2026\/04\/Socio-Instruccion-sin-aplicacion-practica-300x169.webp 300w, https:\/\/www.eldiario.net\/portal\/wp-content\/uploads\/2026\/04\/Socio-Instruccion-sin-aplicacion-practica-1024x576.webp 1024w, https:\/\/www.eldiario.net\/portal\/wp-content\/uploads\/2026\/04\/Socio-Instruccion-sin-aplicacion-practica-768x432.webp 768w, https:\/\/www.eldiario.net\/portal\/wp-content\/uploads\/2026\/04\/Socio-Instruccion-sin-aplicacion-practica-150x84.webp 150w, https:\/\/www.eldiario.net\/portal\/wp-content\/uploads\/2026\/04\/Socio-Instruccion-sin-aplicacion-practica-696x392.webp 696w, https:\/\/www.eldiario.net\/portal\/wp-content\/uploads\/2026\/04\/Socio-Instruccion-sin-aplicacion-practica-1068x601.webp 1068w, https:\/\/www.eldiario.net\/portal\/wp-content\/uploads\/2026\/04\/Socio-Instruccion-sin-aplicacion-practica.webp 1102w\" sizes=\"(max-width: 747px) 100vw, 747px\" alt=\"\">\r\n                            <\/a>\r\n                            \r\n                        <\/figure>\r\n                    <\/div>\r\n                    <div class = \"td-slide-item td-item5\">\r\n                        <figure class=\"td-slide-galery-figure td-slide-popup-gallery\">\r\n                            <a class=\"slide-gallery-image-link\" href=\"https:\/\/www.eldiario.net\/portal\/wp-content\/uploads\/2026\/04\/Socio-La-ilusion-de-competencia.webp\" title=\"Socio - La ilusi\u00f3n de competencia\"  data-caption=\"\"  data-description=\"\">\r\n                                <img decoding=\"async\" src=\"https:\/\/www.eldiario.net\/portal\/wp-content\/uploads\/2026\/04\/Socio-La-ilusion-de-competencia-420x420.webp\" srcset=\"https:\/\/www.eldiario.net\/portal\/wp-content\/uploads\/2026\/04\/Socio-La-ilusion-de-competencia-420x420.webp 420w, https:\/\/www.eldiario.net\/portal\/wp-content\/uploads\/2026\/04\/Socio-La-ilusion-de-competencia-300x300.webp 300w, https:\/\/www.eldiario.net\/portal\/wp-content\/uploads\/2026\/04\/Socio-La-ilusion-de-competencia-150x150.webp 150w, https:\/\/www.eldiario.net\/portal\/wp-content\/uploads\/2026\/04\/Socio-La-ilusion-de-competencia-768x768.webp 768w, https:\/\/www.eldiario.net\/portal\/wp-content\/uploads\/2026\/04\/Socio-La-ilusion-de-competencia-696x696.webp 696w, https:\/\/www.eldiario.net\/portal\/wp-content\/uploads\/2026\/04\/Socio-La-ilusion-de-competencia.webp 800w\" sizes=\"(max-width: 420px) 100vw, 420px\" alt=\"\">\r\n                            <\/a>\r\n                            \r\n                        <\/figure>\r\n                    <\/div>\r\n                            <\/div>\r\n                        <\/div>\r\n\r\n                        <div class = \"td-doubleSlider-2\">\r\n                            <div class = \"td-slider\">\r\n                                \r\n                    <div class = \"td-button td-item1\">\r\n                        <div class = \"td-border\"><\/div>\r\n                    <\/div>\r\n                    <div class = \"td-button td-item2\">\r\n                        <div class = \"td-border\"><\/div>\r\n                    <\/div>\r\n                    <div class = \"td-button td-item3\">\r\n                        <div class = \"td-border\"><\/div>\r\n                    <\/div>\r\n                    <div class = \"td-button td-item4\">\r\n                        <div class = \"td-border\"><\/div>\r\n                    <\/div>\r\n                    <div class = \"td-button td-item5\">\r\n                        <div class = \"td-border\"><\/div>\r\n                    <\/div>\r\n                            <\/div>\r\n                        <\/div>\r\n\r\n                    <\/div>\r\n\r\n                <\/div>\r\n                \n","protected":false},"excerpt":{"rendered":"<p>Por. Lic. H\u00e9ctor Molina &nbsp; Recordemos que\u2026 &nbsp; En palabras de Jurjo Torres Santom\u00e9, la carga horaria es una dimensi\u00f3n del curr\u00edculum que refleja las prioridades pol\u00edticas y sociales de un sistema educativo. No es un valor neutro; la distribuci\u00f3n del tiempo determina qu\u00e9 conocimientos se consideran valiosos y cu\u00e1les se marginalizan. Seg\u00fan este autor, [&hellip;]<\/p>\n","protected":false},"author":1,"featured_media":383872,"comment_status":"closed","ping_status":"open","sticky":false,"template":"","format":"standard","meta":{"_acf_changed":false,"footnotes":""},"categories":[43],"tags":[],"class_list":["post-383871","post","type-post","status-publish","format-standard","has-post-thumbnail","category-nuevos-horizontes"],"acf":{"antetitulo":""},"yoast_head":"<!-- This site is optimized with the Yoast SEO plugin v28.4 - https:\/\/yoast.com\/product\/yoast-seo-wordpress\/ -->\n<title>Carga horaria escolar Evoluci\u00f3n o involuci\u00f3n del aprendizaje - El Diario - Bolivia<\/title>\n<meta name=\"robots\" content=\"index, follow, max-snippet:-1, max-image-preview:large, max-video-preview:-1\" \/>\n<link rel=\"canonical\" href=\"https:\/\/www.eldiario.net\/portal\/2026\/04\/10\/carga-horaria-escolar-evolucion-o-involucion-del-aprendizaje-2\/\" \/>\n<meta property=\"og:locale\" content=\"es_ES\" \/>\n<meta property=\"og:type\" content=\"article\" \/>\n<meta property=\"og:title\" content=\"Carga horaria escolar Evoluci\u00f3n o involuci\u00f3n del aprendizaje - El Diario - Bolivia\" \/>\n<meta property=\"og:description\" content=\"Por. Lic. H\u00e9ctor Molina &nbsp; Recordemos que\u2026 &nbsp; En palabras de Jurjo Torres Santom\u00e9, la carga horaria es una dimensi\u00f3n del curr\u00edculum que refleja las prioridades pol\u00edticas y sociales de un sistema educativo. No es un valor neutro; la distribuci\u00f3n del tiempo determina qu\u00e9 conocimientos se consideran valiosos y cu\u00e1les se marginalizan. Seg\u00fan este autor, [&hellip;]\" \/>\n<meta property=\"og:url\" content=\"https:\/\/www.eldiario.net\/portal\/2026\/04\/10\/carga-horaria-escolar-evolucion-o-involucion-del-aprendizaje-2\/\" \/>\n<meta property=\"og:site_name\" content=\"El Diario - Bolivia\" \/>\n<meta property=\"article:publisher\" content=\"https:\/\/www.facebook.com\/eldiario.bolivia\/\" \/>\n<meta property=\"article:published_time\" content=\"2026-04-10T04:47:55+00:00\" \/>\n<meta property=\"og:image\" content=\"https:\/\/www.eldiario.net\/portal\/wp-content\/uploads\/2026\/04\/Socio-Memoria-de-trabajo.webp\" \/>\n\t<meta property=\"og:image:width\" content=\"1280\" \/>\n\t<meta property=\"og:image:height\" content=\"720\" \/>\n\t<meta property=\"og:image:type\" content=\"image\/webp\" \/>\n<meta name=\"author\" content=\"Jeanette\" \/>\n<meta name=\"twitter:card\" content=\"summary_large_image\" \/>\n<meta name=\"twitter:creator\" content=\"@eldiario_net\" \/>\n<meta name=\"twitter:site\" content=\"@eldiario_net\" \/>\n<meta name=\"twitter:label1\" content=\"Escrito por\" \/>\n\t<meta name=\"twitter:data1\" content=\"Jeanette\" \/>\n\t<meta name=\"twitter:label2\" content=\"Tiempo de lectura\" \/>\n\t<meta name=\"twitter:data2\" content=\"4 minutos\" \/>\n<script type=\"application\/ld+json\" class=\"yoast-schema-graph\">{\"@context\":\"https:\\\/\\\/schema.org\",\"@graph\":[{\"@type\":\"Article\",\"@id\":\"https:\\\/\\\/www.eldiario.net\\\/portal\\\/2026\\\/04\\\/10\\\/carga-horaria-escolar-evolucion-o-involucion-del-aprendizaje-2\\\/#article\",\"isPartOf\":{\"@id\":\"https:\\\/\\\/www.eldiario.net\\\/portal\\\/2026\\\/04\\\/10\\\/carga-horaria-escolar-evolucion-o-involucion-del-aprendizaje-2\\\/\"},\"author\":{\"name\":\"Jeanette\",\"@id\":\"https:\\\/\\\/www.eldiario.net\\\/portal\\\/#\\\/schema\\\/person\\\/2c57cf2b7a7ae032e449e4c9b1019eac\"},\"headline\":\"Carga horaria escolar Evoluci\u00f3n o involuci\u00f3n del aprendizaje\",\"datePublished\":\"2026-04-10T04:47:55+00:00\",\"mainEntityOfPage\":{\"@id\":\"https:\\\/\\\/www.eldiario.net\\\/portal\\\/2026\\\/04\\\/10\\\/carga-horaria-escolar-evolucion-o-involucion-del-aprendizaje-2\\\/\"},\"wordCount\":807,\"publisher\":{\"@id\":\"https:\\\/\\\/www.eldiario.net\\\/portal\\\/#organization\"},\"image\":{\"@id\":\"https:\\\/\\\/www.eldiario.net\\\/portal\\\/2026\\\/04\\\/10\\\/carga-horaria-escolar-evolucion-o-involucion-del-aprendizaje-2\\\/#primaryimage\"},\"thumbnailUrl\":\"https:\\\/\\\/www.eldiario.net\\\/portal\\\/wp-content\\\/uploads\\\/2026\\\/04\\\/Socio-Memoria-de-trabajo.webp\",\"articleSection\":[\"Nuevos Horizontes\"],\"inLanguage\":\"es\"},{\"@type\":\"WebPage\",\"@id\":\"https:\\\/\\\/www.eldiario.net\\\/portal\\\/2026\\\/04\\\/10\\\/carga-horaria-escolar-evolucion-o-involucion-del-aprendizaje-2\\\/\",\"url\":\"https:\\\/\\\/www.eldiario.net\\\/portal\\\/2026\\\/04\\\/10\\\/carga-horaria-escolar-evolucion-o-involucion-del-aprendizaje-2\\\/\",\"name\":\"Carga horaria escolar Evoluci\u00f3n o involuci\u00f3n del aprendizaje - El Diario - Bolivia\",\"isPartOf\":{\"@id\":\"https:\\\/\\\/www.eldiario.net\\\/portal\\\/#website\"},\"primaryImageOfPage\":{\"@id\":\"https:\\\/\\\/www.eldiario.net\\\/portal\\\/2026\\\/04\\\/10\\\/carga-horaria-escolar-evolucion-o-involucion-del-aprendizaje-2\\\/#primaryimage\"},\"image\":{\"@id\":\"https:\\\/\\\/www.eldiario.net\\\/portal\\\/2026\\\/04\\\/10\\\/carga-horaria-escolar-evolucion-o-involucion-del-aprendizaje-2\\\/#primaryimage\"},\"thumbnailUrl\":\"https:\\\/\\\/www.eldiario.net\\\/portal\\\/wp-content\\\/uploads\\\/2026\\\/04\\\/Socio-Memoria-de-trabajo.webp\",\"datePublished\":\"2026-04-10T04:47:55+00:00\",\"breadcrumb\":{\"@id\":\"https:\\\/\\\/www.eldiario.net\\\/portal\\\/2026\\\/04\\\/10\\\/carga-horaria-escolar-evolucion-o-involucion-del-aprendizaje-2\\\/#breadcrumb\"},\"inLanguage\":\"es\",\"potentialAction\":[{\"@type\":\"ReadAction\",\"target\":[\"https:\\\/\\\/www.eldiario.net\\\/portal\\\/2026\\\/04\\\/10\\\/carga-horaria-escolar-evolucion-o-involucion-del-aprendizaje-2\\\/\"]}]},{\"@type\":\"ImageObject\",\"inLanguage\":\"es\",\"@id\":\"https:\\\/\\\/www.eldiario.net\\\/portal\\\/2026\\\/04\\\/10\\\/carga-horaria-escolar-evolucion-o-involucion-del-aprendizaje-2\\\/#primaryimage\",\"url\":\"https:\\\/\\\/www.eldiario.net\\\/portal\\\/wp-content\\\/uploads\\\/2026\\\/04\\\/Socio-Memoria-de-trabajo.webp\",\"contentUrl\":\"https:\\\/\\\/www.eldiario.net\\\/portal\\\/wp-content\\\/uploads\\\/2026\\\/04\\\/Socio-Memoria-de-trabajo.webp\",\"width\":1280,\"height\":720},{\"@type\":\"BreadcrumbList\",\"@id\":\"https:\\\/\\\/www.eldiario.net\\\/portal\\\/2026\\\/04\\\/10\\\/carga-horaria-escolar-evolucion-o-involucion-del-aprendizaje-2\\\/#breadcrumb\",\"itemListElement\":[{\"@type\":\"ListItem\",\"position\":1,\"name\":\"Portada\",\"item\":\"https:\\\/\\\/www.eldiario.net\\\/portal\\\/\"},{\"@type\":\"ListItem\",\"position\":2,\"name\":\"Carga horaria escolar Evoluci\u00f3n o involuci\u00f3n del aprendizaje\"}]},{\"@type\":\"WebSite\",\"@id\":\"https:\\\/\\\/www.eldiario.net\\\/portal\\\/#website\",\"url\":\"https:\\\/\\\/www.eldiario.net\\\/portal\\\/\",\"name\":\"El Diario - Decano de la prensa nacional\",\"description\":\"El Diario - Decano de la prensa nacional\",\"publisher\":{\"@id\":\"https:\\\/\\\/www.eldiario.net\\\/portal\\\/#organization\"},\"potentialAction\":[{\"@type\":\"SearchAction\",\"target\":{\"@type\":\"EntryPoint\",\"urlTemplate\":\"https:\\\/\\\/www.eldiario.net\\\/portal\\\/?s={search_term_string}\"},\"query-input\":{\"@type\":\"PropertyValueSpecification\",\"valueRequired\":true,\"valueName\":\"search_term_string\"}}],\"inLanguage\":\"es\"},{\"@type\":\"Organization\",\"@id\":\"https:\\\/\\\/www.eldiario.net\\\/portal\\\/#organization\",\"name\":\"El Diario - Decano de la prensa nacional\",\"url\":\"https:\\\/\\\/www.eldiario.net\\\/portal\\\/\",\"logo\":{\"@type\":\"ImageObject\",\"inLanguage\":\"es\",\"@id\":\"https:\\\/\\\/www.eldiario.net\\\/portal\\\/#\\\/schema\\\/logo\\\/image\\\/\",\"url\":\"https:\\\/\\\/www.eldiario.net\\\/portal\\\/wp-content\\\/uploads\\\/2023\\\/07\\\/logo_ED.jpg\",\"contentUrl\":\"https:\\\/\\\/www.eldiario.net\\\/portal\\\/wp-content\\\/uploads\\\/2023\\\/07\\\/logo_ED.jpg\",\"width\":272,\"height\":52,\"caption\":\"El Diario - Decano de la prensa nacional\"},\"image\":{\"@id\":\"https:\\\/\\\/www.eldiario.net\\\/portal\\\/#\\\/schema\\\/logo\\\/image\\\/\"},\"sameAs\":[\"https:\\\/\\\/www.facebook.com\\\/eldiario.bolivia\\\/\",\"https:\\\/\\\/x.com\\\/eldiario_net\"]},{\"@type\":\"Person\",\"@id\":\"https:\\\/\\\/www.eldiario.net\\\/portal\\\/#\\\/schema\\\/person\\\/2c57cf2b7a7ae032e449e4c9b1019eac\",\"name\":\"Jeanette\",\"image\":{\"@type\":\"ImageObject\",\"inLanguage\":\"es\",\"@id\":\"https:\\\/\\\/secure.gravatar.com\\\/avatar\\\/3ea2118a5f7dad2b7138b1187a6b7ee55f160b9968b66013c3a3ef39dd7e5798?s=96&d=mm&r=g\",\"url\":\"https:\\\/\\\/secure.gravatar.com\\\/avatar\\\/3ea2118a5f7dad2b7138b1187a6b7ee55f160b9968b66013c3a3ef39dd7e5798?s=96&d=mm&r=g\",\"contentUrl\":\"https:\\\/\\\/secure.gravatar.com\\\/avatar\\\/3ea2118a5f7dad2b7138b1187a6b7ee55f160b9968b66013c3a3ef39dd7e5798?s=96&d=mm&r=g\",\"caption\":\"Jeanette\"},\"sameAs\":[\"https:\\\/\\\/www.eldiario.net\\\/portal\"],\"url\":\"https:\\\/\\\/www.eldiario.net\\\/portal\\\/author\\\/jeanette\\\/\"}]}<\/script>\n<!-- \/ Yoast SEO plugin. -->","yoast_head_json":{"title":"Carga horaria escolar Evoluci\u00f3n o involuci\u00f3n del aprendizaje - El Diario - Bolivia","robots":{"index":"index","follow":"follow","max-snippet":"max-snippet:-1","max-image-preview":"max-image-preview:large","max-video-preview":"max-video-preview:-1"},"canonical":"https:\/\/www.eldiario.net\/portal\/2026\/04\/10\/carga-horaria-escolar-evolucion-o-involucion-del-aprendizaje-2\/","og_locale":"es_ES","og_type":"article","og_title":"Carga horaria escolar Evoluci\u00f3n o involuci\u00f3n del aprendizaje - El Diario - Bolivia","og_description":"Por. Lic. H\u00e9ctor Molina &nbsp; Recordemos que\u2026 &nbsp; En palabras de Jurjo Torres Santom\u00e9, la carga horaria es una dimensi\u00f3n del curr\u00edculum que refleja las prioridades pol\u00edticas y sociales de un sistema educativo. No es un valor neutro; la distribuci\u00f3n del tiempo determina qu\u00e9 conocimientos se consideran valiosos y cu\u00e1les se marginalizan. Seg\u00fan este autor, [&hellip;]","og_url":"https:\/\/www.eldiario.net\/portal\/2026\/04\/10\/carga-horaria-escolar-evolucion-o-involucion-del-aprendizaje-2\/","og_site_name":"El Diario - Bolivia","article_publisher":"https:\/\/www.facebook.com\/eldiario.bolivia\/","article_published_time":"2026-04-10T04:47:55+00:00","og_image":[{"width":1280,"height":720,"url":"https:\/\/www.eldiario.net\/portal\/wp-content\/uploads\/2026\/04\/Socio-Memoria-de-trabajo.webp","type":"image\/webp"}],"author":"Jeanette","twitter_card":"summary_large_image","twitter_creator":"@eldiario_net","twitter_site":"@eldiario_net","twitter_misc":{"Escrito por":"Jeanette","Tiempo de lectura":"4 minutos"},"schema":{"@context":"https:\/\/schema.org","@graph":[{"@type":"Article","@id":"https:\/\/www.eldiario.net\/portal\/2026\/04\/10\/carga-horaria-escolar-evolucion-o-involucion-del-aprendizaje-2\/#article","isPartOf":{"@id":"https:\/\/www.eldiario.net\/portal\/2026\/04\/10\/carga-horaria-escolar-evolucion-o-involucion-del-aprendizaje-2\/"},"author":{"name":"Jeanette","@id":"https:\/\/www.eldiario.net\/portal\/#\/schema\/person\/2c57cf2b7a7ae032e449e4c9b1019eac"},"headline":"Carga horaria escolar Evoluci\u00f3n o involuci\u00f3n del aprendizaje","datePublished":"2026-04-10T04:47:55+00:00","mainEntityOfPage":{"@id":"https:\/\/www.eldiario.net\/portal\/2026\/04\/10\/carga-horaria-escolar-evolucion-o-involucion-del-aprendizaje-2\/"},"wordCount":807,"publisher":{"@id":"https:\/\/www.eldiario.net\/portal\/#organization"},"image":{"@id":"https:\/\/www.eldiario.net\/portal\/2026\/04\/10\/carga-horaria-escolar-evolucion-o-involucion-del-aprendizaje-2\/#primaryimage"},"thumbnailUrl":"https:\/\/www.eldiario.net\/portal\/wp-content\/uploads\/2026\/04\/Socio-Memoria-de-trabajo.webp","articleSection":["Nuevos Horizontes"],"inLanguage":"es"},{"@type":"WebPage","@id":"https:\/\/www.eldiario.net\/portal\/2026\/04\/10\/carga-horaria-escolar-evolucion-o-involucion-del-aprendizaje-2\/","url":"https:\/\/www.eldiario.net\/portal\/2026\/04\/10\/carga-horaria-escolar-evolucion-o-involucion-del-aprendizaje-2\/","name":"Carga horaria escolar Evoluci\u00f3n o involuci\u00f3n del aprendizaje - El Diario - Bolivia","isPartOf":{"@id":"https:\/\/www.eldiario.net\/portal\/#website"},"primaryImageOfPage":{"@id":"https:\/\/www.eldiario.net\/portal\/2026\/04\/10\/carga-horaria-escolar-evolucion-o-involucion-del-aprendizaje-2\/#primaryimage"},"image":{"@id":"https:\/\/www.eldiario.net\/portal\/2026\/04\/10\/carga-horaria-escolar-evolucion-o-involucion-del-aprendizaje-2\/#primaryimage"},"thumbnailUrl":"https:\/\/www.eldiario.net\/portal\/wp-content\/uploads\/2026\/04\/Socio-Memoria-de-trabajo.webp","datePublished":"2026-04-10T04:47:55+00:00","breadcrumb":{"@id":"https:\/\/www.eldiario.net\/portal\/2026\/04\/10\/carga-horaria-escolar-evolucion-o-involucion-del-aprendizaje-2\/#breadcrumb"},"inLanguage":"es","potentialAction":[{"@type":"ReadAction","target":["https:\/\/www.eldiario.net\/portal\/2026\/04\/10\/carga-horaria-escolar-evolucion-o-involucion-del-aprendizaje-2\/"]}]},{"@type":"ImageObject","inLanguage":"es","@id":"https:\/\/www.eldiario.net\/portal\/2026\/04\/10\/carga-horaria-escolar-evolucion-o-involucion-del-aprendizaje-2\/#primaryimage","url":"https:\/\/www.eldiario.net\/portal\/wp-content\/uploads\/2026\/04\/Socio-Memoria-de-trabajo.webp","contentUrl":"https:\/\/www.eldiario.net\/portal\/wp-content\/uploads\/2026\/04\/Socio-Memoria-de-trabajo.webp","width":1280,"height":720},{"@type":"BreadcrumbList","@id":"https:\/\/www.eldiario.net\/portal\/2026\/04\/10\/carga-horaria-escolar-evolucion-o-involucion-del-aprendizaje-2\/#breadcrumb","itemListElement":[{"@type":"ListItem","position":1,"name":"Portada","item":"https:\/\/www.eldiario.net\/portal\/"},{"@type":"ListItem","position":2,"name":"Carga horaria escolar Evoluci\u00f3n o involuci\u00f3n del aprendizaje"}]},{"@type":"WebSite","@id":"https:\/\/www.eldiario.net\/portal\/#website","url":"https:\/\/www.eldiario.net\/portal\/","name":"El Diario - Decano de la prensa nacional","description":"El Diario - Decano de la prensa nacional","publisher":{"@id":"https:\/\/www.eldiario.net\/portal\/#organization"},"potentialAction":[{"@type":"SearchAction","target":{"@type":"EntryPoint","urlTemplate":"https:\/\/www.eldiario.net\/portal\/?s={search_term_string}"},"query-input":{"@type":"PropertyValueSpecification","valueRequired":true,"valueName":"search_term_string"}}],"inLanguage":"es"},{"@type":"Organization","@id":"https:\/\/www.eldiario.net\/portal\/#organization","name":"El Diario - Decano de la prensa nacional","url":"https:\/\/www.eldiario.net\/portal\/","logo":{"@type":"ImageObject","inLanguage":"es","@id":"https:\/\/www.eldiario.net\/portal\/#\/schema\/logo\/image\/","url":"https:\/\/www.eldiario.net\/portal\/wp-content\/uploads\/2023\/07\/logo_ED.jpg","contentUrl":"https:\/\/www.eldiario.net\/portal\/wp-content\/uploads\/2023\/07\/logo_ED.jpg","width":272,"height":52,"caption":"El Diario - Decano de la prensa nacional"},"image":{"@id":"https:\/\/www.eldiario.net\/portal\/#\/schema\/logo\/image\/"},"sameAs":["https:\/\/www.facebook.com\/eldiario.bolivia\/","https:\/\/x.com\/eldiario_net"]},{"@type":"Person","@id":"https:\/\/www.eldiario.net\/portal\/#\/schema\/person\/2c57cf2b7a7ae032e449e4c9b1019eac","name":"Jeanette","image":{"@type":"ImageObject","inLanguage":"es","@id":"https:\/\/secure.gravatar.com\/avatar\/3ea2118a5f7dad2b7138b1187a6b7ee55f160b9968b66013c3a3ef39dd7e5798?s=96&d=mm&r=g","url":"https:\/\/secure.gravatar.com\/avatar\/3ea2118a5f7dad2b7138b1187a6b7ee55f160b9968b66013c3a3ef39dd7e5798?s=96&d=mm&r=g","contentUrl":"https:\/\/secure.gravatar.com\/avatar\/3ea2118a5f7dad2b7138b1187a6b7ee55f160b9968b66013c3a3ef39dd7e5798?s=96&d=mm&r=g","caption":"Jeanette"},"sameAs":["https:\/\/www.eldiario.net\/portal"],"url":"https:\/\/www.eldiario.net\/portal\/author\/jeanette\/"}]}},"_links":{"self":[{"href":"https:\/\/www.eldiario.net\/portal\/wp-json\/wp\/v2\/posts\/383871","targetHints":{"allow":["GET"]}}],"collection":[{"href":"https:\/\/www.eldiario.net\/portal\/wp-json\/wp\/v2\/posts"}],"about":[{"href":"https:\/\/www.eldiario.net\/portal\/wp-json\/wp\/v2\/types\/post"}],"author":[{"embeddable":true,"href":"https:\/\/www.eldiario.net\/portal\/wp-json\/wp\/v2\/users\/1"}],"replies":[{"embeddable":true,"href":"https:\/\/www.eldiario.net\/portal\/wp-json\/wp\/v2\/comments?post=383871"}],"version-history":[{"count":1,"href":"https:\/\/www.eldiario.net\/portal\/wp-json\/wp\/v2\/posts\/383871\/revisions"}],"predecessor-version":[{"id":383877,"href":"https:\/\/www.eldiario.net\/portal\/wp-json\/wp\/v2\/posts\/383871\/revisions\/383877"}],"wp:featuredmedia":[{"embeddable":true,"href":"https:\/\/www.eldiario.net\/portal\/wp-json\/wp\/v2\/media\/383872"}],"wp:attachment":[{"href":"https:\/\/www.eldiario.net\/portal\/wp-json\/wp\/v2\/media?parent=383871"}],"wp:term":[{"taxonomy":"category","embeddable":true,"href":"https:\/\/www.eldiario.net\/portal\/wp-json\/wp\/v2\/categories?post=383871"},{"taxonomy":"post_tag","embeddable":true,"href":"https:\/\/www.eldiario.net\/portal\/wp-json\/wp\/v2\/tags?post=383871"}],"curies":[{"name":"wp","href":"https:\/\/api.w.org\/{rel}","templated":true}]}}