{"id":3822,"date":"2021-05-14T06:51:28","date_gmt":"2021-05-14T10:51:28","guid":{"rendered":"https:\/\/www.eldiario.net\/portal\/?p=3822"},"modified":"2021-05-14T06:51:28","modified_gmt":"2021-05-14T10:51:28","slug":"exhortan-a-socializar-tratado-de-1904-con-transportistas","status":"publish","type":"post","link":"https:\/\/www.eldiario.net\/portal\/2021\/05\/14\/exhortan-a-socializar-tratado-de-1904-con-transportistas\/","title":{"rendered":"Exhortan a socializar Tratado  de 1904 con transportistas"},"content":{"rendered":"<p>Tras varios d\u00edas de protesta del sector de transporte pesado y la reciente determinaci\u00f3n de paralizar las operaciones de la v\u00eda f\u00e9rrea Arica &#8211; La Paz, el presidente de la C\u00e1mara de Senadores, Andr\u00f3nico Rodr\u00edguez, pidi\u00f3 que se socialice el Tratado de 1904 con sectores que se oponen a la reactivaci\u00f3n de esta ruta para el comercio internacional.<br \/>\nRodr\u00edguez expres\u00f3 su preocupaci\u00f3n por el acuerdo inicial al que se lleg\u00f3 entre transportistas de carga y el Ministerio de Obras P\u00fablicas, pues este se constituye en un incumplimiento del Tratado de 1904 entre Bolivia y Chile.<br \/>\n\u201cHasta el momento se evidencia de que si se encamina en un incumplimiento de este Tratado, pero esperemos que se esclarezca de manera inmediata por lo que pedimos al ministro que pueda reunirse y se informe de manera fidedigna este hecho\u201d, se\u00f1al\u00f3 el legislador.<br \/>\nPidi\u00f3 al titular de la cartera de Obras P\u00fablicas que se re\u00fana con el sector movilizado para explicar las consecuencias que tendr\u00eda para el pa\u00eds la paralizaci\u00f3n de este proyecto.<br \/>\nDesde la oposici\u00f3n se cuestiona que con acuerdos como el alcanzado entre transportistas y el Gobierno se perjudica el desarrollo del pa\u00eds y se incumplen acuerdos y tratados<br \/>\nPara el diputado Erick Mor\u00f3n, de la agrupaci\u00f3n Creemos, determinaciones como esta son un golpe para la econom\u00eda nacional que postergan la reactivaci\u00f3n econ\u00f3mica y restan competitividad al comercio internacional del pa\u00eds.<br \/>\n\u201cC\u00f3mo se puede reactivar la econom\u00eda boliviana si estamos cercenando las v\u00edas por las cuales sale la exportaci\u00f3n de nuestro pa\u00eds, estamos paralizando las exportaci\u00f3n de la carne y no se est\u00e1n respetando convenios y tratados\u201d, expres\u00f3.<br \/>\nPor su parte, el ministro de Obras P\u00fablicas, Edgar Monta\u00f1o, se\u00f1al\u00f3 que tras los acuerdos alcanzados con el sector, ya no existen motivos para que los bloqueos contin\u00faen.<br \/>\n\u201cYa no hay raz\u00f3n para bloquear, la empresa ferroviaria a dicho claramente que est\u00e1 paralizando toda prueba piloto. Esto est\u00e1 garantizado mediante un documento oficial\u201d, dijo.<\/p>\n<figure id=\"attachment_3824\" aria-describedby=\"caption-attachment-3824\" style=\"width: 1280px\" class=\"wp-caption aligncenter\"><img loading=\"lazy\" decoding=\"async\" class=\"size-full wp-image-3824\" src=\"https:\/\/www.eldiario.net\/portal\/wp-content\/uploads\/2021\/05\/Pol-131.jpg\" alt=\"\" width=\"1280\" height=\"853\" \/><figcaption id=\"caption-attachment-3824\" class=\"wp-caption-text\">Presidente del Senado, Andr\u00f3nico Rodr\u00edguez.<\/figcaption><\/figure>\n","protected":false},"excerpt":{"rendered":"<p>Tras varios d\u00edas de protesta del sector de transporte pesado y la reciente determinaci\u00f3n de paralizar las operaciones de la v\u00eda f\u00e9rrea Arica &#8211; La Paz, el presidente de la C\u00e1mara de Senadores, Andr\u00f3nico Rodr\u00edguez, pidi\u00f3 que se socialice el Tratado de 1904 con sectores que se oponen a la reactivaci\u00f3n de esta ruta para [&hellip;]<\/p>\n","protected":false},"author":1,"featured_media":3823,"comment_status":"closed","ping_status":"closed","sticky":false,"template":"","format":"standard","meta":{"_acf_changed":false,"footnotes":""},"categories":[14],"tags":[],"class_list":["post-3822","post","type-post","status-publish","format-standard","has-post-thumbnail","category-politica"],"acf":{"antetitulo":""},"yoast_head":"<!-- This site is optimized with the Yoast SEO plugin v28.4 - https:\/\/yoast.com\/product\/yoast-seo-wordpress\/ -->\n<title>Exhortan a socializar Tratado de 1904 con transportistas - El Diario - Bolivia<\/title>\n<meta name=\"robots\" content=\"index, follow, max-snippet:-1, max-image-preview:large, max-video-preview:-1\" \/>\n<link rel=\"canonical\" href=\"https:\/\/www.eldiario.net\/portal\/2021\/05\/14\/exhortan-a-socializar-tratado-de-1904-con-transportistas\/\" \/>\n<meta property=\"og:locale\" content=\"es_ES\" \/>\n<meta property=\"og:type\" content=\"article\" \/>\n<meta property=\"og:title\" content=\"Exhortan a socializar Tratado de 1904 con transportistas - El Diario - Bolivia\" \/>\n<meta property=\"og:description\" content=\"Tras varios d\u00edas de protesta del sector de transporte pesado y la reciente determinaci\u00f3n de paralizar las operaciones de la v\u00eda f\u00e9rrea Arica &#8211; La Paz, el presidente de la C\u00e1mara de Senadores, Andr\u00f3nico Rodr\u00edguez, pidi\u00f3 que se socialice el Tratado de 1904 con sectores que se oponen a la reactivaci\u00f3n de esta ruta para [&hellip;]\" \/>\n<meta property=\"og:url\" content=\"https:\/\/www.eldiario.net\/portal\/2021\/05\/14\/exhortan-a-socializar-tratado-de-1904-con-transportistas\/\" \/>\n<meta property=\"og:site_name\" content=\"El Diario - Bolivia\" \/>\n<meta property=\"article:publisher\" content=\"https:\/\/www.facebook.com\/eldiario.bolivia\/\" \/>\n<meta property=\"article:published_time\" content=\"2021-05-14T10:51:28+00:00\" \/>\n<meta name=\"author\" content=\"Jeanette\" \/>\n<meta name=\"twitter:card\" content=\"summary_large_image\" \/>\n<meta name=\"twitter:creator\" content=\"@eldiario_net\" \/>\n<meta name=\"twitter:site\" content=\"@eldiario_net\" \/>\n<meta name=\"twitter:label1\" content=\"Escrito por\" \/>\n\t<meta name=\"twitter:data1\" content=\"Jeanette\" \/>\n\t<meta name=\"twitter:label2\" content=\"Tiempo de lectura\" \/>\n\t<meta name=\"twitter:data2\" content=\"2 minutos\" \/>\n<script type=\"application\/ld+json\" class=\"yoast-schema-graph\">{\"@context\":\"https:\\\/\\\/schema.org\",\"@graph\":[{\"@type\":\"Article\",\"@id\":\"https:\\\/\\\/www.eldiario.net\\\/portal\\\/2021\\\/05\\\/14\\\/exhortan-a-socializar-tratado-de-1904-con-transportistas\\\/#article\",\"isPartOf\":{\"@id\":\"https:\\\/\\\/www.eldiario.net\\\/portal\\\/2021\\\/05\\\/14\\\/exhortan-a-socializar-tratado-de-1904-con-transportistas\\\/\"},\"author\":{\"name\":\"Jeanette\",\"@id\":\"https:\\\/\\\/www.eldiario.net\\\/portal\\\/#\\\/schema\\\/person\\\/f46445640444750d7d753ccd04ae01b7\"},\"headline\":\"Exhortan a socializar Tratado de 1904 con transportistas\",\"datePublished\":\"2021-05-14T10:51:28+00:00\",\"mainEntityOfPage\":{\"@id\":\"https:\\\/\\\/www.eldiario.net\\\/portal\\\/2021\\\/05\\\/14\\\/exhortan-a-socializar-tratado-de-1904-con-transportistas\\\/\"},\"wordCount\":376,\"publisher\":{\"@id\":\"https:\\\/\\\/www.eldiario.net\\\/portal\\\/#organization\"},\"image\":{\"@id\":\"https:\\\/\\\/www.eldiario.net\\\/portal\\\/2021\\\/05\\\/14\\\/exhortan-a-socializar-tratado-de-1904-con-transportistas\\\/#primaryimage\"},\"thumbnailUrl\":\"\",\"articleSection\":[\"Pol\u00edtica\"],\"inLanguage\":\"es\"},{\"@type\":\"WebPage\",\"@id\":\"https:\\\/\\\/www.eldiario.net\\\/portal\\\/2021\\\/05\\\/14\\\/exhortan-a-socializar-tratado-de-1904-con-transportistas\\\/\",\"url\":\"https:\\\/\\\/www.eldiario.net\\\/portal\\\/2021\\\/05\\\/14\\\/exhortan-a-socializar-tratado-de-1904-con-transportistas\\\/\",\"name\":\"Exhortan a socializar Tratado de 1904 con transportistas - El Diario - Bolivia\",\"isPartOf\":{\"@id\":\"https:\\\/\\\/www.eldiario.net\\\/portal\\\/#website\"},\"primaryImageOfPage\":{\"@id\":\"https:\\\/\\\/www.eldiario.net\\\/portal\\\/2021\\\/05\\\/14\\\/exhortan-a-socializar-tratado-de-1904-con-transportistas\\\/#primaryimage\"},\"image\":{\"@id\":\"https:\\\/\\\/www.eldiario.net\\\/portal\\\/2021\\\/05\\\/14\\\/exhortan-a-socializar-tratado-de-1904-con-transportistas\\\/#primaryimage\"},\"thumbnailUrl\":\"\",\"datePublished\":\"2021-05-14T10:51:28+00:00\",\"breadcrumb\":{\"@id\":\"https:\\\/\\\/www.eldiario.net\\\/portal\\\/2021\\\/05\\\/14\\\/exhortan-a-socializar-tratado-de-1904-con-transportistas\\\/#breadcrumb\"},\"inLanguage\":\"es\",\"potentialAction\":[{\"@type\":\"ReadAction\",\"target\":[\"https:\\\/\\\/www.eldiario.net\\\/portal\\\/2021\\\/05\\\/14\\\/exhortan-a-socializar-tratado-de-1904-con-transportistas\\\/\"]}]},{\"@type\":\"ImageObject\",\"inLanguage\":\"es\",\"@id\":\"https:\\\/\\\/www.eldiario.net\\\/portal\\\/2021\\\/05\\\/14\\\/exhortan-a-socializar-tratado-de-1904-con-transportistas\\\/#primaryimage\",\"url\":\"\",\"contentUrl\":\"\"},{\"@type\":\"BreadcrumbList\",\"@id\":\"https:\\\/\\\/www.eldiario.net\\\/portal\\\/2021\\\/05\\\/14\\\/exhortan-a-socializar-tratado-de-1904-con-transportistas\\\/#breadcrumb\",\"itemListElement\":[{\"@type\":\"ListItem\",\"position\":1,\"name\":\"Portada\",\"item\":\"https:\\\/\\\/www.eldiario.net\\\/portal\\\/\"},{\"@type\":\"ListItem\",\"position\":2,\"name\":\"Exhortan a socializar Tratado de 1904 con transportistas\"}]},{\"@type\":\"WebSite\",\"@id\":\"https:\\\/\\\/www.eldiario.net\\\/portal\\\/#website\",\"url\":\"https:\\\/\\\/www.eldiario.net\\\/portal\\\/\",\"name\":\"El Diario - Decano de la prensa nacional\",\"description\":\"El Diario - Decano de la prensa nacional\",\"publisher\":{\"@id\":\"https:\\\/\\\/www.eldiario.net\\\/portal\\\/#organization\"},\"potentialAction\":[{\"@type\":\"SearchAction\",\"target\":{\"@type\":\"EntryPoint\",\"urlTemplate\":\"https:\\\/\\\/www.eldiario.net\\\/portal\\\/?s={search_term_string}\"},\"query-input\":{\"@type\":\"PropertyValueSpecification\",\"valueRequired\":true,\"valueName\":\"search_term_string\"}}],\"inLanguage\":\"es\"},{\"@type\":\"Organization\",\"@id\":\"https:\\\/\\\/www.eldiario.net\\\/portal\\\/#organization\",\"name\":\"El Diario - Decano de la prensa nacional\",\"url\":\"https:\\\/\\\/www.eldiario.net\\\/portal\\\/\",\"logo\":{\"@type\":\"ImageObject\",\"inLanguage\":\"es\",\"@id\":\"https:\\\/\\\/www.eldiario.net\\\/portal\\\/#\\\/schema\\\/logo\\\/image\\\/\",\"url\":\"https:\\\/\\\/www.eldiario.net\\\/portal\\\/wp-content\\\/uploads\\\/2023\\\/07\\\/logo_ED.jpg\",\"contentUrl\":\"https:\\\/\\\/www.eldiario.net\\\/portal\\\/wp-content\\\/uploads\\\/2023\\\/07\\\/logo_ED.jpg\",\"width\":272,\"height\":52,\"caption\":\"El Diario - Decano de la prensa nacional\"},\"image\":{\"@id\":\"https:\\\/\\\/www.eldiario.net\\\/portal\\\/#\\\/schema\\\/logo\\\/image\\\/\"},\"sameAs\":[\"https:\\\/\\\/www.facebook.com\\\/eldiario.bolivia\\\/\",\"https:\\\/\\\/x.com\\\/eldiario_net\"]},{\"@type\":\"Person\",\"@id\":\"https:\\\/\\\/www.eldiario.net\\\/portal\\\/#\\\/schema\\\/person\\\/f46445640444750d7d753ccd04ae01b7\",\"name\":\"Jeanette\",\"image\":{\"@type\":\"ImageObject\",\"inLanguage\":\"es\",\"@id\":\"https:\\\/\\\/secure.gravatar.com\\\/avatar\\\/3ea2118a5f7dad2b7138b1187a6b7ee55f160b9968b66013c3a3ef39dd7e5798?s=96&d=mm&r=g\",\"url\":\"https:\\\/\\\/secure.gravatar.com\\\/avatar\\\/3ea2118a5f7dad2b7138b1187a6b7ee55f160b9968b66013c3a3ef39dd7e5798?s=96&d=mm&r=g\",\"contentUrl\":\"https:\\\/\\\/secure.gravatar.com\\\/avatar\\\/3ea2118a5f7dad2b7138b1187a6b7ee55f160b9968b66013c3a3ef39dd7e5798?s=96&d=mm&r=g\",\"caption\":\"Jeanette\"},\"sameAs\":[\"https:\\\/\\\/www.eldiario.net\\\/portal\"],\"url\":\"https:\\\/\\\/www.eldiario.net\\\/portal\\\/author\\\/jeanette\\\/\"}]}<\/script>\n<!-- \/ Yoast SEO plugin. -->","yoast_head_json":{"title":"Exhortan a socializar Tratado de 1904 con transportistas - El Diario - Bolivia","robots":{"index":"index","follow":"follow","max-snippet":"max-snippet:-1","max-image-preview":"max-image-preview:large","max-video-preview":"max-video-preview:-1"},"canonical":"https:\/\/www.eldiario.net\/portal\/2021\/05\/14\/exhortan-a-socializar-tratado-de-1904-con-transportistas\/","og_locale":"es_ES","og_type":"article","og_title":"Exhortan a socializar Tratado de 1904 con transportistas - El Diario - Bolivia","og_description":"Tras varios d\u00edas de protesta del sector de transporte pesado y la reciente determinaci\u00f3n de paralizar las operaciones de la v\u00eda f\u00e9rrea Arica &#8211; La Paz, el presidente de la C\u00e1mara de Senadores, Andr\u00f3nico Rodr\u00edguez, pidi\u00f3 que se socialice el Tratado de 1904 con sectores que se oponen a la reactivaci\u00f3n de esta ruta para [&hellip;]","og_url":"https:\/\/www.eldiario.net\/portal\/2021\/05\/14\/exhortan-a-socializar-tratado-de-1904-con-transportistas\/","og_site_name":"El Diario - Bolivia","article_publisher":"https:\/\/www.facebook.com\/eldiario.bolivia\/","article_published_time":"2021-05-14T10:51:28+00:00","author":"Jeanette","twitter_card":"summary_large_image","twitter_creator":"@eldiario_net","twitter_site":"@eldiario_net","twitter_misc":{"Escrito por":"Jeanette","Tiempo de lectura":"2 minutos"},"schema":{"@context":"https:\/\/schema.org","@graph":[{"@type":"Article","@id":"https:\/\/www.eldiario.net\/portal\/2021\/05\/14\/exhortan-a-socializar-tratado-de-1904-con-transportistas\/#article","isPartOf":{"@id":"https:\/\/www.eldiario.net\/portal\/2021\/05\/14\/exhortan-a-socializar-tratado-de-1904-con-transportistas\/"},"author":{"name":"Jeanette","@id":"https:\/\/www.eldiario.net\/portal\/#\/schema\/person\/f46445640444750d7d753ccd04ae01b7"},"headline":"Exhortan a socializar Tratado de 1904 con transportistas","datePublished":"2021-05-14T10:51:28+00:00","mainEntityOfPage":{"@id":"https:\/\/www.eldiario.net\/portal\/2021\/05\/14\/exhortan-a-socializar-tratado-de-1904-con-transportistas\/"},"wordCount":376,"publisher":{"@id":"https:\/\/www.eldiario.net\/portal\/#organization"},"image":{"@id":"https:\/\/www.eldiario.net\/portal\/2021\/05\/14\/exhortan-a-socializar-tratado-de-1904-con-transportistas\/#primaryimage"},"thumbnailUrl":"","articleSection":["Pol\u00edtica"],"inLanguage":"es"},{"@type":"WebPage","@id":"https:\/\/www.eldiario.net\/portal\/2021\/05\/14\/exhortan-a-socializar-tratado-de-1904-con-transportistas\/","url":"https:\/\/www.eldiario.net\/portal\/2021\/05\/14\/exhortan-a-socializar-tratado-de-1904-con-transportistas\/","name":"Exhortan a socializar Tratado de 1904 con transportistas - El Diario - Bolivia","isPartOf":{"@id":"https:\/\/www.eldiario.net\/portal\/#website"},"primaryImageOfPage":{"@id":"https:\/\/www.eldiario.net\/portal\/2021\/05\/14\/exhortan-a-socializar-tratado-de-1904-con-transportistas\/#primaryimage"},"image":{"@id":"https:\/\/www.eldiario.net\/portal\/2021\/05\/14\/exhortan-a-socializar-tratado-de-1904-con-transportistas\/#primaryimage"},"thumbnailUrl":"","datePublished":"2021-05-14T10:51:28+00:00","breadcrumb":{"@id":"https:\/\/www.eldiario.net\/portal\/2021\/05\/14\/exhortan-a-socializar-tratado-de-1904-con-transportistas\/#breadcrumb"},"inLanguage":"es","potentialAction":[{"@type":"ReadAction","target":["https:\/\/www.eldiario.net\/portal\/2021\/05\/14\/exhortan-a-socializar-tratado-de-1904-con-transportistas\/"]}]},{"@type":"ImageObject","inLanguage":"es","@id":"https:\/\/www.eldiario.net\/portal\/2021\/05\/14\/exhortan-a-socializar-tratado-de-1904-con-transportistas\/#primaryimage","url":"","contentUrl":""},{"@type":"BreadcrumbList","@id":"https:\/\/www.eldiario.net\/portal\/2021\/05\/14\/exhortan-a-socializar-tratado-de-1904-con-transportistas\/#breadcrumb","itemListElement":[{"@type":"ListItem","position":1,"name":"Portada","item":"https:\/\/www.eldiario.net\/portal\/"},{"@type":"ListItem","position":2,"name":"Exhortan a socializar Tratado de 1904 con transportistas"}]},{"@type":"WebSite","@id":"https:\/\/www.eldiario.net\/portal\/#website","url":"https:\/\/www.eldiario.net\/portal\/","name":"El Diario - Decano de la prensa nacional","description":"El Diario - Decano de la prensa nacional","publisher":{"@id":"https:\/\/www.eldiario.net\/portal\/#organization"},"potentialAction":[{"@type":"SearchAction","target":{"@type":"EntryPoint","urlTemplate":"https:\/\/www.eldiario.net\/portal\/?s={search_term_string}"},"query-input":{"@type":"PropertyValueSpecification","valueRequired":true,"valueName":"search_term_string"}}],"inLanguage":"es"},{"@type":"Organization","@id":"https:\/\/www.eldiario.net\/portal\/#organization","name":"El Diario - Decano de la prensa nacional","url":"https:\/\/www.eldiario.net\/portal\/","logo":{"@type":"ImageObject","inLanguage":"es","@id":"https:\/\/www.eldiario.net\/portal\/#\/schema\/logo\/image\/","url":"https:\/\/www.eldiario.net\/portal\/wp-content\/uploads\/2023\/07\/logo_ED.jpg","contentUrl":"https:\/\/www.eldiario.net\/portal\/wp-content\/uploads\/2023\/07\/logo_ED.jpg","width":272,"height":52,"caption":"El Diario - Decano de la prensa nacional"},"image":{"@id":"https:\/\/www.eldiario.net\/portal\/#\/schema\/logo\/image\/"},"sameAs":["https:\/\/www.facebook.com\/eldiario.bolivia\/","https:\/\/x.com\/eldiario_net"]},{"@type":"Person","@id":"https:\/\/www.eldiario.net\/portal\/#\/schema\/person\/f46445640444750d7d753ccd04ae01b7","name":"Jeanette","image":{"@type":"ImageObject","inLanguage":"es","@id":"https:\/\/secure.gravatar.com\/avatar\/3ea2118a5f7dad2b7138b1187a6b7ee55f160b9968b66013c3a3ef39dd7e5798?s=96&d=mm&r=g","url":"https:\/\/secure.gravatar.com\/avatar\/3ea2118a5f7dad2b7138b1187a6b7ee55f160b9968b66013c3a3ef39dd7e5798?s=96&d=mm&r=g","contentUrl":"https:\/\/secure.gravatar.com\/avatar\/3ea2118a5f7dad2b7138b1187a6b7ee55f160b9968b66013c3a3ef39dd7e5798?s=96&d=mm&r=g","caption":"Jeanette"},"sameAs":["https:\/\/www.eldiario.net\/portal"],"url":"https:\/\/www.eldiario.net\/portal\/author\/jeanette\/"}]}},"_links":{"self":[{"href":"https:\/\/www.eldiario.net\/portal\/wp-json\/wp\/v2\/posts\/3822","targetHints":{"allow":["GET"]}}],"collection":[{"href":"https:\/\/www.eldiario.net\/portal\/wp-json\/wp\/v2\/posts"}],"about":[{"href":"https:\/\/www.eldiario.net\/portal\/wp-json\/wp\/v2\/types\/post"}],"author":[{"embeddable":true,"href":"https:\/\/www.eldiario.net\/portal\/wp-json\/wp\/v2\/users\/1"}],"replies":[{"embeddable":true,"href":"https:\/\/www.eldiario.net\/portal\/wp-json\/wp\/v2\/comments?post=3822"}],"version-history":[{"count":0,"href":"https:\/\/www.eldiario.net\/portal\/wp-json\/wp\/v2\/posts\/3822\/revisions"}],"wp:attachment":[{"href":"https:\/\/www.eldiario.net\/portal\/wp-json\/wp\/v2\/media?parent=3822"}],"wp:term":[{"taxonomy":"category","embeddable":true,"href":"https:\/\/www.eldiario.net\/portal\/wp-json\/wp\/v2\/categories?post=3822"},{"taxonomy":"post_tag","embeddable":true,"href":"https:\/\/www.eldiario.net\/portal\/wp-json\/wp\/v2\/tags?post=3822"}],"curies":[{"name":"wp","href":"https:\/\/api.w.org\/{rel}","templated":true}]}}