{"id":38197,"date":"2021-10-23T04:33:09","date_gmt":"2021-10-23T08:33:09","guid":{"rendered":"https:\/\/www.eldiario.net\/portal\/?p=38197"},"modified":"2021-10-23T04:33:09","modified_gmt":"2021-10-23T08:33:09","slug":"san-jose-no-va-mas","status":"publish","type":"post","link":"https:\/\/www.eldiario.net\/portal\/2021\/10\/23\/san-jose-no-va-mas\/","title":{"rendered":"San Jos\u00e9 no va m\u00e1s"},"content":{"rendered":"<p>Finalmente la amenaza se confirm\u00f3, seg\u00fan el presidente del Tribunal de Honor del club San Jos\u00e9, Ernesto Aran\u00edbar este viernes el plantel orure\u00f1o jug\u00f3 su \u00faltimo partido en el Campeonato \u00danico y se despidi\u00f3 de la manera m\u00e1s dolorosa, con una goleada ante Aurora (1-4) en el estadio Jes\u00fas Berm\u00fadez, donde pocos fueron los que apoyaron a la \u201cV\u201d azulada quienes tambi\u00e9n dejaron el campo deportivo con los ojos empapados. Antes del partido el anuncio ya se hab\u00eda hecho, fue Aran\u00edbar quien alert\u00f3 a los hinchas que el santo se despedir\u00eda de sus fieles seguidores porque el hilo delgado que lo manten\u00eda con vida se rompi\u00f3 y ya no hab\u00eda nada m\u00e1s que hacer. El equipo reglamentariamente descendi\u00f3 en el partido que perdi\u00f3 contra Bol\u00edvar por 4-1 el pasado martes.<br \/>\nAran\u00edbar anunci\u00f3 ayer que el cr\u00e9dito orure\u00f1o no va m\u00e1s, en las siguientes horas presentar\u00e1n una nota oficial a la FBF para hacer conocer la determinaci\u00f3n.<br \/>\n\u201c\u2026 No tiene sentido seguir en este campeonato, a\u00fan m\u00e1s cuando no hay apoyo econ\u00f3mico de las empresas\u2026 me llama la atenci\u00f3n que en las redes miles de hinchas dicen que estar\u00e1n con San Jos\u00e9 en las buenas y en las malas, pero la realidad es otra, son pocos los que vienen y los que realmente participan y son los que aman al club\u2026 queda llamar a una asamblea para el d\u00eda lunes para contar con la resoluci\u00f3n con firmas que apoyan la determinaci\u00f3n del Tribunal de Honor, por lo que hoy (por el viernes) anunciamos que San Jos\u00e9 se retira de la Liga Profesional (Divisi\u00f3n Profesional)\u201d, declar\u00f3 Aran\u00edbar.<br \/>\nEn partido este viernes el santo cay\u00f3 ante Aurora por 1 a 4, con particularidades que seguramente quedar\u00e1n en el libro negro del santo, perdieron la opci\u00f3n de convertir un tanto por la v\u00eda del penal, como si ello fuese poco el arquero Osbaldo Nova dej\u00f3 el terreno de juego a los 25 minutos del encuentro debido a una lesi\u00f3n en una de las manos. La primera conquista de los visitantes fue convertida por Iv\u00e1n Huayhuata en el minuto siete, la segunda conquista fue anotada por Nicoll Taboada, a los 22\u00b4, el tercer tanto lleg\u00f3 a trav\u00e9s de El\u00edas Alderete, a los 63\u00b4 por la v\u00eda del penal, sell\u00f3 el marcador el jugador Dar\u00edo Torrico, a los 93\u00b4, resultado que tambi\u00e9n le sirve a Sergio Zeballos debutar con una victoria al mando de Aurora. El \u00fanico tanto para el santo fue convertido por Jairo Thomas, a los 64\u00b4.<\/p>\n<p>27 de octubre San Jos\u00e9 deber\u00eda visitar a Real Tomayapo, por la vig\u00e9sima cuarta fecha del torneo \u00danico.<\/p>\n<p><strong>APG<\/strong><\/p>\n","protected":false},"excerpt":{"rendered":"<p>Finalmente la amenaza se confirm\u00f3, seg\u00fan el presidente del Tribunal de Honor del club San Jos\u00e9, Ernesto Aran\u00edbar este viernes el plantel orure\u00f1o jug\u00f3 su \u00faltimo partido en el Campeonato \u00danico y se despidi\u00f3 de la manera m\u00e1s dolorosa, con una goleada ante Aurora (1-4) en el estadio Jes\u00fas Berm\u00fadez, donde pocos fueron los que [&hellip;]<\/p>\n","protected":false},"author":1,"featured_media":38198,"comment_status":"closed","ping_status":"closed","sticky":false,"template":"","format":"standard","meta":{"_acf_changed":false,"footnotes":""},"categories":[6],"tags":[],"class_list":["post-38197","post","type-post","status-publish","format-standard","has-post-thumbnail","category-deportes"],"acf":{"antetitulo":""},"yoast_head":"<!-- This site is optimized with the Yoast SEO plugin v28.3 - https:\/\/yoast.com\/product\/yoast-seo-wordpress\/ -->\n<title>San Jos\u00e9 no va m\u00e1s - El Diario - Bolivia<\/title>\n<meta name=\"robots\" content=\"index, follow, max-snippet:-1, max-image-preview:large, max-video-preview:-1\" \/>\n<link rel=\"canonical\" href=\"https:\/\/www.eldiario.net\/portal\/2021\/10\/23\/san-jose-no-va-mas\/\" \/>\n<meta property=\"og:locale\" content=\"es_ES\" \/>\n<meta property=\"og:type\" content=\"article\" \/>\n<meta property=\"og:title\" content=\"San Jos\u00e9 no va m\u00e1s - El Diario - Bolivia\" \/>\n<meta property=\"og:description\" content=\"Finalmente la amenaza se confirm\u00f3, seg\u00fan el presidente del Tribunal de Honor del club San Jos\u00e9, Ernesto Aran\u00edbar este viernes el plantel orure\u00f1o jug\u00f3 su \u00faltimo partido en el Campeonato \u00danico y se despidi\u00f3 de la manera m\u00e1s dolorosa, con una goleada ante Aurora (1-4) en el estadio Jes\u00fas Berm\u00fadez, donde pocos fueron los que [&hellip;]\" \/>\n<meta property=\"og:url\" content=\"https:\/\/www.eldiario.net\/portal\/2021\/10\/23\/san-jose-no-va-mas\/\" \/>\n<meta property=\"og:site_name\" content=\"El Diario - Bolivia\" \/>\n<meta property=\"article:publisher\" content=\"https:\/\/www.facebook.com\/eldiario.bolivia\/\" \/>\n<meta property=\"article:published_time\" content=\"2021-10-23T08:33:09+00:00\" \/>\n<meta name=\"author\" content=\"Jeanette\" \/>\n<meta name=\"twitter:card\" content=\"summary_large_image\" \/>\n<meta name=\"twitter:creator\" content=\"@eldiario_net\" \/>\n<meta name=\"twitter:site\" content=\"@eldiario_net\" \/>\n<meta name=\"twitter:label1\" content=\"Escrito por\" \/>\n\t<meta name=\"twitter:data1\" content=\"Jeanette\" \/>\n\t<meta name=\"twitter:label2\" content=\"Tiempo de lectura\" \/>\n\t<meta name=\"twitter:data2\" content=\"2 minutos\" \/>\n<script type=\"application\/ld+json\" class=\"yoast-schema-graph\">{\"@context\":\"https:\\\/\\\/schema.org\",\"@graph\":[{\"@type\":\"Article\",\"@id\":\"https:\\\/\\\/www.eldiario.net\\\/portal\\\/2021\\\/10\\\/23\\\/san-jose-no-va-mas\\\/#article\",\"isPartOf\":{\"@id\":\"https:\\\/\\\/www.eldiario.net\\\/portal\\\/2021\\\/10\\\/23\\\/san-jose-no-va-mas\\\/\"},\"author\":{\"name\":\"Jeanette\",\"@id\":\"https:\\\/\\\/www.eldiario.net\\\/portal\\\/#\\\/schema\\\/person\\\/f46445640444750d7d753ccd04ae01b7\"},\"headline\":\"San Jos\u00e9 no va m\u00e1s\",\"datePublished\":\"2021-10-23T08:33:09+00:00\",\"mainEntityOfPage\":{\"@id\":\"https:\\\/\\\/www.eldiario.net\\\/portal\\\/2021\\\/10\\\/23\\\/san-jose-no-va-mas\\\/\"},\"wordCount\":471,\"publisher\":{\"@id\":\"https:\\\/\\\/www.eldiario.net\\\/portal\\\/#organization\"},\"image\":{\"@id\":\"https:\\\/\\\/www.eldiario.net\\\/portal\\\/2021\\\/10\\\/23\\\/san-jose-no-va-mas\\\/#primaryimage\"},\"thumbnailUrl\":\"\",\"articleSection\":[\"Deportes\"],\"inLanguage\":\"es\"},{\"@type\":\"WebPage\",\"@id\":\"https:\\\/\\\/www.eldiario.net\\\/portal\\\/2021\\\/10\\\/23\\\/san-jose-no-va-mas\\\/\",\"url\":\"https:\\\/\\\/www.eldiario.net\\\/portal\\\/2021\\\/10\\\/23\\\/san-jose-no-va-mas\\\/\",\"name\":\"San Jos\u00e9 no va m\u00e1s - El Diario - Bolivia\",\"isPartOf\":{\"@id\":\"https:\\\/\\\/www.eldiario.net\\\/portal\\\/#website\"},\"primaryImageOfPage\":{\"@id\":\"https:\\\/\\\/www.eldiario.net\\\/portal\\\/2021\\\/10\\\/23\\\/san-jose-no-va-mas\\\/#primaryimage\"},\"image\":{\"@id\":\"https:\\\/\\\/www.eldiario.net\\\/portal\\\/2021\\\/10\\\/23\\\/san-jose-no-va-mas\\\/#primaryimage\"},\"thumbnailUrl\":\"\",\"datePublished\":\"2021-10-23T08:33:09+00:00\",\"breadcrumb\":{\"@id\":\"https:\\\/\\\/www.eldiario.net\\\/portal\\\/2021\\\/10\\\/23\\\/san-jose-no-va-mas\\\/#breadcrumb\"},\"inLanguage\":\"es\",\"potentialAction\":[{\"@type\":\"ReadAction\",\"target\":[\"https:\\\/\\\/www.eldiario.net\\\/portal\\\/2021\\\/10\\\/23\\\/san-jose-no-va-mas\\\/\"]}]},{\"@type\":\"ImageObject\",\"inLanguage\":\"es\",\"@id\":\"https:\\\/\\\/www.eldiario.net\\\/portal\\\/2021\\\/10\\\/23\\\/san-jose-no-va-mas\\\/#primaryimage\",\"url\":\"\",\"contentUrl\":\"\"},{\"@type\":\"BreadcrumbList\",\"@id\":\"https:\\\/\\\/www.eldiario.net\\\/portal\\\/2021\\\/10\\\/23\\\/san-jose-no-va-mas\\\/#breadcrumb\",\"itemListElement\":[{\"@type\":\"ListItem\",\"position\":1,\"name\":\"Portada\",\"item\":\"https:\\\/\\\/www.eldiario.net\\\/portal\\\/\"},{\"@type\":\"ListItem\",\"position\":2,\"name\":\"San Jos\u00e9 no va m\u00e1s\"}]},{\"@type\":\"WebSite\",\"@id\":\"https:\\\/\\\/www.eldiario.net\\\/portal\\\/#website\",\"url\":\"https:\\\/\\\/www.eldiario.net\\\/portal\\\/\",\"name\":\"El Diario - Decano de la prensa nacional\",\"description\":\"El Diario - Decano de la prensa nacional\",\"publisher\":{\"@id\":\"https:\\\/\\\/www.eldiario.net\\\/portal\\\/#organization\"},\"potentialAction\":[{\"@type\":\"SearchAction\",\"target\":{\"@type\":\"EntryPoint\",\"urlTemplate\":\"https:\\\/\\\/www.eldiario.net\\\/portal\\\/?s={search_term_string}\"},\"query-input\":{\"@type\":\"PropertyValueSpecification\",\"valueRequired\":true,\"valueName\":\"search_term_string\"}}],\"inLanguage\":\"es\"},{\"@type\":\"Organization\",\"@id\":\"https:\\\/\\\/www.eldiario.net\\\/portal\\\/#organization\",\"name\":\"El Diario - Decano de la prensa nacional\",\"url\":\"https:\\\/\\\/www.eldiario.net\\\/portal\\\/\",\"logo\":{\"@type\":\"ImageObject\",\"inLanguage\":\"es\",\"@id\":\"https:\\\/\\\/www.eldiario.net\\\/portal\\\/#\\\/schema\\\/logo\\\/image\\\/\",\"url\":\"https:\\\/\\\/www.eldiario.net\\\/portal\\\/wp-content\\\/uploads\\\/2023\\\/07\\\/logo_ED.jpg\",\"contentUrl\":\"https:\\\/\\\/www.eldiario.net\\\/portal\\\/wp-content\\\/uploads\\\/2023\\\/07\\\/logo_ED.jpg\",\"width\":272,\"height\":52,\"caption\":\"El Diario - Decano de la prensa nacional\"},\"image\":{\"@id\":\"https:\\\/\\\/www.eldiario.net\\\/portal\\\/#\\\/schema\\\/logo\\\/image\\\/\"},\"sameAs\":[\"https:\\\/\\\/www.facebook.com\\\/eldiario.bolivia\\\/\",\"https:\\\/\\\/x.com\\\/eldiario_net\"]},{\"@type\":\"Person\",\"@id\":\"https:\\\/\\\/www.eldiario.net\\\/portal\\\/#\\\/schema\\\/person\\\/f46445640444750d7d753ccd04ae01b7\",\"name\":\"Jeanette\",\"image\":{\"@type\":\"ImageObject\",\"inLanguage\":\"es\",\"@id\":\"https:\\\/\\\/secure.gravatar.com\\\/avatar\\\/3ea2118a5f7dad2b7138b1187a6b7ee55f160b9968b66013c3a3ef39dd7e5798?s=96&d=mm&r=g\",\"url\":\"https:\\\/\\\/secure.gravatar.com\\\/avatar\\\/3ea2118a5f7dad2b7138b1187a6b7ee55f160b9968b66013c3a3ef39dd7e5798?s=96&d=mm&r=g\",\"contentUrl\":\"https:\\\/\\\/secure.gravatar.com\\\/avatar\\\/3ea2118a5f7dad2b7138b1187a6b7ee55f160b9968b66013c3a3ef39dd7e5798?s=96&d=mm&r=g\",\"caption\":\"Jeanette\"},\"sameAs\":[\"https:\\\/\\\/www.eldiario.net\\\/portal\"],\"url\":\"https:\\\/\\\/www.eldiario.net\\\/portal\\\/author\\\/jeanette\\\/\"}]}<\/script>\n<!-- \/ Yoast SEO plugin. -->","yoast_head_json":{"title":"San Jos\u00e9 no va m\u00e1s - El Diario - Bolivia","robots":{"index":"index","follow":"follow","max-snippet":"max-snippet:-1","max-image-preview":"max-image-preview:large","max-video-preview":"max-video-preview:-1"},"canonical":"https:\/\/www.eldiario.net\/portal\/2021\/10\/23\/san-jose-no-va-mas\/","og_locale":"es_ES","og_type":"article","og_title":"San Jos\u00e9 no va m\u00e1s - El Diario - Bolivia","og_description":"Finalmente la amenaza se confirm\u00f3, seg\u00fan el presidente del Tribunal de Honor del club San Jos\u00e9, Ernesto Aran\u00edbar este viernes el plantel orure\u00f1o jug\u00f3 su \u00faltimo partido en el Campeonato \u00danico y se despidi\u00f3 de la manera m\u00e1s dolorosa, con una goleada ante Aurora (1-4) en el estadio Jes\u00fas Berm\u00fadez, donde pocos fueron los que [&hellip;]","og_url":"https:\/\/www.eldiario.net\/portal\/2021\/10\/23\/san-jose-no-va-mas\/","og_site_name":"El Diario - Bolivia","article_publisher":"https:\/\/www.facebook.com\/eldiario.bolivia\/","article_published_time":"2021-10-23T08:33:09+00:00","author":"Jeanette","twitter_card":"summary_large_image","twitter_creator":"@eldiario_net","twitter_site":"@eldiario_net","twitter_misc":{"Escrito por":"Jeanette","Tiempo de lectura":"2 minutos"},"schema":{"@context":"https:\/\/schema.org","@graph":[{"@type":"Article","@id":"https:\/\/www.eldiario.net\/portal\/2021\/10\/23\/san-jose-no-va-mas\/#article","isPartOf":{"@id":"https:\/\/www.eldiario.net\/portal\/2021\/10\/23\/san-jose-no-va-mas\/"},"author":{"name":"Jeanette","@id":"https:\/\/www.eldiario.net\/portal\/#\/schema\/person\/f46445640444750d7d753ccd04ae01b7"},"headline":"San Jos\u00e9 no va m\u00e1s","datePublished":"2021-10-23T08:33:09+00:00","mainEntityOfPage":{"@id":"https:\/\/www.eldiario.net\/portal\/2021\/10\/23\/san-jose-no-va-mas\/"},"wordCount":471,"publisher":{"@id":"https:\/\/www.eldiario.net\/portal\/#organization"},"image":{"@id":"https:\/\/www.eldiario.net\/portal\/2021\/10\/23\/san-jose-no-va-mas\/#primaryimage"},"thumbnailUrl":"","articleSection":["Deportes"],"inLanguage":"es"},{"@type":"WebPage","@id":"https:\/\/www.eldiario.net\/portal\/2021\/10\/23\/san-jose-no-va-mas\/","url":"https:\/\/www.eldiario.net\/portal\/2021\/10\/23\/san-jose-no-va-mas\/","name":"San Jos\u00e9 no va m\u00e1s - El Diario - Bolivia","isPartOf":{"@id":"https:\/\/www.eldiario.net\/portal\/#website"},"primaryImageOfPage":{"@id":"https:\/\/www.eldiario.net\/portal\/2021\/10\/23\/san-jose-no-va-mas\/#primaryimage"},"image":{"@id":"https:\/\/www.eldiario.net\/portal\/2021\/10\/23\/san-jose-no-va-mas\/#primaryimage"},"thumbnailUrl":"","datePublished":"2021-10-23T08:33:09+00:00","breadcrumb":{"@id":"https:\/\/www.eldiario.net\/portal\/2021\/10\/23\/san-jose-no-va-mas\/#breadcrumb"},"inLanguage":"es","potentialAction":[{"@type":"ReadAction","target":["https:\/\/www.eldiario.net\/portal\/2021\/10\/23\/san-jose-no-va-mas\/"]}]},{"@type":"ImageObject","inLanguage":"es","@id":"https:\/\/www.eldiario.net\/portal\/2021\/10\/23\/san-jose-no-va-mas\/#primaryimage","url":"","contentUrl":""},{"@type":"BreadcrumbList","@id":"https:\/\/www.eldiario.net\/portal\/2021\/10\/23\/san-jose-no-va-mas\/#breadcrumb","itemListElement":[{"@type":"ListItem","position":1,"name":"Portada","item":"https:\/\/www.eldiario.net\/portal\/"},{"@type":"ListItem","position":2,"name":"San Jos\u00e9 no va m\u00e1s"}]},{"@type":"WebSite","@id":"https:\/\/www.eldiario.net\/portal\/#website","url":"https:\/\/www.eldiario.net\/portal\/","name":"El Diario - Decano de la prensa nacional","description":"El Diario - Decano de la prensa nacional","publisher":{"@id":"https:\/\/www.eldiario.net\/portal\/#organization"},"potentialAction":[{"@type":"SearchAction","target":{"@type":"EntryPoint","urlTemplate":"https:\/\/www.eldiario.net\/portal\/?s={search_term_string}"},"query-input":{"@type":"PropertyValueSpecification","valueRequired":true,"valueName":"search_term_string"}}],"inLanguage":"es"},{"@type":"Organization","@id":"https:\/\/www.eldiario.net\/portal\/#organization","name":"El Diario - Decano de la prensa nacional","url":"https:\/\/www.eldiario.net\/portal\/","logo":{"@type":"ImageObject","inLanguage":"es","@id":"https:\/\/www.eldiario.net\/portal\/#\/schema\/logo\/image\/","url":"https:\/\/www.eldiario.net\/portal\/wp-content\/uploads\/2023\/07\/logo_ED.jpg","contentUrl":"https:\/\/www.eldiario.net\/portal\/wp-content\/uploads\/2023\/07\/logo_ED.jpg","width":272,"height":52,"caption":"El Diario - Decano de la prensa nacional"},"image":{"@id":"https:\/\/www.eldiario.net\/portal\/#\/schema\/logo\/image\/"},"sameAs":["https:\/\/www.facebook.com\/eldiario.bolivia\/","https:\/\/x.com\/eldiario_net"]},{"@type":"Person","@id":"https:\/\/www.eldiario.net\/portal\/#\/schema\/person\/f46445640444750d7d753ccd04ae01b7","name":"Jeanette","image":{"@type":"ImageObject","inLanguage":"es","@id":"https:\/\/secure.gravatar.com\/avatar\/3ea2118a5f7dad2b7138b1187a6b7ee55f160b9968b66013c3a3ef39dd7e5798?s=96&d=mm&r=g","url":"https:\/\/secure.gravatar.com\/avatar\/3ea2118a5f7dad2b7138b1187a6b7ee55f160b9968b66013c3a3ef39dd7e5798?s=96&d=mm&r=g","contentUrl":"https:\/\/secure.gravatar.com\/avatar\/3ea2118a5f7dad2b7138b1187a6b7ee55f160b9968b66013c3a3ef39dd7e5798?s=96&d=mm&r=g","caption":"Jeanette"},"sameAs":["https:\/\/www.eldiario.net\/portal"],"url":"https:\/\/www.eldiario.net\/portal\/author\/jeanette\/"}]}},"_links":{"self":[{"href":"https:\/\/www.eldiario.net\/portal\/wp-json\/wp\/v2\/posts\/38197","targetHints":{"allow":["GET"]}}],"collection":[{"href":"https:\/\/www.eldiario.net\/portal\/wp-json\/wp\/v2\/posts"}],"about":[{"href":"https:\/\/www.eldiario.net\/portal\/wp-json\/wp\/v2\/types\/post"}],"author":[{"embeddable":true,"href":"https:\/\/www.eldiario.net\/portal\/wp-json\/wp\/v2\/users\/1"}],"replies":[{"embeddable":true,"href":"https:\/\/www.eldiario.net\/portal\/wp-json\/wp\/v2\/comments?post=38197"}],"version-history":[{"count":0,"href":"https:\/\/www.eldiario.net\/portal\/wp-json\/wp\/v2\/posts\/38197\/revisions"}],"wp:attachment":[{"href":"https:\/\/www.eldiario.net\/portal\/wp-json\/wp\/v2\/media?parent=38197"}],"wp:term":[{"taxonomy":"category","embeddable":true,"href":"https:\/\/www.eldiario.net\/portal\/wp-json\/wp\/v2\/categories?post=38197"},{"taxonomy":"post_tag","embeddable":true,"href":"https:\/\/www.eldiario.net\/portal\/wp-json\/wp\/v2\/tags?post=38197"}],"curies":[{"name":"wp","href":"https:\/\/api.w.org\/{rel}","templated":true}]}}