{"id":3819,"date":"2021-05-14T06:49:36","date_gmt":"2021-05-14T10:49:36","guid":{"rendered":"https:\/\/www.eldiario.net\/portal\/?p=3819"},"modified":"2021-05-14T06:49:36","modified_gmt":"2021-05-14T10:49:36","slug":"oficialismo-plantea-proyecto-de-ley-para-sancionar-a-motines","status":"publish","type":"post","link":"https:\/\/www.eldiario.net\/portal\/2021\/05\/14\/oficialismo-plantea-proyecto-de-ley-para-sancionar-a-motines\/","title":{"rendered":"Oficialismo plantea proyecto  de ley para sancionar a motines"},"content":{"rendered":"<p>Se\u00f1alando que existe la necesidad de evitar que se vuelva a interrumpir el orden constitucional en el pa\u00eds, el diputado por el Movimiento al Socialismo (MAS) Anyelo C\u00e9spedes anunci\u00f3 la presentaci\u00f3n de un proyecto de ley para modificar los reglamentos disciplinarios de la Polic\u00eda Boliviana y de esta forma sancionar a efectivos que participen en motines.<br \/>\nEl parlamentario oficialista manifest\u00f3 que esta iniciativa busca evitar que se presenten nuevas situaciones en las que se incumpla con el mandato constitucional de la Polic\u00eda.<br \/>\n\u201cNosotros creemos que Bolivia vivi\u00f3 momentos dif\u00edciles, en los que hubieron algunas situaciones y no se llev\u00f3 a cabo su labor constitucional que ellos ten\u00edan con nosotros\u201d, dijo.<br \/>\nEl proyecto de norma plantea la modificaci\u00f3n del Art\u00edculo 14, numeral 10 de la Ley de R\u00e9gimen Disciplinario de la Polic\u00eda Boliviana en la que se se\u00f1alan sanciones para los efectivos de la instituci\u00f3n que participen o promuevan motines.<br \/>\n\u201cComo diputado, hemos presentado un anteproyecto de ley que es la modificaci\u00f3n del art\u00edculo sobre el tema que habla en la Ley 101 sobre el amotinamiento, nosotros creemos que es para que no vuelva a suceder lo que a sucedi\u00f3\u201d, se\u00f1al\u00f3.<br \/>\nIndic\u00f3 que de esta forma se trata de \u201clevantar un poco m\u00e1s la mano\u201d, para que no se repita la ruptura constitucional como supuestamente sucedi\u00f3 en el a\u00f1o 2019 durante la crisis postelectoral que deriv\u00f3 en la renuncia de Morales y su posterior huida del pa\u00eds.<br \/>\n\u201cEstamos haciendo una propuesta sobre la modificaci\u00f3n del art\u00edculo que habla sobre el amotinamiento, yo creo que nuestro pueblo ya no tiene que vivir nunca m\u00e1s momentos dif\u00edciles, nuestra Polic\u00eda est\u00e1 para cuidarnos, para resguardarnos, pero lo que hubieran cometido que sepan que de ahora en adelante el que quiera hacer un amotinamiento sepa que la ley estar\u00e1 all\u00ed para sancionarlo\u201d, se\u00f1al\u00f3 C\u00e9spedes.<br \/>\nDesde la oposici\u00f3n, el diputado Betto Astorga denunci\u00f3 que estos proyectos de ley buscan sustentar la teor\u00eda del supuesto golpe de Estado que se pregona desde el Gobierno, por lo que no se puede permitir que estas iniciativas logren ser aprobadas por el Legislativo.<br \/>\n\u201cEste proyecto de ley va casado a la mentira del supuesto Golpe de Estado, lo que quiere el actual Gobierno es sentar la mano a la gente que ha participado en las protestas de 2019, a los polic\u00edas que se han acuartelado en esa ocasi\u00f3n y sin duda eso no lo vamos a permitir\u201d, refiri\u00f3.<br \/>\nPrecis\u00f3 que estos intentos buscan perseguir no solo a la expresidenta, o a l\u00edderes de oposici\u00f3n, sino que ahora se intenta perseguir tambi\u00e9n a los polic\u00edas.<\/p>\n","protected":false},"excerpt":{"rendered":"<p>Se\u00f1alando que existe la necesidad de evitar que se vuelva a interrumpir el orden constitucional en el pa\u00eds, el diputado por el Movimiento al Socialismo (MAS) Anyelo C\u00e9spedes anunci\u00f3 la presentaci\u00f3n de un proyecto de ley para modificar los reglamentos disciplinarios de la Polic\u00eda Boliviana y de esta forma sancionar a efectivos que participen en [&hellip;]<\/p>\n","protected":false},"author":1,"featured_media":3820,"comment_status":"closed","ping_status":"closed","sticky":false,"template":"","format":"standard","meta":{"_acf_changed":false,"footnotes":""},"categories":[14],"tags":[],"class_list":["post-3819","post","type-post","status-publish","format-standard","has-post-thumbnail","category-politica"],"acf":{"antetitulo":""},"yoast_head":"<!-- This site is optimized with the Yoast SEO plugin v28.4 - https:\/\/yoast.com\/product\/yoast-seo-wordpress\/ -->\n<title>Oficialismo plantea proyecto de ley para sancionar a motines - El Diario - Bolivia<\/title>\n<meta name=\"robots\" content=\"index, follow, max-snippet:-1, max-image-preview:large, max-video-preview:-1\" \/>\n<link rel=\"canonical\" href=\"https:\/\/www.eldiario.net\/portal\/2021\/05\/14\/oficialismo-plantea-proyecto-de-ley-para-sancionar-a-motines\/\" \/>\n<meta property=\"og:locale\" content=\"es_ES\" \/>\n<meta property=\"og:type\" content=\"article\" \/>\n<meta property=\"og:title\" content=\"Oficialismo plantea proyecto de ley para sancionar a motines - El Diario - Bolivia\" \/>\n<meta property=\"og:description\" content=\"Se\u00f1alando que existe la necesidad de evitar que se vuelva a interrumpir el orden constitucional en el pa\u00eds, el diputado por el Movimiento al Socialismo (MAS) Anyelo C\u00e9spedes anunci\u00f3 la presentaci\u00f3n de un proyecto de ley para modificar los reglamentos disciplinarios de la Polic\u00eda Boliviana y de esta forma sancionar a efectivos que participen en [&hellip;]\" \/>\n<meta property=\"og:url\" content=\"https:\/\/www.eldiario.net\/portal\/2021\/05\/14\/oficialismo-plantea-proyecto-de-ley-para-sancionar-a-motines\/\" \/>\n<meta property=\"og:site_name\" content=\"El Diario - Bolivia\" \/>\n<meta property=\"article:publisher\" content=\"https:\/\/www.facebook.com\/eldiario.bolivia\/\" \/>\n<meta property=\"article:published_time\" content=\"2021-05-14T10:49:36+00:00\" \/>\n<meta name=\"author\" content=\"Jeanette\" \/>\n<meta name=\"twitter:card\" content=\"summary_large_image\" \/>\n<meta name=\"twitter:creator\" content=\"@eldiario_net\" \/>\n<meta name=\"twitter:site\" content=\"@eldiario_net\" \/>\n<meta name=\"twitter:label1\" content=\"Escrito por\" \/>\n\t<meta name=\"twitter:data1\" content=\"Jeanette\" \/>\n\t<meta name=\"twitter:label2\" content=\"Tiempo de lectura\" \/>\n\t<meta name=\"twitter:data2\" content=\"2 minutos\" \/>\n<script type=\"application\/ld+json\" class=\"yoast-schema-graph\">{\"@context\":\"https:\\\/\\\/schema.org\",\"@graph\":[{\"@type\":\"Article\",\"@id\":\"https:\\\/\\\/www.eldiario.net\\\/portal\\\/2021\\\/05\\\/14\\\/oficialismo-plantea-proyecto-de-ley-para-sancionar-a-motines\\\/#article\",\"isPartOf\":{\"@id\":\"https:\\\/\\\/www.eldiario.net\\\/portal\\\/2021\\\/05\\\/14\\\/oficialismo-plantea-proyecto-de-ley-para-sancionar-a-motines\\\/\"},\"author\":{\"name\":\"Jeanette\",\"@id\":\"https:\\\/\\\/www.eldiario.net\\\/portal\\\/#\\\/schema\\\/person\\\/f46445640444750d7d753ccd04ae01b7\"},\"headline\":\"Oficialismo plantea proyecto de ley para sancionar a motines\",\"datePublished\":\"2021-05-14T10:49:36+00:00\",\"mainEntityOfPage\":{\"@id\":\"https:\\\/\\\/www.eldiario.net\\\/portal\\\/2021\\\/05\\\/14\\\/oficialismo-plantea-proyecto-de-ley-para-sancionar-a-motines\\\/\"},\"wordCount\":463,\"publisher\":{\"@id\":\"https:\\\/\\\/www.eldiario.net\\\/portal\\\/#organization\"},\"image\":{\"@id\":\"https:\\\/\\\/www.eldiario.net\\\/portal\\\/2021\\\/05\\\/14\\\/oficialismo-plantea-proyecto-de-ley-para-sancionar-a-motines\\\/#primaryimage\"},\"thumbnailUrl\":\"\",\"articleSection\":[\"Pol\u00edtica\"],\"inLanguage\":\"es\"},{\"@type\":\"WebPage\",\"@id\":\"https:\\\/\\\/www.eldiario.net\\\/portal\\\/2021\\\/05\\\/14\\\/oficialismo-plantea-proyecto-de-ley-para-sancionar-a-motines\\\/\",\"url\":\"https:\\\/\\\/www.eldiario.net\\\/portal\\\/2021\\\/05\\\/14\\\/oficialismo-plantea-proyecto-de-ley-para-sancionar-a-motines\\\/\",\"name\":\"Oficialismo plantea proyecto de ley para sancionar a motines - El Diario - Bolivia\",\"isPartOf\":{\"@id\":\"https:\\\/\\\/www.eldiario.net\\\/portal\\\/#website\"},\"primaryImageOfPage\":{\"@id\":\"https:\\\/\\\/www.eldiario.net\\\/portal\\\/2021\\\/05\\\/14\\\/oficialismo-plantea-proyecto-de-ley-para-sancionar-a-motines\\\/#primaryimage\"},\"image\":{\"@id\":\"https:\\\/\\\/www.eldiario.net\\\/portal\\\/2021\\\/05\\\/14\\\/oficialismo-plantea-proyecto-de-ley-para-sancionar-a-motines\\\/#primaryimage\"},\"thumbnailUrl\":\"\",\"datePublished\":\"2021-05-14T10:49:36+00:00\",\"breadcrumb\":{\"@id\":\"https:\\\/\\\/www.eldiario.net\\\/portal\\\/2021\\\/05\\\/14\\\/oficialismo-plantea-proyecto-de-ley-para-sancionar-a-motines\\\/#breadcrumb\"},\"inLanguage\":\"es\",\"potentialAction\":[{\"@type\":\"ReadAction\",\"target\":[\"https:\\\/\\\/www.eldiario.net\\\/portal\\\/2021\\\/05\\\/14\\\/oficialismo-plantea-proyecto-de-ley-para-sancionar-a-motines\\\/\"]}]},{\"@type\":\"ImageObject\",\"inLanguage\":\"es\",\"@id\":\"https:\\\/\\\/www.eldiario.net\\\/portal\\\/2021\\\/05\\\/14\\\/oficialismo-plantea-proyecto-de-ley-para-sancionar-a-motines\\\/#primaryimage\",\"url\":\"\",\"contentUrl\":\"\"},{\"@type\":\"BreadcrumbList\",\"@id\":\"https:\\\/\\\/www.eldiario.net\\\/portal\\\/2021\\\/05\\\/14\\\/oficialismo-plantea-proyecto-de-ley-para-sancionar-a-motines\\\/#breadcrumb\",\"itemListElement\":[{\"@type\":\"ListItem\",\"position\":1,\"name\":\"Portada\",\"item\":\"https:\\\/\\\/www.eldiario.net\\\/portal\\\/\"},{\"@type\":\"ListItem\",\"position\":2,\"name\":\"Oficialismo plantea proyecto de ley para sancionar a motines\"}]},{\"@type\":\"WebSite\",\"@id\":\"https:\\\/\\\/www.eldiario.net\\\/portal\\\/#website\",\"url\":\"https:\\\/\\\/www.eldiario.net\\\/portal\\\/\",\"name\":\"El Diario - Decano de la prensa nacional\",\"description\":\"El Diario - Decano de la prensa nacional\",\"publisher\":{\"@id\":\"https:\\\/\\\/www.eldiario.net\\\/portal\\\/#organization\"},\"potentialAction\":[{\"@type\":\"SearchAction\",\"target\":{\"@type\":\"EntryPoint\",\"urlTemplate\":\"https:\\\/\\\/www.eldiario.net\\\/portal\\\/?s={search_term_string}\"},\"query-input\":{\"@type\":\"PropertyValueSpecification\",\"valueRequired\":true,\"valueName\":\"search_term_string\"}}],\"inLanguage\":\"es\"},{\"@type\":\"Organization\",\"@id\":\"https:\\\/\\\/www.eldiario.net\\\/portal\\\/#organization\",\"name\":\"El Diario - Decano de la prensa nacional\",\"url\":\"https:\\\/\\\/www.eldiario.net\\\/portal\\\/\",\"logo\":{\"@type\":\"ImageObject\",\"inLanguage\":\"es\",\"@id\":\"https:\\\/\\\/www.eldiario.net\\\/portal\\\/#\\\/schema\\\/logo\\\/image\\\/\",\"url\":\"https:\\\/\\\/www.eldiario.net\\\/portal\\\/wp-content\\\/uploads\\\/2023\\\/07\\\/logo_ED.jpg\",\"contentUrl\":\"https:\\\/\\\/www.eldiario.net\\\/portal\\\/wp-content\\\/uploads\\\/2023\\\/07\\\/logo_ED.jpg\",\"width\":272,\"height\":52,\"caption\":\"El Diario - Decano de la prensa nacional\"},\"image\":{\"@id\":\"https:\\\/\\\/www.eldiario.net\\\/portal\\\/#\\\/schema\\\/logo\\\/image\\\/\"},\"sameAs\":[\"https:\\\/\\\/www.facebook.com\\\/eldiario.bolivia\\\/\",\"https:\\\/\\\/x.com\\\/eldiario_net\"]},{\"@type\":\"Person\",\"@id\":\"https:\\\/\\\/www.eldiario.net\\\/portal\\\/#\\\/schema\\\/person\\\/f46445640444750d7d753ccd04ae01b7\",\"name\":\"Jeanette\",\"image\":{\"@type\":\"ImageObject\",\"inLanguage\":\"es\",\"@id\":\"https:\\\/\\\/secure.gravatar.com\\\/avatar\\\/3ea2118a5f7dad2b7138b1187a6b7ee55f160b9968b66013c3a3ef39dd7e5798?s=96&d=mm&r=g\",\"url\":\"https:\\\/\\\/secure.gravatar.com\\\/avatar\\\/3ea2118a5f7dad2b7138b1187a6b7ee55f160b9968b66013c3a3ef39dd7e5798?s=96&d=mm&r=g\",\"contentUrl\":\"https:\\\/\\\/secure.gravatar.com\\\/avatar\\\/3ea2118a5f7dad2b7138b1187a6b7ee55f160b9968b66013c3a3ef39dd7e5798?s=96&d=mm&r=g\",\"caption\":\"Jeanette\"},\"sameAs\":[\"https:\\\/\\\/www.eldiario.net\\\/portal\"],\"url\":\"https:\\\/\\\/www.eldiario.net\\\/portal\\\/author\\\/jeanette\\\/\"}]}<\/script>\n<!-- \/ Yoast SEO plugin. -->","yoast_head_json":{"title":"Oficialismo plantea proyecto de ley para sancionar a motines - El Diario - Bolivia","robots":{"index":"index","follow":"follow","max-snippet":"max-snippet:-1","max-image-preview":"max-image-preview:large","max-video-preview":"max-video-preview:-1"},"canonical":"https:\/\/www.eldiario.net\/portal\/2021\/05\/14\/oficialismo-plantea-proyecto-de-ley-para-sancionar-a-motines\/","og_locale":"es_ES","og_type":"article","og_title":"Oficialismo plantea proyecto de ley para sancionar a motines - El Diario - Bolivia","og_description":"Se\u00f1alando que existe la necesidad de evitar que se vuelva a interrumpir el orden constitucional en el pa\u00eds, el diputado por el Movimiento al Socialismo (MAS) Anyelo C\u00e9spedes anunci\u00f3 la presentaci\u00f3n de un proyecto de ley para modificar los reglamentos disciplinarios de la Polic\u00eda Boliviana y de esta forma sancionar a efectivos que participen en [&hellip;]","og_url":"https:\/\/www.eldiario.net\/portal\/2021\/05\/14\/oficialismo-plantea-proyecto-de-ley-para-sancionar-a-motines\/","og_site_name":"El Diario - Bolivia","article_publisher":"https:\/\/www.facebook.com\/eldiario.bolivia\/","article_published_time":"2021-05-14T10:49:36+00:00","author":"Jeanette","twitter_card":"summary_large_image","twitter_creator":"@eldiario_net","twitter_site":"@eldiario_net","twitter_misc":{"Escrito por":"Jeanette","Tiempo de lectura":"2 minutos"},"schema":{"@context":"https:\/\/schema.org","@graph":[{"@type":"Article","@id":"https:\/\/www.eldiario.net\/portal\/2021\/05\/14\/oficialismo-plantea-proyecto-de-ley-para-sancionar-a-motines\/#article","isPartOf":{"@id":"https:\/\/www.eldiario.net\/portal\/2021\/05\/14\/oficialismo-plantea-proyecto-de-ley-para-sancionar-a-motines\/"},"author":{"name":"Jeanette","@id":"https:\/\/www.eldiario.net\/portal\/#\/schema\/person\/f46445640444750d7d753ccd04ae01b7"},"headline":"Oficialismo plantea proyecto de ley para sancionar a motines","datePublished":"2021-05-14T10:49:36+00:00","mainEntityOfPage":{"@id":"https:\/\/www.eldiario.net\/portal\/2021\/05\/14\/oficialismo-plantea-proyecto-de-ley-para-sancionar-a-motines\/"},"wordCount":463,"publisher":{"@id":"https:\/\/www.eldiario.net\/portal\/#organization"},"image":{"@id":"https:\/\/www.eldiario.net\/portal\/2021\/05\/14\/oficialismo-plantea-proyecto-de-ley-para-sancionar-a-motines\/#primaryimage"},"thumbnailUrl":"","articleSection":["Pol\u00edtica"],"inLanguage":"es"},{"@type":"WebPage","@id":"https:\/\/www.eldiario.net\/portal\/2021\/05\/14\/oficialismo-plantea-proyecto-de-ley-para-sancionar-a-motines\/","url":"https:\/\/www.eldiario.net\/portal\/2021\/05\/14\/oficialismo-plantea-proyecto-de-ley-para-sancionar-a-motines\/","name":"Oficialismo plantea proyecto de ley para sancionar a motines - El Diario - Bolivia","isPartOf":{"@id":"https:\/\/www.eldiario.net\/portal\/#website"},"primaryImageOfPage":{"@id":"https:\/\/www.eldiario.net\/portal\/2021\/05\/14\/oficialismo-plantea-proyecto-de-ley-para-sancionar-a-motines\/#primaryimage"},"image":{"@id":"https:\/\/www.eldiario.net\/portal\/2021\/05\/14\/oficialismo-plantea-proyecto-de-ley-para-sancionar-a-motines\/#primaryimage"},"thumbnailUrl":"","datePublished":"2021-05-14T10:49:36+00:00","breadcrumb":{"@id":"https:\/\/www.eldiario.net\/portal\/2021\/05\/14\/oficialismo-plantea-proyecto-de-ley-para-sancionar-a-motines\/#breadcrumb"},"inLanguage":"es","potentialAction":[{"@type":"ReadAction","target":["https:\/\/www.eldiario.net\/portal\/2021\/05\/14\/oficialismo-plantea-proyecto-de-ley-para-sancionar-a-motines\/"]}]},{"@type":"ImageObject","inLanguage":"es","@id":"https:\/\/www.eldiario.net\/portal\/2021\/05\/14\/oficialismo-plantea-proyecto-de-ley-para-sancionar-a-motines\/#primaryimage","url":"","contentUrl":""},{"@type":"BreadcrumbList","@id":"https:\/\/www.eldiario.net\/portal\/2021\/05\/14\/oficialismo-plantea-proyecto-de-ley-para-sancionar-a-motines\/#breadcrumb","itemListElement":[{"@type":"ListItem","position":1,"name":"Portada","item":"https:\/\/www.eldiario.net\/portal\/"},{"@type":"ListItem","position":2,"name":"Oficialismo plantea proyecto de ley para sancionar a motines"}]},{"@type":"WebSite","@id":"https:\/\/www.eldiario.net\/portal\/#website","url":"https:\/\/www.eldiario.net\/portal\/","name":"El Diario - Decano de la prensa nacional","description":"El Diario - Decano de la prensa nacional","publisher":{"@id":"https:\/\/www.eldiario.net\/portal\/#organization"},"potentialAction":[{"@type":"SearchAction","target":{"@type":"EntryPoint","urlTemplate":"https:\/\/www.eldiario.net\/portal\/?s={search_term_string}"},"query-input":{"@type":"PropertyValueSpecification","valueRequired":true,"valueName":"search_term_string"}}],"inLanguage":"es"},{"@type":"Organization","@id":"https:\/\/www.eldiario.net\/portal\/#organization","name":"El Diario - Decano de la prensa nacional","url":"https:\/\/www.eldiario.net\/portal\/","logo":{"@type":"ImageObject","inLanguage":"es","@id":"https:\/\/www.eldiario.net\/portal\/#\/schema\/logo\/image\/","url":"https:\/\/www.eldiario.net\/portal\/wp-content\/uploads\/2023\/07\/logo_ED.jpg","contentUrl":"https:\/\/www.eldiario.net\/portal\/wp-content\/uploads\/2023\/07\/logo_ED.jpg","width":272,"height":52,"caption":"El Diario - Decano de la prensa nacional"},"image":{"@id":"https:\/\/www.eldiario.net\/portal\/#\/schema\/logo\/image\/"},"sameAs":["https:\/\/www.facebook.com\/eldiario.bolivia\/","https:\/\/x.com\/eldiario_net"]},{"@type":"Person","@id":"https:\/\/www.eldiario.net\/portal\/#\/schema\/person\/f46445640444750d7d753ccd04ae01b7","name":"Jeanette","image":{"@type":"ImageObject","inLanguage":"es","@id":"https:\/\/secure.gravatar.com\/avatar\/3ea2118a5f7dad2b7138b1187a6b7ee55f160b9968b66013c3a3ef39dd7e5798?s=96&d=mm&r=g","url":"https:\/\/secure.gravatar.com\/avatar\/3ea2118a5f7dad2b7138b1187a6b7ee55f160b9968b66013c3a3ef39dd7e5798?s=96&d=mm&r=g","contentUrl":"https:\/\/secure.gravatar.com\/avatar\/3ea2118a5f7dad2b7138b1187a6b7ee55f160b9968b66013c3a3ef39dd7e5798?s=96&d=mm&r=g","caption":"Jeanette"},"sameAs":["https:\/\/www.eldiario.net\/portal"],"url":"https:\/\/www.eldiario.net\/portal\/author\/jeanette\/"}]}},"_links":{"self":[{"href":"https:\/\/www.eldiario.net\/portal\/wp-json\/wp\/v2\/posts\/3819","targetHints":{"allow":["GET"]}}],"collection":[{"href":"https:\/\/www.eldiario.net\/portal\/wp-json\/wp\/v2\/posts"}],"about":[{"href":"https:\/\/www.eldiario.net\/portal\/wp-json\/wp\/v2\/types\/post"}],"author":[{"embeddable":true,"href":"https:\/\/www.eldiario.net\/portal\/wp-json\/wp\/v2\/users\/1"}],"replies":[{"embeddable":true,"href":"https:\/\/www.eldiario.net\/portal\/wp-json\/wp\/v2\/comments?post=3819"}],"version-history":[{"count":0,"href":"https:\/\/www.eldiario.net\/portal\/wp-json\/wp\/v2\/posts\/3819\/revisions"}],"wp:attachment":[{"href":"https:\/\/www.eldiario.net\/portal\/wp-json\/wp\/v2\/media?parent=3819"}],"wp:term":[{"taxonomy":"category","embeddable":true,"href":"https:\/\/www.eldiario.net\/portal\/wp-json\/wp\/v2\/categories?post=3819"},{"taxonomy":"post_tag","embeddable":true,"href":"https:\/\/www.eldiario.net\/portal\/wp-json\/wp\/v2\/tags?post=3819"}],"curies":[{"name":"wp","href":"https:\/\/api.w.org\/{rel}","templated":true}]}}