{"id":3817,"date":"2021-05-14T06:48:32","date_gmt":"2021-05-14T10:48:32","guid":{"rendered":"https:\/\/www.eldiario.net\/portal\/?p=3817"},"modified":"2021-05-14T06:48:32","modified_gmt":"2021-05-14T10:48:32","slug":"presidente-arce-reinicia-programa-de-vacunacion","status":"publish","type":"post","link":"https:\/\/www.eldiario.net\/portal\/2021\/05\/14\/presidente-arce-reinicia-programa-de-vacunacion\/","title":{"rendered":"Presidente Arce reinicia  programa de vacunaci\u00f3n"},"content":{"rendered":"<p>Con la finalidad de inmunizar a la poblaci\u00f3n mayor a 50 a\u00f1os, adem\u00e1s de periodistas y trabajadores de la prensa, el presidente Constitucional del Estado, Luis Arce Catacora, reinici\u00f3 el programa piloto de vacunaci\u00f3n masiva en todo el pa\u00eds y cuestion\u00f3 que no exista equidad en la distribuci\u00f3n de vacunas anticovid a nivel mundial.<br \/>\nTras la llegada de nuevos lotes de vacunas de procedencia china y rusa, el Gobierno nacional reinici\u00f3 el programa de vacunaci\u00f3n para la poblaci\u00f3n, de esta manera se procedi\u00f3 con la inmunizaci\u00f3n de personas comprendidas entre los 50 y 59 a\u00f1os, adem\u00e1s de mayores de 60 que no accedieron a la vacuna en d\u00edas atr\u00e1s.<br \/>\nEn la ocasi\u00f3n, el primer mandatario se dirigi\u00f3 a los periodistas e indic\u00f3 que se est\u00e1 cumpliendo con el compromiso asumido el pasado lunes por el D\u00eda del Periodista Boliviano, en el que se anunci\u00f3 la inmunizaci\u00f3n de todos los trabajadores de la prensa por estar en primera l\u00ednea informando a la poblaci\u00f3n.<br \/>\n\u201cEstamos cumpliendo una vez m\u00e1s la palabra empe\u00f1ada, hab\u00edamos dicho el pasado lunes a nuestros hermanos de la prensa que \u00edbamos a vacunarlos a todos aquellos que est\u00e1n expuestos d\u00eda a d\u00eda en las calles, recogiendo las noticias para difundirlas, y tambi\u00e9n cumplimos la palabra con ustedes\u201d, manifest\u00f3.<br \/>\nCon relaci\u00f3n a la demanda de vacunas, Arce reproch\u00f3 las desigualdades y la falta de solidaridad a nivel internacional por parte de los due\u00f1os de las patentes para la producci\u00f3n de estos f\u00e1rmacos.<br \/>\n\u201cPor eso hemos pedido a nivel internacional que se liberen las patentes, que nosotros podamos producir las vacunas y vacunarnos nosotros mismos, produciendo con esa f\u00f3rmula que se ha encontrado en la investigaci\u00f3n. Eso es intercambio de tecnolog\u00eda, eso hemos pedido a los pa\u00edses que han encontrado una f\u00f3rmula\u201d, dijo.<br \/>\nPor su parte, el ministro de Salud, Jeyson Auza, destac\u00f3 el avance en la inmunizaci\u00f3n de la poblaci\u00f3n pese a todas las dificultades para la adquisici\u00f3n de las dosis a nivel internacional.<br \/>\n\u201cDesde el 29 de enero no hemos parado un solo d\u00eda. El impulso que se le da, la prioridad que se da a la salud hace que se logre los primeros pasos en beneficio y precautelando la vida de la poblaci\u00f3n\u201d, manifest\u00f3.<br \/>\nEn el caso de la ciudad de La Paz, los puntos de vacunaci\u00f3n habilitados a los que la poblaci\u00f3n puede acudir para ser inmunizados est\u00e1n ubicados en la Escuela Militar de Ingenier\u00eda en Irpavi, Campus Universitario de Cota Cota, Academia Nacional de Polic\u00edas, Hospital Metodista, Facultad de Medicina, Escuela Nacional de Salud P\u00fablica, Hospital Arco Iris, el coliseo del Instituto Americano y el Hospital Juan XXIII.<\/p>\n","protected":false},"excerpt":{"rendered":"<p>Con la finalidad de inmunizar a la poblaci\u00f3n mayor a 50 a\u00f1os, adem\u00e1s de periodistas y trabajadores de la prensa, el presidente Constitucional del Estado, Luis Arce Catacora, reinici\u00f3 el programa piloto de vacunaci\u00f3n masiva en todo el pa\u00eds y cuestion\u00f3 que no exista equidad en la distribuci\u00f3n de vacunas anticovid a nivel mundial. Tras [&hellip;]<\/p>\n","protected":false},"author":1,"featured_media":0,"comment_status":"closed","ping_status":"closed","sticky":false,"template":"","format":"standard","meta":{"_acf_changed":false,"footnotes":""},"categories":[14],"tags":[],"class_list":["post-3817","post","type-post","status-publish","format-standard","category-politica"],"acf":{"antetitulo":""},"yoast_head":"<!-- This site is optimized with the Yoast SEO plugin v28.4 - https:\/\/yoast.com\/product\/yoast-seo-wordpress\/ -->\n<title>Presidente Arce reinicia programa de vacunaci\u00f3n - El Diario - Bolivia<\/title>\n<meta name=\"robots\" content=\"index, follow, max-snippet:-1, max-image-preview:large, max-video-preview:-1\" \/>\n<link rel=\"canonical\" href=\"https:\/\/www.eldiario.net\/portal\/2021\/05\/14\/presidente-arce-reinicia-programa-de-vacunacion\/\" \/>\n<meta property=\"og:locale\" content=\"es_ES\" \/>\n<meta property=\"og:type\" content=\"article\" \/>\n<meta property=\"og:title\" content=\"Presidente Arce reinicia programa de vacunaci\u00f3n - El Diario - Bolivia\" \/>\n<meta property=\"og:description\" content=\"Con la finalidad de inmunizar a la poblaci\u00f3n mayor a 50 a\u00f1os, adem\u00e1s de periodistas y trabajadores de la prensa, el presidente Constitucional del Estado, Luis Arce Catacora, reinici\u00f3 el programa piloto de vacunaci\u00f3n masiva en todo el pa\u00eds y cuestion\u00f3 que no exista equidad en la distribuci\u00f3n de vacunas anticovid a nivel mundial. Tras [&hellip;]\" \/>\n<meta property=\"og:url\" content=\"https:\/\/www.eldiario.net\/portal\/2021\/05\/14\/presidente-arce-reinicia-programa-de-vacunacion\/\" \/>\n<meta property=\"og:site_name\" content=\"El Diario - Bolivia\" \/>\n<meta property=\"article:publisher\" content=\"https:\/\/www.facebook.com\/eldiario.bolivia\/\" \/>\n<meta property=\"article:published_time\" content=\"2021-05-14T10:48:32+00:00\" \/>\n<meta name=\"author\" content=\"Jeanette\" \/>\n<meta name=\"twitter:card\" content=\"summary_large_image\" \/>\n<meta name=\"twitter:creator\" content=\"@eldiario_net\" \/>\n<meta name=\"twitter:site\" content=\"@eldiario_net\" \/>\n<meta name=\"twitter:label1\" content=\"Escrito por\" \/>\n\t<meta name=\"twitter:data1\" content=\"Jeanette\" \/>\n\t<meta name=\"twitter:label2\" content=\"Tiempo de lectura\" \/>\n\t<meta name=\"twitter:data2\" content=\"2 minutos\" \/>\n<script type=\"application\/ld+json\" class=\"yoast-schema-graph\">{\"@context\":\"https:\\\/\\\/schema.org\",\"@graph\":[{\"@type\":\"Article\",\"@id\":\"https:\\\/\\\/www.eldiario.net\\\/portal\\\/2021\\\/05\\\/14\\\/presidente-arce-reinicia-programa-de-vacunacion\\\/#article\",\"isPartOf\":{\"@id\":\"https:\\\/\\\/www.eldiario.net\\\/portal\\\/2021\\\/05\\\/14\\\/presidente-arce-reinicia-programa-de-vacunacion\\\/\"},\"author\":{\"name\":\"Jeanette\",\"@id\":\"https:\\\/\\\/www.eldiario.net\\\/portal\\\/#\\\/schema\\\/person\\\/f46445640444750d7d753ccd04ae01b7\"},\"headline\":\"Presidente Arce reinicia programa de vacunaci\u00f3n\",\"datePublished\":\"2021-05-14T10:48:32+00:00\",\"mainEntityOfPage\":{\"@id\":\"https:\\\/\\\/www.eldiario.net\\\/portal\\\/2021\\\/05\\\/14\\\/presidente-arce-reinicia-programa-de-vacunacion\\\/\"},\"wordCount\":480,\"publisher\":{\"@id\":\"https:\\\/\\\/www.eldiario.net\\\/portal\\\/#organization\"},\"articleSection\":[\"Pol\u00edtica\"],\"inLanguage\":\"es\"},{\"@type\":\"WebPage\",\"@id\":\"https:\\\/\\\/www.eldiario.net\\\/portal\\\/2021\\\/05\\\/14\\\/presidente-arce-reinicia-programa-de-vacunacion\\\/\",\"url\":\"https:\\\/\\\/www.eldiario.net\\\/portal\\\/2021\\\/05\\\/14\\\/presidente-arce-reinicia-programa-de-vacunacion\\\/\",\"name\":\"Presidente Arce reinicia programa de vacunaci\u00f3n - El Diario - Bolivia\",\"isPartOf\":{\"@id\":\"https:\\\/\\\/www.eldiario.net\\\/portal\\\/#website\"},\"datePublished\":\"2021-05-14T10:48:32+00:00\",\"breadcrumb\":{\"@id\":\"https:\\\/\\\/www.eldiario.net\\\/portal\\\/2021\\\/05\\\/14\\\/presidente-arce-reinicia-programa-de-vacunacion\\\/#breadcrumb\"},\"inLanguage\":\"es\",\"potentialAction\":[{\"@type\":\"ReadAction\",\"target\":[\"https:\\\/\\\/www.eldiario.net\\\/portal\\\/2021\\\/05\\\/14\\\/presidente-arce-reinicia-programa-de-vacunacion\\\/\"]}]},{\"@type\":\"BreadcrumbList\",\"@id\":\"https:\\\/\\\/www.eldiario.net\\\/portal\\\/2021\\\/05\\\/14\\\/presidente-arce-reinicia-programa-de-vacunacion\\\/#breadcrumb\",\"itemListElement\":[{\"@type\":\"ListItem\",\"position\":1,\"name\":\"Portada\",\"item\":\"https:\\\/\\\/www.eldiario.net\\\/portal\\\/\"},{\"@type\":\"ListItem\",\"position\":2,\"name\":\"Presidente Arce reinicia programa de vacunaci\u00f3n\"}]},{\"@type\":\"WebSite\",\"@id\":\"https:\\\/\\\/www.eldiario.net\\\/portal\\\/#website\",\"url\":\"https:\\\/\\\/www.eldiario.net\\\/portal\\\/\",\"name\":\"El Diario - Decano de la prensa nacional\",\"description\":\"El Diario - Decano de la prensa nacional\",\"publisher\":{\"@id\":\"https:\\\/\\\/www.eldiario.net\\\/portal\\\/#organization\"},\"potentialAction\":[{\"@type\":\"SearchAction\",\"target\":{\"@type\":\"EntryPoint\",\"urlTemplate\":\"https:\\\/\\\/www.eldiario.net\\\/portal\\\/?s={search_term_string}\"},\"query-input\":{\"@type\":\"PropertyValueSpecification\",\"valueRequired\":true,\"valueName\":\"search_term_string\"}}],\"inLanguage\":\"es\"},{\"@type\":\"Organization\",\"@id\":\"https:\\\/\\\/www.eldiario.net\\\/portal\\\/#organization\",\"name\":\"El Diario - Decano de la prensa nacional\",\"url\":\"https:\\\/\\\/www.eldiario.net\\\/portal\\\/\",\"logo\":{\"@type\":\"ImageObject\",\"inLanguage\":\"es\",\"@id\":\"https:\\\/\\\/www.eldiario.net\\\/portal\\\/#\\\/schema\\\/logo\\\/image\\\/\",\"url\":\"https:\\\/\\\/www.eldiario.net\\\/portal\\\/wp-content\\\/uploads\\\/2023\\\/07\\\/logo_ED.jpg\",\"contentUrl\":\"https:\\\/\\\/www.eldiario.net\\\/portal\\\/wp-content\\\/uploads\\\/2023\\\/07\\\/logo_ED.jpg\",\"width\":272,\"height\":52,\"caption\":\"El Diario - Decano de la prensa nacional\"},\"image\":{\"@id\":\"https:\\\/\\\/www.eldiario.net\\\/portal\\\/#\\\/schema\\\/logo\\\/image\\\/\"},\"sameAs\":[\"https:\\\/\\\/www.facebook.com\\\/eldiario.bolivia\\\/\",\"https:\\\/\\\/x.com\\\/eldiario_net\"]},{\"@type\":\"Person\",\"@id\":\"https:\\\/\\\/www.eldiario.net\\\/portal\\\/#\\\/schema\\\/person\\\/f46445640444750d7d753ccd04ae01b7\",\"name\":\"Jeanette\",\"image\":{\"@type\":\"ImageObject\",\"inLanguage\":\"es\",\"@id\":\"https:\\\/\\\/secure.gravatar.com\\\/avatar\\\/3ea2118a5f7dad2b7138b1187a6b7ee55f160b9968b66013c3a3ef39dd7e5798?s=96&d=mm&r=g\",\"url\":\"https:\\\/\\\/secure.gravatar.com\\\/avatar\\\/3ea2118a5f7dad2b7138b1187a6b7ee55f160b9968b66013c3a3ef39dd7e5798?s=96&d=mm&r=g\",\"contentUrl\":\"https:\\\/\\\/secure.gravatar.com\\\/avatar\\\/3ea2118a5f7dad2b7138b1187a6b7ee55f160b9968b66013c3a3ef39dd7e5798?s=96&d=mm&r=g\",\"caption\":\"Jeanette\"},\"sameAs\":[\"https:\\\/\\\/www.eldiario.net\\\/portal\"],\"url\":\"https:\\\/\\\/www.eldiario.net\\\/portal\\\/author\\\/jeanette\\\/\"}]}<\/script>\n<!-- \/ Yoast SEO plugin. -->","yoast_head_json":{"title":"Presidente Arce reinicia programa de vacunaci\u00f3n - El Diario - Bolivia","robots":{"index":"index","follow":"follow","max-snippet":"max-snippet:-1","max-image-preview":"max-image-preview:large","max-video-preview":"max-video-preview:-1"},"canonical":"https:\/\/www.eldiario.net\/portal\/2021\/05\/14\/presidente-arce-reinicia-programa-de-vacunacion\/","og_locale":"es_ES","og_type":"article","og_title":"Presidente Arce reinicia programa de vacunaci\u00f3n - El Diario - Bolivia","og_description":"Con la finalidad de inmunizar a la poblaci\u00f3n mayor a 50 a\u00f1os, adem\u00e1s de periodistas y trabajadores de la prensa, el presidente Constitucional del Estado, Luis Arce Catacora, reinici\u00f3 el programa piloto de vacunaci\u00f3n masiva en todo el pa\u00eds y cuestion\u00f3 que no exista equidad en la distribuci\u00f3n de vacunas anticovid a nivel mundial. Tras [&hellip;]","og_url":"https:\/\/www.eldiario.net\/portal\/2021\/05\/14\/presidente-arce-reinicia-programa-de-vacunacion\/","og_site_name":"El Diario - Bolivia","article_publisher":"https:\/\/www.facebook.com\/eldiario.bolivia\/","article_published_time":"2021-05-14T10:48:32+00:00","author":"Jeanette","twitter_card":"summary_large_image","twitter_creator":"@eldiario_net","twitter_site":"@eldiario_net","twitter_misc":{"Escrito por":"Jeanette","Tiempo de lectura":"2 minutos"},"schema":{"@context":"https:\/\/schema.org","@graph":[{"@type":"Article","@id":"https:\/\/www.eldiario.net\/portal\/2021\/05\/14\/presidente-arce-reinicia-programa-de-vacunacion\/#article","isPartOf":{"@id":"https:\/\/www.eldiario.net\/portal\/2021\/05\/14\/presidente-arce-reinicia-programa-de-vacunacion\/"},"author":{"name":"Jeanette","@id":"https:\/\/www.eldiario.net\/portal\/#\/schema\/person\/f46445640444750d7d753ccd04ae01b7"},"headline":"Presidente Arce reinicia programa de vacunaci\u00f3n","datePublished":"2021-05-14T10:48:32+00:00","mainEntityOfPage":{"@id":"https:\/\/www.eldiario.net\/portal\/2021\/05\/14\/presidente-arce-reinicia-programa-de-vacunacion\/"},"wordCount":480,"publisher":{"@id":"https:\/\/www.eldiario.net\/portal\/#organization"},"articleSection":["Pol\u00edtica"],"inLanguage":"es"},{"@type":"WebPage","@id":"https:\/\/www.eldiario.net\/portal\/2021\/05\/14\/presidente-arce-reinicia-programa-de-vacunacion\/","url":"https:\/\/www.eldiario.net\/portal\/2021\/05\/14\/presidente-arce-reinicia-programa-de-vacunacion\/","name":"Presidente Arce reinicia programa de vacunaci\u00f3n - El Diario - Bolivia","isPartOf":{"@id":"https:\/\/www.eldiario.net\/portal\/#website"},"datePublished":"2021-05-14T10:48:32+00:00","breadcrumb":{"@id":"https:\/\/www.eldiario.net\/portal\/2021\/05\/14\/presidente-arce-reinicia-programa-de-vacunacion\/#breadcrumb"},"inLanguage":"es","potentialAction":[{"@type":"ReadAction","target":["https:\/\/www.eldiario.net\/portal\/2021\/05\/14\/presidente-arce-reinicia-programa-de-vacunacion\/"]}]},{"@type":"BreadcrumbList","@id":"https:\/\/www.eldiario.net\/portal\/2021\/05\/14\/presidente-arce-reinicia-programa-de-vacunacion\/#breadcrumb","itemListElement":[{"@type":"ListItem","position":1,"name":"Portada","item":"https:\/\/www.eldiario.net\/portal\/"},{"@type":"ListItem","position":2,"name":"Presidente Arce reinicia programa de vacunaci\u00f3n"}]},{"@type":"WebSite","@id":"https:\/\/www.eldiario.net\/portal\/#website","url":"https:\/\/www.eldiario.net\/portal\/","name":"El Diario - Decano de la prensa nacional","description":"El Diario - Decano de la prensa nacional","publisher":{"@id":"https:\/\/www.eldiario.net\/portal\/#organization"},"potentialAction":[{"@type":"SearchAction","target":{"@type":"EntryPoint","urlTemplate":"https:\/\/www.eldiario.net\/portal\/?s={search_term_string}"},"query-input":{"@type":"PropertyValueSpecification","valueRequired":true,"valueName":"search_term_string"}}],"inLanguage":"es"},{"@type":"Organization","@id":"https:\/\/www.eldiario.net\/portal\/#organization","name":"El Diario - Decano de la prensa nacional","url":"https:\/\/www.eldiario.net\/portal\/","logo":{"@type":"ImageObject","inLanguage":"es","@id":"https:\/\/www.eldiario.net\/portal\/#\/schema\/logo\/image\/","url":"https:\/\/www.eldiario.net\/portal\/wp-content\/uploads\/2023\/07\/logo_ED.jpg","contentUrl":"https:\/\/www.eldiario.net\/portal\/wp-content\/uploads\/2023\/07\/logo_ED.jpg","width":272,"height":52,"caption":"El Diario - Decano de la prensa nacional"},"image":{"@id":"https:\/\/www.eldiario.net\/portal\/#\/schema\/logo\/image\/"},"sameAs":["https:\/\/www.facebook.com\/eldiario.bolivia\/","https:\/\/x.com\/eldiario_net"]},{"@type":"Person","@id":"https:\/\/www.eldiario.net\/portal\/#\/schema\/person\/f46445640444750d7d753ccd04ae01b7","name":"Jeanette","image":{"@type":"ImageObject","inLanguage":"es","@id":"https:\/\/secure.gravatar.com\/avatar\/3ea2118a5f7dad2b7138b1187a6b7ee55f160b9968b66013c3a3ef39dd7e5798?s=96&d=mm&r=g","url":"https:\/\/secure.gravatar.com\/avatar\/3ea2118a5f7dad2b7138b1187a6b7ee55f160b9968b66013c3a3ef39dd7e5798?s=96&d=mm&r=g","contentUrl":"https:\/\/secure.gravatar.com\/avatar\/3ea2118a5f7dad2b7138b1187a6b7ee55f160b9968b66013c3a3ef39dd7e5798?s=96&d=mm&r=g","caption":"Jeanette"},"sameAs":["https:\/\/www.eldiario.net\/portal"],"url":"https:\/\/www.eldiario.net\/portal\/author\/jeanette\/"}]}},"_links":{"self":[{"href":"https:\/\/www.eldiario.net\/portal\/wp-json\/wp\/v2\/posts\/3817","targetHints":{"allow":["GET"]}}],"collection":[{"href":"https:\/\/www.eldiario.net\/portal\/wp-json\/wp\/v2\/posts"}],"about":[{"href":"https:\/\/www.eldiario.net\/portal\/wp-json\/wp\/v2\/types\/post"}],"author":[{"embeddable":true,"href":"https:\/\/www.eldiario.net\/portal\/wp-json\/wp\/v2\/users\/1"}],"replies":[{"embeddable":true,"href":"https:\/\/www.eldiario.net\/portal\/wp-json\/wp\/v2\/comments?post=3817"}],"version-history":[{"count":0,"href":"https:\/\/www.eldiario.net\/portal\/wp-json\/wp\/v2\/posts\/3817\/revisions"}],"wp:attachment":[{"href":"https:\/\/www.eldiario.net\/portal\/wp-json\/wp\/v2\/media?parent=3817"}],"wp:term":[{"taxonomy":"category","embeddable":true,"href":"https:\/\/www.eldiario.net\/portal\/wp-json\/wp\/v2\/categories?post=3817"},{"taxonomy":"post_tag","embeddable":true,"href":"https:\/\/www.eldiario.net\/portal\/wp-json\/wp\/v2\/tags?post=3817"}],"curies":[{"name":"wp","href":"https:\/\/api.w.org\/{rel}","templated":true}]}}