{"id":381477,"date":"2026-04-01T13:32:16","date_gmt":"2026-04-01T17:32:16","guid":{"rendered":"https:\/\/www.eldiario.net\/portal\/?p=381477"},"modified":"2026-04-01T13:32:16","modified_gmt":"2026-04-01T17:32:16","slug":"luis-revilla-sera-proclamado-gobernador-de-la-paz-tras-retiro-de-ngp-1332","status":"publish","type":"post","link":"https:\/\/www.eldiario.net\/portal\/2026\/04\/01\/luis-revilla-sera-proclamado-gobernador-de-la-paz-tras-retiro-de-ngp-1332\/","title":{"rendered":"Luis Revilla ser\u00e1 proclamado Gobernador de La Paz tras retiro de NGP (13:32)"},"content":{"rendered":"<p>La Sala Plena del Tribunal Supremo Electoral (TSE) acept\u00f3 la declinatoria de la organizaci\u00f3n Nueva Generaci\u00f3n Patri\u00f3tica (NGP), dejando fuera de la contienda a Ren\u00e9 Yahuasi. Con esta resoluci\u00f3n, Luis Antonio Revilla ser\u00e1 proclamado como el nuevo gobernador electo de La Paz.<\/p>\n<p data-path-to-node=\"2\">En un comunicado oficial, NGP justific\u00f3 su retiro acusando a Yahuasi de \u00abfalta de compromiso\u00bb y una \u00abruptura definitiva\u00bb tras intentos fallidos de coordinaci\u00f3n.<\/p>\n<p data-path-to-node=\"2\"><img loading=\"lazy\" decoding=\"async\" class=\"size-medium wp-image-381478 aligncenter\" src=\"https:\/\/www.eldiario.net\/portal\/wp-content\/uploads\/2026\/04\/npg-01.04.26-copia-243x300.webp\" alt=\"\" width=\"243\" height=\"300\" srcset=\"https:\/\/www.eldiario.net\/portal\/wp-content\/uploads\/2026\/04\/npg-01.04.26-copia-243x300.webp 243w, https:\/\/www.eldiario.net\/portal\/wp-content\/uploads\/2026\/04\/npg-01.04.26-copia-340x420.webp 340w, https:\/\/www.eldiario.net\/portal\/wp-content\/uploads\/2026\/04\/npg-01.04.26-copia-150x185.webp 150w, https:\/\/www.eldiario.net\/portal\/wp-content\/uploads\/2026\/04\/npg-01.04.26-copia-300x370.webp 300w, https:\/\/www.eldiario.net\/portal\/wp-content\/uploads\/2026\/04\/npg-01.04.26-copia-324x400.webp 324w, https:\/\/www.eldiario.net\/portal\/wp-content\/uploads\/2026\/04\/npg-01.04.26-copia.webp 500w\" sizes=\"auto, (max-width: 243px) 100vw, 243px\" \/><\/p>\n<p>El TSE aclar\u00f3 que, al retirarse el partido, el candidato pierde autom\u00e1ticamente su derecho a participar, aunque este a\u00fan podr\u00eda intentar impugnar la decisi\u00f3n.<\/p>\n<p data-path-to-node=\"3\">Las autoridades informaron que la medida se tom\u00f3 a tiempo, ya que a\u00fan no se hab\u00eda iniciado la impresi\u00f3n de papeletas para el balotaje del 19 de abril.<\/p>\n","protected":false},"excerpt":{"rendered":"<p>La Sala Plena del Tribunal Supremo Electoral (TSE) acept\u00f3 la declinatoria de la organizaci\u00f3n Nueva Generaci\u00f3n Patri\u00f3tica (NGP), dejando fuera de la contienda a Ren\u00e9 Yahuasi. Con esta resoluci\u00f3n, Luis Antonio Revilla ser\u00e1 proclamado como el nuevo gobernador electo de La Paz. En un comunicado oficial, NGP justific\u00f3 su retiro acusando a Yahuasi de \u00abfalta [&hellip;]<\/p>\n","protected":false},"author":7,"featured_media":381479,"comment_status":"closed","ping_status":"open","sticky":false,"template":"","format":"standard","meta":{"_acf_changed":false,"footnotes":""},"categories":[51],"tags":[],"class_list":["post-381477","post","type-post","status-publish","format-standard","has-post-thumbnail","category-ultima-hora"],"acf":{"antetitulo":""},"yoast_head":"<!-- This site is optimized with the Yoast SEO plugin v28.4 - https:\/\/yoast.com\/product\/yoast-seo-wordpress\/ -->\n<title>Luis Revilla ser\u00e1 proclamado Gobernador de La Paz tras retiro de NGP (13:32) - El Diario - Bolivia<\/title>\n<meta name=\"robots\" content=\"index, follow, max-snippet:-1, max-image-preview:large, max-video-preview:-1\" \/>\n<link rel=\"canonical\" href=\"https:\/\/www.eldiario.net\/portal\/2026\/04\/01\/luis-revilla-sera-proclamado-gobernador-de-la-paz-tras-retiro-de-ngp-1332\/\" \/>\n<meta property=\"og:locale\" content=\"es_ES\" \/>\n<meta property=\"og:type\" content=\"article\" \/>\n<meta property=\"og:title\" content=\"Luis Revilla ser\u00e1 proclamado Gobernador de La Paz tras retiro de NGP (13:32) - El Diario - Bolivia\" \/>\n<meta property=\"og:description\" content=\"La Sala Plena del Tribunal Supremo Electoral (TSE) acept\u00f3 la declinatoria de la organizaci\u00f3n Nueva Generaci\u00f3n Patri\u00f3tica (NGP), dejando fuera de la contienda a Ren\u00e9 Yahuasi. Con esta resoluci\u00f3n, Luis Antonio Revilla ser\u00e1 proclamado como el nuevo gobernador electo de La Paz. En un comunicado oficial, NGP justific\u00f3 su retiro acusando a Yahuasi de \u00abfalta [&hellip;]\" \/>\n<meta property=\"og:url\" content=\"https:\/\/www.eldiario.net\/portal\/2026\/04\/01\/luis-revilla-sera-proclamado-gobernador-de-la-paz-tras-retiro-de-ngp-1332\/\" \/>\n<meta property=\"og:site_name\" content=\"El Diario - Bolivia\" \/>\n<meta property=\"article:publisher\" content=\"https:\/\/www.facebook.com\/eldiario.bolivia\/\" \/>\n<meta property=\"article:published_time\" content=\"2026-04-01T17:32:16+00:00\" \/>\n<meta property=\"og:image\" content=\"https:\/\/www.eldiario.net\/portal\/wp-content\/uploads\/2026\/04\/revilla-01.04.26-copia.webp\" \/>\n\t<meta property=\"og:image:width\" content=\"550\" \/>\n\t<meta property=\"og:image:height\" content=\"564\" \/>\n\t<meta property=\"og:image:type\" content=\"image\/webp\" \/>\n<meta name=\"author\" content=\"Viviana Monrroy\" \/>\n<meta name=\"twitter:card\" content=\"summary_large_image\" \/>\n<meta name=\"twitter:creator\" content=\"@eldiario_net\" \/>\n<meta name=\"twitter:site\" content=\"@eldiario_net\" \/>\n<meta name=\"twitter:label1\" content=\"Escrito por\" \/>\n\t<meta name=\"twitter:data1\" content=\"Viviana Monrroy\" \/>\n\t<meta name=\"twitter:label2\" content=\"Tiempo de lectura\" \/>\n\t<meta name=\"twitter:data2\" content=\"1 minuto\" \/>\n<script type=\"application\/ld+json\" class=\"yoast-schema-graph\">{\"@context\":\"https:\\\/\\\/schema.org\",\"@graph\":[{\"@type\":\"Article\",\"@id\":\"https:\\\/\\\/www.eldiario.net\\\/portal\\\/2026\\\/04\\\/01\\\/luis-revilla-sera-proclamado-gobernador-de-la-paz-tras-retiro-de-ngp-1332\\\/#article\",\"isPartOf\":{\"@id\":\"https:\\\/\\\/www.eldiario.net\\\/portal\\\/2026\\\/04\\\/01\\\/luis-revilla-sera-proclamado-gobernador-de-la-paz-tras-retiro-de-ngp-1332\\\/\"},\"author\":{\"name\":\"Viviana Monrroy\",\"@id\":\"https:\\\/\\\/www.eldiario.net\\\/portal\\\/#\\\/schema\\\/person\\\/ba370d92d160f4d3574381f6d9b78fab\"},\"headline\":\"Luis Revilla ser\u00e1 proclamado Gobernador de La Paz tras retiro de NGP (13:32)\",\"datePublished\":\"2026-04-01T17:32:16+00:00\",\"mainEntityOfPage\":{\"@id\":\"https:\\\/\\\/www.eldiario.net\\\/portal\\\/2026\\\/04\\\/01\\\/luis-revilla-sera-proclamado-gobernador-de-la-paz-tras-retiro-de-ngp-1332\\\/\"},\"wordCount\":141,\"publisher\":{\"@id\":\"https:\\\/\\\/www.eldiario.net\\\/portal\\\/#organization\"},\"image\":{\"@id\":\"https:\\\/\\\/www.eldiario.net\\\/portal\\\/2026\\\/04\\\/01\\\/luis-revilla-sera-proclamado-gobernador-de-la-paz-tras-retiro-de-ngp-1332\\\/#primaryimage\"},\"thumbnailUrl\":\"https:\\\/\\\/www.eldiario.net\\\/portal\\\/wp-content\\\/uploads\\\/2026\\\/04\\\/revilla-01.04.26-copia.webp\",\"articleSection\":[\"\u00daltima Hora\"],\"inLanguage\":\"es\"},{\"@type\":\"WebPage\",\"@id\":\"https:\\\/\\\/www.eldiario.net\\\/portal\\\/2026\\\/04\\\/01\\\/luis-revilla-sera-proclamado-gobernador-de-la-paz-tras-retiro-de-ngp-1332\\\/\",\"url\":\"https:\\\/\\\/www.eldiario.net\\\/portal\\\/2026\\\/04\\\/01\\\/luis-revilla-sera-proclamado-gobernador-de-la-paz-tras-retiro-de-ngp-1332\\\/\",\"name\":\"Luis Revilla ser\u00e1 proclamado Gobernador de La Paz tras retiro de NGP (13:32) - El Diario - Bolivia\",\"isPartOf\":{\"@id\":\"https:\\\/\\\/www.eldiario.net\\\/portal\\\/#website\"},\"primaryImageOfPage\":{\"@id\":\"https:\\\/\\\/www.eldiario.net\\\/portal\\\/2026\\\/04\\\/01\\\/luis-revilla-sera-proclamado-gobernador-de-la-paz-tras-retiro-de-ngp-1332\\\/#primaryimage\"},\"image\":{\"@id\":\"https:\\\/\\\/www.eldiario.net\\\/portal\\\/2026\\\/04\\\/01\\\/luis-revilla-sera-proclamado-gobernador-de-la-paz-tras-retiro-de-ngp-1332\\\/#primaryimage\"},\"thumbnailUrl\":\"https:\\\/\\\/www.eldiario.net\\\/portal\\\/wp-content\\\/uploads\\\/2026\\\/04\\\/revilla-01.04.26-copia.webp\",\"datePublished\":\"2026-04-01T17:32:16+00:00\",\"breadcrumb\":{\"@id\":\"https:\\\/\\\/www.eldiario.net\\\/portal\\\/2026\\\/04\\\/01\\\/luis-revilla-sera-proclamado-gobernador-de-la-paz-tras-retiro-de-ngp-1332\\\/#breadcrumb\"},\"inLanguage\":\"es\",\"potentialAction\":[{\"@type\":\"ReadAction\",\"target\":[\"https:\\\/\\\/www.eldiario.net\\\/portal\\\/2026\\\/04\\\/01\\\/luis-revilla-sera-proclamado-gobernador-de-la-paz-tras-retiro-de-ngp-1332\\\/\"]}]},{\"@type\":\"ImageObject\",\"inLanguage\":\"es\",\"@id\":\"https:\\\/\\\/www.eldiario.net\\\/portal\\\/2026\\\/04\\\/01\\\/luis-revilla-sera-proclamado-gobernador-de-la-paz-tras-retiro-de-ngp-1332\\\/#primaryimage\",\"url\":\"https:\\\/\\\/www.eldiario.net\\\/portal\\\/wp-content\\\/uploads\\\/2026\\\/04\\\/revilla-01.04.26-copia.webp\",\"contentUrl\":\"https:\\\/\\\/www.eldiario.net\\\/portal\\\/wp-content\\\/uploads\\\/2026\\\/04\\\/revilla-01.04.26-copia.webp\",\"width\":550,\"height\":564,\"caption\":\"Foto: RR.SS.\"},{\"@type\":\"BreadcrumbList\",\"@id\":\"https:\\\/\\\/www.eldiario.net\\\/portal\\\/2026\\\/04\\\/01\\\/luis-revilla-sera-proclamado-gobernador-de-la-paz-tras-retiro-de-ngp-1332\\\/#breadcrumb\",\"itemListElement\":[{\"@type\":\"ListItem\",\"position\":1,\"name\":\"Portada\",\"item\":\"https:\\\/\\\/www.eldiario.net\\\/portal\\\/\"},{\"@type\":\"ListItem\",\"position\":2,\"name\":\"Luis Revilla ser\u00e1 proclamado Gobernador de La Paz tras retiro de NGP (13:32)\"}]},{\"@type\":\"WebSite\",\"@id\":\"https:\\\/\\\/www.eldiario.net\\\/portal\\\/#website\",\"url\":\"https:\\\/\\\/www.eldiario.net\\\/portal\\\/\",\"name\":\"El Diario - Decano de la prensa nacional\",\"description\":\"El Diario - Decano de la prensa nacional\",\"publisher\":{\"@id\":\"https:\\\/\\\/www.eldiario.net\\\/portal\\\/#organization\"},\"potentialAction\":[{\"@type\":\"SearchAction\",\"target\":{\"@type\":\"EntryPoint\",\"urlTemplate\":\"https:\\\/\\\/www.eldiario.net\\\/portal\\\/?s={search_term_string}\"},\"query-input\":{\"@type\":\"PropertyValueSpecification\",\"valueRequired\":true,\"valueName\":\"search_term_string\"}}],\"inLanguage\":\"es\"},{\"@type\":\"Organization\",\"@id\":\"https:\\\/\\\/www.eldiario.net\\\/portal\\\/#organization\",\"name\":\"El Diario - Decano de la prensa nacional\",\"url\":\"https:\\\/\\\/www.eldiario.net\\\/portal\\\/\",\"logo\":{\"@type\":\"ImageObject\",\"inLanguage\":\"es\",\"@id\":\"https:\\\/\\\/www.eldiario.net\\\/portal\\\/#\\\/schema\\\/logo\\\/image\\\/\",\"url\":\"https:\\\/\\\/www.eldiario.net\\\/portal\\\/wp-content\\\/uploads\\\/2023\\\/07\\\/logo_ED.jpg\",\"contentUrl\":\"https:\\\/\\\/www.eldiario.net\\\/portal\\\/wp-content\\\/uploads\\\/2023\\\/07\\\/logo_ED.jpg\",\"width\":272,\"height\":52,\"caption\":\"El Diario - Decano de la prensa nacional\"},\"image\":{\"@id\":\"https:\\\/\\\/www.eldiario.net\\\/portal\\\/#\\\/schema\\\/logo\\\/image\\\/\"},\"sameAs\":[\"https:\\\/\\\/www.facebook.com\\\/eldiario.bolivia\\\/\",\"https:\\\/\\\/x.com\\\/eldiario_net\"]},{\"@type\":\"Person\",\"@id\":\"https:\\\/\\\/www.eldiario.net\\\/portal\\\/#\\\/schema\\\/person\\\/ba370d92d160f4d3574381f6d9b78fab\",\"name\":\"Viviana Monrroy\",\"image\":{\"@type\":\"ImageObject\",\"inLanguage\":\"es\",\"@id\":\"https:\\\/\\\/secure.gravatar.com\\\/avatar\\\/dfd1611ed5600959a0e5a9754503b6c05d1dcf190010998e0363aee2ad98afca?s=96&d=mm&r=g\",\"url\":\"https:\\\/\\\/secure.gravatar.com\\\/avatar\\\/dfd1611ed5600959a0e5a9754503b6c05d1dcf190010998e0363aee2ad98afca?s=96&d=mm&r=g\",\"contentUrl\":\"https:\\\/\\\/secure.gravatar.com\\\/avatar\\\/dfd1611ed5600959a0e5a9754503b6c05d1dcf190010998e0363aee2ad98afca?s=96&d=mm&r=g\",\"caption\":\"Viviana Monrroy\"},\"sameAs\":[\"http:\\\/\\\/www.eldiario.net\"],\"url\":\"https:\\\/\\\/www.eldiario.net\\\/portal\\\/author\\\/vivianamonrroy\\\/\"}]}<\/script>\n<!-- \/ Yoast SEO plugin. -->","yoast_head_json":{"title":"Luis Revilla ser\u00e1 proclamado Gobernador de La Paz tras retiro de NGP (13:32) - El Diario - Bolivia","robots":{"index":"index","follow":"follow","max-snippet":"max-snippet:-1","max-image-preview":"max-image-preview:large","max-video-preview":"max-video-preview:-1"},"canonical":"https:\/\/www.eldiario.net\/portal\/2026\/04\/01\/luis-revilla-sera-proclamado-gobernador-de-la-paz-tras-retiro-de-ngp-1332\/","og_locale":"es_ES","og_type":"article","og_title":"Luis Revilla ser\u00e1 proclamado Gobernador de La Paz tras retiro de NGP (13:32) - El Diario - Bolivia","og_description":"La Sala Plena del Tribunal Supremo Electoral (TSE) acept\u00f3 la declinatoria de la organizaci\u00f3n Nueva Generaci\u00f3n Patri\u00f3tica (NGP), dejando fuera de la contienda a Ren\u00e9 Yahuasi. Con esta resoluci\u00f3n, Luis Antonio Revilla ser\u00e1 proclamado como el nuevo gobernador electo de La Paz. En un comunicado oficial, NGP justific\u00f3 su retiro acusando a Yahuasi de \u00abfalta [&hellip;]","og_url":"https:\/\/www.eldiario.net\/portal\/2026\/04\/01\/luis-revilla-sera-proclamado-gobernador-de-la-paz-tras-retiro-de-ngp-1332\/","og_site_name":"El Diario - Bolivia","article_publisher":"https:\/\/www.facebook.com\/eldiario.bolivia\/","article_published_time":"2026-04-01T17:32:16+00:00","og_image":[{"width":550,"height":564,"url":"https:\/\/www.eldiario.net\/portal\/wp-content\/uploads\/2026\/04\/revilla-01.04.26-copia.webp","type":"image\/webp"}],"author":"Viviana Monrroy","twitter_card":"summary_large_image","twitter_creator":"@eldiario_net","twitter_site":"@eldiario_net","twitter_misc":{"Escrito por":"Viviana Monrroy","Tiempo de lectura":"1 minuto"},"schema":{"@context":"https:\/\/schema.org","@graph":[{"@type":"Article","@id":"https:\/\/www.eldiario.net\/portal\/2026\/04\/01\/luis-revilla-sera-proclamado-gobernador-de-la-paz-tras-retiro-de-ngp-1332\/#article","isPartOf":{"@id":"https:\/\/www.eldiario.net\/portal\/2026\/04\/01\/luis-revilla-sera-proclamado-gobernador-de-la-paz-tras-retiro-de-ngp-1332\/"},"author":{"name":"Viviana Monrroy","@id":"https:\/\/www.eldiario.net\/portal\/#\/schema\/person\/ba370d92d160f4d3574381f6d9b78fab"},"headline":"Luis Revilla ser\u00e1 proclamado Gobernador de La Paz tras retiro de NGP (13:32)","datePublished":"2026-04-01T17:32:16+00:00","mainEntityOfPage":{"@id":"https:\/\/www.eldiario.net\/portal\/2026\/04\/01\/luis-revilla-sera-proclamado-gobernador-de-la-paz-tras-retiro-de-ngp-1332\/"},"wordCount":141,"publisher":{"@id":"https:\/\/www.eldiario.net\/portal\/#organization"},"image":{"@id":"https:\/\/www.eldiario.net\/portal\/2026\/04\/01\/luis-revilla-sera-proclamado-gobernador-de-la-paz-tras-retiro-de-ngp-1332\/#primaryimage"},"thumbnailUrl":"https:\/\/www.eldiario.net\/portal\/wp-content\/uploads\/2026\/04\/revilla-01.04.26-copia.webp","articleSection":["\u00daltima Hora"],"inLanguage":"es"},{"@type":"WebPage","@id":"https:\/\/www.eldiario.net\/portal\/2026\/04\/01\/luis-revilla-sera-proclamado-gobernador-de-la-paz-tras-retiro-de-ngp-1332\/","url":"https:\/\/www.eldiario.net\/portal\/2026\/04\/01\/luis-revilla-sera-proclamado-gobernador-de-la-paz-tras-retiro-de-ngp-1332\/","name":"Luis Revilla ser\u00e1 proclamado Gobernador de La Paz tras retiro de NGP (13:32) - El Diario - Bolivia","isPartOf":{"@id":"https:\/\/www.eldiario.net\/portal\/#website"},"primaryImageOfPage":{"@id":"https:\/\/www.eldiario.net\/portal\/2026\/04\/01\/luis-revilla-sera-proclamado-gobernador-de-la-paz-tras-retiro-de-ngp-1332\/#primaryimage"},"image":{"@id":"https:\/\/www.eldiario.net\/portal\/2026\/04\/01\/luis-revilla-sera-proclamado-gobernador-de-la-paz-tras-retiro-de-ngp-1332\/#primaryimage"},"thumbnailUrl":"https:\/\/www.eldiario.net\/portal\/wp-content\/uploads\/2026\/04\/revilla-01.04.26-copia.webp","datePublished":"2026-04-01T17:32:16+00:00","breadcrumb":{"@id":"https:\/\/www.eldiario.net\/portal\/2026\/04\/01\/luis-revilla-sera-proclamado-gobernador-de-la-paz-tras-retiro-de-ngp-1332\/#breadcrumb"},"inLanguage":"es","potentialAction":[{"@type":"ReadAction","target":["https:\/\/www.eldiario.net\/portal\/2026\/04\/01\/luis-revilla-sera-proclamado-gobernador-de-la-paz-tras-retiro-de-ngp-1332\/"]}]},{"@type":"ImageObject","inLanguage":"es","@id":"https:\/\/www.eldiario.net\/portal\/2026\/04\/01\/luis-revilla-sera-proclamado-gobernador-de-la-paz-tras-retiro-de-ngp-1332\/#primaryimage","url":"https:\/\/www.eldiario.net\/portal\/wp-content\/uploads\/2026\/04\/revilla-01.04.26-copia.webp","contentUrl":"https:\/\/www.eldiario.net\/portal\/wp-content\/uploads\/2026\/04\/revilla-01.04.26-copia.webp","width":550,"height":564,"caption":"Foto: RR.SS."},{"@type":"BreadcrumbList","@id":"https:\/\/www.eldiario.net\/portal\/2026\/04\/01\/luis-revilla-sera-proclamado-gobernador-de-la-paz-tras-retiro-de-ngp-1332\/#breadcrumb","itemListElement":[{"@type":"ListItem","position":1,"name":"Portada","item":"https:\/\/www.eldiario.net\/portal\/"},{"@type":"ListItem","position":2,"name":"Luis Revilla ser\u00e1 proclamado Gobernador de La Paz tras retiro de NGP (13:32)"}]},{"@type":"WebSite","@id":"https:\/\/www.eldiario.net\/portal\/#website","url":"https:\/\/www.eldiario.net\/portal\/","name":"El Diario - Decano de la prensa nacional","description":"El Diario - Decano de la prensa nacional","publisher":{"@id":"https:\/\/www.eldiario.net\/portal\/#organization"},"potentialAction":[{"@type":"SearchAction","target":{"@type":"EntryPoint","urlTemplate":"https:\/\/www.eldiario.net\/portal\/?s={search_term_string}"},"query-input":{"@type":"PropertyValueSpecification","valueRequired":true,"valueName":"search_term_string"}}],"inLanguage":"es"},{"@type":"Organization","@id":"https:\/\/www.eldiario.net\/portal\/#organization","name":"El Diario - Decano de la prensa nacional","url":"https:\/\/www.eldiario.net\/portal\/","logo":{"@type":"ImageObject","inLanguage":"es","@id":"https:\/\/www.eldiario.net\/portal\/#\/schema\/logo\/image\/","url":"https:\/\/www.eldiario.net\/portal\/wp-content\/uploads\/2023\/07\/logo_ED.jpg","contentUrl":"https:\/\/www.eldiario.net\/portal\/wp-content\/uploads\/2023\/07\/logo_ED.jpg","width":272,"height":52,"caption":"El Diario - Decano de la prensa nacional"},"image":{"@id":"https:\/\/www.eldiario.net\/portal\/#\/schema\/logo\/image\/"},"sameAs":["https:\/\/www.facebook.com\/eldiario.bolivia\/","https:\/\/x.com\/eldiario_net"]},{"@type":"Person","@id":"https:\/\/www.eldiario.net\/portal\/#\/schema\/person\/ba370d92d160f4d3574381f6d9b78fab","name":"Viviana Monrroy","image":{"@type":"ImageObject","inLanguage":"es","@id":"https:\/\/secure.gravatar.com\/avatar\/dfd1611ed5600959a0e5a9754503b6c05d1dcf190010998e0363aee2ad98afca?s=96&d=mm&r=g","url":"https:\/\/secure.gravatar.com\/avatar\/dfd1611ed5600959a0e5a9754503b6c05d1dcf190010998e0363aee2ad98afca?s=96&d=mm&r=g","contentUrl":"https:\/\/secure.gravatar.com\/avatar\/dfd1611ed5600959a0e5a9754503b6c05d1dcf190010998e0363aee2ad98afca?s=96&d=mm&r=g","caption":"Viviana Monrroy"},"sameAs":["http:\/\/www.eldiario.net"],"url":"https:\/\/www.eldiario.net\/portal\/author\/vivianamonrroy\/"}]}},"_links":{"self":[{"href":"https:\/\/www.eldiario.net\/portal\/wp-json\/wp\/v2\/posts\/381477","targetHints":{"allow":["GET"]}}],"collection":[{"href":"https:\/\/www.eldiario.net\/portal\/wp-json\/wp\/v2\/posts"}],"about":[{"href":"https:\/\/www.eldiario.net\/portal\/wp-json\/wp\/v2\/types\/post"}],"author":[{"embeddable":true,"href":"https:\/\/www.eldiario.net\/portal\/wp-json\/wp\/v2\/users\/7"}],"replies":[{"embeddable":true,"href":"https:\/\/www.eldiario.net\/portal\/wp-json\/wp\/v2\/comments?post=381477"}],"version-history":[{"count":1,"href":"https:\/\/www.eldiario.net\/portal\/wp-json\/wp\/v2\/posts\/381477\/revisions"}],"predecessor-version":[{"id":381480,"href":"https:\/\/www.eldiario.net\/portal\/wp-json\/wp\/v2\/posts\/381477\/revisions\/381480"}],"wp:featuredmedia":[{"embeddable":true,"href":"https:\/\/www.eldiario.net\/portal\/wp-json\/wp\/v2\/media\/381479"}],"wp:attachment":[{"href":"https:\/\/www.eldiario.net\/portal\/wp-json\/wp\/v2\/media?parent=381477"}],"wp:term":[{"taxonomy":"category","embeddable":true,"href":"https:\/\/www.eldiario.net\/portal\/wp-json\/wp\/v2\/categories?post=381477"},{"taxonomy":"post_tag","embeddable":true,"href":"https:\/\/www.eldiario.net\/portal\/wp-json\/wp\/v2\/tags?post=381477"}],"curies":[{"name":"wp","href":"https:\/\/api.w.org\/{rel}","templated":true}]}}