{"id":381465,"date":"2026-04-01T12:38:16","date_gmt":"2026-04-01T16:38:16","guid":{"rendered":"https:\/\/www.eldiario.net\/portal\/?p=381465"},"modified":"2026-04-01T12:38:16","modified_gmt":"2026-04-01T16:38:16","slug":"se-cancela-la-segunda-vuelta-ngp-retira-candidatura-en-la-paz-1238","status":"publish","type":"post","link":"https:\/\/www.eldiario.net\/portal\/2026\/04\/01\/se-cancela-la-segunda-vuelta-ngp-retira-candidatura-en-la-paz-1238\/","title":{"rendered":"\u00bfSe cancela la segunda vuelta? NGP retira candidatura en La Paz (12:38)"},"content":{"rendered":"<p>La agrupaci\u00f3n Nueva Generaci\u00f3n Patri\u00f3tica (NGP) present\u00f3 su declinatoria formal ante el Tribunal Supremo Electoral (TSE) para no participar en el balotaje por la Gobernaci\u00f3n de La Paz.<\/p>\n<p>Con esta decisi\u00f3n de \u00faltimo momento, el candidato de Patria Sol, Luis Revilla, se perfila como el nuevo gobernador electo al quedar sin contendor para la segunda vuelta.<\/p>\n<p data-path-to-node=\"2\">La solicitud fue firmada por los delegados de NGP, Juan Jos\u00e9 Vargas y Karina Rico Mu\u00f1oz, y tratada de inmediato por la Sala Plena.<\/p>\n<p>Aunque fuentes del ente electoral confirman que la resoluci\u00f3n favorece a Revilla por ser el ganador de la primera vuelta, existe confusi\u00f3n en el entorno de Ren\u00e9 Yahuasi, quien aparentemente no habr\u00eda sido notificado de la decisi\u00f3n de su propia sigla.<\/p>\n<p data-path-to-node=\"3\">El TSE ha convocado a una conferencia de prensa para las 12:45 de este mi\u00e9rcoles, donde se oficializar\u00e1 la respuesta a este pedido y se aclarar\u00e1 el futuro mando departamental.<\/p>\n<p>&nbsp;<\/p>\n","protected":false},"excerpt":{"rendered":"<p>La agrupaci\u00f3n Nueva Generaci\u00f3n Patri\u00f3tica (NGP) present\u00f3 su declinatoria formal ante el Tribunal Supremo Electoral (TSE) para no participar en el balotaje por la Gobernaci\u00f3n de La Paz. Con esta decisi\u00f3n de \u00faltimo momento, el candidato de Patria Sol, Luis Revilla, se perfila como el nuevo gobernador electo al quedar sin contendor para la segunda [&hellip;]<\/p>\n","protected":false},"author":7,"featured_media":381468,"comment_status":"closed","ping_status":"open","sticky":false,"template":"","format":"standard","meta":{"_acf_changed":false,"footnotes":""},"categories":[51],"tags":[],"class_list":["post-381465","post","type-post","status-publish","format-standard","has-post-thumbnail","category-ultima-hora"],"acf":{"antetitulo":""},"yoast_head":"<!-- This site is optimized with the Yoast SEO plugin v28.4 - https:\/\/yoast.com\/product\/yoast-seo-wordpress\/ -->\n<title>\u00bfSe cancela la segunda vuelta? NGP retira candidatura en La Paz (12:38) - El Diario - Bolivia<\/title>\n<meta name=\"robots\" content=\"index, follow, max-snippet:-1, max-image-preview:large, max-video-preview:-1\" \/>\n<link rel=\"canonical\" href=\"https:\/\/www.eldiario.net\/portal\/2026\/04\/01\/se-cancela-la-segunda-vuelta-ngp-retira-candidatura-en-la-paz-1238\/\" \/>\n<meta property=\"og:locale\" content=\"es_ES\" \/>\n<meta property=\"og:type\" content=\"article\" \/>\n<meta property=\"og:title\" content=\"\u00bfSe cancela la segunda vuelta? NGP retira candidatura en La Paz (12:38) - El Diario - Bolivia\" \/>\n<meta property=\"og:description\" content=\"La agrupaci\u00f3n Nueva Generaci\u00f3n Patri\u00f3tica (NGP) present\u00f3 su declinatoria formal ante el Tribunal Supremo Electoral (TSE) para no participar en el balotaje por la Gobernaci\u00f3n de La Paz. Con esta decisi\u00f3n de \u00faltimo momento, el candidato de Patria Sol, Luis Revilla, se perfila como el nuevo gobernador electo al quedar sin contendor para la segunda [&hellip;]\" \/>\n<meta property=\"og:url\" content=\"https:\/\/www.eldiario.net\/portal\/2026\/04\/01\/se-cancela-la-segunda-vuelta-ngp-retira-candidatura-en-la-paz-1238\/\" \/>\n<meta property=\"og:site_name\" content=\"El Diario - Bolivia\" \/>\n<meta property=\"article:publisher\" content=\"https:\/\/www.facebook.com\/eldiario.bolivia\/\" \/>\n<meta property=\"article:published_time\" content=\"2026-04-01T16:38:16+00:00\" \/>\n<meta property=\"og:image\" content=\"https:\/\/www.eldiario.net\/portal\/wp-content\/uploads\/2026\/04\/yahuasi-01.04.26-copia.webp\" \/>\n\t<meta property=\"og:image:width\" content=\"520\" \/>\n\t<meta property=\"og:image:height\" content=\"465\" \/>\n\t<meta property=\"og:image:type\" content=\"image\/webp\" \/>\n<meta name=\"author\" content=\"Viviana Monrroy\" \/>\n<meta name=\"twitter:card\" content=\"summary_large_image\" \/>\n<meta name=\"twitter:creator\" content=\"@eldiario_net\" \/>\n<meta name=\"twitter:site\" content=\"@eldiario_net\" \/>\n<meta name=\"twitter:label1\" content=\"Escrito por\" \/>\n\t<meta name=\"twitter:data1\" content=\"Viviana Monrroy\" \/>\n\t<meta name=\"twitter:label2\" content=\"Tiempo de lectura\" \/>\n\t<meta name=\"twitter:data2\" content=\"1 minuto\" \/>\n<script type=\"application\/ld+json\" class=\"yoast-schema-graph\">{\"@context\":\"https:\\\/\\\/schema.org\",\"@graph\":[{\"@type\":\"Article\",\"@id\":\"https:\\\/\\\/www.eldiario.net\\\/portal\\\/2026\\\/04\\\/01\\\/se-cancela-la-segunda-vuelta-ngp-retira-candidatura-en-la-paz-1238\\\/#article\",\"isPartOf\":{\"@id\":\"https:\\\/\\\/www.eldiario.net\\\/portal\\\/2026\\\/04\\\/01\\\/se-cancela-la-segunda-vuelta-ngp-retira-candidatura-en-la-paz-1238\\\/\"},\"author\":{\"name\":\"Viviana Monrroy\",\"@id\":\"https:\\\/\\\/www.eldiario.net\\\/portal\\\/#\\\/schema\\\/person\\\/ba370d92d160f4d3574381f6d9b78fab\"},\"headline\":\"\u00bfSe cancela la segunda vuelta? NGP retira candidatura en La Paz (12:38)\",\"datePublished\":\"2026-04-01T16:38:16+00:00\",\"mainEntityOfPage\":{\"@id\":\"https:\\\/\\\/www.eldiario.net\\\/portal\\\/2026\\\/04\\\/01\\\/se-cancela-la-segunda-vuelta-ngp-retira-candidatura-en-la-paz-1238\\\/\"},\"wordCount\":173,\"publisher\":{\"@id\":\"https:\\\/\\\/www.eldiario.net\\\/portal\\\/#organization\"},\"image\":{\"@id\":\"https:\\\/\\\/www.eldiario.net\\\/portal\\\/2026\\\/04\\\/01\\\/se-cancela-la-segunda-vuelta-ngp-retira-candidatura-en-la-paz-1238\\\/#primaryimage\"},\"thumbnailUrl\":\"https:\\\/\\\/www.eldiario.net\\\/portal\\\/wp-content\\\/uploads\\\/2026\\\/04\\\/yahuasi-01.04.26-copia.webp\",\"articleSection\":[\"\u00daltima Hora\"],\"inLanguage\":\"es\"},{\"@type\":\"WebPage\",\"@id\":\"https:\\\/\\\/www.eldiario.net\\\/portal\\\/2026\\\/04\\\/01\\\/se-cancela-la-segunda-vuelta-ngp-retira-candidatura-en-la-paz-1238\\\/\",\"url\":\"https:\\\/\\\/www.eldiario.net\\\/portal\\\/2026\\\/04\\\/01\\\/se-cancela-la-segunda-vuelta-ngp-retira-candidatura-en-la-paz-1238\\\/\",\"name\":\"\u00bfSe cancela la segunda vuelta? NGP retira candidatura en La Paz (12:38) - El Diario - Bolivia\",\"isPartOf\":{\"@id\":\"https:\\\/\\\/www.eldiario.net\\\/portal\\\/#website\"},\"primaryImageOfPage\":{\"@id\":\"https:\\\/\\\/www.eldiario.net\\\/portal\\\/2026\\\/04\\\/01\\\/se-cancela-la-segunda-vuelta-ngp-retira-candidatura-en-la-paz-1238\\\/#primaryimage\"},\"image\":{\"@id\":\"https:\\\/\\\/www.eldiario.net\\\/portal\\\/2026\\\/04\\\/01\\\/se-cancela-la-segunda-vuelta-ngp-retira-candidatura-en-la-paz-1238\\\/#primaryimage\"},\"thumbnailUrl\":\"https:\\\/\\\/www.eldiario.net\\\/portal\\\/wp-content\\\/uploads\\\/2026\\\/04\\\/yahuasi-01.04.26-copia.webp\",\"datePublished\":\"2026-04-01T16:38:16+00:00\",\"breadcrumb\":{\"@id\":\"https:\\\/\\\/www.eldiario.net\\\/portal\\\/2026\\\/04\\\/01\\\/se-cancela-la-segunda-vuelta-ngp-retira-candidatura-en-la-paz-1238\\\/#breadcrumb\"},\"inLanguage\":\"es\",\"potentialAction\":[{\"@type\":\"ReadAction\",\"target\":[\"https:\\\/\\\/www.eldiario.net\\\/portal\\\/2026\\\/04\\\/01\\\/se-cancela-la-segunda-vuelta-ngp-retira-candidatura-en-la-paz-1238\\\/\"]}]},{\"@type\":\"ImageObject\",\"inLanguage\":\"es\",\"@id\":\"https:\\\/\\\/www.eldiario.net\\\/portal\\\/2026\\\/04\\\/01\\\/se-cancela-la-segunda-vuelta-ngp-retira-candidatura-en-la-paz-1238\\\/#primaryimage\",\"url\":\"https:\\\/\\\/www.eldiario.net\\\/portal\\\/wp-content\\\/uploads\\\/2026\\\/04\\\/yahuasi-01.04.26-copia.webp\",\"contentUrl\":\"https:\\\/\\\/www.eldiario.net\\\/portal\\\/wp-content\\\/uploads\\\/2026\\\/04\\\/yahuasi-01.04.26-copia.webp\",\"width\":520,\"height\":465},{\"@type\":\"BreadcrumbList\",\"@id\":\"https:\\\/\\\/www.eldiario.net\\\/portal\\\/2026\\\/04\\\/01\\\/se-cancela-la-segunda-vuelta-ngp-retira-candidatura-en-la-paz-1238\\\/#breadcrumb\",\"itemListElement\":[{\"@type\":\"ListItem\",\"position\":1,\"name\":\"Portada\",\"item\":\"https:\\\/\\\/www.eldiario.net\\\/portal\\\/\"},{\"@type\":\"ListItem\",\"position\":2,\"name\":\"\u00bfSe cancela la segunda vuelta? NGP retira candidatura en La Paz (12:38)\"}]},{\"@type\":\"WebSite\",\"@id\":\"https:\\\/\\\/www.eldiario.net\\\/portal\\\/#website\",\"url\":\"https:\\\/\\\/www.eldiario.net\\\/portal\\\/\",\"name\":\"El Diario - Decano de la prensa nacional\",\"description\":\"El Diario - Decano de la prensa nacional\",\"publisher\":{\"@id\":\"https:\\\/\\\/www.eldiario.net\\\/portal\\\/#organization\"},\"potentialAction\":[{\"@type\":\"SearchAction\",\"target\":{\"@type\":\"EntryPoint\",\"urlTemplate\":\"https:\\\/\\\/www.eldiario.net\\\/portal\\\/?s={search_term_string}\"},\"query-input\":{\"@type\":\"PropertyValueSpecification\",\"valueRequired\":true,\"valueName\":\"search_term_string\"}}],\"inLanguage\":\"es\"},{\"@type\":\"Organization\",\"@id\":\"https:\\\/\\\/www.eldiario.net\\\/portal\\\/#organization\",\"name\":\"El Diario - Decano de la prensa nacional\",\"url\":\"https:\\\/\\\/www.eldiario.net\\\/portal\\\/\",\"logo\":{\"@type\":\"ImageObject\",\"inLanguage\":\"es\",\"@id\":\"https:\\\/\\\/www.eldiario.net\\\/portal\\\/#\\\/schema\\\/logo\\\/image\\\/\",\"url\":\"https:\\\/\\\/www.eldiario.net\\\/portal\\\/wp-content\\\/uploads\\\/2023\\\/07\\\/logo_ED.jpg\",\"contentUrl\":\"https:\\\/\\\/www.eldiario.net\\\/portal\\\/wp-content\\\/uploads\\\/2023\\\/07\\\/logo_ED.jpg\",\"width\":272,\"height\":52,\"caption\":\"El Diario - Decano de la prensa nacional\"},\"image\":{\"@id\":\"https:\\\/\\\/www.eldiario.net\\\/portal\\\/#\\\/schema\\\/logo\\\/image\\\/\"},\"sameAs\":[\"https:\\\/\\\/www.facebook.com\\\/eldiario.bolivia\\\/\",\"https:\\\/\\\/x.com\\\/eldiario_net\"]},{\"@type\":\"Person\",\"@id\":\"https:\\\/\\\/www.eldiario.net\\\/portal\\\/#\\\/schema\\\/person\\\/ba370d92d160f4d3574381f6d9b78fab\",\"name\":\"Viviana Monrroy\",\"image\":{\"@type\":\"ImageObject\",\"inLanguage\":\"es\",\"@id\":\"https:\\\/\\\/secure.gravatar.com\\\/avatar\\\/dfd1611ed5600959a0e5a9754503b6c05d1dcf190010998e0363aee2ad98afca?s=96&d=mm&r=g\",\"url\":\"https:\\\/\\\/secure.gravatar.com\\\/avatar\\\/dfd1611ed5600959a0e5a9754503b6c05d1dcf190010998e0363aee2ad98afca?s=96&d=mm&r=g\",\"contentUrl\":\"https:\\\/\\\/secure.gravatar.com\\\/avatar\\\/dfd1611ed5600959a0e5a9754503b6c05d1dcf190010998e0363aee2ad98afca?s=96&d=mm&r=g\",\"caption\":\"Viviana Monrroy\"},\"sameAs\":[\"http:\\\/\\\/www.eldiario.net\"],\"url\":\"https:\\\/\\\/www.eldiario.net\\\/portal\\\/author\\\/vivianamonrroy\\\/\"}]}<\/script>\n<!-- \/ Yoast SEO plugin. -->","yoast_head_json":{"title":"\u00bfSe cancela la segunda vuelta? NGP retira candidatura en La Paz (12:38) - El Diario - Bolivia","robots":{"index":"index","follow":"follow","max-snippet":"max-snippet:-1","max-image-preview":"max-image-preview:large","max-video-preview":"max-video-preview:-1"},"canonical":"https:\/\/www.eldiario.net\/portal\/2026\/04\/01\/se-cancela-la-segunda-vuelta-ngp-retira-candidatura-en-la-paz-1238\/","og_locale":"es_ES","og_type":"article","og_title":"\u00bfSe cancela la segunda vuelta? NGP retira candidatura en La Paz (12:38) - El Diario - Bolivia","og_description":"La agrupaci\u00f3n Nueva Generaci\u00f3n Patri\u00f3tica (NGP) present\u00f3 su declinatoria formal ante el Tribunal Supremo Electoral (TSE) para no participar en el balotaje por la Gobernaci\u00f3n de La Paz. Con esta decisi\u00f3n de \u00faltimo momento, el candidato de Patria Sol, Luis Revilla, se perfila como el nuevo gobernador electo al quedar sin contendor para la segunda [&hellip;]","og_url":"https:\/\/www.eldiario.net\/portal\/2026\/04\/01\/se-cancela-la-segunda-vuelta-ngp-retira-candidatura-en-la-paz-1238\/","og_site_name":"El Diario - Bolivia","article_publisher":"https:\/\/www.facebook.com\/eldiario.bolivia\/","article_published_time":"2026-04-01T16:38:16+00:00","og_image":[{"width":520,"height":465,"url":"https:\/\/www.eldiario.net\/portal\/wp-content\/uploads\/2026\/04\/yahuasi-01.04.26-copia.webp","type":"image\/webp"}],"author":"Viviana Monrroy","twitter_card":"summary_large_image","twitter_creator":"@eldiario_net","twitter_site":"@eldiario_net","twitter_misc":{"Escrito por":"Viviana Monrroy","Tiempo de lectura":"1 minuto"},"schema":{"@context":"https:\/\/schema.org","@graph":[{"@type":"Article","@id":"https:\/\/www.eldiario.net\/portal\/2026\/04\/01\/se-cancela-la-segunda-vuelta-ngp-retira-candidatura-en-la-paz-1238\/#article","isPartOf":{"@id":"https:\/\/www.eldiario.net\/portal\/2026\/04\/01\/se-cancela-la-segunda-vuelta-ngp-retira-candidatura-en-la-paz-1238\/"},"author":{"name":"Viviana Monrroy","@id":"https:\/\/www.eldiario.net\/portal\/#\/schema\/person\/ba370d92d160f4d3574381f6d9b78fab"},"headline":"\u00bfSe cancela la segunda vuelta? NGP retira candidatura en La Paz (12:38)","datePublished":"2026-04-01T16:38:16+00:00","mainEntityOfPage":{"@id":"https:\/\/www.eldiario.net\/portal\/2026\/04\/01\/se-cancela-la-segunda-vuelta-ngp-retira-candidatura-en-la-paz-1238\/"},"wordCount":173,"publisher":{"@id":"https:\/\/www.eldiario.net\/portal\/#organization"},"image":{"@id":"https:\/\/www.eldiario.net\/portal\/2026\/04\/01\/se-cancela-la-segunda-vuelta-ngp-retira-candidatura-en-la-paz-1238\/#primaryimage"},"thumbnailUrl":"https:\/\/www.eldiario.net\/portal\/wp-content\/uploads\/2026\/04\/yahuasi-01.04.26-copia.webp","articleSection":["\u00daltima Hora"],"inLanguage":"es"},{"@type":"WebPage","@id":"https:\/\/www.eldiario.net\/portal\/2026\/04\/01\/se-cancela-la-segunda-vuelta-ngp-retira-candidatura-en-la-paz-1238\/","url":"https:\/\/www.eldiario.net\/portal\/2026\/04\/01\/se-cancela-la-segunda-vuelta-ngp-retira-candidatura-en-la-paz-1238\/","name":"\u00bfSe cancela la segunda vuelta? NGP retira candidatura en La Paz (12:38) - El Diario - Bolivia","isPartOf":{"@id":"https:\/\/www.eldiario.net\/portal\/#website"},"primaryImageOfPage":{"@id":"https:\/\/www.eldiario.net\/portal\/2026\/04\/01\/se-cancela-la-segunda-vuelta-ngp-retira-candidatura-en-la-paz-1238\/#primaryimage"},"image":{"@id":"https:\/\/www.eldiario.net\/portal\/2026\/04\/01\/se-cancela-la-segunda-vuelta-ngp-retira-candidatura-en-la-paz-1238\/#primaryimage"},"thumbnailUrl":"https:\/\/www.eldiario.net\/portal\/wp-content\/uploads\/2026\/04\/yahuasi-01.04.26-copia.webp","datePublished":"2026-04-01T16:38:16+00:00","breadcrumb":{"@id":"https:\/\/www.eldiario.net\/portal\/2026\/04\/01\/se-cancela-la-segunda-vuelta-ngp-retira-candidatura-en-la-paz-1238\/#breadcrumb"},"inLanguage":"es","potentialAction":[{"@type":"ReadAction","target":["https:\/\/www.eldiario.net\/portal\/2026\/04\/01\/se-cancela-la-segunda-vuelta-ngp-retira-candidatura-en-la-paz-1238\/"]}]},{"@type":"ImageObject","inLanguage":"es","@id":"https:\/\/www.eldiario.net\/portal\/2026\/04\/01\/se-cancela-la-segunda-vuelta-ngp-retira-candidatura-en-la-paz-1238\/#primaryimage","url":"https:\/\/www.eldiario.net\/portal\/wp-content\/uploads\/2026\/04\/yahuasi-01.04.26-copia.webp","contentUrl":"https:\/\/www.eldiario.net\/portal\/wp-content\/uploads\/2026\/04\/yahuasi-01.04.26-copia.webp","width":520,"height":465},{"@type":"BreadcrumbList","@id":"https:\/\/www.eldiario.net\/portal\/2026\/04\/01\/se-cancela-la-segunda-vuelta-ngp-retira-candidatura-en-la-paz-1238\/#breadcrumb","itemListElement":[{"@type":"ListItem","position":1,"name":"Portada","item":"https:\/\/www.eldiario.net\/portal\/"},{"@type":"ListItem","position":2,"name":"\u00bfSe cancela la segunda vuelta? NGP retira candidatura en La Paz (12:38)"}]},{"@type":"WebSite","@id":"https:\/\/www.eldiario.net\/portal\/#website","url":"https:\/\/www.eldiario.net\/portal\/","name":"El Diario - Decano de la prensa nacional","description":"El Diario - Decano de la prensa nacional","publisher":{"@id":"https:\/\/www.eldiario.net\/portal\/#organization"},"potentialAction":[{"@type":"SearchAction","target":{"@type":"EntryPoint","urlTemplate":"https:\/\/www.eldiario.net\/portal\/?s={search_term_string}"},"query-input":{"@type":"PropertyValueSpecification","valueRequired":true,"valueName":"search_term_string"}}],"inLanguage":"es"},{"@type":"Organization","@id":"https:\/\/www.eldiario.net\/portal\/#organization","name":"El Diario - Decano de la prensa nacional","url":"https:\/\/www.eldiario.net\/portal\/","logo":{"@type":"ImageObject","inLanguage":"es","@id":"https:\/\/www.eldiario.net\/portal\/#\/schema\/logo\/image\/","url":"https:\/\/www.eldiario.net\/portal\/wp-content\/uploads\/2023\/07\/logo_ED.jpg","contentUrl":"https:\/\/www.eldiario.net\/portal\/wp-content\/uploads\/2023\/07\/logo_ED.jpg","width":272,"height":52,"caption":"El Diario - Decano de la prensa nacional"},"image":{"@id":"https:\/\/www.eldiario.net\/portal\/#\/schema\/logo\/image\/"},"sameAs":["https:\/\/www.facebook.com\/eldiario.bolivia\/","https:\/\/x.com\/eldiario_net"]},{"@type":"Person","@id":"https:\/\/www.eldiario.net\/portal\/#\/schema\/person\/ba370d92d160f4d3574381f6d9b78fab","name":"Viviana Monrroy","image":{"@type":"ImageObject","inLanguage":"es","@id":"https:\/\/secure.gravatar.com\/avatar\/dfd1611ed5600959a0e5a9754503b6c05d1dcf190010998e0363aee2ad98afca?s=96&d=mm&r=g","url":"https:\/\/secure.gravatar.com\/avatar\/dfd1611ed5600959a0e5a9754503b6c05d1dcf190010998e0363aee2ad98afca?s=96&d=mm&r=g","contentUrl":"https:\/\/secure.gravatar.com\/avatar\/dfd1611ed5600959a0e5a9754503b6c05d1dcf190010998e0363aee2ad98afca?s=96&d=mm&r=g","caption":"Viviana Monrroy"},"sameAs":["http:\/\/www.eldiario.net"],"url":"https:\/\/www.eldiario.net\/portal\/author\/vivianamonrroy\/"}]}},"_links":{"self":[{"href":"https:\/\/www.eldiario.net\/portal\/wp-json\/wp\/v2\/posts\/381465","targetHints":{"allow":["GET"]}}],"collection":[{"href":"https:\/\/www.eldiario.net\/portal\/wp-json\/wp\/v2\/posts"}],"about":[{"href":"https:\/\/www.eldiario.net\/portal\/wp-json\/wp\/v2\/types\/post"}],"author":[{"embeddable":true,"href":"https:\/\/www.eldiario.net\/portal\/wp-json\/wp\/v2\/users\/7"}],"replies":[{"embeddable":true,"href":"https:\/\/www.eldiario.net\/portal\/wp-json\/wp\/v2\/comments?post=381465"}],"version-history":[{"count":1,"href":"https:\/\/www.eldiario.net\/portal\/wp-json\/wp\/v2\/posts\/381465\/revisions"}],"predecessor-version":[{"id":381469,"href":"https:\/\/www.eldiario.net\/portal\/wp-json\/wp\/v2\/posts\/381465\/revisions\/381469"}],"wp:featuredmedia":[{"embeddable":true,"href":"https:\/\/www.eldiario.net\/portal\/wp-json\/wp\/v2\/media\/381468"}],"wp:attachment":[{"href":"https:\/\/www.eldiario.net\/portal\/wp-json\/wp\/v2\/media?parent=381465"}],"wp:term":[{"taxonomy":"category","embeddable":true,"href":"https:\/\/www.eldiario.net\/portal\/wp-json\/wp\/v2\/categories?post=381465"},{"taxonomy":"post_tag","embeddable":true,"href":"https:\/\/www.eldiario.net\/portal\/wp-json\/wp\/v2\/tags?post=381465"}],"curies":[{"name":"wp","href":"https:\/\/api.w.org\/{rel}","templated":true}]}}