{"id":381450,"date":"2026-04-01T09:22:20","date_gmt":"2026-04-01T13:22:20","guid":{"rendered":"https:\/\/www.eldiario.net\/portal\/?p=381450"},"modified":"2026-04-01T09:22:20","modified_gmt":"2026-04-01T13:22:20","slug":"rutas-al-chaco-y-tarija-quedan-cortadas-por-bloqueo-de-transporte-922","status":"publish","type":"post","link":"https:\/\/www.eldiario.net\/portal\/2026\/04\/01\/rutas-al-chaco-y-tarija-quedan-cortadas-por-bloqueo-de-transporte-922\/","title":{"rendered":"Rutas al Chaco y Tarija quedan cortadas por bloqueo de transporte (9:22)"},"content":{"rendered":"<p>El transporte de la provincia O&#8217;Connor, junto a instituciones c\u00edvicas y campesinas de Entre R\u00edos, activ\u00f3 un bloqueo indefinido de carreteras.<\/p>\n<p>La extrema medida responde al p\u00e9simo estado de la Red Vial Fundamental, situaci\u00f3n que \u2014seg\u00fan denuncian los movilizados\u2014 ha provocado accidentes fatales y da\u00f1os mec\u00e1nicos constantes en las unidades de transporte.<\/p>\n<p><img loading=\"lazy\" decoding=\"async\" class=\"size-medium wp-image-381454 aligncenter\" src=\"https:\/\/www.eldiario.net\/portal\/wp-content\/uploads\/2026\/04\/voto-resolutivo-01.04.26-copia-226x300.webp\" alt=\"\" width=\"226\" height=\"300\" srcset=\"https:\/\/www.eldiario.net\/portal\/wp-content\/uploads\/2026\/04\/voto-resolutivo-01.04.26-copia-226x300.webp 226w, https:\/\/www.eldiario.net\/portal\/wp-content\/uploads\/2026\/04\/voto-resolutivo-01.04.26-copia-316x420.webp 316w, https:\/\/www.eldiario.net\/portal\/wp-content\/uploads\/2026\/04\/voto-resolutivo-01.04.26-copia-150x199.webp 150w, https:\/\/www.eldiario.net\/portal\/wp-content\/uploads\/2026\/04\/voto-resolutivo-01.04.26-copia-300x398.webp 300w, https:\/\/www.eldiario.net\/portal\/wp-content\/uploads\/2026\/04\/voto-resolutivo-01.04.26-copia.webp 400w\" sizes=\"auto, (max-width: 226px) 100vw, 226px\" \/><\/p>\n<p data-path-to-node=\"4\">De acuerdo al reporte oficial de transitabilidad y los puntos confirmados por la dirigencia, los bloqueos se han instalado estrat\u00e9gicamente en:<\/p>\n<ul>\n<li data-path-to-node=\"5,0,0\">Puente Salinas: Primer punto de bloqueo sobre el camino nacional.<\/li>\n<li data-path-to-node=\"5,1,0\">Cruce Las Lomas: Interrupci\u00f3n en la carretera hacia Tarija.<\/li>\n<li data-path-to-node=\"5,2,0\">Comunidad El Pajonal: Bloqueo a la altura del peaje en la ruta hacia el Gran Chaco.<\/li>\n<\/ul>\n<p>&nbsp;<\/p>\n<p><img loading=\"lazy\" decoding=\"async\" class=\"alignnone  wp-image-381451\" src=\"https:\/\/www.eldiario.net\/portal\/wp-content\/uploads\/2026\/04\/abc-01.04.26-copia-300x209.webp\" alt=\"\" width=\"285\" height=\"198\" srcset=\"https:\/\/www.eldiario.net\/portal\/wp-content\/uploads\/2026\/04\/abc-01.04.26-copia-300x209.webp 300w, https:\/\/www.eldiario.net\/portal\/wp-content\/uploads\/2026\/04\/abc-01.04.26-copia-150x104.webp 150w, https:\/\/www.eldiario.net\/portal\/wp-content\/uploads\/2026\/04\/abc-01.04.26-copia-218x150.webp 218w, https:\/\/www.eldiario.net\/portal\/wp-content\/uploads\/2026\/04\/abc-01.04.26-copia.webp 530w\" sizes=\"auto, (max-width: 285px) 100vw, 285px\" \/> <img loading=\"lazy\" decoding=\"async\" class=\"alignnone wp-image-381452 size-medium\" src=\"https:\/\/www.eldiario.net\/portal\/wp-content\/uploads\/2026\/04\/abc-2-01.04.26-copia-e1775049573930-300x196.webp\" alt=\"\" width=\"300\" height=\"196\" srcset=\"https:\/\/www.eldiario.net\/portal\/wp-content\/uploads\/2026\/04\/abc-2-01.04.26-copia-e1775049573930-300x196.webp 300w, https:\/\/www.eldiario.net\/portal\/wp-content\/uploads\/2026\/04\/abc-2-01.04.26-copia-e1775049573930-150x98.webp 150w, https:\/\/www.eldiario.net\/portal\/wp-content\/uploads\/2026\/04\/abc-2-01.04.26-copia-e1775049573930.webp 530w\" sizes=\"auto, (max-width: 300px) 100vw, 300px\" \/><\/p>\n<p data-path-to-node=\"6\">Las organizaciones exigen la presencia inmediata del Gerente Regional de la ABC para garantizar un plan de bacheo integral y la limpieza total de derrumbes que obstruyen la plataforma.<\/p>\n<p>El sector advierte que no levantar\u00e1n la medida hasta recibir compromisos concretos y firmados, mientras las filas de camiones y buses comienzan a crecer en ambos extremos de la ruta estrat\u00e9gica que conecta el valle central con el Chaco boliviano.<\/p>\n","protected":false},"excerpt":{"rendered":"<p>El transporte de la provincia O&#8217;Connor, junto a instituciones c\u00edvicas y campesinas de Entre R\u00edos, activ\u00f3 un bloqueo indefinido de carreteras. La extrema medida responde al p\u00e9simo estado de la Red Vial Fundamental, situaci\u00f3n que \u2014seg\u00fan denuncian los movilizados\u2014 ha provocado accidentes fatales y da\u00f1os mec\u00e1nicos constantes en las unidades de transporte. De acuerdo al [&hellip;]<\/p>\n","protected":false},"author":7,"featured_media":381453,"comment_status":"closed","ping_status":"open","sticky":false,"template":"","format":"standard","meta":{"_acf_changed":false,"footnotes":""},"categories":[51],"tags":[],"class_list":["post-381450","post","type-post","status-publish","format-standard","has-post-thumbnail","category-ultima-hora"],"acf":{"antetitulo":""},"yoast_head":"<!-- This site is optimized with the Yoast SEO plugin v28.4 - https:\/\/yoast.com\/product\/yoast-seo-wordpress\/ -->\n<title>Rutas al Chaco y Tarija quedan cortadas por bloqueo de transporte (9:22) - El Diario - Bolivia<\/title>\n<meta name=\"robots\" content=\"index, follow, max-snippet:-1, max-image-preview:large, max-video-preview:-1\" \/>\n<link rel=\"canonical\" href=\"https:\/\/www.eldiario.net\/portal\/2026\/04\/01\/rutas-al-chaco-y-tarija-quedan-cortadas-por-bloqueo-de-transporte-922\/\" \/>\n<meta property=\"og:locale\" content=\"es_ES\" \/>\n<meta property=\"og:type\" content=\"article\" \/>\n<meta property=\"og:title\" content=\"Rutas al Chaco y Tarija quedan cortadas por bloqueo de transporte (9:22) - El Diario - Bolivia\" \/>\n<meta property=\"og:description\" content=\"El transporte de la provincia O&#8217;Connor, junto a instituciones c\u00edvicas y campesinas de Entre R\u00edos, activ\u00f3 un bloqueo indefinido de carreteras. La extrema medida responde al p\u00e9simo estado de la Red Vial Fundamental, situaci\u00f3n que \u2014seg\u00fan denuncian los movilizados\u2014 ha provocado accidentes fatales y da\u00f1os mec\u00e1nicos constantes en las unidades de transporte. De acuerdo al [&hellip;]\" \/>\n<meta property=\"og:url\" content=\"https:\/\/www.eldiario.net\/portal\/2026\/04\/01\/rutas-al-chaco-y-tarija-quedan-cortadas-por-bloqueo-de-transporte-922\/\" \/>\n<meta property=\"og:site_name\" content=\"El Diario - Bolivia\" \/>\n<meta property=\"article:publisher\" content=\"https:\/\/www.facebook.com\/eldiario.bolivia\/\" \/>\n<meta property=\"article:published_time\" content=\"2026-04-01T13:22:20+00:00\" \/>\n<meta property=\"og:image\" content=\"https:\/\/www.eldiario.net\/portal\/wp-content\/uploads\/2026\/04\/tarija-01.04.26-copia.webp\" \/>\n\t<meta property=\"og:image:width\" content=\"500\" \/>\n\t<meta property=\"og:image:height\" content=\"464\" \/>\n\t<meta property=\"og:image:type\" content=\"image\/webp\" \/>\n<meta name=\"author\" content=\"Viviana Monrroy\" \/>\n<meta name=\"twitter:card\" content=\"summary_large_image\" \/>\n<meta name=\"twitter:creator\" content=\"@eldiario_net\" \/>\n<meta name=\"twitter:site\" content=\"@eldiario_net\" \/>\n<meta name=\"twitter:label1\" content=\"Escrito por\" \/>\n\t<meta name=\"twitter:data1\" content=\"Viviana Monrroy\" \/>\n\t<meta name=\"twitter:label2\" content=\"Tiempo de lectura\" \/>\n\t<meta name=\"twitter:data2\" content=\"2 minutos\" \/>\n<script type=\"application\/ld+json\" class=\"yoast-schema-graph\">{\"@context\":\"https:\\\/\\\/schema.org\",\"@graph\":[{\"@type\":\"Article\",\"@id\":\"https:\\\/\\\/www.eldiario.net\\\/portal\\\/2026\\\/04\\\/01\\\/rutas-al-chaco-y-tarija-quedan-cortadas-por-bloqueo-de-transporte-922\\\/#article\",\"isPartOf\":{\"@id\":\"https:\\\/\\\/www.eldiario.net\\\/portal\\\/2026\\\/04\\\/01\\\/rutas-al-chaco-y-tarija-quedan-cortadas-por-bloqueo-de-transporte-922\\\/\"},\"author\":{\"name\":\"Viviana Monrroy\",\"@id\":\"https:\\\/\\\/www.eldiario.net\\\/portal\\\/#\\\/schema\\\/person\\\/ba370d92d160f4d3574381f6d9b78fab\"},\"headline\":\"Rutas al Chaco y Tarija quedan cortadas por bloqueo de transporte (9:22)\",\"datePublished\":\"2026-04-01T13:22:20+00:00\",\"mainEntityOfPage\":{\"@id\":\"https:\\\/\\\/www.eldiario.net\\\/portal\\\/2026\\\/04\\\/01\\\/rutas-al-chaco-y-tarija-quedan-cortadas-por-bloqueo-de-transporte-922\\\/\"},\"wordCount\":201,\"publisher\":{\"@id\":\"https:\\\/\\\/www.eldiario.net\\\/portal\\\/#organization\"},\"image\":{\"@id\":\"https:\\\/\\\/www.eldiario.net\\\/portal\\\/2026\\\/04\\\/01\\\/rutas-al-chaco-y-tarija-quedan-cortadas-por-bloqueo-de-transporte-922\\\/#primaryimage\"},\"thumbnailUrl\":\"https:\\\/\\\/www.eldiario.net\\\/portal\\\/wp-content\\\/uploads\\\/2026\\\/04\\\/tarija-01.04.26-copia.webp\",\"articleSection\":[\"\u00daltima Hora\"],\"inLanguage\":\"es\"},{\"@type\":\"WebPage\",\"@id\":\"https:\\\/\\\/www.eldiario.net\\\/portal\\\/2026\\\/04\\\/01\\\/rutas-al-chaco-y-tarija-quedan-cortadas-por-bloqueo-de-transporte-922\\\/\",\"url\":\"https:\\\/\\\/www.eldiario.net\\\/portal\\\/2026\\\/04\\\/01\\\/rutas-al-chaco-y-tarija-quedan-cortadas-por-bloqueo-de-transporte-922\\\/\",\"name\":\"Rutas al Chaco y Tarija quedan cortadas por bloqueo de transporte (9:22) - El Diario - Bolivia\",\"isPartOf\":{\"@id\":\"https:\\\/\\\/www.eldiario.net\\\/portal\\\/#website\"},\"primaryImageOfPage\":{\"@id\":\"https:\\\/\\\/www.eldiario.net\\\/portal\\\/2026\\\/04\\\/01\\\/rutas-al-chaco-y-tarija-quedan-cortadas-por-bloqueo-de-transporte-922\\\/#primaryimage\"},\"image\":{\"@id\":\"https:\\\/\\\/www.eldiario.net\\\/portal\\\/2026\\\/04\\\/01\\\/rutas-al-chaco-y-tarija-quedan-cortadas-por-bloqueo-de-transporte-922\\\/#primaryimage\"},\"thumbnailUrl\":\"https:\\\/\\\/www.eldiario.net\\\/portal\\\/wp-content\\\/uploads\\\/2026\\\/04\\\/tarija-01.04.26-copia.webp\",\"datePublished\":\"2026-04-01T13:22:20+00:00\",\"breadcrumb\":{\"@id\":\"https:\\\/\\\/www.eldiario.net\\\/portal\\\/2026\\\/04\\\/01\\\/rutas-al-chaco-y-tarija-quedan-cortadas-por-bloqueo-de-transporte-922\\\/#breadcrumb\"},\"inLanguage\":\"es\",\"potentialAction\":[{\"@type\":\"ReadAction\",\"target\":[\"https:\\\/\\\/www.eldiario.net\\\/portal\\\/2026\\\/04\\\/01\\\/rutas-al-chaco-y-tarija-quedan-cortadas-por-bloqueo-de-transporte-922\\\/\"]}]},{\"@type\":\"ImageObject\",\"inLanguage\":\"es\",\"@id\":\"https:\\\/\\\/www.eldiario.net\\\/portal\\\/2026\\\/04\\\/01\\\/rutas-al-chaco-y-tarija-quedan-cortadas-por-bloqueo-de-transporte-922\\\/#primaryimage\",\"url\":\"https:\\\/\\\/www.eldiario.net\\\/portal\\\/wp-content\\\/uploads\\\/2026\\\/04\\\/tarija-01.04.26-copia.webp\",\"contentUrl\":\"https:\\\/\\\/www.eldiario.net\\\/portal\\\/wp-content\\\/uploads\\\/2026\\\/04\\\/tarija-01.04.26-copia.webp\",\"width\":500,\"height\":464,\"caption\":\"Foto: RR.SS.\"},{\"@type\":\"BreadcrumbList\",\"@id\":\"https:\\\/\\\/www.eldiario.net\\\/portal\\\/2026\\\/04\\\/01\\\/rutas-al-chaco-y-tarija-quedan-cortadas-por-bloqueo-de-transporte-922\\\/#breadcrumb\",\"itemListElement\":[{\"@type\":\"ListItem\",\"position\":1,\"name\":\"Portada\",\"item\":\"https:\\\/\\\/www.eldiario.net\\\/portal\\\/\"},{\"@type\":\"ListItem\",\"position\":2,\"name\":\"Rutas al Chaco y Tarija quedan cortadas por bloqueo de transporte (9:22)\"}]},{\"@type\":\"WebSite\",\"@id\":\"https:\\\/\\\/www.eldiario.net\\\/portal\\\/#website\",\"url\":\"https:\\\/\\\/www.eldiario.net\\\/portal\\\/\",\"name\":\"El Diario - Decano de la prensa nacional\",\"description\":\"El Diario - Decano de la prensa nacional\",\"publisher\":{\"@id\":\"https:\\\/\\\/www.eldiario.net\\\/portal\\\/#organization\"},\"potentialAction\":[{\"@type\":\"SearchAction\",\"target\":{\"@type\":\"EntryPoint\",\"urlTemplate\":\"https:\\\/\\\/www.eldiario.net\\\/portal\\\/?s={search_term_string}\"},\"query-input\":{\"@type\":\"PropertyValueSpecification\",\"valueRequired\":true,\"valueName\":\"search_term_string\"}}],\"inLanguage\":\"es\"},{\"@type\":\"Organization\",\"@id\":\"https:\\\/\\\/www.eldiario.net\\\/portal\\\/#organization\",\"name\":\"El Diario - Decano de la prensa nacional\",\"url\":\"https:\\\/\\\/www.eldiario.net\\\/portal\\\/\",\"logo\":{\"@type\":\"ImageObject\",\"inLanguage\":\"es\",\"@id\":\"https:\\\/\\\/www.eldiario.net\\\/portal\\\/#\\\/schema\\\/logo\\\/image\\\/\",\"url\":\"https:\\\/\\\/www.eldiario.net\\\/portal\\\/wp-content\\\/uploads\\\/2023\\\/07\\\/logo_ED.jpg\",\"contentUrl\":\"https:\\\/\\\/www.eldiario.net\\\/portal\\\/wp-content\\\/uploads\\\/2023\\\/07\\\/logo_ED.jpg\",\"width\":272,\"height\":52,\"caption\":\"El Diario - Decano de la prensa nacional\"},\"image\":{\"@id\":\"https:\\\/\\\/www.eldiario.net\\\/portal\\\/#\\\/schema\\\/logo\\\/image\\\/\"},\"sameAs\":[\"https:\\\/\\\/www.facebook.com\\\/eldiario.bolivia\\\/\",\"https:\\\/\\\/x.com\\\/eldiario_net\"]},{\"@type\":\"Person\",\"@id\":\"https:\\\/\\\/www.eldiario.net\\\/portal\\\/#\\\/schema\\\/person\\\/ba370d92d160f4d3574381f6d9b78fab\",\"name\":\"Viviana Monrroy\",\"image\":{\"@type\":\"ImageObject\",\"inLanguage\":\"es\",\"@id\":\"https:\\\/\\\/secure.gravatar.com\\\/avatar\\\/dfd1611ed5600959a0e5a9754503b6c05d1dcf190010998e0363aee2ad98afca?s=96&d=mm&r=g\",\"url\":\"https:\\\/\\\/secure.gravatar.com\\\/avatar\\\/dfd1611ed5600959a0e5a9754503b6c05d1dcf190010998e0363aee2ad98afca?s=96&d=mm&r=g\",\"contentUrl\":\"https:\\\/\\\/secure.gravatar.com\\\/avatar\\\/dfd1611ed5600959a0e5a9754503b6c05d1dcf190010998e0363aee2ad98afca?s=96&d=mm&r=g\",\"caption\":\"Viviana Monrroy\"},\"sameAs\":[\"http:\\\/\\\/www.eldiario.net\"],\"url\":\"https:\\\/\\\/www.eldiario.net\\\/portal\\\/author\\\/vivianamonrroy\\\/\"}]}<\/script>\n<!-- \/ Yoast SEO plugin. -->","yoast_head_json":{"title":"Rutas al Chaco y Tarija quedan cortadas por bloqueo de transporte (9:22) - El Diario - Bolivia","robots":{"index":"index","follow":"follow","max-snippet":"max-snippet:-1","max-image-preview":"max-image-preview:large","max-video-preview":"max-video-preview:-1"},"canonical":"https:\/\/www.eldiario.net\/portal\/2026\/04\/01\/rutas-al-chaco-y-tarija-quedan-cortadas-por-bloqueo-de-transporte-922\/","og_locale":"es_ES","og_type":"article","og_title":"Rutas al Chaco y Tarija quedan cortadas por bloqueo de transporte (9:22) - El Diario - Bolivia","og_description":"El transporte de la provincia O&#8217;Connor, junto a instituciones c\u00edvicas y campesinas de Entre R\u00edos, activ\u00f3 un bloqueo indefinido de carreteras. La extrema medida responde al p\u00e9simo estado de la Red Vial Fundamental, situaci\u00f3n que \u2014seg\u00fan denuncian los movilizados\u2014 ha provocado accidentes fatales y da\u00f1os mec\u00e1nicos constantes en las unidades de transporte. De acuerdo al [&hellip;]","og_url":"https:\/\/www.eldiario.net\/portal\/2026\/04\/01\/rutas-al-chaco-y-tarija-quedan-cortadas-por-bloqueo-de-transporte-922\/","og_site_name":"El Diario - Bolivia","article_publisher":"https:\/\/www.facebook.com\/eldiario.bolivia\/","article_published_time":"2026-04-01T13:22:20+00:00","og_image":[{"width":500,"height":464,"url":"https:\/\/www.eldiario.net\/portal\/wp-content\/uploads\/2026\/04\/tarija-01.04.26-copia.webp","type":"image\/webp"}],"author":"Viviana Monrroy","twitter_card":"summary_large_image","twitter_creator":"@eldiario_net","twitter_site":"@eldiario_net","twitter_misc":{"Escrito por":"Viviana Monrroy","Tiempo de lectura":"2 minutos"},"schema":{"@context":"https:\/\/schema.org","@graph":[{"@type":"Article","@id":"https:\/\/www.eldiario.net\/portal\/2026\/04\/01\/rutas-al-chaco-y-tarija-quedan-cortadas-por-bloqueo-de-transporte-922\/#article","isPartOf":{"@id":"https:\/\/www.eldiario.net\/portal\/2026\/04\/01\/rutas-al-chaco-y-tarija-quedan-cortadas-por-bloqueo-de-transporte-922\/"},"author":{"name":"Viviana Monrroy","@id":"https:\/\/www.eldiario.net\/portal\/#\/schema\/person\/ba370d92d160f4d3574381f6d9b78fab"},"headline":"Rutas al Chaco y Tarija quedan cortadas por bloqueo de transporte (9:22)","datePublished":"2026-04-01T13:22:20+00:00","mainEntityOfPage":{"@id":"https:\/\/www.eldiario.net\/portal\/2026\/04\/01\/rutas-al-chaco-y-tarija-quedan-cortadas-por-bloqueo-de-transporte-922\/"},"wordCount":201,"publisher":{"@id":"https:\/\/www.eldiario.net\/portal\/#organization"},"image":{"@id":"https:\/\/www.eldiario.net\/portal\/2026\/04\/01\/rutas-al-chaco-y-tarija-quedan-cortadas-por-bloqueo-de-transporte-922\/#primaryimage"},"thumbnailUrl":"https:\/\/www.eldiario.net\/portal\/wp-content\/uploads\/2026\/04\/tarija-01.04.26-copia.webp","articleSection":["\u00daltima Hora"],"inLanguage":"es"},{"@type":"WebPage","@id":"https:\/\/www.eldiario.net\/portal\/2026\/04\/01\/rutas-al-chaco-y-tarija-quedan-cortadas-por-bloqueo-de-transporte-922\/","url":"https:\/\/www.eldiario.net\/portal\/2026\/04\/01\/rutas-al-chaco-y-tarija-quedan-cortadas-por-bloqueo-de-transporte-922\/","name":"Rutas al Chaco y Tarija quedan cortadas por bloqueo de transporte (9:22) - El Diario - Bolivia","isPartOf":{"@id":"https:\/\/www.eldiario.net\/portal\/#website"},"primaryImageOfPage":{"@id":"https:\/\/www.eldiario.net\/portal\/2026\/04\/01\/rutas-al-chaco-y-tarija-quedan-cortadas-por-bloqueo-de-transporte-922\/#primaryimage"},"image":{"@id":"https:\/\/www.eldiario.net\/portal\/2026\/04\/01\/rutas-al-chaco-y-tarija-quedan-cortadas-por-bloqueo-de-transporte-922\/#primaryimage"},"thumbnailUrl":"https:\/\/www.eldiario.net\/portal\/wp-content\/uploads\/2026\/04\/tarija-01.04.26-copia.webp","datePublished":"2026-04-01T13:22:20+00:00","breadcrumb":{"@id":"https:\/\/www.eldiario.net\/portal\/2026\/04\/01\/rutas-al-chaco-y-tarija-quedan-cortadas-por-bloqueo-de-transporte-922\/#breadcrumb"},"inLanguage":"es","potentialAction":[{"@type":"ReadAction","target":["https:\/\/www.eldiario.net\/portal\/2026\/04\/01\/rutas-al-chaco-y-tarija-quedan-cortadas-por-bloqueo-de-transporte-922\/"]}]},{"@type":"ImageObject","inLanguage":"es","@id":"https:\/\/www.eldiario.net\/portal\/2026\/04\/01\/rutas-al-chaco-y-tarija-quedan-cortadas-por-bloqueo-de-transporte-922\/#primaryimage","url":"https:\/\/www.eldiario.net\/portal\/wp-content\/uploads\/2026\/04\/tarija-01.04.26-copia.webp","contentUrl":"https:\/\/www.eldiario.net\/portal\/wp-content\/uploads\/2026\/04\/tarija-01.04.26-copia.webp","width":500,"height":464,"caption":"Foto: RR.SS."},{"@type":"BreadcrumbList","@id":"https:\/\/www.eldiario.net\/portal\/2026\/04\/01\/rutas-al-chaco-y-tarija-quedan-cortadas-por-bloqueo-de-transporte-922\/#breadcrumb","itemListElement":[{"@type":"ListItem","position":1,"name":"Portada","item":"https:\/\/www.eldiario.net\/portal\/"},{"@type":"ListItem","position":2,"name":"Rutas al Chaco y Tarija quedan cortadas por bloqueo de transporte (9:22)"}]},{"@type":"WebSite","@id":"https:\/\/www.eldiario.net\/portal\/#website","url":"https:\/\/www.eldiario.net\/portal\/","name":"El Diario - Decano de la prensa nacional","description":"El Diario - Decano de la prensa nacional","publisher":{"@id":"https:\/\/www.eldiario.net\/portal\/#organization"},"potentialAction":[{"@type":"SearchAction","target":{"@type":"EntryPoint","urlTemplate":"https:\/\/www.eldiario.net\/portal\/?s={search_term_string}"},"query-input":{"@type":"PropertyValueSpecification","valueRequired":true,"valueName":"search_term_string"}}],"inLanguage":"es"},{"@type":"Organization","@id":"https:\/\/www.eldiario.net\/portal\/#organization","name":"El Diario - Decano de la prensa nacional","url":"https:\/\/www.eldiario.net\/portal\/","logo":{"@type":"ImageObject","inLanguage":"es","@id":"https:\/\/www.eldiario.net\/portal\/#\/schema\/logo\/image\/","url":"https:\/\/www.eldiario.net\/portal\/wp-content\/uploads\/2023\/07\/logo_ED.jpg","contentUrl":"https:\/\/www.eldiario.net\/portal\/wp-content\/uploads\/2023\/07\/logo_ED.jpg","width":272,"height":52,"caption":"El Diario - Decano de la prensa nacional"},"image":{"@id":"https:\/\/www.eldiario.net\/portal\/#\/schema\/logo\/image\/"},"sameAs":["https:\/\/www.facebook.com\/eldiario.bolivia\/","https:\/\/x.com\/eldiario_net"]},{"@type":"Person","@id":"https:\/\/www.eldiario.net\/portal\/#\/schema\/person\/ba370d92d160f4d3574381f6d9b78fab","name":"Viviana Monrroy","image":{"@type":"ImageObject","inLanguage":"es","@id":"https:\/\/secure.gravatar.com\/avatar\/dfd1611ed5600959a0e5a9754503b6c05d1dcf190010998e0363aee2ad98afca?s=96&d=mm&r=g","url":"https:\/\/secure.gravatar.com\/avatar\/dfd1611ed5600959a0e5a9754503b6c05d1dcf190010998e0363aee2ad98afca?s=96&d=mm&r=g","contentUrl":"https:\/\/secure.gravatar.com\/avatar\/dfd1611ed5600959a0e5a9754503b6c05d1dcf190010998e0363aee2ad98afca?s=96&d=mm&r=g","caption":"Viviana Monrroy"},"sameAs":["http:\/\/www.eldiario.net"],"url":"https:\/\/www.eldiario.net\/portal\/author\/vivianamonrroy\/"}]}},"_links":{"self":[{"href":"https:\/\/www.eldiario.net\/portal\/wp-json\/wp\/v2\/posts\/381450","targetHints":{"allow":["GET"]}}],"collection":[{"href":"https:\/\/www.eldiario.net\/portal\/wp-json\/wp\/v2\/posts"}],"about":[{"href":"https:\/\/www.eldiario.net\/portal\/wp-json\/wp\/v2\/types\/post"}],"author":[{"embeddable":true,"href":"https:\/\/www.eldiario.net\/portal\/wp-json\/wp\/v2\/users\/7"}],"replies":[{"embeddable":true,"href":"https:\/\/www.eldiario.net\/portal\/wp-json\/wp\/v2\/comments?post=381450"}],"version-history":[{"count":1,"href":"https:\/\/www.eldiario.net\/portal\/wp-json\/wp\/v2\/posts\/381450\/revisions"}],"predecessor-version":[{"id":381455,"href":"https:\/\/www.eldiario.net\/portal\/wp-json\/wp\/v2\/posts\/381450\/revisions\/381455"}],"wp:featuredmedia":[{"embeddable":true,"href":"https:\/\/www.eldiario.net\/portal\/wp-json\/wp\/v2\/media\/381453"}],"wp:attachment":[{"href":"https:\/\/www.eldiario.net\/portal\/wp-json\/wp\/v2\/media?parent=381450"}],"wp:term":[{"taxonomy":"category","embeddable":true,"href":"https:\/\/www.eldiario.net\/portal\/wp-json\/wp\/v2\/categories?post=381450"},{"taxonomy":"post_tag","embeddable":true,"href":"https:\/\/www.eldiario.net\/portal\/wp-json\/wp\/v2\/tags?post=381450"}],"curies":[{"name":"wp","href":"https:\/\/api.w.org\/{rel}","templated":true}]}}