{"id":381440,"date":"2026-04-01T06:44:15","date_gmt":"2026-04-01T10:44:15","guid":{"rendered":"https:\/\/www.eldiario.net\/portal\/?p=381440"},"modified":"2026-04-01T06:44:15","modified_gmt":"2026-04-01T10:44:15","slug":"gracias-por-llevarnos-cerca-del-cielo","status":"publish","type":"post","link":"https:\/\/www.eldiario.net\/portal\/2026\/04\/01\/gracias-por-llevarnos-cerca-del-cielo\/","title":{"rendered":"Gracias  por llevarnos cerca del cielo"},"content":{"rendered":"<p>No se pudo. Bolivia pele\u00f3 hasta el \u00faltimo minuto para dar vuelta al partido a Irak, pero qued\u00f3 en derrota por 1 a 2, esta madrugada en Monterrey. La Verde, sin embargo, estuvo cerca de un paso hist\u00f3rico al Mundial, lo cual augura que la pr\u00f3xima ocasi\u00f3n puede conseguir el ansiado logro.<br \/>\nEs dif\u00edcil. Nunca fue un regalo. Luego de mucho tiempo Bolivia se uni\u00f3 para sintonizar el partido del a\u00f1o. Una Selecci\u00f3n Nacional que busc\u00f3 la clasificaci\u00f3n al Mundial en un partido que termin\u00f3 con mucha tristeza, desaz\u00f3n y rabia. No obstante, los jugadores de la Verde merecen el aplauso por el gran logro de quedarnos muy cerca y la esperanza de llegar al Mundial pronto.<\/p>\n<p>EL PARTIDO<br \/>\nEl primer tiempo fue muy disputado en ambos seleccionados. Desde el inicio, la presi\u00f3n alta fue presente para los conjuntos, donde Bolivia supo buscar constantemente la marca fuerte de los iraqu\u00edes.<br \/>\nSin embargo, Irak tuvo a las pelotas paradas como aliada para llegar con m\u00e1s posibilidades al arco de Guillermo Viscarra. A los 8 minutos, Hussein remat\u00f3 en un tiro libre hacia el \u00e1ngulo, pero Viscarra ataj\u00f3 con un espectacular vuelo.<br \/>\nDos minutos despu\u00e9s, un centro de tiro de esquina caus\u00f3 el gol iraqu\u00ed. El cabezazo de Al-Hamadi venci\u00f3 al portero nacional. 0-1, a los 10&#8242;.<br \/>\nTras el gol, Bolivia apunt\u00f3 m\u00e1s a llegar al arco rival. Ramiro Vaca y Miguel Terceros intentaron llegar con remates desde lo lejos, pero sin \u00e9xito.<br \/>\nNo obstante, el sector izquierdo de los iraqu\u00edes fue donde m\u00e1s pudo hacer da\u00f1o Bolivia.<br \/>\nEl juego se torn\u00f3 con m\u00e1s cosas a favor para la Verde, ya que poco a poco la defensa rival se encontr\u00f3 nerviosa.<br \/>\nFue a los 38&#8242;, un remate de Vaca lleg\u00f3 a los pies de Paniagua, qui\u00e9n se acomod\u00f3 y dispar\u00f3 con potencia el empate.<br \/>\nBolivia se levant\u00f3 y lleg\u00f3 con mayor claridad con Vaca y Haquin en jugadas preparadas hasta terminar el primer tiempo.<br \/>\nEn la segunda parte, Irak se fue con todo para lastimar el arco de Viscarra. Pudo conseguir el gol de la ventaja una vez m\u00e1s. Est\u00e1 vez fue por una desatenci\u00f3n en la defensa en un centro de Farji. Hussein conect\u00f3 de cabeza a los 53 para marcar el 1-2.<br \/>\nBolivia supo sufrir, pero se levant\u00f3 con ataques de Matheus, Paniagua y Terceros. Villegas puso a Lucas Macazaga y Fernando Nava para contar con mayor velocidad en ataque, lo cual pudo conseguir algunas jugadas intensas.<\/p>\n<p><strong>\u00abSer\u00e1 la pr\u00f3xima\u00bb<\/strong><\/p>\n<p>La Selecci\u00f3n Boliviana dio la sorpresa en las Eliminatorias, en una realidad derrotista y pesimista conforme a los bajos resultados en los encuentros antes de la victoria en Chile. Bolivia supo creer y \u00d3scar Villegas llev\u00f3 a la Verde a la final de un repechaje hist\u00f3rico, donde todo un pa\u00eds cambi\u00f3 la mentalidad para alegrarse e ilusionarse con un cupo en el Mundial 2026.<br \/>\nCada partido, cada minuto y cada momento tenso, el pa\u00eds vivi\u00f3 una fiesta en uni\u00f3n, ante una complicada realidad econ\u00f3mica. Y Bolivia estuvo en los ojos del mundo, con el apoyo de sus amigos sudamericanos y los mismos mexicanos en el estadio de Monterrey.<br \/>\nPantallas gigantes, reuniones entre amigos, familias enteras sintonizaron las transmisiones para alentar a la Verde, como muy pocas veces, el boliviano toc\u00f3 el cielo, al menos por un momento.<br \/>\nSer\u00e1 para la pr\u00f3xima, la Selecci\u00f3n cuenta con una nueva camada de jugadores con hambre de gloria. Eso s\u00ed, el proyecto debe continuar\u2026gracias la Verde, gracias Villegas, gracias a cada uno de los miembros de la delegaci\u00f3n que nos llenaron de ilusi\u00f3n.<br \/>\nErwin Quispe Perca (periodista)<\/p>\n<p><em>ERWIN QUISPE PERCA<\/em><\/p>\n","protected":false},"excerpt":{"rendered":"<p>No se pudo. Bolivia pele\u00f3 hasta el \u00faltimo minuto para dar vuelta al partido a Irak, pero qued\u00f3 en derrota por 1 a 2, esta madrugada en Monterrey. La Verde, sin embargo, estuvo cerca de un paso hist\u00f3rico al Mundial, lo cual augura que la pr\u00f3xima ocasi\u00f3n puede conseguir el ansiado logro. Es dif\u00edcil. Nunca [&hellip;]<\/p>\n","protected":false},"author":1,"featured_media":381441,"comment_status":"closed","ping_status":"open","sticky":false,"template":"","format":"standard","meta":{"_acf_changed":false,"footnotes":""},"categories":[6],"tags":[],"class_list":["post-381440","post","type-post","status-publish","format-standard","has-post-thumbnail","category-deportes"],"acf":{"antetitulo":""},"yoast_head":"<!-- This site is optimized with the Yoast SEO plugin v28.4 - https:\/\/yoast.com\/product\/yoast-seo-wordpress\/ -->\n<title>Gracias por llevarnos cerca del cielo - El Diario - Bolivia<\/title>\n<meta name=\"robots\" content=\"index, follow, max-snippet:-1, max-image-preview:large, max-video-preview:-1\" \/>\n<link rel=\"canonical\" href=\"https:\/\/www.eldiario.net\/portal\/2026\/04\/01\/gracias-por-llevarnos-cerca-del-cielo\/\" \/>\n<meta property=\"og:locale\" content=\"es_ES\" \/>\n<meta property=\"og:type\" content=\"article\" \/>\n<meta property=\"og:title\" content=\"Gracias por llevarnos cerca del cielo - El Diario - Bolivia\" \/>\n<meta property=\"og:description\" content=\"No se pudo. Bolivia pele\u00f3 hasta el \u00faltimo minuto para dar vuelta al partido a Irak, pero qued\u00f3 en derrota por 1 a 2, esta madrugada en Monterrey. La Verde, sin embargo, estuvo cerca de un paso hist\u00f3rico al Mundial, lo cual augura que la pr\u00f3xima ocasi\u00f3n puede conseguir el ansiado logro. Es dif\u00edcil. Nunca [&hellip;]\" \/>\n<meta property=\"og:url\" content=\"https:\/\/www.eldiario.net\/portal\/2026\/04\/01\/gracias-por-llevarnos-cerca-del-cielo\/\" \/>\n<meta property=\"og:site_name\" content=\"El Diario - Bolivia\" \/>\n<meta property=\"article:publisher\" content=\"https:\/\/www.facebook.com\/eldiario.bolivia\/\" \/>\n<meta property=\"article:published_time\" content=\"2026-04-01T10:44:15+00:00\" \/>\n<meta property=\"og:image\" content=\"https:\/\/www.eldiario.net\/portal\/wp-content\/uploads\/2026\/04\/01.webp\" \/>\n\t<meta property=\"og:image:width\" content=\"1024\" \/>\n\t<meta property=\"og:image:height\" content=\"682\" \/>\n\t<meta property=\"og:image:type\" content=\"image\/webp\" \/>\n<meta name=\"author\" content=\"Jeanette\" \/>\n<meta name=\"twitter:card\" content=\"summary_large_image\" \/>\n<meta name=\"twitter:creator\" content=\"@eldiario_net\" \/>\n<meta name=\"twitter:site\" content=\"@eldiario_net\" \/>\n<meta name=\"twitter:label1\" content=\"Escrito por\" \/>\n\t<meta name=\"twitter:data1\" content=\"Jeanette\" \/>\n\t<meta name=\"twitter:label2\" content=\"Tiempo de lectura\" \/>\n\t<meta name=\"twitter:data2\" content=\"3 minutos\" \/>\n<script type=\"application\/ld+json\" class=\"yoast-schema-graph\">{\"@context\":\"https:\\\/\\\/schema.org\",\"@graph\":[{\"@type\":\"Article\",\"@id\":\"https:\\\/\\\/www.eldiario.net\\\/portal\\\/2026\\\/04\\\/01\\\/gracias-por-llevarnos-cerca-del-cielo\\\/#article\",\"isPartOf\":{\"@id\":\"https:\\\/\\\/www.eldiario.net\\\/portal\\\/2026\\\/04\\\/01\\\/gracias-por-llevarnos-cerca-del-cielo\\\/\"},\"author\":{\"name\":\"Jeanette\",\"@id\":\"https:\\\/\\\/www.eldiario.net\\\/portal\\\/#\\\/schema\\\/person\\\/f46445640444750d7d753ccd04ae01b7\"},\"headline\":\"Gracias por llevarnos cerca del cielo\",\"datePublished\":\"2026-04-01T10:44:15+00:00\",\"mainEntityOfPage\":{\"@id\":\"https:\\\/\\\/www.eldiario.net\\\/portal\\\/2026\\\/04\\\/01\\\/gracias-por-llevarnos-cerca-del-cielo\\\/\"},\"wordCount\":627,\"publisher\":{\"@id\":\"https:\\\/\\\/www.eldiario.net\\\/portal\\\/#organization\"},\"image\":{\"@id\":\"https:\\\/\\\/www.eldiario.net\\\/portal\\\/2026\\\/04\\\/01\\\/gracias-por-llevarnos-cerca-del-cielo\\\/#primaryimage\"},\"thumbnailUrl\":\"https:\\\/\\\/www.eldiario.net\\\/portal\\\/wp-content\\\/uploads\\\/2026\\\/04\\\/01.webp\",\"articleSection\":[\"Deportes\"],\"inLanguage\":\"es\"},{\"@type\":\"WebPage\",\"@id\":\"https:\\\/\\\/www.eldiario.net\\\/portal\\\/2026\\\/04\\\/01\\\/gracias-por-llevarnos-cerca-del-cielo\\\/\",\"url\":\"https:\\\/\\\/www.eldiario.net\\\/portal\\\/2026\\\/04\\\/01\\\/gracias-por-llevarnos-cerca-del-cielo\\\/\",\"name\":\"Gracias por llevarnos cerca del cielo - El Diario - Bolivia\",\"isPartOf\":{\"@id\":\"https:\\\/\\\/www.eldiario.net\\\/portal\\\/#website\"},\"primaryImageOfPage\":{\"@id\":\"https:\\\/\\\/www.eldiario.net\\\/portal\\\/2026\\\/04\\\/01\\\/gracias-por-llevarnos-cerca-del-cielo\\\/#primaryimage\"},\"image\":{\"@id\":\"https:\\\/\\\/www.eldiario.net\\\/portal\\\/2026\\\/04\\\/01\\\/gracias-por-llevarnos-cerca-del-cielo\\\/#primaryimage\"},\"thumbnailUrl\":\"https:\\\/\\\/www.eldiario.net\\\/portal\\\/wp-content\\\/uploads\\\/2026\\\/04\\\/01.webp\",\"datePublished\":\"2026-04-01T10:44:15+00:00\",\"breadcrumb\":{\"@id\":\"https:\\\/\\\/www.eldiario.net\\\/portal\\\/2026\\\/04\\\/01\\\/gracias-por-llevarnos-cerca-del-cielo\\\/#breadcrumb\"},\"inLanguage\":\"es\",\"potentialAction\":[{\"@type\":\"ReadAction\",\"target\":[\"https:\\\/\\\/www.eldiario.net\\\/portal\\\/2026\\\/04\\\/01\\\/gracias-por-llevarnos-cerca-del-cielo\\\/\"]}]},{\"@type\":\"ImageObject\",\"inLanguage\":\"es\",\"@id\":\"https:\\\/\\\/www.eldiario.net\\\/portal\\\/2026\\\/04\\\/01\\\/gracias-por-llevarnos-cerca-del-cielo\\\/#primaryimage\",\"url\":\"https:\\\/\\\/www.eldiario.net\\\/portal\\\/wp-content\\\/uploads\\\/2026\\\/04\\\/01.webp\",\"contentUrl\":\"https:\\\/\\\/www.eldiario.net\\\/portal\\\/wp-content\\\/uploads\\\/2026\\\/04\\\/01.webp\",\"width\":1024,\"height\":682},{\"@type\":\"BreadcrumbList\",\"@id\":\"https:\\\/\\\/www.eldiario.net\\\/portal\\\/2026\\\/04\\\/01\\\/gracias-por-llevarnos-cerca-del-cielo\\\/#breadcrumb\",\"itemListElement\":[{\"@type\":\"ListItem\",\"position\":1,\"name\":\"Portada\",\"item\":\"https:\\\/\\\/www.eldiario.net\\\/portal\\\/\"},{\"@type\":\"ListItem\",\"position\":2,\"name\":\"Gracias por llevarnos cerca del cielo\"}]},{\"@type\":\"WebSite\",\"@id\":\"https:\\\/\\\/www.eldiario.net\\\/portal\\\/#website\",\"url\":\"https:\\\/\\\/www.eldiario.net\\\/portal\\\/\",\"name\":\"El Diario - Decano de la prensa nacional\",\"description\":\"El Diario - Decano de la prensa nacional\",\"publisher\":{\"@id\":\"https:\\\/\\\/www.eldiario.net\\\/portal\\\/#organization\"},\"potentialAction\":[{\"@type\":\"SearchAction\",\"target\":{\"@type\":\"EntryPoint\",\"urlTemplate\":\"https:\\\/\\\/www.eldiario.net\\\/portal\\\/?s={search_term_string}\"},\"query-input\":{\"@type\":\"PropertyValueSpecification\",\"valueRequired\":true,\"valueName\":\"search_term_string\"}}],\"inLanguage\":\"es\"},{\"@type\":\"Organization\",\"@id\":\"https:\\\/\\\/www.eldiario.net\\\/portal\\\/#organization\",\"name\":\"El Diario - Decano de la prensa nacional\",\"url\":\"https:\\\/\\\/www.eldiario.net\\\/portal\\\/\",\"logo\":{\"@type\":\"ImageObject\",\"inLanguage\":\"es\",\"@id\":\"https:\\\/\\\/www.eldiario.net\\\/portal\\\/#\\\/schema\\\/logo\\\/image\\\/\",\"url\":\"https:\\\/\\\/www.eldiario.net\\\/portal\\\/wp-content\\\/uploads\\\/2023\\\/07\\\/logo_ED.jpg\",\"contentUrl\":\"https:\\\/\\\/www.eldiario.net\\\/portal\\\/wp-content\\\/uploads\\\/2023\\\/07\\\/logo_ED.jpg\",\"width\":272,\"height\":52,\"caption\":\"El Diario - Decano de la prensa nacional\"},\"image\":{\"@id\":\"https:\\\/\\\/www.eldiario.net\\\/portal\\\/#\\\/schema\\\/logo\\\/image\\\/\"},\"sameAs\":[\"https:\\\/\\\/www.facebook.com\\\/eldiario.bolivia\\\/\",\"https:\\\/\\\/x.com\\\/eldiario_net\"]},{\"@type\":\"Person\",\"@id\":\"https:\\\/\\\/www.eldiario.net\\\/portal\\\/#\\\/schema\\\/person\\\/f46445640444750d7d753ccd04ae01b7\",\"name\":\"Jeanette\",\"image\":{\"@type\":\"ImageObject\",\"inLanguage\":\"es\",\"@id\":\"https:\\\/\\\/secure.gravatar.com\\\/avatar\\\/3ea2118a5f7dad2b7138b1187a6b7ee55f160b9968b66013c3a3ef39dd7e5798?s=96&d=mm&r=g\",\"url\":\"https:\\\/\\\/secure.gravatar.com\\\/avatar\\\/3ea2118a5f7dad2b7138b1187a6b7ee55f160b9968b66013c3a3ef39dd7e5798?s=96&d=mm&r=g\",\"contentUrl\":\"https:\\\/\\\/secure.gravatar.com\\\/avatar\\\/3ea2118a5f7dad2b7138b1187a6b7ee55f160b9968b66013c3a3ef39dd7e5798?s=96&d=mm&r=g\",\"caption\":\"Jeanette\"},\"sameAs\":[\"https:\\\/\\\/www.eldiario.net\\\/portal\"],\"url\":\"https:\\\/\\\/www.eldiario.net\\\/portal\\\/author\\\/jeanette\\\/\"}]}<\/script>\n<!-- \/ Yoast SEO plugin. -->","yoast_head_json":{"title":"Gracias por llevarnos cerca del cielo - El Diario - Bolivia","robots":{"index":"index","follow":"follow","max-snippet":"max-snippet:-1","max-image-preview":"max-image-preview:large","max-video-preview":"max-video-preview:-1"},"canonical":"https:\/\/www.eldiario.net\/portal\/2026\/04\/01\/gracias-por-llevarnos-cerca-del-cielo\/","og_locale":"es_ES","og_type":"article","og_title":"Gracias por llevarnos cerca del cielo - El Diario - Bolivia","og_description":"No se pudo. Bolivia pele\u00f3 hasta el \u00faltimo minuto para dar vuelta al partido a Irak, pero qued\u00f3 en derrota por 1 a 2, esta madrugada en Monterrey. La Verde, sin embargo, estuvo cerca de un paso hist\u00f3rico al Mundial, lo cual augura que la pr\u00f3xima ocasi\u00f3n puede conseguir el ansiado logro. Es dif\u00edcil. Nunca [&hellip;]","og_url":"https:\/\/www.eldiario.net\/portal\/2026\/04\/01\/gracias-por-llevarnos-cerca-del-cielo\/","og_site_name":"El Diario - Bolivia","article_publisher":"https:\/\/www.facebook.com\/eldiario.bolivia\/","article_published_time":"2026-04-01T10:44:15+00:00","og_image":[{"width":1024,"height":682,"url":"https:\/\/www.eldiario.net\/portal\/wp-content\/uploads\/2026\/04\/01.webp","type":"image\/webp"}],"author":"Jeanette","twitter_card":"summary_large_image","twitter_creator":"@eldiario_net","twitter_site":"@eldiario_net","twitter_misc":{"Escrito por":"Jeanette","Tiempo de lectura":"3 minutos"},"schema":{"@context":"https:\/\/schema.org","@graph":[{"@type":"Article","@id":"https:\/\/www.eldiario.net\/portal\/2026\/04\/01\/gracias-por-llevarnos-cerca-del-cielo\/#article","isPartOf":{"@id":"https:\/\/www.eldiario.net\/portal\/2026\/04\/01\/gracias-por-llevarnos-cerca-del-cielo\/"},"author":{"name":"Jeanette","@id":"https:\/\/www.eldiario.net\/portal\/#\/schema\/person\/f46445640444750d7d753ccd04ae01b7"},"headline":"Gracias por llevarnos cerca del cielo","datePublished":"2026-04-01T10:44:15+00:00","mainEntityOfPage":{"@id":"https:\/\/www.eldiario.net\/portal\/2026\/04\/01\/gracias-por-llevarnos-cerca-del-cielo\/"},"wordCount":627,"publisher":{"@id":"https:\/\/www.eldiario.net\/portal\/#organization"},"image":{"@id":"https:\/\/www.eldiario.net\/portal\/2026\/04\/01\/gracias-por-llevarnos-cerca-del-cielo\/#primaryimage"},"thumbnailUrl":"https:\/\/www.eldiario.net\/portal\/wp-content\/uploads\/2026\/04\/01.webp","articleSection":["Deportes"],"inLanguage":"es"},{"@type":"WebPage","@id":"https:\/\/www.eldiario.net\/portal\/2026\/04\/01\/gracias-por-llevarnos-cerca-del-cielo\/","url":"https:\/\/www.eldiario.net\/portal\/2026\/04\/01\/gracias-por-llevarnos-cerca-del-cielo\/","name":"Gracias por llevarnos cerca del cielo - El Diario - Bolivia","isPartOf":{"@id":"https:\/\/www.eldiario.net\/portal\/#website"},"primaryImageOfPage":{"@id":"https:\/\/www.eldiario.net\/portal\/2026\/04\/01\/gracias-por-llevarnos-cerca-del-cielo\/#primaryimage"},"image":{"@id":"https:\/\/www.eldiario.net\/portal\/2026\/04\/01\/gracias-por-llevarnos-cerca-del-cielo\/#primaryimage"},"thumbnailUrl":"https:\/\/www.eldiario.net\/portal\/wp-content\/uploads\/2026\/04\/01.webp","datePublished":"2026-04-01T10:44:15+00:00","breadcrumb":{"@id":"https:\/\/www.eldiario.net\/portal\/2026\/04\/01\/gracias-por-llevarnos-cerca-del-cielo\/#breadcrumb"},"inLanguage":"es","potentialAction":[{"@type":"ReadAction","target":["https:\/\/www.eldiario.net\/portal\/2026\/04\/01\/gracias-por-llevarnos-cerca-del-cielo\/"]}]},{"@type":"ImageObject","inLanguage":"es","@id":"https:\/\/www.eldiario.net\/portal\/2026\/04\/01\/gracias-por-llevarnos-cerca-del-cielo\/#primaryimage","url":"https:\/\/www.eldiario.net\/portal\/wp-content\/uploads\/2026\/04\/01.webp","contentUrl":"https:\/\/www.eldiario.net\/portal\/wp-content\/uploads\/2026\/04\/01.webp","width":1024,"height":682},{"@type":"BreadcrumbList","@id":"https:\/\/www.eldiario.net\/portal\/2026\/04\/01\/gracias-por-llevarnos-cerca-del-cielo\/#breadcrumb","itemListElement":[{"@type":"ListItem","position":1,"name":"Portada","item":"https:\/\/www.eldiario.net\/portal\/"},{"@type":"ListItem","position":2,"name":"Gracias por llevarnos cerca del cielo"}]},{"@type":"WebSite","@id":"https:\/\/www.eldiario.net\/portal\/#website","url":"https:\/\/www.eldiario.net\/portal\/","name":"El Diario - Decano de la prensa nacional","description":"El Diario - Decano de la prensa nacional","publisher":{"@id":"https:\/\/www.eldiario.net\/portal\/#organization"},"potentialAction":[{"@type":"SearchAction","target":{"@type":"EntryPoint","urlTemplate":"https:\/\/www.eldiario.net\/portal\/?s={search_term_string}"},"query-input":{"@type":"PropertyValueSpecification","valueRequired":true,"valueName":"search_term_string"}}],"inLanguage":"es"},{"@type":"Organization","@id":"https:\/\/www.eldiario.net\/portal\/#organization","name":"El Diario - Decano de la prensa nacional","url":"https:\/\/www.eldiario.net\/portal\/","logo":{"@type":"ImageObject","inLanguage":"es","@id":"https:\/\/www.eldiario.net\/portal\/#\/schema\/logo\/image\/","url":"https:\/\/www.eldiario.net\/portal\/wp-content\/uploads\/2023\/07\/logo_ED.jpg","contentUrl":"https:\/\/www.eldiario.net\/portal\/wp-content\/uploads\/2023\/07\/logo_ED.jpg","width":272,"height":52,"caption":"El Diario - Decano de la prensa nacional"},"image":{"@id":"https:\/\/www.eldiario.net\/portal\/#\/schema\/logo\/image\/"},"sameAs":["https:\/\/www.facebook.com\/eldiario.bolivia\/","https:\/\/x.com\/eldiario_net"]},{"@type":"Person","@id":"https:\/\/www.eldiario.net\/portal\/#\/schema\/person\/f46445640444750d7d753ccd04ae01b7","name":"Jeanette","image":{"@type":"ImageObject","inLanguage":"es","@id":"https:\/\/secure.gravatar.com\/avatar\/3ea2118a5f7dad2b7138b1187a6b7ee55f160b9968b66013c3a3ef39dd7e5798?s=96&d=mm&r=g","url":"https:\/\/secure.gravatar.com\/avatar\/3ea2118a5f7dad2b7138b1187a6b7ee55f160b9968b66013c3a3ef39dd7e5798?s=96&d=mm&r=g","contentUrl":"https:\/\/secure.gravatar.com\/avatar\/3ea2118a5f7dad2b7138b1187a6b7ee55f160b9968b66013c3a3ef39dd7e5798?s=96&d=mm&r=g","caption":"Jeanette"},"sameAs":["https:\/\/www.eldiario.net\/portal"],"url":"https:\/\/www.eldiario.net\/portal\/author\/jeanette\/"}]}},"_links":{"self":[{"href":"https:\/\/www.eldiario.net\/portal\/wp-json\/wp\/v2\/posts\/381440","targetHints":{"allow":["GET"]}}],"collection":[{"href":"https:\/\/www.eldiario.net\/portal\/wp-json\/wp\/v2\/posts"}],"about":[{"href":"https:\/\/www.eldiario.net\/portal\/wp-json\/wp\/v2\/types\/post"}],"author":[{"embeddable":true,"href":"https:\/\/www.eldiario.net\/portal\/wp-json\/wp\/v2\/users\/1"}],"replies":[{"embeddable":true,"href":"https:\/\/www.eldiario.net\/portal\/wp-json\/wp\/v2\/comments?post=381440"}],"version-history":[{"count":1,"href":"https:\/\/www.eldiario.net\/portal\/wp-json\/wp\/v2\/posts\/381440\/revisions"}],"predecessor-version":[{"id":381442,"href":"https:\/\/www.eldiario.net\/portal\/wp-json\/wp\/v2\/posts\/381440\/revisions\/381442"}],"wp:featuredmedia":[{"embeddable":true,"href":"https:\/\/www.eldiario.net\/portal\/wp-json\/wp\/v2\/media\/381441"}],"wp:attachment":[{"href":"https:\/\/www.eldiario.net\/portal\/wp-json\/wp\/v2\/media?parent=381440"}],"wp:term":[{"taxonomy":"category","embeddable":true,"href":"https:\/\/www.eldiario.net\/portal\/wp-json\/wp\/v2\/categories?post=381440"},{"taxonomy":"post_tag","embeddable":true,"href":"https:\/\/www.eldiario.net\/portal\/wp-json\/wp\/v2\/tags?post=381440"}],"curies":[{"name":"wp","href":"https:\/\/api.w.org\/{rel}","templated":true}]}}